{"id":2460,"date":"2024-06-18T23:57:13","date_gmt":"2024-06-18T23:57:13","guid":{"rendered":"https:\/\/lavocedelpaese.info\/?p=2460"},"modified":"2024-06-18T23:57:15","modified_gmt":"2024-06-18T23:57:15","slug":"medimex-taranto-2024-un-festival-di-musica-e-creativita","status":"publish","type":"post","link":"https:\/\/lavocedelpaese.info\/index.php\/2024\/06\/18\/medimex-taranto-2024-un-festival-di-musica-e-creativita\/","title":{"rendered":"Medimex Taranto 2024: un festival di musica e creativit\u00e0"},"content":{"rendered":"\n<p>Dal 19 al 23 giugno, Taranto ospiter\u00e0 il Medimex Taranto, un festival internazionale di musica che combina eventi live, workshop e talk. Giunto alla sua 14esima edizione, il Medimex si propone come punto di riferimento nel panorama musicale italiano e internazionale, attirando artisti e appassionati. L&#8217;evento \u00e8 organizzato da Puglia Sounds, un programma regionale per lo sviluppo del sistema musicale locale, e prevede attivit\u00e0 in diverse localit\u00e0 pugliesi. Il programma variegato include sezioni dedicate alla formazione professionale, talk con artisti, showcase, presentazioni di libri, mostre e proiezioni di film. Il Medimex Taranto rappresenta un&#8217;importante occasione per promuovere la cultura e l&#8217;industria musicale in Puglia, offrendo un&#8217;esperienza ricca di creativit\u00e0 e innovazione.<\/p>\n\n\n\n<p>Il Medimex Taranto \u00e8 un evento che rafforza l&#8217;identit\u00e0 culturale e politica della Puglia. Politicamente, il festival rappresenta un successo per le autorit\u00e0 locali e regionali, che hanno investito nella cultura come strumento di sviluppo e coesione sociale. La capacit\u00e0 di attrarre eventi di tale portata pu\u00f2 essere utilizzata come esempio di buona governance e di visione strategica nella promozione del territorio. Il supporto a iniziative come il Medimex dimostra l&#8217;impegno delle istituzioni nel valorizzare le risorse locali e nell&#8217;integrare la cultura nelle politiche di sviluppo regionale. Questo pu\u00f2 tradursi in una maggiore legittimazione politica per i governi locali, rafforzando il loro ruolo come promotori di iniziative culturali e artistiche.<\/p>\n\n\n\n<p>Dal punto di vista economico, il Medimex Taranto ha un impatto significativo sul turismo e sull&#8217;economia locale. L&#8217;afflusso di visitatori, artisti e professionisti della musica stimola l&#8217;industria dell&#8217;ospitalit\u00e0, incluse strutture ricettive, ristoranti e servizi turistici. Inoltre, il festival crea opportunit\u00e0 per le imprese locali di entrare in contatto con un pubblico internazionale, promuovendo prodotti e servizi. La presenza di workshop e conferenze professionali pu\u00f2 anche favorire lo sviluppo di competenze locali e l&#8217;innovazione nel settore musicale, potenziando l&#8217;industria culturale regionale. L&#8217;incremento dell&#8217;attrattivit\u00e0 turistica durante l&#8217;evento pu\u00f2 portare a un aumento delle entrate fiscali per le amministrazioni locali, fornendo ulteriori risorse per il miglioramento delle infrastrutture e dei servizi pubblici.<\/p>\n\n\n\n<p>Socialmente, il Medimex Taranto promuove la partecipazione comunitaria e l&#8217;inclusione culturale. Gli eventi gratuiti e accessibili a tutti favoriscono la diffusione della cultura musicale e l&#8217;integrazione sociale. La possibilit\u00e0 di partecipare a workshop, talk e concerti offre ai giovani e ai cittadini l&#8217;opportunit\u00e0 di avvicinarsi alla musica, di apprendere nuove competenze e di vivere esperienze culturali arricchenti. Inoltre, il festival pu\u00f2 contribuire a rafforzare il senso di comunit\u00e0 e di appartenenza, promuovendo il dialogo interculturale e l&#8217;inclusione sociale. La presenza di artisti internazionali e di eventi di alto profilo pu\u00f2 anche contribuire a cambiare la percezione di Taranto e della Puglia, mostrando una regione dinamica, creativa e aperta al mondo.<\/p>\n\n\n\n<p>Il Medimex Taranto rappresenta un&#8217;importante piattaforma per la promozione della cultura e della creativit\u00e0. La variet\u00e0 del programma, che include musica, arte, letteratura e cinema, offre un panorama completo della scena culturale contemporanea. L&#8217;evento contribuisce a stimolare la produzione artistica locale, offrendo agli artisti pugliesi l&#8217;opportunit\u00e0 di esibirsi e di confrontarsi con colleghi internazionali. Inoltre, i workshop e i talk forniscono spazi di riflessione e di scambio di idee, promuovendo l&#8217;innovazione e lo sviluppo di nuove tendenze nel settore musicale. Il festival, quindi, non solo valorizza il patrimonio culturale della regione, ma contribuisce anche a costruire un futuro creativo e sostenibile.<\/p>\n\n\n\n<p>Organizzare un grande evento come il Medimex comporta anche delle sfide in termini di sostenibilit\u00e0 ambientale. \u00c8 essenziale che gli organizzatori adottino pratiche sostenibili per minimizzare l&#8217;impatto ambientale dell&#8217;evento. Questo pu\u00f2 includere l&#8217;uso di materiali riciclabili, la gestione efficiente dei rifiuti, l&#8217;uso di energie rinnovabili e la promozione di mezzi di trasporto sostenibili per i partecipanti. La sostenibilit\u00e0 pu\u00f2 diventare un tema centrale del festival, sensibilizzando il pubblico sui temi ambientali e promuovendo comportamenti eco-compatibili. Un approccio responsabile alla gestione dell&#8217;evento pu\u00f2 anche migliorare l&#8217;immagine del Medimex e attrarre un pubblico attento alle questioni ambientali.<\/p>\n\n\n\n<p>Il Medimex Taranto offre una straordinaria opportunit\u00e0 per valorizzare il territorio pugliese. La scelta di Taranto come sede principale del festival mette in luce le bellezze e le potenzialit\u00e0 della citt\u00e0 e della regione. Gli eventi organizzati in diverse localit\u00e0 pugliesi permettono di scoprire i borghi e le attrazioni naturali della regione, promuovendo un turismo culturale e sostenibile. La valorizzazione del territorio attraverso il Medimex pu\u00f2 portare a una maggiore consapevolezza delle risorse locali e alla promozione di un&#8217;immagine positiva e attrattiva della Puglia a livello nazionale e internazionale.<\/p>\n\n\n\n<p>Il Medimex Taranto 2024 \u00e8 un evento di grande importanza che ha implicazioni politiche, economiche e sociali significative. Politicamente, rafforza l&#8217;identit\u00e0 culturale della Puglia e legittima l&#8217;azione delle autorit\u00e0 locali. Economicamente, stimola il turismo e l&#8217;industria culturale, creando opportunit\u00e0 di crescita e sviluppo. Socialmente, promuove la partecipazione comunitaria e l&#8217;inclusione culturale, valorizzando il patrimonio artistico della regione. Inoltre, l&#8217;evento contribuisce alla promozione della cultura e della creativit\u00e0, stimolando l&#8217;innovazione e lo sviluppo di nuove tendenze. La sostenibilit\u00e0 ambientale e la valorizzazione del territorio sono aspetti cruciali che devono essere gestiti con attenzione per garantire un impatto positivo e duraturo. Il Medimex Taranto rappresenta quindi un&#8217;opportunit\u00e0 unica per la Puglia di mostrare il suo dinamismo e la sua capacit\u00e0 di attrarre e organizzare eventi di alto profilo, contribuendo alla crescita e al benessere della regione.<\/p>\n","protected":false},"excerpt":{"rendered":"<p>Dal 19 al 23 giugno, Taranto ospiter\u00e0 il Medimex Taranto, un festival internazionale di musica che combina eventi live, workshop<\/p>\n","protected":false},"author":6,"featured_media":2461,"comment_status":"open","ping_status":"closed","sticky":false,"template":"","format":"standard","meta":{"colormag_page_container_layout":"default_layout","colormag_page_sidebar_layout":"default_layout","footnotes":""},"categories":[6],"tags":[],"class_list":["post-2460","post","type-post","status-publish","format-standard","has-post-thumbnail","hentry","category-eventi"],"yoast_head":"<!-- This site is optimized with the Yoast SEO plugin v27.5 - https:\/\/yoast.com\/product\/yoast-seo-wordpress\/ -->\n<title>Medimex Taranto 2024: un festival di musica e creativit\u00e0 - La Voce del Paese<\/title>\n<meta name=\"robots\" content=\"index, follow, max-snippet:-1, max-image-preview:large, max-video-preview:-1\" \/>\n<link rel=\"canonical\" href=\"https:\/\/lavocedelpaese.info\/index.php\/2024\/06\/18\/medimex-taranto-2024-un-festival-di-musica-e-creativita\/\" \/>\n<meta property=\"og:locale\" content=\"it_IT\" \/>\n<meta property=\"og:type\" content=\"article\" \/>\n<meta property=\"og:title\" content=\"Medimex Taranto 2024: un festival di musica e creativit\u00e0 - La Voce del Paese\" \/>\n<meta property=\"og:description\" content=\"Dal 19 al 23 giugno, Taranto ospiter\u00e0 il Medimex Taranto, un festival internazionale di musica che combina eventi live, workshop\" \/>\n<meta property=\"og:url\" content=\"https:\/\/lavocedelpaese.info\/index.php\/2024\/06\/18\/medimex-taranto-2024-un-festival-di-musica-e-creativita\/\" \/>\n<meta property=\"og:site_name\" content=\"La Voce del Paese\" \/>\n<meta property=\"article:publisher\" content=\"https:\/\/www.facebook.com\/lavocedelpaese.info\" \/>\n<meta property=\"article:published_time\" content=\"2024-06-18T23:57:13+00:00\" \/>\n<meta property=\"article:modified_time\" content=\"2024-06-18T23:57:15+00:00\" \/>\n<meta property=\"og:image\" content=\"https:\/\/lavocedelpaese.info\/wp-content\/uploads\/2024\/06\/medimex-taranto-2024.jpg\" \/>\n\t<meta property=\"og:image:width\" content=\"1000\" \/>\n\t<meta property=\"og:image:height\" content=\"750\" \/>\n\t<meta property=\"og:image:type\" content=\"image\/jpeg\" \/>\n<meta name=\"author\" content=\"admin\" \/>\n<meta name=\"twitter:card\" content=\"summary_large_image\" \/>\n<meta name=\"twitter:label1\" content=\"Scritto da\" \/>\n\t<meta name=\"twitter:data1\" content=\"admin\" \/>\n\t<meta name=\"twitter:label2\" content=\"Tempo di lettura stimato\" \/>\n\t<meta name=\"twitter:data2\" content=\"5 minuti\" \/>\n<script type=\"application\/ld+json\" class=\"yoast-schema-graph\">{\"@context\":\"https:\\\/\\\/schema.org\",\"@graph\":[{\"@type\":\"Article\",\"@id\":\"https:\\\/\\\/lavocedelpaese.info\\\/index.php\\\/2024\\\/06\\\/18\\\/medimex-taranto-2024-un-festival-di-musica-e-creativita\\\/#article\",\"isPartOf\":{\"@id\":\"https:\\\/\\\/lavocedelpaese.info\\\/index.php\\\/2024\\\/06\\\/18\\\/medimex-taranto-2024-un-festival-di-musica-e-creativita\\\/\"},\"author\":{\"name\":\"admin\",\"@id\":\"https:\\\/\\\/lavocedelpaese.info\\\/#\\\/schema\\\/person\\\/ec151d321306bd7591f7a061abf72d88\"},\"headline\":\"Medimex Taranto 2024: un festival di musica e creativit\u00e0\",\"datePublished\":\"2024-06-18T23:57:13+00:00\",\"dateModified\":\"2024-06-18T23:57:15+00:00\",\"mainEntityOfPage\":{\"@id\":\"https:\\\/\\\/lavocedelpaese.info\\\/index.php\\\/2024\\\/06\\\/18\\\/medimex-taranto-2024-un-festival-di-musica-e-creativita\\\/\"},\"wordCount\":898,\"commentCount\":0,\"publisher\":{\"@id\":\"https:\\\/\\\/lavocedelpaese.info\\\/#organization\"},\"image\":{\"@id\":\"https:\\\/\\\/lavocedelpaese.info\\\/index.php\\\/2024\\\/06\\\/18\\\/medimex-taranto-2024-un-festival-di-musica-e-creativita\\\/#primaryimage\"},\"thumbnailUrl\":\"https:\\\/\\\/lavocedelpaese.info\\\/wp-content\\\/uploads\\\/2024\\\/06\\\/medimex-taranto-2024.jpg\",\"articleSection\":[\"Eventi\"],\"inLanguage\":\"it-IT\",\"potentialAction\":[{\"@type\":\"CommentAction\",\"name\":\"Comment\",\"target\":[\"https:\\\/\\\/lavocedelpaese.info\\\/index.php\\\/2024\\\/06\\\/18\\\/medimex-taranto-2024-un-festival-di-musica-e-creativita\\\/#respond\"]}]},{\"@type\":\"WebPage\",\"@id\":\"https:\\\/\\\/lavocedelpaese.info\\\/index.php\\\/2024\\\/06\\\/18\\\/medimex-taranto-2024-un-festival-di-musica-e-creativita\\\/\",\"url\":\"https:\\\/\\\/lavocedelpaese.info\\\/index.php\\\/2024\\\/06\\\/18\\\/medimex-taranto-2024-un-festival-di-musica-e-creativita\\\/\",\"name\":\"Medimex Taranto 2024: un festival di musica e creativit\u00e0 - La Voce del Paese\",\"isPartOf\":{\"@id\":\"https:\\\/\\\/lavocedelpaese.info\\\/#website\"},\"primaryImageOfPage\":{\"@id\":\"https:\\\/\\\/lavocedelpaese.info\\\/index.php\\\/2024\\\/06\\\/18\\\/medimex-taranto-2024-un-festival-di-musica-e-creativita\\\/#primaryimage\"},\"image\":{\"@id\":\"https:\\\/\\\/lavocedelpaese.info\\\/index.php\\\/2024\\\/06\\\/18\\\/medimex-taranto-2024-un-festival-di-musica-e-creativita\\\/#primaryimage\"},\"thumbnailUrl\":\"https:\\\/\\\/lavocedelpaese.info\\\/wp-content\\\/uploads\\\/2024\\\/06\\\/medimex-taranto-2024.jpg\",\"datePublished\":\"2024-06-18T23:57:13+00:00\",\"dateModified\":\"2024-06-18T23:57:15+00:00\",\"breadcrumb\":{\"@id\":\"https:\\\/\\\/lavocedelpaese.info\\\/index.php\\\/2024\\\/06\\\/18\\\/medimex-taranto-2024-un-festival-di-musica-e-creativita\\\/#breadcrumb\"},\"inLanguage\":\"it-IT\",\"potentialAction\":[{\"@type\":\"ReadAction\",\"target\":[\"https:\\\/\\\/lavocedelpaese.info\\\/index.php\\\/2024\\\/06\\\/18\\\/medimex-taranto-2024-un-festival-di-musica-e-creativita\\\/\"]}]},{\"@type\":\"ImageObject\",\"inLanguage\":\"it-IT\",\"@id\":\"https:\\\/\\\/lavocedelpaese.info\\\/index.php\\\/2024\\\/06\\\/18\\\/medimex-taranto-2024-un-festival-di-musica-e-creativita\\\/#primaryimage\",\"url\":\"https:\\\/\\\/lavocedelpaese.info\\\/wp-content\\\/uploads\\\/2024\\\/06\\\/medimex-taranto-2024.jpg\",\"contentUrl\":\"https:\\\/\\\/lavocedelpaese.info\\\/wp-content\\\/uploads\\\/2024\\\/06\\\/medimex-taranto-2024.jpg\",\"width\":1000,\"height\":750},{\"@type\":\"BreadcrumbList\",\"@id\":\"https:\\\/\\\/lavocedelpaese.info\\\/index.php\\\/2024\\\/06\\\/18\\\/medimex-taranto-2024-un-festival-di-musica-e-creativita\\\/#breadcrumb\",\"itemListElement\":[{\"@type\":\"ListItem\",\"position\":1,\"name\":\"Home\",\"item\":\"https:\\\/\\\/lavocedelpaese.info\\\/\"},{\"@type\":\"ListItem\",\"position\":2,\"name\":\"Medimex Taranto 2024: un festival di musica e creativit\u00e0\"}]},{\"@type\":\"WebSite\",\"@id\":\"https:\\\/\\\/lavocedelpaese.info\\\/#website\",\"url\":\"https:\\\/\\\/lavocedelpaese.info\\\/\",\"name\":\"La Voce del Paese\",\"description\":\"Un network di idee\",\"publisher\":{\"@id\":\"https:\\\/\\\/lavocedelpaese.info\\\/#organization\"},\"potentialAction\":[{\"@type\":\"SearchAction\",\"target\":{\"@type\":\"EntryPoint\",\"urlTemplate\":\"https:\\\/\\\/lavocedelpaese.info\\\/?s={search_term_string}\"},\"query-input\":{\"@type\":\"PropertyValueSpecification\",\"valueRequired\":true,\"valueName\":\"search_term_string\"}}],\"inLanguage\":\"it-IT\"},{\"@type\":\"Organization\",\"@id\":\"https:\\\/\\\/lavocedelpaese.info\\\/#organization\",\"name\":\"La Voce del Paese\",\"url\":\"https:\\\/\\\/lavocedelpaese.info\\\/\",\"logo\":{\"@type\":\"ImageObject\",\"inLanguage\":\"it-IT\",\"@id\":\"https:\\\/\\\/lavocedelpaese.info\\\/#\\\/schema\\\/logo\\\/image\\\/\",\"url\":\"https:\\\/\\\/lavocedelpaese.info\\\/wp-content\\\/uploads\\\/2023\\\/01\\\/cropped-logo-150-127.png\",\"contentUrl\":\"https:\\\/\\\/lavocedelpaese.info\\\/wp-content\\\/uploads\\\/2023\\\/01\\\/cropped-logo-150-127.png\",\"width\":137,\"height\":119,\"caption\":\"La Voce del Paese\"},\"image\":{\"@id\":\"https:\\\/\\\/lavocedelpaese.info\\\/#\\\/schema\\\/logo\\\/image\\\/\"},\"sameAs\":[\"https:\\\/\\\/www.facebook.com\\\/lavocedelpaese.info\"]},{\"@type\":\"Person\",\"@id\":\"https:\\\/\\\/lavocedelpaese.info\\\/#\\\/schema\\\/person\\\/ec151d321306bd7591f7a061abf72d88\",\"name\":\"admin\",\"image\":{\"@type\":\"ImageObject\",\"inLanguage\":\"it-IT\",\"@id\":\"https:\\\/\\\/secure.gravatar.com\\\/avatar\\\/af8f2caf0663124588de48a9380e07cbc95a74ef15b8062d0d39106c32fe3023?s=96&d=mm&r=g\",\"url\":\"https:\\\/\\\/secure.gravatar.com\\\/avatar\\\/af8f2caf0663124588de48a9380e07cbc95a74ef15b8062d0d39106c32fe3023?s=96&d=mm&r=g\",\"contentUrl\":\"https:\\\/\\\/secure.gravatar.com\\\/avatar\\\/af8f2caf0663124588de48a9380e07cbc95a74ef15b8062d0d39106c32fe3023?s=96&d=mm&r=g\",\"caption\":\"admin\"},\"sameAs\":[\"https:\\\/\\\/lavocedelpaese.info\"],\"url\":\"https:\\\/\\\/lavocedelpaese.info\\\/index.php\\\/author\\\/admin\\\/\"}]}<\/script>\n<!-- \/ Yoast SEO plugin. -->","yoast_head_json":{"title":"Medimex Taranto 2024: un festival di musica e creativit\u00e0 - La Voce del Paese","robots":{"index":"index","follow":"follow","max-snippet":"max-snippet:-1","max-image-preview":"max-image-preview:large","max-video-preview":"max-video-preview:-1"},"canonical":"https:\/\/lavocedelpaese.info\/index.php\/2024\/06\/18\/medimex-taranto-2024-un-festival-di-musica-e-creativita\/","og_locale":"it_IT","og_type":"article","og_title":"Medimex Taranto 2024: un festival di musica e creativit\u00e0 - La Voce del Paese","og_description":"Dal 19 al 23 giugno, Taranto ospiter\u00e0 il Medimex Taranto, un festival internazionale di musica che combina eventi live, workshop","og_url":"https:\/\/lavocedelpaese.info\/index.php\/2024\/06\/18\/medimex-taranto-2024-un-festival-di-musica-e-creativita\/","og_site_name":"La Voce del Paese","article_publisher":"https:\/\/www.facebook.com\/lavocedelpaese.info","article_published_time":"2024-06-18T23:57:13+00:00","article_modified_time":"2024-06-18T23:57:15+00:00","og_image":[{"width":1000,"height":750,"url":"https:\/\/lavocedelpaese.info\/wp-content\/uploads\/2024\/06\/medimex-taranto-2024.jpg","type":"image\/jpeg"}],"author":"admin","twitter_card":"summary_large_image","twitter_misc":{"Scritto da":"admin","Tempo di lettura stimato":"5 minuti"},"schema":{"@context":"https:\/\/schema.org","@graph":[{"@type":"Article","@id":"https:\/\/lavocedelpaese.info\/index.php\/2024\/06\/18\/medimex-taranto-2024-un-festival-di-musica-e-creativita\/#article","isPartOf":{"@id":"https:\/\/lavocedelpaese.info\/index.php\/2024\/06\/18\/medimex-taranto-2024-un-festival-di-musica-e-creativita\/"},"author":{"name":"admin","@id":"https:\/\/lavocedelpaese.info\/#\/schema\/person\/ec151d321306bd7591f7a061abf72d88"},"headline":"Medimex Taranto 2024: un festival di musica e creativit\u00e0","datePublished":"2024-06-18T23:57:13+00:00","dateModified":"2024-06-18T23:57:15+00:00","mainEntityOfPage":{"@id":"https:\/\/lavocedelpaese.info\/index.php\/2024\/06\/18\/medimex-taranto-2024-un-festival-di-musica-e-creativita\/"},"wordCount":898,"commentCount":0,"publisher":{"@id":"https:\/\/lavocedelpaese.info\/#organization"},"image":{"@id":"https:\/\/lavocedelpaese.info\/index.php\/2024\/06\/18\/medimex-taranto-2024-un-festival-di-musica-e-creativita\/#primaryimage"},"thumbnailUrl":"https:\/\/lavocedelpaese.info\/wp-content\/uploads\/2024\/06\/medimex-taranto-2024.jpg","articleSection":["Eventi"],"inLanguage":"it-IT","potentialAction":[{"@type":"CommentAction","name":"Comment","target":["https:\/\/lavocedelpaese.info\/index.php\/2024\/06\/18\/medimex-taranto-2024-un-festival-di-musica-e-creativita\/#respond"]}]},{"@type":"WebPage","@id":"https:\/\/lavocedelpaese.info\/index.php\/2024\/06\/18\/medimex-taranto-2024-un-festival-di-musica-e-creativita\/","url":"https:\/\/lavocedelpaese.info\/index.php\/2024\/06\/18\/medimex-taranto-2024-un-festival-di-musica-e-creativita\/","name":"Medimex Taranto 2024: un festival di musica e creativit\u00e0 - La Voce del Paese","isPartOf":{"@id":"https:\/\/lavocedelpaese.info\/#website"},"primaryImageOfPage":{"@id":"https:\/\/lavocedelpaese.info\/index.php\/2024\/06\/18\/medimex-taranto-2024-un-festival-di-musica-e-creativita\/#primaryimage"},"image":{"@id":"https:\/\/lavocedelpaese.info\/index.php\/2024\/06\/18\/medimex-taranto-2024-un-festival-di-musica-e-creativita\/#primaryimage"},"thumbnailUrl":"https:\/\/lavocedelpaese.info\/wp-content\/uploads\/2024\/06\/medimex-taranto-2024.jpg","datePublished":"2024-06-18T23:57:13+00:00","dateModified":"2024-06-18T23:57:15+00:00","breadcrumb":{"@id":"https:\/\/lavocedelpaese.info\/index.php\/2024\/06\/18\/medimex-taranto-2024-un-festival-di-musica-e-creativita\/#breadcrumb"},"inLanguage":"it-IT","potentialAction":[{"@type":"ReadAction","target":["https:\/\/lavocedelpaese.info\/index.php\/2024\/06\/18\/medimex-taranto-2024-un-festival-di-musica-e-creativita\/"]}]},{"@type":"ImageObject","inLanguage":"it-IT","@id":"https:\/\/lavocedelpaese.info\/index.php\/2024\/06\/18\/medimex-taranto-2024-un-festival-di-musica-e-creativita\/#primaryimage","url":"https:\/\/lavocedelpaese.info\/wp-content\/uploads\/2024\/06\/medimex-taranto-2024.jpg","contentUrl":"https:\/\/lavocedelpaese.info\/wp-content\/uploads\/2024\/06\/medimex-taranto-2024.jpg","width":1000,"height":750},{"@type":"BreadcrumbList","@id":"https:\/\/lavocedelpaese.info\/index.php\/2024\/06\/18\/medimex-taranto-2024-un-festival-di-musica-e-creativita\/#breadcrumb","itemListElement":[{"@type":"ListItem","position":1,"name":"Home","item":"https:\/\/lavocedelpaese.info\/"},{"@type":"ListItem","position":2,"name":"Medimex Taranto 2024: un festival di musica e creativit\u00e0"}]},{"@type":"WebSite","@id":"https:\/\/lavocedelpaese.info\/#website","url":"https:\/\/lavocedelpaese.info\/","name":"La Voce del Paese","description":"Un network di idee","publisher":{"@id":"https:\/\/lavocedelpaese.info\/#organization"},"potentialAction":[{"@type":"SearchAction","target":{"@type":"EntryPoint","urlTemplate":"https:\/\/lavocedelpaese.info\/?s={search_term_string}"},"query-input":{"@type":"PropertyValueSpecification","valueRequired":true,"valueName":"search_term_string"}}],"inLanguage":"it-IT"},{"@type":"Organization","@id":"https:\/\/lavocedelpaese.info\/#organization","name":"La Voce del Paese","url":"https:\/\/lavocedelpaese.info\/","logo":{"@type":"ImageObject","inLanguage":"it-IT","@id":"https:\/\/lavocedelpaese.info\/#\/schema\/logo\/image\/","url":"https:\/\/lavocedelpaese.info\/wp-content\/uploads\/2023\/01\/cropped-logo-150-127.png","contentUrl":"https:\/\/lavocedelpaese.info\/wp-content\/uploads\/2023\/01\/cropped-logo-150-127.png","width":137,"height":119,"caption":"La Voce del Paese"},"image":{"@id":"https:\/\/lavocedelpaese.info\/#\/schema\/logo\/image\/"},"sameAs":["https:\/\/www.facebook.com\/lavocedelpaese.info"]},{"@type":"Person","@id":"https:\/\/lavocedelpaese.info\/#\/schema\/person\/ec151d321306bd7591f7a061abf72d88","name":"admin","image":{"@type":"ImageObject","inLanguage":"it-IT","@id":"https:\/\/secure.gravatar.com\/avatar\/af8f2caf0663124588de48a9380e07cbc95a74ef15b8062d0d39106c32fe3023?s=96&d=mm&r=g","url":"https:\/\/secure.gravatar.com\/avatar\/af8f2caf0663124588de48a9380e07cbc95a74ef15b8062d0d39106c32fe3023?s=96&d=mm&r=g","contentUrl":"https:\/\/secure.gravatar.com\/avatar\/af8f2caf0663124588de48a9380e07cbc95a74ef15b8062d0d39106c32fe3023?s=96&d=mm&r=g","caption":"admin"},"sameAs":["https:\/\/lavocedelpaese.info"],"url":"https:\/\/lavocedelpaese.info\/index.php\/author\/admin\/"}]}},"_links":{"self":[{"href":"https:\/\/lavocedelpaese.info\/index.php\/wp-json\/wp\/v2\/posts\/2460","targetHints":{"allow":["GET"]}}],"collection":[{"href":"https:\/\/lavocedelpaese.info\/index.php\/wp-json\/wp\/v2\/posts"}],"about":[{"href":"https:\/\/lavocedelpaese.info\/index.php\/wp-json\/wp\/v2\/types\/post"}],"author":[{"embeddable":true,"href":"https:\/\/lavocedelpaese.info\/index.php\/wp-json\/wp\/v2\/users\/6"}],"replies":[{"embeddable":true,"href":"https:\/\/lavocedelpaese.info\/index.php\/wp-json\/wp\/v2\/comments?post=2460"}],"version-history":[{"count":1,"href":"https:\/\/lavocedelpaese.info\/index.php\/wp-json\/wp\/v2\/posts\/2460\/revisions"}],"predecessor-version":[{"id":2462,"href":"https:\/\/lavocedelpaese.info\/index.php\/wp-json\/wp\/v2\/posts\/2460\/revisions\/2462"}],"wp:featuredmedia":[{"embeddable":true,"href":"https:\/\/lavocedelpaese.info\/index.php\/wp-json\/wp\/v2\/media\/2461"}],"wp:attachment":[{"href":"https:\/\/lavocedelpaese.info\/index.php\/wp-json\/wp\/v2\/media?parent=2460"}],"wp:term":[{"taxonomy":"category","embeddable":true,"href":"https:\/\/lavocedelpaese.info\/index.php\/wp-json\/wp\/v2\/categories?post=2460"},{"taxonomy":"post_tag","embeddable":true,"href":"https:\/\/lavocedelpaese.info\/index.php\/wp-json\/wp\/v2\/tags?post=2460"}],"curies":[{"name":"wp","href":"https:\/\/api.w.org\/{rel}","templated":true}]}}