{"id":2451,"date":"2024-06-18T23:49:36","date_gmt":"2024-06-18T23:49:36","guid":{"rendered":"https:\/\/lavocedelpaese.info\/?p=2451"},"modified":"2024-06-18T23:49:38","modified_gmt":"2024-06-18T23:49:38","slug":"rissa-in-stazione-a-bari-aggrediti-agenti-di-polizia-locale","status":"publish","type":"post","link":"https:\/\/lavocedelpaese.info\/index.php\/2024\/06\/18\/rissa-in-stazione-a-bari-aggrediti-agenti-di-polizia-locale\/","title":{"rendered":"Rissa in Stazione a Bari: aggrediti agenti di Polizia Locale"},"content":{"rendered":"\n<p>Un uomo di 40 anni \u00e8 stato arrestato ieri mattina nei pressi della stazione di Bari con l&#8217;accusa di danneggiamento aggravato, minacce e lesioni a pubblici ufficiali. Gli agenti di Polizia Locale erano intervenuti per sedare una rissa tra due persone. Durante l&#8217;intervento, uno dei contendenti ha aggredito violentemente gli agenti e ha danneggiato un veicolo in sosta. Gli agenti hanno riportato lievi ferite. Il quarantenne sar\u00e0 giudicato domani mattina con rito direttissimo.<\/p>\n\n\n\n<p>L&#8217;episodio avvenuto nei pressi della stazione di Bari, dove un quarantenne ha aggredito agenti di Polizia Locale durante un intervento per sedare una rissa, porta con s\u00e9 numerose implicazioni che meritano un\u2019analisi approfondita. L&#8217;arresto dell&#8217;uomo con accuse di danneggiamento aggravato, minacce e lesioni a pubblici ufficiali non \u00e8 solo un fatto di cronaca nera, ma riflette questioni pi\u00f9 ampie relative alla sicurezza urbana, la gestione dell&#8217;ordine pubblico, e la percezione delle forze dell&#8217;ordine nella comunit\u00e0.<\/p>\n\n\n\n<p>In primo luogo, l&#8217;evento evidenzia l&#8217;importanza cruciale della sicurezza nelle aree pubbliche, specialmente in luoghi come le stazioni ferroviarie, che sono punti nevralgici di transito per migliaia di persone ogni giorno. Le stazioni non sono solo centri di trasporto, ma anche spazi dove confluiscono diverse dinamiche sociali, tra cui la presenza di individui senza fissa dimora, piccoli commercianti, pendolari e turisti. L&#8217;incidente suggerisce che potrebbero essere necessarie misure di sicurezza pi\u00f9 rigide o una maggiore presenza di forze dell&#8217;ordine per prevenire situazioni di conflitto e garantire la sicurezza di tutti i cittadini.<\/p>\n\n\n\n<p>Inoltre, la risposta degli agenti di Polizia Locale e la loro capacit\u00e0 di intervenire prontamente in situazioni di conflitto sono aspetti fondamentali. Nonostante le ferite lievi riportate, la loro professionalit\u00e0 nell\u2019affrontare una situazione potenzialmente pericolosa \u00e8 un elemento positivo, ma mette anche in luce la necessit\u00e0 di adeguata formazione e supporto per le forze dell\u2019ordine. Gli agenti di polizia devono essere preparati non solo fisicamente ma anche psicologicamente per gestire situazioni di crisi, e questo evento potrebbe spingere a una riflessione sulla necessit\u00e0 di investire ulteriormente in formazione e risorse per la polizia.<\/p>\n\n\n\n<p>L&#8217;arresto dell\u2019aggressore e il suo giudizio con rito direttissimo rappresentano un esempio di come il sistema giudiziario possa rispondere rapidamente a episodi di violenza. Questo tipo di procedura \u00e8 fondamentale per garantire che i responsabili di atti di violenza siano processati rapidamente, mandando un messaggio chiaro che tali comportamenti non saranno tollerati. Tuttavia, la rapidit\u00e0 del processo deve essere bilanciata con il rispetto dei diritti dell\u2019imputato, assicurando che anche in situazioni di emergenza, le procedure legali siano rispettate e che vi sia una giustizia equa.<\/p>\n\n\n\n<p>L&#8217;episodio potrebbe anche avere implicazioni politiche e sociali. Da un lato, pu\u00f2 essere utilizzato come argomento dalle amministrazioni locali e dai politici per giustificare l&#8217;aumento dei fondi per la sicurezza pubblica e la presenza di polizia. Dall\u2019altro, potrebbe suscitare dibattiti sulla necessit\u00e0 di interventi sociali e di prevenzione, piuttosto che un semplice aumento della sorveglianza. Gli episodi di violenza sono spesso sintomi di problemi sociali pi\u00f9 profondi, come la povert\u00e0, la mancanza di opportunit\u00e0 lavorative, o la marginalizzazione di alcuni gruppi sociali. Pertanto, una risposta complessiva deve considerare non solo le misure repressive ma anche quelle preventive, mirate a ridurre le cause profonde della violenza.<\/p>\n\n\n\n<p>L\u2019aggressione agli agenti di polizia pu\u00f2 anche influenzare la percezione pubblica delle forze dell\u2019ordine. Eventi del genere possono rafforzare la fiducia dei cittadini nella polizia se percepiscono che gli agenti sono efficaci nel mantenere l&#8217;ordine e garantire la sicurezza. Tuttavia, se non gestiti adeguatamente, possono anche aumentare la tensione tra la popolazione e le forze dell\u2019ordine, specialmente se emergono accuse di uso eccessivo della forza o comportamenti inappropriati da parte degli agenti. \u00c8 fondamentale che le forze di polizia mantengano un comportamento professionale e rispettoso in ogni situazione per preservare la fiducia e la collaborazione della comunit\u00e0.<\/p>\n\n\n\n<p>In un contesto pi\u00f9 ampio, l&#8217;episodio pu\u00f2 anche sollevare interrogativi sulla gestione delle aree pubbliche e sulla necessit\u00e0 di politiche urbane che promuovano la coesione sociale. Le stazioni ferroviarie e altri spazi pubblici devono essere progettati e gestiti in modo da minimizzare le opportunit\u00e0 di conflitto e promuovere un ambiente sicuro e accogliente per tutti. Questo potrebbe includere l\u2019implementazione di programmi di mediazione e gestione dei conflitti, l\u2019installazione di telecamere di sicurezza, e la creazione di spazi che favoriscano l\u2019interazione positiva tra le diverse componenti della comunit\u00e0.<\/p>\n\n\n\n<p>Infine, l\u2019evento mette in luce la necessit\u00e0 di una comunicazione efficace tra le autorit\u00e0 locali e la popolazione. \u00c8 importante che i cittadini siano informati sugli sforzi delle forze dell\u2019ordine per mantenere la sicurezza e siano coinvolti in iniziative che promuovano la sicurezza partecipata. Campagne di sensibilizzazione e programmi di educazione civica possono aiutare a creare una cultura del rispetto e della collaborazione, riducendo il rischio di conflitti violenti.<\/p>\n\n\n\n<p>In conclusione, l\u2019aggressione agli agenti di Polizia Locale a Bari rappresenta un episodio che, sebbene isolato, riflette una serie di problematiche pi\u00f9 ampie legate alla sicurezza urbana, alla gestione dell\u2019ordine pubblico, e alla percezione delle forze dell\u2019ordine. Affrontare efficacemente queste questioni richiede un approccio integrato che combini misure di sicurezza con interventi sociali e politiche urbane inclusive, garantendo al contempo che il sistema giudiziario operi in modo rapido ed equo. Solo attraverso una risposta complessiva e coordinata sar\u00e0 possibile migliorare la sicurezza e la qualit\u00e0 della vita nelle aree urbane, riducendo il rischio di episodi di violenza e promuovendo una convivenza pacifica e armoniosa.<\/p>\n","protected":false},"excerpt":{"rendered":"<p>Un uomo di 40 anni \u00e8 stato arrestato ieri mattina nei pressi della stazione di Bari con l&#8217;accusa di danneggiamento<\/p>\n","protected":false},"author":6,"featured_media":2452,"comment_status":"open","ping_status":"closed","sticky":false,"template":"","format":"standard","meta":{"colormag_page_container_layout":"default_layout","colormag_page_sidebar_layout":"default_layout","footnotes":""},"categories":[29,33],"tags":[],"class_list":["post-2451","post","type-post","status-publish","format-standard","has-post-thumbnail","hentry","category-cronaca","category-network"],"yoast_head":"<!-- This site is optimized with the Yoast SEO plugin v27.5 - https:\/\/yoast.com\/product\/yoast-seo-wordpress\/ -->\n<title>Rissa in Stazione a Bari: aggrediti agenti di Polizia Locale - La Voce del Paese<\/title>\n<meta name=\"robots\" content=\"index, follow, max-snippet:-1, max-image-preview:large, max-video-preview:-1\" \/>\n<link rel=\"canonical\" href=\"https:\/\/lavocedelpaese.info\/index.php\/2024\/06\/18\/rissa-in-stazione-a-bari-aggrediti-agenti-di-polizia-locale\/\" \/>\n<meta property=\"og:locale\" content=\"it_IT\" \/>\n<meta property=\"og:type\" content=\"article\" \/>\n<meta property=\"og:title\" content=\"Rissa in Stazione a Bari: aggrediti agenti di Polizia Locale - La Voce del Paese\" \/>\n<meta property=\"og:description\" content=\"Un uomo di 40 anni \u00e8 stato arrestato ieri mattina nei pressi della stazione di Bari con l&#8217;accusa di danneggiamento\" \/>\n<meta property=\"og:url\" content=\"https:\/\/lavocedelpaese.info\/index.php\/2024\/06\/18\/rissa-in-stazione-a-bari-aggrediti-agenti-di-polizia-locale\/\" \/>\n<meta property=\"og:site_name\" content=\"La Voce del Paese\" \/>\n<meta property=\"article:publisher\" content=\"https:\/\/www.facebook.com\/lavocedelpaese.info\" \/>\n<meta property=\"article:published_time\" content=\"2024-06-18T23:49:36+00:00\" \/>\n<meta property=\"article:modified_time\" content=\"2024-06-18T23:49:38+00:00\" \/>\n<meta property=\"og:image\" content=\"https:\/\/lavocedelpaese.info\/wp-content\/uploads\/2024\/06\/stazione-di-bari.jpeg\" \/>\n\t<meta property=\"og:image:width\" content=\"800\" \/>\n\t<meta property=\"og:image:height\" content=\"620\" \/>\n\t<meta property=\"og:image:type\" content=\"image\/jpeg\" \/>\n<meta name=\"author\" content=\"admin\" \/>\n<meta name=\"twitter:card\" content=\"summary_large_image\" \/>\n<meta name=\"twitter:label1\" content=\"Scritto da\" \/>\n\t<meta name=\"twitter:data1\" content=\"admin\" \/>\n\t<meta name=\"twitter:label2\" content=\"Tempo di lettura stimato\" \/>\n\t<meta name=\"twitter:data2\" content=\"5 minuti\" \/>\n<script type=\"application\/ld+json\" class=\"yoast-schema-graph\">{\"@context\":\"https:\\\/\\\/schema.org\",\"@graph\":[{\"@type\":\"Article\",\"@id\":\"https:\\\/\\\/lavocedelpaese.info\\\/index.php\\\/2024\\\/06\\\/18\\\/rissa-in-stazione-a-bari-aggrediti-agenti-di-polizia-locale\\\/#article\",\"isPartOf\":{\"@id\":\"https:\\\/\\\/lavocedelpaese.info\\\/index.php\\\/2024\\\/06\\\/18\\\/rissa-in-stazione-a-bari-aggrediti-agenti-di-polizia-locale\\\/\"},\"author\":{\"name\":\"admin\",\"@id\":\"https:\\\/\\\/lavocedelpaese.info\\\/#\\\/schema\\\/person\\\/ec151d321306bd7591f7a061abf72d88\"},\"headline\":\"Rissa in Stazione a Bari: aggrediti agenti di Polizia Locale\",\"datePublished\":\"2024-06-18T23:49:36+00:00\",\"dateModified\":\"2024-06-18T23:49:38+00:00\",\"mainEntityOfPage\":{\"@id\":\"https:\\\/\\\/lavocedelpaese.info\\\/index.php\\\/2024\\\/06\\\/18\\\/rissa-in-stazione-a-bari-aggrediti-agenti-di-polizia-locale\\\/\"},\"wordCount\":916,\"commentCount\":0,\"publisher\":{\"@id\":\"https:\\\/\\\/lavocedelpaese.info\\\/#organization\"},\"image\":{\"@id\":\"https:\\\/\\\/lavocedelpaese.info\\\/index.php\\\/2024\\\/06\\\/18\\\/rissa-in-stazione-a-bari-aggrediti-agenti-di-polizia-locale\\\/#primaryimage\"},\"thumbnailUrl\":\"https:\\\/\\\/lavocedelpaese.info\\\/wp-content\\\/uploads\\\/2024\\\/06\\\/stazione-di-bari.jpeg\",\"articleSection\":[\"Cronaca\",\"network\"],\"inLanguage\":\"it-IT\",\"potentialAction\":[{\"@type\":\"CommentAction\",\"name\":\"Comment\",\"target\":[\"https:\\\/\\\/lavocedelpaese.info\\\/index.php\\\/2024\\\/06\\\/18\\\/rissa-in-stazione-a-bari-aggrediti-agenti-di-polizia-locale\\\/#respond\"]}]},{\"@type\":\"WebPage\",\"@id\":\"https:\\\/\\\/lavocedelpaese.info\\\/index.php\\\/2024\\\/06\\\/18\\\/rissa-in-stazione-a-bari-aggrediti-agenti-di-polizia-locale\\\/\",\"url\":\"https:\\\/\\\/lavocedelpaese.info\\\/index.php\\\/2024\\\/06\\\/18\\\/rissa-in-stazione-a-bari-aggrediti-agenti-di-polizia-locale\\\/\",\"name\":\"Rissa in Stazione a Bari: aggrediti agenti di Polizia Locale - La Voce del Paese\",\"isPartOf\":{\"@id\":\"https:\\\/\\\/lavocedelpaese.info\\\/#website\"},\"primaryImageOfPage\":{\"@id\":\"https:\\\/\\\/lavocedelpaese.info\\\/index.php\\\/2024\\\/06\\\/18\\\/rissa-in-stazione-a-bari-aggrediti-agenti-di-polizia-locale\\\/#primaryimage\"},\"image\":{\"@id\":\"https:\\\/\\\/lavocedelpaese.info\\\/index.php\\\/2024\\\/06\\\/18\\\/rissa-in-stazione-a-bari-aggrediti-agenti-di-polizia-locale\\\/#primaryimage\"},\"thumbnailUrl\":\"https:\\\/\\\/lavocedelpaese.info\\\/wp-content\\\/uploads\\\/2024\\\/06\\\/stazione-di-bari.jpeg\",\"datePublished\":\"2024-06-18T23:49:36+00:00\",\"dateModified\":\"2024-06-18T23:49:38+00:00\",\"breadcrumb\":{\"@id\":\"https:\\\/\\\/lavocedelpaese.info\\\/index.php\\\/2024\\\/06\\\/18\\\/rissa-in-stazione-a-bari-aggrediti-agenti-di-polizia-locale\\\/#breadcrumb\"},\"inLanguage\":\"it-IT\",\"potentialAction\":[{\"@type\":\"ReadAction\",\"target\":[\"https:\\\/\\\/lavocedelpaese.info\\\/index.php\\\/2024\\\/06\\\/18\\\/rissa-in-stazione-a-bari-aggrediti-agenti-di-polizia-locale\\\/\"]}]},{\"@type\":\"ImageObject\",\"inLanguage\":\"it-IT\",\"@id\":\"https:\\\/\\\/lavocedelpaese.info\\\/index.php\\\/2024\\\/06\\\/18\\\/rissa-in-stazione-a-bari-aggrediti-agenti-di-polizia-locale\\\/#primaryimage\",\"url\":\"https:\\\/\\\/lavocedelpaese.info\\\/wp-content\\\/uploads\\\/2024\\\/06\\\/stazione-di-bari.jpeg\",\"contentUrl\":\"https:\\\/\\\/lavocedelpaese.info\\\/wp-content\\\/uploads\\\/2024\\\/06\\\/stazione-di-bari.jpeg\",\"width\":800,\"height\":620},{\"@type\":\"BreadcrumbList\",\"@id\":\"https:\\\/\\\/lavocedelpaese.info\\\/index.php\\\/2024\\\/06\\\/18\\\/rissa-in-stazione-a-bari-aggrediti-agenti-di-polizia-locale\\\/#breadcrumb\",\"itemListElement\":[{\"@type\":\"ListItem\",\"position\":1,\"name\":\"Home\",\"item\":\"https:\\\/\\\/lavocedelpaese.info\\\/\"},{\"@type\":\"ListItem\",\"position\":2,\"name\":\"Rissa in Stazione a Bari: aggrediti agenti di Polizia Locale\"}]},{\"@type\":\"WebSite\",\"@id\":\"https:\\\/\\\/lavocedelpaese.info\\\/#website\",\"url\":\"https:\\\/\\\/lavocedelpaese.info\\\/\",\"name\":\"La Voce del Paese\",\"description\":\"Un network di idee\",\"publisher\":{\"@id\":\"https:\\\/\\\/lavocedelpaese.info\\\/#organization\"},\"potentialAction\":[{\"@type\":\"SearchAction\",\"target\":{\"@type\":\"EntryPoint\",\"urlTemplate\":\"https:\\\/\\\/lavocedelpaese.info\\\/?s={search_term_string}\"},\"query-input\":{\"@type\":\"PropertyValueSpecification\",\"valueRequired\":true,\"valueName\":\"search_term_string\"}}],\"inLanguage\":\"it-IT\"},{\"@type\":\"Organization\",\"@id\":\"https:\\\/\\\/lavocedelpaese.info\\\/#organization\",\"name\":\"La Voce del Paese\",\"url\":\"https:\\\/\\\/lavocedelpaese.info\\\/\",\"logo\":{\"@type\":\"ImageObject\",\"inLanguage\":\"it-IT\",\"@id\":\"https:\\\/\\\/lavocedelpaese.info\\\/#\\\/schema\\\/logo\\\/image\\\/\",\"url\":\"https:\\\/\\\/lavocedelpaese.info\\\/wp-content\\\/uploads\\\/2023\\\/01\\\/cropped-logo-150-127.png\",\"contentUrl\":\"https:\\\/\\\/lavocedelpaese.info\\\/wp-content\\\/uploads\\\/2023\\\/01\\\/cropped-logo-150-127.png\",\"width\":137,\"height\":119,\"caption\":\"La Voce del Paese\"},\"image\":{\"@id\":\"https:\\\/\\\/lavocedelpaese.info\\\/#\\\/schema\\\/logo\\\/image\\\/\"},\"sameAs\":[\"https:\\\/\\\/www.facebook.com\\\/lavocedelpaese.info\"]},{\"@type\":\"Person\",\"@id\":\"https:\\\/\\\/lavocedelpaese.info\\\/#\\\/schema\\\/person\\\/ec151d321306bd7591f7a061abf72d88\",\"name\":\"admin\",\"image\":{\"@type\":\"ImageObject\",\"inLanguage\":\"it-IT\",\"@id\":\"https:\\\/\\\/secure.gravatar.com\\\/avatar\\\/af8f2caf0663124588de48a9380e07cbc95a74ef15b8062d0d39106c32fe3023?s=96&d=mm&r=g\",\"url\":\"https:\\\/\\\/secure.gravatar.com\\\/avatar\\\/af8f2caf0663124588de48a9380e07cbc95a74ef15b8062d0d39106c32fe3023?s=96&d=mm&r=g\",\"contentUrl\":\"https:\\\/\\\/secure.gravatar.com\\\/avatar\\\/af8f2caf0663124588de48a9380e07cbc95a74ef15b8062d0d39106c32fe3023?s=96&d=mm&r=g\",\"caption\":\"admin\"},\"sameAs\":[\"https:\\\/\\\/lavocedelpaese.info\"],\"url\":\"https:\\\/\\\/lavocedelpaese.info\\\/index.php\\\/author\\\/admin\\\/\"}]}<\/script>\n<!-- \/ Yoast SEO plugin. -->","yoast_head_json":{"title":"Rissa in Stazione a Bari: aggrediti agenti di Polizia Locale - La Voce del Paese","robots":{"index":"index","follow":"follow","max-snippet":"max-snippet:-1","max-image-preview":"max-image-preview:large","max-video-preview":"max-video-preview:-1"},"canonical":"https:\/\/lavocedelpaese.info\/index.php\/2024\/06\/18\/rissa-in-stazione-a-bari-aggrediti-agenti-di-polizia-locale\/","og_locale":"it_IT","og_type":"article","og_title":"Rissa in Stazione a Bari: aggrediti agenti di Polizia Locale - La Voce del Paese","og_description":"Un uomo di 40 anni \u00e8 stato arrestato ieri mattina nei pressi della stazione di Bari con l&#8217;accusa di danneggiamento","og_url":"https:\/\/lavocedelpaese.info\/index.php\/2024\/06\/18\/rissa-in-stazione-a-bari-aggrediti-agenti-di-polizia-locale\/","og_site_name":"La Voce del Paese","article_publisher":"https:\/\/www.facebook.com\/lavocedelpaese.info","article_published_time":"2024-06-18T23:49:36+00:00","article_modified_time":"2024-06-18T23:49:38+00:00","og_image":[{"width":800,"height":620,"url":"https:\/\/lavocedelpaese.info\/wp-content\/uploads\/2024\/06\/stazione-di-bari.jpeg","type":"image\/jpeg"}],"author":"admin","twitter_card":"summary_large_image","twitter_misc":{"Scritto da":"admin","Tempo di lettura stimato":"5 minuti"},"schema":{"@context":"https:\/\/schema.org","@graph":[{"@type":"Article","@id":"https:\/\/lavocedelpaese.info\/index.php\/2024\/06\/18\/rissa-in-stazione-a-bari-aggrediti-agenti-di-polizia-locale\/#article","isPartOf":{"@id":"https:\/\/lavocedelpaese.info\/index.php\/2024\/06\/18\/rissa-in-stazione-a-bari-aggrediti-agenti-di-polizia-locale\/"},"author":{"name":"admin","@id":"https:\/\/lavocedelpaese.info\/#\/schema\/person\/ec151d321306bd7591f7a061abf72d88"},"headline":"Rissa in Stazione a Bari: aggrediti agenti di Polizia Locale","datePublished":"2024-06-18T23:49:36+00:00","dateModified":"2024-06-18T23:49:38+00:00","mainEntityOfPage":{"@id":"https:\/\/lavocedelpaese.info\/index.php\/2024\/06\/18\/rissa-in-stazione-a-bari-aggrediti-agenti-di-polizia-locale\/"},"wordCount":916,"commentCount":0,"publisher":{"@id":"https:\/\/lavocedelpaese.info\/#organization"},"image":{"@id":"https:\/\/lavocedelpaese.info\/index.php\/2024\/06\/18\/rissa-in-stazione-a-bari-aggrediti-agenti-di-polizia-locale\/#primaryimage"},"thumbnailUrl":"https:\/\/lavocedelpaese.info\/wp-content\/uploads\/2024\/06\/stazione-di-bari.jpeg","articleSection":["Cronaca","network"],"inLanguage":"it-IT","potentialAction":[{"@type":"CommentAction","name":"Comment","target":["https:\/\/lavocedelpaese.info\/index.php\/2024\/06\/18\/rissa-in-stazione-a-bari-aggrediti-agenti-di-polizia-locale\/#respond"]}]},{"@type":"WebPage","@id":"https:\/\/lavocedelpaese.info\/index.php\/2024\/06\/18\/rissa-in-stazione-a-bari-aggrediti-agenti-di-polizia-locale\/","url":"https:\/\/lavocedelpaese.info\/index.php\/2024\/06\/18\/rissa-in-stazione-a-bari-aggrediti-agenti-di-polizia-locale\/","name":"Rissa in Stazione a Bari: aggrediti agenti di Polizia Locale - La Voce del Paese","isPartOf":{"@id":"https:\/\/lavocedelpaese.info\/#website"},"primaryImageOfPage":{"@id":"https:\/\/lavocedelpaese.info\/index.php\/2024\/06\/18\/rissa-in-stazione-a-bari-aggrediti-agenti-di-polizia-locale\/#primaryimage"},"image":{"@id":"https:\/\/lavocedelpaese.info\/index.php\/2024\/06\/18\/rissa-in-stazione-a-bari-aggrediti-agenti-di-polizia-locale\/#primaryimage"},"thumbnailUrl":"https:\/\/lavocedelpaese.info\/wp-content\/uploads\/2024\/06\/stazione-di-bari.jpeg","datePublished":"2024-06-18T23:49:36+00:00","dateModified":"2024-06-18T23:49:38+00:00","breadcrumb":{"@id":"https:\/\/lavocedelpaese.info\/index.php\/2024\/06\/18\/rissa-in-stazione-a-bari-aggrediti-agenti-di-polizia-locale\/#breadcrumb"},"inLanguage":"it-IT","potentialAction":[{"@type":"ReadAction","target":["https:\/\/lavocedelpaese.info\/index.php\/2024\/06\/18\/rissa-in-stazione-a-bari-aggrediti-agenti-di-polizia-locale\/"]}]},{"@type":"ImageObject","inLanguage":"it-IT","@id":"https:\/\/lavocedelpaese.info\/index.php\/2024\/06\/18\/rissa-in-stazione-a-bari-aggrediti-agenti-di-polizia-locale\/#primaryimage","url":"https:\/\/lavocedelpaese.info\/wp-content\/uploads\/2024\/06\/stazione-di-bari.jpeg","contentUrl":"https:\/\/lavocedelpaese.info\/wp-content\/uploads\/2024\/06\/stazione-di-bari.jpeg","width":800,"height":620},{"@type":"BreadcrumbList","@id":"https:\/\/lavocedelpaese.info\/index.php\/2024\/06\/18\/rissa-in-stazione-a-bari-aggrediti-agenti-di-polizia-locale\/#breadcrumb","itemListElement":[{"@type":"ListItem","position":1,"name":"Home","item":"https:\/\/lavocedelpaese.info\/"},{"@type":"ListItem","position":2,"name":"Rissa in Stazione a Bari: aggrediti agenti di Polizia Locale"}]},{"@type":"WebSite","@id":"https:\/\/lavocedelpaese.info\/#website","url":"https:\/\/lavocedelpaese.info\/","name":"La Voce del Paese","description":"Un network di idee","publisher":{"@id":"https:\/\/lavocedelpaese.info\/#organization"},"potentialAction":[{"@type":"SearchAction","target":{"@type":"EntryPoint","urlTemplate":"https:\/\/lavocedelpaese.info\/?s={search_term_string}"},"query-input":{"@type":"PropertyValueSpecification","valueRequired":true,"valueName":"search_term_string"}}],"inLanguage":"it-IT"},{"@type":"Organization","@id":"https:\/\/lavocedelpaese.info\/#organization","name":"La Voce del Paese","url":"https:\/\/lavocedelpaese.info\/","logo":{"@type":"ImageObject","inLanguage":"it-IT","@id":"https:\/\/lavocedelpaese.info\/#\/schema\/logo\/image\/","url":"https:\/\/lavocedelpaese.info\/wp-content\/uploads\/2023\/01\/cropped-logo-150-127.png","contentUrl":"https:\/\/lavocedelpaese.info\/wp-content\/uploads\/2023\/01\/cropped-logo-150-127.png","width":137,"height":119,"caption":"La Voce del Paese"},"image":{"@id":"https:\/\/lavocedelpaese.info\/#\/schema\/logo\/image\/"},"sameAs":["https:\/\/www.facebook.com\/lavocedelpaese.info"]},{"@type":"Person","@id":"https:\/\/lavocedelpaese.info\/#\/schema\/person\/ec151d321306bd7591f7a061abf72d88","name":"admin","image":{"@type":"ImageObject","inLanguage":"it-IT","@id":"https:\/\/secure.gravatar.com\/avatar\/af8f2caf0663124588de48a9380e07cbc95a74ef15b8062d0d39106c32fe3023?s=96&d=mm&r=g","url":"https:\/\/secure.gravatar.com\/avatar\/af8f2caf0663124588de48a9380e07cbc95a74ef15b8062d0d39106c32fe3023?s=96&d=mm&r=g","contentUrl":"https:\/\/secure.gravatar.com\/avatar\/af8f2caf0663124588de48a9380e07cbc95a74ef15b8062d0d39106c32fe3023?s=96&d=mm&r=g","caption":"admin"},"sameAs":["https:\/\/lavocedelpaese.info"],"url":"https:\/\/lavocedelpaese.info\/index.php\/author\/admin\/"}]}},"_links":{"self":[{"href":"https:\/\/lavocedelpaese.info\/index.php\/wp-json\/wp\/v2\/posts\/2451","targetHints":{"allow":["GET"]}}],"collection":[{"href":"https:\/\/lavocedelpaese.info\/index.php\/wp-json\/wp\/v2\/posts"}],"about":[{"href":"https:\/\/lavocedelpaese.info\/index.php\/wp-json\/wp\/v2\/types\/post"}],"author":[{"embeddable":true,"href":"https:\/\/lavocedelpaese.info\/index.php\/wp-json\/wp\/v2\/users\/6"}],"replies":[{"embeddable":true,"href":"https:\/\/lavocedelpaese.info\/index.php\/wp-json\/wp\/v2\/comments?post=2451"}],"version-history":[{"count":1,"href":"https:\/\/lavocedelpaese.info\/index.php\/wp-json\/wp\/v2\/posts\/2451\/revisions"}],"predecessor-version":[{"id":2453,"href":"https:\/\/lavocedelpaese.info\/index.php\/wp-json\/wp\/v2\/posts\/2451\/revisions\/2453"}],"wp:featuredmedia":[{"embeddable":true,"href":"https:\/\/lavocedelpaese.info\/index.php\/wp-json\/wp\/v2\/media\/2452"}],"wp:attachment":[{"href":"https:\/\/lavocedelpaese.info\/index.php\/wp-json\/wp\/v2\/media?parent=2451"}],"wp:term":[{"taxonomy":"category","embeddable":true,"href":"https:\/\/lavocedelpaese.info\/index.php\/wp-json\/wp\/v2\/categories?post=2451"},{"taxonomy":"post_tag","embeddable":true,"href":"https:\/\/lavocedelpaese.info\/index.php\/wp-json\/wp\/v2\/tags?post=2451"}],"curies":[{"name":"wp","href":"https:\/\/api.w.org\/{rel}","templated":true}]}}