{"id":2431,"date":"2024-06-18T23:29:41","date_gmt":"2024-06-18T23:29:41","guid":{"rendered":"https:\/\/lavocedelpaese.info\/?p=2431"},"modified":"2024-06-18T23:29:44","modified_gmt":"2024-06-18T23:29:44","slug":"timac-agro-italia-dialogo-aperto-per-il-rinnovo-dellaia","status":"publish","type":"post","link":"https:\/\/lavocedelpaese.info\/index.php\/2024\/06\/18\/timac-agro-italia-dialogo-aperto-per-il-rinnovo-dellaia\/","title":{"rendered":"Timac Agro Italia: dialogo aperto per il rinnovo dell\u2019AIA"},"content":{"rendered":"\n<p>Domani pomeriggio alle ore 16 si terr\u00e0 un incontro significativo presso lo stabilimento Timac Agro Italia di Via Trani, Barletta. Questa riunione coinvolger\u00e0 i rappresentanti dell&#8217;azienda di fertilizzanti per l&#8217;agricoltura, il Comune di Barletta e le associazioni ambientaliste, in un dialogo incentrato sul rinnovo dell&#8217;autorizzazione integrata ambientale (AIA). Timac Agro Italia ha organizzato questo evento per favorire il dialogo, la trasparenza e la partecipazione tra le diverse parti interessate, un impegno che l&#8217;azienda porta avanti con determinazione e convinzione. Il portavoce dell&#8217;azienda, Andrea Camaiora, ha sottolineato l&#8217;importanza di questa iniziativa, esprimendo gratitudine al sindaco Cannito e agli ambientalisti per la loro pronta adesione.<\/p>\n\n\n\n<p>La presenza del dirigente del settore tecnico del Comune e dei rappresentanti pi\u00f9 attivi delle associazioni ambientaliste della provincia di Barletta-Andria-Trani (BAT) sottolinea l&#8217;importanza dell&#8217;incontro. Questa partecipazione mostra un forte impegno da parte delle istituzioni locali e delle organizzazioni non governative nel monitorare e contribuire alle decisioni che riguardano l&#8217;ambiente. Il rinnovo dell&#8217;AIA \u00e8 un processo cruciale per garantire che le attivit\u00e0 industriali siano conformi alle normative ambientali e che operino nel rispetto della salute pubblica e dell&#8217;ambiente.<\/p>\n\n\n\n<p>Durante l&#8217;incontro, i tecnici di Timac Agro Italia presenteranno i dettagli della domanda di rinnovo dell&#8217;AIA, offrendo chiarimenti e rispondendo a eventuali domande e preoccupazioni dei partecipanti. Questo tipo di dialogo aperto \u00e8 fondamentale per costruire fiducia e collaborazione tra l&#8217;industria, le autorit\u00e0 locali e le comunit\u00e0. La trasparenza su temi cos\u00ec sensibili come l&#8217;ambiente pu\u00f2 contribuire a dissipare i dubbi e a promuovere soluzioni condivise che tengano conto delle esigenze di tutte le parti coinvolte.<\/p>\n\n\n\n<p>La scelta di coinvolgere attivamente le associazioni ambientaliste e i rappresentanti del Comune in questa fase di rinnovo dell&#8217;AIA rappresenta un modello di governance partecipativa che pu\u00f2 essere emulato da altre aziende e amministrazioni. \u00c8 un esempio di come l&#8217;interazione costruttiva tra diversi attori sociali possa portare a decisioni pi\u00f9 informate e accettate dalla comunit\u00e0.<\/p>\n\n\n\n<p>Inoltre, questo incontro offre l&#8217;opportunit\u00e0 di esaminare le misure adottate da Timac Agro Italia per minimizzare l&#8217;impatto ambientale delle sue operazioni. La presentazione tecnica potrebbe includere informazioni sui sistemi di gestione delle emissioni, il controllo dei rifiuti e l&#8217;uso sostenibile delle risorse naturali. Questi aspetti sono fondamentali non solo per il rinnovo dell&#8217;autorizzazione ma anche per migliorare l&#8217;immagine dell&#8217;azienda agli occhi del pubblico e degli stakeholder.<\/p>\n\n\n\n<p>Il coinvolgimento delle associazioni ambientaliste \u00e8 particolarmente importante perch\u00e9 rappresentano la voce della comunit\u00e0 e sono spesso le prime a identificare e sollevare preoccupazioni riguardanti l&#8217;ambiente. La loro presenza e partecipazione attiva possono garantire che le problematiche ambientali siano adeguatamente affrontate e che le soluzioni proposte siano effettivamente efficaci e sostenibili.<\/p>\n\n\n\n<p>In conclusione, l&#8217;incontro di domani presso lo stabilimento Timac Agro Italia di Via Trani rappresenta un momento cruciale di dialogo e collaborazione tra l&#8217;industria, le istituzioni e la societ\u00e0 civile. L&#8217;approccio trasparente e partecipativo adottato dall&#8217;azienda dimostra una volont\u00e0 di operare in modo responsabile e di rispondere alle esigenze e alle preoccupazioni della comunit\u00e0 locale. Questo evento pu\u00f2 servire come modello per altre iniziative simili, promuovendo una cultura di sostenibilit\u00e0 e responsabilit\u00e0 ambientale che \u00e8 essenziale per il futuro del nostro pianeta.<\/p>\n","protected":false},"excerpt":{"rendered":"<p>Domani pomeriggio alle ore 16 si terr\u00e0 un incontro significativo presso lo stabilimento Timac Agro Italia di Via Trani, Barletta.<\/p>\n","protected":false},"author":6,"featured_media":2432,"comment_status":"open","ping_status":"closed","sticky":false,"template":"","format":"standard","meta":{"colormag_page_container_layout":"default_layout","colormag_page_sidebar_layout":"default_layout","footnotes":""},"categories":[2],"tags":[],"class_list":["post-2431","post","type-post","status-publish","format-standard","has-post-thumbnail","hentry","category-attualita"],"yoast_head":"<!-- This site is optimized with the Yoast SEO plugin v27.5 - https:\/\/yoast.com\/product\/yoast-seo-wordpress\/ -->\n<title>Timac Agro Italia: dialogo aperto per il rinnovo dell\u2019AIA - La Voce del Paese<\/title>\n<meta name=\"robots\" content=\"index, follow, max-snippet:-1, max-image-preview:large, max-video-preview:-1\" \/>\n<link rel=\"canonical\" href=\"https:\/\/lavocedelpaese.info\/index.php\/2024\/06\/18\/timac-agro-italia-dialogo-aperto-per-il-rinnovo-dellaia\/\" \/>\n<meta property=\"og:locale\" content=\"it_IT\" \/>\n<meta property=\"og:type\" content=\"article\" \/>\n<meta property=\"og:title\" content=\"Timac Agro Italia: dialogo aperto per il rinnovo dell\u2019AIA - La Voce del Paese\" \/>\n<meta property=\"og:description\" content=\"Domani pomeriggio alle ore 16 si terr\u00e0 un incontro significativo presso lo stabilimento Timac Agro Italia di Via Trani, Barletta.\" \/>\n<meta property=\"og:url\" content=\"https:\/\/lavocedelpaese.info\/index.php\/2024\/06\/18\/timac-agro-italia-dialogo-aperto-per-il-rinnovo-dellaia\/\" \/>\n<meta property=\"og:site_name\" content=\"La Voce del Paese\" \/>\n<meta property=\"article:publisher\" content=\"https:\/\/www.facebook.com\/lavocedelpaese.info\" \/>\n<meta property=\"article:published_time\" content=\"2024-06-18T23:29:41+00:00\" \/>\n<meta property=\"article:modified_time\" content=\"2024-06-18T23:29:44+00:00\" \/>\n<meta property=\"og:image\" content=\"https:\/\/lavocedelpaese.info\/wp-content\/uploads\/2024\/06\/Timac_barletta.jpg\" \/>\n\t<meta property=\"og:image:width\" content=\"799\" \/>\n\t<meta property=\"og:image:height\" content=\"400\" \/>\n\t<meta property=\"og:image:type\" content=\"image\/jpeg\" \/>\n<meta name=\"author\" content=\"admin\" \/>\n<meta name=\"twitter:card\" content=\"summary_large_image\" \/>\n<meta name=\"twitter:label1\" content=\"Scritto da\" \/>\n\t<meta name=\"twitter:data1\" content=\"admin\" \/>\n\t<meta name=\"twitter:label2\" content=\"Tempo di lettura stimato\" \/>\n\t<meta name=\"twitter:data2\" content=\"3 minuti\" \/>\n<script type=\"application\/ld+json\" class=\"yoast-schema-graph\">{\"@context\":\"https:\\\/\\\/schema.org\",\"@graph\":[{\"@type\":\"Article\",\"@id\":\"https:\\\/\\\/lavocedelpaese.info\\\/index.php\\\/2024\\\/06\\\/18\\\/timac-agro-italia-dialogo-aperto-per-il-rinnovo-dellaia\\\/#article\",\"isPartOf\":{\"@id\":\"https:\\\/\\\/lavocedelpaese.info\\\/index.php\\\/2024\\\/06\\\/18\\\/timac-agro-italia-dialogo-aperto-per-il-rinnovo-dellaia\\\/\"},\"author\":{\"name\":\"admin\",\"@id\":\"https:\\\/\\\/lavocedelpaese.info\\\/#\\\/schema\\\/person\\\/ec151d321306bd7591f7a061abf72d88\"},\"headline\":\"Timac Agro Italia: dialogo aperto per il rinnovo dell\u2019AIA\",\"datePublished\":\"2024-06-18T23:29:41+00:00\",\"dateModified\":\"2024-06-18T23:29:44+00:00\",\"mainEntityOfPage\":{\"@id\":\"https:\\\/\\\/lavocedelpaese.info\\\/index.php\\\/2024\\\/06\\\/18\\\/timac-agro-italia-dialogo-aperto-per-il-rinnovo-dellaia\\\/\"},\"wordCount\":543,\"commentCount\":0,\"publisher\":{\"@id\":\"https:\\\/\\\/lavocedelpaese.info\\\/#organization\"},\"image\":{\"@id\":\"https:\\\/\\\/lavocedelpaese.info\\\/index.php\\\/2024\\\/06\\\/18\\\/timac-agro-italia-dialogo-aperto-per-il-rinnovo-dellaia\\\/#primaryimage\"},\"thumbnailUrl\":\"https:\\\/\\\/lavocedelpaese.info\\\/wp-content\\\/uploads\\\/2024\\\/06\\\/Timac_barletta.jpg\",\"articleSection\":[\"Attualit\u00e0\"],\"inLanguage\":\"it-IT\",\"potentialAction\":[{\"@type\":\"CommentAction\",\"name\":\"Comment\",\"target\":[\"https:\\\/\\\/lavocedelpaese.info\\\/index.php\\\/2024\\\/06\\\/18\\\/timac-agro-italia-dialogo-aperto-per-il-rinnovo-dellaia\\\/#respond\"]}]},{\"@type\":\"WebPage\",\"@id\":\"https:\\\/\\\/lavocedelpaese.info\\\/index.php\\\/2024\\\/06\\\/18\\\/timac-agro-italia-dialogo-aperto-per-il-rinnovo-dellaia\\\/\",\"url\":\"https:\\\/\\\/lavocedelpaese.info\\\/index.php\\\/2024\\\/06\\\/18\\\/timac-agro-italia-dialogo-aperto-per-il-rinnovo-dellaia\\\/\",\"name\":\"Timac Agro Italia: dialogo aperto per il rinnovo dell\u2019AIA - La Voce del Paese\",\"isPartOf\":{\"@id\":\"https:\\\/\\\/lavocedelpaese.info\\\/#website\"},\"primaryImageOfPage\":{\"@id\":\"https:\\\/\\\/lavocedelpaese.info\\\/index.php\\\/2024\\\/06\\\/18\\\/timac-agro-italia-dialogo-aperto-per-il-rinnovo-dellaia\\\/#primaryimage\"},\"image\":{\"@id\":\"https:\\\/\\\/lavocedelpaese.info\\\/index.php\\\/2024\\\/06\\\/18\\\/timac-agro-italia-dialogo-aperto-per-il-rinnovo-dellaia\\\/#primaryimage\"},\"thumbnailUrl\":\"https:\\\/\\\/lavocedelpaese.info\\\/wp-content\\\/uploads\\\/2024\\\/06\\\/Timac_barletta.jpg\",\"datePublished\":\"2024-06-18T23:29:41+00:00\",\"dateModified\":\"2024-06-18T23:29:44+00:00\",\"breadcrumb\":{\"@id\":\"https:\\\/\\\/lavocedelpaese.info\\\/index.php\\\/2024\\\/06\\\/18\\\/timac-agro-italia-dialogo-aperto-per-il-rinnovo-dellaia\\\/#breadcrumb\"},\"inLanguage\":\"it-IT\",\"potentialAction\":[{\"@type\":\"ReadAction\",\"target\":[\"https:\\\/\\\/lavocedelpaese.info\\\/index.php\\\/2024\\\/06\\\/18\\\/timac-agro-italia-dialogo-aperto-per-il-rinnovo-dellaia\\\/\"]}]},{\"@type\":\"ImageObject\",\"inLanguage\":\"it-IT\",\"@id\":\"https:\\\/\\\/lavocedelpaese.info\\\/index.php\\\/2024\\\/06\\\/18\\\/timac-agro-italia-dialogo-aperto-per-il-rinnovo-dellaia\\\/#primaryimage\",\"url\":\"https:\\\/\\\/lavocedelpaese.info\\\/wp-content\\\/uploads\\\/2024\\\/06\\\/Timac_barletta.jpg\",\"contentUrl\":\"https:\\\/\\\/lavocedelpaese.info\\\/wp-content\\\/uploads\\\/2024\\\/06\\\/Timac_barletta.jpg\",\"width\":799,\"height\":400},{\"@type\":\"BreadcrumbList\",\"@id\":\"https:\\\/\\\/lavocedelpaese.info\\\/index.php\\\/2024\\\/06\\\/18\\\/timac-agro-italia-dialogo-aperto-per-il-rinnovo-dellaia\\\/#breadcrumb\",\"itemListElement\":[{\"@type\":\"ListItem\",\"position\":1,\"name\":\"Home\",\"item\":\"https:\\\/\\\/lavocedelpaese.info\\\/\"},{\"@type\":\"ListItem\",\"position\":2,\"name\":\"Timac Agro Italia: dialogo aperto per il rinnovo dell\u2019AIA\"}]},{\"@type\":\"WebSite\",\"@id\":\"https:\\\/\\\/lavocedelpaese.info\\\/#website\",\"url\":\"https:\\\/\\\/lavocedelpaese.info\\\/\",\"name\":\"La Voce del Paese\",\"description\":\"Un network di idee\",\"publisher\":{\"@id\":\"https:\\\/\\\/lavocedelpaese.info\\\/#organization\"},\"potentialAction\":[{\"@type\":\"SearchAction\",\"target\":{\"@type\":\"EntryPoint\",\"urlTemplate\":\"https:\\\/\\\/lavocedelpaese.info\\\/?s={search_term_string}\"},\"query-input\":{\"@type\":\"PropertyValueSpecification\",\"valueRequired\":true,\"valueName\":\"search_term_string\"}}],\"inLanguage\":\"it-IT\"},{\"@type\":\"Organization\",\"@id\":\"https:\\\/\\\/lavocedelpaese.info\\\/#organization\",\"name\":\"La Voce del Paese\",\"url\":\"https:\\\/\\\/lavocedelpaese.info\\\/\",\"logo\":{\"@type\":\"ImageObject\",\"inLanguage\":\"it-IT\",\"@id\":\"https:\\\/\\\/lavocedelpaese.info\\\/#\\\/schema\\\/logo\\\/image\\\/\",\"url\":\"https:\\\/\\\/lavocedelpaese.info\\\/wp-content\\\/uploads\\\/2023\\\/01\\\/cropped-logo-150-127.png\",\"contentUrl\":\"https:\\\/\\\/lavocedelpaese.info\\\/wp-content\\\/uploads\\\/2023\\\/01\\\/cropped-logo-150-127.png\",\"width\":137,\"height\":119,\"caption\":\"La Voce del Paese\"},\"image\":{\"@id\":\"https:\\\/\\\/lavocedelpaese.info\\\/#\\\/schema\\\/logo\\\/image\\\/\"},\"sameAs\":[\"https:\\\/\\\/www.facebook.com\\\/lavocedelpaese.info\"]},{\"@type\":\"Person\",\"@id\":\"https:\\\/\\\/lavocedelpaese.info\\\/#\\\/schema\\\/person\\\/ec151d321306bd7591f7a061abf72d88\",\"name\":\"admin\",\"image\":{\"@type\":\"ImageObject\",\"inLanguage\":\"it-IT\",\"@id\":\"https:\\\/\\\/secure.gravatar.com\\\/avatar\\\/af8f2caf0663124588de48a9380e07cbc95a74ef15b8062d0d39106c32fe3023?s=96&d=mm&r=g\",\"url\":\"https:\\\/\\\/secure.gravatar.com\\\/avatar\\\/af8f2caf0663124588de48a9380e07cbc95a74ef15b8062d0d39106c32fe3023?s=96&d=mm&r=g\",\"contentUrl\":\"https:\\\/\\\/secure.gravatar.com\\\/avatar\\\/af8f2caf0663124588de48a9380e07cbc95a74ef15b8062d0d39106c32fe3023?s=96&d=mm&r=g\",\"caption\":\"admin\"},\"sameAs\":[\"https:\\\/\\\/lavocedelpaese.info\"],\"url\":\"https:\\\/\\\/lavocedelpaese.info\\\/index.php\\\/author\\\/admin\\\/\"}]}<\/script>\n<!-- \/ Yoast SEO plugin. -->","yoast_head_json":{"title":"Timac Agro Italia: dialogo aperto per il rinnovo dell\u2019AIA - La Voce del Paese","robots":{"index":"index","follow":"follow","max-snippet":"max-snippet:-1","max-image-preview":"max-image-preview:large","max-video-preview":"max-video-preview:-1"},"canonical":"https:\/\/lavocedelpaese.info\/index.php\/2024\/06\/18\/timac-agro-italia-dialogo-aperto-per-il-rinnovo-dellaia\/","og_locale":"it_IT","og_type":"article","og_title":"Timac Agro Italia: dialogo aperto per il rinnovo dell\u2019AIA - La Voce del Paese","og_description":"Domani pomeriggio alle ore 16 si terr\u00e0 un incontro significativo presso lo stabilimento Timac Agro Italia di Via Trani, Barletta.","og_url":"https:\/\/lavocedelpaese.info\/index.php\/2024\/06\/18\/timac-agro-italia-dialogo-aperto-per-il-rinnovo-dellaia\/","og_site_name":"La Voce del Paese","article_publisher":"https:\/\/www.facebook.com\/lavocedelpaese.info","article_published_time":"2024-06-18T23:29:41+00:00","article_modified_time":"2024-06-18T23:29:44+00:00","og_image":[{"width":799,"height":400,"url":"https:\/\/lavocedelpaese.info\/wp-content\/uploads\/2024\/06\/Timac_barletta.jpg","type":"image\/jpeg"}],"author":"admin","twitter_card":"summary_large_image","twitter_misc":{"Scritto da":"admin","Tempo di lettura stimato":"3 minuti"},"schema":{"@context":"https:\/\/schema.org","@graph":[{"@type":"Article","@id":"https:\/\/lavocedelpaese.info\/index.php\/2024\/06\/18\/timac-agro-italia-dialogo-aperto-per-il-rinnovo-dellaia\/#article","isPartOf":{"@id":"https:\/\/lavocedelpaese.info\/index.php\/2024\/06\/18\/timac-agro-italia-dialogo-aperto-per-il-rinnovo-dellaia\/"},"author":{"name":"admin","@id":"https:\/\/lavocedelpaese.info\/#\/schema\/person\/ec151d321306bd7591f7a061abf72d88"},"headline":"Timac Agro Italia: dialogo aperto per il rinnovo dell\u2019AIA","datePublished":"2024-06-18T23:29:41+00:00","dateModified":"2024-06-18T23:29:44+00:00","mainEntityOfPage":{"@id":"https:\/\/lavocedelpaese.info\/index.php\/2024\/06\/18\/timac-agro-italia-dialogo-aperto-per-il-rinnovo-dellaia\/"},"wordCount":543,"commentCount":0,"publisher":{"@id":"https:\/\/lavocedelpaese.info\/#organization"},"image":{"@id":"https:\/\/lavocedelpaese.info\/index.php\/2024\/06\/18\/timac-agro-italia-dialogo-aperto-per-il-rinnovo-dellaia\/#primaryimage"},"thumbnailUrl":"https:\/\/lavocedelpaese.info\/wp-content\/uploads\/2024\/06\/Timac_barletta.jpg","articleSection":["Attualit\u00e0"],"inLanguage":"it-IT","potentialAction":[{"@type":"CommentAction","name":"Comment","target":["https:\/\/lavocedelpaese.info\/index.php\/2024\/06\/18\/timac-agro-italia-dialogo-aperto-per-il-rinnovo-dellaia\/#respond"]}]},{"@type":"WebPage","@id":"https:\/\/lavocedelpaese.info\/index.php\/2024\/06\/18\/timac-agro-italia-dialogo-aperto-per-il-rinnovo-dellaia\/","url":"https:\/\/lavocedelpaese.info\/index.php\/2024\/06\/18\/timac-agro-italia-dialogo-aperto-per-il-rinnovo-dellaia\/","name":"Timac Agro Italia: dialogo aperto per il rinnovo dell\u2019AIA - La Voce del Paese","isPartOf":{"@id":"https:\/\/lavocedelpaese.info\/#website"},"primaryImageOfPage":{"@id":"https:\/\/lavocedelpaese.info\/index.php\/2024\/06\/18\/timac-agro-italia-dialogo-aperto-per-il-rinnovo-dellaia\/#primaryimage"},"image":{"@id":"https:\/\/lavocedelpaese.info\/index.php\/2024\/06\/18\/timac-agro-italia-dialogo-aperto-per-il-rinnovo-dellaia\/#primaryimage"},"thumbnailUrl":"https:\/\/lavocedelpaese.info\/wp-content\/uploads\/2024\/06\/Timac_barletta.jpg","datePublished":"2024-06-18T23:29:41+00:00","dateModified":"2024-06-18T23:29:44+00:00","breadcrumb":{"@id":"https:\/\/lavocedelpaese.info\/index.php\/2024\/06\/18\/timac-agro-italia-dialogo-aperto-per-il-rinnovo-dellaia\/#breadcrumb"},"inLanguage":"it-IT","potentialAction":[{"@type":"ReadAction","target":["https:\/\/lavocedelpaese.info\/index.php\/2024\/06\/18\/timac-agro-italia-dialogo-aperto-per-il-rinnovo-dellaia\/"]}]},{"@type":"ImageObject","inLanguage":"it-IT","@id":"https:\/\/lavocedelpaese.info\/index.php\/2024\/06\/18\/timac-agro-italia-dialogo-aperto-per-il-rinnovo-dellaia\/#primaryimage","url":"https:\/\/lavocedelpaese.info\/wp-content\/uploads\/2024\/06\/Timac_barletta.jpg","contentUrl":"https:\/\/lavocedelpaese.info\/wp-content\/uploads\/2024\/06\/Timac_barletta.jpg","width":799,"height":400},{"@type":"BreadcrumbList","@id":"https:\/\/lavocedelpaese.info\/index.php\/2024\/06\/18\/timac-agro-italia-dialogo-aperto-per-il-rinnovo-dellaia\/#breadcrumb","itemListElement":[{"@type":"ListItem","position":1,"name":"Home","item":"https:\/\/lavocedelpaese.info\/"},{"@type":"ListItem","position":2,"name":"Timac Agro Italia: dialogo aperto per il rinnovo dell\u2019AIA"}]},{"@type":"WebSite","@id":"https:\/\/lavocedelpaese.info\/#website","url":"https:\/\/lavocedelpaese.info\/","name":"La Voce del Paese","description":"Un network di idee","publisher":{"@id":"https:\/\/lavocedelpaese.info\/#organization"},"potentialAction":[{"@type":"SearchAction","target":{"@type":"EntryPoint","urlTemplate":"https:\/\/lavocedelpaese.info\/?s={search_term_string}"},"query-input":{"@type":"PropertyValueSpecification","valueRequired":true,"valueName":"search_term_string"}}],"inLanguage":"it-IT"},{"@type":"Organization","@id":"https:\/\/lavocedelpaese.info\/#organization","name":"La Voce del Paese","url":"https:\/\/lavocedelpaese.info\/","logo":{"@type":"ImageObject","inLanguage":"it-IT","@id":"https:\/\/lavocedelpaese.info\/#\/schema\/logo\/image\/","url":"https:\/\/lavocedelpaese.info\/wp-content\/uploads\/2023\/01\/cropped-logo-150-127.png","contentUrl":"https:\/\/lavocedelpaese.info\/wp-content\/uploads\/2023\/01\/cropped-logo-150-127.png","width":137,"height":119,"caption":"La Voce del Paese"},"image":{"@id":"https:\/\/lavocedelpaese.info\/#\/schema\/logo\/image\/"},"sameAs":["https:\/\/www.facebook.com\/lavocedelpaese.info"]},{"@type":"Person","@id":"https:\/\/lavocedelpaese.info\/#\/schema\/person\/ec151d321306bd7591f7a061abf72d88","name":"admin","image":{"@type":"ImageObject","inLanguage":"it-IT","@id":"https:\/\/secure.gravatar.com\/avatar\/af8f2caf0663124588de48a9380e07cbc95a74ef15b8062d0d39106c32fe3023?s=96&d=mm&r=g","url":"https:\/\/secure.gravatar.com\/avatar\/af8f2caf0663124588de48a9380e07cbc95a74ef15b8062d0d39106c32fe3023?s=96&d=mm&r=g","contentUrl":"https:\/\/secure.gravatar.com\/avatar\/af8f2caf0663124588de48a9380e07cbc95a74ef15b8062d0d39106c32fe3023?s=96&d=mm&r=g","caption":"admin"},"sameAs":["https:\/\/lavocedelpaese.info"],"url":"https:\/\/lavocedelpaese.info\/index.php\/author\/admin\/"}]}},"_links":{"self":[{"href":"https:\/\/lavocedelpaese.info\/index.php\/wp-json\/wp\/v2\/posts\/2431","targetHints":{"allow":["GET"]}}],"collection":[{"href":"https:\/\/lavocedelpaese.info\/index.php\/wp-json\/wp\/v2\/posts"}],"about":[{"href":"https:\/\/lavocedelpaese.info\/index.php\/wp-json\/wp\/v2\/types\/post"}],"author":[{"embeddable":true,"href":"https:\/\/lavocedelpaese.info\/index.php\/wp-json\/wp\/v2\/users\/6"}],"replies":[{"embeddable":true,"href":"https:\/\/lavocedelpaese.info\/index.php\/wp-json\/wp\/v2\/comments?post=2431"}],"version-history":[{"count":1,"href":"https:\/\/lavocedelpaese.info\/index.php\/wp-json\/wp\/v2\/posts\/2431\/revisions"}],"predecessor-version":[{"id":2433,"href":"https:\/\/lavocedelpaese.info\/index.php\/wp-json\/wp\/v2\/posts\/2431\/revisions\/2433"}],"wp:featuredmedia":[{"embeddable":true,"href":"https:\/\/lavocedelpaese.info\/index.php\/wp-json\/wp\/v2\/media\/2432"}],"wp:attachment":[{"href":"https:\/\/lavocedelpaese.info\/index.php\/wp-json\/wp\/v2\/media?parent=2431"}],"wp:term":[{"taxonomy":"category","embeddable":true,"href":"https:\/\/lavocedelpaese.info\/index.php\/wp-json\/wp\/v2\/categories?post=2431"},{"taxonomy":"post_tag","embeddable":true,"href":"https:\/\/lavocedelpaese.info\/index.php\/wp-json\/wp\/v2\/tags?post=2431"}],"curies":[{"name":"wp","href":"https:\/\/api.w.org\/{rel}","templated":true}]}}