{"id":2427,"date":"2024-06-18T23:27:11","date_gmt":"2024-06-18T23:27:11","guid":{"rendered":"https:\/\/lavocedelpaese.info\/?p=2427"},"modified":"2024-06-18T23:27:13","modified_gmt":"2024-06-18T23:27:13","slug":"carlo-salvemini-sfida-adriana-poli-bortone-sulla-legalita-pronto-ad-andare-con-lei-in-procura","status":"publish","type":"post","link":"https:\/\/lavocedelpaese.info\/index.php\/2024\/06\/18\/carlo-salvemini-sfida-adriana-poli-bortone-sulla-legalita-pronto-ad-andare-con-lei-in-procura\/","title":{"rendered":"Carlo Salvemini sfida Adriana Poli Bortone sulla legalit\u00e0: &#8220;Pronto ad andare con lei in Procura&#8221;"},"content":{"rendered":"\n<h4 class=\"wp-block-heading\">Difesa dell&#8217;etica e della memoria del padre in un comizio acceso a Lecce<\/h4>\n\n\n\n<p>Il comizio elettorale di Carlo Salvemini, candidato del Centrosinistra per le elezioni comunali a Lecce, ha visto il politico rilanciare con forza la sua campagna in vista del ballottaggio. La difesa della memoria del padre, Stefano Salvemini, che fu sindaco di Lecce dal 1995 al 1998, \u00e8 stata lungamente applaudita dai cittadini presenti. Salvemini ha affrontato accuse e insinuazioni con determinazione, richiamando l&#8217;attenzione su un episodio particolarmente oscuro della politica locale: il broglio dei Buoni Ordinari Comunali (Boc), che vide la condanna dell&#8217;ex assessore Ennio De Leo e del dirigente Giuseppe Naccarelli per illeciti nella gestione degli incentivi.<\/p>\n\n\n\n<p>Durante il comizio, Salvemini ha risposto con ironia a chi lo aveva rappresentato davanti al cimitero, trasformando l&#8217;insulto in un simbolo di orgoglio. Ha ricordato come, insieme ad altri consiglieri di minoranza, avesse denunciato le irregolarit\u00e0 sui Boc, portando alla condanna dei responsabili. Questo tema della legalit\u00e0 e dell&#8217;etica pubblica \u00e8 stato il fulcro del suo discorso, ribadendo il suo impegno per una politica trasparente e onesta.<\/p>\n\n\n\n<p>Adriana Poli Bortone, che aveva mancato la vittoria al primo turno per un soffio, si trova ora di fronte a un avversario determinato a sfruttare ogni opportunit\u00e0 per recuperare terreno. Salvemini, consapevole dell&#8217;importanza del ballottaggio, ha sottolineato come spesso questa fase elettorale riservi sorprese, richiamando l&#8217;attenzione sull&#8217;intensit\u00e0 e la brevit\u00e0 della seconda fase della campagna, che si concluder\u00e0 alla mezzanotte di venerd\u00ec.<\/p>\n\n\n\n<p>Nel suo discorso, Salvemini ha fatto riferimento a dossier su delibere e provvedimenti che, secondo lui, sono stati usati per insinuare una compromissione dell&#8217;interesse pubblico a favore di interessi privati. Ha denunciato la mancanza di prove concrete dietro queste accuse e ha proposto una soluzione drastica: accompagnare personalmente Adriana Poli Bortone alla procura della Repubblica per presentare il dossier che lei sostiene di aver preparato. Questa mossa mira a dimostrare la sua trasparenza e a sfidare apertamente le accuse lanciate contro di lui.<\/p>\n\n\n\n<p>La figura del padre, Stefano Salvemini, \u00e8 stata evocata con emozione, evidenziando il legame familiare e il peso della sua eredit\u00e0 politica. Carlo Salvemini ha sottolineato come il suo impegno attuale sia anche una difesa della memoria e dell&#8217;integrit\u00e0 del padre, scomparso nel 2003, ma ancora presente nel cuore e nella mente di molti cittadini leccesi.<\/p>\n\n\n\n<p>Il comizio \u00e8 stato un momento cruciale per la campagna elettorale di Salvemini, che ha saputo catalizzare l&#8217;attenzione su temi etici e di legalit\u00e0, ribadendo la sua volont\u00e0 di combattere contro ogni forma di corruzione e malgoverno. La presenza di un pubblico numeroso e coinvolto ha testimoniato l&#8217;interesse e il sostegno che Salvemini riesce a suscitare, nonostante le difficolt\u00e0 e le polemiche che caratterizzano questa fase elettorale.<\/p>\n\n\n\n<p>La strategia di Salvemini si basa sulla trasparenza e sull&#8217;affrontare direttamente le accuse, trasformando le critiche in un&#8217;opportunit\u00e0 per dimostrare la propria integrit\u00e0. La sua apertura a confrontarsi in procura rappresenta un atto di coraggio e un chiaro messaggio di disponibilit\u00e0 a essere giudicato dalle autorit\u00e0 competenti, piuttosto che dai tribunali mediatici o dall&#8217;opinione pubblica manipolata.<\/p>\n\n\n\n<p>Adriana Poli Bortone, dal canto suo, dovr\u00e0 rispondere a questa sfida, dimostrando la fondatezza delle sue accuse e la propria visione per il futuro della citt\u00e0. Il confronto tra i due candidati si preannuncia serrato e carico di tensione, con il potenziale di influenzare significativamente l&#8217;esito delle elezioni.<\/p>\n\n\n\n<p>In conclusione, il comizio di Carlo Salvemini ha rappresentato un momento chiave nella campagna elettorale leccese, caratterizzato dalla difesa dell&#8217;etica e della legalit\u00e0. Il richiamo alla memoria del padre e l&#8217;invito a un confronto trasparente con l&#8217;avversaria Adriana Poli Bortone sono stati i punti salienti di un discorso che mira a coinvolgere e mobilitare l&#8217;elettorato su valori di integrit\u00e0 e giustizia. Salvemini ha dimostrato di essere pronto a combattere fino all&#8217;ultimo voto, puntando su una campagna elettorale che esalti la trasparenza e la responsabilit\u00e0 pubblica come pilastri fondamentali del suo impegno politico.<\/p>\n","protected":false},"excerpt":{"rendered":"<p>Difesa dell&#8217;etica e della memoria del padre in un comizio acceso a Lecce Il comizio elettorale di Carlo Salvemini, candidato<\/p>\n","protected":false},"author":6,"featured_media":2429,"comment_status":"open","ping_status":"closed","sticky":false,"template":"","format":"standard","meta":{"colormag_page_container_layout":"default_layout","colormag_page_sidebar_layout":"default_layout","footnotes":""},"categories":[2,33],"tags":[],"class_list":["post-2427","post","type-post","status-publish","format-standard","has-post-thumbnail","hentry","category-attualita","category-network"],"yoast_head":"<!-- This site is optimized with the Yoast SEO plugin v27.5 - https:\/\/yoast.com\/product\/yoast-seo-wordpress\/ -->\n<title>Carlo Salvemini sfida Adriana Poli Bortone sulla legalit\u00e0: &quot;Pronto ad andare con lei in Procura&quot; - La Voce del Paese<\/title>\n<meta name=\"robots\" content=\"index, follow, max-snippet:-1, max-image-preview:large, max-video-preview:-1\" \/>\n<link rel=\"canonical\" href=\"https:\/\/lavocedelpaese.info\/index.php\/2024\/06\/18\/carlo-salvemini-sfida-adriana-poli-bortone-sulla-legalita-pronto-ad-andare-con-lei-in-procura\/\" \/>\n<meta property=\"og:locale\" content=\"it_IT\" \/>\n<meta property=\"og:type\" content=\"article\" \/>\n<meta property=\"og:title\" content=\"Carlo Salvemini sfida Adriana Poli Bortone sulla legalit\u00e0: &quot;Pronto ad andare con lei in Procura&quot; - La Voce del Paese\" \/>\n<meta property=\"og:description\" content=\"Difesa dell&#8217;etica e della memoria del padre in un comizio acceso a Lecce Il comizio elettorale di Carlo Salvemini, candidato\" \/>\n<meta property=\"og:url\" content=\"https:\/\/lavocedelpaese.info\/index.php\/2024\/06\/18\/carlo-salvemini-sfida-adriana-poli-bortone-sulla-legalita-pronto-ad-andare-con-lei-in-procura\/\" \/>\n<meta property=\"og:site_name\" content=\"La Voce del Paese\" \/>\n<meta property=\"article:publisher\" content=\"https:\/\/www.facebook.com\/lavocedelpaese.info\" \/>\n<meta property=\"article:published_time\" content=\"2024-06-18T23:27:11+00:00\" \/>\n<meta property=\"article:modified_time\" content=\"2024-06-18T23:27:13+00:00\" \/>\n<meta property=\"og:image\" content=\"https:\/\/lavocedelpaese.info\/wp-content\/uploads\/2024\/06\/carlo-salvemini.jpg\" \/>\n\t<meta property=\"og:image:width\" content=\"735\" \/>\n\t<meta property=\"og:image:height\" content=\"416\" \/>\n\t<meta property=\"og:image:type\" content=\"image\/jpeg\" \/>\n<meta name=\"author\" content=\"admin\" \/>\n<meta name=\"twitter:card\" content=\"summary_large_image\" \/>\n<meta name=\"twitter:label1\" content=\"Scritto da\" \/>\n\t<meta name=\"twitter:data1\" content=\"admin\" \/>\n\t<meta name=\"twitter:label2\" content=\"Tempo di lettura stimato\" \/>\n\t<meta name=\"twitter:data2\" content=\"4 minuti\" \/>\n<script type=\"application\/ld+json\" class=\"yoast-schema-graph\">{\"@context\":\"https:\\\/\\\/schema.org\",\"@graph\":[{\"@type\":\"Article\",\"@id\":\"https:\\\/\\\/lavocedelpaese.info\\\/index.php\\\/2024\\\/06\\\/18\\\/carlo-salvemini-sfida-adriana-poli-bortone-sulla-legalita-pronto-ad-andare-con-lei-in-procura\\\/#article\",\"isPartOf\":{\"@id\":\"https:\\\/\\\/lavocedelpaese.info\\\/index.php\\\/2024\\\/06\\\/18\\\/carlo-salvemini-sfida-adriana-poli-bortone-sulla-legalita-pronto-ad-andare-con-lei-in-procura\\\/\"},\"author\":{\"name\":\"admin\",\"@id\":\"https:\\\/\\\/lavocedelpaese.info\\\/#\\\/schema\\\/person\\\/ec151d321306bd7591f7a061abf72d88\"},\"headline\":\"Carlo Salvemini sfida Adriana Poli Bortone sulla legalit\u00e0: &#8220;Pronto ad andare con lei in Procura&#8221;\",\"datePublished\":\"2024-06-18T23:27:11+00:00\",\"dateModified\":\"2024-06-18T23:27:13+00:00\",\"mainEntityOfPage\":{\"@id\":\"https:\\\/\\\/lavocedelpaese.info\\\/index.php\\\/2024\\\/06\\\/18\\\/carlo-salvemini-sfida-adriana-poli-bortone-sulla-legalita-pronto-ad-andare-con-lei-in-procura\\\/\"},\"wordCount\":671,\"commentCount\":0,\"publisher\":{\"@id\":\"https:\\\/\\\/lavocedelpaese.info\\\/#organization\"},\"image\":{\"@id\":\"https:\\\/\\\/lavocedelpaese.info\\\/index.php\\\/2024\\\/06\\\/18\\\/carlo-salvemini-sfida-adriana-poli-bortone-sulla-legalita-pronto-ad-andare-con-lei-in-procura\\\/#primaryimage\"},\"thumbnailUrl\":\"https:\\\/\\\/lavocedelpaese.info\\\/wp-content\\\/uploads\\\/2024\\\/06\\\/carlo-salvemini.jpg\",\"articleSection\":[\"Attualit\u00e0\",\"network\"],\"inLanguage\":\"it-IT\",\"potentialAction\":[{\"@type\":\"CommentAction\",\"name\":\"Comment\",\"target\":[\"https:\\\/\\\/lavocedelpaese.info\\\/index.php\\\/2024\\\/06\\\/18\\\/carlo-salvemini-sfida-adriana-poli-bortone-sulla-legalita-pronto-ad-andare-con-lei-in-procura\\\/#respond\"]}]},{\"@type\":\"WebPage\",\"@id\":\"https:\\\/\\\/lavocedelpaese.info\\\/index.php\\\/2024\\\/06\\\/18\\\/carlo-salvemini-sfida-adriana-poli-bortone-sulla-legalita-pronto-ad-andare-con-lei-in-procura\\\/\",\"url\":\"https:\\\/\\\/lavocedelpaese.info\\\/index.php\\\/2024\\\/06\\\/18\\\/carlo-salvemini-sfida-adriana-poli-bortone-sulla-legalita-pronto-ad-andare-con-lei-in-procura\\\/\",\"name\":\"Carlo Salvemini sfida Adriana Poli Bortone sulla legalit\u00e0: \\\"Pronto ad andare con lei in Procura\\\" - La Voce del Paese\",\"isPartOf\":{\"@id\":\"https:\\\/\\\/lavocedelpaese.info\\\/#website\"},\"primaryImageOfPage\":{\"@id\":\"https:\\\/\\\/lavocedelpaese.info\\\/index.php\\\/2024\\\/06\\\/18\\\/carlo-salvemini-sfida-adriana-poli-bortone-sulla-legalita-pronto-ad-andare-con-lei-in-procura\\\/#primaryimage\"},\"image\":{\"@id\":\"https:\\\/\\\/lavocedelpaese.info\\\/index.php\\\/2024\\\/06\\\/18\\\/carlo-salvemini-sfida-adriana-poli-bortone-sulla-legalita-pronto-ad-andare-con-lei-in-procura\\\/#primaryimage\"},\"thumbnailUrl\":\"https:\\\/\\\/lavocedelpaese.info\\\/wp-content\\\/uploads\\\/2024\\\/06\\\/carlo-salvemini.jpg\",\"datePublished\":\"2024-06-18T23:27:11+00:00\",\"dateModified\":\"2024-06-18T23:27:13+00:00\",\"breadcrumb\":{\"@id\":\"https:\\\/\\\/lavocedelpaese.info\\\/index.php\\\/2024\\\/06\\\/18\\\/carlo-salvemini-sfida-adriana-poli-bortone-sulla-legalita-pronto-ad-andare-con-lei-in-procura\\\/#breadcrumb\"},\"inLanguage\":\"it-IT\",\"potentialAction\":[{\"@type\":\"ReadAction\",\"target\":[\"https:\\\/\\\/lavocedelpaese.info\\\/index.php\\\/2024\\\/06\\\/18\\\/carlo-salvemini-sfida-adriana-poli-bortone-sulla-legalita-pronto-ad-andare-con-lei-in-procura\\\/\"]}]},{\"@type\":\"ImageObject\",\"inLanguage\":\"it-IT\",\"@id\":\"https:\\\/\\\/lavocedelpaese.info\\\/index.php\\\/2024\\\/06\\\/18\\\/carlo-salvemini-sfida-adriana-poli-bortone-sulla-legalita-pronto-ad-andare-con-lei-in-procura\\\/#primaryimage\",\"url\":\"https:\\\/\\\/lavocedelpaese.info\\\/wp-content\\\/uploads\\\/2024\\\/06\\\/carlo-salvemini.jpg\",\"contentUrl\":\"https:\\\/\\\/lavocedelpaese.info\\\/wp-content\\\/uploads\\\/2024\\\/06\\\/carlo-salvemini.jpg\",\"width\":735,\"height\":416},{\"@type\":\"BreadcrumbList\",\"@id\":\"https:\\\/\\\/lavocedelpaese.info\\\/index.php\\\/2024\\\/06\\\/18\\\/carlo-salvemini-sfida-adriana-poli-bortone-sulla-legalita-pronto-ad-andare-con-lei-in-procura\\\/#breadcrumb\",\"itemListElement\":[{\"@type\":\"ListItem\",\"position\":1,\"name\":\"Home\",\"item\":\"https:\\\/\\\/lavocedelpaese.info\\\/\"},{\"@type\":\"ListItem\",\"position\":2,\"name\":\"Carlo Salvemini sfida Adriana Poli Bortone sulla legalit\u00e0: &#8220;Pronto ad andare con lei in Procura&#8221;\"}]},{\"@type\":\"WebSite\",\"@id\":\"https:\\\/\\\/lavocedelpaese.info\\\/#website\",\"url\":\"https:\\\/\\\/lavocedelpaese.info\\\/\",\"name\":\"La Voce del Paese\",\"description\":\"Un network di idee\",\"publisher\":{\"@id\":\"https:\\\/\\\/lavocedelpaese.info\\\/#organization\"},\"potentialAction\":[{\"@type\":\"SearchAction\",\"target\":{\"@type\":\"EntryPoint\",\"urlTemplate\":\"https:\\\/\\\/lavocedelpaese.info\\\/?s={search_term_string}\"},\"query-input\":{\"@type\":\"PropertyValueSpecification\",\"valueRequired\":true,\"valueName\":\"search_term_string\"}}],\"inLanguage\":\"it-IT\"},{\"@type\":\"Organization\",\"@id\":\"https:\\\/\\\/lavocedelpaese.info\\\/#organization\",\"name\":\"La Voce del Paese\",\"url\":\"https:\\\/\\\/lavocedelpaese.info\\\/\",\"logo\":{\"@type\":\"ImageObject\",\"inLanguage\":\"it-IT\",\"@id\":\"https:\\\/\\\/lavocedelpaese.info\\\/#\\\/schema\\\/logo\\\/image\\\/\",\"url\":\"https:\\\/\\\/lavocedelpaese.info\\\/wp-content\\\/uploads\\\/2023\\\/01\\\/cropped-logo-150-127.png\",\"contentUrl\":\"https:\\\/\\\/lavocedelpaese.info\\\/wp-content\\\/uploads\\\/2023\\\/01\\\/cropped-logo-150-127.png\",\"width\":137,\"height\":119,\"caption\":\"La Voce del Paese\"},\"image\":{\"@id\":\"https:\\\/\\\/lavocedelpaese.info\\\/#\\\/schema\\\/logo\\\/image\\\/\"},\"sameAs\":[\"https:\\\/\\\/www.facebook.com\\\/lavocedelpaese.info\"]},{\"@type\":\"Person\",\"@id\":\"https:\\\/\\\/lavocedelpaese.info\\\/#\\\/schema\\\/person\\\/ec151d321306bd7591f7a061abf72d88\",\"name\":\"admin\",\"image\":{\"@type\":\"ImageObject\",\"inLanguage\":\"it-IT\",\"@id\":\"https:\\\/\\\/secure.gravatar.com\\\/avatar\\\/af8f2caf0663124588de48a9380e07cbc95a74ef15b8062d0d39106c32fe3023?s=96&d=mm&r=g\",\"url\":\"https:\\\/\\\/secure.gravatar.com\\\/avatar\\\/af8f2caf0663124588de48a9380e07cbc95a74ef15b8062d0d39106c32fe3023?s=96&d=mm&r=g\",\"contentUrl\":\"https:\\\/\\\/secure.gravatar.com\\\/avatar\\\/af8f2caf0663124588de48a9380e07cbc95a74ef15b8062d0d39106c32fe3023?s=96&d=mm&r=g\",\"caption\":\"admin\"},\"sameAs\":[\"https:\\\/\\\/lavocedelpaese.info\"],\"url\":\"https:\\\/\\\/lavocedelpaese.info\\\/index.php\\\/author\\\/admin\\\/\"}]}<\/script>\n<!-- \/ Yoast SEO plugin. -->","yoast_head_json":{"title":"Carlo Salvemini sfida Adriana Poli Bortone sulla legalit\u00e0: \"Pronto ad andare con lei in Procura\" - La Voce del Paese","robots":{"index":"index","follow":"follow","max-snippet":"max-snippet:-1","max-image-preview":"max-image-preview:large","max-video-preview":"max-video-preview:-1"},"canonical":"https:\/\/lavocedelpaese.info\/index.php\/2024\/06\/18\/carlo-salvemini-sfida-adriana-poli-bortone-sulla-legalita-pronto-ad-andare-con-lei-in-procura\/","og_locale":"it_IT","og_type":"article","og_title":"Carlo Salvemini sfida Adriana Poli Bortone sulla legalit\u00e0: \"Pronto ad andare con lei in Procura\" - La Voce del Paese","og_description":"Difesa dell&#8217;etica e della memoria del padre in un comizio acceso a Lecce Il comizio elettorale di Carlo Salvemini, candidato","og_url":"https:\/\/lavocedelpaese.info\/index.php\/2024\/06\/18\/carlo-salvemini-sfida-adriana-poli-bortone-sulla-legalita-pronto-ad-andare-con-lei-in-procura\/","og_site_name":"La Voce del Paese","article_publisher":"https:\/\/www.facebook.com\/lavocedelpaese.info","article_published_time":"2024-06-18T23:27:11+00:00","article_modified_time":"2024-06-18T23:27:13+00:00","og_image":[{"width":735,"height":416,"url":"https:\/\/lavocedelpaese.info\/wp-content\/uploads\/2024\/06\/carlo-salvemini.jpg","type":"image\/jpeg"}],"author":"admin","twitter_card":"summary_large_image","twitter_misc":{"Scritto da":"admin","Tempo di lettura stimato":"4 minuti"},"schema":{"@context":"https:\/\/schema.org","@graph":[{"@type":"Article","@id":"https:\/\/lavocedelpaese.info\/index.php\/2024\/06\/18\/carlo-salvemini-sfida-adriana-poli-bortone-sulla-legalita-pronto-ad-andare-con-lei-in-procura\/#article","isPartOf":{"@id":"https:\/\/lavocedelpaese.info\/index.php\/2024\/06\/18\/carlo-salvemini-sfida-adriana-poli-bortone-sulla-legalita-pronto-ad-andare-con-lei-in-procura\/"},"author":{"name":"admin","@id":"https:\/\/lavocedelpaese.info\/#\/schema\/person\/ec151d321306bd7591f7a061abf72d88"},"headline":"Carlo Salvemini sfida Adriana Poli Bortone sulla legalit\u00e0: &#8220;Pronto ad andare con lei in Procura&#8221;","datePublished":"2024-06-18T23:27:11+00:00","dateModified":"2024-06-18T23:27:13+00:00","mainEntityOfPage":{"@id":"https:\/\/lavocedelpaese.info\/index.php\/2024\/06\/18\/carlo-salvemini-sfida-adriana-poli-bortone-sulla-legalita-pronto-ad-andare-con-lei-in-procura\/"},"wordCount":671,"commentCount":0,"publisher":{"@id":"https:\/\/lavocedelpaese.info\/#organization"},"image":{"@id":"https:\/\/lavocedelpaese.info\/index.php\/2024\/06\/18\/carlo-salvemini-sfida-adriana-poli-bortone-sulla-legalita-pronto-ad-andare-con-lei-in-procura\/#primaryimage"},"thumbnailUrl":"https:\/\/lavocedelpaese.info\/wp-content\/uploads\/2024\/06\/carlo-salvemini.jpg","articleSection":["Attualit\u00e0","network"],"inLanguage":"it-IT","potentialAction":[{"@type":"CommentAction","name":"Comment","target":["https:\/\/lavocedelpaese.info\/index.php\/2024\/06\/18\/carlo-salvemini-sfida-adriana-poli-bortone-sulla-legalita-pronto-ad-andare-con-lei-in-procura\/#respond"]}]},{"@type":"WebPage","@id":"https:\/\/lavocedelpaese.info\/index.php\/2024\/06\/18\/carlo-salvemini-sfida-adriana-poli-bortone-sulla-legalita-pronto-ad-andare-con-lei-in-procura\/","url":"https:\/\/lavocedelpaese.info\/index.php\/2024\/06\/18\/carlo-salvemini-sfida-adriana-poli-bortone-sulla-legalita-pronto-ad-andare-con-lei-in-procura\/","name":"Carlo Salvemini sfida Adriana Poli Bortone sulla legalit\u00e0: \"Pronto ad andare con lei in Procura\" - La Voce del Paese","isPartOf":{"@id":"https:\/\/lavocedelpaese.info\/#website"},"primaryImageOfPage":{"@id":"https:\/\/lavocedelpaese.info\/index.php\/2024\/06\/18\/carlo-salvemini-sfida-adriana-poli-bortone-sulla-legalita-pronto-ad-andare-con-lei-in-procura\/#primaryimage"},"image":{"@id":"https:\/\/lavocedelpaese.info\/index.php\/2024\/06\/18\/carlo-salvemini-sfida-adriana-poli-bortone-sulla-legalita-pronto-ad-andare-con-lei-in-procura\/#primaryimage"},"thumbnailUrl":"https:\/\/lavocedelpaese.info\/wp-content\/uploads\/2024\/06\/carlo-salvemini.jpg","datePublished":"2024-06-18T23:27:11+00:00","dateModified":"2024-06-18T23:27:13+00:00","breadcrumb":{"@id":"https:\/\/lavocedelpaese.info\/index.php\/2024\/06\/18\/carlo-salvemini-sfida-adriana-poli-bortone-sulla-legalita-pronto-ad-andare-con-lei-in-procura\/#breadcrumb"},"inLanguage":"it-IT","potentialAction":[{"@type":"ReadAction","target":["https:\/\/lavocedelpaese.info\/index.php\/2024\/06\/18\/carlo-salvemini-sfida-adriana-poli-bortone-sulla-legalita-pronto-ad-andare-con-lei-in-procura\/"]}]},{"@type":"ImageObject","inLanguage":"it-IT","@id":"https:\/\/lavocedelpaese.info\/index.php\/2024\/06\/18\/carlo-salvemini-sfida-adriana-poli-bortone-sulla-legalita-pronto-ad-andare-con-lei-in-procura\/#primaryimage","url":"https:\/\/lavocedelpaese.info\/wp-content\/uploads\/2024\/06\/carlo-salvemini.jpg","contentUrl":"https:\/\/lavocedelpaese.info\/wp-content\/uploads\/2024\/06\/carlo-salvemini.jpg","width":735,"height":416},{"@type":"BreadcrumbList","@id":"https:\/\/lavocedelpaese.info\/index.php\/2024\/06\/18\/carlo-salvemini-sfida-adriana-poli-bortone-sulla-legalita-pronto-ad-andare-con-lei-in-procura\/#breadcrumb","itemListElement":[{"@type":"ListItem","position":1,"name":"Home","item":"https:\/\/lavocedelpaese.info\/"},{"@type":"ListItem","position":2,"name":"Carlo Salvemini sfida Adriana Poli Bortone sulla legalit\u00e0: &#8220;Pronto ad andare con lei in Procura&#8221;"}]},{"@type":"WebSite","@id":"https:\/\/lavocedelpaese.info\/#website","url":"https:\/\/lavocedelpaese.info\/","name":"La Voce del Paese","description":"Un network di idee","publisher":{"@id":"https:\/\/lavocedelpaese.info\/#organization"},"potentialAction":[{"@type":"SearchAction","target":{"@type":"EntryPoint","urlTemplate":"https:\/\/lavocedelpaese.info\/?s={search_term_string}"},"query-input":{"@type":"PropertyValueSpecification","valueRequired":true,"valueName":"search_term_string"}}],"inLanguage":"it-IT"},{"@type":"Organization","@id":"https:\/\/lavocedelpaese.info\/#organization","name":"La Voce del Paese","url":"https:\/\/lavocedelpaese.info\/","logo":{"@type":"ImageObject","inLanguage":"it-IT","@id":"https:\/\/lavocedelpaese.info\/#\/schema\/logo\/image\/","url":"https:\/\/lavocedelpaese.info\/wp-content\/uploads\/2023\/01\/cropped-logo-150-127.png","contentUrl":"https:\/\/lavocedelpaese.info\/wp-content\/uploads\/2023\/01\/cropped-logo-150-127.png","width":137,"height":119,"caption":"La Voce del Paese"},"image":{"@id":"https:\/\/lavocedelpaese.info\/#\/schema\/logo\/image\/"},"sameAs":["https:\/\/www.facebook.com\/lavocedelpaese.info"]},{"@type":"Person","@id":"https:\/\/lavocedelpaese.info\/#\/schema\/person\/ec151d321306bd7591f7a061abf72d88","name":"admin","image":{"@type":"ImageObject","inLanguage":"it-IT","@id":"https:\/\/secure.gravatar.com\/avatar\/af8f2caf0663124588de48a9380e07cbc95a74ef15b8062d0d39106c32fe3023?s=96&d=mm&r=g","url":"https:\/\/secure.gravatar.com\/avatar\/af8f2caf0663124588de48a9380e07cbc95a74ef15b8062d0d39106c32fe3023?s=96&d=mm&r=g","contentUrl":"https:\/\/secure.gravatar.com\/avatar\/af8f2caf0663124588de48a9380e07cbc95a74ef15b8062d0d39106c32fe3023?s=96&d=mm&r=g","caption":"admin"},"sameAs":["https:\/\/lavocedelpaese.info"],"url":"https:\/\/lavocedelpaese.info\/index.php\/author\/admin\/"}]}},"_links":{"self":[{"href":"https:\/\/lavocedelpaese.info\/index.php\/wp-json\/wp\/v2\/posts\/2427","targetHints":{"allow":["GET"]}}],"collection":[{"href":"https:\/\/lavocedelpaese.info\/index.php\/wp-json\/wp\/v2\/posts"}],"about":[{"href":"https:\/\/lavocedelpaese.info\/index.php\/wp-json\/wp\/v2\/types\/post"}],"author":[{"embeddable":true,"href":"https:\/\/lavocedelpaese.info\/index.php\/wp-json\/wp\/v2\/users\/6"}],"replies":[{"embeddable":true,"href":"https:\/\/lavocedelpaese.info\/index.php\/wp-json\/wp\/v2\/comments?post=2427"}],"version-history":[{"count":1,"href":"https:\/\/lavocedelpaese.info\/index.php\/wp-json\/wp\/v2\/posts\/2427\/revisions"}],"predecessor-version":[{"id":2430,"href":"https:\/\/lavocedelpaese.info\/index.php\/wp-json\/wp\/v2\/posts\/2427\/revisions\/2430"}],"wp:featuredmedia":[{"embeddable":true,"href":"https:\/\/lavocedelpaese.info\/index.php\/wp-json\/wp\/v2\/media\/2429"}],"wp:attachment":[{"href":"https:\/\/lavocedelpaese.info\/index.php\/wp-json\/wp\/v2\/media?parent=2427"}],"wp:term":[{"taxonomy":"category","embeddable":true,"href":"https:\/\/lavocedelpaese.info\/index.php\/wp-json\/wp\/v2\/categories?post=2427"},{"taxonomy":"post_tag","embeddable":true,"href":"https:\/\/lavocedelpaese.info\/index.php\/wp-json\/wp\/v2\/tags?post=2427"}],"curies":[{"name":"wp","href":"https:\/\/api.w.org\/{rel}","templated":true}]}}