{"id":2413,"date":"2024-06-16T23:03:16","date_gmt":"2024-06-16T23:03:16","guid":{"rendered":"https:\/\/lavocedelpaese.info\/?p=2413"},"modified":"2024-06-16T23:03:19","modified_gmt":"2024-06-16T23:03:19","slug":"colonna-e-romito-analizzano-il-degrado-della-costa-barese","status":"publish","type":"post","link":"https:\/\/lavocedelpaese.info\/index.php\/2024\/06\/16\/colonna-e-romito-analizzano-il-degrado-della-costa-barese\/","title":{"rendered":"Colonna e Romito analizzano il degrado della costa barese"},"content":{"rendered":"\n<h4 class=\"wp-block-heading\"><strong>Focus sulle periferie e proposte di rilancio<\/strong><\/h4>\n\n\n\n<p>Il 16 giugno, Filippo Colonna, candidato a presidente del Municipio 3 di Bari, ha incontrato il candidato sindaco del centrodestra Fabio Romito in zona Fesca per analizzare la situazione della costa nella periferia barese. Colonna, che ha ottenuto il 33,10% dei voti al primo turno, ha organizzato questo incontro per discutere delle problematiche ambientali e del degrado delle aree balneari del Municipio 3, evidenziando la necessit\u00e0 di una maggiore attenzione da parte del Comune. Il programma elettorale di Colonna include idee per rilanciare il waterfront di San Girolamo e collegare piazza Perosi al resto del lungomare, oltre a promuovere gli sport acquatici e organizzare eventi per animare queste aree. Durante la giornata, Colonna e Romito hanno camminato da Fesca a San Cataldo, esaminando il potenziale inespresso del lungomare barese.<\/p>\n\n\n\n<p>L&#8217;incontro tra Colonna e Romito ha significative implicazioni politiche, in quanto rafforza la visibilit\u00e0 e la presenza dei candidati nelle aree periferiche di Bari. Questo tipo di iniziativa \u00e8 strategicamente importante in un periodo elettorale, poich\u00e9 dimostra l&#8217;impegno dei candidati nel risolvere i problemi locali e nel dialogare direttamente con i cittadini. La presenza fisica sul territorio e l&#8217;analisi diretta delle problematiche aumentano la credibilit\u00e0 e la vicinanza percepita dei politici verso le preoccupazioni degli elettori. Questo approccio pu\u00f2 risultare decisivo nel convincere gli indecisi e consolidare il supporto degli elettori gi\u00e0 acquisiti.<\/p>\n\n\n\n<p>L&#8217;incontro mette in evidenza l&#8217;importanza delle tematiche ambientali e dello sviluppo urbano nel dibattito politico locale. La questione del degrado delle aree balneari e la necessit\u00e0 di riqualificazione del lungomare sono temi centrali che possono influenzare significativamente l&#8217;opinione pubblica. I candidati che si mostrano attenti a queste problematiche e propongono soluzioni concrete possono guadagnare consenso, soprattutto in una citt\u00e0 come Bari, dove il mare rappresenta una risorsa fondamentale per il benessere dei residenti e per l&#8217;attrattivit\u00e0 turistica. Inoltre, la promozione degli sport acquatici e l&#8217;organizzazione di eventi possono contribuire a un rilancio economico e sociale delle aree periferiche, rendendole pi\u00f9 vivibili e attrattive.<\/p>\n\n\n\n<p>L&#8217;incontro tra Colonna e Romito potrebbe avere un impatto significativo sulle dinamiche elettorali. La capacit\u00e0 di dimostrare un&#8217;unit\u00e0 di intenti e una collaborazione efficace tra i candidati pu\u00f2 rafforzare la coesione interna del centrodestra e presentare un fronte unito agli elettori. Questo \u00e8 particolarmente importante in un contesto elettorale frammentato, dove la percezione di divisioni interne pu\u00f2 influenzare negativamente le prospettive elettorali. Mostrare una visione comune e un piano coordinato per il futuro della citt\u00e0 pu\u00f2 aumentare la fiducia degli elettori nella capacit\u00e0 dei candidati di governare efficacemente.<\/p>\n\n\n\n<p>L&#8217;incontro tra Filippo Colonna e Fabio Romito in zona Fesca per analizzare la situazione del litorale barese ha implicazioni politiche rilevanti. Esso rafforza la visibilit\u00e0 dei candidati, mette in luce le tematiche ambientali e di sviluppo urbano, mobilita la comunit\u00e0 locale e critica l&#8217;amministrazione attuale. Inoltre, implica una potenziale riorganizzazione delle risorse e influenza le dinamiche elettorali in vista del ballottaggio. Questo tipo di iniziative pu\u00f2 determinare il successo elettorale, dimostrando l&#8217;impegno dei candidati nel risolvere i problemi locali e promuovendo una partecipazione civica attiva e responsabile.<\/p>\n","protected":false},"excerpt":{"rendered":"<p>Focus sulle periferie e proposte di rilancio Il 16 giugno, Filippo Colonna, candidato a presidente del Municipio 3 di Bari,<\/p>\n","protected":false},"author":6,"featured_media":2414,"comment_status":"open","ping_status":"closed","sticky":false,"template":"","format":"standard","meta":{"colormag_page_container_layout":"default_layout","colormag_page_sidebar_layout":"default_layout","footnotes":""},"categories":[3,34],"tags":[],"class_list":["post-2413","post","type-post","status-publish","format-standard","has-post-thumbnail","hentry","category-politica","category-box-laterali-blocco-1"],"yoast_head":"<!-- This site is optimized with the Yoast SEO plugin v27.5 - https:\/\/yoast.com\/product\/yoast-seo-wordpress\/ -->\n<title>Colonna e Romito analizzano il degrado della costa barese - La Voce del Paese<\/title>\n<meta name=\"robots\" content=\"index, follow, max-snippet:-1, max-image-preview:large, max-video-preview:-1\" \/>\n<link rel=\"canonical\" href=\"https:\/\/lavocedelpaese.info\/index.php\/2024\/06\/16\/colonna-e-romito-analizzano-il-degrado-della-costa-barese\/\" \/>\n<meta property=\"og:locale\" content=\"it_IT\" \/>\n<meta property=\"og:type\" content=\"article\" \/>\n<meta property=\"og:title\" content=\"Colonna e Romito analizzano il degrado della costa barese - La Voce del Paese\" \/>\n<meta property=\"og:description\" content=\"Focus sulle periferie e proposte di rilancio Il 16 giugno, Filippo Colonna, candidato a presidente del Municipio 3 di Bari,\" \/>\n<meta property=\"og:url\" content=\"https:\/\/lavocedelpaese.info\/index.php\/2024\/06\/16\/colonna-e-romito-analizzano-il-degrado-della-costa-barese\/\" \/>\n<meta property=\"og:site_name\" content=\"La Voce del Paese\" \/>\n<meta property=\"article:publisher\" content=\"https:\/\/www.facebook.com\/lavocedelpaese.info\" \/>\n<meta property=\"article:published_time\" content=\"2024-06-16T23:03:16+00:00\" \/>\n<meta property=\"article:modified_time\" content=\"2024-06-16T23:03:19+00:00\" \/>\n<meta property=\"og:image\" content=\"https:\/\/lavocedelpaese.info\/wp-content\/uploads\/2024\/06\/romito-fabio.jpg\" \/>\n\t<meta property=\"og:image:width\" content=\"474\" \/>\n\t<meta property=\"og:image:height\" content=\"263\" \/>\n\t<meta property=\"og:image:type\" content=\"image\/jpeg\" \/>\n<meta name=\"author\" content=\"admin\" \/>\n<meta name=\"twitter:card\" content=\"summary_large_image\" \/>\n<meta name=\"twitter:label1\" content=\"Scritto da\" \/>\n\t<meta name=\"twitter:data1\" content=\"admin\" \/>\n\t<meta name=\"twitter:label2\" content=\"Tempo di lettura stimato\" \/>\n\t<meta name=\"twitter:data2\" content=\"3 minuti\" \/>\n<script type=\"application\/ld+json\" class=\"yoast-schema-graph\">{\"@context\":\"https:\\\/\\\/schema.org\",\"@graph\":[{\"@type\":\"Article\",\"@id\":\"https:\\\/\\\/lavocedelpaese.info\\\/index.php\\\/2024\\\/06\\\/16\\\/colonna-e-romito-analizzano-il-degrado-della-costa-barese\\\/#article\",\"isPartOf\":{\"@id\":\"https:\\\/\\\/lavocedelpaese.info\\\/index.php\\\/2024\\\/06\\\/16\\\/colonna-e-romito-analizzano-il-degrado-della-costa-barese\\\/\"},\"author\":{\"name\":\"admin\",\"@id\":\"https:\\\/\\\/lavocedelpaese.info\\\/#\\\/schema\\\/person\\\/ec151d321306bd7591f7a061abf72d88\"},\"headline\":\"Colonna e Romito analizzano il degrado della costa barese\",\"datePublished\":\"2024-06-16T23:03:16+00:00\",\"dateModified\":\"2024-06-16T23:03:19+00:00\",\"mainEntityOfPage\":{\"@id\":\"https:\\\/\\\/lavocedelpaese.info\\\/index.php\\\/2024\\\/06\\\/16\\\/colonna-e-romito-analizzano-il-degrado-della-costa-barese\\\/\"},\"wordCount\":523,\"commentCount\":0,\"publisher\":{\"@id\":\"https:\\\/\\\/lavocedelpaese.info\\\/#organization\"},\"image\":{\"@id\":\"https:\\\/\\\/lavocedelpaese.info\\\/index.php\\\/2024\\\/06\\\/16\\\/colonna-e-romito-analizzano-il-degrado-della-costa-barese\\\/#primaryimage\"},\"thumbnailUrl\":\"https:\\\/\\\/lavocedelpaese.info\\\/wp-content\\\/uploads\\\/2024\\\/06\\\/romito-fabio.jpg\",\"articleSection\":[\"Politica\",\"primo piano\"],\"inLanguage\":\"it-IT\",\"potentialAction\":[{\"@type\":\"CommentAction\",\"name\":\"Comment\",\"target\":[\"https:\\\/\\\/lavocedelpaese.info\\\/index.php\\\/2024\\\/06\\\/16\\\/colonna-e-romito-analizzano-il-degrado-della-costa-barese\\\/#respond\"]}]},{\"@type\":\"WebPage\",\"@id\":\"https:\\\/\\\/lavocedelpaese.info\\\/index.php\\\/2024\\\/06\\\/16\\\/colonna-e-romito-analizzano-il-degrado-della-costa-barese\\\/\",\"url\":\"https:\\\/\\\/lavocedelpaese.info\\\/index.php\\\/2024\\\/06\\\/16\\\/colonna-e-romito-analizzano-il-degrado-della-costa-barese\\\/\",\"name\":\"Colonna e Romito analizzano il degrado della costa barese - La Voce del Paese\",\"isPartOf\":{\"@id\":\"https:\\\/\\\/lavocedelpaese.info\\\/#website\"},\"primaryImageOfPage\":{\"@id\":\"https:\\\/\\\/lavocedelpaese.info\\\/index.php\\\/2024\\\/06\\\/16\\\/colonna-e-romito-analizzano-il-degrado-della-costa-barese\\\/#primaryimage\"},\"image\":{\"@id\":\"https:\\\/\\\/lavocedelpaese.info\\\/index.php\\\/2024\\\/06\\\/16\\\/colonna-e-romito-analizzano-il-degrado-della-costa-barese\\\/#primaryimage\"},\"thumbnailUrl\":\"https:\\\/\\\/lavocedelpaese.info\\\/wp-content\\\/uploads\\\/2024\\\/06\\\/romito-fabio.jpg\",\"datePublished\":\"2024-06-16T23:03:16+00:00\",\"dateModified\":\"2024-06-16T23:03:19+00:00\",\"breadcrumb\":{\"@id\":\"https:\\\/\\\/lavocedelpaese.info\\\/index.php\\\/2024\\\/06\\\/16\\\/colonna-e-romito-analizzano-il-degrado-della-costa-barese\\\/#breadcrumb\"},\"inLanguage\":\"it-IT\",\"potentialAction\":[{\"@type\":\"ReadAction\",\"target\":[\"https:\\\/\\\/lavocedelpaese.info\\\/index.php\\\/2024\\\/06\\\/16\\\/colonna-e-romito-analizzano-il-degrado-della-costa-barese\\\/\"]}]},{\"@type\":\"ImageObject\",\"inLanguage\":\"it-IT\",\"@id\":\"https:\\\/\\\/lavocedelpaese.info\\\/index.php\\\/2024\\\/06\\\/16\\\/colonna-e-romito-analizzano-il-degrado-della-costa-barese\\\/#primaryimage\",\"url\":\"https:\\\/\\\/lavocedelpaese.info\\\/wp-content\\\/uploads\\\/2024\\\/06\\\/romito-fabio.jpg\",\"contentUrl\":\"https:\\\/\\\/lavocedelpaese.info\\\/wp-content\\\/uploads\\\/2024\\\/06\\\/romito-fabio.jpg\",\"width\":474,\"height\":263},{\"@type\":\"BreadcrumbList\",\"@id\":\"https:\\\/\\\/lavocedelpaese.info\\\/index.php\\\/2024\\\/06\\\/16\\\/colonna-e-romito-analizzano-il-degrado-della-costa-barese\\\/#breadcrumb\",\"itemListElement\":[{\"@type\":\"ListItem\",\"position\":1,\"name\":\"Home\",\"item\":\"https:\\\/\\\/lavocedelpaese.info\\\/\"},{\"@type\":\"ListItem\",\"position\":2,\"name\":\"Colonna e Romito analizzano il degrado della costa barese\"}]},{\"@type\":\"WebSite\",\"@id\":\"https:\\\/\\\/lavocedelpaese.info\\\/#website\",\"url\":\"https:\\\/\\\/lavocedelpaese.info\\\/\",\"name\":\"La Voce del Paese\",\"description\":\"Un network di idee\",\"publisher\":{\"@id\":\"https:\\\/\\\/lavocedelpaese.info\\\/#organization\"},\"potentialAction\":[{\"@type\":\"SearchAction\",\"target\":{\"@type\":\"EntryPoint\",\"urlTemplate\":\"https:\\\/\\\/lavocedelpaese.info\\\/?s={search_term_string}\"},\"query-input\":{\"@type\":\"PropertyValueSpecification\",\"valueRequired\":true,\"valueName\":\"search_term_string\"}}],\"inLanguage\":\"it-IT\"},{\"@type\":\"Organization\",\"@id\":\"https:\\\/\\\/lavocedelpaese.info\\\/#organization\",\"name\":\"La Voce del Paese\",\"url\":\"https:\\\/\\\/lavocedelpaese.info\\\/\",\"logo\":{\"@type\":\"ImageObject\",\"inLanguage\":\"it-IT\",\"@id\":\"https:\\\/\\\/lavocedelpaese.info\\\/#\\\/schema\\\/logo\\\/image\\\/\",\"url\":\"https:\\\/\\\/lavocedelpaese.info\\\/wp-content\\\/uploads\\\/2023\\\/01\\\/cropped-logo-150-127.png\",\"contentUrl\":\"https:\\\/\\\/lavocedelpaese.info\\\/wp-content\\\/uploads\\\/2023\\\/01\\\/cropped-logo-150-127.png\",\"width\":137,\"height\":119,\"caption\":\"La Voce del Paese\"},\"image\":{\"@id\":\"https:\\\/\\\/lavocedelpaese.info\\\/#\\\/schema\\\/logo\\\/image\\\/\"},\"sameAs\":[\"https:\\\/\\\/www.facebook.com\\\/lavocedelpaese.info\"]},{\"@type\":\"Person\",\"@id\":\"https:\\\/\\\/lavocedelpaese.info\\\/#\\\/schema\\\/person\\\/ec151d321306bd7591f7a061abf72d88\",\"name\":\"admin\",\"image\":{\"@type\":\"ImageObject\",\"inLanguage\":\"it-IT\",\"@id\":\"https:\\\/\\\/secure.gravatar.com\\\/avatar\\\/af8f2caf0663124588de48a9380e07cbc95a74ef15b8062d0d39106c32fe3023?s=96&d=mm&r=g\",\"url\":\"https:\\\/\\\/secure.gravatar.com\\\/avatar\\\/af8f2caf0663124588de48a9380e07cbc95a74ef15b8062d0d39106c32fe3023?s=96&d=mm&r=g\",\"contentUrl\":\"https:\\\/\\\/secure.gravatar.com\\\/avatar\\\/af8f2caf0663124588de48a9380e07cbc95a74ef15b8062d0d39106c32fe3023?s=96&d=mm&r=g\",\"caption\":\"admin\"},\"sameAs\":[\"https:\\\/\\\/lavocedelpaese.info\"],\"url\":\"https:\\\/\\\/lavocedelpaese.info\\\/index.php\\\/author\\\/admin\\\/\"}]}<\/script>\n<!-- \/ Yoast SEO plugin. -->","yoast_head_json":{"title":"Colonna e Romito analizzano il degrado della costa barese - La Voce del Paese","robots":{"index":"index","follow":"follow","max-snippet":"max-snippet:-1","max-image-preview":"max-image-preview:large","max-video-preview":"max-video-preview:-1"},"canonical":"https:\/\/lavocedelpaese.info\/index.php\/2024\/06\/16\/colonna-e-romito-analizzano-il-degrado-della-costa-barese\/","og_locale":"it_IT","og_type":"article","og_title":"Colonna e Romito analizzano il degrado della costa barese - La Voce del Paese","og_description":"Focus sulle periferie e proposte di rilancio Il 16 giugno, Filippo Colonna, candidato a presidente del Municipio 3 di Bari,","og_url":"https:\/\/lavocedelpaese.info\/index.php\/2024\/06\/16\/colonna-e-romito-analizzano-il-degrado-della-costa-barese\/","og_site_name":"La Voce del Paese","article_publisher":"https:\/\/www.facebook.com\/lavocedelpaese.info","article_published_time":"2024-06-16T23:03:16+00:00","article_modified_time":"2024-06-16T23:03:19+00:00","og_image":[{"width":474,"height":263,"url":"https:\/\/lavocedelpaese.info\/wp-content\/uploads\/2024\/06\/romito-fabio.jpg","type":"image\/jpeg"}],"author":"admin","twitter_card":"summary_large_image","twitter_misc":{"Scritto da":"admin","Tempo di lettura stimato":"3 minuti"},"schema":{"@context":"https:\/\/schema.org","@graph":[{"@type":"Article","@id":"https:\/\/lavocedelpaese.info\/index.php\/2024\/06\/16\/colonna-e-romito-analizzano-il-degrado-della-costa-barese\/#article","isPartOf":{"@id":"https:\/\/lavocedelpaese.info\/index.php\/2024\/06\/16\/colonna-e-romito-analizzano-il-degrado-della-costa-barese\/"},"author":{"name":"admin","@id":"https:\/\/lavocedelpaese.info\/#\/schema\/person\/ec151d321306bd7591f7a061abf72d88"},"headline":"Colonna e Romito analizzano il degrado della costa barese","datePublished":"2024-06-16T23:03:16+00:00","dateModified":"2024-06-16T23:03:19+00:00","mainEntityOfPage":{"@id":"https:\/\/lavocedelpaese.info\/index.php\/2024\/06\/16\/colonna-e-romito-analizzano-il-degrado-della-costa-barese\/"},"wordCount":523,"commentCount":0,"publisher":{"@id":"https:\/\/lavocedelpaese.info\/#organization"},"image":{"@id":"https:\/\/lavocedelpaese.info\/index.php\/2024\/06\/16\/colonna-e-romito-analizzano-il-degrado-della-costa-barese\/#primaryimage"},"thumbnailUrl":"https:\/\/lavocedelpaese.info\/wp-content\/uploads\/2024\/06\/romito-fabio.jpg","articleSection":["Politica","primo piano"],"inLanguage":"it-IT","potentialAction":[{"@type":"CommentAction","name":"Comment","target":["https:\/\/lavocedelpaese.info\/index.php\/2024\/06\/16\/colonna-e-romito-analizzano-il-degrado-della-costa-barese\/#respond"]}]},{"@type":"WebPage","@id":"https:\/\/lavocedelpaese.info\/index.php\/2024\/06\/16\/colonna-e-romito-analizzano-il-degrado-della-costa-barese\/","url":"https:\/\/lavocedelpaese.info\/index.php\/2024\/06\/16\/colonna-e-romito-analizzano-il-degrado-della-costa-barese\/","name":"Colonna e Romito analizzano il degrado della costa barese - La Voce del Paese","isPartOf":{"@id":"https:\/\/lavocedelpaese.info\/#website"},"primaryImageOfPage":{"@id":"https:\/\/lavocedelpaese.info\/index.php\/2024\/06\/16\/colonna-e-romito-analizzano-il-degrado-della-costa-barese\/#primaryimage"},"image":{"@id":"https:\/\/lavocedelpaese.info\/index.php\/2024\/06\/16\/colonna-e-romito-analizzano-il-degrado-della-costa-barese\/#primaryimage"},"thumbnailUrl":"https:\/\/lavocedelpaese.info\/wp-content\/uploads\/2024\/06\/romito-fabio.jpg","datePublished":"2024-06-16T23:03:16+00:00","dateModified":"2024-06-16T23:03:19+00:00","breadcrumb":{"@id":"https:\/\/lavocedelpaese.info\/index.php\/2024\/06\/16\/colonna-e-romito-analizzano-il-degrado-della-costa-barese\/#breadcrumb"},"inLanguage":"it-IT","potentialAction":[{"@type":"ReadAction","target":["https:\/\/lavocedelpaese.info\/index.php\/2024\/06\/16\/colonna-e-romito-analizzano-il-degrado-della-costa-barese\/"]}]},{"@type":"ImageObject","inLanguage":"it-IT","@id":"https:\/\/lavocedelpaese.info\/index.php\/2024\/06\/16\/colonna-e-romito-analizzano-il-degrado-della-costa-barese\/#primaryimage","url":"https:\/\/lavocedelpaese.info\/wp-content\/uploads\/2024\/06\/romito-fabio.jpg","contentUrl":"https:\/\/lavocedelpaese.info\/wp-content\/uploads\/2024\/06\/romito-fabio.jpg","width":474,"height":263},{"@type":"BreadcrumbList","@id":"https:\/\/lavocedelpaese.info\/index.php\/2024\/06\/16\/colonna-e-romito-analizzano-il-degrado-della-costa-barese\/#breadcrumb","itemListElement":[{"@type":"ListItem","position":1,"name":"Home","item":"https:\/\/lavocedelpaese.info\/"},{"@type":"ListItem","position":2,"name":"Colonna e Romito analizzano il degrado della costa barese"}]},{"@type":"WebSite","@id":"https:\/\/lavocedelpaese.info\/#website","url":"https:\/\/lavocedelpaese.info\/","name":"La Voce del Paese","description":"Un network di idee","publisher":{"@id":"https:\/\/lavocedelpaese.info\/#organization"},"potentialAction":[{"@type":"SearchAction","target":{"@type":"EntryPoint","urlTemplate":"https:\/\/lavocedelpaese.info\/?s={search_term_string}"},"query-input":{"@type":"PropertyValueSpecification","valueRequired":true,"valueName":"search_term_string"}}],"inLanguage":"it-IT"},{"@type":"Organization","@id":"https:\/\/lavocedelpaese.info\/#organization","name":"La Voce del Paese","url":"https:\/\/lavocedelpaese.info\/","logo":{"@type":"ImageObject","inLanguage":"it-IT","@id":"https:\/\/lavocedelpaese.info\/#\/schema\/logo\/image\/","url":"https:\/\/lavocedelpaese.info\/wp-content\/uploads\/2023\/01\/cropped-logo-150-127.png","contentUrl":"https:\/\/lavocedelpaese.info\/wp-content\/uploads\/2023\/01\/cropped-logo-150-127.png","width":137,"height":119,"caption":"La Voce del Paese"},"image":{"@id":"https:\/\/lavocedelpaese.info\/#\/schema\/logo\/image\/"},"sameAs":["https:\/\/www.facebook.com\/lavocedelpaese.info"]},{"@type":"Person","@id":"https:\/\/lavocedelpaese.info\/#\/schema\/person\/ec151d321306bd7591f7a061abf72d88","name":"admin","image":{"@type":"ImageObject","inLanguage":"it-IT","@id":"https:\/\/secure.gravatar.com\/avatar\/af8f2caf0663124588de48a9380e07cbc95a74ef15b8062d0d39106c32fe3023?s=96&d=mm&r=g","url":"https:\/\/secure.gravatar.com\/avatar\/af8f2caf0663124588de48a9380e07cbc95a74ef15b8062d0d39106c32fe3023?s=96&d=mm&r=g","contentUrl":"https:\/\/secure.gravatar.com\/avatar\/af8f2caf0663124588de48a9380e07cbc95a74ef15b8062d0d39106c32fe3023?s=96&d=mm&r=g","caption":"admin"},"sameAs":["https:\/\/lavocedelpaese.info"],"url":"https:\/\/lavocedelpaese.info\/index.php\/author\/admin\/"}]}},"_links":{"self":[{"href":"https:\/\/lavocedelpaese.info\/index.php\/wp-json\/wp\/v2\/posts\/2413","targetHints":{"allow":["GET"]}}],"collection":[{"href":"https:\/\/lavocedelpaese.info\/index.php\/wp-json\/wp\/v2\/posts"}],"about":[{"href":"https:\/\/lavocedelpaese.info\/index.php\/wp-json\/wp\/v2\/types\/post"}],"author":[{"embeddable":true,"href":"https:\/\/lavocedelpaese.info\/index.php\/wp-json\/wp\/v2\/users\/6"}],"replies":[{"embeddable":true,"href":"https:\/\/lavocedelpaese.info\/index.php\/wp-json\/wp\/v2\/comments?post=2413"}],"version-history":[{"count":1,"href":"https:\/\/lavocedelpaese.info\/index.php\/wp-json\/wp\/v2\/posts\/2413\/revisions"}],"predecessor-version":[{"id":2415,"href":"https:\/\/lavocedelpaese.info\/index.php\/wp-json\/wp\/v2\/posts\/2413\/revisions\/2415"}],"wp:featuredmedia":[{"embeddable":true,"href":"https:\/\/lavocedelpaese.info\/index.php\/wp-json\/wp\/v2\/media\/2414"}],"wp:attachment":[{"href":"https:\/\/lavocedelpaese.info\/index.php\/wp-json\/wp\/v2\/media?parent=2413"}],"wp:term":[{"taxonomy":"category","embeddable":true,"href":"https:\/\/lavocedelpaese.info\/index.php\/wp-json\/wp\/v2\/categories?post=2413"},{"taxonomy":"post_tag","embeddable":true,"href":"https:\/\/lavocedelpaese.info\/index.php\/wp-json\/wp\/v2\/tags?post=2413"}],"curies":[{"name":"wp","href":"https:\/\/api.w.org\/{rel}","templated":true}]}}