{"id":2410,"date":"2024-06-16T22:53:38","date_gmt":"2024-06-16T22:53:38","guid":{"rendered":"https:\/\/lavocedelpaese.info\/?p=2410"},"modified":"2024-06-16T22:53:45","modified_gmt":"2024-06-16T22:53:45","slug":"chiusura-notturna-sulla-a14-bologna-taranto-per-lavori","status":"publish","type":"post","link":"https:\/\/lavocedelpaese.info\/index.php\/2024\/06\/16\/chiusura-notturna-sulla-a14-bologna-taranto-per-lavori\/","title":{"rendered":"Chiusura Notturna sulla A14 Bologna-Taranto per Lavori"},"content":{"rendered":"\n<h4 class=\"wp-block-heading\"><strong>Dalle 22 di marted\u00ec 18 giugno fino alle 6 del giorno successivo<\/strong><\/h4>\n\n\n\n<p>Per consentire interventi di pavimentazione, la A14 Bologna-Taranto vedr\u00e0 la chiusura notturna di alcuni tratti. Dalle 22 di marted\u00ec 18 giugno fino alle 6 del giorno successivo, il tratto tra Bitonto e Molfetta, in direzione Pescara, sar\u00e0 chiuso al traffico. Gli automobilisti dovranno uscire obbligatoriamente alla stazione di Bitonto e seguire percorsi alternativi tramite la viabilit\u00e0 ordinaria, passando per SP88, SS16 Adriatica e SP112, per rientrare in autostrada alla stazione di Molfetta.<\/p>\n\n\n\n<p>La chiusura notturna del tratto autostradale A14 Bologna-Taranto tra Bitonto e Molfetta per lavori di pavimentazione ha implicazioni significative per il traffico, che meritano un&#8217;analisi dettagliata. Questa chiusura, programmata dalle 22 del 18 giugno fino alle 6 del giorno successivo, costringer\u00e0 gli automobilisti a utilizzare percorsi alternativi attraverso la viabilit\u00e0 ordinaria, passando per SP88, SS16 Adriatica e SP112. Questi cambiamenti temporanei avranno un impatto sostanziale sul flusso del traffico, la sicurezza stradale, l&#8217;ambiente e l&#8217;economia locale.<\/p>\n\n\n\n<p>Innanzitutto, la deviazione del traffico verso la viabilit\u00e0 ordinaria rappresenta una sfida significativa per la gestione del flusso veicolare. Le strade provinciali e statali, come la SP88 e la SS16 Adriatica, non sono progettate per gestire lo stesso volume di traffico delle autostrade, specialmente per quanto riguarda i veicoli pesanti come camion e tir. L&#8217;aumento del traffico su queste strade potrebbe causare congestioni significative, soprattutto durante le ore di punta e nei tratti urbani. I ritardi dovuti alle congestioni non solo frustrano gli automobilisti, ma possono anche avere un impatto economico considerevole, aumentando i tempi di viaggio e riducendo la produttivit\u00e0 complessiva.<\/p>\n\n\n\n<p>La sicurezza stradale \u00e8 un&#8217;altra preoccupazione centrale. Le strade alternative potrebbero non essere adeguatamente attrezzate per gestire un aumento improvviso e significativo del traffico pesante. Strade pi\u00f9 strette, con curve e incroci frequenti, aumentano il rischio di incidenti, soprattutto durante le ore notturne quando la visibilit\u00e0 \u00e8 ridotta. \u00c8 essenziale che le autorit\u00e0 locali implementino misure di sicurezza aggiuntive, come una maggiore segnaletica, illuminazione adeguata e la presenza di pattuglie di polizia per gestire il traffico e intervenire rapidamente in caso di emergenza.<\/p>\n\n\n\n<p>L&#8217;impatto ambientale della deviazione del traffico \u00e8 un altro aspetto critico. I veicoli che percorrono distanze maggiori e affrontano maggiori congestioni emettono quantit\u00e0 superiori di gas serra e altri inquinanti atmosferici. Questo non solo contribuisce al cambiamento climatico ma peggiora anche la qualit\u00e0 dell&#8217;aria locale, con potenziali effetti negativi sulla salute pubblica. Le autorit\u00e0 dovrebbero considerare l&#8217;implementazione di soluzioni di mobilit\u00e0 sostenibile, come la promozione del carpooling e l&#8217;uso di veicoli elettrici, per mitigare l&#8217;impatto ambientale durante il periodo di chiusura.<\/p>\n\n\n\n<p>Dal punto di vista economico, i costi aggiuntivi legati alla deviazione del traffico possono essere significativi. I trasportatori potrebbero affrontare costi operativi pi\u00f9 elevati a causa dell&#8217;aumento del consumo di carburante e dei tempi di viaggio pi\u00f9 lunghi. Questi costi potrebbero essere trasferiti ai consumatori sotto forma di prezzi pi\u00f9 alti per i beni di consumo. Inoltre, le aziende locali che dipendono da consegne puntuali potrebbero vedere un impatto negativo sulla loro attivit\u00e0, con ritardi nelle forniture e potenziali perdite di affari.<\/p>\n\n\n\n<p>La comunicazione efficace con il pubblico \u00e8 essenziale per gestire le implicazioni della chiusura autostradale. Le autorit\u00e0 devono garantire che gli automobilisti siano ben informati sui percorsi alternativi e sulle possibili congestioni. L&#8217;uso di piattaforme digitali, come app di navigazione e social media, pu\u00f2 aiutare a diffondere rapidamente informazioni aggiornate e consigli utili per evitare le ore di punta e scegliere percorsi meno congestionati. La trasparenza e l&#8217;accessibilit\u00e0 delle informazioni sono cruciali per minimizzare i disagi per gli automobilisti e mantenere un flusso di traffico il pi\u00f9 scorrevole possibile.<\/p>\n\n\n\n<p>La gestione del traffico richiede anche una stretta collaborazione tra diverse agenzie e autorit\u00e0. Le autorit\u00e0 autostradali, le polizie locali, i servizi di emergenza e i comuni interessati devono coordinarsi efficacemente per implementare piani di gestione del traffico che siano efficienti e sicuri. Questo include la pianificazione di rotte di deviazione, la gestione dei flussi di traffico in tempo reale e la preparazione per rispondere rapidamente a incidenti o altri problemi che possono sorgere durante la chiusura.<\/p>\n\n\n\n<p>Infine, \u00e8 importante considerare le esigenze specifiche dei trasporti commerciali e industriali. Le aziende di logistica devono essere preparate per i ritardi e i percorsi alternativi, e potrebbe essere necessario rivedere i programmi di consegna per minimizzare l&#8217;impatto sulla catena di approvvigionamento. Le autorit\u00e0 dovrebbero collaborare con le associazioni di categoria per fornire supporto e risorse che aiutino le aziende a gestire le sfide logistiche derivanti dalla chiusura.<\/p>\n\n\n\n<p>In sintesi, la chiusura notturna del tratto della A14 tra Bitonto e Molfetta per lavori di pavimentazione ha implicazioni estese e complesse per il traffico. Mentre questi lavori sono necessari per mantenere e migliorare le infrastrutture stradali, \u00e8 fondamentale che le autorit\u00e0 gestiscano attentamente l&#8217;impatto sul flusso del traffico, la sicurezza stradale, l&#8217;ambiente e l&#8217;economia locale. Attraverso una pianificazione efficace, comunicazione trasparente e collaborazione tra tutte le parti coinvolte, \u00e8 possibile minimizzare i disagi e garantire che il traffico continui a scorrere il pi\u00f9 agevolmente possibile durante il periodo di chiusura.<\/p>\n","protected":false},"excerpt":{"rendered":"<p>Dalle 22 di marted\u00ec 18 giugno fino alle 6 del giorno successivo Per consentire interventi di pavimentazione, la A14 Bologna-Taranto<\/p>\n","protected":false},"author":6,"featured_media":2411,"comment_status":"open","ping_status":"closed","sticky":false,"template":"","format":"standard","meta":{"colormag_page_container_layout":"default_layout","colormag_page_sidebar_layout":"default_layout","footnotes":""},"categories":[2,33],"tags":[],"class_list":["post-2410","post","type-post","status-publish","format-standard","has-post-thumbnail","hentry","category-attualita","category-network"],"yoast_head":"<!-- This site is optimized with the Yoast SEO plugin v27.5 - https:\/\/yoast.com\/product\/yoast-seo-wordpress\/ -->\n<title>Chiusura Notturna sulla A14 Bologna-Taranto per Lavori - La Voce del Paese<\/title>\n<meta name=\"robots\" content=\"index, follow, max-snippet:-1, max-image-preview:large, max-video-preview:-1\" \/>\n<link rel=\"canonical\" href=\"https:\/\/lavocedelpaese.info\/index.php\/2024\/06\/16\/chiusura-notturna-sulla-a14-bologna-taranto-per-lavori\/\" \/>\n<meta property=\"og:locale\" content=\"it_IT\" \/>\n<meta property=\"og:type\" content=\"article\" \/>\n<meta property=\"og:title\" content=\"Chiusura Notturna sulla A14 Bologna-Taranto per Lavori - La Voce del Paese\" \/>\n<meta property=\"og:description\" content=\"Dalle 22 di marted\u00ec 18 giugno fino alle 6 del giorno successivo Per consentire interventi di pavimentazione, la A14 Bologna-Taranto\" \/>\n<meta property=\"og:url\" content=\"https:\/\/lavocedelpaese.info\/index.php\/2024\/06\/16\/chiusura-notturna-sulla-a14-bologna-taranto-per-lavori\/\" \/>\n<meta property=\"og:site_name\" content=\"La Voce del Paese\" \/>\n<meta property=\"article:publisher\" content=\"https:\/\/www.facebook.com\/lavocedelpaese.info\" \/>\n<meta property=\"article:published_time\" content=\"2024-06-16T22:53:38+00:00\" \/>\n<meta property=\"article:modified_time\" content=\"2024-06-16T22:53:45+00:00\" \/>\n<meta property=\"og:image\" content=\"https:\/\/lavocedelpaese.info\/wp-content\/uploads\/2024\/06\/a14_traffico.jpeg\" \/>\n\t<meta property=\"og:image:width\" content=\"1000\" \/>\n\t<meta property=\"og:image:height\" content=\"568\" \/>\n\t<meta property=\"og:image:type\" content=\"image\/jpeg\" \/>\n<meta name=\"author\" content=\"admin\" \/>\n<meta name=\"twitter:card\" content=\"summary_large_image\" \/>\n<meta name=\"twitter:label1\" content=\"Scritto da\" \/>\n\t<meta name=\"twitter:data1\" content=\"admin\" \/>\n\t<meta name=\"twitter:label2\" content=\"Tempo di lettura stimato\" \/>\n\t<meta name=\"twitter:data2\" content=\"5 minuti\" \/>\n<script type=\"application\/ld+json\" class=\"yoast-schema-graph\">{\"@context\":\"https:\\\/\\\/schema.org\",\"@graph\":[{\"@type\":\"Article\",\"@id\":\"https:\\\/\\\/lavocedelpaese.info\\\/index.php\\\/2024\\\/06\\\/16\\\/chiusura-notturna-sulla-a14-bologna-taranto-per-lavori\\\/#article\",\"isPartOf\":{\"@id\":\"https:\\\/\\\/lavocedelpaese.info\\\/index.php\\\/2024\\\/06\\\/16\\\/chiusura-notturna-sulla-a14-bologna-taranto-per-lavori\\\/\"},\"author\":{\"name\":\"admin\",\"@id\":\"https:\\\/\\\/lavocedelpaese.info\\\/#\\\/schema\\\/person\\\/ec151d321306bd7591f7a061abf72d88\"},\"headline\":\"Chiusura Notturna sulla A14 Bologna-Taranto per Lavori\",\"datePublished\":\"2024-06-16T22:53:38+00:00\",\"dateModified\":\"2024-06-16T22:53:45+00:00\",\"mainEntityOfPage\":{\"@id\":\"https:\\\/\\\/lavocedelpaese.info\\\/index.php\\\/2024\\\/06\\\/16\\\/chiusura-notturna-sulla-a14-bologna-taranto-per-lavori\\\/\"},\"wordCount\":840,\"commentCount\":0,\"publisher\":{\"@id\":\"https:\\\/\\\/lavocedelpaese.info\\\/#organization\"},\"image\":{\"@id\":\"https:\\\/\\\/lavocedelpaese.info\\\/index.php\\\/2024\\\/06\\\/16\\\/chiusura-notturna-sulla-a14-bologna-taranto-per-lavori\\\/#primaryimage\"},\"thumbnailUrl\":\"https:\\\/\\\/lavocedelpaese.info\\\/wp-content\\\/uploads\\\/2024\\\/06\\\/a14_traffico.jpeg\",\"articleSection\":[\"Attualit\u00e0\",\"network\"],\"inLanguage\":\"it-IT\",\"potentialAction\":[{\"@type\":\"CommentAction\",\"name\":\"Comment\",\"target\":[\"https:\\\/\\\/lavocedelpaese.info\\\/index.php\\\/2024\\\/06\\\/16\\\/chiusura-notturna-sulla-a14-bologna-taranto-per-lavori\\\/#respond\"]}]},{\"@type\":\"WebPage\",\"@id\":\"https:\\\/\\\/lavocedelpaese.info\\\/index.php\\\/2024\\\/06\\\/16\\\/chiusura-notturna-sulla-a14-bologna-taranto-per-lavori\\\/\",\"url\":\"https:\\\/\\\/lavocedelpaese.info\\\/index.php\\\/2024\\\/06\\\/16\\\/chiusura-notturna-sulla-a14-bologna-taranto-per-lavori\\\/\",\"name\":\"Chiusura Notturna sulla A14 Bologna-Taranto per Lavori - La Voce del Paese\",\"isPartOf\":{\"@id\":\"https:\\\/\\\/lavocedelpaese.info\\\/#website\"},\"primaryImageOfPage\":{\"@id\":\"https:\\\/\\\/lavocedelpaese.info\\\/index.php\\\/2024\\\/06\\\/16\\\/chiusura-notturna-sulla-a14-bologna-taranto-per-lavori\\\/#primaryimage\"},\"image\":{\"@id\":\"https:\\\/\\\/lavocedelpaese.info\\\/index.php\\\/2024\\\/06\\\/16\\\/chiusura-notturna-sulla-a14-bologna-taranto-per-lavori\\\/#primaryimage\"},\"thumbnailUrl\":\"https:\\\/\\\/lavocedelpaese.info\\\/wp-content\\\/uploads\\\/2024\\\/06\\\/a14_traffico.jpeg\",\"datePublished\":\"2024-06-16T22:53:38+00:00\",\"dateModified\":\"2024-06-16T22:53:45+00:00\",\"breadcrumb\":{\"@id\":\"https:\\\/\\\/lavocedelpaese.info\\\/index.php\\\/2024\\\/06\\\/16\\\/chiusura-notturna-sulla-a14-bologna-taranto-per-lavori\\\/#breadcrumb\"},\"inLanguage\":\"it-IT\",\"potentialAction\":[{\"@type\":\"ReadAction\",\"target\":[\"https:\\\/\\\/lavocedelpaese.info\\\/index.php\\\/2024\\\/06\\\/16\\\/chiusura-notturna-sulla-a14-bologna-taranto-per-lavori\\\/\"]}]},{\"@type\":\"ImageObject\",\"inLanguage\":\"it-IT\",\"@id\":\"https:\\\/\\\/lavocedelpaese.info\\\/index.php\\\/2024\\\/06\\\/16\\\/chiusura-notturna-sulla-a14-bologna-taranto-per-lavori\\\/#primaryimage\",\"url\":\"https:\\\/\\\/lavocedelpaese.info\\\/wp-content\\\/uploads\\\/2024\\\/06\\\/a14_traffico.jpeg\",\"contentUrl\":\"https:\\\/\\\/lavocedelpaese.info\\\/wp-content\\\/uploads\\\/2024\\\/06\\\/a14_traffico.jpeg\",\"width\":1000,\"height\":568},{\"@type\":\"BreadcrumbList\",\"@id\":\"https:\\\/\\\/lavocedelpaese.info\\\/index.php\\\/2024\\\/06\\\/16\\\/chiusura-notturna-sulla-a14-bologna-taranto-per-lavori\\\/#breadcrumb\",\"itemListElement\":[{\"@type\":\"ListItem\",\"position\":1,\"name\":\"Home\",\"item\":\"https:\\\/\\\/lavocedelpaese.info\\\/\"},{\"@type\":\"ListItem\",\"position\":2,\"name\":\"Chiusura Notturna sulla A14 Bologna-Taranto per Lavori\"}]},{\"@type\":\"WebSite\",\"@id\":\"https:\\\/\\\/lavocedelpaese.info\\\/#website\",\"url\":\"https:\\\/\\\/lavocedelpaese.info\\\/\",\"name\":\"La Voce del Paese\",\"description\":\"Un network di idee\",\"publisher\":{\"@id\":\"https:\\\/\\\/lavocedelpaese.info\\\/#organization\"},\"potentialAction\":[{\"@type\":\"SearchAction\",\"target\":{\"@type\":\"EntryPoint\",\"urlTemplate\":\"https:\\\/\\\/lavocedelpaese.info\\\/?s={search_term_string}\"},\"query-input\":{\"@type\":\"PropertyValueSpecification\",\"valueRequired\":true,\"valueName\":\"search_term_string\"}}],\"inLanguage\":\"it-IT\"},{\"@type\":\"Organization\",\"@id\":\"https:\\\/\\\/lavocedelpaese.info\\\/#organization\",\"name\":\"La Voce del Paese\",\"url\":\"https:\\\/\\\/lavocedelpaese.info\\\/\",\"logo\":{\"@type\":\"ImageObject\",\"inLanguage\":\"it-IT\",\"@id\":\"https:\\\/\\\/lavocedelpaese.info\\\/#\\\/schema\\\/logo\\\/image\\\/\",\"url\":\"https:\\\/\\\/lavocedelpaese.info\\\/wp-content\\\/uploads\\\/2023\\\/01\\\/cropped-logo-150-127.png\",\"contentUrl\":\"https:\\\/\\\/lavocedelpaese.info\\\/wp-content\\\/uploads\\\/2023\\\/01\\\/cropped-logo-150-127.png\",\"width\":137,\"height\":119,\"caption\":\"La Voce del Paese\"},\"image\":{\"@id\":\"https:\\\/\\\/lavocedelpaese.info\\\/#\\\/schema\\\/logo\\\/image\\\/\"},\"sameAs\":[\"https:\\\/\\\/www.facebook.com\\\/lavocedelpaese.info\"]},{\"@type\":\"Person\",\"@id\":\"https:\\\/\\\/lavocedelpaese.info\\\/#\\\/schema\\\/person\\\/ec151d321306bd7591f7a061abf72d88\",\"name\":\"admin\",\"image\":{\"@type\":\"ImageObject\",\"inLanguage\":\"it-IT\",\"@id\":\"https:\\\/\\\/secure.gravatar.com\\\/avatar\\\/af8f2caf0663124588de48a9380e07cbc95a74ef15b8062d0d39106c32fe3023?s=96&d=mm&r=g\",\"url\":\"https:\\\/\\\/secure.gravatar.com\\\/avatar\\\/af8f2caf0663124588de48a9380e07cbc95a74ef15b8062d0d39106c32fe3023?s=96&d=mm&r=g\",\"contentUrl\":\"https:\\\/\\\/secure.gravatar.com\\\/avatar\\\/af8f2caf0663124588de48a9380e07cbc95a74ef15b8062d0d39106c32fe3023?s=96&d=mm&r=g\",\"caption\":\"admin\"},\"sameAs\":[\"https:\\\/\\\/lavocedelpaese.info\"],\"url\":\"https:\\\/\\\/lavocedelpaese.info\\\/index.php\\\/author\\\/admin\\\/\"}]}<\/script>\n<!-- \/ Yoast SEO plugin. -->","yoast_head_json":{"title":"Chiusura Notturna sulla A14 Bologna-Taranto per Lavori - La Voce del Paese","robots":{"index":"index","follow":"follow","max-snippet":"max-snippet:-1","max-image-preview":"max-image-preview:large","max-video-preview":"max-video-preview:-1"},"canonical":"https:\/\/lavocedelpaese.info\/index.php\/2024\/06\/16\/chiusura-notturna-sulla-a14-bologna-taranto-per-lavori\/","og_locale":"it_IT","og_type":"article","og_title":"Chiusura Notturna sulla A14 Bologna-Taranto per Lavori - La Voce del Paese","og_description":"Dalle 22 di marted\u00ec 18 giugno fino alle 6 del giorno successivo Per consentire interventi di pavimentazione, la A14 Bologna-Taranto","og_url":"https:\/\/lavocedelpaese.info\/index.php\/2024\/06\/16\/chiusura-notturna-sulla-a14-bologna-taranto-per-lavori\/","og_site_name":"La Voce del Paese","article_publisher":"https:\/\/www.facebook.com\/lavocedelpaese.info","article_published_time":"2024-06-16T22:53:38+00:00","article_modified_time":"2024-06-16T22:53:45+00:00","og_image":[{"width":1000,"height":568,"url":"https:\/\/lavocedelpaese.info\/wp-content\/uploads\/2024\/06\/a14_traffico.jpeg","type":"image\/jpeg"}],"author":"admin","twitter_card":"summary_large_image","twitter_misc":{"Scritto da":"admin","Tempo di lettura stimato":"5 minuti"},"schema":{"@context":"https:\/\/schema.org","@graph":[{"@type":"Article","@id":"https:\/\/lavocedelpaese.info\/index.php\/2024\/06\/16\/chiusura-notturna-sulla-a14-bologna-taranto-per-lavori\/#article","isPartOf":{"@id":"https:\/\/lavocedelpaese.info\/index.php\/2024\/06\/16\/chiusura-notturna-sulla-a14-bologna-taranto-per-lavori\/"},"author":{"name":"admin","@id":"https:\/\/lavocedelpaese.info\/#\/schema\/person\/ec151d321306bd7591f7a061abf72d88"},"headline":"Chiusura Notturna sulla A14 Bologna-Taranto per Lavori","datePublished":"2024-06-16T22:53:38+00:00","dateModified":"2024-06-16T22:53:45+00:00","mainEntityOfPage":{"@id":"https:\/\/lavocedelpaese.info\/index.php\/2024\/06\/16\/chiusura-notturna-sulla-a14-bologna-taranto-per-lavori\/"},"wordCount":840,"commentCount":0,"publisher":{"@id":"https:\/\/lavocedelpaese.info\/#organization"},"image":{"@id":"https:\/\/lavocedelpaese.info\/index.php\/2024\/06\/16\/chiusura-notturna-sulla-a14-bologna-taranto-per-lavori\/#primaryimage"},"thumbnailUrl":"https:\/\/lavocedelpaese.info\/wp-content\/uploads\/2024\/06\/a14_traffico.jpeg","articleSection":["Attualit\u00e0","network"],"inLanguage":"it-IT","potentialAction":[{"@type":"CommentAction","name":"Comment","target":["https:\/\/lavocedelpaese.info\/index.php\/2024\/06\/16\/chiusura-notturna-sulla-a14-bologna-taranto-per-lavori\/#respond"]}]},{"@type":"WebPage","@id":"https:\/\/lavocedelpaese.info\/index.php\/2024\/06\/16\/chiusura-notturna-sulla-a14-bologna-taranto-per-lavori\/","url":"https:\/\/lavocedelpaese.info\/index.php\/2024\/06\/16\/chiusura-notturna-sulla-a14-bologna-taranto-per-lavori\/","name":"Chiusura Notturna sulla A14 Bologna-Taranto per Lavori - La Voce del Paese","isPartOf":{"@id":"https:\/\/lavocedelpaese.info\/#website"},"primaryImageOfPage":{"@id":"https:\/\/lavocedelpaese.info\/index.php\/2024\/06\/16\/chiusura-notturna-sulla-a14-bologna-taranto-per-lavori\/#primaryimage"},"image":{"@id":"https:\/\/lavocedelpaese.info\/index.php\/2024\/06\/16\/chiusura-notturna-sulla-a14-bologna-taranto-per-lavori\/#primaryimage"},"thumbnailUrl":"https:\/\/lavocedelpaese.info\/wp-content\/uploads\/2024\/06\/a14_traffico.jpeg","datePublished":"2024-06-16T22:53:38+00:00","dateModified":"2024-06-16T22:53:45+00:00","breadcrumb":{"@id":"https:\/\/lavocedelpaese.info\/index.php\/2024\/06\/16\/chiusura-notturna-sulla-a14-bologna-taranto-per-lavori\/#breadcrumb"},"inLanguage":"it-IT","potentialAction":[{"@type":"ReadAction","target":["https:\/\/lavocedelpaese.info\/index.php\/2024\/06\/16\/chiusura-notturna-sulla-a14-bologna-taranto-per-lavori\/"]}]},{"@type":"ImageObject","inLanguage":"it-IT","@id":"https:\/\/lavocedelpaese.info\/index.php\/2024\/06\/16\/chiusura-notturna-sulla-a14-bologna-taranto-per-lavori\/#primaryimage","url":"https:\/\/lavocedelpaese.info\/wp-content\/uploads\/2024\/06\/a14_traffico.jpeg","contentUrl":"https:\/\/lavocedelpaese.info\/wp-content\/uploads\/2024\/06\/a14_traffico.jpeg","width":1000,"height":568},{"@type":"BreadcrumbList","@id":"https:\/\/lavocedelpaese.info\/index.php\/2024\/06\/16\/chiusura-notturna-sulla-a14-bologna-taranto-per-lavori\/#breadcrumb","itemListElement":[{"@type":"ListItem","position":1,"name":"Home","item":"https:\/\/lavocedelpaese.info\/"},{"@type":"ListItem","position":2,"name":"Chiusura Notturna sulla A14 Bologna-Taranto per Lavori"}]},{"@type":"WebSite","@id":"https:\/\/lavocedelpaese.info\/#website","url":"https:\/\/lavocedelpaese.info\/","name":"La Voce del Paese","description":"Un network di idee","publisher":{"@id":"https:\/\/lavocedelpaese.info\/#organization"},"potentialAction":[{"@type":"SearchAction","target":{"@type":"EntryPoint","urlTemplate":"https:\/\/lavocedelpaese.info\/?s={search_term_string}"},"query-input":{"@type":"PropertyValueSpecification","valueRequired":true,"valueName":"search_term_string"}}],"inLanguage":"it-IT"},{"@type":"Organization","@id":"https:\/\/lavocedelpaese.info\/#organization","name":"La Voce del Paese","url":"https:\/\/lavocedelpaese.info\/","logo":{"@type":"ImageObject","inLanguage":"it-IT","@id":"https:\/\/lavocedelpaese.info\/#\/schema\/logo\/image\/","url":"https:\/\/lavocedelpaese.info\/wp-content\/uploads\/2023\/01\/cropped-logo-150-127.png","contentUrl":"https:\/\/lavocedelpaese.info\/wp-content\/uploads\/2023\/01\/cropped-logo-150-127.png","width":137,"height":119,"caption":"La Voce del Paese"},"image":{"@id":"https:\/\/lavocedelpaese.info\/#\/schema\/logo\/image\/"},"sameAs":["https:\/\/www.facebook.com\/lavocedelpaese.info"]},{"@type":"Person","@id":"https:\/\/lavocedelpaese.info\/#\/schema\/person\/ec151d321306bd7591f7a061abf72d88","name":"admin","image":{"@type":"ImageObject","inLanguage":"it-IT","@id":"https:\/\/secure.gravatar.com\/avatar\/af8f2caf0663124588de48a9380e07cbc95a74ef15b8062d0d39106c32fe3023?s=96&d=mm&r=g","url":"https:\/\/secure.gravatar.com\/avatar\/af8f2caf0663124588de48a9380e07cbc95a74ef15b8062d0d39106c32fe3023?s=96&d=mm&r=g","contentUrl":"https:\/\/secure.gravatar.com\/avatar\/af8f2caf0663124588de48a9380e07cbc95a74ef15b8062d0d39106c32fe3023?s=96&d=mm&r=g","caption":"admin"},"sameAs":["https:\/\/lavocedelpaese.info"],"url":"https:\/\/lavocedelpaese.info\/index.php\/author\/admin\/"}]}},"_links":{"self":[{"href":"https:\/\/lavocedelpaese.info\/index.php\/wp-json\/wp\/v2\/posts\/2410","targetHints":{"allow":["GET"]}}],"collection":[{"href":"https:\/\/lavocedelpaese.info\/index.php\/wp-json\/wp\/v2\/posts"}],"about":[{"href":"https:\/\/lavocedelpaese.info\/index.php\/wp-json\/wp\/v2\/types\/post"}],"author":[{"embeddable":true,"href":"https:\/\/lavocedelpaese.info\/index.php\/wp-json\/wp\/v2\/users\/6"}],"replies":[{"embeddable":true,"href":"https:\/\/lavocedelpaese.info\/index.php\/wp-json\/wp\/v2\/comments?post=2410"}],"version-history":[{"count":1,"href":"https:\/\/lavocedelpaese.info\/index.php\/wp-json\/wp\/v2\/posts\/2410\/revisions"}],"predecessor-version":[{"id":2412,"href":"https:\/\/lavocedelpaese.info\/index.php\/wp-json\/wp\/v2\/posts\/2410\/revisions\/2412"}],"wp:featuredmedia":[{"embeddable":true,"href":"https:\/\/lavocedelpaese.info\/index.php\/wp-json\/wp\/v2\/media\/2411"}],"wp:attachment":[{"href":"https:\/\/lavocedelpaese.info\/index.php\/wp-json\/wp\/v2\/media?parent=2410"}],"wp:term":[{"taxonomy":"category","embeddable":true,"href":"https:\/\/lavocedelpaese.info\/index.php\/wp-json\/wp\/v2\/categories?post=2410"},{"taxonomy":"post_tag","embeddable":true,"href":"https:\/\/lavocedelpaese.info\/index.php\/wp-json\/wp\/v2\/tags?post=2410"}],"curies":[{"name":"wp","href":"https:\/\/api.w.org\/{rel}","templated":true}]}}