{"id":2401,"date":"2024-06-16T23:04:29","date_gmt":"2024-06-16T23:04:29","guid":{"rendered":"https:\/\/lavocedelpaese.info\/?p=2401"},"modified":"2024-06-16T23:05:48","modified_gmt":"2024-06-16T23:05:48","slug":"convenzione-tra-dafne-e-comune-di-foggia-al-bosco-incoronata","status":"publish","type":"post","link":"https:\/\/lavocedelpaese.info\/index.php\/2024\/06\/16\/convenzione-tra-dafne-e-comune-di-foggia-al-bosco-incoronata\/","title":{"rendered":"Convenzione tra Dafne e Comune di Foggia al Bosco Incoronata"},"content":{"rendered":"\n<h4 class=\"wp-block-heading\"><strong>Accordo storico per la ricerca e la sostenibilit\u00e0<\/strong><\/h4>\n\n\n\n<p>Il 17 giugno, presso Palazzo di Citt\u00e0 a Foggia, sar\u00e0 presentata una Convenzione\/Accordo Quadro tra l&#8217;Universit\u00e0 di Foggia &#8211; Dipartimento di Scienze Agrarie, Alimenti, Risorse Naturali e Ingegneria (Dafne) e il Parco Naturale Regionale Bosco Incoronata &#8211; Comune di Foggia. La convenzione mira a sviluppare tecniche di gestione agroambientale per la tutela e conservazione degli ecosistemi naturali e agrari. Tra gli obiettivi principali ci sono la tutela della biodiversit\u00e0, la difesa del suolo e la riduzione dell&#8217;impatto delle attivit\u00e0 antropiche. L&#8217;accordo prevede anche attivit\u00e0 formative, tirocini, cantieri scuola, pubblicazione di tesi di laurea e attivazione di borse di studio. La collaborazione si estende alla partecipazione congiunta a bandi e programmi di ricerca a livello regionale, nazionale ed europeo.<\/p>\n\n\n\n<p>La convenzione tra l&#8217;Universit\u00e0 di Foggia e il Comune di Foggia per le attivit\u00e0 di ricerca e sperimentazione nel Parco Naturale Regionale Bosco Incoronata porta con s\u00e9 una serie di implicazioni significative dal punto di vista ambientale, economico, educativo e sociale.<\/p>\n\n\n\n<p>La principale implicazione ambientale di questa convenzione \u00e8 la promozione di tecniche di gestione agroambientale basate sulla natura, che mirano a preservare e migliorare la funzionalit\u00e0 ecologica degli ecosistemi naturali e agrari. Questo approccio include la riqualificazione ambientale, la salvaguardia della biodiversit\u00e0 e la difesa del suolo, riducendo al contempo l&#8217;impatto delle attivit\u00e0 antropiche. Tali iniziative possono contribuire significativamente alla resilienza ecologica del territorio, migliorando la capacit\u00e0 degli ecosistemi locali di affrontare sfide come il cambiamento climatico e l&#8217;inquinamento. Inoltre, la conservazione delle aree protette come il Bosco Incoronata aiuta a mantenere l&#8217;equilibrio naturale, proteggendo habitat cruciali per molte specie autoctone.<\/p>\n\n\n\n<p>L&#8217;accordo ha potenziali benefici economici significativi. L&#8217;implementazione di tecniche di gestione sostenibile pu\u00f2 migliorare la produttivit\u00e0 agricola e la qualit\u00e0 del suolo, riducendo i costi a lungo termine associati alla degradazione del suolo e all&#8217;uso intensivo di risorse. Inoltre, la partecipazione congiunta a bandi e programmi di ricerca pu\u00f2 portare finanziamenti significativi da fonti regionali, nazionali ed europee, stimolando l&#8217;economia locale. Le attivit\u00e0 formative e i tirocini offerti attraverso questa collaborazione possono anche aumentare le opportunit\u00e0 di lavoro per i giovani laureati e professionisti locali, contribuendo alla crescita economica della regione.<\/p>\n\n\n\n<p>La convenzione promuove la ricerca scientifica e l&#8217;educazione ambientale. Le attivit\u00e0 formative, i tirocini e i cantieri scuola forniranno agli studenti e ai giovani professionisti opportunit\u00e0 pratiche di apprendimento e sviluppo delle competenze. La pubblicazione di tesi di laurea e l&#8217;attivazione di borse di studio su tematiche agroambientali stimoleranno ulteriori ricerche e innovazioni nel campo della sostenibilit\u00e0. Inoltre, la promozione della cultura scientifica e tecnologica sul territorio pu\u00f2 aumentare la consapevolezza pubblica sui problemi ambientali e sulle soluzioni sostenibili, incentivando comportamenti pi\u00f9 responsabili tra i cittadini.<\/p>\n\n\n\n<p>La collaborazione tra il Dafne e il Comune di Foggia pu\u00f2 rafforzare il senso di comunit\u00e0 e l&#8217;impegno civico tra i residenti. Le iniziative di divulgazione e le attivit\u00e0 di formazione pubblica contribuiranno a creare una cultura di rispetto per l&#8217;ambiente, coinvolgendo attivamente la popolazione locale nelle attivit\u00e0 di conservazione. La valorizzazione delle componenti del paesaggio e la promozione delle attivit\u00e0 scientifiche possono anche migliorare la qualit\u00e0 della vita dei cittadini, offrendo spazi verdi pi\u00f9 curati e accessibili per il tempo libero e la ricreazione.<\/p>\n\n\n\n<p>Nonostante i numerosi benefici, la realizzazione degli obiettivi della convenzione richiede una gestione efficace e coordinata delle risorse. \u00c8 essenziale garantire che le attivit\u00e0 di ricerca e sperimentazione siano condotte in modo trasparente e con il coinvolgimento delle comunit\u00e0 locali. La continuit\u00e0 del finanziamento e il supporto politico sono cruciali per il successo a lungo termine del progetto. Inoltre, \u00e8 importante monitorare e valutare continuamente l&#8217;impatto delle iniziative per adattare le strategie e garantire che gli obiettivi di sostenibilit\u00e0 e conservazione siano effettivamente raggiunti.<\/p>\n\n\n\n<p>In conclusione, la convenzione tra il Dafne e il Comune di Foggia rappresenta un passo significativo verso la tutela e la valorizzazione degli ecosistemi naturali e agrari nel Bosco Incoronata. Le implicazioni positive di questa collaborazione sono molteplici e possono portare benefici duraturi per l&#8217;ambiente, l&#8217;economia, l&#8217;educazione e la societ\u00e0 locale. Tuttavia, il successo del progetto dipender\u00e0 dalla capacit\u00e0 delle parti coinvolte di lavorare insieme in modo efficace e sostenibile, affrontando le sfide e cogliendo le opportunit\u00e0 che emergeranno lungo il percorso.<\/p>\n","protected":false},"excerpt":{"rendered":"<p>Accordo storico per la ricerca e la sostenibilit\u00e0 Il 17 giugno, presso Palazzo di Citt\u00e0 a Foggia, sar\u00e0 presentata una<\/p>\n","protected":false},"author":6,"featured_media":2402,"comment_status":"open","ping_status":"closed","sticky":false,"template":"","format":"standard","meta":{"colormag_page_container_layout":"default_layout","colormag_page_sidebar_layout":"default_layout","footnotes":""},"categories":[2,34],"tags":[],"class_list":["post-2401","post","type-post","status-publish","format-standard","has-post-thumbnail","hentry","category-attualita","category-box-laterali-blocco-1"],"yoast_head":"<!-- This site is optimized with the Yoast SEO plugin v27.5 - https:\/\/yoast.com\/product\/yoast-seo-wordpress\/ -->\n<title>Convenzione tra Dafne e Comune di Foggia al Bosco Incoronata - La Voce del Paese<\/title>\n<meta name=\"robots\" content=\"index, follow, max-snippet:-1, max-image-preview:large, max-video-preview:-1\" \/>\n<link rel=\"canonical\" href=\"https:\/\/lavocedelpaese.info\/index.php\/2024\/06\/16\/convenzione-tra-dafne-e-comune-di-foggia-al-bosco-incoronata\/\" \/>\n<meta property=\"og:locale\" content=\"it_IT\" \/>\n<meta property=\"og:type\" content=\"article\" \/>\n<meta property=\"og:title\" content=\"Convenzione tra Dafne e Comune di Foggia al Bosco Incoronata - La Voce del Paese\" \/>\n<meta property=\"og:description\" content=\"Accordo storico per la ricerca e la sostenibilit\u00e0 Il 17 giugno, presso Palazzo di Citt\u00e0 a Foggia, sar\u00e0 presentata una\" \/>\n<meta property=\"og:url\" content=\"https:\/\/lavocedelpaese.info\/index.php\/2024\/06\/16\/convenzione-tra-dafne-e-comune-di-foggia-al-bosco-incoronata\/\" \/>\n<meta property=\"og:site_name\" content=\"La Voce del Paese\" \/>\n<meta property=\"article:publisher\" content=\"https:\/\/www.facebook.com\/lavocedelpaese.info\" \/>\n<meta property=\"article:published_time\" content=\"2024-06-16T23:04:29+00:00\" \/>\n<meta property=\"article:modified_time\" content=\"2024-06-16T23:05:48+00:00\" \/>\n<meta property=\"og:image\" content=\"https:\/\/lavocedelpaese.info\/wp-content\/uploads\/2024\/06\/bosco-incoronata-foggia.jpg\" \/>\n\t<meta property=\"og:image:width\" content=\"1000\" \/>\n\t<meta property=\"og:image:height\" content=\"570\" \/>\n\t<meta property=\"og:image:type\" content=\"image\/jpeg\" \/>\n<meta name=\"author\" content=\"admin\" \/>\n<meta name=\"twitter:card\" content=\"summary_large_image\" \/>\n<meta name=\"twitter:label1\" content=\"Scritto da\" \/>\n\t<meta name=\"twitter:data1\" content=\"admin\" \/>\n\t<meta name=\"twitter:label2\" content=\"Tempo di lettura stimato\" \/>\n\t<meta name=\"twitter:data2\" content=\"4 minuti\" \/>\n<script type=\"application\/ld+json\" class=\"yoast-schema-graph\">{\"@context\":\"https:\\\/\\\/schema.org\",\"@graph\":[{\"@type\":\"Article\",\"@id\":\"https:\\\/\\\/lavocedelpaese.info\\\/index.php\\\/2024\\\/06\\\/16\\\/convenzione-tra-dafne-e-comune-di-foggia-al-bosco-incoronata\\\/#article\",\"isPartOf\":{\"@id\":\"https:\\\/\\\/lavocedelpaese.info\\\/index.php\\\/2024\\\/06\\\/16\\\/convenzione-tra-dafne-e-comune-di-foggia-al-bosco-incoronata\\\/\"},\"author\":{\"name\":\"admin\",\"@id\":\"https:\\\/\\\/lavocedelpaese.info\\\/#\\\/schema\\\/person\\\/ec151d321306bd7591f7a061abf72d88\"},\"headline\":\"Convenzione tra Dafne e Comune di Foggia al Bosco Incoronata\",\"datePublished\":\"2024-06-16T23:04:29+00:00\",\"dateModified\":\"2024-06-16T23:05:48+00:00\",\"mainEntityOfPage\":{\"@id\":\"https:\\\/\\\/lavocedelpaese.info\\\/index.php\\\/2024\\\/06\\\/16\\\/convenzione-tra-dafne-e-comune-di-foggia-al-bosco-incoronata\\\/\"},\"wordCount\":722,\"commentCount\":0,\"publisher\":{\"@id\":\"https:\\\/\\\/lavocedelpaese.info\\\/#organization\"},\"image\":{\"@id\":\"https:\\\/\\\/lavocedelpaese.info\\\/index.php\\\/2024\\\/06\\\/16\\\/convenzione-tra-dafne-e-comune-di-foggia-al-bosco-incoronata\\\/#primaryimage\"},\"thumbnailUrl\":\"https:\\\/\\\/lavocedelpaese.info\\\/wp-content\\\/uploads\\\/2024\\\/06\\\/bosco-incoronata-foggia.jpg\",\"articleSection\":[\"Attualit\u00e0\",\"primo piano\"],\"inLanguage\":\"it-IT\",\"potentialAction\":[{\"@type\":\"CommentAction\",\"name\":\"Comment\",\"target\":[\"https:\\\/\\\/lavocedelpaese.info\\\/index.php\\\/2024\\\/06\\\/16\\\/convenzione-tra-dafne-e-comune-di-foggia-al-bosco-incoronata\\\/#respond\"]}]},{\"@type\":\"WebPage\",\"@id\":\"https:\\\/\\\/lavocedelpaese.info\\\/index.php\\\/2024\\\/06\\\/16\\\/convenzione-tra-dafne-e-comune-di-foggia-al-bosco-incoronata\\\/\",\"url\":\"https:\\\/\\\/lavocedelpaese.info\\\/index.php\\\/2024\\\/06\\\/16\\\/convenzione-tra-dafne-e-comune-di-foggia-al-bosco-incoronata\\\/\",\"name\":\"Convenzione tra Dafne e Comune di Foggia al Bosco Incoronata - La Voce del Paese\",\"isPartOf\":{\"@id\":\"https:\\\/\\\/lavocedelpaese.info\\\/#website\"},\"primaryImageOfPage\":{\"@id\":\"https:\\\/\\\/lavocedelpaese.info\\\/index.php\\\/2024\\\/06\\\/16\\\/convenzione-tra-dafne-e-comune-di-foggia-al-bosco-incoronata\\\/#primaryimage\"},\"image\":{\"@id\":\"https:\\\/\\\/lavocedelpaese.info\\\/index.php\\\/2024\\\/06\\\/16\\\/convenzione-tra-dafne-e-comune-di-foggia-al-bosco-incoronata\\\/#primaryimage\"},\"thumbnailUrl\":\"https:\\\/\\\/lavocedelpaese.info\\\/wp-content\\\/uploads\\\/2024\\\/06\\\/bosco-incoronata-foggia.jpg\",\"datePublished\":\"2024-06-16T23:04:29+00:00\",\"dateModified\":\"2024-06-16T23:05:48+00:00\",\"breadcrumb\":{\"@id\":\"https:\\\/\\\/lavocedelpaese.info\\\/index.php\\\/2024\\\/06\\\/16\\\/convenzione-tra-dafne-e-comune-di-foggia-al-bosco-incoronata\\\/#breadcrumb\"},\"inLanguage\":\"it-IT\",\"potentialAction\":[{\"@type\":\"ReadAction\",\"target\":[\"https:\\\/\\\/lavocedelpaese.info\\\/index.php\\\/2024\\\/06\\\/16\\\/convenzione-tra-dafne-e-comune-di-foggia-al-bosco-incoronata\\\/\"]}]},{\"@type\":\"ImageObject\",\"inLanguage\":\"it-IT\",\"@id\":\"https:\\\/\\\/lavocedelpaese.info\\\/index.php\\\/2024\\\/06\\\/16\\\/convenzione-tra-dafne-e-comune-di-foggia-al-bosco-incoronata\\\/#primaryimage\",\"url\":\"https:\\\/\\\/lavocedelpaese.info\\\/wp-content\\\/uploads\\\/2024\\\/06\\\/bosco-incoronata-foggia.jpg\",\"contentUrl\":\"https:\\\/\\\/lavocedelpaese.info\\\/wp-content\\\/uploads\\\/2024\\\/06\\\/bosco-incoronata-foggia.jpg\",\"width\":1000,\"height\":570},{\"@type\":\"BreadcrumbList\",\"@id\":\"https:\\\/\\\/lavocedelpaese.info\\\/index.php\\\/2024\\\/06\\\/16\\\/convenzione-tra-dafne-e-comune-di-foggia-al-bosco-incoronata\\\/#breadcrumb\",\"itemListElement\":[{\"@type\":\"ListItem\",\"position\":1,\"name\":\"Home\",\"item\":\"https:\\\/\\\/lavocedelpaese.info\\\/\"},{\"@type\":\"ListItem\",\"position\":2,\"name\":\"Convenzione tra Dafne e Comune di Foggia al Bosco Incoronata\"}]},{\"@type\":\"WebSite\",\"@id\":\"https:\\\/\\\/lavocedelpaese.info\\\/#website\",\"url\":\"https:\\\/\\\/lavocedelpaese.info\\\/\",\"name\":\"La Voce del Paese\",\"description\":\"Un network di idee\",\"publisher\":{\"@id\":\"https:\\\/\\\/lavocedelpaese.info\\\/#organization\"},\"potentialAction\":[{\"@type\":\"SearchAction\",\"target\":{\"@type\":\"EntryPoint\",\"urlTemplate\":\"https:\\\/\\\/lavocedelpaese.info\\\/?s={search_term_string}\"},\"query-input\":{\"@type\":\"PropertyValueSpecification\",\"valueRequired\":true,\"valueName\":\"search_term_string\"}}],\"inLanguage\":\"it-IT\"},{\"@type\":\"Organization\",\"@id\":\"https:\\\/\\\/lavocedelpaese.info\\\/#organization\",\"name\":\"La Voce del Paese\",\"url\":\"https:\\\/\\\/lavocedelpaese.info\\\/\",\"logo\":{\"@type\":\"ImageObject\",\"inLanguage\":\"it-IT\",\"@id\":\"https:\\\/\\\/lavocedelpaese.info\\\/#\\\/schema\\\/logo\\\/image\\\/\",\"url\":\"https:\\\/\\\/lavocedelpaese.info\\\/wp-content\\\/uploads\\\/2023\\\/01\\\/cropped-logo-150-127.png\",\"contentUrl\":\"https:\\\/\\\/lavocedelpaese.info\\\/wp-content\\\/uploads\\\/2023\\\/01\\\/cropped-logo-150-127.png\",\"width\":137,\"height\":119,\"caption\":\"La Voce del Paese\"},\"image\":{\"@id\":\"https:\\\/\\\/lavocedelpaese.info\\\/#\\\/schema\\\/logo\\\/image\\\/\"},\"sameAs\":[\"https:\\\/\\\/www.facebook.com\\\/lavocedelpaese.info\"]},{\"@type\":\"Person\",\"@id\":\"https:\\\/\\\/lavocedelpaese.info\\\/#\\\/schema\\\/person\\\/ec151d321306bd7591f7a061abf72d88\",\"name\":\"admin\",\"image\":{\"@type\":\"ImageObject\",\"inLanguage\":\"it-IT\",\"@id\":\"https:\\\/\\\/secure.gravatar.com\\\/avatar\\\/af8f2caf0663124588de48a9380e07cbc95a74ef15b8062d0d39106c32fe3023?s=96&d=mm&r=g\",\"url\":\"https:\\\/\\\/secure.gravatar.com\\\/avatar\\\/af8f2caf0663124588de48a9380e07cbc95a74ef15b8062d0d39106c32fe3023?s=96&d=mm&r=g\",\"contentUrl\":\"https:\\\/\\\/secure.gravatar.com\\\/avatar\\\/af8f2caf0663124588de48a9380e07cbc95a74ef15b8062d0d39106c32fe3023?s=96&d=mm&r=g\",\"caption\":\"admin\"},\"sameAs\":[\"https:\\\/\\\/lavocedelpaese.info\"],\"url\":\"https:\\\/\\\/lavocedelpaese.info\\\/index.php\\\/author\\\/admin\\\/\"}]}<\/script>\n<!-- \/ Yoast SEO plugin. -->","yoast_head_json":{"title":"Convenzione tra Dafne e Comune di Foggia al Bosco Incoronata - La Voce del Paese","robots":{"index":"index","follow":"follow","max-snippet":"max-snippet:-1","max-image-preview":"max-image-preview:large","max-video-preview":"max-video-preview:-1"},"canonical":"https:\/\/lavocedelpaese.info\/index.php\/2024\/06\/16\/convenzione-tra-dafne-e-comune-di-foggia-al-bosco-incoronata\/","og_locale":"it_IT","og_type":"article","og_title":"Convenzione tra Dafne e Comune di Foggia al Bosco Incoronata - La Voce del Paese","og_description":"Accordo storico per la ricerca e la sostenibilit\u00e0 Il 17 giugno, presso Palazzo di Citt\u00e0 a Foggia, sar\u00e0 presentata una","og_url":"https:\/\/lavocedelpaese.info\/index.php\/2024\/06\/16\/convenzione-tra-dafne-e-comune-di-foggia-al-bosco-incoronata\/","og_site_name":"La Voce del Paese","article_publisher":"https:\/\/www.facebook.com\/lavocedelpaese.info","article_published_time":"2024-06-16T23:04:29+00:00","article_modified_time":"2024-06-16T23:05:48+00:00","og_image":[{"width":1000,"height":570,"url":"https:\/\/lavocedelpaese.info\/wp-content\/uploads\/2024\/06\/bosco-incoronata-foggia.jpg","type":"image\/jpeg"}],"author":"admin","twitter_card":"summary_large_image","twitter_misc":{"Scritto da":"admin","Tempo di lettura stimato":"4 minuti"},"schema":{"@context":"https:\/\/schema.org","@graph":[{"@type":"Article","@id":"https:\/\/lavocedelpaese.info\/index.php\/2024\/06\/16\/convenzione-tra-dafne-e-comune-di-foggia-al-bosco-incoronata\/#article","isPartOf":{"@id":"https:\/\/lavocedelpaese.info\/index.php\/2024\/06\/16\/convenzione-tra-dafne-e-comune-di-foggia-al-bosco-incoronata\/"},"author":{"name":"admin","@id":"https:\/\/lavocedelpaese.info\/#\/schema\/person\/ec151d321306bd7591f7a061abf72d88"},"headline":"Convenzione tra Dafne e Comune di Foggia al Bosco Incoronata","datePublished":"2024-06-16T23:04:29+00:00","dateModified":"2024-06-16T23:05:48+00:00","mainEntityOfPage":{"@id":"https:\/\/lavocedelpaese.info\/index.php\/2024\/06\/16\/convenzione-tra-dafne-e-comune-di-foggia-al-bosco-incoronata\/"},"wordCount":722,"commentCount":0,"publisher":{"@id":"https:\/\/lavocedelpaese.info\/#organization"},"image":{"@id":"https:\/\/lavocedelpaese.info\/index.php\/2024\/06\/16\/convenzione-tra-dafne-e-comune-di-foggia-al-bosco-incoronata\/#primaryimage"},"thumbnailUrl":"https:\/\/lavocedelpaese.info\/wp-content\/uploads\/2024\/06\/bosco-incoronata-foggia.jpg","articleSection":["Attualit\u00e0","primo piano"],"inLanguage":"it-IT","potentialAction":[{"@type":"CommentAction","name":"Comment","target":["https:\/\/lavocedelpaese.info\/index.php\/2024\/06\/16\/convenzione-tra-dafne-e-comune-di-foggia-al-bosco-incoronata\/#respond"]}]},{"@type":"WebPage","@id":"https:\/\/lavocedelpaese.info\/index.php\/2024\/06\/16\/convenzione-tra-dafne-e-comune-di-foggia-al-bosco-incoronata\/","url":"https:\/\/lavocedelpaese.info\/index.php\/2024\/06\/16\/convenzione-tra-dafne-e-comune-di-foggia-al-bosco-incoronata\/","name":"Convenzione tra Dafne e Comune di Foggia al Bosco Incoronata - La Voce del Paese","isPartOf":{"@id":"https:\/\/lavocedelpaese.info\/#website"},"primaryImageOfPage":{"@id":"https:\/\/lavocedelpaese.info\/index.php\/2024\/06\/16\/convenzione-tra-dafne-e-comune-di-foggia-al-bosco-incoronata\/#primaryimage"},"image":{"@id":"https:\/\/lavocedelpaese.info\/index.php\/2024\/06\/16\/convenzione-tra-dafne-e-comune-di-foggia-al-bosco-incoronata\/#primaryimage"},"thumbnailUrl":"https:\/\/lavocedelpaese.info\/wp-content\/uploads\/2024\/06\/bosco-incoronata-foggia.jpg","datePublished":"2024-06-16T23:04:29+00:00","dateModified":"2024-06-16T23:05:48+00:00","breadcrumb":{"@id":"https:\/\/lavocedelpaese.info\/index.php\/2024\/06\/16\/convenzione-tra-dafne-e-comune-di-foggia-al-bosco-incoronata\/#breadcrumb"},"inLanguage":"it-IT","potentialAction":[{"@type":"ReadAction","target":["https:\/\/lavocedelpaese.info\/index.php\/2024\/06\/16\/convenzione-tra-dafne-e-comune-di-foggia-al-bosco-incoronata\/"]}]},{"@type":"ImageObject","inLanguage":"it-IT","@id":"https:\/\/lavocedelpaese.info\/index.php\/2024\/06\/16\/convenzione-tra-dafne-e-comune-di-foggia-al-bosco-incoronata\/#primaryimage","url":"https:\/\/lavocedelpaese.info\/wp-content\/uploads\/2024\/06\/bosco-incoronata-foggia.jpg","contentUrl":"https:\/\/lavocedelpaese.info\/wp-content\/uploads\/2024\/06\/bosco-incoronata-foggia.jpg","width":1000,"height":570},{"@type":"BreadcrumbList","@id":"https:\/\/lavocedelpaese.info\/index.php\/2024\/06\/16\/convenzione-tra-dafne-e-comune-di-foggia-al-bosco-incoronata\/#breadcrumb","itemListElement":[{"@type":"ListItem","position":1,"name":"Home","item":"https:\/\/lavocedelpaese.info\/"},{"@type":"ListItem","position":2,"name":"Convenzione tra Dafne e Comune di Foggia al Bosco Incoronata"}]},{"@type":"WebSite","@id":"https:\/\/lavocedelpaese.info\/#website","url":"https:\/\/lavocedelpaese.info\/","name":"La Voce del Paese","description":"Un network di idee","publisher":{"@id":"https:\/\/lavocedelpaese.info\/#organization"},"potentialAction":[{"@type":"SearchAction","target":{"@type":"EntryPoint","urlTemplate":"https:\/\/lavocedelpaese.info\/?s={search_term_string}"},"query-input":{"@type":"PropertyValueSpecification","valueRequired":true,"valueName":"search_term_string"}}],"inLanguage":"it-IT"},{"@type":"Organization","@id":"https:\/\/lavocedelpaese.info\/#organization","name":"La Voce del Paese","url":"https:\/\/lavocedelpaese.info\/","logo":{"@type":"ImageObject","inLanguage":"it-IT","@id":"https:\/\/lavocedelpaese.info\/#\/schema\/logo\/image\/","url":"https:\/\/lavocedelpaese.info\/wp-content\/uploads\/2023\/01\/cropped-logo-150-127.png","contentUrl":"https:\/\/lavocedelpaese.info\/wp-content\/uploads\/2023\/01\/cropped-logo-150-127.png","width":137,"height":119,"caption":"La Voce del Paese"},"image":{"@id":"https:\/\/lavocedelpaese.info\/#\/schema\/logo\/image\/"},"sameAs":["https:\/\/www.facebook.com\/lavocedelpaese.info"]},{"@type":"Person","@id":"https:\/\/lavocedelpaese.info\/#\/schema\/person\/ec151d321306bd7591f7a061abf72d88","name":"admin","image":{"@type":"ImageObject","inLanguage":"it-IT","@id":"https:\/\/secure.gravatar.com\/avatar\/af8f2caf0663124588de48a9380e07cbc95a74ef15b8062d0d39106c32fe3023?s=96&d=mm&r=g","url":"https:\/\/secure.gravatar.com\/avatar\/af8f2caf0663124588de48a9380e07cbc95a74ef15b8062d0d39106c32fe3023?s=96&d=mm&r=g","contentUrl":"https:\/\/secure.gravatar.com\/avatar\/af8f2caf0663124588de48a9380e07cbc95a74ef15b8062d0d39106c32fe3023?s=96&d=mm&r=g","caption":"admin"},"sameAs":["https:\/\/lavocedelpaese.info"],"url":"https:\/\/lavocedelpaese.info\/index.php\/author\/admin\/"}]}},"_links":{"self":[{"href":"https:\/\/lavocedelpaese.info\/index.php\/wp-json\/wp\/v2\/posts\/2401","targetHints":{"allow":["GET"]}}],"collection":[{"href":"https:\/\/lavocedelpaese.info\/index.php\/wp-json\/wp\/v2\/posts"}],"about":[{"href":"https:\/\/lavocedelpaese.info\/index.php\/wp-json\/wp\/v2\/types\/post"}],"author":[{"embeddable":true,"href":"https:\/\/lavocedelpaese.info\/index.php\/wp-json\/wp\/v2\/users\/6"}],"replies":[{"embeddable":true,"href":"https:\/\/lavocedelpaese.info\/index.php\/wp-json\/wp\/v2\/comments?post=2401"}],"version-history":[{"count":2,"href":"https:\/\/lavocedelpaese.info\/index.php\/wp-json\/wp\/v2\/posts\/2401\/revisions"}],"predecessor-version":[{"id":2416,"href":"https:\/\/lavocedelpaese.info\/index.php\/wp-json\/wp\/v2\/posts\/2401\/revisions\/2416"}],"wp:featuredmedia":[{"embeddable":true,"href":"https:\/\/lavocedelpaese.info\/index.php\/wp-json\/wp\/v2\/media\/2402"}],"wp:attachment":[{"href":"https:\/\/lavocedelpaese.info\/index.php\/wp-json\/wp\/v2\/media?parent=2401"}],"wp:term":[{"taxonomy":"category","embeddable":true,"href":"https:\/\/lavocedelpaese.info\/index.php\/wp-json\/wp\/v2\/categories?post=2401"},{"taxonomy":"post_tag","embeddable":true,"href":"https:\/\/lavocedelpaese.info\/index.php\/wp-json\/wp\/v2\/tags?post=2401"}],"curies":[{"name":"wp","href":"https:\/\/api.w.org\/{rel}","templated":true}]}}