{"id":2395,"date":"2024-06-16T22:34:51","date_gmt":"2024-06-16T22:34:51","guid":{"rendered":"https:\/\/lavocedelpaese.info\/?p=2395"},"modified":"2024-06-16T22:34:53","modified_gmt":"2024-06-16T22:34:53","slug":"moreno-longo-nuovo-allenatore-del-bari","status":"publish","type":"post","link":"https:\/\/lavocedelpaese.info\/index.php\/2024\/06\/16\/moreno-longo-nuovo-allenatore-del-bari\/","title":{"rendered":"Moreno Longo nuovo allenatore del Bari"},"content":{"rendered":"\n<p>Il Bari sta accelerando per la nomina di un nuovo allenatore, con Moreno Longo che \u00e8 diventato la prima scelta per la panchina biancorossa. Dopo le complicazioni legate al ritorno di Vincenzo Vivarini, l&#8217;attenzione si \u00e8 spostata su Longo, che ha dato la sua disponibilit\u00e0 a un accordo biennale con opzione per un terzo anno. L&#8217;annuncio ufficiale \u00e8 atteso nei prossimi giorni, insieme alla possibile nomina di Giuseppe Magalini come direttore sportivo.<\/p>\n\n\n\n<p>La nomina di Moreno Longo come allenatore del Bari pu\u00f2 portare una serie di cambiamenti tecnici e tattici significativi per la squadra. Con un passato da difensore e una carriera di allenatore che include esperienze in Serie A e B, Longo \u00e8 noto per il suo approccio disciplinato e per la sua capacit\u00e0 di organizzare la difesa. Questo potrebbe tradursi in un miglioramento della solidit\u00e0 difensiva del Bari, che potrebbe diventare pi\u00f9 competitivo nella prossima stagione. La sua predilezione per il modulo 3-5-2 potrebbe portare a un ripensamento della rosa, con possibili acquisti e cessioni mirati a rafforzare le fasce e il centrocampo.<\/p>\n\n\n\n<p>L&#8217;arrivo di un nuovo allenatore comporta inevitabilmente un periodo di adattamento per la squadra e i giocatori. Longo dovr\u00e0 lavorare per guadagnarsi la fiducia dello spogliatoio e adattare i suoi metodi alle caratteristiche dei giocatori esistenti. Questo potrebbe significare nuove opportunit\u00e0 per alcuni giocatori che si adattano bene al suo stile di gioco, mentre altri potrebbero trovare meno spazio. Inoltre, l&#8217;introduzione di un nuovo staff tecnico potrebbe portare nuove idee e approcci agli allenamenti, migliorando la preparazione fisica e tattica della squadra.<\/p>\n\n\n\n<p>La scelta di Moreno Longo come allenatore pu\u00f2 avere anche ripercussioni economiche per il Bari. L&#8217;accordo biennale con opzione per un terzo anno rappresenta un investimento significativo, ma pu\u00f2 essere visto come una scommessa sulla stabilit\u00e0 e sulla crescita a lungo termine. Se Longo riuscir\u00e0 a portare la squadra a ottenere buoni risultati, ci\u00f2 potrebbe tradursi in maggiori entrate da sponsor, diritti televisivi e biglietteria. Tuttavia, c&#8217;\u00e8 anche un rischio finanziario: se i risultati non dovessero arrivare, il club potrebbe trovarsi a dover affrontare costi aggiuntivi legati a un eventuale esonero e alla ricerca di un nuovo allenatore.<\/p>\n\n\n\n<p>I tifosi del Bari sono una parte essenziale del club e la nomina di un nuovo allenatore ha sempre un impatto significativo sulla loro fiducia e sul loro entusiasmo. Moreno Longo dovr\u00e0 dimostrare fin da subito di essere all&#8217;altezza delle aspettative, ottenendo risultati positivi e mostrando un gioco convincente. Un inizio positivo potrebbe riaccendere l&#8217;entusiasmo tra i tifosi, aumentando la partecipazione alle partite e il supporto alla squadra. Inoltre, il coinvolgimento attivo della comunit\u00e0 locale \u00e8 cruciale per mantenere una forte identit\u00e0 del club e per promuovere iniziative sociali e di marketing che rafforzino il legame tra la squadra e i suoi sostenitori.<\/p>\n\n\n\n<p>La nomina di Moreno Longo potrebbe anche riflettere una strategia a lungo termine del club per costruire una squadra competitiva e sostenibile. Longo ha dimostrato in passato di saper lavorare bene con i giovani e di valorizzare i talenti emergenti. Questo potrebbe portare a un maggior focus sulla formazione e sull&#8217;integrazione dei giovani talenti provenienti dal vivaio del Bari. Un approccio del genere non solo pu\u00f2 aiutare a costruire una squadra forte e coesa, ma anche a ridurre i costi di trasferimento e a creare un modello di sviluppo sostenibile.<\/p>\n\n\n\n<p>La scelta di un allenatore come Moreno Longo per un club storico come il Bari ha implicazioni anche per il panorama pi\u00f9 ampio del calcio italiano. Se Longo riuscir\u00e0 a riportare il Bari in Serie A, ci\u00f2 potrebbe contribuire a rinvigorire l&#8217;interesse per il calcio nel Sud Italia, regione che storicamente ha prodotto molti talenti ma che spesso ha visto le sue squadre principali lottare per mantenere la competitivit\u00e0. Un Bari forte e ben gestito potrebbe servire da esempio positivo per altri club della regione, promuovendo una maggiore professionalit\u00e0 e un miglioramento generale del livello di competizione.<\/p>\n\n\n\n<p>In sintesi, la nomina di Moreno Longo come nuovo allenatore del Bari rappresenta una scelta strategica con potenziali implicazioni significative per la squadra, i giocatori, l&#8217;economia del club, i tifosi, la comunit\u00e0 locale e il calcio italiano in generale. Il successo di Longo dipender\u00e0 dalla sua capacit\u00e0 di adattarsi rapidamente, di ottenere risultati positivi e di costruire una squadra competitiva. Se riuscir\u00e0 in questo, il Bari non solo potr\u00e0 ambire a un ritorno in Serie A, ma potr\u00e0 anche consolidare la sua posizione come uno dei club pi\u00f9 importanti del Sud Italia, contribuendo a rivitalizzare l&#8217;interesse per il calcio nella regione e a promuovere uno sviluppo sostenibile del settore.<\/p>\n","protected":false},"excerpt":{"rendered":"<p>Il Bari sta accelerando per la nomina di un nuovo allenatore, con Moreno Longo che \u00e8 diventato la prima scelta<\/p>\n","protected":false},"author":6,"featured_media":2396,"comment_status":"open","ping_status":"closed","sticky":false,"template":"","format":"standard","meta":{"colormag_page_container_layout":"default_layout","colormag_page_sidebar_layout":"default_layout","footnotes":""},"categories":[33,15],"tags":[],"class_list":["post-2395","post","type-post","status-publish","format-standard","has-post-thumbnail","hentry","category-network","category-sport"],"yoast_head":"<!-- This site is optimized with the Yoast SEO plugin v27.5 - https:\/\/yoast.com\/product\/yoast-seo-wordpress\/ -->\n<title>Moreno Longo nuovo allenatore del Bari - La Voce del Paese<\/title>\n<meta name=\"robots\" content=\"index, follow, max-snippet:-1, max-image-preview:large, max-video-preview:-1\" \/>\n<link rel=\"canonical\" href=\"https:\/\/lavocedelpaese.info\/index.php\/2024\/06\/16\/moreno-longo-nuovo-allenatore-del-bari\/\" \/>\n<meta property=\"og:locale\" content=\"it_IT\" \/>\n<meta property=\"og:type\" content=\"article\" \/>\n<meta property=\"og:title\" content=\"Moreno Longo nuovo allenatore del Bari - La Voce del Paese\" \/>\n<meta property=\"og:description\" content=\"Il Bari sta accelerando per la nomina di un nuovo allenatore, con Moreno Longo che \u00e8 diventato la prima scelta\" \/>\n<meta property=\"og:url\" content=\"https:\/\/lavocedelpaese.info\/index.php\/2024\/06\/16\/moreno-longo-nuovo-allenatore-del-bari\/\" \/>\n<meta property=\"og:site_name\" content=\"La Voce del Paese\" \/>\n<meta property=\"article:publisher\" content=\"https:\/\/www.facebook.com\/lavocedelpaese.info\" \/>\n<meta property=\"article:published_time\" content=\"2024-06-16T22:34:51+00:00\" \/>\n<meta property=\"article:modified_time\" content=\"2024-06-16T22:34:53+00:00\" \/>\n<meta property=\"og:image\" content=\"https:\/\/lavocedelpaese.info\/wp-content\/uploads\/2024\/06\/Moreno-Longo.jpg\" \/>\n\t<meta property=\"og:image:width\" content=\"1000\" \/>\n\t<meta property=\"og:image:height\" content=\"670\" \/>\n\t<meta property=\"og:image:type\" content=\"image\/jpeg\" \/>\n<meta name=\"author\" content=\"admin\" \/>\n<meta name=\"twitter:card\" content=\"summary_large_image\" \/>\n<meta name=\"twitter:label1\" content=\"Scritto da\" \/>\n\t<meta name=\"twitter:data1\" content=\"admin\" \/>\n\t<meta name=\"twitter:label2\" content=\"Tempo di lettura stimato\" \/>\n\t<meta name=\"twitter:data2\" content=\"5 minuti\" \/>\n<script type=\"application\/ld+json\" class=\"yoast-schema-graph\">{\"@context\":\"https:\\\/\\\/schema.org\",\"@graph\":[{\"@type\":\"Article\",\"@id\":\"https:\\\/\\\/lavocedelpaese.info\\\/index.php\\\/2024\\\/06\\\/16\\\/moreno-longo-nuovo-allenatore-del-bari\\\/#article\",\"isPartOf\":{\"@id\":\"https:\\\/\\\/lavocedelpaese.info\\\/index.php\\\/2024\\\/06\\\/16\\\/moreno-longo-nuovo-allenatore-del-bari\\\/\"},\"author\":{\"name\":\"admin\",\"@id\":\"https:\\\/\\\/lavocedelpaese.info\\\/#\\\/schema\\\/person\\\/ec151d321306bd7591f7a061abf72d88\"},\"headline\":\"Moreno Longo nuovo allenatore del Bari\",\"datePublished\":\"2024-06-16T22:34:51+00:00\",\"dateModified\":\"2024-06-16T22:34:53+00:00\",\"mainEntityOfPage\":{\"@id\":\"https:\\\/\\\/lavocedelpaese.info\\\/index.php\\\/2024\\\/06\\\/16\\\/moreno-longo-nuovo-allenatore-del-bari\\\/\"},\"wordCount\":767,\"commentCount\":0,\"publisher\":{\"@id\":\"https:\\\/\\\/lavocedelpaese.info\\\/#organization\"},\"image\":{\"@id\":\"https:\\\/\\\/lavocedelpaese.info\\\/index.php\\\/2024\\\/06\\\/16\\\/moreno-longo-nuovo-allenatore-del-bari\\\/#primaryimage\"},\"thumbnailUrl\":\"https:\\\/\\\/lavocedelpaese.info\\\/wp-content\\\/uploads\\\/2024\\\/06\\\/Moreno-Longo.jpg\",\"articleSection\":[\"network\",\"Sport\"],\"inLanguage\":\"it-IT\",\"potentialAction\":[{\"@type\":\"CommentAction\",\"name\":\"Comment\",\"target\":[\"https:\\\/\\\/lavocedelpaese.info\\\/index.php\\\/2024\\\/06\\\/16\\\/moreno-longo-nuovo-allenatore-del-bari\\\/#respond\"]}]},{\"@type\":\"WebPage\",\"@id\":\"https:\\\/\\\/lavocedelpaese.info\\\/index.php\\\/2024\\\/06\\\/16\\\/moreno-longo-nuovo-allenatore-del-bari\\\/\",\"url\":\"https:\\\/\\\/lavocedelpaese.info\\\/index.php\\\/2024\\\/06\\\/16\\\/moreno-longo-nuovo-allenatore-del-bari\\\/\",\"name\":\"Moreno Longo nuovo allenatore del Bari - La Voce del Paese\",\"isPartOf\":{\"@id\":\"https:\\\/\\\/lavocedelpaese.info\\\/#website\"},\"primaryImageOfPage\":{\"@id\":\"https:\\\/\\\/lavocedelpaese.info\\\/index.php\\\/2024\\\/06\\\/16\\\/moreno-longo-nuovo-allenatore-del-bari\\\/#primaryimage\"},\"image\":{\"@id\":\"https:\\\/\\\/lavocedelpaese.info\\\/index.php\\\/2024\\\/06\\\/16\\\/moreno-longo-nuovo-allenatore-del-bari\\\/#primaryimage\"},\"thumbnailUrl\":\"https:\\\/\\\/lavocedelpaese.info\\\/wp-content\\\/uploads\\\/2024\\\/06\\\/Moreno-Longo.jpg\",\"datePublished\":\"2024-06-16T22:34:51+00:00\",\"dateModified\":\"2024-06-16T22:34:53+00:00\",\"breadcrumb\":{\"@id\":\"https:\\\/\\\/lavocedelpaese.info\\\/index.php\\\/2024\\\/06\\\/16\\\/moreno-longo-nuovo-allenatore-del-bari\\\/#breadcrumb\"},\"inLanguage\":\"it-IT\",\"potentialAction\":[{\"@type\":\"ReadAction\",\"target\":[\"https:\\\/\\\/lavocedelpaese.info\\\/index.php\\\/2024\\\/06\\\/16\\\/moreno-longo-nuovo-allenatore-del-bari\\\/\"]}]},{\"@type\":\"ImageObject\",\"inLanguage\":\"it-IT\",\"@id\":\"https:\\\/\\\/lavocedelpaese.info\\\/index.php\\\/2024\\\/06\\\/16\\\/moreno-longo-nuovo-allenatore-del-bari\\\/#primaryimage\",\"url\":\"https:\\\/\\\/lavocedelpaese.info\\\/wp-content\\\/uploads\\\/2024\\\/06\\\/Moreno-Longo.jpg\",\"contentUrl\":\"https:\\\/\\\/lavocedelpaese.info\\\/wp-content\\\/uploads\\\/2024\\\/06\\\/Moreno-Longo.jpg\",\"width\":1000,\"height\":670},{\"@type\":\"BreadcrumbList\",\"@id\":\"https:\\\/\\\/lavocedelpaese.info\\\/index.php\\\/2024\\\/06\\\/16\\\/moreno-longo-nuovo-allenatore-del-bari\\\/#breadcrumb\",\"itemListElement\":[{\"@type\":\"ListItem\",\"position\":1,\"name\":\"Home\",\"item\":\"https:\\\/\\\/lavocedelpaese.info\\\/\"},{\"@type\":\"ListItem\",\"position\":2,\"name\":\"Moreno Longo nuovo allenatore del Bari\"}]},{\"@type\":\"WebSite\",\"@id\":\"https:\\\/\\\/lavocedelpaese.info\\\/#website\",\"url\":\"https:\\\/\\\/lavocedelpaese.info\\\/\",\"name\":\"La Voce del Paese\",\"description\":\"Un network di idee\",\"publisher\":{\"@id\":\"https:\\\/\\\/lavocedelpaese.info\\\/#organization\"},\"potentialAction\":[{\"@type\":\"SearchAction\",\"target\":{\"@type\":\"EntryPoint\",\"urlTemplate\":\"https:\\\/\\\/lavocedelpaese.info\\\/?s={search_term_string}\"},\"query-input\":{\"@type\":\"PropertyValueSpecification\",\"valueRequired\":true,\"valueName\":\"search_term_string\"}}],\"inLanguage\":\"it-IT\"},{\"@type\":\"Organization\",\"@id\":\"https:\\\/\\\/lavocedelpaese.info\\\/#organization\",\"name\":\"La Voce del Paese\",\"url\":\"https:\\\/\\\/lavocedelpaese.info\\\/\",\"logo\":{\"@type\":\"ImageObject\",\"inLanguage\":\"it-IT\",\"@id\":\"https:\\\/\\\/lavocedelpaese.info\\\/#\\\/schema\\\/logo\\\/image\\\/\",\"url\":\"https:\\\/\\\/lavocedelpaese.info\\\/wp-content\\\/uploads\\\/2023\\\/01\\\/cropped-logo-150-127.png\",\"contentUrl\":\"https:\\\/\\\/lavocedelpaese.info\\\/wp-content\\\/uploads\\\/2023\\\/01\\\/cropped-logo-150-127.png\",\"width\":137,\"height\":119,\"caption\":\"La Voce del Paese\"},\"image\":{\"@id\":\"https:\\\/\\\/lavocedelpaese.info\\\/#\\\/schema\\\/logo\\\/image\\\/\"},\"sameAs\":[\"https:\\\/\\\/www.facebook.com\\\/lavocedelpaese.info\"]},{\"@type\":\"Person\",\"@id\":\"https:\\\/\\\/lavocedelpaese.info\\\/#\\\/schema\\\/person\\\/ec151d321306bd7591f7a061abf72d88\",\"name\":\"admin\",\"image\":{\"@type\":\"ImageObject\",\"inLanguage\":\"it-IT\",\"@id\":\"https:\\\/\\\/secure.gravatar.com\\\/avatar\\\/af8f2caf0663124588de48a9380e07cbc95a74ef15b8062d0d39106c32fe3023?s=96&d=mm&r=g\",\"url\":\"https:\\\/\\\/secure.gravatar.com\\\/avatar\\\/af8f2caf0663124588de48a9380e07cbc95a74ef15b8062d0d39106c32fe3023?s=96&d=mm&r=g\",\"contentUrl\":\"https:\\\/\\\/secure.gravatar.com\\\/avatar\\\/af8f2caf0663124588de48a9380e07cbc95a74ef15b8062d0d39106c32fe3023?s=96&d=mm&r=g\",\"caption\":\"admin\"},\"sameAs\":[\"https:\\\/\\\/lavocedelpaese.info\"],\"url\":\"https:\\\/\\\/lavocedelpaese.info\\\/index.php\\\/author\\\/admin\\\/\"}]}<\/script>\n<!-- \/ Yoast SEO plugin. -->","yoast_head_json":{"title":"Moreno Longo nuovo allenatore del Bari - La Voce del Paese","robots":{"index":"index","follow":"follow","max-snippet":"max-snippet:-1","max-image-preview":"max-image-preview:large","max-video-preview":"max-video-preview:-1"},"canonical":"https:\/\/lavocedelpaese.info\/index.php\/2024\/06\/16\/moreno-longo-nuovo-allenatore-del-bari\/","og_locale":"it_IT","og_type":"article","og_title":"Moreno Longo nuovo allenatore del Bari - La Voce del Paese","og_description":"Il Bari sta accelerando per la nomina di un nuovo allenatore, con Moreno Longo che \u00e8 diventato la prima scelta","og_url":"https:\/\/lavocedelpaese.info\/index.php\/2024\/06\/16\/moreno-longo-nuovo-allenatore-del-bari\/","og_site_name":"La Voce del Paese","article_publisher":"https:\/\/www.facebook.com\/lavocedelpaese.info","article_published_time":"2024-06-16T22:34:51+00:00","article_modified_time":"2024-06-16T22:34:53+00:00","og_image":[{"width":1000,"height":670,"url":"https:\/\/lavocedelpaese.info\/wp-content\/uploads\/2024\/06\/Moreno-Longo.jpg","type":"image\/jpeg"}],"author":"admin","twitter_card":"summary_large_image","twitter_misc":{"Scritto da":"admin","Tempo di lettura stimato":"5 minuti"},"schema":{"@context":"https:\/\/schema.org","@graph":[{"@type":"Article","@id":"https:\/\/lavocedelpaese.info\/index.php\/2024\/06\/16\/moreno-longo-nuovo-allenatore-del-bari\/#article","isPartOf":{"@id":"https:\/\/lavocedelpaese.info\/index.php\/2024\/06\/16\/moreno-longo-nuovo-allenatore-del-bari\/"},"author":{"name":"admin","@id":"https:\/\/lavocedelpaese.info\/#\/schema\/person\/ec151d321306bd7591f7a061abf72d88"},"headline":"Moreno Longo nuovo allenatore del Bari","datePublished":"2024-06-16T22:34:51+00:00","dateModified":"2024-06-16T22:34:53+00:00","mainEntityOfPage":{"@id":"https:\/\/lavocedelpaese.info\/index.php\/2024\/06\/16\/moreno-longo-nuovo-allenatore-del-bari\/"},"wordCount":767,"commentCount":0,"publisher":{"@id":"https:\/\/lavocedelpaese.info\/#organization"},"image":{"@id":"https:\/\/lavocedelpaese.info\/index.php\/2024\/06\/16\/moreno-longo-nuovo-allenatore-del-bari\/#primaryimage"},"thumbnailUrl":"https:\/\/lavocedelpaese.info\/wp-content\/uploads\/2024\/06\/Moreno-Longo.jpg","articleSection":["network","Sport"],"inLanguage":"it-IT","potentialAction":[{"@type":"CommentAction","name":"Comment","target":["https:\/\/lavocedelpaese.info\/index.php\/2024\/06\/16\/moreno-longo-nuovo-allenatore-del-bari\/#respond"]}]},{"@type":"WebPage","@id":"https:\/\/lavocedelpaese.info\/index.php\/2024\/06\/16\/moreno-longo-nuovo-allenatore-del-bari\/","url":"https:\/\/lavocedelpaese.info\/index.php\/2024\/06\/16\/moreno-longo-nuovo-allenatore-del-bari\/","name":"Moreno Longo nuovo allenatore del Bari - La Voce del Paese","isPartOf":{"@id":"https:\/\/lavocedelpaese.info\/#website"},"primaryImageOfPage":{"@id":"https:\/\/lavocedelpaese.info\/index.php\/2024\/06\/16\/moreno-longo-nuovo-allenatore-del-bari\/#primaryimage"},"image":{"@id":"https:\/\/lavocedelpaese.info\/index.php\/2024\/06\/16\/moreno-longo-nuovo-allenatore-del-bari\/#primaryimage"},"thumbnailUrl":"https:\/\/lavocedelpaese.info\/wp-content\/uploads\/2024\/06\/Moreno-Longo.jpg","datePublished":"2024-06-16T22:34:51+00:00","dateModified":"2024-06-16T22:34:53+00:00","breadcrumb":{"@id":"https:\/\/lavocedelpaese.info\/index.php\/2024\/06\/16\/moreno-longo-nuovo-allenatore-del-bari\/#breadcrumb"},"inLanguage":"it-IT","potentialAction":[{"@type":"ReadAction","target":["https:\/\/lavocedelpaese.info\/index.php\/2024\/06\/16\/moreno-longo-nuovo-allenatore-del-bari\/"]}]},{"@type":"ImageObject","inLanguage":"it-IT","@id":"https:\/\/lavocedelpaese.info\/index.php\/2024\/06\/16\/moreno-longo-nuovo-allenatore-del-bari\/#primaryimage","url":"https:\/\/lavocedelpaese.info\/wp-content\/uploads\/2024\/06\/Moreno-Longo.jpg","contentUrl":"https:\/\/lavocedelpaese.info\/wp-content\/uploads\/2024\/06\/Moreno-Longo.jpg","width":1000,"height":670},{"@type":"BreadcrumbList","@id":"https:\/\/lavocedelpaese.info\/index.php\/2024\/06\/16\/moreno-longo-nuovo-allenatore-del-bari\/#breadcrumb","itemListElement":[{"@type":"ListItem","position":1,"name":"Home","item":"https:\/\/lavocedelpaese.info\/"},{"@type":"ListItem","position":2,"name":"Moreno Longo nuovo allenatore del Bari"}]},{"@type":"WebSite","@id":"https:\/\/lavocedelpaese.info\/#website","url":"https:\/\/lavocedelpaese.info\/","name":"La Voce del Paese","description":"Un network di idee","publisher":{"@id":"https:\/\/lavocedelpaese.info\/#organization"},"potentialAction":[{"@type":"SearchAction","target":{"@type":"EntryPoint","urlTemplate":"https:\/\/lavocedelpaese.info\/?s={search_term_string}"},"query-input":{"@type":"PropertyValueSpecification","valueRequired":true,"valueName":"search_term_string"}}],"inLanguage":"it-IT"},{"@type":"Organization","@id":"https:\/\/lavocedelpaese.info\/#organization","name":"La Voce del Paese","url":"https:\/\/lavocedelpaese.info\/","logo":{"@type":"ImageObject","inLanguage":"it-IT","@id":"https:\/\/lavocedelpaese.info\/#\/schema\/logo\/image\/","url":"https:\/\/lavocedelpaese.info\/wp-content\/uploads\/2023\/01\/cropped-logo-150-127.png","contentUrl":"https:\/\/lavocedelpaese.info\/wp-content\/uploads\/2023\/01\/cropped-logo-150-127.png","width":137,"height":119,"caption":"La Voce del Paese"},"image":{"@id":"https:\/\/lavocedelpaese.info\/#\/schema\/logo\/image\/"},"sameAs":["https:\/\/www.facebook.com\/lavocedelpaese.info"]},{"@type":"Person","@id":"https:\/\/lavocedelpaese.info\/#\/schema\/person\/ec151d321306bd7591f7a061abf72d88","name":"admin","image":{"@type":"ImageObject","inLanguage":"it-IT","@id":"https:\/\/secure.gravatar.com\/avatar\/af8f2caf0663124588de48a9380e07cbc95a74ef15b8062d0d39106c32fe3023?s=96&d=mm&r=g","url":"https:\/\/secure.gravatar.com\/avatar\/af8f2caf0663124588de48a9380e07cbc95a74ef15b8062d0d39106c32fe3023?s=96&d=mm&r=g","contentUrl":"https:\/\/secure.gravatar.com\/avatar\/af8f2caf0663124588de48a9380e07cbc95a74ef15b8062d0d39106c32fe3023?s=96&d=mm&r=g","caption":"admin"},"sameAs":["https:\/\/lavocedelpaese.info"],"url":"https:\/\/lavocedelpaese.info\/index.php\/author\/admin\/"}]}},"_links":{"self":[{"href":"https:\/\/lavocedelpaese.info\/index.php\/wp-json\/wp\/v2\/posts\/2395","targetHints":{"allow":["GET"]}}],"collection":[{"href":"https:\/\/lavocedelpaese.info\/index.php\/wp-json\/wp\/v2\/posts"}],"about":[{"href":"https:\/\/lavocedelpaese.info\/index.php\/wp-json\/wp\/v2\/types\/post"}],"author":[{"embeddable":true,"href":"https:\/\/lavocedelpaese.info\/index.php\/wp-json\/wp\/v2\/users\/6"}],"replies":[{"embeddable":true,"href":"https:\/\/lavocedelpaese.info\/index.php\/wp-json\/wp\/v2\/comments?post=2395"}],"version-history":[{"count":1,"href":"https:\/\/lavocedelpaese.info\/index.php\/wp-json\/wp\/v2\/posts\/2395\/revisions"}],"predecessor-version":[{"id":2397,"href":"https:\/\/lavocedelpaese.info\/index.php\/wp-json\/wp\/v2\/posts\/2395\/revisions\/2397"}],"wp:featuredmedia":[{"embeddable":true,"href":"https:\/\/lavocedelpaese.info\/index.php\/wp-json\/wp\/v2\/media\/2396"}],"wp:attachment":[{"href":"https:\/\/lavocedelpaese.info\/index.php\/wp-json\/wp\/v2\/media?parent=2395"}],"wp:term":[{"taxonomy":"category","embeddable":true,"href":"https:\/\/lavocedelpaese.info\/index.php\/wp-json\/wp\/v2\/categories?post=2395"},{"taxonomy":"post_tag","embeddable":true,"href":"https:\/\/lavocedelpaese.info\/index.php\/wp-json\/wp\/v2\/tags?post=2395"}],"curies":[{"name":"wp","href":"https:\/\/api.w.org\/{rel}","templated":true}]}}