{"id":2392,"date":"2024-06-16T22:31:01","date_gmt":"2024-06-16T22:31:01","guid":{"rendered":"https:\/\/lavocedelpaese.info\/?p=2392"},"modified":"2024-06-16T22:31:07","modified_gmt":"2024-06-16T22:31:07","slug":"taranto-ospita-levento-internazionale-calliope","status":"publish","type":"post","link":"https:\/\/lavocedelpaese.info\/index.php\/2024\/06\/16\/taranto-ospita-levento-internazionale-calliope\/","title":{"rendered":"Taranto ospita l&#8217;evento internazionale \u201cCalliope\u201d"},"content":{"rendered":"\n<p>Il 14 giugno 2024, la Cattedrale di San Cataldo a Taranto ha ospitato un evento internazionale organizzato dalla Casa delle Tecnologie Emergenti (CTE) Calliope in collaborazione con la Camera di Commercio Italiana in Canada. L&#8217;evento, intitolato \u201cTurning Goals into Actions \u2013 Research and Innovation for climate change mitigation\u201d, ha riunito esperti di alto livello per discutere le migliori pratiche, le tecnologie emergenti e le politiche necessarie per una transizione verso un\u2019economia a basso impatto ambientale. L&#8217;iniziativa, patrocinata dal ministero dell\u2019Ambiente e della Sicurezza Energetica e dal ministero delle Imprese e del Made in Italy, si \u00e8 svolta come convegno satellite del G7. Tra i relatori, figure di spicco come la professoressa Cathryn Tonne e Patrick Verkooijen hanno condiviso conoscenze e soluzioni per affrontare la crisi climatica.<\/p>\n\n\n\n<p>L&#8217;evento Calliope a Taranto \u00e8 un esempio di come la cooperazione internazionale possa essere promossa attraverso la condivisione di conoscenze e esperienze. La partecipazione di relatori provenienti da istituzioni scientifiche e accademiche di tutto il mondo evidenzia l&#8217;importanza di un approccio globale per affrontare il cambiamento climatico. La collaborazione tra Italia e Canada, rappresentata dalla Camera di Commercio Italiana in Canada, pu\u00f2 servire da modello per future iniziative bilaterali o multilaterali, favorendo lo scambio di tecnologie e pratiche sostenibili.<\/p>\n\n\n\n<p>L&#8217;iniziativa si inserisce nel contesto delle politiche ambientali italiane, sostenute dai ministeri competenti. L&#8217;evento funge da piattaforma per discutere e promuovere politiche che supportano la mitigazione del cambiamento climatico. Le discussioni e le presentazioni possono influenzare le decisioni politiche, spingendo verso l&#8217;adozione di misure pi\u00f9 ambiziose e mirate per ridurre le emissioni di carbonio e promuovere l&#8217;energia rinnovabile. La presenza di rappresentanti governativi e istituzionali sottolinea l&#8217;impegno politico a livello nazionale e locale per sostenere iniziative ambientali.<\/p>\n\n\n\n<p>La Casa delle Tecnologie Emergenti di Taranto, con oltre trenta partner tra enti pubblici, centri di ricerca e aziende, rappresenta un ecosistema di innovazione. L&#8217;evento Calliope ha il potenziale di accelerare lo sviluppo tecnologico nella regione, promuovendo soluzioni innovative per la sostenibilit\u00e0. L&#8217;enfasi sulla &#8220;salute unica&#8221; e il legame tra salute umana, animale e ambientale riflette un approccio olistico che pu\u00f2 influenzare le future politiche sanitarie e ambientali. Le tecnologie emergenti discusse durante l&#8217;evento possono fornire strumenti efficaci per affrontare le sfide del cambiamento climatico, migliorando la resilienza delle comunit\u00e0 locali.<\/p>\n\n\n\n<p>L&#8217;organizzazione di un evento di tale portata a Taranto pu\u00f2 avere significative ripercussioni economiche. Oltre a promuovere l&#8217;innovazione e lo sviluppo tecnologico, l&#8217;evento pu\u00f2 attrarre investimenti e creare opportunit\u00e0 di lavoro nel settore delle tecnologie sostenibili. La collaborazione con la Camera di Commercio Italiana in Canada pu\u00f2 aprire nuovi mercati per le imprese italiane, stimolando l&#8217;export di tecnologie verdi. Inoltre, il coinvolgimento di startup innovative pu\u00f2 favorire la crescita di nuove imprese, contribuendo all&#8217;economia locale e nazionale.<\/p>\n\n\n\n<p>L&#8217;evento Calliope rafforza l&#8217;immagine di Taranto come centro di eccellenza per l&#8217;innovazione tecnologica e la sostenibilit\u00e0 ambientale. La scelta della Cattedrale di San Cataldo come sede del convegno aggiunge un elemento di prestigio culturale e storico, promuovendo il patrimonio locale. Questo tipo di iniziative pu\u00f2 aumentare la visibilit\u00e0 internazionale della citt\u00e0, attrarre turismo scientifico e culturale, e consolidare la reputazione di Taranto come luogo di innovazione e progresso.<\/p>\n\n\n\n<p>Uno degli obiettivi principali dell&#8217;evento \u00e8 la sensibilizzazione della comunit\u00e0 e dei giovani sulle questioni climatiche. Attraverso panel tematici e presentazioni, l&#8217;evento educa il pubblico sulle cause, le conseguenze e le soluzioni per la crisi climatica. La promozione della conoscenza e dell&#8217;innovazione come strumenti per la mitigazione del cambiamento climatico pu\u00f2 ispirare nuove generazioni di scienziati, ingegneri e imprenditori a impegnarsi per un futuro sostenibile. L&#8217;educazione e la consapevolezza sono fondamentali per costruire un movimento di supporto pubblico verso politiche ambientali pi\u00f9 forti.<\/p>\n\n\n\n<p>L&#8217;evento offre una preziosa opportunit\u00e0 di networking per i partecipanti, facilitando la creazione di nuove collaborazioni e partnership. La presenza di esperti internazionali e rappresentanti di alto livello crea un ambiente favorevole per lo scambio di idee e la formazione di alleanze strategiche. Queste relazioni possono portare a progetti congiunti, finanziamenti per la ricerca e iniziative commerciali che beneficiano tutte le parti coinvolte.<\/p>\n\n\n\n<p>Per la governance locale, l&#8217;organizzazione di un evento internazionale comporta sfide significative ma anche numerose opportunit\u00e0. La gestione logistica, la sicurezza e l&#8217;accoglienza dei partecipanti richiedono una pianificazione accurata e risorse adeguate. Tuttavia, il successo dell&#8217;evento pu\u00f2 rafforzare la credibilit\u00e0 delle autorit\u00e0 locali e la loro capacit\u00e0 di organizzare future iniziative di grande rilevanza. Inoltre, il coinvolgimento attivo della governance locale nella promozione di soluzioni sostenibili pu\u00f2 migliorare il rapporto tra amministrazione e cittadini, rafforzando la fiducia nelle istituzioni.<\/p>\n\n\n\n<p>L&#8217;evento internazionale Calliope, ospitato a Taranto, rappresenta una significativa opportunit\u00e0 per la citt\u00e0 e per l&#8217;Italia nel suo complesso. Attraverso la promozione della cooperazione internazionale, lo sviluppo tecnologico, l&#8217;innovazione e la sensibilizzazione pubblica, l&#8217;evento pu\u00f2 avere un impatto duraturo su molteplici livelli. Le implicazioni politiche, economiche e sociali di questa iniziativa sono vaste, influenzando la politica ambientale, l&#8217;economia locale, l&#8217;educazione e la percezione globale di Taranto come centro di eccellenza per la sostenibilit\u00e0 e l&#8217;innovazione. Affrontare le sfide del cambiamento climatico richiede un approccio integrato e collaborativo, e l&#8217;evento Calliope dimostra come Taranto sia pronta a giocare un ruolo di primo piano in questa importante sfida globale.<\/p>\n","protected":false},"excerpt":{"rendered":"<p>Il 14 giugno 2024, la Cattedrale di San Cataldo a Taranto ha ospitato un evento internazionale organizzato dalla Casa delle<\/p>\n","protected":false},"author":6,"featured_media":2393,"comment_status":"open","ping_status":"closed","sticky":false,"template":"","format":"standard","meta":{"colormag_page_container_layout":"default_layout","colormag_page_sidebar_layout":"default_layout","footnotes":""},"categories":[2,33],"tags":[],"class_list":["post-2392","post","type-post","status-publish","format-standard","has-post-thumbnail","hentry","category-attualita","category-network"],"yoast_head":"<!-- This site is optimized with the Yoast SEO plugin v27.5 - https:\/\/yoast.com\/product\/yoast-seo-wordpress\/ -->\n<title>Taranto ospita l&#039;evento internazionale \u201cCalliope\u201d - La Voce del Paese<\/title>\n<meta name=\"robots\" content=\"index, follow, max-snippet:-1, max-image-preview:large, max-video-preview:-1\" \/>\n<link rel=\"canonical\" href=\"https:\/\/lavocedelpaese.info\/index.php\/2024\/06\/16\/taranto-ospita-levento-internazionale-calliope\/\" \/>\n<meta property=\"og:locale\" content=\"it_IT\" \/>\n<meta property=\"og:type\" content=\"article\" \/>\n<meta property=\"og:title\" content=\"Taranto ospita l&#039;evento internazionale \u201cCalliope\u201d - La Voce del Paese\" \/>\n<meta property=\"og:description\" content=\"Il 14 giugno 2024, la Cattedrale di San Cataldo a Taranto ha ospitato un evento internazionale organizzato dalla Casa delle\" \/>\n<meta property=\"og:url\" content=\"https:\/\/lavocedelpaese.info\/index.php\/2024\/06\/16\/taranto-ospita-levento-internazionale-calliope\/\" \/>\n<meta property=\"og:site_name\" content=\"La Voce del Paese\" \/>\n<meta property=\"article:publisher\" content=\"https:\/\/www.facebook.com\/lavocedelpaese.info\" \/>\n<meta property=\"article:published_time\" content=\"2024-06-16T22:31:01+00:00\" \/>\n<meta property=\"article:modified_time\" content=\"2024-06-16T22:31:07+00:00\" \/>\n<meta property=\"og:image\" content=\"https:\/\/lavocedelpaese.info\/wp-content\/uploads\/2024\/06\/calliope-taranto.jpg\" \/>\n\t<meta property=\"og:image:width\" content=\"1000\" \/>\n\t<meta property=\"og:image:height\" content=\"666\" \/>\n\t<meta property=\"og:image:type\" content=\"image\/jpeg\" \/>\n<meta name=\"author\" content=\"admin\" \/>\n<meta name=\"twitter:card\" content=\"summary_large_image\" \/>\n<meta name=\"twitter:label1\" content=\"Scritto da\" \/>\n\t<meta name=\"twitter:data1\" content=\"admin\" \/>\n\t<meta name=\"twitter:label2\" content=\"Tempo di lettura stimato\" \/>\n\t<meta name=\"twitter:data2\" content=\"5 minuti\" \/>\n<script type=\"application\/ld+json\" class=\"yoast-schema-graph\">{\"@context\":\"https:\\\/\\\/schema.org\",\"@graph\":[{\"@type\":\"Article\",\"@id\":\"https:\\\/\\\/lavocedelpaese.info\\\/index.php\\\/2024\\\/06\\\/16\\\/taranto-ospita-levento-internazionale-calliope\\\/#article\",\"isPartOf\":{\"@id\":\"https:\\\/\\\/lavocedelpaese.info\\\/index.php\\\/2024\\\/06\\\/16\\\/taranto-ospita-levento-internazionale-calliope\\\/\"},\"author\":{\"name\":\"admin\",\"@id\":\"https:\\\/\\\/lavocedelpaese.info\\\/#\\\/schema\\\/person\\\/ec151d321306bd7591f7a061abf72d88\"},\"headline\":\"Taranto ospita l&#8217;evento internazionale \u201cCalliope\u201d\",\"datePublished\":\"2024-06-16T22:31:01+00:00\",\"dateModified\":\"2024-06-16T22:31:07+00:00\",\"mainEntityOfPage\":{\"@id\":\"https:\\\/\\\/lavocedelpaese.info\\\/index.php\\\/2024\\\/06\\\/16\\\/taranto-ospita-levento-internazionale-calliope\\\/\"},\"wordCount\":888,\"commentCount\":0,\"publisher\":{\"@id\":\"https:\\\/\\\/lavocedelpaese.info\\\/#organization\"},\"image\":{\"@id\":\"https:\\\/\\\/lavocedelpaese.info\\\/index.php\\\/2024\\\/06\\\/16\\\/taranto-ospita-levento-internazionale-calliope\\\/#primaryimage\"},\"thumbnailUrl\":\"https:\\\/\\\/lavocedelpaese.info\\\/wp-content\\\/uploads\\\/2024\\\/06\\\/calliope-taranto.jpg\",\"articleSection\":[\"Attualit\u00e0\",\"network\"],\"inLanguage\":\"it-IT\",\"potentialAction\":[{\"@type\":\"CommentAction\",\"name\":\"Comment\",\"target\":[\"https:\\\/\\\/lavocedelpaese.info\\\/index.php\\\/2024\\\/06\\\/16\\\/taranto-ospita-levento-internazionale-calliope\\\/#respond\"]}]},{\"@type\":\"WebPage\",\"@id\":\"https:\\\/\\\/lavocedelpaese.info\\\/index.php\\\/2024\\\/06\\\/16\\\/taranto-ospita-levento-internazionale-calliope\\\/\",\"url\":\"https:\\\/\\\/lavocedelpaese.info\\\/index.php\\\/2024\\\/06\\\/16\\\/taranto-ospita-levento-internazionale-calliope\\\/\",\"name\":\"Taranto ospita l'evento internazionale \u201cCalliope\u201d - La Voce del Paese\",\"isPartOf\":{\"@id\":\"https:\\\/\\\/lavocedelpaese.info\\\/#website\"},\"primaryImageOfPage\":{\"@id\":\"https:\\\/\\\/lavocedelpaese.info\\\/index.php\\\/2024\\\/06\\\/16\\\/taranto-ospita-levento-internazionale-calliope\\\/#primaryimage\"},\"image\":{\"@id\":\"https:\\\/\\\/lavocedelpaese.info\\\/index.php\\\/2024\\\/06\\\/16\\\/taranto-ospita-levento-internazionale-calliope\\\/#primaryimage\"},\"thumbnailUrl\":\"https:\\\/\\\/lavocedelpaese.info\\\/wp-content\\\/uploads\\\/2024\\\/06\\\/calliope-taranto.jpg\",\"datePublished\":\"2024-06-16T22:31:01+00:00\",\"dateModified\":\"2024-06-16T22:31:07+00:00\",\"breadcrumb\":{\"@id\":\"https:\\\/\\\/lavocedelpaese.info\\\/index.php\\\/2024\\\/06\\\/16\\\/taranto-ospita-levento-internazionale-calliope\\\/#breadcrumb\"},\"inLanguage\":\"it-IT\",\"potentialAction\":[{\"@type\":\"ReadAction\",\"target\":[\"https:\\\/\\\/lavocedelpaese.info\\\/index.php\\\/2024\\\/06\\\/16\\\/taranto-ospita-levento-internazionale-calliope\\\/\"]}]},{\"@type\":\"ImageObject\",\"inLanguage\":\"it-IT\",\"@id\":\"https:\\\/\\\/lavocedelpaese.info\\\/index.php\\\/2024\\\/06\\\/16\\\/taranto-ospita-levento-internazionale-calliope\\\/#primaryimage\",\"url\":\"https:\\\/\\\/lavocedelpaese.info\\\/wp-content\\\/uploads\\\/2024\\\/06\\\/calliope-taranto.jpg\",\"contentUrl\":\"https:\\\/\\\/lavocedelpaese.info\\\/wp-content\\\/uploads\\\/2024\\\/06\\\/calliope-taranto.jpg\",\"width\":1000,\"height\":666},{\"@type\":\"BreadcrumbList\",\"@id\":\"https:\\\/\\\/lavocedelpaese.info\\\/index.php\\\/2024\\\/06\\\/16\\\/taranto-ospita-levento-internazionale-calliope\\\/#breadcrumb\",\"itemListElement\":[{\"@type\":\"ListItem\",\"position\":1,\"name\":\"Home\",\"item\":\"https:\\\/\\\/lavocedelpaese.info\\\/\"},{\"@type\":\"ListItem\",\"position\":2,\"name\":\"Taranto ospita l&#8217;evento internazionale \u201cCalliope\u201d\"}]},{\"@type\":\"WebSite\",\"@id\":\"https:\\\/\\\/lavocedelpaese.info\\\/#website\",\"url\":\"https:\\\/\\\/lavocedelpaese.info\\\/\",\"name\":\"La Voce del Paese\",\"description\":\"Un network di idee\",\"publisher\":{\"@id\":\"https:\\\/\\\/lavocedelpaese.info\\\/#organization\"},\"potentialAction\":[{\"@type\":\"SearchAction\",\"target\":{\"@type\":\"EntryPoint\",\"urlTemplate\":\"https:\\\/\\\/lavocedelpaese.info\\\/?s={search_term_string}\"},\"query-input\":{\"@type\":\"PropertyValueSpecification\",\"valueRequired\":true,\"valueName\":\"search_term_string\"}}],\"inLanguage\":\"it-IT\"},{\"@type\":\"Organization\",\"@id\":\"https:\\\/\\\/lavocedelpaese.info\\\/#organization\",\"name\":\"La Voce del Paese\",\"url\":\"https:\\\/\\\/lavocedelpaese.info\\\/\",\"logo\":{\"@type\":\"ImageObject\",\"inLanguage\":\"it-IT\",\"@id\":\"https:\\\/\\\/lavocedelpaese.info\\\/#\\\/schema\\\/logo\\\/image\\\/\",\"url\":\"https:\\\/\\\/lavocedelpaese.info\\\/wp-content\\\/uploads\\\/2023\\\/01\\\/cropped-logo-150-127.png\",\"contentUrl\":\"https:\\\/\\\/lavocedelpaese.info\\\/wp-content\\\/uploads\\\/2023\\\/01\\\/cropped-logo-150-127.png\",\"width\":137,\"height\":119,\"caption\":\"La Voce del Paese\"},\"image\":{\"@id\":\"https:\\\/\\\/lavocedelpaese.info\\\/#\\\/schema\\\/logo\\\/image\\\/\"},\"sameAs\":[\"https:\\\/\\\/www.facebook.com\\\/lavocedelpaese.info\"]},{\"@type\":\"Person\",\"@id\":\"https:\\\/\\\/lavocedelpaese.info\\\/#\\\/schema\\\/person\\\/ec151d321306bd7591f7a061abf72d88\",\"name\":\"admin\",\"image\":{\"@type\":\"ImageObject\",\"inLanguage\":\"it-IT\",\"@id\":\"https:\\\/\\\/secure.gravatar.com\\\/avatar\\\/af8f2caf0663124588de48a9380e07cbc95a74ef15b8062d0d39106c32fe3023?s=96&d=mm&r=g\",\"url\":\"https:\\\/\\\/secure.gravatar.com\\\/avatar\\\/af8f2caf0663124588de48a9380e07cbc95a74ef15b8062d0d39106c32fe3023?s=96&d=mm&r=g\",\"contentUrl\":\"https:\\\/\\\/secure.gravatar.com\\\/avatar\\\/af8f2caf0663124588de48a9380e07cbc95a74ef15b8062d0d39106c32fe3023?s=96&d=mm&r=g\",\"caption\":\"admin\"},\"sameAs\":[\"https:\\\/\\\/lavocedelpaese.info\"],\"url\":\"https:\\\/\\\/lavocedelpaese.info\\\/index.php\\\/author\\\/admin\\\/\"}]}<\/script>\n<!-- \/ Yoast SEO plugin. -->","yoast_head_json":{"title":"Taranto ospita l'evento internazionale \u201cCalliope\u201d - La Voce del Paese","robots":{"index":"index","follow":"follow","max-snippet":"max-snippet:-1","max-image-preview":"max-image-preview:large","max-video-preview":"max-video-preview:-1"},"canonical":"https:\/\/lavocedelpaese.info\/index.php\/2024\/06\/16\/taranto-ospita-levento-internazionale-calliope\/","og_locale":"it_IT","og_type":"article","og_title":"Taranto ospita l'evento internazionale \u201cCalliope\u201d - La Voce del Paese","og_description":"Il 14 giugno 2024, la Cattedrale di San Cataldo a Taranto ha ospitato un evento internazionale organizzato dalla Casa delle","og_url":"https:\/\/lavocedelpaese.info\/index.php\/2024\/06\/16\/taranto-ospita-levento-internazionale-calliope\/","og_site_name":"La Voce del Paese","article_publisher":"https:\/\/www.facebook.com\/lavocedelpaese.info","article_published_time":"2024-06-16T22:31:01+00:00","article_modified_time":"2024-06-16T22:31:07+00:00","og_image":[{"width":1000,"height":666,"url":"https:\/\/lavocedelpaese.info\/wp-content\/uploads\/2024\/06\/calliope-taranto.jpg","type":"image\/jpeg"}],"author":"admin","twitter_card":"summary_large_image","twitter_misc":{"Scritto da":"admin","Tempo di lettura stimato":"5 minuti"},"schema":{"@context":"https:\/\/schema.org","@graph":[{"@type":"Article","@id":"https:\/\/lavocedelpaese.info\/index.php\/2024\/06\/16\/taranto-ospita-levento-internazionale-calliope\/#article","isPartOf":{"@id":"https:\/\/lavocedelpaese.info\/index.php\/2024\/06\/16\/taranto-ospita-levento-internazionale-calliope\/"},"author":{"name":"admin","@id":"https:\/\/lavocedelpaese.info\/#\/schema\/person\/ec151d321306bd7591f7a061abf72d88"},"headline":"Taranto ospita l&#8217;evento internazionale \u201cCalliope\u201d","datePublished":"2024-06-16T22:31:01+00:00","dateModified":"2024-06-16T22:31:07+00:00","mainEntityOfPage":{"@id":"https:\/\/lavocedelpaese.info\/index.php\/2024\/06\/16\/taranto-ospita-levento-internazionale-calliope\/"},"wordCount":888,"commentCount":0,"publisher":{"@id":"https:\/\/lavocedelpaese.info\/#organization"},"image":{"@id":"https:\/\/lavocedelpaese.info\/index.php\/2024\/06\/16\/taranto-ospita-levento-internazionale-calliope\/#primaryimage"},"thumbnailUrl":"https:\/\/lavocedelpaese.info\/wp-content\/uploads\/2024\/06\/calliope-taranto.jpg","articleSection":["Attualit\u00e0","network"],"inLanguage":"it-IT","potentialAction":[{"@type":"CommentAction","name":"Comment","target":["https:\/\/lavocedelpaese.info\/index.php\/2024\/06\/16\/taranto-ospita-levento-internazionale-calliope\/#respond"]}]},{"@type":"WebPage","@id":"https:\/\/lavocedelpaese.info\/index.php\/2024\/06\/16\/taranto-ospita-levento-internazionale-calliope\/","url":"https:\/\/lavocedelpaese.info\/index.php\/2024\/06\/16\/taranto-ospita-levento-internazionale-calliope\/","name":"Taranto ospita l'evento internazionale \u201cCalliope\u201d - La Voce del Paese","isPartOf":{"@id":"https:\/\/lavocedelpaese.info\/#website"},"primaryImageOfPage":{"@id":"https:\/\/lavocedelpaese.info\/index.php\/2024\/06\/16\/taranto-ospita-levento-internazionale-calliope\/#primaryimage"},"image":{"@id":"https:\/\/lavocedelpaese.info\/index.php\/2024\/06\/16\/taranto-ospita-levento-internazionale-calliope\/#primaryimage"},"thumbnailUrl":"https:\/\/lavocedelpaese.info\/wp-content\/uploads\/2024\/06\/calliope-taranto.jpg","datePublished":"2024-06-16T22:31:01+00:00","dateModified":"2024-06-16T22:31:07+00:00","breadcrumb":{"@id":"https:\/\/lavocedelpaese.info\/index.php\/2024\/06\/16\/taranto-ospita-levento-internazionale-calliope\/#breadcrumb"},"inLanguage":"it-IT","potentialAction":[{"@type":"ReadAction","target":["https:\/\/lavocedelpaese.info\/index.php\/2024\/06\/16\/taranto-ospita-levento-internazionale-calliope\/"]}]},{"@type":"ImageObject","inLanguage":"it-IT","@id":"https:\/\/lavocedelpaese.info\/index.php\/2024\/06\/16\/taranto-ospita-levento-internazionale-calliope\/#primaryimage","url":"https:\/\/lavocedelpaese.info\/wp-content\/uploads\/2024\/06\/calliope-taranto.jpg","contentUrl":"https:\/\/lavocedelpaese.info\/wp-content\/uploads\/2024\/06\/calliope-taranto.jpg","width":1000,"height":666},{"@type":"BreadcrumbList","@id":"https:\/\/lavocedelpaese.info\/index.php\/2024\/06\/16\/taranto-ospita-levento-internazionale-calliope\/#breadcrumb","itemListElement":[{"@type":"ListItem","position":1,"name":"Home","item":"https:\/\/lavocedelpaese.info\/"},{"@type":"ListItem","position":2,"name":"Taranto ospita l&#8217;evento internazionale \u201cCalliope\u201d"}]},{"@type":"WebSite","@id":"https:\/\/lavocedelpaese.info\/#website","url":"https:\/\/lavocedelpaese.info\/","name":"La Voce del Paese","description":"Un network di idee","publisher":{"@id":"https:\/\/lavocedelpaese.info\/#organization"},"potentialAction":[{"@type":"SearchAction","target":{"@type":"EntryPoint","urlTemplate":"https:\/\/lavocedelpaese.info\/?s={search_term_string}"},"query-input":{"@type":"PropertyValueSpecification","valueRequired":true,"valueName":"search_term_string"}}],"inLanguage":"it-IT"},{"@type":"Organization","@id":"https:\/\/lavocedelpaese.info\/#organization","name":"La Voce del Paese","url":"https:\/\/lavocedelpaese.info\/","logo":{"@type":"ImageObject","inLanguage":"it-IT","@id":"https:\/\/lavocedelpaese.info\/#\/schema\/logo\/image\/","url":"https:\/\/lavocedelpaese.info\/wp-content\/uploads\/2023\/01\/cropped-logo-150-127.png","contentUrl":"https:\/\/lavocedelpaese.info\/wp-content\/uploads\/2023\/01\/cropped-logo-150-127.png","width":137,"height":119,"caption":"La Voce del Paese"},"image":{"@id":"https:\/\/lavocedelpaese.info\/#\/schema\/logo\/image\/"},"sameAs":["https:\/\/www.facebook.com\/lavocedelpaese.info"]},{"@type":"Person","@id":"https:\/\/lavocedelpaese.info\/#\/schema\/person\/ec151d321306bd7591f7a061abf72d88","name":"admin","image":{"@type":"ImageObject","inLanguage":"it-IT","@id":"https:\/\/secure.gravatar.com\/avatar\/af8f2caf0663124588de48a9380e07cbc95a74ef15b8062d0d39106c32fe3023?s=96&d=mm&r=g","url":"https:\/\/secure.gravatar.com\/avatar\/af8f2caf0663124588de48a9380e07cbc95a74ef15b8062d0d39106c32fe3023?s=96&d=mm&r=g","contentUrl":"https:\/\/secure.gravatar.com\/avatar\/af8f2caf0663124588de48a9380e07cbc95a74ef15b8062d0d39106c32fe3023?s=96&d=mm&r=g","caption":"admin"},"sameAs":["https:\/\/lavocedelpaese.info"],"url":"https:\/\/lavocedelpaese.info\/index.php\/author\/admin\/"}]}},"_links":{"self":[{"href":"https:\/\/lavocedelpaese.info\/index.php\/wp-json\/wp\/v2\/posts\/2392","targetHints":{"allow":["GET"]}}],"collection":[{"href":"https:\/\/lavocedelpaese.info\/index.php\/wp-json\/wp\/v2\/posts"}],"about":[{"href":"https:\/\/lavocedelpaese.info\/index.php\/wp-json\/wp\/v2\/types\/post"}],"author":[{"embeddable":true,"href":"https:\/\/lavocedelpaese.info\/index.php\/wp-json\/wp\/v2\/users\/6"}],"replies":[{"embeddable":true,"href":"https:\/\/lavocedelpaese.info\/index.php\/wp-json\/wp\/v2\/comments?post=2392"}],"version-history":[{"count":1,"href":"https:\/\/lavocedelpaese.info\/index.php\/wp-json\/wp\/v2\/posts\/2392\/revisions"}],"predecessor-version":[{"id":2394,"href":"https:\/\/lavocedelpaese.info\/index.php\/wp-json\/wp\/v2\/posts\/2392\/revisions\/2394"}],"wp:featuredmedia":[{"embeddable":true,"href":"https:\/\/lavocedelpaese.info\/index.php\/wp-json\/wp\/v2\/media\/2393"}],"wp:attachment":[{"href":"https:\/\/lavocedelpaese.info\/index.php\/wp-json\/wp\/v2\/media?parent=2392"}],"wp:term":[{"taxonomy":"category","embeddable":true,"href":"https:\/\/lavocedelpaese.info\/index.php\/wp-json\/wp\/v2\/categories?post=2392"},{"taxonomy":"post_tag","embeddable":true,"href":"https:\/\/lavocedelpaese.info\/index.php\/wp-json\/wp\/v2\/tags?post=2392"}],"curies":[{"name":"wp","href":"https:\/\/api.w.org\/{rel}","templated":true}]}}