{"id":2389,"date":"2024-06-16T22:27:50","date_gmt":"2024-06-16T22:27:50","guid":{"rendered":"https:\/\/lavocedelpaese.info\/?p=2389"},"modified":"2024-06-16T22:27:53","modified_gmt":"2024-06-16T22:27:53","slug":"siccita-in-puglia-allarme-degli-agricoltori-per-raccolti-e-pascoli","status":"publish","type":"post","link":"https:\/\/lavocedelpaese.info\/index.php\/2024\/06\/16\/siccita-in-puglia-allarme-degli-agricoltori-per-raccolti-e-pascoli\/","title":{"rendered":"Siccit\u00e0 in Puglia: allarme degli agricoltori per raccolti e pascoli"},"content":{"rendered":"\n<p>La Puglia sta affrontando una grave crisi agricola a causa della siccit\u00e0, con un impatto devastante sui pascoli e sui raccolti di avena e orzo. Coldiretti Puglia ha lanciato l\u2019allarme, segnalando che oltre un terzo del foraggio per gli animali nelle stalle \u00e8 andato perso, aggravato dalla difficolt\u00e0 di reperire alimenti come favino e trifoglio anche dalle regioni vicine. Questa situazione critica mette a rischio il settore zootecnico, con gravi implicazioni per la produzione di formaggi tipici pugliesi, un patrimonio unico al mondo.<\/p>\n\n\n\n<p>La mancanza di pioggia ha impedito la germinazione delle semine precoci per il pascolo, costringendo gli agricoltori a costose risemine. Inoltre, la siccit\u00e0 ha lignificato il foraggio presente nelle stalle, aumentando il costo dei mangimi, gi\u00e0 influenzato dalle crisi globali come i conflitti in Ucraina e Israele. Gli allevatori, oltre a fronteggiare il caro gasolio agricolo, devono sostenere costi elevati per i semi e i mangimi, il cui prezzo \u00e8 salito vertiginosamente.<\/p>\n\n\n\n<p>Coldiretti Puglia chiede interventi immediati dalle istituzioni per stabilizzare il settore lattiero-caseario, fondamentale per l&#8217;economia regionale e per la preservazione del territorio. La chiusura delle stalle comporterebbe la perdita di un intero sistema di produzione, comprese le tradizioni casearie locali e la manutenzione ambientale garantita dagli animali. La regione vanta una ricca tradizione casearia con formaggi DOP e IGP, come la burrata di Andria e il Caciocavallo della Murgia, la cui produzione \u00e8 ora in pericolo.<\/p>\n\n\n\n<p>L&#8217;associazione sollecita misure urgenti per contenere il caro energia e i costi di produzione, nonch\u00e9 accordi di filiera tra imprese agricole e industriali per garantire prezzi equi e sostenibili. \u00c8 essenziale agire rapidamente per salvare le aziende e le stalle e pianificare un futuro pi\u00f9 stabile per l\u2019agricoltura pugliese.<\/p>\n\n\n\n<p>La crisi della siccit\u00e0 in Puglia ha implicazioni profonde e multidimensionali per l&#8217;agricoltura della regione, riflettendo non solo su immediate difficolt\u00e0 operative ma anche su pi\u00f9 ampi cambiamenti socio-economici e ambientali. La mancanza di pioggia ha drasticamente ridotto la disponibilit\u00e0 di foraggio per il bestiame, con Coldiretti Puglia che segnala un terzo del foraggio perduto, compromettendo la capacit\u00e0 degli allevatori di nutrire adeguatamente gli animali. Questo deficit di foraggio, aggravato dalla difficolt\u00e0 di reperirlo anche dalle regioni limitrofe, espone il settore zootecnico a una pressione insostenibile, minacciando la sopravvivenza delle aziende agricole che gi\u00e0 operano con margini stretti a causa degli alti costi di produzione.<\/p>\n\n\n\n<p>Il collasso dei raccolti di avena e orzo a causa della siccit\u00e0, con le semine precoci per il pascolo che non sono nemmeno germogliate, evidenzia la vulnerabilit\u00e0 delle colture ai cambiamenti climatici. La siccit\u00e0 non solo compromette il rendimento delle colture attuali ma influisce anche sui cicli di semina futuri, richiedendo risemine costose e aumentando ulteriormente i costi operativi per gli agricoltori. Questo fenomeno esacerba la crisi dei costi, con i prezzi dei mangimi che continuano a salire a causa delle quotazioni internazionali delle materie prime come soia, mais e cereali, influenzate dalla crisi in Ucraina e Israele.<\/p>\n\n\n\n<p>Il settore lattiero-caseario pugliese, un pilastro dell&#8217;economia regionale con una produzione di formaggi unici al mondo come il Canestrato leccese e il Caciocavallo della Murgia, \u00e8 particolarmente vulnerabile. La chiusura delle stalle comporterebbe non solo la perdita economica ma anche la dissoluzione di un intero sistema agroalimentare che supporta la manutenzione del territorio attraverso il lavoro degli animali. Gli animali, infatti, contribuiscono alla pulizia e al compattamento dei suoli, un servizio ecologico essenziale che verrebbe a mancare, portando a un aumento del degrado del territorio e dello spopolamento delle aree rurali.<\/p>\n\n\n\n<p>Le implicazioni economiche di questa crisi sono significative. La siccit\u00e0 e l\u2019aumento dei costi di produzione potrebbero portare a un incremento dei prezzi dei prodotti lattiero-caseari, trasferendo il peso economico sui consumatori. Questo potrebbe ridurre la competitivit\u00e0 dei prodotti pugliesi sul mercato nazionale e internazionale, dove devono confrontarsi con prodotti provenienti da regioni meno colpite dal cambiamento climatico. Inoltre, la perdita di aziende agricole e zootecniche potrebbe avere un effetto domino sull\u2019occupazione locale, aggravando la disoccupazione e riducendo ulteriormente la vitalit\u00e0 economica delle comunit\u00e0 rurali.<\/p>\n\n\n\n<p>Dal punto di vista ambientale, la siccit\u00e0 rappresenta una sfida crescente. La gestione sostenibile delle risorse idriche diventa cruciale, richiedendo investimenti in infrastrutture per la conservazione dell\u2019acqua, come bacini di raccolta e sistemi di irrigazione pi\u00f9 efficienti. Senza tali interventi, la frequenza e la severit\u00e0 degli episodi di siccit\u00e0 potrebbero aumentare, mettendo a rischio non solo l&#8217;agricoltura ma anche l&#8217;intero ecosistema regionale. La promozione di pratiche agricole resilienti e l\u2019adozione di colture meno esigenti in termini idrici potrebbero mitigare alcuni degli impatti, ma richiedono supporto tecnico ed economico da parte delle istituzioni.<\/p>\n\n\n\n<p>Le implicazioni sociali sono altrettanto rilevanti. La crisi agricola pu\u00f2 accentuare la migrazione dalle aree rurali verso le citt\u00e0, con la conseguente perdita di competenze agricole tradizionali e di un patrimonio culturale inestimabile. La mancanza di prospettive economiche nelle zone rurali spinge i giovani a cercare opportunit\u00e0 altrove, accelerando il processo di spopolamento e impoverimento delle comunit\u00e0 agricole. \u00c8 essenziale quindi promuovere politiche di sviluppo rurale che incentivino la permanenza e il ritorno dei giovani agricoltori, attraverso misure di sostegno finanziario, formazione e innovazione tecnologica.<\/p>\n\n\n\n<p>Sul piano politico, la crisi attuale potrebbe spingere le istituzioni regionali e nazionali a riconsiderare le politiche agricole e di gestione del territorio. Interventi immediati, come richiesto da Coldiretti, includono sussidi per i costi di produzione e misure per contenere il caro energia. Tuttavia, \u00e8 anche necessaria una pianificazione a lungo termine che preveda accordi di filiera tra imprese agricole e industriali, con l\u2019obiettivo di stabilizzare i prezzi e garantire la sostenibilit\u00e0 economica delle aziende agricole. La nuova legge di contrasto alle pratiche sleali e alle speculazioni deve essere implementata efficacemente per proteggere gli agricoltori dai rischi di mercato.<\/p>\n\n\n\n<p>In sintesi, la siccit\u00e0 in Puglia non \u00e8 solo una crisi agricola ma un fenomeno che tocca aspetti economici, ambientali, sociali e politici. Affrontarla richiede un approccio integrato che combini interventi di emergenza con strategie a lungo termine, promuovendo la sostenibilit\u00e0 e la resilienza dell\u2019agricoltura pugliese. \u00c8 necessario un impegno congiunto da parte delle istituzioni, delle associazioni di categoria e della comunit\u00e0 agricola per garantire che il settore possa superare questa crisi e prosperare in futuro.<\/p>\n","protected":false},"excerpt":{"rendered":"<p>La Puglia sta affrontando una grave crisi agricola a causa della siccit\u00e0, con un impatto devastante sui pascoli e sui<\/p>\n","protected":false},"author":6,"featured_media":2390,"comment_status":"open","ping_status":"closed","sticky":false,"template":"","format":"standard","meta":{"colormag_page_container_layout":"default_layout","colormag_page_sidebar_layout":"default_layout","footnotes":""},"categories":[2,7],"tags":[],"class_list":["post-2389","post","type-post","status-publish","format-standard","has-post-thumbnail","hentry","category-attualita","category-regione"],"yoast_head":"<!-- This site is optimized with the Yoast SEO plugin v27.5 - https:\/\/yoast.com\/product\/yoast-seo-wordpress\/ -->\n<title>Siccit\u00e0 in Puglia: allarme degli agricoltori per raccolti e pascoli - La Voce del Paese<\/title>\n<meta name=\"robots\" content=\"index, follow, max-snippet:-1, max-image-preview:large, max-video-preview:-1\" \/>\n<link rel=\"canonical\" href=\"https:\/\/lavocedelpaese.info\/index.php\/2024\/06\/16\/siccita-in-puglia-allarme-degli-agricoltori-per-raccolti-e-pascoli\/\" \/>\n<meta property=\"og:locale\" content=\"it_IT\" \/>\n<meta property=\"og:type\" content=\"article\" \/>\n<meta property=\"og:title\" content=\"Siccit\u00e0 in Puglia: allarme degli agricoltori per raccolti e pascoli - La Voce del Paese\" \/>\n<meta property=\"og:description\" content=\"La Puglia sta affrontando una grave crisi agricola a causa della siccit\u00e0, con un impatto devastante sui pascoli e sui\" \/>\n<meta property=\"og:url\" content=\"https:\/\/lavocedelpaese.info\/index.php\/2024\/06\/16\/siccita-in-puglia-allarme-degli-agricoltori-per-raccolti-e-pascoli\/\" \/>\n<meta property=\"og:site_name\" content=\"La Voce del Paese\" \/>\n<meta property=\"article:publisher\" content=\"https:\/\/www.facebook.com\/lavocedelpaese.info\" \/>\n<meta property=\"article:published_time\" content=\"2024-06-16T22:27:50+00:00\" \/>\n<meta property=\"article:modified_time\" content=\"2024-06-16T22:27:53+00:00\" \/>\n<meta property=\"og:image\" content=\"https:\/\/lavocedelpaese.info\/wp-content\/uploads\/2024\/06\/siccita.webp\" \/>\n\t<meta property=\"og:image:width\" content=\"617\" \/>\n\t<meta property=\"og:image:height\" content=\"416\" \/>\n\t<meta property=\"og:image:type\" content=\"image\/webp\" \/>\n<meta name=\"author\" content=\"admin\" \/>\n<meta name=\"twitter:card\" content=\"summary_large_image\" \/>\n<meta name=\"twitter:label1\" content=\"Scritto da\" \/>\n\t<meta name=\"twitter:data1\" content=\"admin\" \/>\n\t<meta name=\"twitter:label2\" content=\"Tempo di lettura stimato\" \/>\n\t<meta name=\"twitter:data2\" content=\"6 minuti\" \/>\n<script type=\"application\/ld+json\" class=\"yoast-schema-graph\">{\"@context\":\"https:\\\/\\\/schema.org\",\"@graph\":[{\"@type\":\"Article\",\"@id\":\"https:\\\/\\\/lavocedelpaese.info\\\/index.php\\\/2024\\\/06\\\/16\\\/siccita-in-puglia-allarme-degli-agricoltori-per-raccolti-e-pascoli\\\/#article\",\"isPartOf\":{\"@id\":\"https:\\\/\\\/lavocedelpaese.info\\\/index.php\\\/2024\\\/06\\\/16\\\/siccita-in-puglia-allarme-degli-agricoltori-per-raccolti-e-pascoli\\\/\"},\"author\":{\"name\":\"admin\",\"@id\":\"https:\\\/\\\/lavocedelpaese.info\\\/#\\\/schema\\\/person\\\/ec151d321306bd7591f7a061abf72d88\"},\"headline\":\"Siccit\u00e0 in Puglia: allarme degli agricoltori per raccolti e pascoli\",\"datePublished\":\"2024-06-16T22:27:50+00:00\",\"dateModified\":\"2024-06-16T22:27:53+00:00\",\"mainEntityOfPage\":{\"@id\":\"https:\\\/\\\/lavocedelpaese.info\\\/index.php\\\/2024\\\/06\\\/16\\\/siccita-in-puglia-allarme-degli-agricoltori-per-raccolti-e-pascoli\\\/\"},\"wordCount\":1026,\"commentCount\":0,\"publisher\":{\"@id\":\"https:\\\/\\\/lavocedelpaese.info\\\/#organization\"},\"image\":{\"@id\":\"https:\\\/\\\/lavocedelpaese.info\\\/index.php\\\/2024\\\/06\\\/16\\\/siccita-in-puglia-allarme-degli-agricoltori-per-raccolti-e-pascoli\\\/#primaryimage\"},\"thumbnailUrl\":\"https:\\\/\\\/lavocedelpaese.info\\\/wp-content\\\/uploads\\\/2024\\\/06\\\/siccita.webp\",\"articleSection\":[\"Attualit\u00e0\",\"Regione\"],\"inLanguage\":\"it-IT\",\"potentialAction\":[{\"@type\":\"CommentAction\",\"name\":\"Comment\",\"target\":[\"https:\\\/\\\/lavocedelpaese.info\\\/index.php\\\/2024\\\/06\\\/16\\\/siccita-in-puglia-allarme-degli-agricoltori-per-raccolti-e-pascoli\\\/#respond\"]}]},{\"@type\":\"WebPage\",\"@id\":\"https:\\\/\\\/lavocedelpaese.info\\\/index.php\\\/2024\\\/06\\\/16\\\/siccita-in-puglia-allarme-degli-agricoltori-per-raccolti-e-pascoli\\\/\",\"url\":\"https:\\\/\\\/lavocedelpaese.info\\\/index.php\\\/2024\\\/06\\\/16\\\/siccita-in-puglia-allarme-degli-agricoltori-per-raccolti-e-pascoli\\\/\",\"name\":\"Siccit\u00e0 in Puglia: allarme degli agricoltori per raccolti e pascoli - La Voce del Paese\",\"isPartOf\":{\"@id\":\"https:\\\/\\\/lavocedelpaese.info\\\/#website\"},\"primaryImageOfPage\":{\"@id\":\"https:\\\/\\\/lavocedelpaese.info\\\/index.php\\\/2024\\\/06\\\/16\\\/siccita-in-puglia-allarme-degli-agricoltori-per-raccolti-e-pascoli\\\/#primaryimage\"},\"image\":{\"@id\":\"https:\\\/\\\/lavocedelpaese.info\\\/index.php\\\/2024\\\/06\\\/16\\\/siccita-in-puglia-allarme-degli-agricoltori-per-raccolti-e-pascoli\\\/#primaryimage\"},\"thumbnailUrl\":\"https:\\\/\\\/lavocedelpaese.info\\\/wp-content\\\/uploads\\\/2024\\\/06\\\/siccita.webp\",\"datePublished\":\"2024-06-16T22:27:50+00:00\",\"dateModified\":\"2024-06-16T22:27:53+00:00\",\"breadcrumb\":{\"@id\":\"https:\\\/\\\/lavocedelpaese.info\\\/index.php\\\/2024\\\/06\\\/16\\\/siccita-in-puglia-allarme-degli-agricoltori-per-raccolti-e-pascoli\\\/#breadcrumb\"},\"inLanguage\":\"it-IT\",\"potentialAction\":[{\"@type\":\"ReadAction\",\"target\":[\"https:\\\/\\\/lavocedelpaese.info\\\/index.php\\\/2024\\\/06\\\/16\\\/siccita-in-puglia-allarme-degli-agricoltori-per-raccolti-e-pascoli\\\/\"]}]},{\"@type\":\"ImageObject\",\"inLanguage\":\"it-IT\",\"@id\":\"https:\\\/\\\/lavocedelpaese.info\\\/index.php\\\/2024\\\/06\\\/16\\\/siccita-in-puglia-allarme-degli-agricoltori-per-raccolti-e-pascoli\\\/#primaryimage\",\"url\":\"https:\\\/\\\/lavocedelpaese.info\\\/wp-content\\\/uploads\\\/2024\\\/06\\\/siccita.webp\",\"contentUrl\":\"https:\\\/\\\/lavocedelpaese.info\\\/wp-content\\\/uploads\\\/2024\\\/06\\\/siccita.webp\",\"width\":617,\"height\":416},{\"@type\":\"BreadcrumbList\",\"@id\":\"https:\\\/\\\/lavocedelpaese.info\\\/index.php\\\/2024\\\/06\\\/16\\\/siccita-in-puglia-allarme-degli-agricoltori-per-raccolti-e-pascoli\\\/#breadcrumb\",\"itemListElement\":[{\"@type\":\"ListItem\",\"position\":1,\"name\":\"Home\",\"item\":\"https:\\\/\\\/lavocedelpaese.info\\\/\"},{\"@type\":\"ListItem\",\"position\":2,\"name\":\"Siccit\u00e0 in Puglia: allarme degli agricoltori per raccolti e pascoli\"}]},{\"@type\":\"WebSite\",\"@id\":\"https:\\\/\\\/lavocedelpaese.info\\\/#website\",\"url\":\"https:\\\/\\\/lavocedelpaese.info\\\/\",\"name\":\"La Voce del Paese\",\"description\":\"Un network di idee\",\"publisher\":{\"@id\":\"https:\\\/\\\/lavocedelpaese.info\\\/#organization\"},\"potentialAction\":[{\"@type\":\"SearchAction\",\"target\":{\"@type\":\"EntryPoint\",\"urlTemplate\":\"https:\\\/\\\/lavocedelpaese.info\\\/?s={search_term_string}\"},\"query-input\":{\"@type\":\"PropertyValueSpecification\",\"valueRequired\":true,\"valueName\":\"search_term_string\"}}],\"inLanguage\":\"it-IT\"},{\"@type\":\"Organization\",\"@id\":\"https:\\\/\\\/lavocedelpaese.info\\\/#organization\",\"name\":\"La Voce del Paese\",\"url\":\"https:\\\/\\\/lavocedelpaese.info\\\/\",\"logo\":{\"@type\":\"ImageObject\",\"inLanguage\":\"it-IT\",\"@id\":\"https:\\\/\\\/lavocedelpaese.info\\\/#\\\/schema\\\/logo\\\/image\\\/\",\"url\":\"https:\\\/\\\/lavocedelpaese.info\\\/wp-content\\\/uploads\\\/2023\\\/01\\\/cropped-logo-150-127.png\",\"contentUrl\":\"https:\\\/\\\/lavocedelpaese.info\\\/wp-content\\\/uploads\\\/2023\\\/01\\\/cropped-logo-150-127.png\",\"width\":137,\"height\":119,\"caption\":\"La Voce del Paese\"},\"image\":{\"@id\":\"https:\\\/\\\/lavocedelpaese.info\\\/#\\\/schema\\\/logo\\\/image\\\/\"},\"sameAs\":[\"https:\\\/\\\/www.facebook.com\\\/lavocedelpaese.info\"]},{\"@type\":\"Person\",\"@id\":\"https:\\\/\\\/lavocedelpaese.info\\\/#\\\/schema\\\/person\\\/ec151d321306bd7591f7a061abf72d88\",\"name\":\"admin\",\"image\":{\"@type\":\"ImageObject\",\"inLanguage\":\"it-IT\",\"@id\":\"https:\\\/\\\/secure.gravatar.com\\\/avatar\\\/af8f2caf0663124588de48a9380e07cbc95a74ef15b8062d0d39106c32fe3023?s=96&d=mm&r=g\",\"url\":\"https:\\\/\\\/secure.gravatar.com\\\/avatar\\\/af8f2caf0663124588de48a9380e07cbc95a74ef15b8062d0d39106c32fe3023?s=96&d=mm&r=g\",\"contentUrl\":\"https:\\\/\\\/secure.gravatar.com\\\/avatar\\\/af8f2caf0663124588de48a9380e07cbc95a74ef15b8062d0d39106c32fe3023?s=96&d=mm&r=g\",\"caption\":\"admin\"},\"sameAs\":[\"https:\\\/\\\/lavocedelpaese.info\"],\"url\":\"https:\\\/\\\/lavocedelpaese.info\\\/index.php\\\/author\\\/admin\\\/\"}]}<\/script>\n<!-- \/ Yoast SEO plugin. -->","yoast_head_json":{"title":"Siccit\u00e0 in Puglia: allarme degli agricoltori per raccolti e pascoli - La Voce del Paese","robots":{"index":"index","follow":"follow","max-snippet":"max-snippet:-1","max-image-preview":"max-image-preview:large","max-video-preview":"max-video-preview:-1"},"canonical":"https:\/\/lavocedelpaese.info\/index.php\/2024\/06\/16\/siccita-in-puglia-allarme-degli-agricoltori-per-raccolti-e-pascoli\/","og_locale":"it_IT","og_type":"article","og_title":"Siccit\u00e0 in Puglia: allarme degli agricoltori per raccolti e pascoli - La Voce del Paese","og_description":"La Puglia sta affrontando una grave crisi agricola a causa della siccit\u00e0, con un impatto devastante sui pascoli e sui","og_url":"https:\/\/lavocedelpaese.info\/index.php\/2024\/06\/16\/siccita-in-puglia-allarme-degli-agricoltori-per-raccolti-e-pascoli\/","og_site_name":"La Voce del Paese","article_publisher":"https:\/\/www.facebook.com\/lavocedelpaese.info","article_published_time":"2024-06-16T22:27:50+00:00","article_modified_time":"2024-06-16T22:27:53+00:00","og_image":[{"width":617,"height":416,"url":"https:\/\/lavocedelpaese.info\/wp-content\/uploads\/2024\/06\/siccita.webp","type":"image\/webp"}],"author":"admin","twitter_card":"summary_large_image","twitter_misc":{"Scritto da":"admin","Tempo di lettura stimato":"6 minuti"},"schema":{"@context":"https:\/\/schema.org","@graph":[{"@type":"Article","@id":"https:\/\/lavocedelpaese.info\/index.php\/2024\/06\/16\/siccita-in-puglia-allarme-degli-agricoltori-per-raccolti-e-pascoli\/#article","isPartOf":{"@id":"https:\/\/lavocedelpaese.info\/index.php\/2024\/06\/16\/siccita-in-puglia-allarme-degli-agricoltori-per-raccolti-e-pascoli\/"},"author":{"name":"admin","@id":"https:\/\/lavocedelpaese.info\/#\/schema\/person\/ec151d321306bd7591f7a061abf72d88"},"headline":"Siccit\u00e0 in Puglia: allarme degli agricoltori per raccolti e pascoli","datePublished":"2024-06-16T22:27:50+00:00","dateModified":"2024-06-16T22:27:53+00:00","mainEntityOfPage":{"@id":"https:\/\/lavocedelpaese.info\/index.php\/2024\/06\/16\/siccita-in-puglia-allarme-degli-agricoltori-per-raccolti-e-pascoli\/"},"wordCount":1026,"commentCount":0,"publisher":{"@id":"https:\/\/lavocedelpaese.info\/#organization"},"image":{"@id":"https:\/\/lavocedelpaese.info\/index.php\/2024\/06\/16\/siccita-in-puglia-allarme-degli-agricoltori-per-raccolti-e-pascoli\/#primaryimage"},"thumbnailUrl":"https:\/\/lavocedelpaese.info\/wp-content\/uploads\/2024\/06\/siccita.webp","articleSection":["Attualit\u00e0","Regione"],"inLanguage":"it-IT","potentialAction":[{"@type":"CommentAction","name":"Comment","target":["https:\/\/lavocedelpaese.info\/index.php\/2024\/06\/16\/siccita-in-puglia-allarme-degli-agricoltori-per-raccolti-e-pascoli\/#respond"]}]},{"@type":"WebPage","@id":"https:\/\/lavocedelpaese.info\/index.php\/2024\/06\/16\/siccita-in-puglia-allarme-degli-agricoltori-per-raccolti-e-pascoli\/","url":"https:\/\/lavocedelpaese.info\/index.php\/2024\/06\/16\/siccita-in-puglia-allarme-degli-agricoltori-per-raccolti-e-pascoli\/","name":"Siccit\u00e0 in Puglia: allarme degli agricoltori per raccolti e pascoli - La Voce del Paese","isPartOf":{"@id":"https:\/\/lavocedelpaese.info\/#website"},"primaryImageOfPage":{"@id":"https:\/\/lavocedelpaese.info\/index.php\/2024\/06\/16\/siccita-in-puglia-allarme-degli-agricoltori-per-raccolti-e-pascoli\/#primaryimage"},"image":{"@id":"https:\/\/lavocedelpaese.info\/index.php\/2024\/06\/16\/siccita-in-puglia-allarme-degli-agricoltori-per-raccolti-e-pascoli\/#primaryimage"},"thumbnailUrl":"https:\/\/lavocedelpaese.info\/wp-content\/uploads\/2024\/06\/siccita.webp","datePublished":"2024-06-16T22:27:50+00:00","dateModified":"2024-06-16T22:27:53+00:00","breadcrumb":{"@id":"https:\/\/lavocedelpaese.info\/index.php\/2024\/06\/16\/siccita-in-puglia-allarme-degli-agricoltori-per-raccolti-e-pascoli\/#breadcrumb"},"inLanguage":"it-IT","potentialAction":[{"@type":"ReadAction","target":["https:\/\/lavocedelpaese.info\/index.php\/2024\/06\/16\/siccita-in-puglia-allarme-degli-agricoltori-per-raccolti-e-pascoli\/"]}]},{"@type":"ImageObject","inLanguage":"it-IT","@id":"https:\/\/lavocedelpaese.info\/index.php\/2024\/06\/16\/siccita-in-puglia-allarme-degli-agricoltori-per-raccolti-e-pascoli\/#primaryimage","url":"https:\/\/lavocedelpaese.info\/wp-content\/uploads\/2024\/06\/siccita.webp","contentUrl":"https:\/\/lavocedelpaese.info\/wp-content\/uploads\/2024\/06\/siccita.webp","width":617,"height":416},{"@type":"BreadcrumbList","@id":"https:\/\/lavocedelpaese.info\/index.php\/2024\/06\/16\/siccita-in-puglia-allarme-degli-agricoltori-per-raccolti-e-pascoli\/#breadcrumb","itemListElement":[{"@type":"ListItem","position":1,"name":"Home","item":"https:\/\/lavocedelpaese.info\/"},{"@type":"ListItem","position":2,"name":"Siccit\u00e0 in Puglia: allarme degli agricoltori per raccolti e pascoli"}]},{"@type":"WebSite","@id":"https:\/\/lavocedelpaese.info\/#website","url":"https:\/\/lavocedelpaese.info\/","name":"La Voce del Paese","description":"Un network di idee","publisher":{"@id":"https:\/\/lavocedelpaese.info\/#organization"},"potentialAction":[{"@type":"SearchAction","target":{"@type":"EntryPoint","urlTemplate":"https:\/\/lavocedelpaese.info\/?s={search_term_string}"},"query-input":{"@type":"PropertyValueSpecification","valueRequired":true,"valueName":"search_term_string"}}],"inLanguage":"it-IT"},{"@type":"Organization","@id":"https:\/\/lavocedelpaese.info\/#organization","name":"La Voce del Paese","url":"https:\/\/lavocedelpaese.info\/","logo":{"@type":"ImageObject","inLanguage":"it-IT","@id":"https:\/\/lavocedelpaese.info\/#\/schema\/logo\/image\/","url":"https:\/\/lavocedelpaese.info\/wp-content\/uploads\/2023\/01\/cropped-logo-150-127.png","contentUrl":"https:\/\/lavocedelpaese.info\/wp-content\/uploads\/2023\/01\/cropped-logo-150-127.png","width":137,"height":119,"caption":"La Voce del Paese"},"image":{"@id":"https:\/\/lavocedelpaese.info\/#\/schema\/logo\/image\/"},"sameAs":["https:\/\/www.facebook.com\/lavocedelpaese.info"]},{"@type":"Person","@id":"https:\/\/lavocedelpaese.info\/#\/schema\/person\/ec151d321306bd7591f7a061abf72d88","name":"admin","image":{"@type":"ImageObject","inLanguage":"it-IT","@id":"https:\/\/secure.gravatar.com\/avatar\/af8f2caf0663124588de48a9380e07cbc95a74ef15b8062d0d39106c32fe3023?s=96&d=mm&r=g","url":"https:\/\/secure.gravatar.com\/avatar\/af8f2caf0663124588de48a9380e07cbc95a74ef15b8062d0d39106c32fe3023?s=96&d=mm&r=g","contentUrl":"https:\/\/secure.gravatar.com\/avatar\/af8f2caf0663124588de48a9380e07cbc95a74ef15b8062d0d39106c32fe3023?s=96&d=mm&r=g","caption":"admin"},"sameAs":["https:\/\/lavocedelpaese.info"],"url":"https:\/\/lavocedelpaese.info\/index.php\/author\/admin\/"}]}},"_links":{"self":[{"href":"https:\/\/lavocedelpaese.info\/index.php\/wp-json\/wp\/v2\/posts\/2389","targetHints":{"allow":["GET"]}}],"collection":[{"href":"https:\/\/lavocedelpaese.info\/index.php\/wp-json\/wp\/v2\/posts"}],"about":[{"href":"https:\/\/lavocedelpaese.info\/index.php\/wp-json\/wp\/v2\/types\/post"}],"author":[{"embeddable":true,"href":"https:\/\/lavocedelpaese.info\/index.php\/wp-json\/wp\/v2\/users\/6"}],"replies":[{"embeddable":true,"href":"https:\/\/lavocedelpaese.info\/index.php\/wp-json\/wp\/v2\/comments?post=2389"}],"version-history":[{"count":1,"href":"https:\/\/lavocedelpaese.info\/index.php\/wp-json\/wp\/v2\/posts\/2389\/revisions"}],"predecessor-version":[{"id":2391,"href":"https:\/\/lavocedelpaese.info\/index.php\/wp-json\/wp\/v2\/posts\/2389\/revisions\/2391"}],"wp:featuredmedia":[{"embeddable":true,"href":"https:\/\/lavocedelpaese.info\/index.php\/wp-json\/wp\/v2\/media\/2390"}],"wp:attachment":[{"href":"https:\/\/lavocedelpaese.info\/index.php\/wp-json\/wp\/v2\/media?parent=2389"}],"wp:term":[{"taxonomy":"category","embeddable":true,"href":"https:\/\/lavocedelpaese.info\/index.php\/wp-json\/wp\/v2\/categories?post=2389"},{"taxonomy":"post_tag","embeddable":true,"href":"https:\/\/lavocedelpaese.info\/index.php\/wp-json\/wp\/v2\/tags?post=2389"}],"curies":[{"name":"wp","href":"https:\/\/api.w.org\/{rel}","templated":true}]}}