{"id":2383,"date":"2024-06-16T22:58:10","date_gmt":"2024-06-16T22:58:10","guid":{"rendered":"https:\/\/lavocedelpaese.info\/?p=2383"},"modified":"2024-06-16T22:58:16","modified_gmt":"2024-06-16T22:58:16","slug":"convenzione-per-bari-sostegno-a-leccese-e-laforgia-per-una-coalizione-progressista-e-inclusiva","status":"publish","type":"post","link":"https:\/\/lavocedelpaese.info\/index.php\/2024\/06\/16\/convenzione-per-bari-sostegno-a-leccese-e-laforgia-per-una-coalizione-progressista-e-inclusiva\/","title":{"rendered":"Convenzione per Bari: sostegno a Leccese e Laforgia per una coalizione progressista e inclusiva"},"content":{"rendered":"\n<p>La Convenzione per Bari 2024, movimento ispiratore della candidatura di Michele Laforgia, ha dichiarato il suo sostegno leale al candidato Vito Leccese per il ballottaggio del 23 e 24 giugno. I risultati delle elezioni amministrative dell&#8217;8-9 giugno hanno mostrato che quasi due elettori su tre a Bari preferiscono uno schieramento progressista di centrosinistra. La destra, rappresentata dal candidato della Lega di Salvini, ha mostrato debolezze e mancanza di visione organica, e la battaglia per l&#8217;autonomia differenziata promossa dalla Lega \u00e8 vista come un rischio per il Mezzogiorno. La Convenzione per Bari 2024 promuover\u00e0 iniziative elettorali congiunte con Leccese, cercando di armonizzare i programmi dei due candidati per un governo pi\u00f9 giusto e innovativo della citt\u00e0.<\/p>\n\n\n\n<p>L&#8217;alleanza tra Michele Laforgia e Vito Leccese rappresenta un consolidamento significativo della coalizione di centrosinistra a Bari. Questo rafforzamento \u00e8 cruciale per presentare un fronte unito e coeso contro il candidato della destra al ballottaggio. La collaborazione tra le due forze politiche pu\u00f2 aumentare le possibilit\u00e0 di vittoria di Leccese, poich\u00e9 unisce le risorse e i consensi di entrambe le campagne elettorali. Inoltre, l&#8217;unione delle proposte programmatiche dei due candidati pu\u00f2 creare una piattaforma politica pi\u00f9 ampia e inclusiva, in grado di attrarre un elettorato pi\u00f9 vasto.<\/p>\n\n\n\n<p>La nota della Convenzione per Bari critica duramente l&#8217;autonomia differenziata promossa dalla Lega di Salvini, sottolineando come questa politica possa danneggiare il Mezzogiorno e le aree pi\u00f9 deboli del Paese. Questa posizione rafforza l&#8217;identit\u00e0 progressista e unitaria del centrosinistra, contrapponendosi a una visione che viene percepita come divisiva e dannosa per la coesione nazionale. Politicamente, questa critica pu\u00f2 consolidare il supporto degli elettori meridionali che si sentono minacciati dalle politiche della Lega, rafforzando il consenso per Leccese e Laforgia.<\/p>\n\n\n\n<p>L&#8217;impegno della Convenzione per Bari nel sostenere attivamente Leccese attraverso iniziative elettorali pu\u00f2 aumentare la mobilitazione degli elettori. Organizzare eventi e incontri pubblici, insieme alla presenza capillare sul territorio, pu\u00f2 rafforzare l&#8217;entusiasmo e la partecipazione dei cittadini. Questo \u00e8 particolarmente importante in vista del ballottaggio, dove ogni voto conta. La capacit\u00e0 di mobilitare una base elettorale ampia e motivata \u00e8 cruciale per assicurare una vittoria al secondo turno.<\/p>\n\n\n\n<p>L&#8217;accordo tra Laforgia e Leccese evidenzia un impegno reciproco a lavorare insieme con pari dignit\u00e0 e responsabilit\u00e0. Questo rafforzamento della coesione interna \u00e8 essenziale per la stabilit\u00e0 politica e l&#8217;efficacia governativa. Un governo di coalizione coeso \u00e8 pi\u00f9 capace di realizzare il proprio programma e di rispondere alle esigenze dei cittadini. Inoltre, l&#8217;armonizzazione dei programmi presentati pu\u00f2 portare a un&#8217;azione di governo pi\u00f9 integrata e coordinata, con progetti che rispondano meglio alle necessit\u00e0 della comunit\u00e0 barese.<\/p>\n\n\n\n<p>Il programma elettorale comune tra Leccese e Laforgia pone l&#8217;accento su una Bari pi\u00f9 giusta, equa, solidale, accogliente e innovativa. Questa visione progressista pu\u00f2 attrarre elettori che cercano un cambiamento positivo e inclusivo nella governance della citt\u00e0. La promozione di iniziative culturali, ambientali e di innovazione tecnologica pu\u00f2 rendere Bari un esempio di sviluppo sostenibile e inclusivo, migliorando la qualit\u00e0 della vita dei suoi cittadini e attirando investimenti.<\/p>\n\n\n\n<p>La nota della Convenzione per Bari sottolinea le debolezze della proposta della destra, descrivendola come priva di visione organica e identit\u00e0 forte. Questo tipo di critica politica pu\u00f2 aiutare a delineare chiaramente le differenze tra le due principali coalizioni, fornendo agli elettori una scelta pi\u00f9 netta e informata. Mettendo in luce le carenze della destra, la coalizione di centrosinistra pu\u00f2 rafforzare la propria posizione come l&#8217;alternativa pi\u00f9 capace e preparata per governare Bari.<\/p>\n\n\n\n<p>Le proposte di Laforgia e Leccese includono un forte focus sulla cultura, la conoscenza, l&#8217;innovazione e l&#8217;ambiente. Questi temi sono fondamentali per il futuro sviluppo urbano e possono contribuire a creare una citt\u00e0 pi\u00f9 vivibile e attrattiva. Politiche culturali attive possono rafforzare il senso di comunit\u00e0 e identit\u00e0 cittadina, mentre iniziative ambientali possono migliorare la sostenibilit\u00e0 e la qualit\u00e0 dell&#8217;aria, rendendo Bari un esempio di citt\u00e0 verde e innovativa.<\/p>\n\n\n\n<p>L&#8217;invito alla partecipazione civica e alla collaborazione tra i cittadini \u00e8 un elemento centrale della strategia politica di Laforgia e Leccese. Promuovere una governance partecipativa pu\u00f2 migliorare la trasparenza e l&#8217;efficacia delle politiche pubbliche, rafforzando la fiducia dei cittadini nelle istituzioni. La capacit\u00e0 di coinvolgere attivamente la comunit\u00e0 nella definizione e realizzazione delle politiche pu\u00f2 portare a risultati pi\u00f9 pertinenti e condivisi, aumentando la legittimit\u00e0 del governo.<\/p>\n\n\n\n<p>La collaborazione tra i team programmatici di Laforgia e Leccese rappresenta un passo importante verso la costruzione di un governo di coalizione efficace. La sintesi delle proposte programmatiche pu\u00f2 garantire una visione condivisa e un piano d&#8217;azione coordinato, riducendo le potenziali frizioni e conflitti interni. Un governo di coalizione ben preparato pu\u00f2 essere pi\u00f9 reattivo e proattivo, in grado di affrontare le sfide urbane con maggiore efficacia.<\/p>\n\n\n\n<p>L&#8217;alleanza tra la Convenzione per Bari di Michele Laforgia e il candidato sindaco Vito Leccese rappresenta una strategia politica potente per affrontare il ballottaggio del 23 e 24 giugno. Rafforzando la coesione interna del centrosinistra, mobilitando gli elettori e proponendo una visione inclusiva e sostenibile per Bari, questa coalizione pu\u00f2 migliorare significativamente le sue possibilit\u00e0 di vittoria. Le implicazioni politiche di questa alleanza sono profonde, toccando temi di governance, partecipazione civica, critica alle politiche della destra e promozione di uno sviluppo urbano integrato e innovativo.<\/p>\n","protected":false},"excerpt":{"rendered":"<p>La Convenzione per Bari 2024, movimento ispiratore della candidatura di Michele Laforgia, ha dichiarato il suo sostegno leale al candidato<\/p>\n","protected":false},"author":6,"featured_media":2384,"comment_status":"open","ping_status":"closed","sticky":false,"template":"","format":"standard","meta":{"colormag_page_container_layout":"default_layout","colormag_page_sidebar_layout":"default_layout","footnotes":""},"categories":[3,34],"tags":[],"class_list":["post-2383","post","type-post","status-publish","format-standard","has-post-thumbnail","hentry","category-politica","category-box-laterali-blocco-1"],"yoast_head":"<!-- This site is optimized with the Yoast SEO plugin v27.5 - https:\/\/yoast.com\/product\/yoast-seo-wordpress\/ -->\n<title>Convenzione per Bari: sostegno a Leccese e Laforgia per una coalizione progressista e inclusiva - La Voce del Paese<\/title>\n<meta name=\"robots\" content=\"index, follow, max-snippet:-1, max-image-preview:large, max-video-preview:-1\" \/>\n<link rel=\"canonical\" href=\"https:\/\/lavocedelpaese.info\/index.php\/2024\/06\/16\/convenzione-per-bari-sostegno-a-leccese-e-laforgia-per-una-coalizione-progressista-e-inclusiva\/\" \/>\n<meta property=\"og:locale\" content=\"it_IT\" \/>\n<meta property=\"og:type\" content=\"article\" \/>\n<meta property=\"og:title\" content=\"Convenzione per Bari: sostegno a Leccese e Laforgia per una coalizione progressista e inclusiva - La Voce del Paese\" \/>\n<meta property=\"og:description\" content=\"La Convenzione per Bari 2024, movimento ispiratore della candidatura di Michele Laforgia, ha dichiarato il suo sostegno leale al candidato\" \/>\n<meta property=\"og:url\" content=\"https:\/\/lavocedelpaese.info\/index.php\/2024\/06\/16\/convenzione-per-bari-sostegno-a-leccese-e-laforgia-per-una-coalizione-progressista-e-inclusiva\/\" \/>\n<meta property=\"og:site_name\" content=\"La Voce del Paese\" \/>\n<meta property=\"article:publisher\" content=\"https:\/\/www.facebook.com\/lavocedelpaese.info\" \/>\n<meta property=\"article:published_time\" content=\"2024-06-16T22:58:10+00:00\" \/>\n<meta property=\"article:modified_time\" content=\"2024-06-16T22:58:16+00:00\" \/>\n<meta property=\"og:image\" content=\"https:\/\/lavocedelpaese.info\/wp-content\/uploads\/2024\/06\/Leccese-Laforgia-foto-Fb-Leccese.jpg\" \/>\n\t<meta property=\"og:image:width\" content=\"1000\" \/>\n\t<meta property=\"og:image:height\" content=\"563\" \/>\n\t<meta property=\"og:image:type\" content=\"image\/jpeg\" \/>\n<meta name=\"author\" content=\"admin\" \/>\n<meta name=\"twitter:card\" content=\"summary_large_image\" \/>\n<meta name=\"twitter:label1\" content=\"Scritto da\" \/>\n\t<meta name=\"twitter:data1\" content=\"admin\" \/>\n\t<meta name=\"twitter:label2\" content=\"Tempo di lettura stimato\" \/>\n\t<meta name=\"twitter:data2\" content=\"5 minuti\" \/>\n<script type=\"application\/ld+json\" class=\"yoast-schema-graph\">{\"@context\":\"https:\\\/\\\/schema.org\",\"@graph\":[{\"@type\":\"Article\",\"@id\":\"https:\\\/\\\/lavocedelpaese.info\\\/index.php\\\/2024\\\/06\\\/16\\\/convenzione-per-bari-sostegno-a-leccese-e-laforgia-per-una-coalizione-progressista-e-inclusiva\\\/#article\",\"isPartOf\":{\"@id\":\"https:\\\/\\\/lavocedelpaese.info\\\/index.php\\\/2024\\\/06\\\/16\\\/convenzione-per-bari-sostegno-a-leccese-e-laforgia-per-una-coalizione-progressista-e-inclusiva\\\/\"},\"author\":{\"name\":\"admin\",\"@id\":\"https:\\\/\\\/lavocedelpaese.info\\\/#\\\/schema\\\/person\\\/ec151d321306bd7591f7a061abf72d88\"},\"headline\":\"Convenzione per Bari: sostegno a Leccese e Laforgia per una coalizione progressista e inclusiva\",\"datePublished\":\"2024-06-16T22:58:10+00:00\",\"dateModified\":\"2024-06-16T22:58:16+00:00\",\"mainEntityOfPage\":{\"@id\":\"https:\\\/\\\/lavocedelpaese.info\\\/index.php\\\/2024\\\/06\\\/16\\\/convenzione-per-bari-sostegno-a-leccese-e-laforgia-per-una-coalizione-progressista-e-inclusiva\\\/\"},\"wordCount\":876,\"commentCount\":0,\"publisher\":{\"@id\":\"https:\\\/\\\/lavocedelpaese.info\\\/#organization\"},\"image\":{\"@id\":\"https:\\\/\\\/lavocedelpaese.info\\\/index.php\\\/2024\\\/06\\\/16\\\/convenzione-per-bari-sostegno-a-leccese-e-laforgia-per-una-coalizione-progressista-e-inclusiva\\\/#primaryimage\"},\"thumbnailUrl\":\"https:\\\/\\\/lavocedelpaese.info\\\/wp-content\\\/uploads\\\/2024\\\/06\\\/Leccese-Laforgia-foto-Fb-Leccese.jpg\",\"articleSection\":[\"Politica\",\"primo piano\"],\"inLanguage\":\"it-IT\",\"potentialAction\":[{\"@type\":\"CommentAction\",\"name\":\"Comment\",\"target\":[\"https:\\\/\\\/lavocedelpaese.info\\\/index.php\\\/2024\\\/06\\\/16\\\/convenzione-per-bari-sostegno-a-leccese-e-laforgia-per-una-coalizione-progressista-e-inclusiva\\\/#respond\"]}]},{\"@type\":\"WebPage\",\"@id\":\"https:\\\/\\\/lavocedelpaese.info\\\/index.php\\\/2024\\\/06\\\/16\\\/convenzione-per-bari-sostegno-a-leccese-e-laforgia-per-una-coalizione-progressista-e-inclusiva\\\/\",\"url\":\"https:\\\/\\\/lavocedelpaese.info\\\/index.php\\\/2024\\\/06\\\/16\\\/convenzione-per-bari-sostegno-a-leccese-e-laforgia-per-una-coalizione-progressista-e-inclusiva\\\/\",\"name\":\"Convenzione per Bari: sostegno a Leccese e Laforgia per una coalizione progressista e inclusiva - La Voce del Paese\",\"isPartOf\":{\"@id\":\"https:\\\/\\\/lavocedelpaese.info\\\/#website\"},\"primaryImageOfPage\":{\"@id\":\"https:\\\/\\\/lavocedelpaese.info\\\/index.php\\\/2024\\\/06\\\/16\\\/convenzione-per-bari-sostegno-a-leccese-e-laforgia-per-una-coalizione-progressista-e-inclusiva\\\/#primaryimage\"},\"image\":{\"@id\":\"https:\\\/\\\/lavocedelpaese.info\\\/index.php\\\/2024\\\/06\\\/16\\\/convenzione-per-bari-sostegno-a-leccese-e-laforgia-per-una-coalizione-progressista-e-inclusiva\\\/#primaryimage\"},\"thumbnailUrl\":\"https:\\\/\\\/lavocedelpaese.info\\\/wp-content\\\/uploads\\\/2024\\\/06\\\/Leccese-Laforgia-foto-Fb-Leccese.jpg\",\"datePublished\":\"2024-06-16T22:58:10+00:00\",\"dateModified\":\"2024-06-16T22:58:16+00:00\",\"breadcrumb\":{\"@id\":\"https:\\\/\\\/lavocedelpaese.info\\\/index.php\\\/2024\\\/06\\\/16\\\/convenzione-per-bari-sostegno-a-leccese-e-laforgia-per-una-coalizione-progressista-e-inclusiva\\\/#breadcrumb\"},\"inLanguage\":\"it-IT\",\"potentialAction\":[{\"@type\":\"ReadAction\",\"target\":[\"https:\\\/\\\/lavocedelpaese.info\\\/index.php\\\/2024\\\/06\\\/16\\\/convenzione-per-bari-sostegno-a-leccese-e-laforgia-per-una-coalizione-progressista-e-inclusiva\\\/\"]}]},{\"@type\":\"ImageObject\",\"inLanguage\":\"it-IT\",\"@id\":\"https:\\\/\\\/lavocedelpaese.info\\\/index.php\\\/2024\\\/06\\\/16\\\/convenzione-per-bari-sostegno-a-leccese-e-laforgia-per-una-coalizione-progressista-e-inclusiva\\\/#primaryimage\",\"url\":\"https:\\\/\\\/lavocedelpaese.info\\\/wp-content\\\/uploads\\\/2024\\\/06\\\/Leccese-Laforgia-foto-Fb-Leccese.jpg\",\"contentUrl\":\"https:\\\/\\\/lavocedelpaese.info\\\/wp-content\\\/uploads\\\/2024\\\/06\\\/Leccese-Laforgia-foto-Fb-Leccese.jpg\",\"width\":1000,\"height\":563},{\"@type\":\"BreadcrumbList\",\"@id\":\"https:\\\/\\\/lavocedelpaese.info\\\/index.php\\\/2024\\\/06\\\/16\\\/convenzione-per-bari-sostegno-a-leccese-e-laforgia-per-una-coalizione-progressista-e-inclusiva\\\/#breadcrumb\",\"itemListElement\":[{\"@type\":\"ListItem\",\"position\":1,\"name\":\"Home\",\"item\":\"https:\\\/\\\/lavocedelpaese.info\\\/\"},{\"@type\":\"ListItem\",\"position\":2,\"name\":\"Convenzione per Bari: sostegno a Leccese e Laforgia per una coalizione progressista e inclusiva\"}]},{\"@type\":\"WebSite\",\"@id\":\"https:\\\/\\\/lavocedelpaese.info\\\/#website\",\"url\":\"https:\\\/\\\/lavocedelpaese.info\\\/\",\"name\":\"La Voce del Paese\",\"description\":\"Un network di idee\",\"publisher\":{\"@id\":\"https:\\\/\\\/lavocedelpaese.info\\\/#organization\"},\"potentialAction\":[{\"@type\":\"SearchAction\",\"target\":{\"@type\":\"EntryPoint\",\"urlTemplate\":\"https:\\\/\\\/lavocedelpaese.info\\\/?s={search_term_string}\"},\"query-input\":{\"@type\":\"PropertyValueSpecification\",\"valueRequired\":true,\"valueName\":\"search_term_string\"}}],\"inLanguage\":\"it-IT\"},{\"@type\":\"Organization\",\"@id\":\"https:\\\/\\\/lavocedelpaese.info\\\/#organization\",\"name\":\"La Voce del Paese\",\"url\":\"https:\\\/\\\/lavocedelpaese.info\\\/\",\"logo\":{\"@type\":\"ImageObject\",\"inLanguage\":\"it-IT\",\"@id\":\"https:\\\/\\\/lavocedelpaese.info\\\/#\\\/schema\\\/logo\\\/image\\\/\",\"url\":\"https:\\\/\\\/lavocedelpaese.info\\\/wp-content\\\/uploads\\\/2023\\\/01\\\/cropped-logo-150-127.png\",\"contentUrl\":\"https:\\\/\\\/lavocedelpaese.info\\\/wp-content\\\/uploads\\\/2023\\\/01\\\/cropped-logo-150-127.png\",\"width\":137,\"height\":119,\"caption\":\"La Voce del Paese\"},\"image\":{\"@id\":\"https:\\\/\\\/lavocedelpaese.info\\\/#\\\/schema\\\/logo\\\/image\\\/\"},\"sameAs\":[\"https:\\\/\\\/www.facebook.com\\\/lavocedelpaese.info\"]},{\"@type\":\"Person\",\"@id\":\"https:\\\/\\\/lavocedelpaese.info\\\/#\\\/schema\\\/person\\\/ec151d321306bd7591f7a061abf72d88\",\"name\":\"admin\",\"image\":{\"@type\":\"ImageObject\",\"inLanguage\":\"it-IT\",\"@id\":\"https:\\\/\\\/secure.gravatar.com\\\/avatar\\\/af8f2caf0663124588de48a9380e07cbc95a74ef15b8062d0d39106c32fe3023?s=96&d=mm&r=g\",\"url\":\"https:\\\/\\\/secure.gravatar.com\\\/avatar\\\/af8f2caf0663124588de48a9380e07cbc95a74ef15b8062d0d39106c32fe3023?s=96&d=mm&r=g\",\"contentUrl\":\"https:\\\/\\\/secure.gravatar.com\\\/avatar\\\/af8f2caf0663124588de48a9380e07cbc95a74ef15b8062d0d39106c32fe3023?s=96&d=mm&r=g\",\"caption\":\"admin\"},\"sameAs\":[\"https:\\\/\\\/lavocedelpaese.info\"],\"url\":\"https:\\\/\\\/lavocedelpaese.info\\\/index.php\\\/author\\\/admin\\\/\"}]}<\/script>\n<!-- \/ Yoast SEO plugin. -->","yoast_head_json":{"title":"Convenzione per Bari: sostegno a Leccese e Laforgia per una coalizione progressista e inclusiva - La Voce del Paese","robots":{"index":"index","follow":"follow","max-snippet":"max-snippet:-1","max-image-preview":"max-image-preview:large","max-video-preview":"max-video-preview:-1"},"canonical":"https:\/\/lavocedelpaese.info\/index.php\/2024\/06\/16\/convenzione-per-bari-sostegno-a-leccese-e-laforgia-per-una-coalizione-progressista-e-inclusiva\/","og_locale":"it_IT","og_type":"article","og_title":"Convenzione per Bari: sostegno a Leccese e Laforgia per una coalizione progressista e inclusiva - La Voce del Paese","og_description":"La Convenzione per Bari 2024, movimento ispiratore della candidatura di Michele Laforgia, ha dichiarato il suo sostegno leale al candidato","og_url":"https:\/\/lavocedelpaese.info\/index.php\/2024\/06\/16\/convenzione-per-bari-sostegno-a-leccese-e-laforgia-per-una-coalizione-progressista-e-inclusiva\/","og_site_name":"La Voce del Paese","article_publisher":"https:\/\/www.facebook.com\/lavocedelpaese.info","article_published_time":"2024-06-16T22:58:10+00:00","article_modified_time":"2024-06-16T22:58:16+00:00","og_image":[{"width":1000,"height":563,"url":"https:\/\/lavocedelpaese.info\/wp-content\/uploads\/2024\/06\/Leccese-Laforgia-foto-Fb-Leccese.jpg","type":"image\/jpeg"}],"author":"admin","twitter_card":"summary_large_image","twitter_misc":{"Scritto da":"admin","Tempo di lettura stimato":"5 minuti"},"schema":{"@context":"https:\/\/schema.org","@graph":[{"@type":"Article","@id":"https:\/\/lavocedelpaese.info\/index.php\/2024\/06\/16\/convenzione-per-bari-sostegno-a-leccese-e-laforgia-per-una-coalizione-progressista-e-inclusiva\/#article","isPartOf":{"@id":"https:\/\/lavocedelpaese.info\/index.php\/2024\/06\/16\/convenzione-per-bari-sostegno-a-leccese-e-laforgia-per-una-coalizione-progressista-e-inclusiva\/"},"author":{"name":"admin","@id":"https:\/\/lavocedelpaese.info\/#\/schema\/person\/ec151d321306bd7591f7a061abf72d88"},"headline":"Convenzione per Bari: sostegno a Leccese e Laforgia per una coalizione progressista e inclusiva","datePublished":"2024-06-16T22:58:10+00:00","dateModified":"2024-06-16T22:58:16+00:00","mainEntityOfPage":{"@id":"https:\/\/lavocedelpaese.info\/index.php\/2024\/06\/16\/convenzione-per-bari-sostegno-a-leccese-e-laforgia-per-una-coalizione-progressista-e-inclusiva\/"},"wordCount":876,"commentCount":0,"publisher":{"@id":"https:\/\/lavocedelpaese.info\/#organization"},"image":{"@id":"https:\/\/lavocedelpaese.info\/index.php\/2024\/06\/16\/convenzione-per-bari-sostegno-a-leccese-e-laforgia-per-una-coalizione-progressista-e-inclusiva\/#primaryimage"},"thumbnailUrl":"https:\/\/lavocedelpaese.info\/wp-content\/uploads\/2024\/06\/Leccese-Laforgia-foto-Fb-Leccese.jpg","articleSection":["Politica","primo piano"],"inLanguage":"it-IT","potentialAction":[{"@type":"CommentAction","name":"Comment","target":["https:\/\/lavocedelpaese.info\/index.php\/2024\/06\/16\/convenzione-per-bari-sostegno-a-leccese-e-laforgia-per-una-coalizione-progressista-e-inclusiva\/#respond"]}]},{"@type":"WebPage","@id":"https:\/\/lavocedelpaese.info\/index.php\/2024\/06\/16\/convenzione-per-bari-sostegno-a-leccese-e-laforgia-per-una-coalizione-progressista-e-inclusiva\/","url":"https:\/\/lavocedelpaese.info\/index.php\/2024\/06\/16\/convenzione-per-bari-sostegno-a-leccese-e-laforgia-per-una-coalizione-progressista-e-inclusiva\/","name":"Convenzione per Bari: sostegno a Leccese e Laforgia per una coalizione progressista e inclusiva - La Voce del Paese","isPartOf":{"@id":"https:\/\/lavocedelpaese.info\/#website"},"primaryImageOfPage":{"@id":"https:\/\/lavocedelpaese.info\/index.php\/2024\/06\/16\/convenzione-per-bari-sostegno-a-leccese-e-laforgia-per-una-coalizione-progressista-e-inclusiva\/#primaryimage"},"image":{"@id":"https:\/\/lavocedelpaese.info\/index.php\/2024\/06\/16\/convenzione-per-bari-sostegno-a-leccese-e-laforgia-per-una-coalizione-progressista-e-inclusiva\/#primaryimage"},"thumbnailUrl":"https:\/\/lavocedelpaese.info\/wp-content\/uploads\/2024\/06\/Leccese-Laforgia-foto-Fb-Leccese.jpg","datePublished":"2024-06-16T22:58:10+00:00","dateModified":"2024-06-16T22:58:16+00:00","breadcrumb":{"@id":"https:\/\/lavocedelpaese.info\/index.php\/2024\/06\/16\/convenzione-per-bari-sostegno-a-leccese-e-laforgia-per-una-coalizione-progressista-e-inclusiva\/#breadcrumb"},"inLanguage":"it-IT","potentialAction":[{"@type":"ReadAction","target":["https:\/\/lavocedelpaese.info\/index.php\/2024\/06\/16\/convenzione-per-bari-sostegno-a-leccese-e-laforgia-per-una-coalizione-progressista-e-inclusiva\/"]}]},{"@type":"ImageObject","inLanguage":"it-IT","@id":"https:\/\/lavocedelpaese.info\/index.php\/2024\/06\/16\/convenzione-per-bari-sostegno-a-leccese-e-laforgia-per-una-coalizione-progressista-e-inclusiva\/#primaryimage","url":"https:\/\/lavocedelpaese.info\/wp-content\/uploads\/2024\/06\/Leccese-Laforgia-foto-Fb-Leccese.jpg","contentUrl":"https:\/\/lavocedelpaese.info\/wp-content\/uploads\/2024\/06\/Leccese-Laforgia-foto-Fb-Leccese.jpg","width":1000,"height":563},{"@type":"BreadcrumbList","@id":"https:\/\/lavocedelpaese.info\/index.php\/2024\/06\/16\/convenzione-per-bari-sostegno-a-leccese-e-laforgia-per-una-coalizione-progressista-e-inclusiva\/#breadcrumb","itemListElement":[{"@type":"ListItem","position":1,"name":"Home","item":"https:\/\/lavocedelpaese.info\/"},{"@type":"ListItem","position":2,"name":"Convenzione per Bari: sostegno a Leccese e Laforgia per una coalizione progressista e inclusiva"}]},{"@type":"WebSite","@id":"https:\/\/lavocedelpaese.info\/#website","url":"https:\/\/lavocedelpaese.info\/","name":"La Voce del Paese","description":"Un network di idee","publisher":{"@id":"https:\/\/lavocedelpaese.info\/#organization"},"potentialAction":[{"@type":"SearchAction","target":{"@type":"EntryPoint","urlTemplate":"https:\/\/lavocedelpaese.info\/?s={search_term_string}"},"query-input":{"@type":"PropertyValueSpecification","valueRequired":true,"valueName":"search_term_string"}}],"inLanguage":"it-IT"},{"@type":"Organization","@id":"https:\/\/lavocedelpaese.info\/#organization","name":"La Voce del Paese","url":"https:\/\/lavocedelpaese.info\/","logo":{"@type":"ImageObject","inLanguage":"it-IT","@id":"https:\/\/lavocedelpaese.info\/#\/schema\/logo\/image\/","url":"https:\/\/lavocedelpaese.info\/wp-content\/uploads\/2023\/01\/cropped-logo-150-127.png","contentUrl":"https:\/\/lavocedelpaese.info\/wp-content\/uploads\/2023\/01\/cropped-logo-150-127.png","width":137,"height":119,"caption":"La Voce del Paese"},"image":{"@id":"https:\/\/lavocedelpaese.info\/#\/schema\/logo\/image\/"},"sameAs":["https:\/\/www.facebook.com\/lavocedelpaese.info"]},{"@type":"Person","@id":"https:\/\/lavocedelpaese.info\/#\/schema\/person\/ec151d321306bd7591f7a061abf72d88","name":"admin","image":{"@type":"ImageObject","inLanguage":"it-IT","@id":"https:\/\/secure.gravatar.com\/avatar\/af8f2caf0663124588de48a9380e07cbc95a74ef15b8062d0d39106c32fe3023?s=96&d=mm&r=g","url":"https:\/\/secure.gravatar.com\/avatar\/af8f2caf0663124588de48a9380e07cbc95a74ef15b8062d0d39106c32fe3023?s=96&d=mm&r=g","contentUrl":"https:\/\/secure.gravatar.com\/avatar\/af8f2caf0663124588de48a9380e07cbc95a74ef15b8062d0d39106c32fe3023?s=96&d=mm&r=g","caption":"admin"},"sameAs":["https:\/\/lavocedelpaese.info"],"url":"https:\/\/lavocedelpaese.info\/index.php\/author\/admin\/"}]}},"_links":{"self":[{"href":"https:\/\/lavocedelpaese.info\/index.php\/wp-json\/wp\/v2\/posts\/2383","targetHints":{"allow":["GET"]}}],"collection":[{"href":"https:\/\/lavocedelpaese.info\/index.php\/wp-json\/wp\/v2\/posts"}],"about":[{"href":"https:\/\/lavocedelpaese.info\/index.php\/wp-json\/wp\/v2\/types\/post"}],"author":[{"embeddable":true,"href":"https:\/\/lavocedelpaese.info\/index.php\/wp-json\/wp\/v2\/users\/6"}],"replies":[{"embeddable":true,"href":"https:\/\/lavocedelpaese.info\/index.php\/wp-json\/wp\/v2\/comments?post=2383"}],"version-history":[{"count":1,"href":"https:\/\/lavocedelpaese.info\/index.php\/wp-json\/wp\/v2\/posts\/2383\/revisions"}],"predecessor-version":[{"id":2385,"href":"https:\/\/lavocedelpaese.info\/index.php\/wp-json\/wp\/v2\/posts\/2383\/revisions\/2385"}],"wp:featuredmedia":[{"embeddable":true,"href":"https:\/\/lavocedelpaese.info\/index.php\/wp-json\/wp\/v2\/media\/2384"}],"wp:attachment":[{"href":"https:\/\/lavocedelpaese.info\/index.php\/wp-json\/wp\/v2\/media?parent=2383"}],"wp:term":[{"taxonomy":"category","embeddable":true,"href":"https:\/\/lavocedelpaese.info\/index.php\/wp-json\/wp\/v2\/categories?post=2383"},{"taxonomy":"post_tag","embeddable":true,"href":"https:\/\/lavocedelpaese.info\/index.php\/wp-json\/wp\/v2\/tags?post=2383"}],"curies":[{"name":"wp","href":"https:\/\/api.w.org\/{rel}","templated":true}]}}