{"id":2381,"date":"2024-06-16T22:57:04","date_gmt":"2024-06-16T22:57:04","guid":{"rendered":"https:\/\/lavocedelpaese.info\/?p=2381"},"modified":"2024-06-16T22:57:08","modified_gmt":"2024-06-16T22:57:08","slug":"concluso-il-g7-in-puglia-il-sindaco-decaro-rende-omaggio-alla-citta","status":"publish","type":"post","link":"https:\/\/lavocedelpaese.info\/index.php\/2024\/06\/16\/concluso-il-g7-in-puglia-il-sindaco-decaro-rende-omaggio-alla-citta\/","title":{"rendered":"Concluso il G7 in Puglia: il sindaco Decaro rende omaggio alla citt\u00e0"},"content":{"rendered":"\n<p>Il G7 tenutosi in Puglia si \u00e8 concluso, con Bari che ha accolto oltre 1500 giornalisti nel press center della Fiera del Levante. Il sindaco Antonio Decaro ha ringraziato il Governo e la Presidente Giorgia Meloni per aver scelto la regione come sede del vertice internazionale. Decaro ha sottolineato il prestigio che l&#8217;evento ha conferito alla Puglia e ha lodato l&#8217;accoglienza e la professionalit\u00e0 del sistema ricettivo e turistico locale, elementi chiave della rinascita regionale.<\/p>\n\n\n\n<p>La conclusione del G7 in Puglia, con Bari che ha accolto oltre 1500 giornalisti e leader internazionali, ha implicazioni politiche significative a livello locale, regionale e nazionale. Questo evento di alto profilo ha messo in luce Bari e la Puglia come hub di importanza strategica per incontri internazionali, rafforzando il prestigio della regione e dimostrando la sua capacit\u00e0 di ospitare eventi di tale portata. Il sindaco Antonio Decaro ha colto l&#8217;opportunit\u00e0 per ringraziare il Governo e la Presidente Giorgia Meloni per la scelta della regione, evidenziando la cooperazione tra le istituzioni locali e nazionali. Questo riconoscimento non solo riflette un momento di orgoglio per la comunit\u00e0 locale, ma ha anche diverse implicazioni politiche.<\/p>\n\n\n\n<p>In primo luogo, l&#8217;evento rafforza la posizione politica di Antonio Decaro sia a livello locale che nazionale. La sua amministrazione ha dimostrato la capacit\u00e0 di gestire logistiche complesse e di garantire un&#8217;accoglienza impeccabile, aspetti che sono fondamentali per la reputazione di qualsiasi amministrazione locale. Il successo nell&#8217;organizzazione del G7 pu\u00f2 essere utilizzato da Decaro come una prova tangibile delle sue competenze amministrative, rafforzando la sua posizione politica e potenzialmente aprendo la strada a ulteriori incarichi o a un ruolo pi\u00f9 influente all&#8217;interno del Partito Democratico o in altre istituzioni politiche nazionali.<\/p>\n\n\n\n<p>Inoltre, il riconoscimento del lavoro svolto dalla regione Puglia per ospitare il G7 contribuisce a migliorare l&#8217;immagine della regione su scala nazionale e internazionale. Questo evento ha evidenziato le capacit\u00e0 infrastrutturali e organizzative della Puglia, che sono state messe in risalto da una copertura mediatica globale. La regione ha avuto l&#8217;opportunit\u00e0 di presentarsi come un luogo dinamico e in grado di attrarre eventi di alto profilo, il che potrebbe tradursi in ulteriori investimenti economici e turistici. I politici locali, inclusi i rappresentanti regionali e i membri del Parlamento, possono capitalizzare su questa visibilit\u00e0 per promuovere ulteriormente gli interessi della regione, attrarre nuovi investimenti e spingere per politiche che favoriscano lo sviluppo economico e infrastrutturale.<\/p>\n\n\n\n<p>La scelta della Puglia come sede del G7 sottolinea anche un riconoscimento da parte del Governo centrale della rilevanza strategica del Sud Italia. Storicamente, il Mezzogiorno ha affrontato sfide economiche e sociali significative, spesso sentendosi marginalizzato rispetto al Nord pi\u00f9 sviluppato. Il G7 a Bari pu\u00f2 essere visto come un segnale di un rinnovato interesse del Governo centrale nello sviluppo del Sud, un&#8217;opportunit\u00e0 per promuovere la coesione territoriale e ridurre il divario Nord-Sud. Questo potrebbe tradursi in un maggiore sostegno politico e finanziario per la regione, inclusi investimenti in infrastrutture, istruzione, ricerca e sviluppo, e politiche di sviluppo economico.<\/p>\n\n\n\n<p>La presenza del G7 in Puglia e la sua riuscita possono influenzare le dinamiche politiche locali, rafforzando la fiducia dei cittadini nelle istituzioni locali e nel loro potere di realizzare progetti ambiziosi. La capacit\u00e0 di gestire con successo un evento di tale portata pu\u00f2 migliorare la percezione pubblica della governance locale, aumentando il consenso verso i leader attuali e potenzialmente influenzando i risultati elettorali futuri. La popolazione locale potrebbe sentirsi pi\u00f9 fiduciosa nel supportare le iniziative proposte dai politici locali, sapendo che sono in grado di realizzare progetti di grande importanza.<\/p>\n\n\n\n<p>A livello internazionale, l&#8217;evento ha rafforzato i legami della Puglia e dell&#8217;Italia con altri paesi. L&#8217;ospitalit\u00e0 e la professionalit\u00e0 dimostrate durante il G7 possono migliorare le relazioni bilaterali e multilaterali, facilitando future collaborazioni politiche, economiche e culturali. La Puglia, attraverso questo evento, ha avuto l&#8217;opportunit\u00e0 di posizionarsi come un attore importante nelle dinamiche internazionali, il che potrebbe portare a future opportunit\u00e0 di hosting per altri incontri internazionali, conferenze e eventi globali.<\/p>\n\n\n\n<p>La cooperazione tra le istituzioni locali, regionali e nazionali evidenziata durante il G7 pu\u00f2 servire come modello per future iniziative congiunte. Il successo dell&#8217;evento dimostra che quando diverse livelli di governo lavorano insieme, \u00e8 possibile raggiungere risultati significativi. Questo spirito di collaborazione pu\u00f2 essere esteso ad altre aree, come lo sviluppo economico, la gestione delle risorse naturali, la tutela dell&#8217;ambiente e l&#8217;innovazione tecnologica, beneficiando ulteriormente la regione e il paese nel suo complesso.<\/p>\n","protected":false},"excerpt":{"rendered":"<p>Il G7 tenutosi in Puglia si \u00e8 concluso, con Bari che ha accolto oltre 1500 giornalisti nel press center della<\/p>\n","protected":false},"author":6,"featured_media":2274,"comment_status":"open","ping_status":"closed","sticky":false,"template":"","format":"standard","meta":{"colormag_page_container_layout":"default_layout","colormag_page_sidebar_layout":"default_layout","footnotes":""},"categories":[2,34],"tags":[],"class_list":["post-2381","post","type-post","status-publish","format-standard","has-post-thumbnail","hentry","category-attualita","category-box-laterali-blocco-1"],"yoast_head":"<!-- This site is optimized with the Yoast SEO plugin v27.5 - https:\/\/yoast.com\/product\/yoast-seo-wordpress\/ -->\n<title>Concluso il G7 in Puglia: il sindaco Decaro rende omaggio alla citt\u00e0 - La Voce del Paese<\/title>\n<meta name=\"robots\" content=\"index, follow, max-snippet:-1, max-image-preview:large, max-video-preview:-1\" \/>\n<link rel=\"canonical\" href=\"https:\/\/lavocedelpaese.info\/index.php\/2024\/06\/16\/concluso-il-g7-in-puglia-il-sindaco-decaro-rende-omaggio-alla-citta\/\" \/>\n<meta property=\"og:locale\" content=\"it_IT\" \/>\n<meta property=\"og:type\" content=\"article\" \/>\n<meta property=\"og:title\" content=\"Concluso il G7 in Puglia: il sindaco Decaro rende omaggio alla citt\u00e0 - La Voce del Paese\" \/>\n<meta property=\"og:description\" content=\"Il G7 tenutosi in Puglia si \u00e8 concluso, con Bari che ha accolto oltre 1500 giornalisti nel press center della\" \/>\n<meta property=\"og:url\" content=\"https:\/\/lavocedelpaese.info\/index.php\/2024\/06\/16\/concluso-il-g7-in-puglia-il-sindaco-decaro-rende-omaggio-alla-citta\/\" \/>\n<meta property=\"og:site_name\" content=\"La Voce del Paese\" \/>\n<meta property=\"article:publisher\" content=\"https:\/\/www.facebook.com\/lavocedelpaese.info\" \/>\n<meta property=\"article:published_time\" content=\"2024-06-16T22:57:04+00:00\" \/>\n<meta property=\"article:modified_time\" content=\"2024-06-16T22:57:08+00:00\" \/>\n<meta property=\"og:image\" content=\"https:\/\/lavocedelpaese.info\/wp-content\/uploads\/2024\/06\/g7-italia-2024.jpg\" \/>\n\t<meta property=\"og:image:width\" content=\"1000\" \/>\n\t<meta property=\"og:image:height\" content=\"626\" \/>\n\t<meta property=\"og:image:type\" content=\"image\/jpeg\" \/>\n<meta name=\"author\" content=\"admin\" \/>\n<meta name=\"twitter:card\" content=\"summary_large_image\" \/>\n<meta name=\"twitter:label1\" content=\"Scritto da\" \/>\n\t<meta name=\"twitter:data1\" content=\"admin\" \/>\n\t<meta name=\"twitter:label2\" content=\"Tempo di lettura stimato\" \/>\n\t<meta name=\"twitter:data2\" content=\"5 minuti\" \/>\n<script type=\"application\/ld+json\" class=\"yoast-schema-graph\">{\"@context\":\"https:\\\/\\\/schema.org\",\"@graph\":[{\"@type\":\"Article\",\"@id\":\"https:\\\/\\\/lavocedelpaese.info\\\/index.php\\\/2024\\\/06\\\/16\\\/concluso-il-g7-in-puglia-il-sindaco-decaro-rende-omaggio-alla-citta\\\/#article\",\"isPartOf\":{\"@id\":\"https:\\\/\\\/lavocedelpaese.info\\\/index.php\\\/2024\\\/06\\\/16\\\/concluso-il-g7-in-puglia-il-sindaco-decaro-rende-omaggio-alla-citta\\\/\"},\"author\":{\"name\":\"admin\",\"@id\":\"https:\\\/\\\/lavocedelpaese.info\\\/#\\\/schema\\\/person\\\/ec151d321306bd7591f7a061abf72d88\"},\"headline\":\"Concluso il G7 in Puglia: il sindaco Decaro rende omaggio alla citt\u00e0\",\"datePublished\":\"2024-06-16T22:57:04+00:00\",\"dateModified\":\"2024-06-16T22:57:08+00:00\",\"mainEntityOfPage\":{\"@id\":\"https:\\\/\\\/lavocedelpaese.info\\\/index.php\\\/2024\\\/06\\\/16\\\/concluso-il-g7-in-puglia-il-sindaco-decaro-rende-omaggio-alla-citta\\\/\"},\"wordCount\":752,\"commentCount\":0,\"publisher\":{\"@id\":\"https:\\\/\\\/lavocedelpaese.info\\\/#organization\"},\"image\":{\"@id\":\"https:\\\/\\\/lavocedelpaese.info\\\/index.php\\\/2024\\\/06\\\/16\\\/concluso-il-g7-in-puglia-il-sindaco-decaro-rende-omaggio-alla-citta\\\/#primaryimage\"},\"thumbnailUrl\":\"https:\\\/\\\/lavocedelpaese.info\\\/wp-content\\\/uploads\\\/2024\\\/06\\\/g7-italia-2024.jpg\",\"articleSection\":[\"Attualit\u00e0\",\"primo piano\"],\"inLanguage\":\"it-IT\",\"potentialAction\":[{\"@type\":\"CommentAction\",\"name\":\"Comment\",\"target\":[\"https:\\\/\\\/lavocedelpaese.info\\\/index.php\\\/2024\\\/06\\\/16\\\/concluso-il-g7-in-puglia-il-sindaco-decaro-rende-omaggio-alla-citta\\\/#respond\"]}]},{\"@type\":\"WebPage\",\"@id\":\"https:\\\/\\\/lavocedelpaese.info\\\/index.php\\\/2024\\\/06\\\/16\\\/concluso-il-g7-in-puglia-il-sindaco-decaro-rende-omaggio-alla-citta\\\/\",\"url\":\"https:\\\/\\\/lavocedelpaese.info\\\/index.php\\\/2024\\\/06\\\/16\\\/concluso-il-g7-in-puglia-il-sindaco-decaro-rende-omaggio-alla-citta\\\/\",\"name\":\"Concluso il G7 in Puglia: il sindaco Decaro rende omaggio alla citt\u00e0 - La Voce del Paese\",\"isPartOf\":{\"@id\":\"https:\\\/\\\/lavocedelpaese.info\\\/#website\"},\"primaryImageOfPage\":{\"@id\":\"https:\\\/\\\/lavocedelpaese.info\\\/index.php\\\/2024\\\/06\\\/16\\\/concluso-il-g7-in-puglia-il-sindaco-decaro-rende-omaggio-alla-citta\\\/#primaryimage\"},\"image\":{\"@id\":\"https:\\\/\\\/lavocedelpaese.info\\\/index.php\\\/2024\\\/06\\\/16\\\/concluso-il-g7-in-puglia-il-sindaco-decaro-rende-omaggio-alla-citta\\\/#primaryimage\"},\"thumbnailUrl\":\"https:\\\/\\\/lavocedelpaese.info\\\/wp-content\\\/uploads\\\/2024\\\/06\\\/g7-italia-2024.jpg\",\"datePublished\":\"2024-06-16T22:57:04+00:00\",\"dateModified\":\"2024-06-16T22:57:08+00:00\",\"breadcrumb\":{\"@id\":\"https:\\\/\\\/lavocedelpaese.info\\\/index.php\\\/2024\\\/06\\\/16\\\/concluso-il-g7-in-puglia-il-sindaco-decaro-rende-omaggio-alla-citta\\\/#breadcrumb\"},\"inLanguage\":\"it-IT\",\"potentialAction\":[{\"@type\":\"ReadAction\",\"target\":[\"https:\\\/\\\/lavocedelpaese.info\\\/index.php\\\/2024\\\/06\\\/16\\\/concluso-il-g7-in-puglia-il-sindaco-decaro-rende-omaggio-alla-citta\\\/\"]}]},{\"@type\":\"ImageObject\",\"inLanguage\":\"it-IT\",\"@id\":\"https:\\\/\\\/lavocedelpaese.info\\\/index.php\\\/2024\\\/06\\\/16\\\/concluso-il-g7-in-puglia-il-sindaco-decaro-rende-omaggio-alla-citta\\\/#primaryimage\",\"url\":\"https:\\\/\\\/lavocedelpaese.info\\\/wp-content\\\/uploads\\\/2024\\\/06\\\/g7-italia-2024.jpg\",\"contentUrl\":\"https:\\\/\\\/lavocedelpaese.info\\\/wp-content\\\/uploads\\\/2024\\\/06\\\/g7-italia-2024.jpg\",\"width\":1000,\"height\":626},{\"@type\":\"BreadcrumbList\",\"@id\":\"https:\\\/\\\/lavocedelpaese.info\\\/index.php\\\/2024\\\/06\\\/16\\\/concluso-il-g7-in-puglia-il-sindaco-decaro-rende-omaggio-alla-citta\\\/#breadcrumb\",\"itemListElement\":[{\"@type\":\"ListItem\",\"position\":1,\"name\":\"Home\",\"item\":\"https:\\\/\\\/lavocedelpaese.info\\\/\"},{\"@type\":\"ListItem\",\"position\":2,\"name\":\"Concluso il G7 in Puglia: il sindaco Decaro rende omaggio alla citt\u00e0\"}]},{\"@type\":\"WebSite\",\"@id\":\"https:\\\/\\\/lavocedelpaese.info\\\/#website\",\"url\":\"https:\\\/\\\/lavocedelpaese.info\\\/\",\"name\":\"La Voce del Paese\",\"description\":\"Un network di idee\",\"publisher\":{\"@id\":\"https:\\\/\\\/lavocedelpaese.info\\\/#organization\"},\"potentialAction\":[{\"@type\":\"SearchAction\",\"target\":{\"@type\":\"EntryPoint\",\"urlTemplate\":\"https:\\\/\\\/lavocedelpaese.info\\\/?s={search_term_string}\"},\"query-input\":{\"@type\":\"PropertyValueSpecification\",\"valueRequired\":true,\"valueName\":\"search_term_string\"}}],\"inLanguage\":\"it-IT\"},{\"@type\":\"Organization\",\"@id\":\"https:\\\/\\\/lavocedelpaese.info\\\/#organization\",\"name\":\"La Voce del Paese\",\"url\":\"https:\\\/\\\/lavocedelpaese.info\\\/\",\"logo\":{\"@type\":\"ImageObject\",\"inLanguage\":\"it-IT\",\"@id\":\"https:\\\/\\\/lavocedelpaese.info\\\/#\\\/schema\\\/logo\\\/image\\\/\",\"url\":\"https:\\\/\\\/lavocedelpaese.info\\\/wp-content\\\/uploads\\\/2023\\\/01\\\/cropped-logo-150-127.png\",\"contentUrl\":\"https:\\\/\\\/lavocedelpaese.info\\\/wp-content\\\/uploads\\\/2023\\\/01\\\/cropped-logo-150-127.png\",\"width\":137,\"height\":119,\"caption\":\"La Voce del Paese\"},\"image\":{\"@id\":\"https:\\\/\\\/lavocedelpaese.info\\\/#\\\/schema\\\/logo\\\/image\\\/\"},\"sameAs\":[\"https:\\\/\\\/www.facebook.com\\\/lavocedelpaese.info\"]},{\"@type\":\"Person\",\"@id\":\"https:\\\/\\\/lavocedelpaese.info\\\/#\\\/schema\\\/person\\\/ec151d321306bd7591f7a061abf72d88\",\"name\":\"admin\",\"image\":{\"@type\":\"ImageObject\",\"inLanguage\":\"it-IT\",\"@id\":\"https:\\\/\\\/secure.gravatar.com\\\/avatar\\\/af8f2caf0663124588de48a9380e07cbc95a74ef15b8062d0d39106c32fe3023?s=96&d=mm&r=g\",\"url\":\"https:\\\/\\\/secure.gravatar.com\\\/avatar\\\/af8f2caf0663124588de48a9380e07cbc95a74ef15b8062d0d39106c32fe3023?s=96&d=mm&r=g\",\"contentUrl\":\"https:\\\/\\\/secure.gravatar.com\\\/avatar\\\/af8f2caf0663124588de48a9380e07cbc95a74ef15b8062d0d39106c32fe3023?s=96&d=mm&r=g\",\"caption\":\"admin\"},\"sameAs\":[\"https:\\\/\\\/lavocedelpaese.info\"],\"url\":\"https:\\\/\\\/lavocedelpaese.info\\\/index.php\\\/author\\\/admin\\\/\"}]}<\/script>\n<!-- \/ Yoast SEO plugin. -->","yoast_head_json":{"title":"Concluso il G7 in Puglia: il sindaco Decaro rende omaggio alla citt\u00e0 - La Voce del Paese","robots":{"index":"index","follow":"follow","max-snippet":"max-snippet:-1","max-image-preview":"max-image-preview:large","max-video-preview":"max-video-preview:-1"},"canonical":"https:\/\/lavocedelpaese.info\/index.php\/2024\/06\/16\/concluso-il-g7-in-puglia-il-sindaco-decaro-rende-omaggio-alla-citta\/","og_locale":"it_IT","og_type":"article","og_title":"Concluso il G7 in Puglia: il sindaco Decaro rende omaggio alla citt\u00e0 - La Voce del Paese","og_description":"Il G7 tenutosi in Puglia si \u00e8 concluso, con Bari che ha accolto oltre 1500 giornalisti nel press center della","og_url":"https:\/\/lavocedelpaese.info\/index.php\/2024\/06\/16\/concluso-il-g7-in-puglia-il-sindaco-decaro-rende-omaggio-alla-citta\/","og_site_name":"La Voce del Paese","article_publisher":"https:\/\/www.facebook.com\/lavocedelpaese.info","article_published_time":"2024-06-16T22:57:04+00:00","article_modified_time":"2024-06-16T22:57:08+00:00","og_image":[{"width":1000,"height":626,"url":"https:\/\/lavocedelpaese.info\/wp-content\/uploads\/2024\/06\/g7-italia-2024.jpg","type":"image\/jpeg"}],"author":"admin","twitter_card":"summary_large_image","twitter_misc":{"Scritto da":"admin","Tempo di lettura stimato":"5 minuti"},"schema":{"@context":"https:\/\/schema.org","@graph":[{"@type":"Article","@id":"https:\/\/lavocedelpaese.info\/index.php\/2024\/06\/16\/concluso-il-g7-in-puglia-il-sindaco-decaro-rende-omaggio-alla-citta\/#article","isPartOf":{"@id":"https:\/\/lavocedelpaese.info\/index.php\/2024\/06\/16\/concluso-il-g7-in-puglia-il-sindaco-decaro-rende-omaggio-alla-citta\/"},"author":{"name":"admin","@id":"https:\/\/lavocedelpaese.info\/#\/schema\/person\/ec151d321306bd7591f7a061abf72d88"},"headline":"Concluso il G7 in Puglia: il sindaco Decaro rende omaggio alla citt\u00e0","datePublished":"2024-06-16T22:57:04+00:00","dateModified":"2024-06-16T22:57:08+00:00","mainEntityOfPage":{"@id":"https:\/\/lavocedelpaese.info\/index.php\/2024\/06\/16\/concluso-il-g7-in-puglia-il-sindaco-decaro-rende-omaggio-alla-citta\/"},"wordCount":752,"commentCount":0,"publisher":{"@id":"https:\/\/lavocedelpaese.info\/#organization"},"image":{"@id":"https:\/\/lavocedelpaese.info\/index.php\/2024\/06\/16\/concluso-il-g7-in-puglia-il-sindaco-decaro-rende-omaggio-alla-citta\/#primaryimage"},"thumbnailUrl":"https:\/\/lavocedelpaese.info\/wp-content\/uploads\/2024\/06\/g7-italia-2024.jpg","articleSection":["Attualit\u00e0","primo piano"],"inLanguage":"it-IT","potentialAction":[{"@type":"CommentAction","name":"Comment","target":["https:\/\/lavocedelpaese.info\/index.php\/2024\/06\/16\/concluso-il-g7-in-puglia-il-sindaco-decaro-rende-omaggio-alla-citta\/#respond"]}]},{"@type":"WebPage","@id":"https:\/\/lavocedelpaese.info\/index.php\/2024\/06\/16\/concluso-il-g7-in-puglia-il-sindaco-decaro-rende-omaggio-alla-citta\/","url":"https:\/\/lavocedelpaese.info\/index.php\/2024\/06\/16\/concluso-il-g7-in-puglia-il-sindaco-decaro-rende-omaggio-alla-citta\/","name":"Concluso il G7 in Puglia: il sindaco Decaro rende omaggio alla citt\u00e0 - La Voce del Paese","isPartOf":{"@id":"https:\/\/lavocedelpaese.info\/#website"},"primaryImageOfPage":{"@id":"https:\/\/lavocedelpaese.info\/index.php\/2024\/06\/16\/concluso-il-g7-in-puglia-il-sindaco-decaro-rende-omaggio-alla-citta\/#primaryimage"},"image":{"@id":"https:\/\/lavocedelpaese.info\/index.php\/2024\/06\/16\/concluso-il-g7-in-puglia-il-sindaco-decaro-rende-omaggio-alla-citta\/#primaryimage"},"thumbnailUrl":"https:\/\/lavocedelpaese.info\/wp-content\/uploads\/2024\/06\/g7-italia-2024.jpg","datePublished":"2024-06-16T22:57:04+00:00","dateModified":"2024-06-16T22:57:08+00:00","breadcrumb":{"@id":"https:\/\/lavocedelpaese.info\/index.php\/2024\/06\/16\/concluso-il-g7-in-puglia-il-sindaco-decaro-rende-omaggio-alla-citta\/#breadcrumb"},"inLanguage":"it-IT","potentialAction":[{"@type":"ReadAction","target":["https:\/\/lavocedelpaese.info\/index.php\/2024\/06\/16\/concluso-il-g7-in-puglia-il-sindaco-decaro-rende-omaggio-alla-citta\/"]}]},{"@type":"ImageObject","inLanguage":"it-IT","@id":"https:\/\/lavocedelpaese.info\/index.php\/2024\/06\/16\/concluso-il-g7-in-puglia-il-sindaco-decaro-rende-omaggio-alla-citta\/#primaryimage","url":"https:\/\/lavocedelpaese.info\/wp-content\/uploads\/2024\/06\/g7-italia-2024.jpg","contentUrl":"https:\/\/lavocedelpaese.info\/wp-content\/uploads\/2024\/06\/g7-italia-2024.jpg","width":1000,"height":626},{"@type":"BreadcrumbList","@id":"https:\/\/lavocedelpaese.info\/index.php\/2024\/06\/16\/concluso-il-g7-in-puglia-il-sindaco-decaro-rende-omaggio-alla-citta\/#breadcrumb","itemListElement":[{"@type":"ListItem","position":1,"name":"Home","item":"https:\/\/lavocedelpaese.info\/"},{"@type":"ListItem","position":2,"name":"Concluso il G7 in Puglia: il sindaco Decaro rende omaggio alla citt\u00e0"}]},{"@type":"WebSite","@id":"https:\/\/lavocedelpaese.info\/#website","url":"https:\/\/lavocedelpaese.info\/","name":"La Voce del Paese","description":"Un network di idee","publisher":{"@id":"https:\/\/lavocedelpaese.info\/#organization"},"potentialAction":[{"@type":"SearchAction","target":{"@type":"EntryPoint","urlTemplate":"https:\/\/lavocedelpaese.info\/?s={search_term_string}"},"query-input":{"@type":"PropertyValueSpecification","valueRequired":true,"valueName":"search_term_string"}}],"inLanguage":"it-IT"},{"@type":"Organization","@id":"https:\/\/lavocedelpaese.info\/#organization","name":"La Voce del Paese","url":"https:\/\/lavocedelpaese.info\/","logo":{"@type":"ImageObject","inLanguage":"it-IT","@id":"https:\/\/lavocedelpaese.info\/#\/schema\/logo\/image\/","url":"https:\/\/lavocedelpaese.info\/wp-content\/uploads\/2023\/01\/cropped-logo-150-127.png","contentUrl":"https:\/\/lavocedelpaese.info\/wp-content\/uploads\/2023\/01\/cropped-logo-150-127.png","width":137,"height":119,"caption":"La Voce del Paese"},"image":{"@id":"https:\/\/lavocedelpaese.info\/#\/schema\/logo\/image\/"},"sameAs":["https:\/\/www.facebook.com\/lavocedelpaese.info"]},{"@type":"Person","@id":"https:\/\/lavocedelpaese.info\/#\/schema\/person\/ec151d321306bd7591f7a061abf72d88","name":"admin","image":{"@type":"ImageObject","inLanguage":"it-IT","@id":"https:\/\/secure.gravatar.com\/avatar\/af8f2caf0663124588de48a9380e07cbc95a74ef15b8062d0d39106c32fe3023?s=96&d=mm&r=g","url":"https:\/\/secure.gravatar.com\/avatar\/af8f2caf0663124588de48a9380e07cbc95a74ef15b8062d0d39106c32fe3023?s=96&d=mm&r=g","contentUrl":"https:\/\/secure.gravatar.com\/avatar\/af8f2caf0663124588de48a9380e07cbc95a74ef15b8062d0d39106c32fe3023?s=96&d=mm&r=g","caption":"admin"},"sameAs":["https:\/\/lavocedelpaese.info"],"url":"https:\/\/lavocedelpaese.info\/index.php\/author\/admin\/"}]}},"_links":{"self":[{"href":"https:\/\/lavocedelpaese.info\/index.php\/wp-json\/wp\/v2\/posts\/2381","targetHints":{"allow":["GET"]}}],"collection":[{"href":"https:\/\/lavocedelpaese.info\/index.php\/wp-json\/wp\/v2\/posts"}],"about":[{"href":"https:\/\/lavocedelpaese.info\/index.php\/wp-json\/wp\/v2\/types\/post"}],"author":[{"embeddable":true,"href":"https:\/\/lavocedelpaese.info\/index.php\/wp-json\/wp\/v2\/users\/6"}],"replies":[{"embeddable":true,"href":"https:\/\/lavocedelpaese.info\/index.php\/wp-json\/wp\/v2\/comments?post=2381"}],"version-history":[{"count":1,"href":"https:\/\/lavocedelpaese.info\/index.php\/wp-json\/wp\/v2\/posts\/2381\/revisions"}],"predecessor-version":[{"id":2382,"href":"https:\/\/lavocedelpaese.info\/index.php\/wp-json\/wp\/v2\/posts\/2381\/revisions\/2382"}],"wp:featuredmedia":[{"embeddable":true,"href":"https:\/\/lavocedelpaese.info\/index.php\/wp-json\/wp\/v2\/media\/2274"}],"wp:attachment":[{"href":"https:\/\/lavocedelpaese.info\/index.php\/wp-json\/wp\/v2\/media?parent=2381"}],"wp:term":[{"taxonomy":"category","embeddable":true,"href":"https:\/\/lavocedelpaese.info\/index.php\/wp-json\/wp\/v2\/categories?post=2381"},{"taxonomy":"post_tag","embeddable":true,"href":"https:\/\/lavocedelpaese.info\/index.php\/wp-json\/wp\/v2\/tags?post=2381"}],"curies":[{"name":"wp","href":"https:\/\/api.w.org\/{rel}","templated":true}]}}