{"id":2379,"date":"2024-06-16T22:16:54","date_gmt":"2024-06-16T22:16:54","guid":{"rendered":"https:\/\/lavocedelpaese.info\/?p=2379"},"modified":"2024-06-16T22:16:57","modified_gmt":"2024-06-16T22:16:57","slug":"aggressione-nel-carcere-di-foggia-due-agenti-feriti","status":"publish","type":"post","link":"https:\/\/lavocedelpaese.info\/index.php\/2024\/06\/16\/aggressione-nel-carcere-di-foggia-due-agenti-feriti\/","title":{"rendered":"Aggressione nel Carcere di Foggia: due agenti feriti"},"content":{"rendered":"\n<p>Il recente episodio di aggressione ai danni di due agenti di polizia penitenziaria nel carcere di Foggia, avvenuto il 13 giugno 2024, solleva gravi preoccupazioni riguardo alla sicurezza nelle carceri italiane e alle condizioni di lavoro degli agenti penitenziari. I due agenti, colpiti con calci e pugni da un detenuto, sono stati medicati al policlinico Riuniti e dimessi con una prognosi di sette giorni. Questo episodio rappresenta solo l&#8217;ultimo di una serie di aggressioni che, secondo Federico Pilagatti della segreteria nazionale del Sappe (Sindacato Autonomo Polizia Penitenziaria), stanno peggiorando la situazione gi\u00e0 critica del personale di polizia penitenziaria. Pilagatti ha espresso la sua frustrazione per quello che definisce un &#8220;bollettino di guerra&#8221; che sta ulteriormente riducendo il numero gi\u00e0 insufficiente di agenti, ipotizzando che presto sar\u00e0 necessario far presidiare il carcere dall&#8217;esterno a causa della mancanza di personale.<\/p>\n\n\n\n<p>Il Sappe attribuisce la responsabilit\u00e0 di questa situazione al ministero della Giustizia e al Dipartimento dell&#8217;amministrazione penitenziaria (Dap), accusati di costringere gli agenti a lavorare in condizioni insostenibili, con un numero di detenuti doppio rispetto a quello consentito dalle norme. Il sindacato ha annunciato l&#8217;intenzione di presentare un esposto alla Procura di Foggia contro queste autorit\u00e0, chiedendo che i detenuti che aggrediscono gli agenti penitenziari siano arrestati in flagranza di reato, in conformit\u00e0 agli articoli 336 e 337 del codice penale, come avviene per altre forze di polizia. Secondo il Sappe, questa misura \u00e8 necessaria per porre un freno alle migliaia di aggressioni che ogni anno colpiscono i poliziotti penitenziari.<\/p>\n\n\n\n<p>Le implicazioni di questo episodio sono molteplici e riguardano diversi ambiti. In primo luogo, evidenziano una grave crisi di sicurezza all&#8217;interno delle carceri italiane, dove il sovraffollamento e la carenza di personale mettono a rischio sia la sicurezza degli agenti che quella dei detenuti. La situazione di sovraffollamento non solo rende pi\u00f9 difficile mantenere l&#8217;ordine, ma aumenta anche lo stress e la tensione all&#8217;interno degli istituti penitenziari, creando un ambiente propenso alla violenza.<\/p>\n\n\n\n<p>In secondo luogo, le condizioni di lavoro degli agenti penitenziari sono un problema urgente che richiede interventi immediati. La carenza di personale, unita alla necessit\u00e0 di gestire un numero eccessivo di detenuti, mette a dura prova gli agenti, compromettendo la loro salute fisica e mentale. Questo non solo influisce sulla loro capacit\u00e0 di svolgere il proprio lavoro in modo efficace, ma porta anche a un aumento delle assenze per malattia e, potenzialmente, a un maggiore turnover del personale.<\/p>\n\n\n\n<p>In terzo luogo, l&#8217;episodio mette in luce le responsabilit\u00e0 istituzionali nella gestione delle carceri. Le accuse mosse dal Sappe contro il ministero della Giustizia e il Dap suggeriscono una gestione inadeguata delle risorse e delle politiche penitenziarie. La mancata adozione di misure adeguate per affrontare il sovraffollamento e garantire la sicurezza e il benessere degli agenti e dei detenuti rappresenta una grave lacuna che richiede un&#8217;azione immediata.<\/p>\n\n\n\n<p>Infine, la richiesta del Sappe di arrestare in flagranza di reato i detenuti che aggrediscono gli agenti solleva una questione giuridica e morale. Da un lato, l&#8217;applicazione rigorosa delle leggi penali potrebbe fungere da deterrente per future aggressioni, ma dall&#8217;altro, occorre considerare le condizioni psicologiche e sociali dei detenuti e le dinamiche complesse che portano alla violenza. Una soluzione puramente repressiva potrebbe non essere sufficiente per risolvere il problema alla radice.<\/p>\n\n\n\n<p>Per affrontare queste sfide, sono necessarie diverse misure. In primo luogo, \u00e8 fondamentale aumentare il numero di agenti penitenziari per garantire un rapporto adeguato tra personale e detenuti. Questo richiede investimenti significativi in termini di risorse umane e finanziarie. In secondo luogo, \u00e8 essenziale adottare politiche efficaci per ridurre il sovraffollamento delle carceri, come la promozione di pene alternative e il miglioramento delle condizioni di detenzione. In terzo luogo, devono essere implementati programmi di formazione e supporto per gli agenti penitenziari, al fine di migliorare le loro competenze e fornire loro gli strumenti necessari per gestire situazioni di stress e violenza.<\/p>\n\n\n\n<p>Inoltre, \u00e8 importante avviare un dialogo costruttivo tra le autorit\u00e0 penitenziarie, i sindacati e le organizzazioni della societ\u00e0 civile per sviluppare soluzioni condivise e sostenibili. Solo attraverso un approccio collaborativo e integrato sar\u00e0 possibile affrontare efficacemente le sfide del sistema penitenziario italiano e garantire la sicurezza e il benessere di tutti coloro che vi operano e vi risiedono. In conclusione, l&#8217;aggressione ai due agenti di polizia penitenziaria nel carcere di Foggia \u00e8 un sintomo di problemi pi\u00f9 ampi e complessi che affliggono il sistema carcerario italiano. Le implicazioni di questo episodio vanno oltre il singolo evento, evidenziando la necessit\u00e0 di interventi strutturali e politiche mirate per migliorare la sicurezza, le condizioni di lavoro e la gestione delle carceri. Solo attraverso un impegno congiunto delle istituzioni, dei sindacati e della societ\u00e0 civile sar\u00e0 possibile affrontare queste sfide in modo efficace e duraturo.<\/p>\n","protected":false},"excerpt":{"rendered":"<p>Il recente episodio di aggressione ai danni di due agenti di polizia penitenziaria nel carcere di Foggia, avvenuto il 13<\/p>\n","protected":false},"author":6,"featured_media":2175,"comment_status":"open","ping_status":"closed","sticky":false,"template":"","format":"standard","meta":{"colormag_page_container_layout":"default_layout","colormag_page_sidebar_layout":"default_layout","footnotes":""},"categories":[29,33],"tags":[],"class_list":["post-2379","post","type-post","status-publish","format-standard","has-post-thumbnail","hentry","category-cronaca","category-network"],"yoast_head":"<!-- This site is optimized with the Yoast SEO plugin v27.5 - https:\/\/yoast.com\/product\/yoast-seo-wordpress\/ -->\n<title>Aggressione nel Carcere di Foggia: due agenti feriti - La Voce del Paese<\/title>\n<meta name=\"robots\" content=\"index, follow, max-snippet:-1, max-image-preview:large, max-video-preview:-1\" \/>\n<link rel=\"canonical\" href=\"https:\/\/lavocedelpaese.info\/index.php\/2024\/06\/16\/aggressione-nel-carcere-di-foggia-due-agenti-feriti\/\" \/>\n<meta property=\"og:locale\" content=\"it_IT\" \/>\n<meta property=\"og:type\" content=\"article\" \/>\n<meta property=\"og:title\" content=\"Aggressione nel Carcere di Foggia: due agenti feriti - La Voce del Paese\" \/>\n<meta property=\"og:description\" content=\"Il recente episodio di aggressione ai danni di due agenti di polizia penitenziaria nel carcere di Foggia, avvenuto il 13\" \/>\n<meta property=\"og:url\" content=\"https:\/\/lavocedelpaese.info\/index.php\/2024\/06\/16\/aggressione-nel-carcere-di-foggia-due-agenti-feriti\/\" \/>\n<meta property=\"og:site_name\" content=\"La Voce del Paese\" \/>\n<meta property=\"article:publisher\" content=\"https:\/\/www.facebook.com\/lavocedelpaese.info\" \/>\n<meta property=\"article:published_time\" content=\"2024-06-16T22:16:54+00:00\" \/>\n<meta property=\"article:modified_time\" content=\"2024-06-16T22:16:57+00:00\" \/>\n<meta property=\"og:image\" content=\"https:\/\/lavocedelpaese.info\/wp-content\/uploads\/2024\/06\/carcere.webp\" \/>\n\t<meta property=\"og:image:width\" content=\"1000\" \/>\n\t<meta property=\"og:image:height\" content=\"667\" \/>\n\t<meta property=\"og:image:type\" content=\"image\/webp\" \/>\n<meta name=\"author\" content=\"admin\" \/>\n<meta name=\"twitter:card\" content=\"summary_large_image\" \/>\n<meta name=\"twitter:label1\" content=\"Scritto da\" \/>\n\t<meta name=\"twitter:data1\" content=\"admin\" \/>\n\t<meta name=\"twitter:label2\" content=\"Tempo di lettura stimato\" \/>\n\t<meta name=\"twitter:data2\" content=\"5 minuti\" \/>\n<script type=\"application\/ld+json\" class=\"yoast-schema-graph\">{\"@context\":\"https:\\\/\\\/schema.org\",\"@graph\":[{\"@type\":\"Article\",\"@id\":\"https:\\\/\\\/lavocedelpaese.info\\\/index.php\\\/2024\\\/06\\\/16\\\/aggressione-nel-carcere-di-foggia-due-agenti-feriti\\\/#article\",\"isPartOf\":{\"@id\":\"https:\\\/\\\/lavocedelpaese.info\\\/index.php\\\/2024\\\/06\\\/16\\\/aggressione-nel-carcere-di-foggia-due-agenti-feriti\\\/\"},\"author\":{\"name\":\"admin\",\"@id\":\"https:\\\/\\\/lavocedelpaese.info\\\/#\\\/schema\\\/person\\\/ec151d321306bd7591f7a061abf72d88\"},\"headline\":\"Aggressione nel Carcere di Foggia: due agenti feriti\",\"datePublished\":\"2024-06-16T22:16:54+00:00\",\"dateModified\":\"2024-06-16T22:16:57+00:00\",\"mainEntityOfPage\":{\"@id\":\"https:\\\/\\\/lavocedelpaese.info\\\/index.php\\\/2024\\\/06\\\/16\\\/aggressione-nel-carcere-di-foggia-due-agenti-feriti\\\/\"},\"wordCount\":790,\"commentCount\":0,\"publisher\":{\"@id\":\"https:\\\/\\\/lavocedelpaese.info\\\/#organization\"},\"image\":{\"@id\":\"https:\\\/\\\/lavocedelpaese.info\\\/index.php\\\/2024\\\/06\\\/16\\\/aggressione-nel-carcere-di-foggia-due-agenti-feriti\\\/#primaryimage\"},\"thumbnailUrl\":\"https:\\\/\\\/lavocedelpaese.info\\\/wp-content\\\/uploads\\\/2024\\\/06\\\/carcere.webp\",\"articleSection\":[\"Cronaca\",\"network\"],\"inLanguage\":\"it-IT\",\"potentialAction\":[{\"@type\":\"CommentAction\",\"name\":\"Comment\",\"target\":[\"https:\\\/\\\/lavocedelpaese.info\\\/index.php\\\/2024\\\/06\\\/16\\\/aggressione-nel-carcere-di-foggia-due-agenti-feriti\\\/#respond\"]}]},{\"@type\":\"WebPage\",\"@id\":\"https:\\\/\\\/lavocedelpaese.info\\\/index.php\\\/2024\\\/06\\\/16\\\/aggressione-nel-carcere-di-foggia-due-agenti-feriti\\\/\",\"url\":\"https:\\\/\\\/lavocedelpaese.info\\\/index.php\\\/2024\\\/06\\\/16\\\/aggressione-nel-carcere-di-foggia-due-agenti-feriti\\\/\",\"name\":\"Aggressione nel Carcere di Foggia: due agenti feriti - La Voce del Paese\",\"isPartOf\":{\"@id\":\"https:\\\/\\\/lavocedelpaese.info\\\/#website\"},\"primaryImageOfPage\":{\"@id\":\"https:\\\/\\\/lavocedelpaese.info\\\/index.php\\\/2024\\\/06\\\/16\\\/aggressione-nel-carcere-di-foggia-due-agenti-feriti\\\/#primaryimage\"},\"image\":{\"@id\":\"https:\\\/\\\/lavocedelpaese.info\\\/index.php\\\/2024\\\/06\\\/16\\\/aggressione-nel-carcere-di-foggia-due-agenti-feriti\\\/#primaryimage\"},\"thumbnailUrl\":\"https:\\\/\\\/lavocedelpaese.info\\\/wp-content\\\/uploads\\\/2024\\\/06\\\/carcere.webp\",\"datePublished\":\"2024-06-16T22:16:54+00:00\",\"dateModified\":\"2024-06-16T22:16:57+00:00\",\"breadcrumb\":{\"@id\":\"https:\\\/\\\/lavocedelpaese.info\\\/index.php\\\/2024\\\/06\\\/16\\\/aggressione-nel-carcere-di-foggia-due-agenti-feriti\\\/#breadcrumb\"},\"inLanguage\":\"it-IT\",\"potentialAction\":[{\"@type\":\"ReadAction\",\"target\":[\"https:\\\/\\\/lavocedelpaese.info\\\/index.php\\\/2024\\\/06\\\/16\\\/aggressione-nel-carcere-di-foggia-due-agenti-feriti\\\/\"]}]},{\"@type\":\"ImageObject\",\"inLanguage\":\"it-IT\",\"@id\":\"https:\\\/\\\/lavocedelpaese.info\\\/index.php\\\/2024\\\/06\\\/16\\\/aggressione-nel-carcere-di-foggia-due-agenti-feriti\\\/#primaryimage\",\"url\":\"https:\\\/\\\/lavocedelpaese.info\\\/wp-content\\\/uploads\\\/2024\\\/06\\\/carcere.webp\",\"contentUrl\":\"https:\\\/\\\/lavocedelpaese.info\\\/wp-content\\\/uploads\\\/2024\\\/06\\\/carcere.webp\",\"width\":1000,\"height\":667},{\"@type\":\"BreadcrumbList\",\"@id\":\"https:\\\/\\\/lavocedelpaese.info\\\/index.php\\\/2024\\\/06\\\/16\\\/aggressione-nel-carcere-di-foggia-due-agenti-feriti\\\/#breadcrumb\",\"itemListElement\":[{\"@type\":\"ListItem\",\"position\":1,\"name\":\"Home\",\"item\":\"https:\\\/\\\/lavocedelpaese.info\\\/\"},{\"@type\":\"ListItem\",\"position\":2,\"name\":\"Aggressione nel Carcere di Foggia: due agenti feriti\"}]},{\"@type\":\"WebSite\",\"@id\":\"https:\\\/\\\/lavocedelpaese.info\\\/#website\",\"url\":\"https:\\\/\\\/lavocedelpaese.info\\\/\",\"name\":\"La Voce del Paese\",\"description\":\"Un network di idee\",\"publisher\":{\"@id\":\"https:\\\/\\\/lavocedelpaese.info\\\/#organization\"},\"potentialAction\":[{\"@type\":\"SearchAction\",\"target\":{\"@type\":\"EntryPoint\",\"urlTemplate\":\"https:\\\/\\\/lavocedelpaese.info\\\/?s={search_term_string}\"},\"query-input\":{\"@type\":\"PropertyValueSpecification\",\"valueRequired\":true,\"valueName\":\"search_term_string\"}}],\"inLanguage\":\"it-IT\"},{\"@type\":\"Organization\",\"@id\":\"https:\\\/\\\/lavocedelpaese.info\\\/#organization\",\"name\":\"La Voce del Paese\",\"url\":\"https:\\\/\\\/lavocedelpaese.info\\\/\",\"logo\":{\"@type\":\"ImageObject\",\"inLanguage\":\"it-IT\",\"@id\":\"https:\\\/\\\/lavocedelpaese.info\\\/#\\\/schema\\\/logo\\\/image\\\/\",\"url\":\"https:\\\/\\\/lavocedelpaese.info\\\/wp-content\\\/uploads\\\/2023\\\/01\\\/cropped-logo-150-127.png\",\"contentUrl\":\"https:\\\/\\\/lavocedelpaese.info\\\/wp-content\\\/uploads\\\/2023\\\/01\\\/cropped-logo-150-127.png\",\"width\":137,\"height\":119,\"caption\":\"La Voce del Paese\"},\"image\":{\"@id\":\"https:\\\/\\\/lavocedelpaese.info\\\/#\\\/schema\\\/logo\\\/image\\\/\"},\"sameAs\":[\"https:\\\/\\\/www.facebook.com\\\/lavocedelpaese.info\"]},{\"@type\":\"Person\",\"@id\":\"https:\\\/\\\/lavocedelpaese.info\\\/#\\\/schema\\\/person\\\/ec151d321306bd7591f7a061abf72d88\",\"name\":\"admin\",\"image\":{\"@type\":\"ImageObject\",\"inLanguage\":\"it-IT\",\"@id\":\"https:\\\/\\\/secure.gravatar.com\\\/avatar\\\/af8f2caf0663124588de48a9380e07cbc95a74ef15b8062d0d39106c32fe3023?s=96&d=mm&r=g\",\"url\":\"https:\\\/\\\/secure.gravatar.com\\\/avatar\\\/af8f2caf0663124588de48a9380e07cbc95a74ef15b8062d0d39106c32fe3023?s=96&d=mm&r=g\",\"contentUrl\":\"https:\\\/\\\/secure.gravatar.com\\\/avatar\\\/af8f2caf0663124588de48a9380e07cbc95a74ef15b8062d0d39106c32fe3023?s=96&d=mm&r=g\",\"caption\":\"admin\"},\"sameAs\":[\"https:\\\/\\\/lavocedelpaese.info\"],\"url\":\"https:\\\/\\\/lavocedelpaese.info\\\/index.php\\\/author\\\/admin\\\/\"}]}<\/script>\n<!-- \/ Yoast SEO plugin. -->","yoast_head_json":{"title":"Aggressione nel Carcere di Foggia: due agenti feriti - La Voce del Paese","robots":{"index":"index","follow":"follow","max-snippet":"max-snippet:-1","max-image-preview":"max-image-preview:large","max-video-preview":"max-video-preview:-1"},"canonical":"https:\/\/lavocedelpaese.info\/index.php\/2024\/06\/16\/aggressione-nel-carcere-di-foggia-due-agenti-feriti\/","og_locale":"it_IT","og_type":"article","og_title":"Aggressione nel Carcere di Foggia: due agenti feriti - La Voce del Paese","og_description":"Il recente episodio di aggressione ai danni di due agenti di polizia penitenziaria nel carcere di Foggia, avvenuto il 13","og_url":"https:\/\/lavocedelpaese.info\/index.php\/2024\/06\/16\/aggressione-nel-carcere-di-foggia-due-agenti-feriti\/","og_site_name":"La Voce del Paese","article_publisher":"https:\/\/www.facebook.com\/lavocedelpaese.info","article_published_time":"2024-06-16T22:16:54+00:00","article_modified_time":"2024-06-16T22:16:57+00:00","og_image":[{"width":1000,"height":667,"url":"https:\/\/lavocedelpaese.info\/wp-content\/uploads\/2024\/06\/carcere.webp","type":"image\/webp"}],"author":"admin","twitter_card":"summary_large_image","twitter_misc":{"Scritto da":"admin","Tempo di lettura stimato":"5 minuti"},"schema":{"@context":"https:\/\/schema.org","@graph":[{"@type":"Article","@id":"https:\/\/lavocedelpaese.info\/index.php\/2024\/06\/16\/aggressione-nel-carcere-di-foggia-due-agenti-feriti\/#article","isPartOf":{"@id":"https:\/\/lavocedelpaese.info\/index.php\/2024\/06\/16\/aggressione-nel-carcere-di-foggia-due-agenti-feriti\/"},"author":{"name":"admin","@id":"https:\/\/lavocedelpaese.info\/#\/schema\/person\/ec151d321306bd7591f7a061abf72d88"},"headline":"Aggressione nel Carcere di Foggia: due agenti feriti","datePublished":"2024-06-16T22:16:54+00:00","dateModified":"2024-06-16T22:16:57+00:00","mainEntityOfPage":{"@id":"https:\/\/lavocedelpaese.info\/index.php\/2024\/06\/16\/aggressione-nel-carcere-di-foggia-due-agenti-feriti\/"},"wordCount":790,"commentCount":0,"publisher":{"@id":"https:\/\/lavocedelpaese.info\/#organization"},"image":{"@id":"https:\/\/lavocedelpaese.info\/index.php\/2024\/06\/16\/aggressione-nel-carcere-di-foggia-due-agenti-feriti\/#primaryimage"},"thumbnailUrl":"https:\/\/lavocedelpaese.info\/wp-content\/uploads\/2024\/06\/carcere.webp","articleSection":["Cronaca","network"],"inLanguage":"it-IT","potentialAction":[{"@type":"CommentAction","name":"Comment","target":["https:\/\/lavocedelpaese.info\/index.php\/2024\/06\/16\/aggressione-nel-carcere-di-foggia-due-agenti-feriti\/#respond"]}]},{"@type":"WebPage","@id":"https:\/\/lavocedelpaese.info\/index.php\/2024\/06\/16\/aggressione-nel-carcere-di-foggia-due-agenti-feriti\/","url":"https:\/\/lavocedelpaese.info\/index.php\/2024\/06\/16\/aggressione-nel-carcere-di-foggia-due-agenti-feriti\/","name":"Aggressione nel Carcere di Foggia: due agenti feriti - La Voce del Paese","isPartOf":{"@id":"https:\/\/lavocedelpaese.info\/#website"},"primaryImageOfPage":{"@id":"https:\/\/lavocedelpaese.info\/index.php\/2024\/06\/16\/aggressione-nel-carcere-di-foggia-due-agenti-feriti\/#primaryimage"},"image":{"@id":"https:\/\/lavocedelpaese.info\/index.php\/2024\/06\/16\/aggressione-nel-carcere-di-foggia-due-agenti-feriti\/#primaryimage"},"thumbnailUrl":"https:\/\/lavocedelpaese.info\/wp-content\/uploads\/2024\/06\/carcere.webp","datePublished":"2024-06-16T22:16:54+00:00","dateModified":"2024-06-16T22:16:57+00:00","breadcrumb":{"@id":"https:\/\/lavocedelpaese.info\/index.php\/2024\/06\/16\/aggressione-nel-carcere-di-foggia-due-agenti-feriti\/#breadcrumb"},"inLanguage":"it-IT","potentialAction":[{"@type":"ReadAction","target":["https:\/\/lavocedelpaese.info\/index.php\/2024\/06\/16\/aggressione-nel-carcere-di-foggia-due-agenti-feriti\/"]}]},{"@type":"ImageObject","inLanguage":"it-IT","@id":"https:\/\/lavocedelpaese.info\/index.php\/2024\/06\/16\/aggressione-nel-carcere-di-foggia-due-agenti-feriti\/#primaryimage","url":"https:\/\/lavocedelpaese.info\/wp-content\/uploads\/2024\/06\/carcere.webp","contentUrl":"https:\/\/lavocedelpaese.info\/wp-content\/uploads\/2024\/06\/carcere.webp","width":1000,"height":667},{"@type":"BreadcrumbList","@id":"https:\/\/lavocedelpaese.info\/index.php\/2024\/06\/16\/aggressione-nel-carcere-di-foggia-due-agenti-feriti\/#breadcrumb","itemListElement":[{"@type":"ListItem","position":1,"name":"Home","item":"https:\/\/lavocedelpaese.info\/"},{"@type":"ListItem","position":2,"name":"Aggressione nel Carcere di Foggia: due agenti feriti"}]},{"@type":"WebSite","@id":"https:\/\/lavocedelpaese.info\/#website","url":"https:\/\/lavocedelpaese.info\/","name":"La Voce del Paese","description":"Un network di idee","publisher":{"@id":"https:\/\/lavocedelpaese.info\/#organization"},"potentialAction":[{"@type":"SearchAction","target":{"@type":"EntryPoint","urlTemplate":"https:\/\/lavocedelpaese.info\/?s={search_term_string}"},"query-input":{"@type":"PropertyValueSpecification","valueRequired":true,"valueName":"search_term_string"}}],"inLanguage":"it-IT"},{"@type":"Organization","@id":"https:\/\/lavocedelpaese.info\/#organization","name":"La Voce del Paese","url":"https:\/\/lavocedelpaese.info\/","logo":{"@type":"ImageObject","inLanguage":"it-IT","@id":"https:\/\/lavocedelpaese.info\/#\/schema\/logo\/image\/","url":"https:\/\/lavocedelpaese.info\/wp-content\/uploads\/2023\/01\/cropped-logo-150-127.png","contentUrl":"https:\/\/lavocedelpaese.info\/wp-content\/uploads\/2023\/01\/cropped-logo-150-127.png","width":137,"height":119,"caption":"La Voce del Paese"},"image":{"@id":"https:\/\/lavocedelpaese.info\/#\/schema\/logo\/image\/"},"sameAs":["https:\/\/www.facebook.com\/lavocedelpaese.info"]},{"@type":"Person","@id":"https:\/\/lavocedelpaese.info\/#\/schema\/person\/ec151d321306bd7591f7a061abf72d88","name":"admin","image":{"@type":"ImageObject","inLanguage":"it-IT","@id":"https:\/\/secure.gravatar.com\/avatar\/af8f2caf0663124588de48a9380e07cbc95a74ef15b8062d0d39106c32fe3023?s=96&d=mm&r=g","url":"https:\/\/secure.gravatar.com\/avatar\/af8f2caf0663124588de48a9380e07cbc95a74ef15b8062d0d39106c32fe3023?s=96&d=mm&r=g","contentUrl":"https:\/\/secure.gravatar.com\/avatar\/af8f2caf0663124588de48a9380e07cbc95a74ef15b8062d0d39106c32fe3023?s=96&d=mm&r=g","caption":"admin"},"sameAs":["https:\/\/lavocedelpaese.info"],"url":"https:\/\/lavocedelpaese.info\/index.php\/author\/admin\/"}]}},"_links":{"self":[{"href":"https:\/\/lavocedelpaese.info\/index.php\/wp-json\/wp\/v2\/posts\/2379","targetHints":{"allow":["GET"]}}],"collection":[{"href":"https:\/\/lavocedelpaese.info\/index.php\/wp-json\/wp\/v2\/posts"}],"about":[{"href":"https:\/\/lavocedelpaese.info\/index.php\/wp-json\/wp\/v2\/types\/post"}],"author":[{"embeddable":true,"href":"https:\/\/lavocedelpaese.info\/index.php\/wp-json\/wp\/v2\/users\/6"}],"replies":[{"embeddable":true,"href":"https:\/\/lavocedelpaese.info\/index.php\/wp-json\/wp\/v2\/comments?post=2379"}],"version-history":[{"count":1,"href":"https:\/\/lavocedelpaese.info\/index.php\/wp-json\/wp\/v2\/posts\/2379\/revisions"}],"predecessor-version":[{"id":2380,"href":"https:\/\/lavocedelpaese.info\/index.php\/wp-json\/wp\/v2\/posts\/2379\/revisions\/2380"}],"wp:featuredmedia":[{"embeddable":true,"href":"https:\/\/lavocedelpaese.info\/index.php\/wp-json\/wp\/v2\/media\/2175"}],"wp:attachment":[{"href":"https:\/\/lavocedelpaese.info\/index.php\/wp-json\/wp\/v2\/media?parent=2379"}],"wp:term":[{"taxonomy":"category","embeddable":true,"href":"https:\/\/lavocedelpaese.info\/index.php\/wp-json\/wp\/v2\/categories?post=2379"},{"taxonomy":"post_tag","embeddable":true,"href":"https:\/\/lavocedelpaese.info\/index.php\/wp-json\/wp\/v2\/tags?post=2379"}],"curies":[{"name":"wp","href":"https:\/\/api.w.org\/{rel}","templated":true}]}}