{"id":2376,"date":"2024-06-16T22:14:05","date_gmt":"2024-06-16T22:14:05","guid":{"rendered":"https:\/\/lavocedelpaese.info\/?p=2376"},"modified":"2024-06-16T22:14:06","modified_gmt":"2024-06-16T22:14:06","slug":"arrestato-ad-andria-27enne-guineano-per-aggressione","status":"publish","type":"post","link":"https:\/\/lavocedelpaese.info\/index.php\/2024\/06\/16\/arrestato-ad-andria-27enne-guineano-per-aggressione\/","title":{"rendered":"Arrestato ad Andria 27enne guineano per aggressione"},"content":{"rendered":"\n<p>Negli ultimi dodici mesi, Andria \u00e8 stata teatro di violenze apparentemente senza motivo, con un 27enne guineano che ha aggredito tre passanti, tra cui due donne e un uomo. Questi episodi di violenza gratuita, iniziati nel marzo 2023, hanno seminato paura e insicurezza tra i cittadini. Il giovane aggressore, identificato grazie all&#8217;analisi dei sistemi di videosorveglianza, \u00e8 stato arrestato solo di recente, dopo che la Procura di Trani ha emesso un&#8217;ordinanza di custodia cautelare.<\/p>\n\n\n\n<p>Le aggressioni hanno creato un clima di insicurezza nella citt\u00e0 di Andria. I cittadini, soprattutto quelli che frequentano le zone dove sono avvenuti gli attacchi, potrebbero sviluppare una percezione di vulnerabilit\u00e0 e paura, riducendo la loro propensione a muoversi liberamente. Le vittime dirette delle aggressioni avranno bisogno di supporto psicologico per superare il trauma, e l&#8217;intera comunit\u00e0 potrebbe dover affrontare un periodo di ricostruzione della fiducia nella sicurezza pubblica.<\/p>\n\n\n\n<p>L&#8217;arresto del 27enne e le accuse di lesioni pluriaggravate e minacce a pubblico ufficiale sollevano importanti questioni legali. Il fatto che l&#8217;uomo sia stato lasciato libero inizialmente perch\u00e9 non colto in flagranza di reato evidenzia una possibile lacuna nel sistema giudiziario riguardo alla gestione di individui potenzialmente pericolosi. Questo caso potrebbe portare a una revisione delle procedure legali per accelerare le misure cautelari in situazioni simili.<\/p>\n\n\n\n<p>L&#8217;identificazione e l&#8217;arresto del colpevole sono stati possibili grazie all&#8217;uso delle videocamere di sorveglianza, sottolineando l&#8217;importanza di tali strumenti nella prevenzione e risoluzione dei crimini. Tuttavia, l&#8217;incapacit\u00e0 di prevenire ulteriori attacchi nei mesi seguenti solleva interrogativi sull&#8217;efficacia delle pattuglie e della presenza delle forze dell&#8217;ordine nelle aree pi\u00f9 a rischio. Questo potrebbe portare a un aumento delle risorse destinate alla polizia e a una maggiore installazione di telecamere di sicurezza.<\/p>\n\n\n\n<p>Dato che l&#8217;aggressore \u00e8 un cittadino guineano, il caso potrebbe alimentare dibattiti sulle politiche di immigrazione e l&#8217;integrazione degli stranieri. Se non gestito con attenzione, potrebbe essere strumentalizzato per fomentare sentimenti xenofobi e discriminatori. \u00c8 essenziale che le autorit\u00e0 e i media trattino il caso con sensibilit\u00e0, sottolineando che il comportamento criminale di un singolo individuo non rappresenta una comunit\u00e0 intera.<\/p>\n\n\n\n<p>L&#8217;arresto del giovane evidenzia anche la necessit\u00e0 di un maggiore supporto per la salute mentale. Le sue azioni potrebbero essere il risultato di problemi psicologici non trattati. Questo caso potrebbe stimolare una maggiore attenzione e investimenti nei servizi di salute mentale, sia per i cittadini italiani che per gli immigrati, per prevenire simili tragedie in futuro.<\/p>\n\n\n\n<p>Infine, l&#8217;arresto del cittadino guineano potrebbe richiedere una collaborazione tra le autorit\u00e0 italiane e guineane. Questo include la verifica dei precedenti del 27enne nel suo paese d&#8217;origine e la collaborazione su eventuali procedure di rimpatrio, se ritenute appropriate. La cooperazione internazionale pu\u00f2 anche giocare un ruolo importante nel fornire supporto alle famiglie dei migranti e nell&#8217;assicurare che i diritti umani siano rispettati durante tutto il processo legale.<\/p>\n\n\n\n<p>In sintesi, l&#8217;arresto del 27enne ad Andria ha numerose implicazioni sociali, legali, di sicurezza pubblica, di politica dell&#8217;immigrazione, sanitarie e internazionali. Questo caso potrebbe portare a cambiamenti significativi nelle politiche locali e nazionali, influenzando diversi aspetti della vita comunitaria e del sistema di giustizia penale.<\/p>\n","protected":false},"excerpt":{"rendered":"<p>Negli ultimi dodici mesi, Andria \u00e8 stata teatro di violenze apparentemente senza motivo, con un 27enne guineano che ha aggredito<\/p>\n","protected":false},"author":6,"featured_media":2377,"comment_status":"open","ping_status":"closed","sticky":false,"template":"","format":"standard","meta":{"colormag_page_container_layout":"default_layout","colormag_page_sidebar_layout":"default_layout","footnotes":""},"categories":[29,33],"tags":[],"class_list":["post-2376","post","type-post","status-publish","format-standard","has-post-thumbnail","hentry","category-cronaca","category-network"],"yoast_head":"<!-- This site is optimized with the Yoast SEO plugin v27.5 - https:\/\/yoast.com\/product\/yoast-seo-wordpress\/ -->\n<title>Arrestato ad Andria 27enne guineano per aggressione - La Voce del Paese<\/title>\n<meta name=\"robots\" content=\"index, follow, max-snippet:-1, max-image-preview:large, max-video-preview:-1\" \/>\n<link rel=\"canonical\" href=\"https:\/\/lavocedelpaese.info\/index.php\/2024\/06\/16\/arrestato-ad-andria-27enne-guineano-per-aggressione\/\" \/>\n<meta property=\"og:locale\" content=\"it_IT\" \/>\n<meta property=\"og:type\" content=\"article\" \/>\n<meta property=\"og:title\" content=\"Arrestato ad Andria 27enne guineano per aggressione - La Voce del Paese\" \/>\n<meta property=\"og:description\" content=\"Negli ultimi dodici mesi, Andria \u00e8 stata teatro di violenze apparentemente senza motivo, con un 27enne guineano che ha aggredito\" \/>\n<meta property=\"og:url\" content=\"https:\/\/lavocedelpaese.info\/index.php\/2024\/06\/16\/arrestato-ad-andria-27enne-guineano-per-aggressione\/\" \/>\n<meta property=\"og:site_name\" content=\"La Voce del Paese\" \/>\n<meta property=\"article:publisher\" content=\"https:\/\/www.facebook.com\/lavocedelpaese.info\" \/>\n<meta property=\"article:published_time\" content=\"2024-06-16T22:14:05+00:00\" \/>\n<meta property=\"article:modified_time\" content=\"2024-06-16T22:14:06+00:00\" \/>\n<meta property=\"og:image\" content=\"https:\/\/lavocedelpaese.info\/wp-content\/uploads\/2024\/06\/arresto-cc.jpg\" \/>\n\t<meta property=\"og:image:width\" content=\"1000\" \/>\n\t<meta property=\"og:image:height\" content=\"596\" \/>\n\t<meta property=\"og:image:type\" content=\"image\/jpeg\" \/>\n<meta name=\"author\" content=\"admin\" \/>\n<meta name=\"twitter:card\" content=\"summary_large_image\" \/>\n<meta name=\"twitter:label1\" content=\"Scritto da\" \/>\n\t<meta name=\"twitter:data1\" content=\"admin\" \/>\n\t<meta name=\"twitter:label2\" content=\"Tempo di lettura stimato\" \/>\n\t<meta name=\"twitter:data2\" content=\"3 minuti\" \/>\n<script type=\"application\/ld+json\" class=\"yoast-schema-graph\">{\"@context\":\"https:\\\/\\\/schema.org\",\"@graph\":[{\"@type\":\"Article\",\"@id\":\"https:\\\/\\\/lavocedelpaese.info\\\/index.php\\\/2024\\\/06\\\/16\\\/arrestato-ad-andria-27enne-guineano-per-aggressione\\\/#article\",\"isPartOf\":{\"@id\":\"https:\\\/\\\/lavocedelpaese.info\\\/index.php\\\/2024\\\/06\\\/16\\\/arrestato-ad-andria-27enne-guineano-per-aggressione\\\/\"},\"author\":{\"name\":\"admin\",\"@id\":\"https:\\\/\\\/lavocedelpaese.info\\\/#\\\/schema\\\/person\\\/ec151d321306bd7591f7a061abf72d88\"},\"headline\":\"Arrestato ad Andria 27enne guineano per aggressione\",\"datePublished\":\"2024-06-16T22:14:05+00:00\",\"dateModified\":\"2024-06-16T22:14:06+00:00\",\"mainEntityOfPage\":{\"@id\":\"https:\\\/\\\/lavocedelpaese.info\\\/index.php\\\/2024\\\/06\\\/16\\\/arrestato-ad-andria-27enne-guineano-per-aggressione\\\/\"},\"wordCount\":530,\"commentCount\":0,\"publisher\":{\"@id\":\"https:\\\/\\\/lavocedelpaese.info\\\/#organization\"},\"image\":{\"@id\":\"https:\\\/\\\/lavocedelpaese.info\\\/index.php\\\/2024\\\/06\\\/16\\\/arrestato-ad-andria-27enne-guineano-per-aggressione\\\/#primaryimage\"},\"thumbnailUrl\":\"https:\\\/\\\/lavocedelpaese.info\\\/wp-content\\\/uploads\\\/2024\\\/06\\\/arresto-cc.jpg\",\"articleSection\":[\"Cronaca\",\"network\"],\"inLanguage\":\"it-IT\",\"potentialAction\":[{\"@type\":\"CommentAction\",\"name\":\"Comment\",\"target\":[\"https:\\\/\\\/lavocedelpaese.info\\\/index.php\\\/2024\\\/06\\\/16\\\/arrestato-ad-andria-27enne-guineano-per-aggressione\\\/#respond\"]}]},{\"@type\":\"WebPage\",\"@id\":\"https:\\\/\\\/lavocedelpaese.info\\\/index.php\\\/2024\\\/06\\\/16\\\/arrestato-ad-andria-27enne-guineano-per-aggressione\\\/\",\"url\":\"https:\\\/\\\/lavocedelpaese.info\\\/index.php\\\/2024\\\/06\\\/16\\\/arrestato-ad-andria-27enne-guineano-per-aggressione\\\/\",\"name\":\"Arrestato ad Andria 27enne guineano per aggressione - La Voce del Paese\",\"isPartOf\":{\"@id\":\"https:\\\/\\\/lavocedelpaese.info\\\/#website\"},\"primaryImageOfPage\":{\"@id\":\"https:\\\/\\\/lavocedelpaese.info\\\/index.php\\\/2024\\\/06\\\/16\\\/arrestato-ad-andria-27enne-guineano-per-aggressione\\\/#primaryimage\"},\"image\":{\"@id\":\"https:\\\/\\\/lavocedelpaese.info\\\/index.php\\\/2024\\\/06\\\/16\\\/arrestato-ad-andria-27enne-guineano-per-aggressione\\\/#primaryimage\"},\"thumbnailUrl\":\"https:\\\/\\\/lavocedelpaese.info\\\/wp-content\\\/uploads\\\/2024\\\/06\\\/arresto-cc.jpg\",\"datePublished\":\"2024-06-16T22:14:05+00:00\",\"dateModified\":\"2024-06-16T22:14:06+00:00\",\"breadcrumb\":{\"@id\":\"https:\\\/\\\/lavocedelpaese.info\\\/index.php\\\/2024\\\/06\\\/16\\\/arrestato-ad-andria-27enne-guineano-per-aggressione\\\/#breadcrumb\"},\"inLanguage\":\"it-IT\",\"potentialAction\":[{\"@type\":\"ReadAction\",\"target\":[\"https:\\\/\\\/lavocedelpaese.info\\\/index.php\\\/2024\\\/06\\\/16\\\/arrestato-ad-andria-27enne-guineano-per-aggressione\\\/\"]}]},{\"@type\":\"ImageObject\",\"inLanguage\":\"it-IT\",\"@id\":\"https:\\\/\\\/lavocedelpaese.info\\\/index.php\\\/2024\\\/06\\\/16\\\/arrestato-ad-andria-27enne-guineano-per-aggressione\\\/#primaryimage\",\"url\":\"https:\\\/\\\/lavocedelpaese.info\\\/wp-content\\\/uploads\\\/2024\\\/06\\\/arresto-cc.jpg\",\"contentUrl\":\"https:\\\/\\\/lavocedelpaese.info\\\/wp-content\\\/uploads\\\/2024\\\/06\\\/arresto-cc.jpg\",\"width\":1000,\"height\":596},{\"@type\":\"BreadcrumbList\",\"@id\":\"https:\\\/\\\/lavocedelpaese.info\\\/index.php\\\/2024\\\/06\\\/16\\\/arrestato-ad-andria-27enne-guineano-per-aggressione\\\/#breadcrumb\",\"itemListElement\":[{\"@type\":\"ListItem\",\"position\":1,\"name\":\"Home\",\"item\":\"https:\\\/\\\/lavocedelpaese.info\\\/\"},{\"@type\":\"ListItem\",\"position\":2,\"name\":\"Arrestato ad Andria 27enne guineano per aggressione\"}]},{\"@type\":\"WebSite\",\"@id\":\"https:\\\/\\\/lavocedelpaese.info\\\/#website\",\"url\":\"https:\\\/\\\/lavocedelpaese.info\\\/\",\"name\":\"La Voce del Paese\",\"description\":\"Un network di idee\",\"publisher\":{\"@id\":\"https:\\\/\\\/lavocedelpaese.info\\\/#organization\"},\"potentialAction\":[{\"@type\":\"SearchAction\",\"target\":{\"@type\":\"EntryPoint\",\"urlTemplate\":\"https:\\\/\\\/lavocedelpaese.info\\\/?s={search_term_string}\"},\"query-input\":{\"@type\":\"PropertyValueSpecification\",\"valueRequired\":true,\"valueName\":\"search_term_string\"}}],\"inLanguage\":\"it-IT\"},{\"@type\":\"Organization\",\"@id\":\"https:\\\/\\\/lavocedelpaese.info\\\/#organization\",\"name\":\"La Voce del Paese\",\"url\":\"https:\\\/\\\/lavocedelpaese.info\\\/\",\"logo\":{\"@type\":\"ImageObject\",\"inLanguage\":\"it-IT\",\"@id\":\"https:\\\/\\\/lavocedelpaese.info\\\/#\\\/schema\\\/logo\\\/image\\\/\",\"url\":\"https:\\\/\\\/lavocedelpaese.info\\\/wp-content\\\/uploads\\\/2023\\\/01\\\/cropped-logo-150-127.png\",\"contentUrl\":\"https:\\\/\\\/lavocedelpaese.info\\\/wp-content\\\/uploads\\\/2023\\\/01\\\/cropped-logo-150-127.png\",\"width\":137,\"height\":119,\"caption\":\"La Voce del Paese\"},\"image\":{\"@id\":\"https:\\\/\\\/lavocedelpaese.info\\\/#\\\/schema\\\/logo\\\/image\\\/\"},\"sameAs\":[\"https:\\\/\\\/www.facebook.com\\\/lavocedelpaese.info\"]},{\"@type\":\"Person\",\"@id\":\"https:\\\/\\\/lavocedelpaese.info\\\/#\\\/schema\\\/person\\\/ec151d321306bd7591f7a061abf72d88\",\"name\":\"admin\",\"image\":{\"@type\":\"ImageObject\",\"inLanguage\":\"it-IT\",\"@id\":\"https:\\\/\\\/secure.gravatar.com\\\/avatar\\\/af8f2caf0663124588de48a9380e07cbc95a74ef15b8062d0d39106c32fe3023?s=96&d=mm&r=g\",\"url\":\"https:\\\/\\\/secure.gravatar.com\\\/avatar\\\/af8f2caf0663124588de48a9380e07cbc95a74ef15b8062d0d39106c32fe3023?s=96&d=mm&r=g\",\"contentUrl\":\"https:\\\/\\\/secure.gravatar.com\\\/avatar\\\/af8f2caf0663124588de48a9380e07cbc95a74ef15b8062d0d39106c32fe3023?s=96&d=mm&r=g\",\"caption\":\"admin\"},\"sameAs\":[\"https:\\\/\\\/lavocedelpaese.info\"],\"url\":\"https:\\\/\\\/lavocedelpaese.info\\\/index.php\\\/author\\\/admin\\\/\"}]}<\/script>\n<!-- \/ Yoast SEO plugin. -->","yoast_head_json":{"title":"Arrestato ad Andria 27enne guineano per aggressione - La Voce del Paese","robots":{"index":"index","follow":"follow","max-snippet":"max-snippet:-1","max-image-preview":"max-image-preview:large","max-video-preview":"max-video-preview:-1"},"canonical":"https:\/\/lavocedelpaese.info\/index.php\/2024\/06\/16\/arrestato-ad-andria-27enne-guineano-per-aggressione\/","og_locale":"it_IT","og_type":"article","og_title":"Arrestato ad Andria 27enne guineano per aggressione - La Voce del Paese","og_description":"Negli ultimi dodici mesi, Andria \u00e8 stata teatro di violenze apparentemente senza motivo, con un 27enne guineano che ha aggredito","og_url":"https:\/\/lavocedelpaese.info\/index.php\/2024\/06\/16\/arrestato-ad-andria-27enne-guineano-per-aggressione\/","og_site_name":"La Voce del Paese","article_publisher":"https:\/\/www.facebook.com\/lavocedelpaese.info","article_published_time":"2024-06-16T22:14:05+00:00","article_modified_time":"2024-06-16T22:14:06+00:00","og_image":[{"width":1000,"height":596,"url":"https:\/\/lavocedelpaese.info\/wp-content\/uploads\/2024\/06\/arresto-cc.jpg","type":"image\/jpeg"}],"author":"admin","twitter_card":"summary_large_image","twitter_misc":{"Scritto da":"admin","Tempo di lettura stimato":"3 minuti"},"schema":{"@context":"https:\/\/schema.org","@graph":[{"@type":"Article","@id":"https:\/\/lavocedelpaese.info\/index.php\/2024\/06\/16\/arrestato-ad-andria-27enne-guineano-per-aggressione\/#article","isPartOf":{"@id":"https:\/\/lavocedelpaese.info\/index.php\/2024\/06\/16\/arrestato-ad-andria-27enne-guineano-per-aggressione\/"},"author":{"name":"admin","@id":"https:\/\/lavocedelpaese.info\/#\/schema\/person\/ec151d321306bd7591f7a061abf72d88"},"headline":"Arrestato ad Andria 27enne guineano per aggressione","datePublished":"2024-06-16T22:14:05+00:00","dateModified":"2024-06-16T22:14:06+00:00","mainEntityOfPage":{"@id":"https:\/\/lavocedelpaese.info\/index.php\/2024\/06\/16\/arrestato-ad-andria-27enne-guineano-per-aggressione\/"},"wordCount":530,"commentCount":0,"publisher":{"@id":"https:\/\/lavocedelpaese.info\/#organization"},"image":{"@id":"https:\/\/lavocedelpaese.info\/index.php\/2024\/06\/16\/arrestato-ad-andria-27enne-guineano-per-aggressione\/#primaryimage"},"thumbnailUrl":"https:\/\/lavocedelpaese.info\/wp-content\/uploads\/2024\/06\/arresto-cc.jpg","articleSection":["Cronaca","network"],"inLanguage":"it-IT","potentialAction":[{"@type":"CommentAction","name":"Comment","target":["https:\/\/lavocedelpaese.info\/index.php\/2024\/06\/16\/arrestato-ad-andria-27enne-guineano-per-aggressione\/#respond"]}]},{"@type":"WebPage","@id":"https:\/\/lavocedelpaese.info\/index.php\/2024\/06\/16\/arrestato-ad-andria-27enne-guineano-per-aggressione\/","url":"https:\/\/lavocedelpaese.info\/index.php\/2024\/06\/16\/arrestato-ad-andria-27enne-guineano-per-aggressione\/","name":"Arrestato ad Andria 27enne guineano per aggressione - La Voce del Paese","isPartOf":{"@id":"https:\/\/lavocedelpaese.info\/#website"},"primaryImageOfPage":{"@id":"https:\/\/lavocedelpaese.info\/index.php\/2024\/06\/16\/arrestato-ad-andria-27enne-guineano-per-aggressione\/#primaryimage"},"image":{"@id":"https:\/\/lavocedelpaese.info\/index.php\/2024\/06\/16\/arrestato-ad-andria-27enne-guineano-per-aggressione\/#primaryimage"},"thumbnailUrl":"https:\/\/lavocedelpaese.info\/wp-content\/uploads\/2024\/06\/arresto-cc.jpg","datePublished":"2024-06-16T22:14:05+00:00","dateModified":"2024-06-16T22:14:06+00:00","breadcrumb":{"@id":"https:\/\/lavocedelpaese.info\/index.php\/2024\/06\/16\/arrestato-ad-andria-27enne-guineano-per-aggressione\/#breadcrumb"},"inLanguage":"it-IT","potentialAction":[{"@type":"ReadAction","target":["https:\/\/lavocedelpaese.info\/index.php\/2024\/06\/16\/arrestato-ad-andria-27enne-guineano-per-aggressione\/"]}]},{"@type":"ImageObject","inLanguage":"it-IT","@id":"https:\/\/lavocedelpaese.info\/index.php\/2024\/06\/16\/arrestato-ad-andria-27enne-guineano-per-aggressione\/#primaryimage","url":"https:\/\/lavocedelpaese.info\/wp-content\/uploads\/2024\/06\/arresto-cc.jpg","contentUrl":"https:\/\/lavocedelpaese.info\/wp-content\/uploads\/2024\/06\/arresto-cc.jpg","width":1000,"height":596},{"@type":"BreadcrumbList","@id":"https:\/\/lavocedelpaese.info\/index.php\/2024\/06\/16\/arrestato-ad-andria-27enne-guineano-per-aggressione\/#breadcrumb","itemListElement":[{"@type":"ListItem","position":1,"name":"Home","item":"https:\/\/lavocedelpaese.info\/"},{"@type":"ListItem","position":2,"name":"Arrestato ad Andria 27enne guineano per aggressione"}]},{"@type":"WebSite","@id":"https:\/\/lavocedelpaese.info\/#website","url":"https:\/\/lavocedelpaese.info\/","name":"La Voce del Paese","description":"Un network di idee","publisher":{"@id":"https:\/\/lavocedelpaese.info\/#organization"},"potentialAction":[{"@type":"SearchAction","target":{"@type":"EntryPoint","urlTemplate":"https:\/\/lavocedelpaese.info\/?s={search_term_string}"},"query-input":{"@type":"PropertyValueSpecification","valueRequired":true,"valueName":"search_term_string"}}],"inLanguage":"it-IT"},{"@type":"Organization","@id":"https:\/\/lavocedelpaese.info\/#organization","name":"La Voce del Paese","url":"https:\/\/lavocedelpaese.info\/","logo":{"@type":"ImageObject","inLanguage":"it-IT","@id":"https:\/\/lavocedelpaese.info\/#\/schema\/logo\/image\/","url":"https:\/\/lavocedelpaese.info\/wp-content\/uploads\/2023\/01\/cropped-logo-150-127.png","contentUrl":"https:\/\/lavocedelpaese.info\/wp-content\/uploads\/2023\/01\/cropped-logo-150-127.png","width":137,"height":119,"caption":"La Voce del Paese"},"image":{"@id":"https:\/\/lavocedelpaese.info\/#\/schema\/logo\/image\/"},"sameAs":["https:\/\/www.facebook.com\/lavocedelpaese.info"]},{"@type":"Person","@id":"https:\/\/lavocedelpaese.info\/#\/schema\/person\/ec151d321306bd7591f7a061abf72d88","name":"admin","image":{"@type":"ImageObject","inLanguage":"it-IT","@id":"https:\/\/secure.gravatar.com\/avatar\/af8f2caf0663124588de48a9380e07cbc95a74ef15b8062d0d39106c32fe3023?s=96&d=mm&r=g","url":"https:\/\/secure.gravatar.com\/avatar\/af8f2caf0663124588de48a9380e07cbc95a74ef15b8062d0d39106c32fe3023?s=96&d=mm&r=g","contentUrl":"https:\/\/secure.gravatar.com\/avatar\/af8f2caf0663124588de48a9380e07cbc95a74ef15b8062d0d39106c32fe3023?s=96&d=mm&r=g","caption":"admin"},"sameAs":["https:\/\/lavocedelpaese.info"],"url":"https:\/\/lavocedelpaese.info\/index.php\/author\/admin\/"}]}},"_links":{"self":[{"href":"https:\/\/lavocedelpaese.info\/index.php\/wp-json\/wp\/v2\/posts\/2376","targetHints":{"allow":["GET"]}}],"collection":[{"href":"https:\/\/lavocedelpaese.info\/index.php\/wp-json\/wp\/v2\/posts"}],"about":[{"href":"https:\/\/lavocedelpaese.info\/index.php\/wp-json\/wp\/v2\/types\/post"}],"author":[{"embeddable":true,"href":"https:\/\/lavocedelpaese.info\/index.php\/wp-json\/wp\/v2\/users\/6"}],"replies":[{"embeddable":true,"href":"https:\/\/lavocedelpaese.info\/index.php\/wp-json\/wp\/v2\/comments?post=2376"}],"version-history":[{"count":1,"href":"https:\/\/lavocedelpaese.info\/index.php\/wp-json\/wp\/v2\/posts\/2376\/revisions"}],"predecessor-version":[{"id":2378,"href":"https:\/\/lavocedelpaese.info\/index.php\/wp-json\/wp\/v2\/posts\/2376\/revisions\/2378"}],"wp:featuredmedia":[{"embeddable":true,"href":"https:\/\/lavocedelpaese.info\/index.php\/wp-json\/wp\/v2\/media\/2377"}],"wp:attachment":[{"href":"https:\/\/lavocedelpaese.info\/index.php\/wp-json\/wp\/v2\/media?parent=2376"}],"wp:term":[{"taxonomy":"category","embeddable":true,"href":"https:\/\/lavocedelpaese.info\/index.php\/wp-json\/wp\/v2\/categories?post=2376"},{"taxonomy":"post_tag","embeddable":true,"href":"https:\/\/lavocedelpaese.info\/index.php\/wp-json\/wp\/v2\/tags?post=2376"}],"curies":[{"name":"wp","href":"https:\/\/api.w.org\/{rel}","templated":true}]}}