{"id":2373,"date":"2024-06-16T22:55:39","date_gmt":"2024-06-16T22:55:39","guid":{"rendered":"https:\/\/lavocedelpaese.info\/?p=2373"},"modified":"2024-06-16T22:55:46","modified_gmt":"2024-06-16T22:55:46","slug":"torre-quetta-estate-2024-tra-sport-e-benessere","status":"publish","type":"post","link":"https:\/\/lavocedelpaese.info\/index.php\/2024\/06\/16\/torre-quetta-estate-2024-tra-sport-e-benessere\/","title":{"rendered":"Torre Quetta, Estate 2024 tra sport e benessere"},"content":{"rendered":"\n<p>Per la stagione estiva 2024, Torre Quetta si trasforma in un centro di sport e benessere. L&#8217;associazione PugliArt&amp;Sport gestir\u00e0 l&#8217;area sportiva del lido barese, offrendo una vasta gamma di attivit\u00e0. Tra le proposte ci sono yoga, ginnastica, SUP (Stand Up Paddle), trattamenti shiatsu, massaggi benessere e sportivi, oltre a tornei di Beach Volley e Beach Tennis. Inoltre, saranno organizzati campi estivi per ragazzi, mirando a promuovere la pratica sportiva e il benessere psico-fisico della comunit\u00e0.<\/p>\n\n\n\n<p>La trasformazione di Torre Quetta in un centro di sport e benessere per l&#8217;estate 2024, gestito dall&#8217;associazione PugliArt&amp;Sport, ha implicazioni significative per la comunit\u00e0 locale, l&#8217;economia e il turismo nella regione pugliese. La vasta gamma di attivit\u00e0 offerte, che include yoga, ginnastica, SUP (Stand Up Paddle), trattamenti shiatsu, massaggi benessere e sportivi, nonch\u00e9 tornei di Beach Volley e Beach Tennis, rappresenta un\u2019opportunit\u00e0 di promozione del benessere psico-fisico, rafforzando al contempo l\u2019attrattivit\u00e0 della regione come destinazione turistica.<\/p>\n\n\n\n<p>In primo luogo, la promozione della pratica sportiva e del benessere attraverso queste iniziative pu\u00f2 migliorare significativamente la qualit\u00e0 della vita dei residenti. L&#8217;accesso a una variet\u00e0 di attivit\u00e0 sportive e di benessere pu\u00f2 contribuire a ridurre lo stress, migliorare la salute fisica e mentale e creare un senso di comunit\u00e0 tra i partecipanti. I campi estivi per ragazzi, in particolare, offrono un&#8217;opportunit\u00e0 preziosa per coinvolgere i giovani in attivit\u00e0 salutari durante le vacanze scolastiche, favorendo lo sviluppo di uno stile di vita attivo e sano fin dalla giovane et\u00e0. Questi programmi possono anche promuovere valori come il lavoro di squadra, la disciplina e la resilienza, che sono essenziali per la crescita personale e il benessere sociale.<\/p>\n\n\n\n<p>Dal punto di vista economico, l\u2019incremento delle attivit\u00e0 sportive e di benessere pu\u00f2 stimolare l\u2019economia locale attraverso la creazione di posti di lavoro e l&#8217;aumento del turismo. La gestione delle strutture sportive richiede personale qualificato, dai trainer agli istruttori di yoga e ginnastica, fino ai massaggiatori e agli organizzatori di eventi. Questo crea opportunit\u00e0 di lavoro per i residenti e pu\u00f2 attirare professionisti del benessere da altre regioni, contribuendo alla crescita economica locale. Inoltre, l&#8217;attrazione di turisti interessati a partecipare a queste attivit\u00e0 pu\u00f2 aumentare la domanda di alloggi, ristoranti e altri servizi turistici, generando un indotto economico significativo.<\/p>\n\n\n\n<p>Il turismo sportivo e del benessere \u00e8 un segmento in crescita a livello globale, e la trasformazione di Torre Quetta in un centro dedicato pu\u00f2 posizionare la Puglia come una destinazione di punta in questo settore. I turisti che partecipano a ritiri di yoga, workshop di benessere e tornei sportivi spesso estendono la loro permanenza per esplorare la regione, visitando attrazioni culturali, degustando la cucina locale e acquistando prodotti tipici. Questo comportamento turistico pu\u00f2 portare benefici diffusi a tutta l&#8217;economia locale, con un impatto positivo sulle imprese agricole, artigianali e del settore della ristorazione.<\/p>\n\n\n\n<p>Inoltre, l&#8217;offerta di attivit\u00e0 come il SUP e i tornei di Beach Volley e Beach Tennis pu\u00f2 attrarre una clientela diversificata, inclusi gli appassionati di sport acquatici e gli atleti. Questi eventi sportivi possono anche promuovere la regione attraverso i media, attirando ulteriori visitatori e potenziali investitori. Le competizioni sportive, in particolare, possono diventare eventi annuali di richiamo, creando una tradizione che aumenta la notoriet\u00e0 e la reputazione di Torre Quetta come destinazione turistica di eccellenza.<\/p>\n\n\n\n<p>Le implicazioni ambientali della trasformazione di Torre Quetta devono essere gestite con attenzione per garantire che l&#8217;aumento delle attivit\u00e0 e dei visitatori non danneggi l&#8217;ecosistema locale. L&#8217;organizzazione di attivit\u00e0 sportive e di benessere dovrebbe essere accompagnata da pratiche sostenibili, come la gestione dei rifiuti, l&#8217;uso di materiali ecocompatibili e la promozione di comportamenti rispettosi dell&#8217;ambiente tra i partecipanti. La conservazione delle spiagge e delle aree naturali circostanti \u00e8 essenziale per mantenere l&#8217;attrattiva della regione e garantire che le generazioni future possano continuare a godere di questi spazi.<\/p>\n\n\n\n<p>L&#8217;integrazione di attivit\u00e0 di benessere e sport con l&#8217;agricoltura locale pu\u00f2 creare sinergie interessanti. Ad esempio, le aziende agricole potrebbero collaborare con l&#8217;associazione PugliArt&amp;Sport per offrire prodotti biologici e a chilometro zero ai partecipanti delle attivit\u00e0, promuovendo uno stile di vita sano e sostenibile. Agriturismi e fattorie didattiche potrebbero organizzare esperienze complementari, come lezioni di cucina, degustazioni di prodotti tipici e visite guidate alle coltivazioni locali, creando un circuito virtuoso tra sport, benessere e agricoltura.<\/p>\n\n\n\n<p>Sul piano sociale, la creazione di un centro di sport e benessere a Torre Quetta pu\u00f2 rafforzare il senso di appartenenza e la coesione della comunit\u00e0 locale. La partecipazione a eventi e attivit\u00e0 collettive favorisce l&#8217;interazione tra i residenti, creando legami e collaborazioni che possono estendersi anche oltre l&#8217;ambito sportivo. Questo pu\u00f2 contribuire a una maggiore inclusione sociale, coinvolgendo persone di diverse et\u00e0, background e condizioni socio-economiche in un progetto comune di benessere e sviluppo locale.<\/p>\n\n\n\n<p>In conclusione, la trasformazione di Torre Quetta in un centro di sport e benessere per l&#8217;estate 2024 ha implicazioni positive e di vasta portata per la comunit\u00e0 locale, l&#8217;economia, il turismo e l&#8217;ambiente. Attraverso una gestione attenta e sostenibile, queste iniziative possono migliorare la qualit\u00e0 della vita dei residenti, stimolare la crescita economica, attrarre turisti e investitori, e promuovere pratiche rispettose dell&#8217;ambiente. L&#8217;integrazione di sport, benessere e agricoltura pu\u00f2 creare un modello di sviluppo sostenibile e inclusivo, capace di valorizzare le risorse locali e di rispondere alle sfide globali con soluzioni innovative e partecipative.<\/p>\n","protected":false},"excerpt":{"rendered":"<p>Per la stagione estiva 2024, Torre Quetta si trasforma in un centro di sport e benessere. L&#8217;associazione PugliArt&amp;Sport gestir\u00e0 l&#8217;area<\/p>\n","protected":false},"author":6,"featured_media":2374,"comment_status":"open","ping_status":"closed","sticky":false,"template":"","format":"standard","meta":{"colormag_page_container_layout":"default_layout","colormag_page_sidebar_layout":"default_layout","footnotes":""},"categories":[6,33],"tags":[],"class_list":["post-2373","post","type-post","status-publish","format-standard","has-post-thumbnail","hentry","category-eventi","category-network"],"yoast_head":"<!-- This site is optimized with the Yoast SEO plugin v27.5 - https:\/\/yoast.com\/product\/yoast-seo-wordpress\/ -->\n<title>Torre Quetta, Estate 2024 tra sport e benessere - La Voce del Paese<\/title>\n<meta name=\"robots\" content=\"index, follow, max-snippet:-1, max-image-preview:large, max-video-preview:-1\" \/>\n<link rel=\"canonical\" href=\"https:\/\/lavocedelpaese.info\/index.php\/2024\/06\/16\/torre-quetta-estate-2024-tra-sport-e-benessere\/\" \/>\n<meta property=\"og:locale\" content=\"it_IT\" \/>\n<meta property=\"og:type\" content=\"article\" \/>\n<meta property=\"og:title\" content=\"Torre Quetta, Estate 2024 tra sport e benessere - La Voce del Paese\" \/>\n<meta property=\"og:description\" content=\"Per la stagione estiva 2024, Torre Quetta si trasforma in un centro di sport e benessere. L&#8217;associazione PugliArt&amp;Sport gestir\u00e0 l&#8217;area\" \/>\n<meta property=\"og:url\" content=\"https:\/\/lavocedelpaese.info\/index.php\/2024\/06\/16\/torre-quetta-estate-2024-tra-sport-e-benessere\/\" \/>\n<meta property=\"og:site_name\" content=\"La Voce del Paese\" \/>\n<meta property=\"article:publisher\" content=\"https:\/\/www.facebook.com\/lavocedelpaese.info\" \/>\n<meta property=\"article:published_time\" content=\"2024-06-16T22:55:39+00:00\" \/>\n<meta property=\"article:modified_time\" content=\"2024-06-16T22:55:46+00:00\" \/>\n<meta property=\"og:image\" content=\"https:\/\/lavocedelpaese.info\/wp-content\/uploads\/2024\/06\/torre-quetta.webp\" \/>\n\t<meta property=\"og:image:width\" content=\"1000\" \/>\n\t<meta property=\"og:image:height\" content=\"753\" \/>\n\t<meta property=\"og:image:type\" content=\"image\/webp\" \/>\n<meta name=\"author\" content=\"admin\" \/>\n<meta name=\"twitter:card\" content=\"summary_large_image\" \/>\n<meta name=\"twitter:label1\" content=\"Scritto da\" \/>\n\t<meta name=\"twitter:data1\" content=\"admin\" \/>\n\t<meta name=\"twitter:label2\" content=\"Tempo di lettura stimato\" \/>\n\t<meta name=\"twitter:data2\" content=\"5 minuti\" \/>\n<script type=\"application\/ld+json\" class=\"yoast-schema-graph\">{\"@context\":\"https:\\\/\\\/schema.org\",\"@graph\":[{\"@type\":\"Article\",\"@id\":\"https:\\\/\\\/lavocedelpaese.info\\\/index.php\\\/2024\\\/06\\\/16\\\/torre-quetta-estate-2024-tra-sport-e-benessere\\\/#article\",\"isPartOf\":{\"@id\":\"https:\\\/\\\/lavocedelpaese.info\\\/index.php\\\/2024\\\/06\\\/16\\\/torre-quetta-estate-2024-tra-sport-e-benessere\\\/\"},\"author\":{\"name\":\"admin\",\"@id\":\"https:\\\/\\\/lavocedelpaese.info\\\/#\\\/schema\\\/person\\\/ec151d321306bd7591f7a061abf72d88\"},\"headline\":\"Torre Quetta, Estate 2024 tra sport e benessere\",\"datePublished\":\"2024-06-16T22:55:39+00:00\",\"dateModified\":\"2024-06-16T22:55:46+00:00\",\"mainEntityOfPage\":{\"@id\":\"https:\\\/\\\/lavocedelpaese.info\\\/index.php\\\/2024\\\/06\\\/16\\\/torre-quetta-estate-2024-tra-sport-e-benessere\\\/\"},\"wordCount\":908,\"commentCount\":0,\"publisher\":{\"@id\":\"https:\\\/\\\/lavocedelpaese.info\\\/#organization\"},\"image\":{\"@id\":\"https:\\\/\\\/lavocedelpaese.info\\\/index.php\\\/2024\\\/06\\\/16\\\/torre-quetta-estate-2024-tra-sport-e-benessere\\\/#primaryimage\"},\"thumbnailUrl\":\"https:\\\/\\\/lavocedelpaese.info\\\/wp-content\\\/uploads\\\/2024\\\/06\\\/torre-quetta.webp\",\"articleSection\":[\"Eventi\",\"network\"],\"inLanguage\":\"it-IT\",\"potentialAction\":[{\"@type\":\"CommentAction\",\"name\":\"Comment\",\"target\":[\"https:\\\/\\\/lavocedelpaese.info\\\/index.php\\\/2024\\\/06\\\/16\\\/torre-quetta-estate-2024-tra-sport-e-benessere\\\/#respond\"]}]},{\"@type\":\"WebPage\",\"@id\":\"https:\\\/\\\/lavocedelpaese.info\\\/index.php\\\/2024\\\/06\\\/16\\\/torre-quetta-estate-2024-tra-sport-e-benessere\\\/\",\"url\":\"https:\\\/\\\/lavocedelpaese.info\\\/index.php\\\/2024\\\/06\\\/16\\\/torre-quetta-estate-2024-tra-sport-e-benessere\\\/\",\"name\":\"Torre Quetta, Estate 2024 tra sport e benessere - La Voce del Paese\",\"isPartOf\":{\"@id\":\"https:\\\/\\\/lavocedelpaese.info\\\/#website\"},\"primaryImageOfPage\":{\"@id\":\"https:\\\/\\\/lavocedelpaese.info\\\/index.php\\\/2024\\\/06\\\/16\\\/torre-quetta-estate-2024-tra-sport-e-benessere\\\/#primaryimage\"},\"image\":{\"@id\":\"https:\\\/\\\/lavocedelpaese.info\\\/index.php\\\/2024\\\/06\\\/16\\\/torre-quetta-estate-2024-tra-sport-e-benessere\\\/#primaryimage\"},\"thumbnailUrl\":\"https:\\\/\\\/lavocedelpaese.info\\\/wp-content\\\/uploads\\\/2024\\\/06\\\/torre-quetta.webp\",\"datePublished\":\"2024-06-16T22:55:39+00:00\",\"dateModified\":\"2024-06-16T22:55:46+00:00\",\"breadcrumb\":{\"@id\":\"https:\\\/\\\/lavocedelpaese.info\\\/index.php\\\/2024\\\/06\\\/16\\\/torre-quetta-estate-2024-tra-sport-e-benessere\\\/#breadcrumb\"},\"inLanguage\":\"it-IT\",\"potentialAction\":[{\"@type\":\"ReadAction\",\"target\":[\"https:\\\/\\\/lavocedelpaese.info\\\/index.php\\\/2024\\\/06\\\/16\\\/torre-quetta-estate-2024-tra-sport-e-benessere\\\/\"]}]},{\"@type\":\"ImageObject\",\"inLanguage\":\"it-IT\",\"@id\":\"https:\\\/\\\/lavocedelpaese.info\\\/index.php\\\/2024\\\/06\\\/16\\\/torre-quetta-estate-2024-tra-sport-e-benessere\\\/#primaryimage\",\"url\":\"https:\\\/\\\/lavocedelpaese.info\\\/wp-content\\\/uploads\\\/2024\\\/06\\\/torre-quetta.webp\",\"contentUrl\":\"https:\\\/\\\/lavocedelpaese.info\\\/wp-content\\\/uploads\\\/2024\\\/06\\\/torre-quetta.webp\",\"width\":1000,\"height\":753},{\"@type\":\"BreadcrumbList\",\"@id\":\"https:\\\/\\\/lavocedelpaese.info\\\/index.php\\\/2024\\\/06\\\/16\\\/torre-quetta-estate-2024-tra-sport-e-benessere\\\/#breadcrumb\",\"itemListElement\":[{\"@type\":\"ListItem\",\"position\":1,\"name\":\"Home\",\"item\":\"https:\\\/\\\/lavocedelpaese.info\\\/\"},{\"@type\":\"ListItem\",\"position\":2,\"name\":\"Torre Quetta, Estate 2024 tra sport e benessere\"}]},{\"@type\":\"WebSite\",\"@id\":\"https:\\\/\\\/lavocedelpaese.info\\\/#website\",\"url\":\"https:\\\/\\\/lavocedelpaese.info\\\/\",\"name\":\"La Voce del Paese\",\"description\":\"Un network di idee\",\"publisher\":{\"@id\":\"https:\\\/\\\/lavocedelpaese.info\\\/#organization\"},\"potentialAction\":[{\"@type\":\"SearchAction\",\"target\":{\"@type\":\"EntryPoint\",\"urlTemplate\":\"https:\\\/\\\/lavocedelpaese.info\\\/?s={search_term_string}\"},\"query-input\":{\"@type\":\"PropertyValueSpecification\",\"valueRequired\":true,\"valueName\":\"search_term_string\"}}],\"inLanguage\":\"it-IT\"},{\"@type\":\"Organization\",\"@id\":\"https:\\\/\\\/lavocedelpaese.info\\\/#organization\",\"name\":\"La Voce del Paese\",\"url\":\"https:\\\/\\\/lavocedelpaese.info\\\/\",\"logo\":{\"@type\":\"ImageObject\",\"inLanguage\":\"it-IT\",\"@id\":\"https:\\\/\\\/lavocedelpaese.info\\\/#\\\/schema\\\/logo\\\/image\\\/\",\"url\":\"https:\\\/\\\/lavocedelpaese.info\\\/wp-content\\\/uploads\\\/2023\\\/01\\\/cropped-logo-150-127.png\",\"contentUrl\":\"https:\\\/\\\/lavocedelpaese.info\\\/wp-content\\\/uploads\\\/2023\\\/01\\\/cropped-logo-150-127.png\",\"width\":137,\"height\":119,\"caption\":\"La Voce del Paese\"},\"image\":{\"@id\":\"https:\\\/\\\/lavocedelpaese.info\\\/#\\\/schema\\\/logo\\\/image\\\/\"},\"sameAs\":[\"https:\\\/\\\/www.facebook.com\\\/lavocedelpaese.info\"]},{\"@type\":\"Person\",\"@id\":\"https:\\\/\\\/lavocedelpaese.info\\\/#\\\/schema\\\/person\\\/ec151d321306bd7591f7a061abf72d88\",\"name\":\"admin\",\"image\":{\"@type\":\"ImageObject\",\"inLanguage\":\"it-IT\",\"@id\":\"https:\\\/\\\/secure.gravatar.com\\\/avatar\\\/af8f2caf0663124588de48a9380e07cbc95a74ef15b8062d0d39106c32fe3023?s=96&d=mm&r=g\",\"url\":\"https:\\\/\\\/secure.gravatar.com\\\/avatar\\\/af8f2caf0663124588de48a9380e07cbc95a74ef15b8062d0d39106c32fe3023?s=96&d=mm&r=g\",\"contentUrl\":\"https:\\\/\\\/secure.gravatar.com\\\/avatar\\\/af8f2caf0663124588de48a9380e07cbc95a74ef15b8062d0d39106c32fe3023?s=96&d=mm&r=g\",\"caption\":\"admin\"},\"sameAs\":[\"https:\\\/\\\/lavocedelpaese.info\"],\"url\":\"https:\\\/\\\/lavocedelpaese.info\\\/index.php\\\/author\\\/admin\\\/\"}]}<\/script>\n<!-- \/ Yoast SEO plugin. -->","yoast_head_json":{"title":"Torre Quetta, Estate 2024 tra sport e benessere - La Voce del Paese","robots":{"index":"index","follow":"follow","max-snippet":"max-snippet:-1","max-image-preview":"max-image-preview:large","max-video-preview":"max-video-preview:-1"},"canonical":"https:\/\/lavocedelpaese.info\/index.php\/2024\/06\/16\/torre-quetta-estate-2024-tra-sport-e-benessere\/","og_locale":"it_IT","og_type":"article","og_title":"Torre Quetta, Estate 2024 tra sport e benessere - La Voce del Paese","og_description":"Per la stagione estiva 2024, Torre Quetta si trasforma in un centro di sport e benessere. L&#8217;associazione PugliArt&amp;Sport gestir\u00e0 l&#8217;area","og_url":"https:\/\/lavocedelpaese.info\/index.php\/2024\/06\/16\/torre-quetta-estate-2024-tra-sport-e-benessere\/","og_site_name":"La Voce del Paese","article_publisher":"https:\/\/www.facebook.com\/lavocedelpaese.info","article_published_time":"2024-06-16T22:55:39+00:00","article_modified_time":"2024-06-16T22:55:46+00:00","og_image":[{"width":1000,"height":753,"url":"https:\/\/lavocedelpaese.info\/wp-content\/uploads\/2024\/06\/torre-quetta.webp","type":"image\/webp"}],"author":"admin","twitter_card":"summary_large_image","twitter_misc":{"Scritto da":"admin","Tempo di lettura stimato":"5 minuti"},"schema":{"@context":"https:\/\/schema.org","@graph":[{"@type":"Article","@id":"https:\/\/lavocedelpaese.info\/index.php\/2024\/06\/16\/torre-quetta-estate-2024-tra-sport-e-benessere\/#article","isPartOf":{"@id":"https:\/\/lavocedelpaese.info\/index.php\/2024\/06\/16\/torre-quetta-estate-2024-tra-sport-e-benessere\/"},"author":{"name":"admin","@id":"https:\/\/lavocedelpaese.info\/#\/schema\/person\/ec151d321306bd7591f7a061abf72d88"},"headline":"Torre Quetta, Estate 2024 tra sport e benessere","datePublished":"2024-06-16T22:55:39+00:00","dateModified":"2024-06-16T22:55:46+00:00","mainEntityOfPage":{"@id":"https:\/\/lavocedelpaese.info\/index.php\/2024\/06\/16\/torre-quetta-estate-2024-tra-sport-e-benessere\/"},"wordCount":908,"commentCount":0,"publisher":{"@id":"https:\/\/lavocedelpaese.info\/#organization"},"image":{"@id":"https:\/\/lavocedelpaese.info\/index.php\/2024\/06\/16\/torre-quetta-estate-2024-tra-sport-e-benessere\/#primaryimage"},"thumbnailUrl":"https:\/\/lavocedelpaese.info\/wp-content\/uploads\/2024\/06\/torre-quetta.webp","articleSection":["Eventi","network"],"inLanguage":"it-IT","potentialAction":[{"@type":"CommentAction","name":"Comment","target":["https:\/\/lavocedelpaese.info\/index.php\/2024\/06\/16\/torre-quetta-estate-2024-tra-sport-e-benessere\/#respond"]}]},{"@type":"WebPage","@id":"https:\/\/lavocedelpaese.info\/index.php\/2024\/06\/16\/torre-quetta-estate-2024-tra-sport-e-benessere\/","url":"https:\/\/lavocedelpaese.info\/index.php\/2024\/06\/16\/torre-quetta-estate-2024-tra-sport-e-benessere\/","name":"Torre Quetta, Estate 2024 tra sport e benessere - La Voce del Paese","isPartOf":{"@id":"https:\/\/lavocedelpaese.info\/#website"},"primaryImageOfPage":{"@id":"https:\/\/lavocedelpaese.info\/index.php\/2024\/06\/16\/torre-quetta-estate-2024-tra-sport-e-benessere\/#primaryimage"},"image":{"@id":"https:\/\/lavocedelpaese.info\/index.php\/2024\/06\/16\/torre-quetta-estate-2024-tra-sport-e-benessere\/#primaryimage"},"thumbnailUrl":"https:\/\/lavocedelpaese.info\/wp-content\/uploads\/2024\/06\/torre-quetta.webp","datePublished":"2024-06-16T22:55:39+00:00","dateModified":"2024-06-16T22:55:46+00:00","breadcrumb":{"@id":"https:\/\/lavocedelpaese.info\/index.php\/2024\/06\/16\/torre-quetta-estate-2024-tra-sport-e-benessere\/#breadcrumb"},"inLanguage":"it-IT","potentialAction":[{"@type":"ReadAction","target":["https:\/\/lavocedelpaese.info\/index.php\/2024\/06\/16\/torre-quetta-estate-2024-tra-sport-e-benessere\/"]}]},{"@type":"ImageObject","inLanguage":"it-IT","@id":"https:\/\/lavocedelpaese.info\/index.php\/2024\/06\/16\/torre-quetta-estate-2024-tra-sport-e-benessere\/#primaryimage","url":"https:\/\/lavocedelpaese.info\/wp-content\/uploads\/2024\/06\/torre-quetta.webp","contentUrl":"https:\/\/lavocedelpaese.info\/wp-content\/uploads\/2024\/06\/torre-quetta.webp","width":1000,"height":753},{"@type":"BreadcrumbList","@id":"https:\/\/lavocedelpaese.info\/index.php\/2024\/06\/16\/torre-quetta-estate-2024-tra-sport-e-benessere\/#breadcrumb","itemListElement":[{"@type":"ListItem","position":1,"name":"Home","item":"https:\/\/lavocedelpaese.info\/"},{"@type":"ListItem","position":2,"name":"Torre Quetta, Estate 2024 tra sport e benessere"}]},{"@type":"WebSite","@id":"https:\/\/lavocedelpaese.info\/#website","url":"https:\/\/lavocedelpaese.info\/","name":"La Voce del Paese","description":"Un network di idee","publisher":{"@id":"https:\/\/lavocedelpaese.info\/#organization"},"potentialAction":[{"@type":"SearchAction","target":{"@type":"EntryPoint","urlTemplate":"https:\/\/lavocedelpaese.info\/?s={search_term_string}"},"query-input":{"@type":"PropertyValueSpecification","valueRequired":true,"valueName":"search_term_string"}}],"inLanguage":"it-IT"},{"@type":"Organization","@id":"https:\/\/lavocedelpaese.info\/#organization","name":"La Voce del Paese","url":"https:\/\/lavocedelpaese.info\/","logo":{"@type":"ImageObject","inLanguage":"it-IT","@id":"https:\/\/lavocedelpaese.info\/#\/schema\/logo\/image\/","url":"https:\/\/lavocedelpaese.info\/wp-content\/uploads\/2023\/01\/cropped-logo-150-127.png","contentUrl":"https:\/\/lavocedelpaese.info\/wp-content\/uploads\/2023\/01\/cropped-logo-150-127.png","width":137,"height":119,"caption":"La Voce del Paese"},"image":{"@id":"https:\/\/lavocedelpaese.info\/#\/schema\/logo\/image\/"},"sameAs":["https:\/\/www.facebook.com\/lavocedelpaese.info"]},{"@type":"Person","@id":"https:\/\/lavocedelpaese.info\/#\/schema\/person\/ec151d321306bd7591f7a061abf72d88","name":"admin","image":{"@type":"ImageObject","inLanguage":"it-IT","@id":"https:\/\/secure.gravatar.com\/avatar\/af8f2caf0663124588de48a9380e07cbc95a74ef15b8062d0d39106c32fe3023?s=96&d=mm&r=g","url":"https:\/\/secure.gravatar.com\/avatar\/af8f2caf0663124588de48a9380e07cbc95a74ef15b8062d0d39106c32fe3023?s=96&d=mm&r=g","contentUrl":"https:\/\/secure.gravatar.com\/avatar\/af8f2caf0663124588de48a9380e07cbc95a74ef15b8062d0d39106c32fe3023?s=96&d=mm&r=g","caption":"admin"},"sameAs":["https:\/\/lavocedelpaese.info"],"url":"https:\/\/lavocedelpaese.info\/index.php\/author\/admin\/"}]}},"_links":{"self":[{"href":"https:\/\/lavocedelpaese.info\/index.php\/wp-json\/wp\/v2\/posts\/2373","targetHints":{"allow":["GET"]}}],"collection":[{"href":"https:\/\/lavocedelpaese.info\/index.php\/wp-json\/wp\/v2\/posts"}],"about":[{"href":"https:\/\/lavocedelpaese.info\/index.php\/wp-json\/wp\/v2\/types\/post"}],"author":[{"embeddable":true,"href":"https:\/\/lavocedelpaese.info\/index.php\/wp-json\/wp\/v2\/users\/6"}],"replies":[{"embeddable":true,"href":"https:\/\/lavocedelpaese.info\/index.php\/wp-json\/wp\/v2\/comments?post=2373"}],"version-history":[{"count":1,"href":"https:\/\/lavocedelpaese.info\/index.php\/wp-json\/wp\/v2\/posts\/2373\/revisions"}],"predecessor-version":[{"id":2375,"href":"https:\/\/lavocedelpaese.info\/index.php\/wp-json\/wp\/v2\/posts\/2373\/revisions\/2375"}],"wp:featuredmedia":[{"embeddable":true,"href":"https:\/\/lavocedelpaese.info\/index.php\/wp-json\/wp\/v2\/media\/2374"}],"wp:attachment":[{"href":"https:\/\/lavocedelpaese.info\/index.php\/wp-json\/wp\/v2\/media?parent=2373"}],"wp:term":[{"taxonomy":"category","embeddable":true,"href":"https:\/\/lavocedelpaese.info\/index.php\/wp-json\/wp\/v2\/categories?post=2373"},{"taxonomy":"post_tag","embeddable":true,"href":"https:\/\/lavocedelpaese.info\/index.php\/wp-json\/wp\/v2\/tags?post=2373"}],"curies":[{"name":"wp","href":"https:\/\/api.w.org\/{rel}","templated":true}]}}