{"id":2370,"date":"2024-06-16T22:55:06","date_gmt":"2024-06-16T22:55:06","guid":{"rendered":"https:\/\/lavocedelpaese.info\/?p=2370"},"modified":"2024-06-16T22:55:12","modified_gmt":"2024-06-16T22:55:12","slug":"un-g7-a-taranto-opportunita-per-infrastrutture-sviluppo-economico-e-efficienza-amministrativa","status":"publish","type":"post","link":"https:\/\/lavocedelpaese.info\/index.php\/2024\/06\/16\/un-g7-a-taranto-opportunita-per-infrastrutture-sviluppo-economico-e-efficienza-amministrativa\/","title":{"rendered":"Un G7 a Taranto: opportunit\u00e0 per infrastrutture, sviluppo economico e efficienza amministrativa"},"content":{"rendered":"\n<p>L&#8217;articolo di Giovanni Saracino, pubblicato il 15 giugno 2024 sul Corriere di Taranto, esprime il desiderio di organizzare un G7 a Taranto, prendendo spunto dall&#8217;efficienza mostrata nella preparazione del recente vertice a Grottaglie e Martina Franca. Gli interventi infrastrutturali rapidi ed efficaci, come l&#8217;asfaltatura delle strade, la manutenzione dei guard-rail e la ritinteggiatura delle mura, hanno dimostrato una capacit\u00e0 operativa che ha stupito i cittadini. Con un investimento complessivo di oltre 21 milioni di euro, l&#8217;ANAS e l&#8217;ente Provincia di Taranto hanno completato in tempi record numerosi lavori di miglioramento stradale per garantire la sicurezza e l&#8217;efficienza del passaggio delle delegazioni internazionali. L&#8217;articolo propone, con una punta di ironia, che un altro G7 a Taranto potrebbe portare benefici simili, migliorando significativamente l&#8217;infrastruttura urbana e la manutenzione degli spazi pubblici.<\/p>\n\n\n\n<p>L&#8217;efficienza dimostrata nella preparazione del G7 nelle localit\u00e0 vicine a Taranto evidenzia la capacit\u00e0 della macchina amministrativa di mobilitare risorse e completare progetti infrastrutturali in tempi brevi. Questo contrasta con la percezione comune di lentezza e inefficienza nella gestione degli spazi pubblici e delle infrastrutture urbane. Politicamente, questo suggerisce che, con adeguati incentivi e pressioni, le amministrazioni locali possono raggiungere alti livelli di efficienza e produttivit\u00e0. Il coinvolgimento del G7 ha funzionato come catalizzatore per interventi che altrimenti avrebbero potuto richiedere anni per essere completati.<\/p>\n\n\n\n<p>Organizzare un G7 a Taranto potrebbe portare a un significativo sviluppo infrastrutturale nella citt\u00e0. Gli investimenti potrebbero essere destinati non solo alla manutenzione delle strade e dei trasporti, ma anche alla riqualificazione di edifici storici e spazi pubblici. Questo tipo di evento pu\u00f2 stimolare l&#8217;economia locale, creando posti di lavoro e migliorando la qualit\u00e0 della vita dei residenti. Il miglioramento delle infrastrutture pu\u00f2 anche avere un effetto duraturo, rendendo Taranto una citt\u00e0 pi\u00f9 attraente per i turisti e per gli investitori.<\/p>\n\n\n\n<p>Gli investimenti associati all&#8217;organizzazione di un evento internazionale come il G7 possono avere benefici economici significativi per la citt\u00e0 ospitante. A Taranto, un simile evento potrebbe generare opportunit\u00e0 di lavoro temporaneo e stimolare l&#8217;economia locale attraverso il turismo e la spesa legata all&#8217;evento stesso. I lavori di miglioramento infrastrutturale possono anche portare a benefici sociali, migliorando l&#8217;accessibilit\u00e0 e la sicurezza delle strade e degli spazi pubblici. Questo pu\u00f2 aumentare la qualit\u00e0 della vita dei residenti e contribuire alla coesione sociale.<\/p>\n\n\n\n<p>La realizzazione di un G7 a Taranto potrebbe modificare positivamente la percezione pubblica dell&#8217;efficienza delle amministrazioni locali. Attualmente, i cittadini spesso percepiscono le autorit\u00e0 come lente e inefficaci nella gestione delle infrastrutture. Mostrare che interventi rapidi e di alta qualit\u00e0 sono possibili potrebbe rafforzare la fiducia nelle istituzioni pubbliche e nel loro operato. Questo potrebbe tradursi in un maggiore supporto per le iniziative future e una partecipazione pi\u00f9 attiva dei cittadini nelle questioni civiche.<\/p>\n\n\n\n<p>La richiesta implicita nell&#8217;articolo per un G7 a Taranto sottolinea l&#8217;importanza di una manutenzione regolare e proattiva delle infrastrutture urbane. L&#8217;efficienza mostrata in occasione di eventi di grande rilevanza dovrebbe essere la norma, piuttosto che l&#8217;eccezione. Politicamente, questo pu\u00f2 stimolare i decisori a rivedere e migliorare le politiche di manutenzione e gestione delle infrastrutture, assicurando che le citt\u00e0 siano sempre preparate e ben mantenute, indipendentemente dalla presenza di eventi internazionali.<\/p>\n\n\n\n<p>L&#8217;ironia dell&#8217;articolo mette in luce una critica costruttiva verso l&#8217;inefficienza abituale della gestione pubblica. Suggerendo che solo eventi di grande rilevanza possono portare a miglioramenti significativi, si evidenzia un problema sistemico nella pianificazione e nella realizzazione delle opere pubbliche. Questa critica pu\u00f2 servire come un invito per i funzionari pubblici a migliorare costantemente, anche in assenza di pressioni esterne significative, garantendo che i servizi pubblici e le infrastrutture siano sempre all&#8217;altezza delle necessit\u00e0 dei cittadini.<\/p>\n\n\n\n<p>L&#8217;idea di ospitare un G7 pu\u00f2 spingere i leader locali a valutare e migliorare le proprie capacit\u00e0 organizzative e amministrative. La preparazione per un evento di tale portata richiede una pianificazione meticolosa, una gestione efficace delle risorse e una forte collaborazione tra diverse agenzie e livelli di governo. Dimostrare la capacit\u00e0 di gestire con successo un G7 potrebbe rafforzare la posizione politica dei leader locali e migliorare la governance complessiva della citt\u00e0.<\/p>\n\n\n\n<p>L&#8217;organizzazione di un G7 a Taranto potrebbe lasciare un&#8217;eredit\u00e0 duratura di infrastrutture migliorate e una maggiore consapevolezza dell&#8217;importanza della manutenzione urbana. Tuttavia, \u00e8 essenziale che i benefici dell&#8217;evento siano sostenibili a lungo termine. Le infrastrutture migliorate devono essere mantenute regolarmente e utilizzate in modo efficace per garantire che i vantaggi non siano solo temporanei. La sostenibilit\u00e0 deve essere un elemento chiave nella pianificazione e nell&#8217;esecuzione di qualsiasi progetto legato a eventi di grande rilevanza.<\/p>\n\n\n\n<p>La proposta ironica di ospitare un G7 a Taranto per migliorare le infrastrutture e la gestione degli spazi pubblici evidenzia le potenzialit\u00e0 e le inefficienze della macchina amministrativa locale. L&#8217;efficienza mostrata nelle preparazioni per il G7 nelle localit\u00e0 vicine dimostra che con adeguate risorse e incentivi, le amministrazioni locali possono raggiungere risultati significativi. Un evento internazionale di tale portata potrebbe stimolare lo sviluppo infrastrutturale, generare benefici economici e sociali, migliorare la percezione pubblica dell&#8217;efficienza governativa e lasciare un&#8217;eredit\u00e0 duratura di miglioramenti urbani. Tuttavia, \u00e8 essenziale che questi benefici siano sostenibili e che la manutenzione regolare diventi una pratica standard, indipendentemente dalla presenza di eventi straordinari.<\/p>\n","protected":false},"excerpt":{"rendered":"<p>L&#8217;articolo di Giovanni Saracino, pubblicato il 15 giugno 2024 sul Corriere di Taranto, esprime il desiderio di organizzare un G7<\/p>\n","protected":false},"author":6,"featured_media":2371,"comment_status":"open","ping_status":"closed","sticky":false,"template":"","format":"standard","meta":{"colormag_page_container_layout":"default_layout","colormag_page_sidebar_layout":"default_layout","footnotes":""},"categories":[2],"tags":[],"class_list":["post-2370","post","type-post","status-publish","format-standard","has-post-thumbnail","hentry","category-attualita"],"yoast_head":"<!-- This site is optimized with the Yoast SEO plugin v27.5 - https:\/\/yoast.com\/product\/yoast-seo-wordpress\/ -->\n<title>Un G7 a Taranto: opportunit\u00e0 per infrastrutture, sviluppo economico e efficienza amministrativa - La Voce del Paese<\/title>\n<meta name=\"robots\" content=\"index, follow, max-snippet:-1, max-image-preview:large, max-video-preview:-1\" \/>\n<link rel=\"canonical\" href=\"https:\/\/lavocedelpaese.info\/index.php\/2024\/06\/16\/un-g7-a-taranto-opportunita-per-infrastrutture-sviluppo-economico-e-efficienza-amministrativa\/\" \/>\n<meta property=\"og:locale\" content=\"it_IT\" \/>\n<meta property=\"og:type\" content=\"article\" \/>\n<meta property=\"og:title\" content=\"Un G7 a Taranto: opportunit\u00e0 per infrastrutture, sviluppo economico e efficienza amministrativa - La Voce del Paese\" \/>\n<meta property=\"og:description\" content=\"L&#8217;articolo di Giovanni Saracino, pubblicato il 15 giugno 2024 sul Corriere di Taranto, esprime il desiderio di organizzare un G7\" \/>\n<meta property=\"og:url\" content=\"https:\/\/lavocedelpaese.info\/index.php\/2024\/06\/16\/un-g7-a-taranto-opportunita-per-infrastrutture-sviluppo-economico-e-efficienza-amministrativa\/\" \/>\n<meta property=\"og:site_name\" content=\"La Voce del Paese\" \/>\n<meta property=\"article:publisher\" content=\"https:\/\/www.facebook.com\/lavocedelpaese.info\" \/>\n<meta property=\"article:published_time\" content=\"2024-06-16T22:55:06+00:00\" \/>\n<meta property=\"article:modified_time\" content=\"2024-06-16T22:55:12+00:00\" \/>\n<meta property=\"og:image\" content=\"https:\/\/lavocedelpaese.info\/wp-content\/uploads\/2024\/06\/taranto-lungomare.jpg\" \/>\n\t<meta property=\"og:image:width\" content=\"580\" \/>\n\t<meta property=\"og:image:height\" content=\"374\" \/>\n\t<meta property=\"og:image:type\" content=\"image\/jpeg\" \/>\n<meta name=\"author\" content=\"admin\" \/>\n<meta name=\"twitter:card\" content=\"summary_large_image\" \/>\n<meta name=\"twitter:label1\" content=\"Scritto da\" \/>\n\t<meta name=\"twitter:data1\" content=\"admin\" \/>\n\t<meta name=\"twitter:label2\" content=\"Tempo di lettura stimato\" \/>\n\t<meta name=\"twitter:data2\" content=\"5 minuti\" \/>\n<script type=\"application\/ld+json\" class=\"yoast-schema-graph\">{\"@context\":\"https:\\\/\\\/schema.org\",\"@graph\":[{\"@type\":\"Article\",\"@id\":\"https:\\\/\\\/lavocedelpaese.info\\\/index.php\\\/2024\\\/06\\\/16\\\/un-g7-a-taranto-opportunita-per-infrastrutture-sviluppo-economico-e-efficienza-amministrativa\\\/#article\",\"isPartOf\":{\"@id\":\"https:\\\/\\\/lavocedelpaese.info\\\/index.php\\\/2024\\\/06\\\/16\\\/un-g7-a-taranto-opportunita-per-infrastrutture-sviluppo-economico-e-efficienza-amministrativa\\\/\"},\"author\":{\"name\":\"admin\",\"@id\":\"https:\\\/\\\/lavocedelpaese.info\\\/#\\\/schema\\\/person\\\/ec151d321306bd7591f7a061abf72d88\"},\"headline\":\"Un G7 a Taranto: opportunit\u00e0 per infrastrutture, sviluppo economico e efficienza amministrativa\",\"datePublished\":\"2024-06-16T22:55:06+00:00\",\"dateModified\":\"2024-06-16T22:55:12+00:00\",\"mainEntityOfPage\":{\"@id\":\"https:\\\/\\\/lavocedelpaese.info\\\/index.php\\\/2024\\\/06\\\/16\\\/un-g7-a-taranto-opportunita-per-infrastrutture-sviluppo-economico-e-efficienza-amministrativa\\\/\"},\"wordCount\":884,\"commentCount\":0,\"publisher\":{\"@id\":\"https:\\\/\\\/lavocedelpaese.info\\\/#organization\"},\"image\":{\"@id\":\"https:\\\/\\\/lavocedelpaese.info\\\/index.php\\\/2024\\\/06\\\/16\\\/un-g7-a-taranto-opportunita-per-infrastrutture-sviluppo-economico-e-efficienza-amministrativa\\\/#primaryimage\"},\"thumbnailUrl\":\"https:\\\/\\\/lavocedelpaese.info\\\/wp-content\\\/uploads\\\/2024\\\/06\\\/taranto-lungomare.jpg\",\"articleSection\":[\"Attualit\u00e0\"],\"inLanguage\":\"it-IT\",\"potentialAction\":[{\"@type\":\"CommentAction\",\"name\":\"Comment\",\"target\":[\"https:\\\/\\\/lavocedelpaese.info\\\/index.php\\\/2024\\\/06\\\/16\\\/un-g7-a-taranto-opportunita-per-infrastrutture-sviluppo-economico-e-efficienza-amministrativa\\\/#respond\"]}]},{\"@type\":\"WebPage\",\"@id\":\"https:\\\/\\\/lavocedelpaese.info\\\/index.php\\\/2024\\\/06\\\/16\\\/un-g7-a-taranto-opportunita-per-infrastrutture-sviluppo-economico-e-efficienza-amministrativa\\\/\",\"url\":\"https:\\\/\\\/lavocedelpaese.info\\\/index.php\\\/2024\\\/06\\\/16\\\/un-g7-a-taranto-opportunita-per-infrastrutture-sviluppo-economico-e-efficienza-amministrativa\\\/\",\"name\":\"Un G7 a Taranto: opportunit\u00e0 per infrastrutture, sviluppo economico e efficienza amministrativa - La Voce del Paese\",\"isPartOf\":{\"@id\":\"https:\\\/\\\/lavocedelpaese.info\\\/#website\"},\"primaryImageOfPage\":{\"@id\":\"https:\\\/\\\/lavocedelpaese.info\\\/index.php\\\/2024\\\/06\\\/16\\\/un-g7-a-taranto-opportunita-per-infrastrutture-sviluppo-economico-e-efficienza-amministrativa\\\/#primaryimage\"},\"image\":{\"@id\":\"https:\\\/\\\/lavocedelpaese.info\\\/index.php\\\/2024\\\/06\\\/16\\\/un-g7-a-taranto-opportunita-per-infrastrutture-sviluppo-economico-e-efficienza-amministrativa\\\/#primaryimage\"},\"thumbnailUrl\":\"https:\\\/\\\/lavocedelpaese.info\\\/wp-content\\\/uploads\\\/2024\\\/06\\\/taranto-lungomare.jpg\",\"datePublished\":\"2024-06-16T22:55:06+00:00\",\"dateModified\":\"2024-06-16T22:55:12+00:00\",\"breadcrumb\":{\"@id\":\"https:\\\/\\\/lavocedelpaese.info\\\/index.php\\\/2024\\\/06\\\/16\\\/un-g7-a-taranto-opportunita-per-infrastrutture-sviluppo-economico-e-efficienza-amministrativa\\\/#breadcrumb\"},\"inLanguage\":\"it-IT\",\"potentialAction\":[{\"@type\":\"ReadAction\",\"target\":[\"https:\\\/\\\/lavocedelpaese.info\\\/index.php\\\/2024\\\/06\\\/16\\\/un-g7-a-taranto-opportunita-per-infrastrutture-sviluppo-economico-e-efficienza-amministrativa\\\/\"]}]},{\"@type\":\"ImageObject\",\"inLanguage\":\"it-IT\",\"@id\":\"https:\\\/\\\/lavocedelpaese.info\\\/index.php\\\/2024\\\/06\\\/16\\\/un-g7-a-taranto-opportunita-per-infrastrutture-sviluppo-economico-e-efficienza-amministrativa\\\/#primaryimage\",\"url\":\"https:\\\/\\\/lavocedelpaese.info\\\/wp-content\\\/uploads\\\/2024\\\/06\\\/taranto-lungomare.jpg\",\"contentUrl\":\"https:\\\/\\\/lavocedelpaese.info\\\/wp-content\\\/uploads\\\/2024\\\/06\\\/taranto-lungomare.jpg\",\"width\":580,\"height\":374},{\"@type\":\"BreadcrumbList\",\"@id\":\"https:\\\/\\\/lavocedelpaese.info\\\/index.php\\\/2024\\\/06\\\/16\\\/un-g7-a-taranto-opportunita-per-infrastrutture-sviluppo-economico-e-efficienza-amministrativa\\\/#breadcrumb\",\"itemListElement\":[{\"@type\":\"ListItem\",\"position\":1,\"name\":\"Home\",\"item\":\"https:\\\/\\\/lavocedelpaese.info\\\/\"},{\"@type\":\"ListItem\",\"position\":2,\"name\":\"Un G7 a Taranto: opportunit\u00e0 per infrastrutture, sviluppo economico e efficienza amministrativa\"}]},{\"@type\":\"WebSite\",\"@id\":\"https:\\\/\\\/lavocedelpaese.info\\\/#website\",\"url\":\"https:\\\/\\\/lavocedelpaese.info\\\/\",\"name\":\"La Voce del Paese\",\"description\":\"Un network di idee\",\"publisher\":{\"@id\":\"https:\\\/\\\/lavocedelpaese.info\\\/#organization\"},\"potentialAction\":[{\"@type\":\"SearchAction\",\"target\":{\"@type\":\"EntryPoint\",\"urlTemplate\":\"https:\\\/\\\/lavocedelpaese.info\\\/?s={search_term_string}\"},\"query-input\":{\"@type\":\"PropertyValueSpecification\",\"valueRequired\":true,\"valueName\":\"search_term_string\"}}],\"inLanguage\":\"it-IT\"},{\"@type\":\"Organization\",\"@id\":\"https:\\\/\\\/lavocedelpaese.info\\\/#organization\",\"name\":\"La Voce del Paese\",\"url\":\"https:\\\/\\\/lavocedelpaese.info\\\/\",\"logo\":{\"@type\":\"ImageObject\",\"inLanguage\":\"it-IT\",\"@id\":\"https:\\\/\\\/lavocedelpaese.info\\\/#\\\/schema\\\/logo\\\/image\\\/\",\"url\":\"https:\\\/\\\/lavocedelpaese.info\\\/wp-content\\\/uploads\\\/2023\\\/01\\\/cropped-logo-150-127.png\",\"contentUrl\":\"https:\\\/\\\/lavocedelpaese.info\\\/wp-content\\\/uploads\\\/2023\\\/01\\\/cropped-logo-150-127.png\",\"width\":137,\"height\":119,\"caption\":\"La Voce del Paese\"},\"image\":{\"@id\":\"https:\\\/\\\/lavocedelpaese.info\\\/#\\\/schema\\\/logo\\\/image\\\/\"},\"sameAs\":[\"https:\\\/\\\/www.facebook.com\\\/lavocedelpaese.info\"]},{\"@type\":\"Person\",\"@id\":\"https:\\\/\\\/lavocedelpaese.info\\\/#\\\/schema\\\/person\\\/ec151d321306bd7591f7a061abf72d88\",\"name\":\"admin\",\"image\":{\"@type\":\"ImageObject\",\"inLanguage\":\"it-IT\",\"@id\":\"https:\\\/\\\/secure.gravatar.com\\\/avatar\\\/af8f2caf0663124588de48a9380e07cbc95a74ef15b8062d0d39106c32fe3023?s=96&d=mm&r=g\",\"url\":\"https:\\\/\\\/secure.gravatar.com\\\/avatar\\\/af8f2caf0663124588de48a9380e07cbc95a74ef15b8062d0d39106c32fe3023?s=96&d=mm&r=g\",\"contentUrl\":\"https:\\\/\\\/secure.gravatar.com\\\/avatar\\\/af8f2caf0663124588de48a9380e07cbc95a74ef15b8062d0d39106c32fe3023?s=96&d=mm&r=g\",\"caption\":\"admin\"},\"sameAs\":[\"https:\\\/\\\/lavocedelpaese.info\"],\"url\":\"https:\\\/\\\/lavocedelpaese.info\\\/index.php\\\/author\\\/admin\\\/\"}]}<\/script>\n<!-- \/ Yoast SEO plugin. -->","yoast_head_json":{"title":"Un G7 a Taranto: opportunit\u00e0 per infrastrutture, sviluppo economico e efficienza amministrativa - La Voce del Paese","robots":{"index":"index","follow":"follow","max-snippet":"max-snippet:-1","max-image-preview":"max-image-preview:large","max-video-preview":"max-video-preview:-1"},"canonical":"https:\/\/lavocedelpaese.info\/index.php\/2024\/06\/16\/un-g7-a-taranto-opportunita-per-infrastrutture-sviluppo-economico-e-efficienza-amministrativa\/","og_locale":"it_IT","og_type":"article","og_title":"Un G7 a Taranto: opportunit\u00e0 per infrastrutture, sviluppo economico e efficienza amministrativa - La Voce del Paese","og_description":"L&#8217;articolo di Giovanni Saracino, pubblicato il 15 giugno 2024 sul Corriere di Taranto, esprime il desiderio di organizzare un G7","og_url":"https:\/\/lavocedelpaese.info\/index.php\/2024\/06\/16\/un-g7-a-taranto-opportunita-per-infrastrutture-sviluppo-economico-e-efficienza-amministrativa\/","og_site_name":"La Voce del Paese","article_publisher":"https:\/\/www.facebook.com\/lavocedelpaese.info","article_published_time":"2024-06-16T22:55:06+00:00","article_modified_time":"2024-06-16T22:55:12+00:00","og_image":[{"width":580,"height":374,"url":"https:\/\/lavocedelpaese.info\/wp-content\/uploads\/2024\/06\/taranto-lungomare.jpg","type":"image\/jpeg"}],"author":"admin","twitter_card":"summary_large_image","twitter_misc":{"Scritto da":"admin","Tempo di lettura stimato":"5 minuti"},"schema":{"@context":"https:\/\/schema.org","@graph":[{"@type":"Article","@id":"https:\/\/lavocedelpaese.info\/index.php\/2024\/06\/16\/un-g7-a-taranto-opportunita-per-infrastrutture-sviluppo-economico-e-efficienza-amministrativa\/#article","isPartOf":{"@id":"https:\/\/lavocedelpaese.info\/index.php\/2024\/06\/16\/un-g7-a-taranto-opportunita-per-infrastrutture-sviluppo-economico-e-efficienza-amministrativa\/"},"author":{"name":"admin","@id":"https:\/\/lavocedelpaese.info\/#\/schema\/person\/ec151d321306bd7591f7a061abf72d88"},"headline":"Un G7 a Taranto: opportunit\u00e0 per infrastrutture, sviluppo economico e efficienza amministrativa","datePublished":"2024-06-16T22:55:06+00:00","dateModified":"2024-06-16T22:55:12+00:00","mainEntityOfPage":{"@id":"https:\/\/lavocedelpaese.info\/index.php\/2024\/06\/16\/un-g7-a-taranto-opportunita-per-infrastrutture-sviluppo-economico-e-efficienza-amministrativa\/"},"wordCount":884,"commentCount":0,"publisher":{"@id":"https:\/\/lavocedelpaese.info\/#organization"},"image":{"@id":"https:\/\/lavocedelpaese.info\/index.php\/2024\/06\/16\/un-g7-a-taranto-opportunita-per-infrastrutture-sviluppo-economico-e-efficienza-amministrativa\/#primaryimage"},"thumbnailUrl":"https:\/\/lavocedelpaese.info\/wp-content\/uploads\/2024\/06\/taranto-lungomare.jpg","articleSection":["Attualit\u00e0"],"inLanguage":"it-IT","potentialAction":[{"@type":"CommentAction","name":"Comment","target":["https:\/\/lavocedelpaese.info\/index.php\/2024\/06\/16\/un-g7-a-taranto-opportunita-per-infrastrutture-sviluppo-economico-e-efficienza-amministrativa\/#respond"]}]},{"@type":"WebPage","@id":"https:\/\/lavocedelpaese.info\/index.php\/2024\/06\/16\/un-g7-a-taranto-opportunita-per-infrastrutture-sviluppo-economico-e-efficienza-amministrativa\/","url":"https:\/\/lavocedelpaese.info\/index.php\/2024\/06\/16\/un-g7-a-taranto-opportunita-per-infrastrutture-sviluppo-economico-e-efficienza-amministrativa\/","name":"Un G7 a Taranto: opportunit\u00e0 per infrastrutture, sviluppo economico e efficienza amministrativa - La Voce del Paese","isPartOf":{"@id":"https:\/\/lavocedelpaese.info\/#website"},"primaryImageOfPage":{"@id":"https:\/\/lavocedelpaese.info\/index.php\/2024\/06\/16\/un-g7-a-taranto-opportunita-per-infrastrutture-sviluppo-economico-e-efficienza-amministrativa\/#primaryimage"},"image":{"@id":"https:\/\/lavocedelpaese.info\/index.php\/2024\/06\/16\/un-g7-a-taranto-opportunita-per-infrastrutture-sviluppo-economico-e-efficienza-amministrativa\/#primaryimage"},"thumbnailUrl":"https:\/\/lavocedelpaese.info\/wp-content\/uploads\/2024\/06\/taranto-lungomare.jpg","datePublished":"2024-06-16T22:55:06+00:00","dateModified":"2024-06-16T22:55:12+00:00","breadcrumb":{"@id":"https:\/\/lavocedelpaese.info\/index.php\/2024\/06\/16\/un-g7-a-taranto-opportunita-per-infrastrutture-sviluppo-economico-e-efficienza-amministrativa\/#breadcrumb"},"inLanguage":"it-IT","potentialAction":[{"@type":"ReadAction","target":["https:\/\/lavocedelpaese.info\/index.php\/2024\/06\/16\/un-g7-a-taranto-opportunita-per-infrastrutture-sviluppo-economico-e-efficienza-amministrativa\/"]}]},{"@type":"ImageObject","inLanguage":"it-IT","@id":"https:\/\/lavocedelpaese.info\/index.php\/2024\/06\/16\/un-g7-a-taranto-opportunita-per-infrastrutture-sviluppo-economico-e-efficienza-amministrativa\/#primaryimage","url":"https:\/\/lavocedelpaese.info\/wp-content\/uploads\/2024\/06\/taranto-lungomare.jpg","contentUrl":"https:\/\/lavocedelpaese.info\/wp-content\/uploads\/2024\/06\/taranto-lungomare.jpg","width":580,"height":374},{"@type":"BreadcrumbList","@id":"https:\/\/lavocedelpaese.info\/index.php\/2024\/06\/16\/un-g7-a-taranto-opportunita-per-infrastrutture-sviluppo-economico-e-efficienza-amministrativa\/#breadcrumb","itemListElement":[{"@type":"ListItem","position":1,"name":"Home","item":"https:\/\/lavocedelpaese.info\/"},{"@type":"ListItem","position":2,"name":"Un G7 a Taranto: opportunit\u00e0 per infrastrutture, sviluppo economico e efficienza amministrativa"}]},{"@type":"WebSite","@id":"https:\/\/lavocedelpaese.info\/#website","url":"https:\/\/lavocedelpaese.info\/","name":"La Voce del Paese","description":"Un network di idee","publisher":{"@id":"https:\/\/lavocedelpaese.info\/#organization"},"potentialAction":[{"@type":"SearchAction","target":{"@type":"EntryPoint","urlTemplate":"https:\/\/lavocedelpaese.info\/?s={search_term_string}"},"query-input":{"@type":"PropertyValueSpecification","valueRequired":true,"valueName":"search_term_string"}}],"inLanguage":"it-IT"},{"@type":"Organization","@id":"https:\/\/lavocedelpaese.info\/#organization","name":"La Voce del Paese","url":"https:\/\/lavocedelpaese.info\/","logo":{"@type":"ImageObject","inLanguage":"it-IT","@id":"https:\/\/lavocedelpaese.info\/#\/schema\/logo\/image\/","url":"https:\/\/lavocedelpaese.info\/wp-content\/uploads\/2023\/01\/cropped-logo-150-127.png","contentUrl":"https:\/\/lavocedelpaese.info\/wp-content\/uploads\/2023\/01\/cropped-logo-150-127.png","width":137,"height":119,"caption":"La Voce del Paese"},"image":{"@id":"https:\/\/lavocedelpaese.info\/#\/schema\/logo\/image\/"},"sameAs":["https:\/\/www.facebook.com\/lavocedelpaese.info"]},{"@type":"Person","@id":"https:\/\/lavocedelpaese.info\/#\/schema\/person\/ec151d321306bd7591f7a061abf72d88","name":"admin","image":{"@type":"ImageObject","inLanguage":"it-IT","@id":"https:\/\/secure.gravatar.com\/avatar\/af8f2caf0663124588de48a9380e07cbc95a74ef15b8062d0d39106c32fe3023?s=96&d=mm&r=g","url":"https:\/\/secure.gravatar.com\/avatar\/af8f2caf0663124588de48a9380e07cbc95a74ef15b8062d0d39106c32fe3023?s=96&d=mm&r=g","contentUrl":"https:\/\/secure.gravatar.com\/avatar\/af8f2caf0663124588de48a9380e07cbc95a74ef15b8062d0d39106c32fe3023?s=96&d=mm&r=g","caption":"admin"},"sameAs":["https:\/\/lavocedelpaese.info"],"url":"https:\/\/lavocedelpaese.info\/index.php\/author\/admin\/"}]}},"_links":{"self":[{"href":"https:\/\/lavocedelpaese.info\/index.php\/wp-json\/wp\/v2\/posts\/2370","targetHints":{"allow":["GET"]}}],"collection":[{"href":"https:\/\/lavocedelpaese.info\/index.php\/wp-json\/wp\/v2\/posts"}],"about":[{"href":"https:\/\/lavocedelpaese.info\/index.php\/wp-json\/wp\/v2\/types\/post"}],"author":[{"embeddable":true,"href":"https:\/\/lavocedelpaese.info\/index.php\/wp-json\/wp\/v2\/users\/6"}],"replies":[{"embeddable":true,"href":"https:\/\/lavocedelpaese.info\/index.php\/wp-json\/wp\/v2\/comments?post=2370"}],"version-history":[{"count":1,"href":"https:\/\/lavocedelpaese.info\/index.php\/wp-json\/wp\/v2\/posts\/2370\/revisions"}],"predecessor-version":[{"id":2372,"href":"https:\/\/lavocedelpaese.info\/index.php\/wp-json\/wp\/v2\/posts\/2370\/revisions\/2372"}],"wp:featuredmedia":[{"embeddable":true,"href":"https:\/\/lavocedelpaese.info\/index.php\/wp-json\/wp\/v2\/media\/2371"}],"wp:attachment":[{"href":"https:\/\/lavocedelpaese.info\/index.php\/wp-json\/wp\/v2\/media?parent=2370"}],"wp:term":[{"taxonomy":"category","embeddable":true,"href":"https:\/\/lavocedelpaese.info\/index.php\/wp-json\/wp\/v2\/categories?post=2370"},{"taxonomy":"post_tag","embeddable":true,"href":"https:\/\/lavocedelpaese.info\/index.php\/wp-json\/wp\/v2\/tags?post=2370"}],"curies":[{"name":"wp","href":"https:\/\/api.w.org\/{rel}","templated":true}]}}