{"id":2366,"date":"2024-06-15T23:02:19","date_gmt":"2024-06-15T23:02:19","guid":{"rendered":"https:\/\/lavocedelpaese.info\/?p=2366"},"modified":"2024-06-15T23:02:21","modified_gmt":"2024-06-15T23:02:21","slug":"matria-2-celebrazione-delle-minoranze-linguistiche-in-puglia","status":"publish","type":"post","link":"https:\/\/lavocedelpaese.info\/index.php\/2024\/06\/15\/matria-2-celebrazione-delle-minoranze-linguistiche-in-puglia\/","title":{"rendered":"\u201cMatria 2\u201d: celebrazione delle minoranze linguistiche in Puglia"},"content":{"rendered":"\n<p>La seconda edizione del progetto &#8220;Matria. Le lingue di ieri, di oggi, di domani&#8221; giunge alle fasi finali con una serie di eventi che celebrano il patrimonio linguistico e culturale delle minoranze linguistiche presenti in Puglia. Sostenuto dall&#8217;assessore all&#8217;Istruzione Sebastiano Leo, il progetto mira a valorizzare le comunit\u00e0 francoprovenzale, grika e arb\u00ebresh\u00eb attraverso concerti, spettacoli, proiezioni e degustazioni che si svolgeranno in diverse localit\u00e0 della regione, dai Monti Dauni alla Grec\u00eca Salentina. L&#8217;iniziativa ha coinvolto non solo studenti pugliesi ma anche ragazzi di Molise, Calabria e Piemonte, in un gemellaggio che ha rafforzato il senso di comunit\u00e0. Gli eventi finali, che includono visite guidate, esibizioni artistiche e proiezioni di cortometraggi, si terranno tra giugno e agosto, culminando nel Concertone di Melpignano.<\/p>\n\n\n\n<p>La conclusione della seconda edizione del progetto &#8220;Matria. Le lingue di ieri, di oggi, di domani&#8221; rappresenta un significativo traguardo per la valorizzazione del patrimonio culturale e linguistico delle minoranze in Puglia. Questo progetto, sostenuto dall&#8217;assessore all&#8217;Istruzione Sebastiano Leo, ha messo in luce l&#8217;importanza del multiculturalismo, dell&#8217;integrazione e della tolleranza, caratteristiche che la regione custodisce da secoli. La Puglia, infatti, \u00e8 sede di tre isole linguistiche: le comunit\u00e0 francoprovenzale, grika e arb\u00ebresh\u00eb, che non solo preservano le loro tradizioni ma anche contribuiscono alla diversit\u00e0 culturale del territorio. Gli eventi finali del progetto, che si svolgeranno tra giugno e agosto, coinvolgeranno varie localit\u00e0 pugliesi, dai Monti Dauni alla Grec\u00eca Salentina, offrendo una serie di iniziative culturali come concerti, spettacoli, proiezioni e degustazioni.<\/p>\n\n\n\n<p>L&#8217;assessore Leo ha sottolineato come la Puglia stia diventando un modello a livello nazionale per la tutela delle minoranze linguistiche. Questo \u00e8 stato reso possibile grazie alla collaborazione con diverse istituzioni e agenzie regionali come Apulia Film Commission, Teatro Pubblico Pugliese e Fondazione La Notte della Taranta. Il progetto ha coinvolto non solo studenti pugliesi ma anche ragazzi provenienti da Molise, Calabria e Piemonte, creando un gemellaggio che ha rafforzato il senso di appartenenza a una comunit\u00e0 pi\u00f9 ampia. Questo scambio culturale ha permesso ai giovani di sentirsi parte di una rete pi\u00f9 vasta, dove le loro radici linguistiche e culturali sono riconosciute e celebrate.<\/p>\n\n\n\n<p>Gli eventi finali di &#8220;Matria 2&#8221; inizieranno il 16 giugno a Faeto con &#8220;La festa di Paese&#8221;, un evento itinerante che includer\u00e0 recital, danze, visite guidate, canti, musica e degustazioni. Questo evento metter\u00e0 in risalto la cultura francoprovenzale e sar\u00e0 seguito da altre iniziative simili. L&#8217;importanza di questi eventi non risiede solo nella celebrazione delle tradizioni ma anche nel coinvolgimento delle giovani generazioni, che attraverso laboratori e attivit\u00e0 pratiche, imparano a valorizzare e preservare le proprie radici culturali.<\/p>\n\n\n\n<p>Il 22 agosto, a Martano, si terr\u00e0 un evento conclusivo organizzato da Apulia Film Commission, che vedr\u00e0 la presentazione di tre cortometraggi realizzati dagli studenti sotto la guida del regista Vincenzo Ardito. Questi cortometraggi non solo celebrano la minoranza grika ma dimostrano anche come l&#8217;innovazione e la creativit\u00e0 possano essere strumenti potenti per la conservazione della cultura. Coinvolgere i giovani in attivit\u00e0 di produzione cinematografica li aiuta a sviluppare competenze tecniche e artistiche, fornendo al contempo una piattaforma per esprimere la loro identit\u00e0 culturale.<\/p>\n\n\n\n<p>Il gran finale del progetto si terr\u00e0 il 24 agosto a Melpignano, dove gli studenti delle minoranze arb\u00ebresh\u00eb parteciperanno a uno spettacolo di musica e danza che aprir\u00e0 il tradizionale Concertone di Melpignano. Questo evento sar\u00e0 un viaggio nella sonorit\u00e0 e nella poetica della lingua arb\u00ebresh\u00eb, unendo tradizione e modernit\u00e0 in una celebrazione collettiva. Il coinvolgimento degli studenti in questi laboratori musicali e coreutici, coadiuvati dai musicisti dell\u2019Orchestra Popolare e dai ballerini del Corpo di Ballo Taranta, non solo arricchisce la loro formazione artistica ma rafforza anche il loro legame con la tradizione culturale.<\/p>\n\n\n\n<p>Le implicazioni di questo progetto sono molteplici. Da un lato, &#8220;Matria 2&#8221; contribuisce alla preservazione e alla promozione delle lingue minoritarie, che rischiano di scomparire se non adeguatamente sostenute. La trasmissione di queste lingue alle nuove generazioni \u00e8 fondamentale per mantenerle vive e vitali. Dall&#8217;altro lato, il progetto favorisce l&#8217;integrazione e il dialogo interculturale, elementi essenziali in una societ\u00e0 sempre pi\u00f9 globalizzata. In un&#8217;epoca in cui le identit\u00e0 culturali possono essere minacciate dall&#8217;omogeneizzazione, iniziative come &#8220;Matria 2&#8221; offrono un esempio virtuoso di come le comunit\u00e0 locali possano celebrare e valorizzare la loro diversit\u00e0.<\/p>\n\n\n\n<p>Inoltre, il progetto ha un impatto significativo sul turismo culturale in Puglia. Gli eventi organizzati attirano non solo i residenti ma anche visitatori da altre regioni e paesi, contribuendo all&#8217;economia locale e promuovendo la Puglia come una destinazione culturale. La valorizzazione delle tradizioni locali, attraverso eventi culturali e laboratori, rende la regione pi\u00f9 attraente per i turisti interessati a esperienze autentiche e profonde.<\/p>\n\n\n\n<p>Infine, &#8220;Matria 2&#8221; dimostra l&#8217;importanza della collaborazione tra istituzioni pubbliche e private, scuole e comunit\u00e0 locali. Il successo del progetto \u00e8 il risultato di un lavoro congiunto che coinvolge diversi attori, tutti impegnati a raggiungere un obiettivo comune: la valorizzazione del patrimonio culturale e linguistico della Puglia. Questo modello di collaborazione pu\u00f2 servire da esempio per altre regioni italiane e non solo, mostrando come la sinergia tra diversi settori possa portare a risultati positivi e duraturi.<\/p>\n\n\n\n<p>In conclusione, il progetto &#8220;Matria. Le lingue di ieri, di oggi, di domani&#8221; rappresenta una scommessa vinta per la Regione Puglia. Ha dimostrato che \u00e8 possibile valorizzare le minoranze linguistiche attraverso iniziative culturali che coinvolgono e ispirano le nuove generazioni. Ha creato un senso di comunit\u00e0 pi\u00f9 ampio, promuovendo il dialogo interculturale e contribuendo allo sviluppo economico locale. Le implicazioni di questo progetto sono profonde e durature, offrendo un modello di successo che pu\u00f2 essere replicato in altre regioni e contesti. La celebrazione delle lingue e delle culture minoritarie non \u00e8 solo una questione di preservazione del passato, ma una risorsa preziosa per costruire un futuro pi\u00f9 inclusivo e ricco di diversit\u00e0.<\/p>\n","protected":false},"excerpt":{"rendered":"<p>La seconda edizione del progetto &#8220;Matria. Le lingue di ieri, di oggi, di domani&#8221; giunge alle fasi finali con una<\/p>\n","protected":false},"author":6,"featured_media":2367,"comment_status":"open","ping_status":"closed","sticky":false,"template":"","format":"standard","meta":{"colormag_page_container_layout":"default_layout","colormag_page_sidebar_layout":"default_layout","footnotes":""},"categories":[5,34],"tags":[],"class_list":["post-2366","post","type-post","status-publish","format-standard","has-post-thumbnail","hentry","category-cultura","category-box-laterali-blocco-1"],"yoast_head":"<!-- This site is optimized with the Yoast SEO plugin v27.5 - https:\/\/yoast.com\/product\/yoast-seo-wordpress\/ -->\n<title>\u201cMatria 2\u201d: celebrazione delle minoranze linguistiche in Puglia - La Voce del Paese<\/title>\n<meta name=\"robots\" content=\"index, follow, max-snippet:-1, max-image-preview:large, max-video-preview:-1\" \/>\n<link rel=\"canonical\" href=\"https:\/\/lavocedelpaese.info\/index.php\/2024\/06\/15\/matria-2-celebrazione-delle-minoranze-linguistiche-in-puglia\/\" \/>\n<meta property=\"og:locale\" content=\"it_IT\" \/>\n<meta property=\"og:type\" content=\"article\" \/>\n<meta property=\"og:title\" content=\"\u201cMatria 2\u201d: celebrazione delle minoranze linguistiche in Puglia - La Voce del Paese\" \/>\n<meta property=\"og:description\" content=\"La seconda edizione del progetto &#8220;Matria. Le lingue di ieri, di oggi, di domani&#8221; giunge alle fasi finali con una\" \/>\n<meta property=\"og:url\" content=\"https:\/\/lavocedelpaese.info\/index.php\/2024\/06\/15\/matria-2-celebrazione-delle-minoranze-linguistiche-in-puglia\/\" \/>\n<meta property=\"og:site_name\" content=\"La Voce del Paese\" \/>\n<meta property=\"article:publisher\" content=\"https:\/\/www.facebook.com\/lavocedelpaese.info\" \/>\n<meta property=\"article:published_time\" content=\"2024-06-15T23:02:19+00:00\" \/>\n<meta property=\"article:modified_time\" content=\"2024-06-15T23:02:21+00:00\" \/>\n<meta property=\"og:image\" content=\"https:\/\/lavocedelpaese.info\/wp-content\/uploads\/2024\/06\/matria-2.webp\" \/>\n\t<meta property=\"og:image:width\" content=\"690\" \/>\n\t<meta property=\"og:image:height\" content=\"800\" \/>\n\t<meta property=\"og:image:type\" content=\"image\/webp\" \/>\n<meta name=\"author\" content=\"admin\" \/>\n<meta name=\"twitter:card\" content=\"summary_large_image\" \/>\n<meta name=\"twitter:label1\" content=\"Scritto da\" \/>\n\t<meta name=\"twitter:data1\" content=\"admin\" \/>\n\t<meta name=\"twitter:label2\" content=\"Tempo di lettura stimato\" \/>\n\t<meta name=\"twitter:data2\" content=\"6 minuti\" \/>\n<script type=\"application\/ld+json\" class=\"yoast-schema-graph\">{\"@context\":\"https:\\\/\\\/schema.org\",\"@graph\":[{\"@type\":\"Article\",\"@id\":\"https:\\\/\\\/lavocedelpaese.info\\\/index.php\\\/2024\\\/06\\\/15\\\/matria-2-celebrazione-delle-minoranze-linguistiche-in-puglia\\\/#article\",\"isPartOf\":{\"@id\":\"https:\\\/\\\/lavocedelpaese.info\\\/index.php\\\/2024\\\/06\\\/15\\\/matria-2-celebrazione-delle-minoranze-linguistiche-in-puglia\\\/\"},\"author\":{\"name\":\"admin\",\"@id\":\"https:\\\/\\\/lavocedelpaese.info\\\/#\\\/schema\\\/person\\\/ec151d321306bd7591f7a061abf72d88\"},\"headline\":\"\u201cMatria 2\u201d: celebrazione delle minoranze linguistiche in Puglia\",\"datePublished\":\"2024-06-15T23:02:19+00:00\",\"dateModified\":\"2024-06-15T23:02:21+00:00\",\"mainEntityOfPage\":{\"@id\":\"https:\\\/\\\/lavocedelpaese.info\\\/index.php\\\/2024\\\/06\\\/15\\\/matria-2-celebrazione-delle-minoranze-linguistiche-in-puglia\\\/\"},\"wordCount\":964,\"commentCount\":0,\"publisher\":{\"@id\":\"https:\\\/\\\/lavocedelpaese.info\\\/#organization\"},\"image\":{\"@id\":\"https:\\\/\\\/lavocedelpaese.info\\\/index.php\\\/2024\\\/06\\\/15\\\/matria-2-celebrazione-delle-minoranze-linguistiche-in-puglia\\\/#primaryimage\"},\"thumbnailUrl\":\"https:\\\/\\\/lavocedelpaese.info\\\/wp-content\\\/uploads\\\/2024\\\/06\\\/matria-2.webp\",\"articleSection\":[\"Cultura\",\"primo piano\"],\"inLanguage\":\"it-IT\",\"potentialAction\":[{\"@type\":\"CommentAction\",\"name\":\"Comment\",\"target\":[\"https:\\\/\\\/lavocedelpaese.info\\\/index.php\\\/2024\\\/06\\\/15\\\/matria-2-celebrazione-delle-minoranze-linguistiche-in-puglia\\\/#respond\"]}]},{\"@type\":\"WebPage\",\"@id\":\"https:\\\/\\\/lavocedelpaese.info\\\/index.php\\\/2024\\\/06\\\/15\\\/matria-2-celebrazione-delle-minoranze-linguistiche-in-puglia\\\/\",\"url\":\"https:\\\/\\\/lavocedelpaese.info\\\/index.php\\\/2024\\\/06\\\/15\\\/matria-2-celebrazione-delle-minoranze-linguistiche-in-puglia\\\/\",\"name\":\"\u201cMatria 2\u201d: celebrazione delle minoranze linguistiche in Puglia - La Voce del Paese\",\"isPartOf\":{\"@id\":\"https:\\\/\\\/lavocedelpaese.info\\\/#website\"},\"primaryImageOfPage\":{\"@id\":\"https:\\\/\\\/lavocedelpaese.info\\\/index.php\\\/2024\\\/06\\\/15\\\/matria-2-celebrazione-delle-minoranze-linguistiche-in-puglia\\\/#primaryimage\"},\"image\":{\"@id\":\"https:\\\/\\\/lavocedelpaese.info\\\/index.php\\\/2024\\\/06\\\/15\\\/matria-2-celebrazione-delle-minoranze-linguistiche-in-puglia\\\/#primaryimage\"},\"thumbnailUrl\":\"https:\\\/\\\/lavocedelpaese.info\\\/wp-content\\\/uploads\\\/2024\\\/06\\\/matria-2.webp\",\"datePublished\":\"2024-06-15T23:02:19+00:00\",\"dateModified\":\"2024-06-15T23:02:21+00:00\",\"breadcrumb\":{\"@id\":\"https:\\\/\\\/lavocedelpaese.info\\\/index.php\\\/2024\\\/06\\\/15\\\/matria-2-celebrazione-delle-minoranze-linguistiche-in-puglia\\\/#breadcrumb\"},\"inLanguage\":\"it-IT\",\"potentialAction\":[{\"@type\":\"ReadAction\",\"target\":[\"https:\\\/\\\/lavocedelpaese.info\\\/index.php\\\/2024\\\/06\\\/15\\\/matria-2-celebrazione-delle-minoranze-linguistiche-in-puglia\\\/\"]}]},{\"@type\":\"ImageObject\",\"inLanguage\":\"it-IT\",\"@id\":\"https:\\\/\\\/lavocedelpaese.info\\\/index.php\\\/2024\\\/06\\\/15\\\/matria-2-celebrazione-delle-minoranze-linguistiche-in-puglia\\\/#primaryimage\",\"url\":\"https:\\\/\\\/lavocedelpaese.info\\\/wp-content\\\/uploads\\\/2024\\\/06\\\/matria-2.webp\",\"contentUrl\":\"https:\\\/\\\/lavocedelpaese.info\\\/wp-content\\\/uploads\\\/2024\\\/06\\\/matria-2.webp\",\"width\":690,\"height\":800},{\"@type\":\"BreadcrumbList\",\"@id\":\"https:\\\/\\\/lavocedelpaese.info\\\/index.php\\\/2024\\\/06\\\/15\\\/matria-2-celebrazione-delle-minoranze-linguistiche-in-puglia\\\/#breadcrumb\",\"itemListElement\":[{\"@type\":\"ListItem\",\"position\":1,\"name\":\"Home\",\"item\":\"https:\\\/\\\/lavocedelpaese.info\\\/\"},{\"@type\":\"ListItem\",\"position\":2,\"name\":\"\u201cMatria 2\u201d: celebrazione delle minoranze linguistiche in Puglia\"}]},{\"@type\":\"WebSite\",\"@id\":\"https:\\\/\\\/lavocedelpaese.info\\\/#website\",\"url\":\"https:\\\/\\\/lavocedelpaese.info\\\/\",\"name\":\"La Voce del Paese\",\"description\":\"Un network di idee\",\"publisher\":{\"@id\":\"https:\\\/\\\/lavocedelpaese.info\\\/#organization\"},\"potentialAction\":[{\"@type\":\"SearchAction\",\"target\":{\"@type\":\"EntryPoint\",\"urlTemplate\":\"https:\\\/\\\/lavocedelpaese.info\\\/?s={search_term_string}\"},\"query-input\":{\"@type\":\"PropertyValueSpecification\",\"valueRequired\":true,\"valueName\":\"search_term_string\"}}],\"inLanguage\":\"it-IT\"},{\"@type\":\"Organization\",\"@id\":\"https:\\\/\\\/lavocedelpaese.info\\\/#organization\",\"name\":\"La Voce del Paese\",\"url\":\"https:\\\/\\\/lavocedelpaese.info\\\/\",\"logo\":{\"@type\":\"ImageObject\",\"inLanguage\":\"it-IT\",\"@id\":\"https:\\\/\\\/lavocedelpaese.info\\\/#\\\/schema\\\/logo\\\/image\\\/\",\"url\":\"https:\\\/\\\/lavocedelpaese.info\\\/wp-content\\\/uploads\\\/2023\\\/01\\\/cropped-logo-150-127.png\",\"contentUrl\":\"https:\\\/\\\/lavocedelpaese.info\\\/wp-content\\\/uploads\\\/2023\\\/01\\\/cropped-logo-150-127.png\",\"width\":137,\"height\":119,\"caption\":\"La Voce del Paese\"},\"image\":{\"@id\":\"https:\\\/\\\/lavocedelpaese.info\\\/#\\\/schema\\\/logo\\\/image\\\/\"},\"sameAs\":[\"https:\\\/\\\/www.facebook.com\\\/lavocedelpaese.info\"]},{\"@type\":\"Person\",\"@id\":\"https:\\\/\\\/lavocedelpaese.info\\\/#\\\/schema\\\/person\\\/ec151d321306bd7591f7a061abf72d88\",\"name\":\"admin\",\"image\":{\"@type\":\"ImageObject\",\"inLanguage\":\"it-IT\",\"@id\":\"https:\\\/\\\/secure.gravatar.com\\\/avatar\\\/af8f2caf0663124588de48a9380e07cbc95a74ef15b8062d0d39106c32fe3023?s=96&d=mm&r=g\",\"url\":\"https:\\\/\\\/secure.gravatar.com\\\/avatar\\\/af8f2caf0663124588de48a9380e07cbc95a74ef15b8062d0d39106c32fe3023?s=96&d=mm&r=g\",\"contentUrl\":\"https:\\\/\\\/secure.gravatar.com\\\/avatar\\\/af8f2caf0663124588de48a9380e07cbc95a74ef15b8062d0d39106c32fe3023?s=96&d=mm&r=g\",\"caption\":\"admin\"},\"sameAs\":[\"https:\\\/\\\/lavocedelpaese.info\"],\"url\":\"https:\\\/\\\/lavocedelpaese.info\\\/index.php\\\/author\\\/admin\\\/\"}]}<\/script>\n<!-- \/ Yoast SEO plugin. -->","yoast_head_json":{"title":"\u201cMatria 2\u201d: celebrazione delle minoranze linguistiche in Puglia - La Voce del Paese","robots":{"index":"index","follow":"follow","max-snippet":"max-snippet:-1","max-image-preview":"max-image-preview:large","max-video-preview":"max-video-preview:-1"},"canonical":"https:\/\/lavocedelpaese.info\/index.php\/2024\/06\/15\/matria-2-celebrazione-delle-minoranze-linguistiche-in-puglia\/","og_locale":"it_IT","og_type":"article","og_title":"\u201cMatria 2\u201d: celebrazione delle minoranze linguistiche in Puglia - La Voce del Paese","og_description":"La seconda edizione del progetto &#8220;Matria. Le lingue di ieri, di oggi, di domani&#8221; giunge alle fasi finali con una","og_url":"https:\/\/lavocedelpaese.info\/index.php\/2024\/06\/15\/matria-2-celebrazione-delle-minoranze-linguistiche-in-puglia\/","og_site_name":"La Voce del Paese","article_publisher":"https:\/\/www.facebook.com\/lavocedelpaese.info","article_published_time":"2024-06-15T23:02:19+00:00","article_modified_time":"2024-06-15T23:02:21+00:00","og_image":[{"width":690,"height":800,"url":"https:\/\/lavocedelpaese.info\/wp-content\/uploads\/2024\/06\/matria-2.webp","type":"image\/webp"}],"author":"admin","twitter_card":"summary_large_image","twitter_misc":{"Scritto da":"admin","Tempo di lettura stimato":"6 minuti"},"schema":{"@context":"https:\/\/schema.org","@graph":[{"@type":"Article","@id":"https:\/\/lavocedelpaese.info\/index.php\/2024\/06\/15\/matria-2-celebrazione-delle-minoranze-linguistiche-in-puglia\/#article","isPartOf":{"@id":"https:\/\/lavocedelpaese.info\/index.php\/2024\/06\/15\/matria-2-celebrazione-delle-minoranze-linguistiche-in-puglia\/"},"author":{"name":"admin","@id":"https:\/\/lavocedelpaese.info\/#\/schema\/person\/ec151d321306bd7591f7a061abf72d88"},"headline":"\u201cMatria 2\u201d: celebrazione delle minoranze linguistiche in Puglia","datePublished":"2024-06-15T23:02:19+00:00","dateModified":"2024-06-15T23:02:21+00:00","mainEntityOfPage":{"@id":"https:\/\/lavocedelpaese.info\/index.php\/2024\/06\/15\/matria-2-celebrazione-delle-minoranze-linguistiche-in-puglia\/"},"wordCount":964,"commentCount":0,"publisher":{"@id":"https:\/\/lavocedelpaese.info\/#organization"},"image":{"@id":"https:\/\/lavocedelpaese.info\/index.php\/2024\/06\/15\/matria-2-celebrazione-delle-minoranze-linguistiche-in-puglia\/#primaryimage"},"thumbnailUrl":"https:\/\/lavocedelpaese.info\/wp-content\/uploads\/2024\/06\/matria-2.webp","articleSection":["Cultura","primo piano"],"inLanguage":"it-IT","potentialAction":[{"@type":"CommentAction","name":"Comment","target":["https:\/\/lavocedelpaese.info\/index.php\/2024\/06\/15\/matria-2-celebrazione-delle-minoranze-linguistiche-in-puglia\/#respond"]}]},{"@type":"WebPage","@id":"https:\/\/lavocedelpaese.info\/index.php\/2024\/06\/15\/matria-2-celebrazione-delle-minoranze-linguistiche-in-puglia\/","url":"https:\/\/lavocedelpaese.info\/index.php\/2024\/06\/15\/matria-2-celebrazione-delle-minoranze-linguistiche-in-puglia\/","name":"\u201cMatria 2\u201d: celebrazione delle minoranze linguistiche in Puglia - La Voce del Paese","isPartOf":{"@id":"https:\/\/lavocedelpaese.info\/#website"},"primaryImageOfPage":{"@id":"https:\/\/lavocedelpaese.info\/index.php\/2024\/06\/15\/matria-2-celebrazione-delle-minoranze-linguistiche-in-puglia\/#primaryimage"},"image":{"@id":"https:\/\/lavocedelpaese.info\/index.php\/2024\/06\/15\/matria-2-celebrazione-delle-minoranze-linguistiche-in-puglia\/#primaryimage"},"thumbnailUrl":"https:\/\/lavocedelpaese.info\/wp-content\/uploads\/2024\/06\/matria-2.webp","datePublished":"2024-06-15T23:02:19+00:00","dateModified":"2024-06-15T23:02:21+00:00","breadcrumb":{"@id":"https:\/\/lavocedelpaese.info\/index.php\/2024\/06\/15\/matria-2-celebrazione-delle-minoranze-linguistiche-in-puglia\/#breadcrumb"},"inLanguage":"it-IT","potentialAction":[{"@type":"ReadAction","target":["https:\/\/lavocedelpaese.info\/index.php\/2024\/06\/15\/matria-2-celebrazione-delle-minoranze-linguistiche-in-puglia\/"]}]},{"@type":"ImageObject","inLanguage":"it-IT","@id":"https:\/\/lavocedelpaese.info\/index.php\/2024\/06\/15\/matria-2-celebrazione-delle-minoranze-linguistiche-in-puglia\/#primaryimage","url":"https:\/\/lavocedelpaese.info\/wp-content\/uploads\/2024\/06\/matria-2.webp","contentUrl":"https:\/\/lavocedelpaese.info\/wp-content\/uploads\/2024\/06\/matria-2.webp","width":690,"height":800},{"@type":"BreadcrumbList","@id":"https:\/\/lavocedelpaese.info\/index.php\/2024\/06\/15\/matria-2-celebrazione-delle-minoranze-linguistiche-in-puglia\/#breadcrumb","itemListElement":[{"@type":"ListItem","position":1,"name":"Home","item":"https:\/\/lavocedelpaese.info\/"},{"@type":"ListItem","position":2,"name":"\u201cMatria 2\u201d: celebrazione delle minoranze linguistiche in Puglia"}]},{"@type":"WebSite","@id":"https:\/\/lavocedelpaese.info\/#website","url":"https:\/\/lavocedelpaese.info\/","name":"La Voce del Paese","description":"Un network di idee","publisher":{"@id":"https:\/\/lavocedelpaese.info\/#organization"},"potentialAction":[{"@type":"SearchAction","target":{"@type":"EntryPoint","urlTemplate":"https:\/\/lavocedelpaese.info\/?s={search_term_string}"},"query-input":{"@type":"PropertyValueSpecification","valueRequired":true,"valueName":"search_term_string"}}],"inLanguage":"it-IT"},{"@type":"Organization","@id":"https:\/\/lavocedelpaese.info\/#organization","name":"La Voce del Paese","url":"https:\/\/lavocedelpaese.info\/","logo":{"@type":"ImageObject","inLanguage":"it-IT","@id":"https:\/\/lavocedelpaese.info\/#\/schema\/logo\/image\/","url":"https:\/\/lavocedelpaese.info\/wp-content\/uploads\/2023\/01\/cropped-logo-150-127.png","contentUrl":"https:\/\/lavocedelpaese.info\/wp-content\/uploads\/2023\/01\/cropped-logo-150-127.png","width":137,"height":119,"caption":"La Voce del Paese"},"image":{"@id":"https:\/\/lavocedelpaese.info\/#\/schema\/logo\/image\/"},"sameAs":["https:\/\/www.facebook.com\/lavocedelpaese.info"]},{"@type":"Person","@id":"https:\/\/lavocedelpaese.info\/#\/schema\/person\/ec151d321306bd7591f7a061abf72d88","name":"admin","image":{"@type":"ImageObject","inLanguage":"it-IT","@id":"https:\/\/secure.gravatar.com\/avatar\/af8f2caf0663124588de48a9380e07cbc95a74ef15b8062d0d39106c32fe3023?s=96&d=mm&r=g","url":"https:\/\/secure.gravatar.com\/avatar\/af8f2caf0663124588de48a9380e07cbc95a74ef15b8062d0d39106c32fe3023?s=96&d=mm&r=g","contentUrl":"https:\/\/secure.gravatar.com\/avatar\/af8f2caf0663124588de48a9380e07cbc95a74ef15b8062d0d39106c32fe3023?s=96&d=mm&r=g","caption":"admin"},"sameAs":["https:\/\/lavocedelpaese.info"],"url":"https:\/\/lavocedelpaese.info\/index.php\/author\/admin\/"}]}},"_links":{"self":[{"href":"https:\/\/lavocedelpaese.info\/index.php\/wp-json\/wp\/v2\/posts\/2366","targetHints":{"allow":["GET"]}}],"collection":[{"href":"https:\/\/lavocedelpaese.info\/index.php\/wp-json\/wp\/v2\/posts"}],"about":[{"href":"https:\/\/lavocedelpaese.info\/index.php\/wp-json\/wp\/v2\/types\/post"}],"author":[{"embeddable":true,"href":"https:\/\/lavocedelpaese.info\/index.php\/wp-json\/wp\/v2\/users\/6"}],"replies":[{"embeddable":true,"href":"https:\/\/lavocedelpaese.info\/index.php\/wp-json\/wp\/v2\/comments?post=2366"}],"version-history":[{"count":1,"href":"https:\/\/lavocedelpaese.info\/index.php\/wp-json\/wp\/v2\/posts\/2366\/revisions"}],"predecessor-version":[{"id":2368,"href":"https:\/\/lavocedelpaese.info\/index.php\/wp-json\/wp\/v2\/posts\/2366\/revisions\/2368"}],"wp:featuredmedia":[{"embeddable":true,"href":"https:\/\/lavocedelpaese.info\/index.php\/wp-json\/wp\/v2\/media\/2367"}],"wp:attachment":[{"href":"https:\/\/lavocedelpaese.info\/index.php\/wp-json\/wp\/v2\/media?parent=2366"}],"wp:term":[{"taxonomy":"category","embeddable":true,"href":"https:\/\/lavocedelpaese.info\/index.php\/wp-json\/wp\/v2\/categories?post=2366"},{"taxonomy":"post_tag","embeddable":true,"href":"https:\/\/lavocedelpaese.info\/index.php\/wp-json\/wp\/v2\/tags?post=2366"}],"curies":[{"name":"wp","href":"https:\/\/api.w.org\/{rel}","templated":true}]}}