{"id":2354,"date":"2024-06-15T22:54:31","date_gmt":"2024-06-15T22:54:31","guid":{"rendered":"https:\/\/lavocedelpaese.info\/?p=2354"},"modified":"2024-06-15T22:54:32","modified_gmt":"2024-06-15T22:54:32","slug":"presentazione-della-mostra-g7-sette-secoli-di-arte-in-italia","status":"publish","type":"post","link":"https:\/\/lavocedelpaese.info\/index.php\/2024\/06\/15\/presentazione-della-mostra-g7-sette-secoli-di-arte-in-italia\/","title":{"rendered":"Presentazione della Mostra \u201cG7, Sette Secoli di Arte in Italia\u201d"},"content":{"rendered":"\n<p>L&#8217;assessore Viviana Matrangola ha partecipato alla presentazione della mostra &#8220;G7, sette secoli di arte in Italia&#8221;, che si terr\u00e0 al castello di Mesagne, Brindisi. L&#8217;evento, supportato dalla Regione Puglia e organizzato in collaborazione con il Ministero della Cultura, presenter\u00e0 opere di artisti come Raffaello, Leonardo, Lorenzo Lotto, Guido Reni, Antonio Canova, Pino Pascali e Alberto Burri. Durante la conferenza stampa a Bari, sono stati discussi l&#8217;impatto culturale e turistico della mostra, considerata la pi\u00f9 importante del Mezzogiorno, che contribuir\u00e0 alla crescita culturale della regione. L&#8217;inaugurazione \u00e8 prevista per il 16 giugno, e la mostra sar\u00e0 aperta fino al 30 novembre.<\/p>\n\n\n\n<p>La presentazione della mostra &#8220;G7, sette secoli di arte in Italia&#8221; al castello di Mesagne, con il sostegno della Regione Puglia e in collaborazione con il Ministero della Cultura, rappresenta un evento culturale di grande rilievo che va ben oltre l&#8217;esposizione delle opere d&#8217;arte. Questa iniziativa non solo mette in vetrina capolavori di artisti rinomati come Raffaello, Leonardo da Vinci, Lorenzo Lotto, Guido Reni, Antonio Canova, Pino Pascali e Alberto Burri, ma crea anche un&#8217;occasione unica per rafforzare l&#8217;identit\u00e0 culturale e stimolare il turismo nella regione. La mostra, curata con grande attenzione e senza soluzioni preconfezionate, \u00e8 un esempio eccellente di come l&#8217;arte possa fungere da catalizzatore per il sviluppo economico e sociale di una comunit\u00e0.<\/p>\n\n\n\n<p>La scelta del castello di Mesagne come sede della mostra \u00e8 particolarmente significativa. Questo antico edificio, gi\u00e0 un simbolo storico della citt\u00e0, si trasforma in un centro di attrazione culturale, dimostrando come i luoghi storici possano essere riutilizzati e valorizzati attraverso eventi culturali di alta qualit\u00e0. Il coinvolgimento delle istituzioni locali e regionali, nonch\u00e9 di agenzie come Puglia Walking Art, evidenzia un forte impegno congiunto verso la promozione culturale e turistica. La mostra non solo attirer\u00e0 visitatori locali, ma anche turisti nazionali e internazionali, contribuendo all\u2019economia locale e aumentando la visibilit\u00e0 della Puglia come destinazione culturale di primo piano.<\/p>\n\n\n\n<p>L&#8217;assessore Viviana Matrangola ha enfatizzato come questo evento coincida con il G7 della Politica, creando un parallelo simbolico tra il dialogo politico internazionale e il dialogo culturale attraverso l&#8217;arte. Questa associazione sottolinea l&#8217;importanza della cultura come strumento di diplomazia e connessione tra i popoli, evidenziando come l&#8217;arte possa riflettere e influenzare i cambiamenti sociali e politici. La presenza di opere di artisti che spaziano dal XIV al XX secolo offre una panoramica ricca e diversificata della storia dell&#8217;arte italiana, permettendo ai visitatori di esplorare le evoluzioni stilistiche e tematiche attraverso i secoli.<\/p>\n\n\n\n<p>Il coinvolgimento di altre regioni italiane, come il Piemonte, e la presenza di opere provenienti da collezioni private arricchiscono ulteriormente l&#8217;evento, rendendolo un&#8217;occasione irripetibile per vedere capolavori raramente accessibili al pubblico. La collaborazione tra diverse istituzioni culturali e la sinergia tra enti pubblici e privati dimostrano l&#8217;efficacia di un approccio integrato alla promozione culturale. Questa sinergia \u00e8 fondamentale per il successo di eventi di tale portata e pu\u00f2 servire da modello per altre iniziative simili.<\/p>\n\n\n\n<p>La mostra &#8220;G7, sette secoli di arte in Italia&#8221; ha il potenziale di generare un impatto duraturo sul territorio. Dal punto di vista economico, l&#8217;afflusso di turisti e appassionati d&#8217;arte contribuir\u00e0 all&#8217;indotto locale, beneficiando attivit\u00e0 commerciali, alberghi e ristoranti. Dal punto di vista culturale, l&#8217;evento offre un&#8217;importante opportunit\u00e0 educativa, sia per il pubblico generico sia per studenti e studiosi. I programmi collaterali, come laboratori, visite guidate e conferenze, arricchiranno l&#8217;offerta formativa e contribuiranno alla diffusione della conoscenza artistica.<\/p>\n\n\n\n<p>Un altro aspetto significativo \u00e8 il ruolo della mostra nella valorizzazione del patrimonio culturale pugliese. La regione Puglia, spesso associata principalmente alle sue bellezze naturali e gastronomiche, sta sempre pi\u00f9 emergendo come un importante polo culturale. Eventi come questo aiutano a costruire e rafforzare un&#8217;identit\u00e0 culturale regionale, promuovendo un senso di orgoglio e appartenenza tra i residenti. Inoltre, la mostra serve a sottolineare il valore della conservazione e della tutela del patrimonio artistico, un tema di grande rilevanza in un&#8217;epoca in cui molte opere d&#8217;arte sono minacciate dalla negligenza o dalla mancanza di risorse.<\/p>\n\n\n\n<p>L&#8217;evento al castello di Mesagne dimostra anche come l&#8217;arte possa essere utilizzata come strumento di rigenerazione urbana. Trasformando un antico castello in uno spazio espositivo moderno, la citt\u00e0 di Mesagne sta facendo un importante passo verso la riqualificazione del suo centro storico. Questo tipo di intervento pu\u00f2 stimolare ulteriori investimenti nella conservazione e nel restauro del patrimonio architettonico locale, creando un effetto a catena positivo per la comunit\u00e0.<\/p>\n\n\n\n<p>Infine, la mostra rappresenta un esempio di come la cultura possa contribuire alla coesione sociale. Offrendo un&#8217;occasione per riunire persone di diverse origini e background intorno a un comune apprezzamento per l&#8217;arte, l&#8217;evento promuove valori di inclusione e dialogo interculturale. Questo \u00e8 particolarmente rilevante in una regione come la Puglia, che ha una lunga storia di migrazioni e interazioni culturali. La mostra non solo celebra la ricchezza dell&#8217;arte italiana, ma anche la capacit\u00e0 della cultura di unire e ispirare.<\/p>\n\n\n\n<p>In conclusione, la mostra &#8220;G7, sette secoli di arte in Italia&#8221; al castello di Mesagne \u00e8 molto pi\u00f9 di un semplice evento espositivo. \u00c8 un potente strumento di promozione culturale, economica e sociale che pu\u00f2 avere un impatto significativo e duraturo sulla regione Puglia. Attraverso la collaborazione tra istituzioni locali, regionali e nazionali, e grazie all&#8217;impegno di enti pubblici e privati, l&#8217;evento dimostra come l&#8217;arte possa essere un motore di sviluppo e rigenerazione. La mostra non solo arricchisce il panorama culturale locale, ma pone la Puglia sulla mappa internazionale come destinazione di eccellenza per l&#8217;arte e la cultura. Questo evento \u00e8 un esempio lampante di come la cultura possa essere utilizzata per promuovere lo sviluppo sostenibile e inclusivo, creando benefici che vanno ben oltre il tempo e lo spazio dell&#8217;esposizione stessa.<\/p>\n","protected":false},"excerpt":{"rendered":"<p>L&#8217;assessore Viviana Matrangola ha partecipato alla presentazione della mostra &#8220;G7, sette secoli di arte in Italia&#8221;, che si terr\u00e0 al<\/p>\n","protected":false},"author":6,"featured_media":2355,"comment_status":"open","ping_status":"closed","sticky":false,"template":"","format":"standard","meta":{"colormag_page_container_layout":"default_layout","colormag_page_sidebar_layout":"default_layout","footnotes":""},"categories":[5,34],"tags":[],"class_list":["post-2354","post","type-post","status-publish","format-standard","has-post-thumbnail","hentry","category-cultura","category-box-laterali-blocco-1"],"yoast_head":"<!-- This site is optimized with the Yoast SEO plugin v27.5 - https:\/\/yoast.com\/product\/yoast-seo-wordpress\/ -->\n<title>Presentazione della Mostra \u201cG7, Sette Secoli di Arte in Italia\u201d - La Voce del Paese<\/title>\n<meta name=\"robots\" content=\"index, follow, max-snippet:-1, max-image-preview:large, max-video-preview:-1\" \/>\n<link rel=\"canonical\" href=\"https:\/\/lavocedelpaese.info\/index.php\/2024\/06\/15\/presentazione-della-mostra-g7-sette-secoli-di-arte-in-italia\/\" \/>\n<meta property=\"og:locale\" content=\"it_IT\" \/>\n<meta property=\"og:type\" content=\"article\" \/>\n<meta property=\"og:title\" content=\"Presentazione della Mostra \u201cG7, Sette Secoli di Arte in Italia\u201d - La Voce del Paese\" \/>\n<meta property=\"og:description\" content=\"L&#8217;assessore Viviana Matrangola ha partecipato alla presentazione della mostra &#8220;G7, sette secoli di arte in Italia&#8221;, che si terr\u00e0 al\" \/>\n<meta property=\"og:url\" content=\"https:\/\/lavocedelpaese.info\/index.php\/2024\/06\/15\/presentazione-della-mostra-g7-sette-secoli-di-arte-in-italia\/\" \/>\n<meta property=\"og:site_name\" content=\"La Voce del Paese\" \/>\n<meta property=\"article:publisher\" content=\"https:\/\/www.facebook.com\/lavocedelpaese.info\" \/>\n<meta property=\"article:published_time\" content=\"2024-06-15T22:54:31+00:00\" \/>\n<meta property=\"article:modified_time\" content=\"2024-06-15T22:54:32+00:00\" \/>\n<meta property=\"og:image\" content=\"https:\/\/lavocedelpaese.info\/wp-content\/uploads\/2024\/06\/G7_1.jpg\" \/>\n\t<meta property=\"og:image:width\" content=\"1000\" \/>\n\t<meta property=\"og:image:height\" content=\"660\" \/>\n\t<meta property=\"og:image:type\" content=\"image\/jpeg\" \/>\n<meta name=\"author\" content=\"admin\" \/>\n<meta name=\"twitter:card\" content=\"summary_large_image\" \/>\n<meta name=\"twitter:label1\" content=\"Scritto da\" \/>\n\t<meta name=\"twitter:data1\" content=\"admin\" \/>\n\t<meta name=\"twitter:label2\" content=\"Tempo di lettura stimato\" \/>\n\t<meta name=\"twitter:data2\" content=\"6 minuti\" \/>\n<script type=\"application\/ld+json\" class=\"yoast-schema-graph\">{\"@context\":\"https:\\\/\\\/schema.org\",\"@graph\":[{\"@type\":\"Article\",\"@id\":\"https:\\\/\\\/lavocedelpaese.info\\\/index.php\\\/2024\\\/06\\\/15\\\/presentazione-della-mostra-g7-sette-secoli-di-arte-in-italia\\\/#article\",\"isPartOf\":{\"@id\":\"https:\\\/\\\/lavocedelpaese.info\\\/index.php\\\/2024\\\/06\\\/15\\\/presentazione-della-mostra-g7-sette-secoli-di-arte-in-italia\\\/\"},\"author\":{\"name\":\"admin\",\"@id\":\"https:\\\/\\\/lavocedelpaese.info\\\/#\\\/schema\\\/person\\\/ec151d321306bd7591f7a061abf72d88\"},\"headline\":\"Presentazione della Mostra \u201cG7, Sette Secoli di Arte in Italia\u201d\",\"datePublished\":\"2024-06-15T22:54:31+00:00\",\"dateModified\":\"2024-06-15T22:54:32+00:00\",\"mainEntityOfPage\":{\"@id\":\"https:\\\/\\\/lavocedelpaese.info\\\/index.php\\\/2024\\\/06\\\/15\\\/presentazione-della-mostra-g7-sette-secoli-di-arte-in-italia\\\/\"},\"wordCount\":969,\"commentCount\":0,\"publisher\":{\"@id\":\"https:\\\/\\\/lavocedelpaese.info\\\/#organization\"},\"image\":{\"@id\":\"https:\\\/\\\/lavocedelpaese.info\\\/index.php\\\/2024\\\/06\\\/15\\\/presentazione-della-mostra-g7-sette-secoli-di-arte-in-italia\\\/#primaryimage\"},\"thumbnailUrl\":\"https:\\\/\\\/lavocedelpaese.info\\\/wp-content\\\/uploads\\\/2024\\\/06\\\/G7_1.jpg\",\"articleSection\":[\"Cultura\",\"primo piano\"],\"inLanguage\":\"it-IT\",\"potentialAction\":[{\"@type\":\"CommentAction\",\"name\":\"Comment\",\"target\":[\"https:\\\/\\\/lavocedelpaese.info\\\/index.php\\\/2024\\\/06\\\/15\\\/presentazione-della-mostra-g7-sette-secoli-di-arte-in-italia\\\/#respond\"]}]},{\"@type\":\"WebPage\",\"@id\":\"https:\\\/\\\/lavocedelpaese.info\\\/index.php\\\/2024\\\/06\\\/15\\\/presentazione-della-mostra-g7-sette-secoli-di-arte-in-italia\\\/\",\"url\":\"https:\\\/\\\/lavocedelpaese.info\\\/index.php\\\/2024\\\/06\\\/15\\\/presentazione-della-mostra-g7-sette-secoli-di-arte-in-italia\\\/\",\"name\":\"Presentazione della Mostra \u201cG7, Sette Secoli di Arte in Italia\u201d - La Voce del Paese\",\"isPartOf\":{\"@id\":\"https:\\\/\\\/lavocedelpaese.info\\\/#website\"},\"primaryImageOfPage\":{\"@id\":\"https:\\\/\\\/lavocedelpaese.info\\\/index.php\\\/2024\\\/06\\\/15\\\/presentazione-della-mostra-g7-sette-secoli-di-arte-in-italia\\\/#primaryimage\"},\"image\":{\"@id\":\"https:\\\/\\\/lavocedelpaese.info\\\/index.php\\\/2024\\\/06\\\/15\\\/presentazione-della-mostra-g7-sette-secoli-di-arte-in-italia\\\/#primaryimage\"},\"thumbnailUrl\":\"https:\\\/\\\/lavocedelpaese.info\\\/wp-content\\\/uploads\\\/2024\\\/06\\\/G7_1.jpg\",\"datePublished\":\"2024-06-15T22:54:31+00:00\",\"dateModified\":\"2024-06-15T22:54:32+00:00\",\"breadcrumb\":{\"@id\":\"https:\\\/\\\/lavocedelpaese.info\\\/index.php\\\/2024\\\/06\\\/15\\\/presentazione-della-mostra-g7-sette-secoli-di-arte-in-italia\\\/#breadcrumb\"},\"inLanguage\":\"it-IT\",\"potentialAction\":[{\"@type\":\"ReadAction\",\"target\":[\"https:\\\/\\\/lavocedelpaese.info\\\/index.php\\\/2024\\\/06\\\/15\\\/presentazione-della-mostra-g7-sette-secoli-di-arte-in-italia\\\/\"]}]},{\"@type\":\"ImageObject\",\"inLanguage\":\"it-IT\",\"@id\":\"https:\\\/\\\/lavocedelpaese.info\\\/index.php\\\/2024\\\/06\\\/15\\\/presentazione-della-mostra-g7-sette-secoli-di-arte-in-italia\\\/#primaryimage\",\"url\":\"https:\\\/\\\/lavocedelpaese.info\\\/wp-content\\\/uploads\\\/2024\\\/06\\\/G7_1.jpg\",\"contentUrl\":\"https:\\\/\\\/lavocedelpaese.info\\\/wp-content\\\/uploads\\\/2024\\\/06\\\/G7_1.jpg\",\"width\":1000,\"height\":660},{\"@type\":\"BreadcrumbList\",\"@id\":\"https:\\\/\\\/lavocedelpaese.info\\\/index.php\\\/2024\\\/06\\\/15\\\/presentazione-della-mostra-g7-sette-secoli-di-arte-in-italia\\\/#breadcrumb\",\"itemListElement\":[{\"@type\":\"ListItem\",\"position\":1,\"name\":\"Home\",\"item\":\"https:\\\/\\\/lavocedelpaese.info\\\/\"},{\"@type\":\"ListItem\",\"position\":2,\"name\":\"Presentazione della Mostra \u201cG7, Sette Secoli di Arte in Italia\u201d\"}]},{\"@type\":\"WebSite\",\"@id\":\"https:\\\/\\\/lavocedelpaese.info\\\/#website\",\"url\":\"https:\\\/\\\/lavocedelpaese.info\\\/\",\"name\":\"La Voce del Paese\",\"description\":\"Un network di idee\",\"publisher\":{\"@id\":\"https:\\\/\\\/lavocedelpaese.info\\\/#organization\"},\"potentialAction\":[{\"@type\":\"SearchAction\",\"target\":{\"@type\":\"EntryPoint\",\"urlTemplate\":\"https:\\\/\\\/lavocedelpaese.info\\\/?s={search_term_string}\"},\"query-input\":{\"@type\":\"PropertyValueSpecification\",\"valueRequired\":true,\"valueName\":\"search_term_string\"}}],\"inLanguage\":\"it-IT\"},{\"@type\":\"Organization\",\"@id\":\"https:\\\/\\\/lavocedelpaese.info\\\/#organization\",\"name\":\"La Voce del Paese\",\"url\":\"https:\\\/\\\/lavocedelpaese.info\\\/\",\"logo\":{\"@type\":\"ImageObject\",\"inLanguage\":\"it-IT\",\"@id\":\"https:\\\/\\\/lavocedelpaese.info\\\/#\\\/schema\\\/logo\\\/image\\\/\",\"url\":\"https:\\\/\\\/lavocedelpaese.info\\\/wp-content\\\/uploads\\\/2023\\\/01\\\/cropped-logo-150-127.png\",\"contentUrl\":\"https:\\\/\\\/lavocedelpaese.info\\\/wp-content\\\/uploads\\\/2023\\\/01\\\/cropped-logo-150-127.png\",\"width\":137,\"height\":119,\"caption\":\"La Voce del Paese\"},\"image\":{\"@id\":\"https:\\\/\\\/lavocedelpaese.info\\\/#\\\/schema\\\/logo\\\/image\\\/\"},\"sameAs\":[\"https:\\\/\\\/www.facebook.com\\\/lavocedelpaese.info\"]},{\"@type\":\"Person\",\"@id\":\"https:\\\/\\\/lavocedelpaese.info\\\/#\\\/schema\\\/person\\\/ec151d321306bd7591f7a061abf72d88\",\"name\":\"admin\",\"image\":{\"@type\":\"ImageObject\",\"inLanguage\":\"it-IT\",\"@id\":\"https:\\\/\\\/secure.gravatar.com\\\/avatar\\\/af8f2caf0663124588de48a9380e07cbc95a74ef15b8062d0d39106c32fe3023?s=96&d=mm&r=g\",\"url\":\"https:\\\/\\\/secure.gravatar.com\\\/avatar\\\/af8f2caf0663124588de48a9380e07cbc95a74ef15b8062d0d39106c32fe3023?s=96&d=mm&r=g\",\"contentUrl\":\"https:\\\/\\\/secure.gravatar.com\\\/avatar\\\/af8f2caf0663124588de48a9380e07cbc95a74ef15b8062d0d39106c32fe3023?s=96&d=mm&r=g\",\"caption\":\"admin\"},\"sameAs\":[\"https:\\\/\\\/lavocedelpaese.info\"],\"url\":\"https:\\\/\\\/lavocedelpaese.info\\\/index.php\\\/author\\\/admin\\\/\"}]}<\/script>\n<!-- \/ Yoast SEO plugin. -->","yoast_head_json":{"title":"Presentazione della Mostra \u201cG7, Sette Secoli di Arte in Italia\u201d - La Voce del Paese","robots":{"index":"index","follow":"follow","max-snippet":"max-snippet:-1","max-image-preview":"max-image-preview:large","max-video-preview":"max-video-preview:-1"},"canonical":"https:\/\/lavocedelpaese.info\/index.php\/2024\/06\/15\/presentazione-della-mostra-g7-sette-secoli-di-arte-in-italia\/","og_locale":"it_IT","og_type":"article","og_title":"Presentazione della Mostra \u201cG7, Sette Secoli di Arte in Italia\u201d - La Voce del Paese","og_description":"L&#8217;assessore Viviana Matrangola ha partecipato alla presentazione della mostra &#8220;G7, sette secoli di arte in Italia&#8221;, che si terr\u00e0 al","og_url":"https:\/\/lavocedelpaese.info\/index.php\/2024\/06\/15\/presentazione-della-mostra-g7-sette-secoli-di-arte-in-italia\/","og_site_name":"La Voce del Paese","article_publisher":"https:\/\/www.facebook.com\/lavocedelpaese.info","article_published_time":"2024-06-15T22:54:31+00:00","article_modified_time":"2024-06-15T22:54:32+00:00","og_image":[{"width":1000,"height":660,"url":"https:\/\/lavocedelpaese.info\/wp-content\/uploads\/2024\/06\/G7_1.jpg","type":"image\/jpeg"}],"author":"admin","twitter_card":"summary_large_image","twitter_misc":{"Scritto da":"admin","Tempo di lettura stimato":"6 minuti"},"schema":{"@context":"https:\/\/schema.org","@graph":[{"@type":"Article","@id":"https:\/\/lavocedelpaese.info\/index.php\/2024\/06\/15\/presentazione-della-mostra-g7-sette-secoli-di-arte-in-italia\/#article","isPartOf":{"@id":"https:\/\/lavocedelpaese.info\/index.php\/2024\/06\/15\/presentazione-della-mostra-g7-sette-secoli-di-arte-in-italia\/"},"author":{"name":"admin","@id":"https:\/\/lavocedelpaese.info\/#\/schema\/person\/ec151d321306bd7591f7a061abf72d88"},"headline":"Presentazione della Mostra \u201cG7, Sette Secoli di Arte in Italia\u201d","datePublished":"2024-06-15T22:54:31+00:00","dateModified":"2024-06-15T22:54:32+00:00","mainEntityOfPage":{"@id":"https:\/\/lavocedelpaese.info\/index.php\/2024\/06\/15\/presentazione-della-mostra-g7-sette-secoli-di-arte-in-italia\/"},"wordCount":969,"commentCount":0,"publisher":{"@id":"https:\/\/lavocedelpaese.info\/#organization"},"image":{"@id":"https:\/\/lavocedelpaese.info\/index.php\/2024\/06\/15\/presentazione-della-mostra-g7-sette-secoli-di-arte-in-italia\/#primaryimage"},"thumbnailUrl":"https:\/\/lavocedelpaese.info\/wp-content\/uploads\/2024\/06\/G7_1.jpg","articleSection":["Cultura","primo piano"],"inLanguage":"it-IT","potentialAction":[{"@type":"CommentAction","name":"Comment","target":["https:\/\/lavocedelpaese.info\/index.php\/2024\/06\/15\/presentazione-della-mostra-g7-sette-secoli-di-arte-in-italia\/#respond"]}]},{"@type":"WebPage","@id":"https:\/\/lavocedelpaese.info\/index.php\/2024\/06\/15\/presentazione-della-mostra-g7-sette-secoli-di-arte-in-italia\/","url":"https:\/\/lavocedelpaese.info\/index.php\/2024\/06\/15\/presentazione-della-mostra-g7-sette-secoli-di-arte-in-italia\/","name":"Presentazione della Mostra \u201cG7, Sette Secoli di Arte in Italia\u201d - La Voce del Paese","isPartOf":{"@id":"https:\/\/lavocedelpaese.info\/#website"},"primaryImageOfPage":{"@id":"https:\/\/lavocedelpaese.info\/index.php\/2024\/06\/15\/presentazione-della-mostra-g7-sette-secoli-di-arte-in-italia\/#primaryimage"},"image":{"@id":"https:\/\/lavocedelpaese.info\/index.php\/2024\/06\/15\/presentazione-della-mostra-g7-sette-secoli-di-arte-in-italia\/#primaryimage"},"thumbnailUrl":"https:\/\/lavocedelpaese.info\/wp-content\/uploads\/2024\/06\/G7_1.jpg","datePublished":"2024-06-15T22:54:31+00:00","dateModified":"2024-06-15T22:54:32+00:00","breadcrumb":{"@id":"https:\/\/lavocedelpaese.info\/index.php\/2024\/06\/15\/presentazione-della-mostra-g7-sette-secoli-di-arte-in-italia\/#breadcrumb"},"inLanguage":"it-IT","potentialAction":[{"@type":"ReadAction","target":["https:\/\/lavocedelpaese.info\/index.php\/2024\/06\/15\/presentazione-della-mostra-g7-sette-secoli-di-arte-in-italia\/"]}]},{"@type":"ImageObject","inLanguage":"it-IT","@id":"https:\/\/lavocedelpaese.info\/index.php\/2024\/06\/15\/presentazione-della-mostra-g7-sette-secoli-di-arte-in-italia\/#primaryimage","url":"https:\/\/lavocedelpaese.info\/wp-content\/uploads\/2024\/06\/G7_1.jpg","contentUrl":"https:\/\/lavocedelpaese.info\/wp-content\/uploads\/2024\/06\/G7_1.jpg","width":1000,"height":660},{"@type":"BreadcrumbList","@id":"https:\/\/lavocedelpaese.info\/index.php\/2024\/06\/15\/presentazione-della-mostra-g7-sette-secoli-di-arte-in-italia\/#breadcrumb","itemListElement":[{"@type":"ListItem","position":1,"name":"Home","item":"https:\/\/lavocedelpaese.info\/"},{"@type":"ListItem","position":2,"name":"Presentazione della Mostra \u201cG7, Sette Secoli di Arte in Italia\u201d"}]},{"@type":"WebSite","@id":"https:\/\/lavocedelpaese.info\/#website","url":"https:\/\/lavocedelpaese.info\/","name":"La Voce del Paese","description":"Un network di idee","publisher":{"@id":"https:\/\/lavocedelpaese.info\/#organization"},"potentialAction":[{"@type":"SearchAction","target":{"@type":"EntryPoint","urlTemplate":"https:\/\/lavocedelpaese.info\/?s={search_term_string}"},"query-input":{"@type":"PropertyValueSpecification","valueRequired":true,"valueName":"search_term_string"}}],"inLanguage":"it-IT"},{"@type":"Organization","@id":"https:\/\/lavocedelpaese.info\/#organization","name":"La Voce del Paese","url":"https:\/\/lavocedelpaese.info\/","logo":{"@type":"ImageObject","inLanguage":"it-IT","@id":"https:\/\/lavocedelpaese.info\/#\/schema\/logo\/image\/","url":"https:\/\/lavocedelpaese.info\/wp-content\/uploads\/2023\/01\/cropped-logo-150-127.png","contentUrl":"https:\/\/lavocedelpaese.info\/wp-content\/uploads\/2023\/01\/cropped-logo-150-127.png","width":137,"height":119,"caption":"La Voce del Paese"},"image":{"@id":"https:\/\/lavocedelpaese.info\/#\/schema\/logo\/image\/"},"sameAs":["https:\/\/www.facebook.com\/lavocedelpaese.info"]},{"@type":"Person","@id":"https:\/\/lavocedelpaese.info\/#\/schema\/person\/ec151d321306bd7591f7a061abf72d88","name":"admin","image":{"@type":"ImageObject","inLanguage":"it-IT","@id":"https:\/\/secure.gravatar.com\/avatar\/af8f2caf0663124588de48a9380e07cbc95a74ef15b8062d0d39106c32fe3023?s=96&d=mm&r=g","url":"https:\/\/secure.gravatar.com\/avatar\/af8f2caf0663124588de48a9380e07cbc95a74ef15b8062d0d39106c32fe3023?s=96&d=mm&r=g","contentUrl":"https:\/\/secure.gravatar.com\/avatar\/af8f2caf0663124588de48a9380e07cbc95a74ef15b8062d0d39106c32fe3023?s=96&d=mm&r=g","caption":"admin"},"sameAs":["https:\/\/lavocedelpaese.info"],"url":"https:\/\/lavocedelpaese.info\/index.php\/author\/admin\/"}]}},"_links":{"self":[{"href":"https:\/\/lavocedelpaese.info\/index.php\/wp-json\/wp\/v2\/posts\/2354","targetHints":{"allow":["GET"]}}],"collection":[{"href":"https:\/\/lavocedelpaese.info\/index.php\/wp-json\/wp\/v2\/posts"}],"about":[{"href":"https:\/\/lavocedelpaese.info\/index.php\/wp-json\/wp\/v2\/types\/post"}],"author":[{"embeddable":true,"href":"https:\/\/lavocedelpaese.info\/index.php\/wp-json\/wp\/v2\/users\/6"}],"replies":[{"embeddable":true,"href":"https:\/\/lavocedelpaese.info\/index.php\/wp-json\/wp\/v2\/comments?post=2354"}],"version-history":[{"count":1,"href":"https:\/\/lavocedelpaese.info\/index.php\/wp-json\/wp\/v2\/posts\/2354\/revisions"}],"predecessor-version":[{"id":2356,"href":"https:\/\/lavocedelpaese.info\/index.php\/wp-json\/wp\/v2\/posts\/2354\/revisions\/2356"}],"wp:featuredmedia":[{"embeddable":true,"href":"https:\/\/lavocedelpaese.info\/index.php\/wp-json\/wp\/v2\/media\/2355"}],"wp:attachment":[{"href":"https:\/\/lavocedelpaese.info\/index.php\/wp-json\/wp\/v2\/media?parent=2354"}],"wp:term":[{"taxonomy":"category","embeddable":true,"href":"https:\/\/lavocedelpaese.info\/index.php\/wp-json\/wp\/v2\/categories?post=2354"},{"taxonomy":"post_tag","embeddable":true,"href":"https:\/\/lavocedelpaese.info\/index.php\/wp-json\/wp\/v2\/tags?post=2354"}],"curies":[{"name":"wp","href":"https:\/\/api.w.org\/{rel}","templated":true}]}}