{"id":2338,"date":"2024-06-15T23:04:15","date_gmt":"2024-06-15T23:04:15","guid":{"rendered":"https:\/\/lavocedelpaese.info\/?p=2338"},"modified":"2024-06-15T23:04:17","modified_gmt":"2024-06-15T23:04:17","slug":"i-carabinieri-forestali-pronti-per-la-campagna-di-contrasto-agli-incendi-boschivi-in-puglia","status":"publish","type":"post","link":"https:\/\/lavocedelpaese.info\/index.php\/2024\/06\/15\/i-carabinieri-forestali-pronti-per-la-campagna-di-contrasto-agli-incendi-boschivi-in-puglia\/","title":{"rendered":"I Carabinieri Forestali pronti per la campagna di contrasto agli incendi boschivi in Puglia"},"content":{"rendered":"\n<p>Nell\u2019ambito dei compiti istituzionali dei Carabinieri Forestali ed a seguito dell\u2019accordo sottoscritto con la Regione Puglia, prosegue l\u2019impegno nell\u2019attivit\u00e0 di contrasto al fenomeno degli incendi boschivi sul territorio regionale per la stagione 2024.<\/p>\n\n\n\n<p>Con Decreto del Presidente della Giunta Regionale Puglia n. 260 del 7 giugno 2024, \u00e8 stato sancito il periodo di grave pericolosit\u00e0 per gli incendi boschivi dal 15 giugno al 30 settembre.<\/p>\n\n\n\n<p>I Nuclei Carabinieri Forestali e Nuclei Carabinieri Parco Nazionale dislocati capillarmente sul territorio, saranno impiegati nell\u2019attivit\u00e0 di prevenzione e repressione del fenomeno, attraverso una orientata gravitazione dei servizi di pattugliamento, di vigilanza sull\u2019attuazione delle misure di prevenzione e sul rispetto dei divieti, come quello di accensione di fuochi e di combustione di residui vegetali, nonch\u00e9 di sorveglianza avvalendosi dell\u2019ausilio di mezzi tecnologici ed informatici.<\/p>\n\n\n\n<p>L\u2019attivit\u00e0 di vigilanza sar\u00e0 intensificata in presenza di condizioni meteoclimatiche favorevoli alla propagazione dell\u2019incendio boschivo e nelle aree di maggior pregio naturalistico ed ambientale, nel Parco Nazionale dell\u2019Alta Murgia e del Gargano e nelle Riserve Statali e Regionali.<\/p>\n\n\n\n<p>La presenza di unit\u00e0 di Carabinieri Forestali anche presso la Sala Operativa Unificata Permanente (S.O.U.P.) della Protezione Civile della Regione Puglia, consentir\u00e0 una osmosi informativa in tempo reale sull\u2019insorgenza, natura ed evoluzione degli incendi, garantendo l\u2019immediato svolgimento delle attivit\u00e0 di repertazione ed investigative, ai fini della comprensione delle modalit\u00e0 di innesco ed individuazione dei possibili autori del reato.<\/p>\n\n\n\n<p>I dati sulle perimetrazioni delle aree percorse dal fuoco, eseguite dai Carabinieri Forestali attraverso i sopralluoghi in <em>situ<\/em>, supportati da performanti tecniche di elaborazione di immagini satellitari, saranno messe a disposizione delle Amministrazioni comunali, al fine di verificare lo stato di attuazione e l\u2019aggiornamento, ai sensi dell\u2019art. 10 della Legge n. 353 del 2000, del \u201cCatasto dei soprassuoli boschivi percorsi dal fuoco\u201d presso i Comuni e l\u2019eventuale utilizzo improprio di tali aree.<\/p>\n\n\n\n<p>\u00c8 stata rinnovata la collaborazione tra Regione Puglia e Carabinieri Forestali per le attivit\u00e0 di promozione, educazione e divulgazione in materia di legalit\u00e0 ambientale volta alla sensibilizzazione dell\u2019opinione pubblica nei confronti della conservazione del patrimonio forestale e della biodiversit\u00e0. In quest\u2019ottica, riveste fondamentale importanza la collaborazione del singolo cittadino nella tempestiva segnalazione dell\u2019avvistamento di incendi boschivi al numero di emergenza ambientale 1515, attivo su tutto il territorio nazionale, 24 ore su 24.<\/p>\n","protected":false},"excerpt":{"rendered":"<p>Nell\u2019ambito dei compiti istituzionali dei Carabinieri Forestali ed a seguito dell\u2019accordo sottoscritto con la Regione Puglia, prosegue l\u2019impegno nell\u2019attivit\u00e0 di<\/p>\n","protected":false},"author":6,"featured_media":2339,"comment_status":"open","ping_status":"closed","sticky":false,"template":"","format":"standard","meta":{"colormag_page_container_layout":"default_layout","colormag_page_sidebar_layout":"default_layout","footnotes":""},"categories":[2,28],"tags":[],"class_list":["post-2338","post","type-post","status-publish","format-standard","has-post-thumbnail","hentry","category-attualita","category-primo-piano"],"yoast_head":"<!-- This site is optimized with the Yoast SEO plugin v27.5 - https:\/\/yoast.com\/product\/yoast-seo-wordpress\/ -->\n<title>I Carabinieri Forestali pronti per la campagna di contrasto agli incendi boschivi in Puglia - La Voce del Paese<\/title>\n<meta name=\"robots\" content=\"index, follow, max-snippet:-1, max-image-preview:large, max-video-preview:-1\" \/>\n<link rel=\"canonical\" href=\"https:\/\/lavocedelpaese.info\/index.php\/2024\/06\/15\/i-carabinieri-forestali-pronti-per-la-campagna-di-contrasto-agli-incendi-boschivi-in-puglia\/\" \/>\n<meta property=\"og:locale\" content=\"it_IT\" \/>\n<meta property=\"og:type\" content=\"article\" \/>\n<meta property=\"og:title\" content=\"I Carabinieri Forestali pronti per la campagna di contrasto agli incendi boschivi in Puglia - La Voce del Paese\" \/>\n<meta property=\"og:description\" content=\"Nell\u2019ambito dei compiti istituzionali dei Carabinieri Forestali ed a seguito dell\u2019accordo sottoscritto con la Regione Puglia, prosegue l\u2019impegno nell\u2019attivit\u00e0 di\" \/>\n<meta property=\"og:url\" content=\"https:\/\/lavocedelpaese.info\/index.php\/2024\/06\/15\/i-carabinieri-forestali-pronti-per-la-campagna-di-contrasto-agli-incendi-boschivi-in-puglia\/\" \/>\n<meta property=\"og:site_name\" content=\"La Voce del Paese\" \/>\n<meta property=\"article:publisher\" content=\"https:\/\/www.facebook.com\/lavocedelpaese.info\" \/>\n<meta property=\"article:published_time\" content=\"2024-06-15T23:04:15+00:00\" \/>\n<meta property=\"article:modified_time\" content=\"2024-06-15T23:04:17+00:00\" \/>\n<meta property=\"og:image\" content=\"https:\/\/lavocedelpaese.info\/wp-content\/uploads\/2024\/06\/forestale.jpg\" \/>\n\t<meta property=\"og:image:width\" content=\"1000\" \/>\n\t<meta property=\"og:image:height\" content=\"531\" \/>\n\t<meta property=\"og:image:type\" content=\"image\/jpeg\" \/>\n<meta name=\"author\" content=\"admin\" \/>\n<meta name=\"twitter:card\" content=\"summary_large_image\" \/>\n<meta name=\"twitter:label1\" content=\"Scritto da\" \/>\n\t<meta name=\"twitter:data1\" content=\"admin\" \/>\n\t<meta name=\"twitter:label2\" content=\"Tempo di lettura stimato\" \/>\n\t<meta name=\"twitter:data2\" content=\"3 minuti\" \/>\n<script type=\"application\/ld+json\" class=\"yoast-schema-graph\">{\"@context\":\"https:\\\/\\\/schema.org\",\"@graph\":[{\"@type\":\"Article\",\"@id\":\"https:\\\/\\\/lavocedelpaese.info\\\/index.php\\\/2024\\\/06\\\/15\\\/i-carabinieri-forestali-pronti-per-la-campagna-di-contrasto-agli-incendi-boschivi-in-puglia\\\/#article\",\"isPartOf\":{\"@id\":\"https:\\\/\\\/lavocedelpaese.info\\\/index.php\\\/2024\\\/06\\\/15\\\/i-carabinieri-forestali-pronti-per-la-campagna-di-contrasto-agli-incendi-boschivi-in-puglia\\\/\"},\"author\":{\"name\":\"admin\",\"@id\":\"https:\\\/\\\/lavocedelpaese.info\\\/#\\\/schema\\\/person\\\/ec151d321306bd7591f7a061abf72d88\"},\"headline\":\"I Carabinieri Forestali pronti per la campagna di contrasto agli incendi boschivi in Puglia\",\"datePublished\":\"2024-06-15T23:04:15+00:00\",\"dateModified\":\"2024-06-15T23:04:17+00:00\",\"mainEntityOfPage\":{\"@id\":\"https:\\\/\\\/lavocedelpaese.info\\\/index.php\\\/2024\\\/06\\\/15\\\/i-carabinieri-forestali-pronti-per-la-campagna-di-contrasto-agli-incendi-boschivi-in-puglia\\\/\"},\"wordCount\":390,\"commentCount\":0,\"publisher\":{\"@id\":\"https:\\\/\\\/lavocedelpaese.info\\\/#organization\"},\"image\":{\"@id\":\"https:\\\/\\\/lavocedelpaese.info\\\/index.php\\\/2024\\\/06\\\/15\\\/i-carabinieri-forestali-pronti-per-la-campagna-di-contrasto-agli-incendi-boschivi-in-puglia\\\/#primaryimage\"},\"thumbnailUrl\":\"https:\\\/\\\/lavocedelpaese.info\\\/wp-content\\\/uploads\\\/2024\\\/06\\\/forestale.jpg\",\"articleSection\":[\"Attualit\u00e0\",\"Primo Piano\"],\"inLanguage\":\"it-IT\",\"potentialAction\":[{\"@type\":\"CommentAction\",\"name\":\"Comment\",\"target\":[\"https:\\\/\\\/lavocedelpaese.info\\\/index.php\\\/2024\\\/06\\\/15\\\/i-carabinieri-forestali-pronti-per-la-campagna-di-contrasto-agli-incendi-boschivi-in-puglia\\\/#respond\"]}]},{\"@type\":\"WebPage\",\"@id\":\"https:\\\/\\\/lavocedelpaese.info\\\/index.php\\\/2024\\\/06\\\/15\\\/i-carabinieri-forestali-pronti-per-la-campagna-di-contrasto-agli-incendi-boschivi-in-puglia\\\/\",\"url\":\"https:\\\/\\\/lavocedelpaese.info\\\/index.php\\\/2024\\\/06\\\/15\\\/i-carabinieri-forestali-pronti-per-la-campagna-di-contrasto-agli-incendi-boschivi-in-puglia\\\/\",\"name\":\"I Carabinieri Forestali pronti per la campagna di contrasto agli incendi boschivi in Puglia - La Voce del Paese\",\"isPartOf\":{\"@id\":\"https:\\\/\\\/lavocedelpaese.info\\\/#website\"},\"primaryImageOfPage\":{\"@id\":\"https:\\\/\\\/lavocedelpaese.info\\\/index.php\\\/2024\\\/06\\\/15\\\/i-carabinieri-forestali-pronti-per-la-campagna-di-contrasto-agli-incendi-boschivi-in-puglia\\\/#primaryimage\"},\"image\":{\"@id\":\"https:\\\/\\\/lavocedelpaese.info\\\/index.php\\\/2024\\\/06\\\/15\\\/i-carabinieri-forestali-pronti-per-la-campagna-di-contrasto-agli-incendi-boschivi-in-puglia\\\/#primaryimage\"},\"thumbnailUrl\":\"https:\\\/\\\/lavocedelpaese.info\\\/wp-content\\\/uploads\\\/2024\\\/06\\\/forestale.jpg\",\"datePublished\":\"2024-06-15T23:04:15+00:00\",\"dateModified\":\"2024-06-15T23:04:17+00:00\",\"breadcrumb\":{\"@id\":\"https:\\\/\\\/lavocedelpaese.info\\\/index.php\\\/2024\\\/06\\\/15\\\/i-carabinieri-forestali-pronti-per-la-campagna-di-contrasto-agli-incendi-boschivi-in-puglia\\\/#breadcrumb\"},\"inLanguage\":\"it-IT\",\"potentialAction\":[{\"@type\":\"ReadAction\",\"target\":[\"https:\\\/\\\/lavocedelpaese.info\\\/index.php\\\/2024\\\/06\\\/15\\\/i-carabinieri-forestali-pronti-per-la-campagna-di-contrasto-agli-incendi-boschivi-in-puglia\\\/\"]}]},{\"@type\":\"ImageObject\",\"inLanguage\":\"it-IT\",\"@id\":\"https:\\\/\\\/lavocedelpaese.info\\\/index.php\\\/2024\\\/06\\\/15\\\/i-carabinieri-forestali-pronti-per-la-campagna-di-contrasto-agli-incendi-boschivi-in-puglia\\\/#primaryimage\",\"url\":\"https:\\\/\\\/lavocedelpaese.info\\\/wp-content\\\/uploads\\\/2024\\\/06\\\/forestale.jpg\",\"contentUrl\":\"https:\\\/\\\/lavocedelpaese.info\\\/wp-content\\\/uploads\\\/2024\\\/06\\\/forestale.jpg\",\"width\":1000,\"height\":531,\"caption\":\"?\"},{\"@type\":\"BreadcrumbList\",\"@id\":\"https:\\\/\\\/lavocedelpaese.info\\\/index.php\\\/2024\\\/06\\\/15\\\/i-carabinieri-forestali-pronti-per-la-campagna-di-contrasto-agli-incendi-boschivi-in-puglia\\\/#breadcrumb\",\"itemListElement\":[{\"@type\":\"ListItem\",\"position\":1,\"name\":\"Home\",\"item\":\"https:\\\/\\\/lavocedelpaese.info\\\/\"},{\"@type\":\"ListItem\",\"position\":2,\"name\":\"I Carabinieri Forestali pronti per la campagna di contrasto agli incendi boschivi in Puglia\"}]},{\"@type\":\"WebSite\",\"@id\":\"https:\\\/\\\/lavocedelpaese.info\\\/#website\",\"url\":\"https:\\\/\\\/lavocedelpaese.info\\\/\",\"name\":\"La Voce del Paese\",\"description\":\"Un network di idee\",\"publisher\":{\"@id\":\"https:\\\/\\\/lavocedelpaese.info\\\/#organization\"},\"potentialAction\":[{\"@type\":\"SearchAction\",\"target\":{\"@type\":\"EntryPoint\",\"urlTemplate\":\"https:\\\/\\\/lavocedelpaese.info\\\/?s={search_term_string}\"},\"query-input\":{\"@type\":\"PropertyValueSpecification\",\"valueRequired\":true,\"valueName\":\"search_term_string\"}}],\"inLanguage\":\"it-IT\"},{\"@type\":\"Organization\",\"@id\":\"https:\\\/\\\/lavocedelpaese.info\\\/#organization\",\"name\":\"La Voce del Paese\",\"url\":\"https:\\\/\\\/lavocedelpaese.info\\\/\",\"logo\":{\"@type\":\"ImageObject\",\"inLanguage\":\"it-IT\",\"@id\":\"https:\\\/\\\/lavocedelpaese.info\\\/#\\\/schema\\\/logo\\\/image\\\/\",\"url\":\"https:\\\/\\\/lavocedelpaese.info\\\/wp-content\\\/uploads\\\/2023\\\/01\\\/cropped-logo-150-127.png\",\"contentUrl\":\"https:\\\/\\\/lavocedelpaese.info\\\/wp-content\\\/uploads\\\/2023\\\/01\\\/cropped-logo-150-127.png\",\"width\":137,\"height\":119,\"caption\":\"La Voce del Paese\"},\"image\":{\"@id\":\"https:\\\/\\\/lavocedelpaese.info\\\/#\\\/schema\\\/logo\\\/image\\\/\"},\"sameAs\":[\"https:\\\/\\\/www.facebook.com\\\/lavocedelpaese.info\"]},{\"@type\":\"Person\",\"@id\":\"https:\\\/\\\/lavocedelpaese.info\\\/#\\\/schema\\\/person\\\/ec151d321306bd7591f7a061abf72d88\",\"name\":\"admin\",\"image\":{\"@type\":\"ImageObject\",\"inLanguage\":\"it-IT\",\"@id\":\"https:\\\/\\\/secure.gravatar.com\\\/avatar\\\/af8f2caf0663124588de48a9380e07cbc95a74ef15b8062d0d39106c32fe3023?s=96&d=mm&r=g\",\"url\":\"https:\\\/\\\/secure.gravatar.com\\\/avatar\\\/af8f2caf0663124588de48a9380e07cbc95a74ef15b8062d0d39106c32fe3023?s=96&d=mm&r=g\",\"contentUrl\":\"https:\\\/\\\/secure.gravatar.com\\\/avatar\\\/af8f2caf0663124588de48a9380e07cbc95a74ef15b8062d0d39106c32fe3023?s=96&d=mm&r=g\",\"caption\":\"admin\"},\"sameAs\":[\"https:\\\/\\\/lavocedelpaese.info\"],\"url\":\"https:\\\/\\\/lavocedelpaese.info\\\/index.php\\\/author\\\/admin\\\/\"}]}<\/script>\n<!-- \/ Yoast SEO plugin. -->","yoast_head_json":{"title":"I Carabinieri Forestali pronti per la campagna di contrasto agli incendi boschivi in Puglia - La Voce del Paese","robots":{"index":"index","follow":"follow","max-snippet":"max-snippet:-1","max-image-preview":"max-image-preview:large","max-video-preview":"max-video-preview:-1"},"canonical":"https:\/\/lavocedelpaese.info\/index.php\/2024\/06\/15\/i-carabinieri-forestali-pronti-per-la-campagna-di-contrasto-agli-incendi-boschivi-in-puglia\/","og_locale":"it_IT","og_type":"article","og_title":"I Carabinieri Forestali pronti per la campagna di contrasto agli incendi boschivi in Puglia - La Voce del Paese","og_description":"Nell\u2019ambito dei compiti istituzionali dei Carabinieri Forestali ed a seguito dell\u2019accordo sottoscritto con la Regione Puglia, prosegue l\u2019impegno nell\u2019attivit\u00e0 di","og_url":"https:\/\/lavocedelpaese.info\/index.php\/2024\/06\/15\/i-carabinieri-forestali-pronti-per-la-campagna-di-contrasto-agli-incendi-boschivi-in-puglia\/","og_site_name":"La Voce del Paese","article_publisher":"https:\/\/www.facebook.com\/lavocedelpaese.info","article_published_time":"2024-06-15T23:04:15+00:00","article_modified_time":"2024-06-15T23:04:17+00:00","og_image":[{"width":1000,"height":531,"url":"https:\/\/lavocedelpaese.info\/wp-content\/uploads\/2024\/06\/forestale.jpg","type":"image\/jpeg"}],"author":"admin","twitter_card":"summary_large_image","twitter_misc":{"Scritto da":"admin","Tempo di lettura stimato":"3 minuti"},"schema":{"@context":"https:\/\/schema.org","@graph":[{"@type":"Article","@id":"https:\/\/lavocedelpaese.info\/index.php\/2024\/06\/15\/i-carabinieri-forestali-pronti-per-la-campagna-di-contrasto-agli-incendi-boschivi-in-puglia\/#article","isPartOf":{"@id":"https:\/\/lavocedelpaese.info\/index.php\/2024\/06\/15\/i-carabinieri-forestali-pronti-per-la-campagna-di-contrasto-agli-incendi-boschivi-in-puglia\/"},"author":{"name":"admin","@id":"https:\/\/lavocedelpaese.info\/#\/schema\/person\/ec151d321306bd7591f7a061abf72d88"},"headline":"I Carabinieri Forestali pronti per la campagna di contrasto agli incendi boschivi in Puglia","datePublished":"2024-06-15T23:04:15+00:00","dateModified":"2024-06-15T23:04:17+00:00","mainEntityOfPage":{"@id":"https:\/\/lavocedelpaese.info\/index.php\/2024\/06\/15\/i-carabinieri-forestali-pronti-per-la-campagna-di-contrasto-agli-incendi-boschivi-in-puglia\/"},"wordCount":390,"commentCount":0,"publisher":{"@id":"https:\/\/lavocedelpaese.info\/#organization"},"image":{"@id":"https:\/\/lavocedelpaese.info\/index.php\/2024\/06\/15\/i-carabinieri-forestali-pronti-per-la-campagna-di-contrasto-agli-incendi-boschivi-in-puglia\/#primaryimage"},"thumbnailUrl":"https:\/\/lavocedelpaese.info\/wp-content\/uploads\/2024\/06\/forestale.jpg","articleSection":["Attualit\u00e0","Primo Piano"],"inLanguage":"it-IT","potentialAction":[{"@type":"CommentAction","name":"Comment","target":["https:\/\/lavocedelpaese.info\/index.php\/2024\/06\/15\/i-carabinieri-forestali-pronti-per-la-campagna-di-contrasto-agli-incendi-boschivi-in-puglia\/#respond"]}]},{"@type":"WebPage","@id":"https:\/\/lavocedelpaese.info\/index.php\/2024\/06\/15\/i-carabinieri-forestali-pronti-per-la-campagna-di-contrasto-agli-incendi-boschivi-in-puglia\/","url":"https:\/\/lavocedelpaese.info\/index.php\/2024\/06\/15\/i-carabinieri-forestali-pronti-per-la-campagna-di-contrasto-agli-incendi-boschivi-in-puglia\/","name":"I Carabinieri Forestali pronti per la campagna di contrasto agli incendi boschivi in Puglia - La Voce del Paese","isPartOf":{"@id":"https:\/\/lavocedelpaese.info\/#website"},"primaryImageOfPage":{"@id":"https:\/\/lavocedelpaese.info\/index.php\/2024\/06\/15\/i-carabinieri-forestali-pronti-per-la-campagna-di-contrasto-agli-incendi-boschivi-in-puglia\/#primaryimage"},"image":{"@id":"https:\/\/lavocedelpaese.info\/index.php\/2024\/06\/15\/i-carabinieri-forestali-pronti-per-la-campagna-di-contrasto-agli-incendi-boschivi-in-puglia\/#primaryimage"},"thumbnailUrl":"https:\/\/lavocedelpaese.info\/wp-content\/uploads\/2024\/06\/forestale.jpg","datePublished":"2024-06-15T23:04:15+00:00","dateModified":"2024-06-15T23:04:17+00:00","breadcrumb":{"@id":"https:\/\/lavocedelpaese.info\/index.php\/2024\/06\/15\/i-carabinieri-forestali-pronti-per-la-campagna-di-contrasto-agli-incendi-boschivi-in-puglia\/#breadcrumb"},"inLanguage":"it-IT","potentialAction":[{"@type":"ReadAction","target":["https:\/\/lavocedelpaese.info\/index.php\/2024\/06\/15\/i-carabinieri-forestali-pronti-per-la-campagna-di-contrasto-agli-incendi-boschivi-in-puglia\/"]}]},{"@type":"ImageObject","inLanguage":"it-IT","@id":"https:\/\/lavocedelpaese.info\/index.php\/2024\/06\/15\/i-carabinieri-forestali-pronti-per-la-campagna-di-contrasto-agli-incendi-boschivi-in-puglia\/#primaryimage","url":"https:\/\/lavocedelpaese.info\/wp-content\/uploads\/2024\/06\/forestale.jpg","contentUrl":"https:\/\/lavocedelpaese.info\/wp-content\/uploads\/2024\/06\/forestale.jpg","width":1000,"height":531,"caption":"?"},{"@type":"BreadcrumbList","@id":"https:\/\/lavocedelpaese.info\/index.php\/2024\/06\/15\/i-carabinieri-forestali-pronti-per-la-campagna-di-contrasto-agli-incendi-boschivi-in-puglia\/#breadcrumb","itemListElement":[{"@type":"ListItem","position":1,"name":"Home","item":"https:\/\/lavocedelpaese.info\/"},{"@type":"ListItem","position":2,"name":"I Carabinieri Forestali pronti per la campagna di contrasto agli incendi boschivi in Puglia"}]},{"@type":"WebSite","@id":"https:\/\/lavocedelpaese.info\/#website","url":"https:\/\/lavocedelpaese.info\/","name":"La Voce del Paese","description":"Un network di idee","publisher":{"@id":"https:\/\/lavocedelpaese.info\/#organization"},"potentialAction":[{"@type":"SearchAction","target":{"@type":"EntryPoint","urlTemplate":"https:\/\/lavocedelpaese.info\/?s={search_term_string}"},"query-input":{"@type":"PropertyValueSpecification","valueRequired":true,"valueName":"search_term_string"}}],"inLanguage":"it-IT"},{"@type":"Organization","@id":"https:\/\/lavocedelpaese.info\/#organization","name":"La Voce del Paese","url":"https:\/\/lavocedelpaese.info\/","logo":{"@type":"ImageObject","inLanguage":"it-IT","@id":"https:\/\/lavocedelpaese.info\/#\/schema\/logo\/image\/","url":"https:\/\/lavocedelpaese.info\/wp-content\/uploads\/2023\/01\/cropped-logo-150-127.png","contentUrl":"https:\/\/lavocedelpaese.info\/wp-content\/uploads\/2023\/01\/cropped-logo-150-127.png","width":137,"height":119,"caption":"La Voce del Paese"},"image":{"@id":"https:\/\/lavocedelpaese.info\/#\/schema\/logo\/image\/"},"sameAs":["https:\/\/www.facebook.com\/lavocedelpaese.info"]},{"@type":"Person","@id":"https:\/\/lavocedelpaese.info\/#\/schema\/person\/ec151d321306bd7591f7a061abf72d88","name":"admin","image":{"@type":"ImageObject","inLanguage":"it-IT","@id":"https:\/\/secure.gravatar.com\/avatar\/af8f2caf0663124588de48a9380e07cbc95a74ef15b8062d0d39106c32fe3023?s=96&d=mm&r=g","url":"https:\/\/secure.gravatar.com\/avatar\/af8f2caf0663124588de48a9380e07cbc95a74ef15b8062d0d39106c32fe3023?s=96&d=mm&r=g","contentUrl":"https:\/\/secure.gravatar.com\/avatar\/af8f2caf0663124588de48a9380e07cbc95a74ef15b8062d0d39106c32fe3023?s=96&d=mm&r=g","caption":"admin"},"sameAs":["https:\/\/lavocedelpaese.info"],"url":"https:\/\/lavocedelpaese.info\/index.php\/author\/admin\/"}]}},"_links":{"self":[{"href":"https:\/\/lavocedelpaese.info\/index.php\/wp-json\/wp\/v2\/posts\/2338","targetHints":{"allow":["GET"]}}],"collection":[{"href":"https:\/\/lavocedelpaese.info\/index.php\/wp-json\/wp\/v2\/posts"}],"about":[{"href":"https:\/\/lavocedelpaese.info\/index.php\/wp-json\/wp\/v2\/types\/post"}],"author":[{"embeddable":true,"href":"https:\/\/lavocedelpaese.info\/index.php\/wp-json\/wp\/v2\/users\/6"}],"replies":[{"embeddable":true,"href":"https:\/\/lavocedelpaese.info\/index.php\/wp-json\/wp\/v2\/comments?post=2338"}],"version-history":[{"count":1,"href":"https:\/\/lavocedelpaese.info\/index.php\/wp-json\/wp\/v2\/posts\/2338\/revisions"}],"predecessor-version":[{"id":2340,"href":"https:\/\/lavocedelpaese.info\/index.php\/wp-json\/wp\/v2\/posts\/2338\/revisions\/2340"}],"wp:featuredmedia":[{"embeddable":true,"href":"https:\/\/lavocedelpaese.info\/index.php\/wp-json\/wp\/v2\/media\/2339"}],"wp:attachment":[{"href":"https:\/\/lavocedelpaese.info\/index.php\/wp-json\/wp\/v2\/media?parent=2338"}],"wp:term":[{"taxonomy":"category","embeddable":true,"href":"https:\/\/lavocedelpaese.info\/index.php\/wp-json\/wp\/v2\/categories?post=2338"},{"taxonomy":"post_tag","embeddable":true,"href":"https:\/\/lavocedelpaese.info\/index.php\/wp-json\/wp\/v2\/tags?post=2338"}],"curies":[{"name":"wp","href":"https:\/\/api.w.org\/{rel}","templated":true}]}}