{"id":2334,"date":"2024-06-14T04:49:14","date_gmt":"2024-06-14T04:49:14","guid":{"rendered":"https:\/\/lavocedelpaese.info\/?p=2334"},"modified":"2024-06-14T04:49:16","modified_gmt":"2024-06-14T04:49:16","slug":"la-cnn-critica-il-g7-in-puglia-accuse-di-mafia-e-violenza-scatenano-polemiche","status":"publish","type":"post","link":"https:\/\/lavocedelpaese.info\/index.php\/2024\/06\/14\/la-cnn-critica-il-g7-in-puglia-accuse-di-mafia-e-violenza-scatenano-polemiche\/","title":{"rendered":"La CNN Critica il G7 in Puglia: accuse di mafia e violenza scatenano polemiche"},"content":{"rendered":"\n<p>L&#8217;articolo della CNN, scritto da Barbie Latza Nadeau, critica duramente la scelta della Puglia come sede del G7, definendola una &#8220;terra di violenza e mafia&#8221;. La giornalista sottolinea l&#8217;aumento della criminalit\u00e0 mafiosa nella regione, evidenziando recenti indagini antimafia su tre casi specifici di mafia legati alla Sacra Corona Unita, un sindacato criminale operante principalmente in Italia e nei Balcani. Questi gruppi, a differenza di Cosa Nostra, Camorra e \u2018Ndrangheta, operano soprattutto nelle citt\u00e0 costiere di Bari e Brindisi, luoghi vicini alla sede del summit.<\/p>\n\n\n\n<p>Negli ultimi mesi, la zona \u00e8 stata teatro di omicidi tra clan rivali e altri atti di violenza che hanno portato le autorit\u00e0 a prendere misure drastiche per garantire la sicurezza. A marzo, una valigetta contenente bottiglie di liquido sospetto e un cellulare \u00e8 stata trovata abbandonata in una stazione ferroviaria vicino a Bari, seguita da minacce di bomba quasi quotidiane. Inoltre, ci sono stati raid armati in ville vicine al resort di lusso Borgo Egnazia, sede del G7.<\/p>\n\n\n\n<p>Il Ministero dell&#8217;Interno italiano ha suggerito di schierare l&#8217;esercito per riprendere il controllo della regione, dato che diversi consigli comunali sono stati sciolti per infiltrazioni mafiose. La DIGOS ha indagato su numerosi progetti di costruzione legati alla preparazione del summit, tra cui lavori stradali e la costruzione di elicotteri per il trasporto sicuro dei leader.<\/p>\n\n\n\n<p>Con l&#8217;inizio del G7 previsto tra il 13 e il 15 giugno, le autorit\u00e0 locali affrontano la sfida di bilanciare la sicurezza dei leader mondiali con il mantenimento dell&#8217;ordine pubblico. La zona attorno a Borgo Egnazia \u00e8 stata trasformata in una &#8220;zona rossa&#8221; di 10 chilometri, con una &#8220;zona gialla&#8221; di 30 chilometri pattugliata per garantire la sicurezza di circa 130 gruppi di lavoro e 21 riunioni ministeriali.<\/p>\n\n\n\n<p>Pi\u00f9 di 5.000 soldati addestrati sono stati dispiegati nella regione, e grandi navi da crociera sono ancorate al largo per ospitare le delegazioni in sicurezza. Inoltre, una portaerei americana \u00e8 attesa al largo delle coste pugliesi. La politica di frontiera aperta Schengen \u00e8 stata sospesa dal 5 al 18 giugno per permettere controlli pi\u00f9 rigorosi sui passaporti.<\/p>\n\n\n\n<p>Oltre alla minaccia delle bande criminali locali, le autorit\u00e0 sono preoccupate per la presenza di manifestanti, e la polizia sta monitorando attentamente i noti gruppi criminali. Quasi 60 persone sono state arrestate il mese scorso in un&#8217;indagine sulla droga.<\/p>\n\n\n\n<p>Nonostante queste misure, il questore di Brindisi, Luigi Carnevale, ha dichiarato che nessuno di questi eventi metter\u00e0 a rischio i leader mondiali, che saranno &#8220;superprotetti e inavvicinabili&#8221;. Tuttavia, garantire la sicurezza delle circa 10.000 persone tra delegazioni, giornalisti e osservatori sar\u00e0 una sfida significativa, dato che queste persone non avranno la stessa protezione dei leader.<\/p>\n\n\n\n<p>In conclusione, l&#8217;articolo della CNN ha scatenato polemiche per la sua rappresentazione della Puglia come una regione dominata dalla criminalit\u00e0 mafiosa. Le autorit\u00e0 italiane devono ora affrontare la doppia sfida di garantire la sicurezza del G7 e di migliorare l&#8217;immagine internazionale della regione. Il summit \u00e8 visto come un&#8217;opportunit\u00e0 per promuovere la Puglia, nota per i suoi paesaggi pittoreschi e le sue attrazioni turistiche, ma la crescente attenzione mediatica sulle questioni di sicurezza potrebbe complicare questi sforzi.<\/p>\n\n\n\n<p>L&#8217;articolo della CNN che critica la scelta della Puglia come sede del G7, definendola una &#8220;terra di violenza e mafia&#8221;, ha significative implicazioni politiche sia a livello nazionale che internazionale. La descrizione della regione come un epicentro di attivit\u00e0 mafiose e violenza solleva interrogativi sulla capacit\u00e0 delle autorit\u00e0 italiane di garantire la sicurezza in un evento di tale rilevanza globale. Politicamente, questa caratterizzazione potrebbe danneggiare l&#8217;immagine dell&#8217;Italia e della Puglia agli occhi della comunit\u00e0 internazionale, minando gli sforzi del governo per promuovere la regione come una destinazione sicura e attraente per eventi internazionali e investimenti.<\/p>\n\n\n\n<p>A livello nazionale, l&#8217;articolo mette sotto pressione il governo italiano, in particolare il primo ministro Giorgia Meloni, che ha scelto la Puglia come sede del vertice. Le critiche sulla gestione della sicurezza e sulle infiltrazioni mafiose possono essere sfruttate dai partiti di opposizione per mettere in discussione la competenza e l&#8217;efficacia del governo nella lotta contro la criminalit\u00e0 organizzata. Questo potrebbe portare a richieste di maggiori investimenti in sicurezza e infrastrutture, nonch\u00e9 a riforme strutturali per migliorare il controllo e la trasparenza negli appalti pubblici, soprattutto in vista di eventi di portata internazionale.<\/p>\n\n\n\n<p>L&#8217;articolo della CNN ha anche implicazioni per le relazioni internazionali dell&#8217;Italia. La presenza di gruppi mafiosi attivi nella regione e i recenti episodi di violenza evidenziati dall&#8217;articolo possono indurre i leader mondiali e le delegazioni straniere a riconsiderare la loro partecipazione a eventi futuri in Italia. La percezione di una minaccia alla sicurezza potrebbe influenzare negativamente le decisioni diplomatiche e commerciali, portando a una riduzione della fiducia nei confronti dell&#8217;Italia come partner affidabile. Inoltre, la proposta del Ministero dell&#8217;Interno di schierare l&#8217;esercito per garantire la sicurezza potrebbe essere vista come un&#8217;ammissione di debolezza, evidenziando le difficolt\u00e0 del paese nel mantenere l&#8217;ordine senza un intervento militare.<\/p>\n\n\n\n<p>L&#8217;articolo menziona anche le infiltrazioni mafiose nei progetti di costruzione legati al G7, sollevando dubbi sulla trasparenza e la legalit\u00e0 dei processi di appalto pubblico in Italia. Questo pu\u00f2 portare a una maggiore scrutinio da parte di organismi internazionali e dei media, spingendo il governo italiano a rafforzare le misure anti-corruzione e a implementare controlli pi\u00f9 rigidi per prevenire ulteriori infiltrazioni mafiose.<\/p>\n\n\n\n<p>In risposta alle critiche, il governo italiano dovr\u00e0 dimostrare una gestione efficace della sicurezza durante il G7 per recuperare la fiducia sia interna che esterna. L&#8217;adozione di misure straordinarie, come la creazione di zone di sicurezza intorno alla sede del summit e il dispiegamento di un numero significativo di forze dell&#8217;ordine, \u00e8 essenziale per garantire un evento sicuro e senza incidenti. Tuttavia, \u00e8 altrettanto importante che queste misure non creino un&#8217;immagine di militarizzazione eccessiva, che potrebbe alimentare ulteriori critiche.<\/p>\n\n\n\n<p>In conclusione, le implicazioni politiche dell&#8217;articolo della CNN sono profonde e variegate. Il governo italiano dovr\u00e0 navigare con attenzione tra le pressioni interne ed esterne, dimostrando capacit\u00e0 di gestione e risolutezza nel contrastare la criminalit\u00e0 organizzata, al fine di salvaguardare la reputazione del paese e garantire il successo del G7.<\/p>\n","protected":false},"excerpt":{"rendered":"<p>L&#8217;articolo della CNN, scritto da Barbie Latza Nadeau, critica duramente la scelta della Puglia come sede del G7, definendola una<\/p>\n","protected":false},"author":6,"featured_media":2335,"comment_status":"open","ping_status":"closed","sticky":false,"template":"","format":"standard","meta":{"colormag_page_container_layout":"default_layout","colormag_page_sidebar_layout":"default_layout","footnotes":""},"categories":[2,34],"tags":[],"class_list":["post-2334","post","type-post","status-publish","format-standard","has-post-thumbnail","hentry","category-attualita","category-box-laterali-blocco-1"],"yoast_head":"<!-- This site is optimized with the Yoast SEO plugin v27.5 - https:\/\/yoast.com\/product\/yoast-seo-wordpress\/ -->\n<title>La CNN Critica il G7 in Puglia: accuse di mafia e violenza scatenano polemiche - La Voce del Paese<\/title>\n<meta name=\"robots\" content=\"index, follow, max-snippet:-1, max-image-preview:large, max-video-preview:-1\" \/>\n<link rel=\"canonical\" href=\"https:\/\/lavocedelpaese.info\/index.php\/2024\/06\/14\/la-cnn-critica-il-g7-in-puglia-accuse-di-mafia-e-violenza-scatenano-polemiche\/\" \/>\n<meta property=\"og:locale\" content=\"it_IT\" \/>\n<meta property=\"og:type\" content=\"article\" \/>\n<meta property=\"og:title\" content=\"La CNN Critica il G7 in Puglia: accuse di mafia e violenza scatenano polemiche - La Voce del Paese\" \/>\n<meta property=\"og:description\" content=\"L&#8217;articolo della CNN, scritto da Barbie Latza Nadeau, critica duramente la scelta della Puglia come sede del G7, definendola una\" \/>\n<meta property=\"og:url\" content=\"https:\/\/lavocedelpaese.info\/index.php\/2024\/06\/14\/la-cnn-critica-il-g7-in-puglia-accuse-di-mafia-e-violenza-scatenano-polemiche\/\" \/>\n<meta property=\"og:site_name\" content=\"La Voce del Paese\" \/>\n<meta property=\"article:publisher\" content=\"https:\/\/www.facebook.com\/lavocedelpaese.info\" \/>\n<meta property=\"article:published_time\" content=\"2024-06-14T04:49:14+00:00\" \/>\n<meta property=\"article:modified_time\" content=\"2024-06-14T04:49:16+00:00\" \/>\n<meta property=\"og:image\" content=\"https:\/\/lavocedelpaese.info\/wp-content\/uploads\/2024\/06\/CNN.png\" \/>\n\t<meta property=\"og:image:width\" content=\"800\" \/>\n\t<meta property=\"og:image:height\" content=\"381\" \/>\n\t<meta property=\"og:image:type\" content=\"image\/png\" \/>\n<meta name=\"author\" content=\"admin\" \/>\n<meta name=\"twitter:card\" content=\"summary_large_image\" \/>\n<meta name=\"twitter:label1\" content=\"Scritto da\" \/>\n\t<meta name=\"twitter:data1\" content=\"admin\" \/>\n\t<meta name=\"twitter:label2\" content=\"Tempo di lettura stimato\" \/>\n\t<meta name=\"twitter:data2\" content=\"6 minuti\" \/>\n<script type=\"application\/ld+json\" class=\"yoast-schema-graph\">{\"@context\":\"https:\\\/\\\/schema.org\",\"@graph\":[{\"@type\":\"Article\",\"@id\":\"https:\\\/\\\/lavocedelpaese.info\\\/index.php\\\/2024\\\/06\\\/14\\\/la-cnn-critica-il-g7-in-puglia-accuse-di-mafia-e-violenza-scatenano-polemiche\\\/#article\",\"isPartOf\":{\"@id\":\"https:\\\/\\\/lavocedelpaese.info\\\/index.php\\\/2024\\\/06\\\/14\\\/la-cnn-critica-il-g7-in-puglia-accuse-di-mafia-e-violenza-scatenano-polemiche\\\/\"},\"author\":{\"name\":\"admin\",\"@id\":\"https:\\\/\\\/lavocedelpaese.info\\\/#\\\/schema\\\/person\\\/ec151d321306bd7591f7a061abf72d88\"},\"headline\":\"La CNN Critica il G7 in Puglia: accuse di mafia e violenza scatenano polemiche\",\"datePublished\":\"2024-06-14T04:49:14+00:00\",\"dateModified\":\"2024-06-14T04:49:16+00:00\",\"mainEntityOfPage\":{\"@id\":\"https:\\\/\\\/lavocedelpaese.info\\\/index.php\\\/2024\\\/06\\\/14\\\/la-cnn-critica-il-g7-in-puglia-accuse-di-mafia-e-violenza-scatenano-polemiche\\\/\"},\"wordCount\":1021,\"commentCount\":0,\"publisher\":{\"@id\":\"https:\\\/\\\/lavocedelpaese.info\\\/#organization\"},\"image\":{\"@id\":\"https:\\\/\\\/lavocedelpaese.info\\\/index.php\\\/2024\\\/06\\\/14\\\/la-cnn-critica-il-g7-in-puglia-accuse-di-mafia-e-violenza-scatenano-polemiche\\\/#primaryimage\"},\"thumbnailUrl\":\"https:\\\/\\\/lavocedelpaese.info\\\/wp-content\\\/uploads\\\/2024\\\/06\\\/CNN.png\",\"articleSection\":[\"Attualit\u00e0\",\"primo piano\"],\"inLanguage\":\"it-IT\",\"potentialAction\":[{\"@type\":\"CommentAction\",\"name\":\"Comment\",\"target\":[\"https:\\\/\\\/lavocedelpaese.info\\\/index.php\\\/2024\\\/06\\\/14\\\/la-cnn-critica-il-g7-in-puglia-accuse-di-mafia-e-violenza-scatenano-polemiche\\\/#respond\"]}]},{\"@type\":\"WebPage\",\"@id\":\"https:\\\/\\\/lavocedelpaese.info\\\/index.php\\\/2024\\\/06\\\/14\\\/la-cnn-critica-il-g7-in-puglia-accuse-di-mafia-e-violenza-scatenano-polemiche\\\/\",\"url\":\"https:\\\/\\\/lavocedelpaese.info\\\/index.php\\\/2024\\\/06\\\/14\\\/la-cnn-critica-il-g7-in-puglia-accuse-di-mafia-e-violenza-scatenano-polemiche\\\/\",\"name\":\"La CNN Critica il G7 in Puglia: accuse di mafia e violenza scatenano polemiche - La Voce del Paese\",\"isPartOf\":{\"@id\":\"https:\\\/\\\/lavocedelpaese.info\\\/#website\"},\"primaryImageOfPage\":{\"@id\":\"https:\\\/\\\/lavocedelpaese.info\\\/index.php\\\/2024\\\/06\\\/14\\\/la-cnn-critica-il-g7-in-puglia-accuse-di-mafia-e-violenza-scatenano-polemiche\\\/#primaryimage\"},\"image\":{\"@id\":\"https:\\\/\\\/lavocedelpaese.info\\\/index.php\\\/2024\\\/06\\\/14\\\/la-cnn-critica-il-g7-in-puglia-accuse-di-mafia-e-violenza-scatenano-polemiche\\\/#primaryimage\"},\"thumbnailUrl\":\"https:\\\/\\\/lavocedelpaese.info\\\/wp-content\\\/uploads\\\/2024\\\/06\\\/CNN.png\",\"datePublished\":\"2024-06-14T04:49:14+00:00\",\"dateModified\":\"2024-06-14T04:49:16+00:00\",\"breadcrumb\":{\"@id\":\"https:\\\/\\\/lavocedelpaese.info\\\/index.php\\\/2024\\\/06\\\/14\\\/la-cnn-critica-il-g7-in-puglia-accuse-di-mafia-e-violenza-scatenano-polemiche\\\/#breadcrumb\"},\"inLanguage\":\"it-IT\",\"potentialAction\":[{\"@type\":\"ReadAction\",\"target\":[\"https:\\\/\\\/lavocedelpaese.info\\\/index.php\\\/2024\\\/06\\\/14\\\/la-cnn-critica-il-g7-in-puglia-accuse-di-mafia-e-violenza-scatenano-polemiche\\\/\"]}]},{\"@type\":\"ImageObject\",\"inLanguage\":\"it-IT\",\"@id\":\"https:\\\/\\\/lavocedelpaese.info\\\/index.php\\\/2024\\\/06\\\/14\\\/la-cnn-critica-il-g7-in-puglia-accuse-di-mafia-e-violenza-scatenano-polemiche\\\/#primaryimage\",\"url\":\"https:\\\/\\\/lavocedelpaese.info\\\/wp-content\\\/uploads\\\/2024\\\/06\\\/CNN.png\",\"contentUrl\":\"https:\\\/\\\/lavocedelpaese.info\\\/wp-content\\\/uploads\\\/2024\\\/06\\\/CNN.png\",\"width\":800,\"height\":381},{\"@type\":\"BreadcrumbList\",\"@id\":\"https:\\\/\\\/lavocedelpaese.info\\\/index.php\\\/2024\\\/06\\\/14\\\/la-cnn-critica-il-g7-in-puglia-accuse-di-mafia-e-violenza-scatenano-polemiche\\\/#breadcrumb\",\"itemListElement\":[{\"@type\":\"ListItem\",\"position\":1,\"name\":\"Home\",\"item\":\"https:\\\/\\\/lavocedelpaese.info\\\/\"},{\"@type\":\"ListItem\",\"position\":2,\"name\":\"La CNN Critica il G7 in Puglia: accuse di mafia e violenza scatenano polemiche\"}]},{\"@type\":\"WebSite\",\"@id\":\"https:\\\/\\\/lavocedelpaese.info\\\/#website\",\"url\":\"https:\\\/\\\/lavocedelpaese.info\\\/\",\"name\":\"La Voce del Paese\",\"description\":\"Un network di idee\",\"publisher\":{\"@id\":\"https:\\\/\\\/lavocedelpaese.info\\\/#organization\"},\"potentialAction\":[{\"@type\":\"SearchAction\",\"target\":{\"@type\":\"EntryPoint\",\"urlTemplate\":\"https:\\\/\\\/lavocedelpaese.info\\\/?s={search_term_string}\"},\"query-input\":{\"@type\":\"PropertyValueSpecification\",\"valueRequired\":true,\"valueName\":\"search_term_string\"}}],\"inLanguage\":\"it-IT\"},{\"@type\":\"Organization\",\"@id\":\"https:\\\/\\\/lavocedelpaese.info\\\/#organization\",\"name\":\"La Voce del Paese\",\"url\":\"https:\\\/\\\/lavocedelpaese.info\\\/\",\"logo\":{\"@type\":\"ImageObject\",\"inLanguage\":\"it-IT\",\"@id\":\"https:\\\/\\\/lavocedelpaese.info\\\/#\\\/schema\\\/logo\\\/image\\\/\",\"url\":\"https:\\\/\\\/lavocedelpaese.info\\\/wp-content\\\/uploads\\\/2023\\\/01\\\/cropped-logo-150-127.png\",\"contentUrl\":\"https:\\\/\\\/lavocedelpaese.info\\\/wp-content\\\/uploads\\\/2023\\\/01\\\/cropped-logo-150-127.png\",\"width\":137,\"height\":119,\"caption\":\"La Voce del Paese\"},\"image\":{\"@id\":\"https:\\\/\\\/lavocedelpaese.info\\\/#\\\/schema\\\/logo\\\/image\\\/\"},\"sameAs\":[\"https:\\\/\\\/www.facebook.com\\\/lavocedelpaese.info\"]},{\"@type\":\"Person\",\"@id\":\"https:\\\/\\\/lavocedelpaese.info\\\/#\\\/schema\\\/person\\\/ec151d321306bd7591f7a061abf72d88\",\"name\":\"admin\",\"image\":{\"@type\":\"ImageObject\",\"inLanguage\":\"it-IT\",\"@id\":\"https:\\\/\\\/secure.gravatar.com\\\/avatar\\\/af8f2caf0663124588de48a9380e07cbc95a74ef15b8062d0d39106c32fe3023?s=96&d=mm&r=g\",\"url\":\"https:\\\/\\\/secure.gravatar.com\\\/avatar\\\/af8f2caf0663124588de48a9380e07cbc95a74ef15b8062d0d39106c32fe3023?s=96&d=mm&r=g\",\"contentUrl\":\"https:\\\/\\\/secure.gravatar.com\\\/avatar\\\/af8f2caf0663124588de48a9380e07cbc95a74ef15b8062d0d39106c32fe3023?s=96&d=mm&r=g\",\"caption\":\"admin\"},\"sameAs\":[\"https:\\\/\\\/lavocedelpaese.info\"],\"url\":\"https:\\\/\\\/lavocedelpaese.info\\\/index.php\\\/author\\\/admin\\\/\"}]}<\/script>\n<!-- \/ Yoast SEO plugin. -->","yoast_head_json":{"title":"La CNN Critica il G7 in Puglia: accuse di mafia e violenza scatenano polemiche - La Voce del Paese","robots":{"index":"index","follow":"follow","max-snippet":"max-snippet:-1","max-image-preview":"max-image-preview:large","max-video-preview":"max-video-preview:-1"},"canonical":"https:\/\/lavocedelpaese.info\/index.php\/2024\/06\/14\/la-cnn-critica-il-g7-in-puglia-accuse-di-mafia-e-violenza-scatenano-polemiche\/","og_locale":"it_IT","og_type":"article","og_title":"La CNN Critica il G7 in Puglia: accuse di mafia e violenza scatenano polemiche - La Voce del Paese","og_description":"L&#8217;articolo della CNN, scritto da Barbie Latza Nadeau, critica duramente la scelta della Puglia come sede del G7, definendola una","og_url":"https:\/\/lavocedelpaese.info\/index.php\/2024\/06\/14\/la-cnn-critica-il-g7-in-puglia-accuse-di-mafia-e-violenza-scatenano-polemiche\/","og_site_name":"La Voce del Paese","article_publisher":"https:\/\/www.facebook.com\/lavocedelpaese.info","article_published_time":"2024-06-14T04:49:14+00:00","article_modified_time":"2024-06-14T04:49:16+00:00","og_image":[{"width":800,"height":381,"url":"https:\/\/lavocedelpaese.info\/wp-content\/uploads\/2024\/06\/CNN.png","type":"image\/png"}],"author":"admin","twitter_card":"summary_large_image","twitter_misc":{"Scritto da":"admin","Tempo di lettura stimato":"6 minuti"},"schema":{"@context":"https:\/\/schema.org","@graph":[{"@type":"Article","@id":"https:\/\/lavocedelpaese.info\/index.php\/2024\/06\/14\/la-cnn-critica-il-g7-in-puglia-accuse-di-mafia-e-violenza-scatenano-polemiche\/#article","isPartOf":{"@id":"https:\/\/lavocedelpaese.info\/index.php\/2024\/06\/14\/la-cnn-critica-il-g7-in-puglia-accuse-di-mafia-e-violenza-scatenano-polemiche\/"},"author":{"name":"admin","@id":"https:\/\/lavocedelpaese.info\/#\/schema\/person\/ec151d321306bd7591f7a061abf72d88"},"headline":"La CNN Critica il G7 in Puglia: accuse di mafia e violenza scatenano polemiche","datePublished":"2024-06-14T04:49:14+00:00","dateModified":"2024-06-14T04:49:16+00:00","mainEntityOfPage":{"@id":"https:\/\/lavocedelpaese.info\/index.php\/2024\/06\/14\/la-cnn-critica-il-g7-in-puglia-accuse-di-mafia-e-violenza-scatenano-polemiche\/"},"wordCount":1021,"commentCount":0,"publisher":{"@id":"https:\/\/lavocedelpaese.info\/#organization"},"image":{"@id":"https:\/\/lavocedelpaese.info\/index.php\/2024\/06\/14\/la-cnn-critica-il-g7-in-puglia-accuse-di-mafia-e-violenza-scatenano-polemiche\/#primaryimage"},"thumbnailUrl":"https:\/\/lavocedelpaese.info\/wp-content\/uploads\/2024\/06\/CNN.png","articleSection":["Attualit\u00e0","primo piano"],"inLanguage":"it-IT","potentialAction":[{"@type":"CommentAction","name":"Comment","target":["https:\/\/lavocedelpaese.info\/index.php\/2024\/06\/14\/la-cnn-critica-il-g7-in-puglia-accuse-di-mafia-e-violenza-scatenano-polemiche\/#respond"]}]},{"@type":"WebPage","@id":"https:\/\/lavocedelpaese.info\/index.php\/2024\/06\/14\/la-cnn-critica-il-g7-in-puglia-accuse-di-mafia-e-violenza-scatenano-polemiche\/","url":"https:\/\/lavocedelpaese.info\/index.php\/2024\/06\/14\/la-cnn-critica-il-g7-in-puglia-accuse-di-mafia-e-violenza-scatenano-polemiche\/","name":"La CNN Critica il G7 in Puglia: accuse di mafia e violenza scatenano polemiche - La Voce del Paese","isPartOf":{"@id":"https:\/\/lavocedelpaese.info\/#website"},"primaryImageOfPage":{"@id":"https:\/\/lavocedelpaese.info\/index.php\/2024\/06\/14\/la-cnn-critica-il-g7-in-puglia-accuse-di-mafia-e-violenza-scatenano-polemiche\/#primaryimage"},"image":{"@id":"https:\/\/lavocedelpaese.info\/index.php\/2024\/06\/14\/la-cnn-critica-il-g7-in-puglia-accuse-di-mafia-e-violenza-scatenano-polemiche\/#primaryimage"},"thumbnailUrl":"https:\/\/lavocedelpaese.info\/wp-content\/uploads\/2024\/06\/CNN.png","datePublished":"2024-06-14T04:49:14+00:00","dateModified":"2024-06-14T04:49:16+00:00","breadcrumb":{"@id":"https:\/\/lavocedelpaese.info\/index.php\/2024\/06\/14\/la-cnn-critica-il-g7-in-puglia-accuse-di-mafia-e-violenza-scatenano-polemiche\/#breadcrumb"},"inLanguage":"it-IT","potentialAction":[{"@type":"ReadAction","target":["https:\/\/lavocedelpaese.info\/index.php\/2024\/06\/14\/la-cnn-critica-il-g7-in-puglia-accuse-di-mafia-e-violenza-scatenano-polemiche\/"]}]},{"@type":"ImageObject","inLanguage":"it-IT","@id":"https:\/\/lavocedelpaese.info\/index.php\/2024\/06\/14\/la-cnn-critica-il-g7-in-puglia-accuse-di-mafia-e-violenza-scatenano-polemiche\/#primaryimage","url":"https:\/\/lavocedelpaese.info\/wp-content\/uploads\/2024\/06\/CNN.png","contentUrl":"https:\/\/lavocedelpaese.info\/wp-content\/uploads\/2024\/06\/CNN.png","width":800,"height":381},{"@type":"BreadcrumbList","@id":"https:\/\/lavocedelpaese.info\/index.php\/2024\/06\/14\/la-cnn-critica-il-g7-in-puglia-accuse-di-mafia-e-violenza-scatenano-polemiche\/#breadcrumb","itemListElement":[{"@type":"ListItem","position":1,"name":"Home","item":"https:\/\/lavocedelpaese.info\/"},{"@type":"ListItem","position":2,"name":"La CNN Critica il G7 in Puglia: accuse di mafia e violenza scatenano polemiche"}]},{"@type":"WebSite","@id":"https:\/\/lavocedelpaese.info\/#website","url":"https:\/\/lavocedelpaese.info\/","name":"La Voce del Paese","description":"Un network di idee","publisher":{"@id":"https:\/\/lavocedelpaese.info\/#organization"},"potentialAction":[{"@type":"SearchAction","target":{"@type":"EntryPoint","urlTemplate":"https:\/\/lavocedelpaese.info\/?s={search_term_string}"},"query-input":{"@type":"PropertyValueSpecification","valueRequired":true,"valueName":"search_term_string"}}],"inLanguage":"it-IT"},{"@type":"Organization","@id":"https:\/\/lavocedelpaese.info\/#organization","name":"La Voce del Paese","url":"https:\/\/lavocedelpaese.info\/","logo":{"@type":"ImageObject","inLanguage":"it-IT","@id":"https:\/\/lavocedelpaese.info\/#\/schema\/logo\/image\/","url":"https:\/\/lavocedelpaese.info\/wp-content\/uploads\/2023\/01\/cropped-logo-150-127.png","contentUrl":"https:\/\/lavocedelpaese.info\/wp-content\/uploads\/2023\/01\/cropped-logo-150-127.png","width":137,"height":119,"caption":"La Voce del Paese"},"image":{"@id":"https:\/\/lavocedelpaese.info\/#\/schema\/logo\/image\/"},"sameAs":["https:\/\/www.facebook.com\/lavocedelpaese.info"]},{"@type":"Person","@id":"https:\/\/lavocedelpaese.info\/#\/schema\/person\/ec151d321306bd7591f7a061abf72d88","name":"admin","image":{"@type":"ImageObject","inLanguage":"it-IT","@id":"https:\/\/secure.gravatar.com\/avatar\/af8f2caf0663124588de48a9380e07cbc95a74ef15b8062d0d39106c32fe3023?s=96&d=mm&r=g","url":"https:\/\/secure.gravatar.com\/avatar\/af8f2caf0663124588de48a9380e07cbc95a74ef15b8062d0d39106c32fe3023?s=96&d=mm&r=g","contentUrl":"https:\/\/secure.gravatar.com\/avatar\/af8f2caf0663124588de48a9380e07cbc95a74ef15b8062d0d39106c32fe3023?s=96&d=mm&r=g","caption":"admin"},"sameAs":["https:\/\/lavocedelpaese.info"],"url":"https:\/\/lavocedelpaese.info\/index.php\/author\/admin\/"}]}},"_links":{"self":[{"href":"https:\/\/lavocedelpaese.info\/index.php\/wp-json\/wp\/v2\/posts\/2334","targetHints":{"allow":["GET"]}}],"collection":[{"href":"https:\/\/lavocedelpaese.info\/index.php\/wp-json\/wp\/v2\/posts"}],"about":[{"href":"https:\/\/lavocedelpaese.info\/index.php\/wp-json\/wp\/v2\/types\/post"}],"author":[{"embeddable":true,"href":"https:\/\/lavocedelpaese.info\/index.php\/wp-json\/wp\/v2\/users\/6"}],"replies":[{"embeddable":true,"href":"https:\/\/lavocedelpaese.info\/index.php\/wp-json\/wp\/v2\/comments?post=2334"}],"version-history":[{"count":1,"href":"https:\/\/lavocedelpaese.info\/index.php\/wp-json\/wp\/v2\/posts\/2334\/revisions"}],"predecessor-version":[{"id":2336,"href":"https:\/\/lavocedelpaese.info\/index.php\/wp-json\/wp\/v2\/posts\/2334\/revisions\/2336"}],"wp:featuredmedia":[{"embeddable":true,"href":"https:\/\/lavocedelpaese.info\/index.php\/wp-json\/wp\/v2\/media\/2335"}],"wp:attachment":[{"href":"https:\/\/lavocedelpaese.info\/index.php\/wp-json\/wp\/v2\/media?parent=2334"}],"wp:term":[{"taxonomy":"category","embeddable":true,"href":"https:\/\/lavocedelpaese.info\/index.php\/wp-json\/wp\/v2\/categories?post=2334"},{"taxonomy":"post_tag","embeddable":true,"href":"https:\/\/lavocedelpaese.info\/index.php\/wp-json\/wp\/v2\/tags?post=2334"}],"curies":[{"name":"wp","href":"https:\/\/api.w.org\/{rel}","templated":true}]}}