{"id":2322,"date":"2024-06-14T04:39:29","date_gmt":"2024-06-14T04:39:29","guid":{"rendered":"https:\/\/lavocedelpaese.info\/?p=2322"},"modified":"2024-06-14T04:39:31","modified_gmt":"2024-06-14T04:39:31","slug":"larrivo-di-joe-biden-a-brindisi-per-il-g7","status":"publish","type":"post","link":"https:\/\/lavocedelpaese.info\/index.php\/2024\/06\/14\/larrivo-di-joe-biden-a-brindisi-per-il-g7\/","title":{"rendered":"L&#8217;Arrivo di Joe Biden a Brindisi per il G7"},"content":{"rendered":"\n<p>L&#8217;atterraggio dell&#8217;Air Force One a Brindisi segna un momento significativo sia dal punto di vista politico che diplomatico. Alle ore 23, l&#8217;aereo presidenziale degli Stati Uniti ha toccato il suolo italiano, portando con s\u00e9 il presidente Joe Biden. L&#8217;arrivo di Biden, in vista del summit del G7 che si terr\u00e0 a Savelletri, nei pressi di Borgo Egnazia, rappresenta non solo una tappa importante per le relazioni internazionali, ma anche un momento di grande attenzione mediatica e di sicurezza per la citt\u00e0 pugliese.<\/p>\n\n\n\n<p>L&#8217;aeroporto di Brindisi, solitamente tranquillo, \u00e8 stato trasformato in una fortezza super presidiata. Le misure di sicurezza sono state incrementate in modo significativo, con la presenza di forze dell&#8217;ordine locali, nazionali e internazionali. Questo dispiegamento massiccio di forze di sicurezza sottolinea l&#8217;importanza dell&#8217;evento e la necessit\u00e0 di garantire la protezione del leader della pi\u00f9 grande potenza mondiale. La scelta di Brindisi come punto di atterraggio non \u00e8 casuale; la citt\u00e0 offre una posizione strategica nel sud Italia, vicino al luogo del G7 e con adeguate infrastrutture per gestire la logistica e la sicurezza di un evento di tale portata.<\/p>\n\n\n\n<p>L&#8217;arrivo di Biden in Italia avviene in un momento cruciale per le relazioni internazionali. Il G7, che inizier\u00e0 domani mattina e si concluder\u00e0 sabato 15 giugno, sar\u00e0 un&#8217;opportunit\u00e0 per i leader delle sette economie pi\u00f9 avanzate del mondo di discutere questioni globali di grande rilevanza. Temi come la ripresa economica post-pandemia, i cambiamenti climatici, la sicurezza internazionale e le tensioni geopolitiche saranno al centro dell&#8217;agenda. La presenza di Biden al G7 \u00e8 particolarmente significativa, data la sua posizione di leader di una nazione che gioca un ruolo chiave in molte di queste questioni.<\/p>\n\n\n\n<p>La scelta di Savelletri, una localit\u00e0 conosciuta per la sua bellezza e la tranquillit\u00e0, come sede del G7, offre un contrasto interessante rispetto ai temi complessi e talvolta turbolenti che verranno discussi. Borgo Egnazia, il resort di lusso che ospiter\u00e0 il summit, offre non solo comfort e bellezza, ma anche un ambiente sicuro e controllabile per i lavori del G7. La decisione di organizzare l&#8217;evento in Puglia rappresenta anche un&#8217;opportunit\u00e0 per promuovere questa regione italiana a livello internazionale, mettendo in luce le sue attrazioni turistiche e culturali.<\/p>\n\n\n\n<p>Politicamente, l&#8217;arrivo di Biden in Italia e la sua partecipazione al G7 rappresentano una riaffermazione dell&#8217;impegno degli Stati Uniti nelle questioni globali. Dopo anni di una politica estera pi\u00f9 isolazionista sotto la precedente amministrazione, Biden ha cercato di ricostruire le alleanze tradizionali e di riaffermare il ruolo degli Stati Uniti come leader globale. La sua presenza al G7 dimostra un forte impegno nel lavorare con gli alleati per affrontare le sfide comuni.<\/p>\n\n\n\n<p>Uno dei temi principali del G7 sar\u00e0 la cooperazione internazionale per affrontare i cambiamenti climatici. Biden ha fatto del contrasto ai cambiamenti climatici una delle priorit\u00e0 della sua amministrazione, rientrando nell&#8217;Accordo di Parigi e proponendo ambiziosi piani per ridurre le emissioni di carbonio negli Stati Uniti. La sua partecipazione al G7 sar\u00e0 un&#8217;opportunit\u00e0 per spingere per azioni pi\u00f9 decise e coordinate a livello internazionale.<\/p>\n\n\n\n<p>La sicurezza internazionale sar\u00e0 un altro tema chiave. Con la guerra in Ucraina ancora in corso e le tensioni con la Russia e la Cina in aumento, il G7 rappresenta un forum importante per discutere strategie comuni. Biden cercher\u00e0 di rafforzare il supporto degli alleati per l&#8217;Ucraina e di coordinare le risposte alle sfide poste dalla Cina, in particolare in ambito economico e tecnologico.<\/p>\n\n\n\n<p>La ripresa economica post-pandemia sar\u00e0 un&#8217;altra questione cruciale. Gli effetti della pandemia di COVID-19 sono stati devastanti per molte economie, e la cooperazione internazionale sar\u00e0 essenziale per garantire una ripresa sostenibile e inclusiva. Biden e gli altri leader del G7 discuteranno misure per stimolare la crescita economica, ridurre le disuguaglianze e rafforzare i sistemi sanitari globali per prevenire future pandemie.<\/p>\n\n\n\n<p>Inoltre, l&#8217;attenzione alla sicurezza cibernetica e alla protezione delle infrastrutture critiche sar\u00e0 probabilmente un argomento di discussione. Con l&#8217;aumento delle minacce cibernetiche, la cooperazione tra le nazioni del G7 sar\u00e0 fondamentale per sviluppare strategie efficaci per proteggere le infrastrutture vitali e contrastare le attivit\u00e0 di cyber-criminalit\u00e0 e cyber-spionaggio.<\/p>\n\n\n\n<p>Il G7 sar\u00e0 anche un&#8217;opportunit\u00e0 per discutere delle migrazioni e delle crisi umanitarie. La stabilit\u00e0 politica ed economica in varie regioni del mondo continua a generare flussi migratori significativi, e i leader del G7 cercheranno di trovare soluzioni comuni per gestire queste situazioni in modo umanitario ed efficace.<\/p>\n\n\n\n<p>In sintesi, l&#8217;atterraggio dell&#8217;Air Force One a Brindisi e la presenza di Joe Biden al G7 in Italia rappresentano un momento di grande rilevanza politica e diplomatica. Le discussioni che si terranno a Savelletri avranno implicazioni significative per le politiche globali su una serie di questioni critiche. La scelta di Brindisi e Savelletri come sedi logistiche e del summit riflette anche l&#8217;importanza dell&#8217;Italia come partner strategico e la bellezza della regione pugliese come sfondo per un evento di tale portata. L&#8217;attenzione mediatica e le misure di sicurezza messe in atto sottolineano l&#8217;importanza di questo incontro e le aspettative elevate per i risultati che ne deriveranno.<\/p>\n","protected":false},"excerpt":{"rendered":"<p>L&#8217;atterraggio dell&#8217;Air Force One a Brindisi segna un momento significativo sia dal punto di vista politico che diplomatico. Alle ore<\/p>\n","protected":false},"author":6,"featured_media":2323,"comment_status":"open","ping_status":"closed","sticky":false,"template":"","format":"standard","meta":{"colormag_page_container_layout":"default_layout","colormag_page_sidebar_layout":"default_layout","footnotes":""},"categories":[2,33],"tags":[],"class_list":["post-2322","post","type-post","status-publish","format-standard","has-post-thumbnail","hentry","category-attualita","category-network"],"yoast_head":"<!-- This site is optimized with the Yoast SEO plugin v27.5 - https:\/\/yoast.com\/product\/yoast-seo-wordpress\/ -->\n<title>L&#039;Arrivo di Joe Biden a Brindisi per il G7 - La Voce del Paese<\/title>\n<meta name=\"robots\" content=\"index, follow, max-snippet:-1, max-image-preview:large, max-video-preview:-1\" \/>\n<link rel=\"canonical\" href=\"https:\/\/lavocedelpaese.info\/index.php\/2024\/06\/14\/larrivo-di-joe-biden-a-brindisi-per-il-g7\/\" \/>\n<meta property=\"og:locale\" content=\"it_IT\" \/>\n<meta property=\"og:type\" content=\"article\" \/>\n<meta property=\"og:title\" content=\"L&#039;Arrivo di Joe Biden a Brindisi per il G7 - La Voce del Paese\" \/>\n<meta property=\"og:description\" content=\"L&#8217;atterraggio dell&#8217;Air Force One a Brindisi segna un momento significativo sia dal punto di vista politico che diplomatico. Alle ore\" \/>\n<meta property=\"og:url\" content=\"https:\/\/lavocedelpaese.info\/index.php\/2024\/06\/14\/larrivo-di-joe-biden-a-brindisi-per-il-g7\/\" \/>\n<meta property=\"og:site_name\" content=\"La Voce del Paese\" \/>\n<meta property=\"article:publisher\" content=\"https:\/\/www.facebook.com\/lavocedelpaese.info\" \/>\n<meta property=\"article:published_time\" content=\"2024-06-14T04:39:29+00:00\" \/>\n<meta property=\"article:modified_time\" content=\"2024-06-14T04:39:31+00:00\" \/>\n<meta property=\"og:image\" content=\"https:\/\/lavocedelpaese.info\/wp-content\/uploads\/2024\/06\/biden-g7.webp\" \/>\n\t<meta property=\"og:image:width\" content=\"1000\" \/>\n\t<meta property=\"og:image:height\" content=\"563\" \/>\n\t<meta property=\"og:image:type\" content=\"image\/webp\" \/>\n<meta name=\"author\" content=\"admin\" \/>\n<meta name=\"twitter:card\" content=\"summary_large_image\" \/>\n<meta name=\"twitter:label1\" content=\"Scritto da\" \/>\n\t<meta name=\"twitter:data1\" content=\"admin\" \/>\n\t<meta name=\"twitter:label2\" content=\"Tempo di lettura stimato\" \/>\n\t<meta name=\"twitter:data2\" content=\"5 minuti\" \/>\n<script type=\"application\/ld+json\" class=\"yoast-schema-graph\">{\"@context\":\"https:\\\/\\\/schema.org\",\"@graph\":[{\"@type\":\"Article\",\"@id\":\"https:\\\/\\\/lavocedelpaese.info\\\/index.php\\\/2024\\\/06\\\/14\\\/larrivo-di-joe-biden-a-brindisi-per-il-g7\\\/#article\",\"isPartOf\":{\"@id\":\"https:\\\/\\\/lavocedelpaese.info\\\/index.php\\\/2024\\\/06\\\/14\\\/larrivo-di-joe-biden-a-brindisi-per-il-g7\\\/\"},\"author\":{\"name\":\"admin\",\"@id\":\"https:\\\/\\\/lavocedelpaese.info\\\/#\\\/schema\\\/person\\\/ec151d321306bd7591f7a061abf72d88\"},\"headline\":\"L&#8217;Arrivo di Joe Biden a Brindisi per il G7\",\"datePublished\":\"2024-06-14T04:39:29+00:00\",\"dateModified\":\"2024-06-14T04:39:31+00:00\",\"mainEntityOfPage\":{\"@id\":\"https:\\\/\\\/lavocedelpaese.info\\\/index.php\\\/2024\\\/06\\\/14\\\/larrivo-di-joe-biden-a-brindisi-per-il-g7\\\/\"},\"wordCount\":855,\"commentCount\":0,\"publisher\":{\"@id\":\"https:\\\/\\\/lavocedelpaese.info\\\/#organization\"},\"image\":{\"@id\":\"https:\\\/\\\/lavocedelpaese.info\\\/index.php\\\/2024\\\/06\\\/14\\\/larrivo-di-joe-biden-a-brindisi-per-il-g7\\\/#primaryimage\"},\"thumbnailUrl\":\"https:\\\/\\\/lavocedelpaese.info\\\/wp-content\\\/uploads\\\/2024\\\/06\\\/biden-g7.webp\",\"articleSection\":[\"Attualit\u00e0\",\"network\"],\"inLanguage\":\"it-IT\",\"potentialAction\":[{\"@type\":\"CommentAction\",\"name\":\"Comment\",\"target\":[\"https:\\\/\\\/lavocedelpaese.info\\\/index.php\\\/2024\\\/06\\\/14\\\/larrivo-di-joe-biden-a-brindisi-per-il-g7\\\/#respond\"]}]},{\"@type\":\"WebPage\",\"@id\":\"https:\\\/\\\/lavocedelpaese.info\\\/index.php\\\/2024\\\/06\\\/14\\\/larrivo-di-joe-biden-a-brindisi-per-il-g7\\\/\",\"url\":\"https:\\\/\\\/lavocedelpaese.info\\\/index.php\\\/2024\\\/06\\\/14\\\/larrivo-di-joe-biden-a-brindisi-per-il-g7\\\/\",\"name\":\"L'Arrivo di Joe Biden a Brindisi per il G7 - La Voce del Paese\",\"isPartOf\":{\"@id\":\"https:\\\/\\\/lavocedelpaese.info\\\/#website\"},\"primaryImageOfPage\":{\"@id\":\"https:\\\/\\\/lavocedelpaese.info\\\/index.php\\\/2024\\\/06\\\/14\\\/larrivo-di-joe-biden-a-brindisi-per-il-g7\\\/#primaryimage\"},\"image\":{\"@id\":\"https:\\\/\\\/lavocedelpaese.info\\\/index.php\\\/2024\\\/06\\\/14\\\/larrivo-di-joe-biden-a-brindisi-per-il-g7\\\/#primaryimage\"},\"thumbnailUrl\":\"https:\\\/\\\/lavocedelpaese.info\\\/wp-content\\\/uploads\\\/2024\\\/06\\\/biden-g7.webp\",\"datePublished\":\"2024-06-14T04:39:29+00:00\",\"dateModified\":\"2024-06-14T04:39:31+00:00\",\"breadcrumb\":{\"@id\":\"https:\\\/\\\/lavocedelpaese.info\\\/index.php\\\/2024\\\/06\\\/14\\\/larrivo-di-joe-biden-a-brindisi-per-il-g7\\\/#breadcrumb\"},\"inLanguage\":\"it-IT\",\"potentialAction\":[{\"@type\":\"ReadAction\",\"target\":[\"https:\\\/\\\/lavocedelpaese.info\\\/index.php\\\/2024\\\/06\\\/14\\\/larrivo-di-joe-biden-a-brindisi-per-il-g7\\\/\"]}]},{\"@type\":\"ImageObject\",\"inLanguage\":\"it-IT\",\"@id\":\"https:\\\/\\\/lavocedelpaese.info\\\/index.php\\\/2024\\\/06\\\/14\\\/larrivo-di-joe-biden-a-brindisi-per-il-g7\\\/#primaryimage\",\"url\":\"https:\\\/\\\/lavocedelpaese.info\\\/wp-content\\\/uploads\\\/2024\\\/06\\\/biden-g7.webp\",\"contentUrl\":\"https:\\\/\\\/lavocedelpaese.info\\\/wp-content\\\/uploads\\\/2024\\\/06\\\/biden-g7.webp\",\"width\":1000,\"height\":563},{\"@type\":\"BreadcrumbList\",\"@id\":\"https:\\\/\\\/lavocedelpaese.info\\\/index.php\\\/2024\\\/06\\\/14\\\/larrivo-di-joe-biden-a-brindisi-per-il-g7\\\/#breadcrumb\",\"itemListElement\":[{\"@type\":\"ListItem\",\"position\":1,\"name\":\"Home\",\"item\":\"https:\\\/\\\/lavocedelpaese.info\\\/\"},{\"@type\":\"ListItem\",\"position\":2,\"name\":\"L&#8217;Arrivo di Joe Biden a Brindisi per il G7\"}]},{\"@type\":\"WebSite\",\"@id\":\"https:\\\/\\\/lavocedelpaese.info\\\/#website\",\"url\":\"https:\\\/\\\/lavocedelpaese.info\\\/\",\"name\":\"La Voce del Paese\",\"description\":\"Un network di idee\",\"publisher\":{\"@id\":\"https:\\\/\\\/lavocedelpaese.info\\\/#organization\"},\"potentialAction\":[{\"@type\":\"SearchAction\",\"target\":{\"@type\":\"EntryPoint\",\"urlTemplate\":\"https:\\\/\\\/lavocedelpaese.info\\\/?s={search_term_string}\"},\"query-input\":{\"@type\":\"PropertyValueSpecification\",\"valueRequired\":true,\"valueName\":\"search_term_string\"}}],\"inLanguage\":\"it-IT\"},{\"@type\":\"Organization\",\"@id\":\"https:\\\/\\\/lavocedelpaese.info\\\/#organization\",\"name\":\"La Voce del Paese\",\"url\":\"https:\\\/\\\/lavocedelpaese.info\\\/\",\"logo\":{\"@type\":\"ImageObject\",\"inLanguage\":\"it-IT\",\"@id\":\"https:\\\/\\\/lavocedelpaese.info\\\/#\\\/schema\\\/logo\\\/image\\\/\",\"url\":\"https:\\\/\\\/lavocedelpaese.info\\\/wp-content\\\/uploads\\\/2023\\\/01\\\/cropped-logo-150-127.png\",\"contentUrl\":\"https:\\\/\\\/lavocedelpaese.info\\\/wp-content\\\/uploads\\\/2023\\\/01\\\/cropped-logo-150-127.png\",\"width\":137,\"height\":119,\"caption\":\"La Voce del Paese\"},\"image\":{\"@id\":\"https:\\\/\\\/lavocedelpaese.info\\\/#\\\/schema\\\/logo\\\/image\\\/\"},\"sameAs\":[\"https:\\\/\\\/www.facebook.com\\\/lavocedelpaese.info\"]},{\"@type\":\"Person\",\"@id\":\"https:\\\/\\\/lavocedelpaese.info\\\/#\\\/schema\\\/person\\\/ec151d321306bd7591f7a061abf72d88\",\"name\":\"admin\",\"image\":{\"@type\":\"ImageObject\",\"inLanguage\":\"it-IT\",\"@id\":\"https:\\\/\\\/secure.gravatar.com\\\/avatar\\\/af8f2caf0663124588de48a9380e07cbc95a74ef15b8062d0d39106c32fe3023?s=96&d=mm&r=g\",\"url\":\"https:\\\/\\\/secure.gravatar.com\\\/avatar\\\/af8f2caf0663124588de48a9380e07cbc95a74ef15b8062d0d39106c32fe3023?s=96&d=mm&r=g\",\"contentUrl\":\"https:\\\/\\\/secure.gravatar.com\\\/avatar\\\/af8f2caf0663124588de48a9380e07cbc95a74ef15b8062d0d39106c32fe3023?s=96&d=mm&r=g\",\"caption\":\"admin\"},\"sameAs\":[\"https:\\\/\\\/lavocedelpaese.info\"],\"url\":\"https:\\\/\\\/lavocedelpaese.info\\\/index.php\\\/author\\\/admin\\\/\"}]}<\/script>\n<!-- \/ Yoast SEO plugin. -->","yoast_head_json":{"title":"L'Arrivo di Joe Biden a Brindisi per il G7 - La Voce del Paese","robots":{"index":"index","follow":"follow","max-snippet":"max-snippet:-1","max-image-preview":"max-image-preview:large","max-video-preview":"max-video-preview:-1"},"canonical":"https:\/\/lavocedelpaese.info\/index.php\/2024\/06\/14\/larrivo-di-joe-biden-a-brindisi-per-il-g7\/","og_locale":"it_IT","og_type":"article","og_title":"L'Arrivo di Joe Biden a Brindisi per il G7 - La Voce del Paese","og_description":"L&#8217;atterraggio dell&#8217;Air Force One a Brindisi segna un momento significativo sia dal punto di vista politico che diplomatico. Alle ore","og_url":"https:\/\/lavocedelpaese.info\/index.php\/2024\/06\/14\/larrivo-di-joe-biden-a-brindisi-per-il-g7\/","og_site_name":"La Voce del Paese","article_publisher":"https:\/\/www.facebook.com\/lavocedelpaese.info","article_published_time":"2024-06-14T04:39:29+00:00","article_modified_time":"2024-06-14T04:39:31+00:00","og_image":[{"width":1000,"height":563,"url":"https:\/\/lavocedelpaese.info\/wp-content\/uploads\/2024\/06\/biden-g7.webp","type":"image\/webp"}],"author":"admin","twitter_card":"summary_large_image","twitter_misc":{"Scritto da":"admin","Tempo di lettura stimato":"5 minuti"},"schema":{"@context":"https:\/\/schema.org","@graph":[{"@type":"Article","@id":"https:\/\/lavocedelpaese.info\/index.php\/2024\/06\/14\/larrivo-di-joe-biden-a-brindisi-per-il-g7\/#article","isPartOf":{"@id":"https:\/\/lavocedelpaese.info\/index.php\/2024\/06\/14\/larrivo-di-joe-biden-a-brindisi-per-il-g7\/"},"author":{"name":"admin","@id":"https:\/\/lavocedelpaese.info\/#\/schema\/person\/ec151d321306bd7591f7a061abf72d88"},"headline":"L&#8217;Arrivo di Joe Biden a Brindisi per il G7","datePublished":"2024-06-14T04:39:29+00:00","dateModified":"2024-06-14T04:39:31+00:00","mainEntityOfPage":{"@id":"https:\/\/lavocedelpaese.info\/index.php\/2024\/06\/14\/larrivo-di-joe-biden-a-brindisi-per-il-g7\/"},"wordCount":855,"commentCount":0,"publisher":{"@id":"https:\/\/lavocedelpaese.info\/#organization"},"image":{"@id":"https:\/\/lavocedelpaese.info\/index.php\/2024\/06\/14\/larrivo-di-joe-biden-a-brindisi-per-il-g7\/#primaryimage"},"thumbnailUrl":"https:\/\/lavocedelpaese.info\/wp-content\/uploads\/2024\/06\/biden-g7.webp","articleSection":["Attualit\u00e0","network"],"inLanguage":"it-IT","potentialAction":[{"@type":"CommentAction","name":"Comment","target":["https:\/\/lavocedelpaese.info\/index.php\/2024\/06\/14\/larrivo-di-joe-biden-a-brindisi-per-il-g7\/#respond"]}]},{"@type":"WebPage","@id":"https:\/\/lavocedelpaese.info\/index.php\/2024\/06\/14\/larrivo-di-joe-biden-a-brindisi-per-il-g7\/","url":"https:\/\/lavocedelpaese.info\/index.php\/2024\/06\/14\/larrivo-di-joe-biden-a-brindisi-per-il-g7\/","name":"L'Arrivo di Joe Biden a Brindisi per il G7 - La Voce del Paese","isPartOf":{"@id":"https:\/\/lavocedelpaese.info\/#website"},"primaryImageOfPage":{"@id":"https:\/\/lavocedelpaese.info\/index.php\/2024\/06\/14\/larrivo-di-joe-biden-a-brindisi-per-il-g7\/#primaryimage"},"image":{"@id":"https:\/\/lavocedelpaese.info\/index.php\/2024\/06\/14\/larrivo-di-joe-biden-a-brindisi-per-il-g7\/#primaryimage"},"thumbnailUrl":"https:\/\/lavocedelpaese.info\/wp-content\/uploads\/2024\/06\/biden-g7.webp","datePublished":"2024-06-14T04:39:29+00:00","dateModified":"2024-06-14T04:39:31+00:00","breadcrumb":{"@id":"https:\/\/lavocedelpaese.info\/index.php\/2024\/06\/14\/larrivo-di-joe-biden-a-brindisi-per-il-g7\/#breadcrumb"},"inLanguage":"it-IT","potentialAction":[{"@type":"ReadAction","target":["https:\/\/lavocedelpaese.info\/index.php\/2024\/06\/14\/larrivo-di-joe-biden-a-brindisi-per-il-g7\/"]}]},{"@type":"ImageObject","inLanguage":"it-IT","@id":"https:\/\/lavocedelpaese.info\/index.php\/2024\/06\/14\/larrivo-di-joe-biden-a-brindisi-per-il-g7\/#primaryimage","url":"https:\/\/lavocedelpaese.info\/wp-content\/uploads\/2024\/06\/biden-g7.webp","contentUrl":"https:\/\/lavocedelpaese.info\/wp-content\/uploads\/2024\/06\/biden-g7.webp","width":1000,"height":563},{"@type":"BreadcrumbList","@id":"https:\/\/lavocedelpaese.info\/index.php\/2024\/06\/14\/larrivo-di-joe-biden-a-brindisi-per-il-g7\/#breadcrumb","itemListElement":[{"@type":"ListItem","position":1,"name":"Home","item":"https:\/\/lavocedelpaese.info\/"},{"@type":"ListItem","position":2,"name":"L&#8217;Arrivo di Joe Biden a Brindisi per il G7"}]},{"@type":"WebSite","@id":"https:\/\/lavocedelpaese.info\/#website","url":"https:\/\/lavocedelpaese.info\/","name":"La Voce del Paese","description":"Un network di idee","publisher":{"@id":"https:\/\/lavocedelpaese.info\/#organization"},"potentialAction":[{"@type":"SearchAction","target":{"@type":"EntryPoint","urlTemplate":"https:\/\/lavocedelpaese.info\/?s={search_term_string}"},"query-input":{"@type":"PropertyValueSpecification","valueRequired":true,"valueName":"search_term_string"}}],"inLanguage":"it-IT"},{"@type":"Organization","@id":"https:\/\/lavocedelpaese.info\/#organization","name":"La Voce del Paese","url":"https:\/\/lavocedelpaese.info\/","logo":{"@type":"ImageObject","inLanguage":"it-IT","@id":"https:\/\/lavocedelpaese.info\/#\/schema\/logo\/image\/","url":"https:\/\/lavocedelpaese.info\/wp-content\/uploads\/2023\/01\/cropped-logo-150-127.png","contentUrl":"https:\/\/lavocedelpaese.info\/wp-content\/uploads\/2023\/01\/cropped-logo-150-127.png","width":137,"height":119,"caption":"La Voce del Paese"},"image":{"@id":"https:\/\/lavocedelpaese.info\/#\/schema\/logo\/image\/"},"sameAs":["https:\/\/www.facebook.com\/lavocedelpaese.info"]},{"@type":"Person","@id":"https:\/\/lavocedelpaese.info\/#\/schema\/person\/ec151d321306bd7591f7a061abf72d88","name":"admin","image":{"@type":"ImageObject","inLanguage":"it-IT","@id":"https:\/\/secure.gravatar.com\/avatar\/af8f2caf0663124588de48a9380e07cbc95a74ef15b8062d0d39106c32fe3023?s=96&d=mm&r=g","url":"https:\/\/secure.gravatar.com\/avatar\/af8f2caf0663124588de48a9380e07cbc95a74ef15b8062d0d39106c32fe3023?s=96&d=mm&r=g","contentUrl":"https:\/\/secure.gravatar.com\/avatar\/af8f2caf0663124588de48a9380e07cbc95a74ef15b8062d0d39106c32fe3023?s=96&d=mm&r=g","caption":"admin"},"sameAs":["https:\/\/lavocedelpaese.info"],"url":"https:\/\/lavocedelpaese.info\/index.php\/author\/admin\/"}]}},"_links":{"self":[{"href":"https:\/\/lavocedelpaese.info\/index.php\/wp-json\/wp\/v2\/posts\/2322","targetHints":{"allow":["GET"]}}],"collection":[{"href":"https:\/\/lavocedelpaese.info\/index.php\/wp-json\/wp\/v2\/posts"}],"about":[{"href":"https:\/\/lavocedelpaese.info\/index.php\/wp-json\/wp\/v2\/types\/post"}],"author":[{"embeddable":true,"href":"https:\/\/lavocedelpaese.info\/index.php\/wp-json\/wp\/v2\/users\/6"}],"replies":[{"embeddable":true,"href":"https:\/\/lavocedelpaese.info\/index.php\/wp-json\/wp\/v2\/comments?post=2322"}],"version-history":[{"count":1,"href":"https:\/\/lavocedelpaese.info\/index.php\/wp-json\/wp\/v2\/posts\/2322\/revisions"}],"predecessor-version":[{"id":2324,"href":"https:\/\/lavocedelpaese.info\/index.php\/wp-json\/wp\/v2\/posts\/2322\/revisions\/2324"}],"wp:featuredmedia":[{"embeddable":true,"href":"https:\/\/lavocedelpaese.info\/index.php\/wp-json\/wp\/v2\/media\/2323"}],"wp:attachment":[{"href":"https:\/\/lavocedelpaese.info\/index.php\/wp-json\/wp\/v2\/media?parent=2322"}],"wp:term":[{"taxonomy":"category","embeddable":true,"href":"https:\/\/lavocedelpaese.info\/index.php\/wp-json\/wp\/v2\/categories?post=2322"},{"taxonomy":"post_tag","embeddable":true,"href":"https:\/\/lavocedelpaese.info\/index.php\/wp-json\/wp\/v2\/tags?post=2322"}],"curies":[{"name":"wp","href":"https:\/\/api.w.org\/{rel}","templated":true}]}}