{"id":2319,"date":"2024-06-14T04:37:35","date_gmt":"2024-06-14T04:37:35","guid":{"rendered":"https:\/\/lavocedelpaese.info\/?p=2319"},"modified":"2024-06-14T04:37:37","modified_gmt":"2024-06-14T04:37:37","slug":"larrivo-di-zelensky-a-taranto-per-il-g7","status":"publish","type":"post","link":"https:\/\/lavocedelpaese.info\/index.php\/2024\/06\/14\/larrivo-di-zelensky-a-taranto-per-il-g7\/","title":{"rendered":"L&#8217;Arrivo di Zelensky a Taranto per il G7"},"content":{"rendered":"\n<h4 class=\"wp-block-heading\"><strong>Implicazioni politiche e opportunit\u00e0 per la citt\u00e0<\/strong><\/h4>\n\n\n\n<p>L&#8217;attesa per l&#8217;arrivo del presidente ucraino Volodymyr Zelensky a Taranto, in occasione del G7 che si terr\u00e0 a Borgo Egnazia, rappresenta un evento di rilevanza non solo locale ma anche internazionale, con implicazioni politiche significative per la citt\u00e0 e per l&#8217;Italia. Zelensky, noto per il suo ruolo cruciale nel contesto geopolitico attuale, soprattutto in relazione al conflitto in Ucraina, soggiorner\u00e0 presso il Relais Histo, una delle strutture pi\u00f9 prestigiose del territorio ionico. Questa visita assume una rilevanza particolare per diverse ragioni.<\/p>\n\n\n\n<p>In primo luogo, l&#8217;arrivo di Zelensky porta Taranto sotto i riflettori internazionali, offrendo un&#8217;opportunit\u00e0 unica per la citt\u00e0 di mostrarsi come un luogo sicuro e accogliente per ospitare leader mondiali. La presenza di un leader di tale importanza implica che le misure di sicurezza saranno estremamente rigorose, con un dispiegamento significativo di forze dell&#8217;ordine per garantire la protezione del presidente ucraino. Questo potrebbe avere un effetto positivo sulla percezione della sicurezza nella regione, dimostrando che Taranto \u00e8 capace di gestire eventi di alto profilo con efficienza e professionalit\u00e0.<\/p>\n\n\n\n<p>Dal punto di vista politico, la visita di Zelensky pu\u00f2 essere vista come un segnale di supporto internazionale alla causa ucraina. L&#8217;Italia, e Taranto in particolare, avr\u00e0 l&#8217;opportunit\u00e0 di rafforzare i legami con l&#8217;Ucraina, mostrando solidariet\u00e0 e sostegno in un momento di grande tensione internazionale. Questa visita pu\u00f2 servire a consolidare le relazioni bilaterali tra i due paesi, aprendo la strada a future collaborazioni in vari settori, tra cui quello economico, culturale e della sicurezza.<\/p>\n\n\n\n<p>Inoltre, la scelta del Relais Histo come luogo di soggiorno per Zelensky mette in evidenza l&#8217;eccellenza delle strutture ricettive pugliesi. Questo pu\u00f2 avere ripercussioni positive sul turismo locale, attirando l&#8217;attenzione di potenziali visitatori e investitori interessati a scoprire le bellezze e le opportunit\u00e0 offerte dalla regione. La visibilit\u00e0 internazionale ottenuta grazie alla presenza di Zelensky potrebbe tradursi in un aumento degli arrivi turistici e degli investimenti nel settore dell&#8217;ospitalit\u00e0, contribuendo allo sviluppo economico locale.<\/p>\n\n\n\n<p>Politicamente, l&#8217;evento offre anche al governo italiano, e in particolare alla leadership di Giorgia Meloni, una piattaforma per dimostrare la propria capacit\u00e0 di gestire questioni internazionali complesse. La gestione efficiente della sicurezza e della logistica per la visita di Zelensky pu\u00f2 rafforzare l&#8217;immagine del governo italiano a livello internazionale, evidenziando la sua competenza nel garantire l&#8217;ordine e la sicurezza durante eventi di grande rilevanza. Questo potrebbe avere implicazioni positive per la reputazione dell&#8217;Italia sulla scena mondiale, migliorando la percezione del paese come partner affidabile e competente.<\/p>\n\n\n\n<p>La visita di Zelensky, tuttavia, non \u00e8 priva di sfide. La sicurezza sar\u00e0 una preoccupazione primaria, dato il contesto politico delicato e le potenziali minacce alla sua incolumit\u00e0. Le autorit\u00e0 italiane dovranno coordinare attentamente le misure di sicurezza con i servizi di sicurezza ucraini per prevenire qualsiasi incidente. Inoltre, la presenza di Zelensky potrebbe attirare manifestazioni e proteste, sia a favore che contro, il che richieder\u00e0 una gestione attenta per evitare disordini pubblici e garantire che l&#8217;evento si svolga in modo pacifico.<\/p>\n\n\n\n<p>Un&#8217;altra considerazione importante riguarda l&#8217;impatto della visita sulla politica interna italiana. L&#8217;attenzione mediatica e la presenza di un leader di spicco come Zelensky possono influenzare il dibattito politico interno, con possibili implicazioni per il governo di Meloni. La gestione della visita e le dichiarazioni politiche fatte durante il G7 potrebbero essere utilizzate dalle varie forze politiche per promuovere le proprie agende o criticare quelle degli avversari. La capacit\u00e0 del governo di utilizzare efficacemente questa opportunit\u00e0 per consolidare il proprio sostegno interno sar\u00e0 cruciale.<\/p>\n\n\n\n<p>Dal punto di vista internazionale, la visita di Zelensky rafforza la posizione dell&#8217;Italia come attore chiave nei negoziati e nelle discussioni sulla sicurezza europea e globale. L&#8217;Italia ha l&#8217;opportunit\u00e0 di giocare un ruolo di mediazione, promuovendo soluzioni diplomatiche e contribuendo a costruire un consenso tra i leader mondiali presenti al G7. La presenza di Zelensky permette all&#8217;Italia di riaffermare il proprio impegno nei confronti della sicurezza europea e della stabilit\u00e0 internazionale, contribuendo a rafforzare le alleanze e a costruire nuove partnership.<\/p>\n\n\n\n<p>Infine, la visita di Zelensky a Taranto potrebbe avere implicazioni a lungo termine per la citt\u00e0 stessa. L&#8217;attenzione internazionale e le misure di sicurezza rafforzate potrebbero portare a miglioramenti infrastrutturali e a un aumento dell&#8217;investimento pubblico e privato nella regione. La necessit\u00e0 di garantire un ambiente sicuro e accogliente per un evento di tale portata potrebbe accelerare progetti di sviluppo urbano e infrastrutturale, beneficiando la comunit\u00e0 locale e migliorando la qualit\u00e0 della vita dei residenti.<\/p>\n\n\n\n<p>In conclusione, l&#8217;arrivo di Volodymyr Zelensky a Taranto per il G7 rappresenta un momento di grande importanza politica per la citt\u00e0 e per l&#8217;Italia. Le implicazioni della visita sono molteplici, influenzando la percezione internazionale della sicurezza e delle capacit\u00e0 organizzative italiane, rafforzando le relazioni bilaterali con l&#8217;Ucraina, e offrendo opportunit\u00e0 per lo sviluppo economico e infrastrutturale locale. La gestione efficiente della visita sar\u00e0 cruciale per massimizzare i benefici e minimizzare le sfide, consolidando la posizione dell&#8217;Italia sulla scena internazionale e promuovendo il benessere e la prosperit\u00e0 della regione pugliese.<\/p>\n","protected":false},"excerpt":{"rendered":"<p>Implicazioni politiche e opportunit\u00e0 per la citt\u00e0 L&#8217;attesa per l&#8217;arrivo del presidente ucraino Volodymyr Zelensky a Taranto, in occasione del<\/p>\n","protected":false},"author":6,"featured_media":2320,"comment_status":"open","ping_status":"closed","sticky":false,"template":"","format":"standard","meta":{"colormag_page_container_layout":"default_layout","colormag_page_sidebar_layout":"default_layout","footnotes":""},"categories":[2,33],"tags":[],"class_list":["post-2319","post","type-post","status-publish","format-standard","has-post-thumbnail","hentry","category-attualita","category-network"],"yoast_head":"<!-- This site is optimized with the Yoast SEO plugin v27.5 - https:\/\/yoast.com\/product\/yoast-seo-wordpress\/ -->\n<title>L&#039;Arrivo di Zelensky a Taranto per il G7 - La Voce del Paese<\/title>\n<meta name=\"robots\" content=\"index, follow, max-snippet:-1, max-image-preview:large, max-video-preview:-1\" \/>\n<link rel=\"canonical\" href=\"https:\/\/lavocedelpaese.info\/index.php\/2024\/06\/14\/larrivo-di-zelensky-a-taranto-per-il-g7\/\" \/>\n<meta property=\"og:locale\" content=\"it_IT\" \/>\n<meta property=\"og:type\" content=\"article\" \/>\n<meta property=\"og:title\" content=\"L&#039;Arrivo di Zelensky a Taranto per il G7 - La Voce del Paese\" \/>\n<meta property=\"og:description\" content=\"Implicazioni politiche e opportunit\u00e0 per la citt\u00e0 L&#8217;attesa per l&#8217;arrivo del presidente ucraino Volodymyr Zelensky a Taranto, in occasione del\" \/>\n<meta property=\"og:url\" content=\"https:\/\/lavocedelpaese.info\/index.php\/2024\/06\/14\/larrivo-di-zelensky-a-taranto-per-il-g7\/\" \/>\n<meta property=\"og:site_name\" content=\"La Voce del Paese\" \/>\n<meta property=\"article:publisher\" content=\"https:\/\/www.facebook.com\/lavocedelpaese.info\" \/>\n<meta property=\"article:published_time\" content=\"2024-06-14T04:37:35+00:00\" \/>\n<meta property=\"article:modified_time\" content=\"2024-06-14T04:37:37+00:00\" \/>\n<meta property=\"og:image\" content=\"https:\/\/lavocedelpaese.info\/wp-content\/uploads\/2024\/06\/zelensky-g7.webp\" \/>\n\t<meta property=\"og:image:width\" content=\"1024\" \/>\n\t<meta property=\"og:image:height\" content=\"683\" \/>\n\t<meta property=\"og:image:type\" content=\"image\/webp\" \/>\n<meta name=\"author\" content=\"admin\" \/>\n<meta name=\"twitter:card\" content=\"summary_large_image\" \/>\n<meta name=\"twitter:label1\" content=\"Scritto da\" \/>\n\t<meta name=\"twitter:data1\" content=\"admin\" \/>\n\t<meta name=\"twitter:label2\" content=\"Tempo di lettura stimato\" \/>\n\t<meta name=\"twitter:data2\" content=\"5 minuti\" \/>\n<script type=\"application\/ld+json\" class=\"yoast-schema-graph\">{\"@context\":\"https:\\\/\\\/schema.org\",\"@graph\":[{\"@type\":\"Article\",\"@id\":\"https:\\\/\\\/lavocedelpaese.info\\\/index.php\\\/2024\\\/06\\\/14\\\/larrivo-di-zelensky-a-taranto-per-il-g7\\\/#article\",\"isPartOf\":{\"@id\":\"https:\\\/\\\/lavocedelpaese.info\\\/index.php\\\/2024\\\/06\\\/14\\\/larrivo-di-zelensky-a-taranto-per-il-g7\\\/\"},\"author\":{\"name\":\"admin\",\"@id\":\"https:\\\/\\\/lavocedelpaese.info\\\/#\\\/schema\\\/person\\\/ec151d321306bd7591f7a061abf72d88\"},\"headline\":\"L&#8217;Arrivo di Zelensky a Taranto per il G7\",\"datePublished\":\"2024-06-14T04:37:35+00:00\",\"dateModified\":\"2024-06-14T04:37:37+00:00\",\"mainEntityOfPage\":{\"@id\":\"https:\\\/\\\/lavocedelpaese.info\\\/index.php\\\/2024\\\/06\\\/14\\\/larrivo-di-zelensky-a-taranto-per-il-g7\\\/\"},\"wordCount\":858,\"commentCount\":0,\"publisher\":{\"@id\":\"https:\\\/\\\/lavocedelpaese.info\\\/#organization\"},\"image\":{\"@id\":\"https:\\\/\\\/lavocedelpaese.info\\\/index.php\\\/2024\\\/06\\\/14\\\/larrivo-di-zelensky-a-taranto-per-il-g7\\\/#primaryimage\"},\"thumbnailUrl\":\"https:\\\/\\\/lavocedelpaese.info\\\/wp-content\\\/uploads\\\/2024\\\/06\\\/zelensky-g7.webp\",\"articleSection\":[\"Attualit\u00e0\",\"network\"],\"inLanguage\":\"it-IT\",\"potentialAction\":[{\"@type\":\"CommentAction\",\"name\":\"Comment\",\"target\":[\"https:\\\/\\\/lavocedelpaese.info\\\/index.php\\\/2024\\\/06\\\/14\\\/larrivo-di-zelensky-a-taranto-per-il-g7\\\/#respond\"]}]},{\"@type\":\"WebPage\",\"@id\":\"https:\\\/\\\/lavocedelpaese.info\\\/index.php\\\/2024\\\/06\\\/14\\\/larrivo-di-zelensky-a-taranto-per-il-g7\\\/\",\"url\":\"https:\\\/\\\/lavocedelpaese.info\\\/index.php\\\/2024\\\/06\\\/14\\\/larrivo-di-zelensky-a-taranto-per-il-g7\\\/\",\"name\":\"L'Arrivo di Zelensky a Taranto per il G7 - La Voce del Paese\",\"isPartOf\":{\"@id\":\"https:\\\/\\\/lavocedelpaese.info\\\/#website\"},\"primaryImageOfPage\":{\"@id\":\"https:\\\/\\\/lavocedelpaese.info\\\/index.php\\\/2024\\\/06\\\/14\\\/larrivo-di-zelensky-a-taranto-per-il-g7\\\/#primaryimage\"},\"image\":{\"@id\":\"https:\\\/\\\/lavocedelpaese.info\\\/index.php\\\/2024\\\/06\\\/14\\\/larrivo-di-zelensky-a-taranto-per-il-g7\\\/#primaryimage\"},\"thumbnailUrl\":\"https:\\\/\\\/lavocedelpaese.info\\\/wp-content\\\/uploads\\\/2024\\\/06\\\/zelensky-g7.webp\",\"datePublished\":\"2024-06-14T04:37:35+00:00\",\"dateModified\":\"2024-06-14T04:37:37+00:00\",\"breadcrumb\":{\"@id\":\"https:\\\/\\\/lavocedelpaese.info\\\/index.php\\\/2024\\\/06\\\/14\\\/larrivo-di-zelensky-a-taranto-per-il-g7\\\/#breadcrumb\"},\"inLanguage\":\"it-IT\",\"potentialAction\":[{\"@type\":\"ReadAction\",\"target\":[\"https:\\\/\\\/lavocedelpaese.info\\\/index.php\\\/2024\\\/06\\\/14\\\/larrivo-di-zelensky-a-taranto-per-il-g7\\\/\"]}]},{\"@type\":\"ImageObject\",\"inLanguage\":\"it-IT\",\"@id\":\"https:\\\/\\\/lavocedelpaese.info\\\/index.php\\\/2024\\\/06\\\/14\\\/larrivo-di-zelensky-a-taranto-per-il-g7\\\/#primaryimage\",\"url\":\"https:\\\/\\\/lavocedelpaese.info\\\/wp-content\\\/uploads\\\/2024\\\/06\\\/zelensky-g7.webp\",\"contentUrl\":\"https:\\\/\\\/lavocedelpaese.info\\\/wp-content\\\/uploads\\\/2024\\\/06\\\/zelensky-g7.webp\",\"width\":1024,\"height\":683},{\"@type\":\"BreadcrumbList\",\"@id\":\"https:\\\/\\\/lavocedelpaese.info\\\/index.php\\\/2024\\\/06\\\/14\\\/larrivo-di-zelensky-a-taranto-per-il-g7\\\/#breadcrumb\",\"itemListElement\":[{\"@type\":\"ListItem\",\"position\":1,\"name\":\"Home\",\"item\":\"https:\\\/\\\/lavocedelpaese.info\\\/\"},{\"@type\":\"ListItem\",\"position\":2,\"name\":\"L&#8217;Arrivo di Zelensky a Taranto per il G7\"}]},{\"@type\":\"WebSite\",\"@id\":\"https:\\\/\\\/lavocedelpaese.info\\\/#website\",\"url\":\"https:\\\/\\\/lavocedelpaese.info\\\/\",\"name\":\"La Voce del Paese\",\"description\":\"Un network di idee\",\"publisher\":{\"@id\":\"https:\\\/\\\/lavocedelpaese.info\\\/#organization\"},\"potentialAction\":[{\"@type\":\"SearchAction\",\"target\":{\"@type\":\"EntryPoint\",\"urlTemplate\":\"https:\\\/\\\/lavocedelpaese.info\\\/?s={search_term_string}\"},\"query-input\":{\"@type\":\"PropertyValueSpecification\",\"valueRequired\":true,\"valueName\":\"search_term_string\"}}],\"inLanguage\":\"it-IT\"},{\"@type\":\"Organization\",\"@id\":\"https:\\\/\\\/lavocedelpaese.info\\\/#organization\",\"name\":\"La Voce del Paese\",\"url\":\"https:\\\/\\\/lavocedelpaese.info\\\/\",\"logo\":{\"@type\":\"ImageObject\",\"inLanguage\":\"it-IT\",\"@id\":\"https:\\\/\\\/lavocedelpaese.info\\\/#\\\/schema\\\/logo\\\/image\\\/\",\"url\":\"https:\\\/\\\/lavocedelpaese.info\\\/wp-content\\\/uploads\\\/2023\\\/01\\\/cropped-logo-150-127.png\",\"contentUrl\":\"https:\\\/\\\/lavocedelpaese.info\\\/wp-content\\\/uploads\\\/2023\\\/01\\\/cropped-logo-150-127.png\",\"width\":137,\"height\":119,\"caption\":\"La Voce del Paese\"},\"image\":{\"@id\":\"https:\\\/\\\/lavocedelpaese.info\\\/#\\\/schema\\\/logo\\\/image\\\/\"},\"sameAs\":[\"https:\\\/\\\/www.facebook.com\\\/lavocedelpaese.info\"]},{\"@type\":\"Person\",\"@id\":\"https:\\\/\\\/lavocedelpaese.info\\\/#\\\/schema\\\/person\\\/ec151d321306bd7591f7a061abf72d88\",\"name\":\"admin\",\"image\":{\"@type\":\"ImageObject\",\"inLanguage\":\"it-IT\",\"@id\":\"https:\\\/\\\/secure.gravatar.com\\\/avatar\\\/af8f2caf0663124588de48a9380e07cbc95a74ef15b8062d0d39106c32fe3023?s=96&d=mm&r=g\",\"url\":\"https:\\\/\\\/secure.gravatar.com\\\/avatar\\\/af8f2caf0663124588de48a9380e07cbc95a74ef15b8062d0d39106c32fe3023?s=96&d=mm&r=g\",\"contentUrl\":\"https:\\\/\\\/secure.gravatar.com\\\/avatar\\\/af8f2caf0663124588de48a9380e07cbc95a74ef15b8062d0d39106c32fe3023?s=96&d=mm&r=g\",\"caption\":\"admin\"},\"sameAs\":[\"https:\\\/\\\/lavocedelpaese.info\"],\"url\":\"https:\\\/\\\/lavocedelpaese.info\\\/index.php\\\/author\\\/admin\\\/\"}]}<\/script>\n<!-- \/ Yoast SEO plugin. -->","yoast_head_json":{"title":"L'Arrivo di Zelensky a Taranto per il G7 - La Voce del Paese","robots":{"index":"index","follow":"follow","max-snippet":"max-snippet:-1","max-image-preview":"max-image-preview:large","max-video-preview":"max-video-preview:-1"},"canonical":"https:\/\/lavocedelpaese.info\/index.php\/2024\/06\/14\/larrivo-di-zelensky-a-taranto-per-il-g7\/","og_locale":"it_IT","og_type":"article","og_title":"L'Arrivo di Zelensky a Taranto per il G7 - La Voce del Paese","og_description":"Implicazioni politiche e opportunit\u00e0 per la citt\u00e0 L&#8217;attesa per l&#8217;arrivo del presidente ucraino Volodymyr Zelensky a Taranto, in occasione del","og_url":"https:\/\/lavocedelpaese.info\/index.php\/2024\/06\/14\/larrivo-di-zelensky-a-taranto-per-il-g7\/","og_site_name":"La Voce del Paese","article_publisher":"https:\/\/www.facebook.com\/lavocedelpaese.info","article_published_time":"2024-06-14T04:37:35+00:00","article_modified_time":"2024-06-14T04:37:37+00:00","og_image":[{"width":1024,"height":683,"url":"https:\/\/lavocedelpaese.info\/wp-content\/uploads\/2024\/06\/zelensky-g7.webp","type":"image\/webp"}],"author":"admin","twitter_card":"summary_large_image","twitter_misc":{"Scritto da":"admin","Tempo di lettura stimato":"5 minuti"},"schema":{"@context":"https:\/\/schema.org","@graph":[{"@type":"Article","@id":"https:\/\/lavocedelpaese.info\/index.php\/2024\/06\/14\/larrivo-di-zelensky-a-taranto-per-il-g7\/#article","isPartOf":{"@id":"https:\/\/lavocedelpaese.info\/index.php\/2024\/06\/14\/larrivo-di-zelensky-a-taranto-per-il-g7\/"},"author":{"name":"admin","@id":"https:\/\/lavocedelpaese.info\/#\/schema\/person\/ec151d321306bd7591f7a061abf72d88"},"headline":"L&#8217;Arrivo di Zelensky a Taranto per il G7","datePublished":"2024-06-14T04:37:35+00:00","dateModified":"2024-06-14T04:37:37+00:00","mainEntityOfPage":{"@id":"https:\/\/lavocedelpaese.info\/index.php\/2024\/06\/14\/larrivo-di-zelensky-a-taranto-per-il-g7\/"},"wordCount":858,"commentCount":0,"publisher":{"@id":"https:\/\/lavocedelpaese.info\/#organization"},"image":{"@id":"https:\/\/lavocedelpaese.info\/index.php\/2024\/06\/14\/larrivo-di-zelensky-a-taranto-per-il-g7\/#primaryimage"},"thumbnailUrl":"https:\/\/lavocedelpaese.info\/wp-content\/uploads\/2024\/06\/zelensky-g7.webp","articleSection":["Attualit\u00e0","network"],"inLanguage":"it-IT","potentialAction":[{"@type":"CommentAction","name":"Comment","target":["https:\/\/lavocedelpaese.info\/index.php\/2024\/06\/14\/larrivo-di-zelensky-a-taranto-per-il-g7\/#respond"]}]},{"@type":"WebPage","@id":"https:\/\/lavocedelpaese.info\/index.php\/2024\/06\/14\/larrivo-di-zelensky-a-taranto-per-il-g7\/","url":"https:\/\/lavocedelpaese.info\/index.php\/2024\/06\/14\/larrivo-di-zelensky-a-taranto-per-il-g7\/","name":"L'Arrivo di Zelensky a Taranto per il G7 - La Voce del Paese","isPartOf":{"@id":"https:\/\/lavocedelpaese.info\/#website"},"primaryImageOfPage":{"@id":"https:\/\/lavocedelpaese.info\/index.php\/2024\/06\/14\/larrivo-di-zelensky-a-taranto-per-il-g7\/#primaryimage"},"image":{"@id":"https:\/\/lavocedelpaese.info\/index.php\/2024\/06\/14\/larrivo-di-zelensky-a-taranto-per-il-g7\/#primaryimage"},"thumbnailUrl":"https:\/\/lavocedelpaese.info\/wp-content\/uploads\/2024\/06\/zelensky-g7.webp","datePublished":"2024-06-14T04:37:35+00:00","dateModified":"2024-06-14T04:37:37+00:00","breadcrumb":{"@id":"https:\/\/lavocedelpaese.info\/index.php\/2024\/06\/14\/larrivo-di-zelensky-a-taranto-per-il-g7\/#breadcrumb"},"inLanguage":"it-IT","potentialAction":[{"@type":"ReadAction","target":["https:\/\/lavocedelpaese.info\/index.php\/2024\/06\/14\/larrivo-di-zelensky-a-taranto-per-il-g7\/"]}]},{"@type":"ImageObject","inLanguage":"it-IT","@id":"https:\/\/lavocedelpaese.info\/index.php\/2024\/06\/14\/larrivo-di-zelensky-a-taranto-per-il-g7\/#primaryimage","url":"https:\/\/lavocedelpaese.info\/wp-content\/uploads\/2024\/06\/zelensky-g7.webp","contentUrl":"https:\/\/lavocedelpaese.info\/wp-content\/uploads\/2024\/06\/zelensky-g7.webp","width":1024,"height":683},{"@type":"BreadcrumbList","@id":"https:\/\/lavocedelpaese.info\/index.php\/2024\/06\/14\/larrivo-di-zelensky-a-taranto-per-il-g7\/#breadcrumb","itemListElement":[{"@type":"ListItem","position":1,"name":"Home","item":"https:\/\/lavocedelpaese.info\/"},{"@type":"ListItem","position":2,"name":"L&#8217;Arrivo di Zelensky a Taranto per il G7"}]},{"@type":"WebSite","@id":"https:\/\/lavocedelpaese.info\/#website","url":"https:\/\/lavocedelpaese.info\/","name":"La Voce del Paese","description":"Un network di idee","publisher":{"@id":"https:\/\/lavocedelpaese.info\/#organization"},"potentialAction":[{"@type":"SearchAction","target":{"@type":"EntryPoint","urlTemplate":"https:\/\/lavocedelpaese.info\/?s={search_term_string}"},"query-input":{"@type":"PropertyValueSpecification","valueRequired":true,"valueName":"search_term_string"}}],"inLanguage":"it-IT"},{"@type":"Organization","@id":"https:\/\/lavocedelpaese.info\/#organization","name":"La Voce del Paese","url":"https:\/\/lavocedelpaese.info\/","logo":{"@type":"ImageObject","inLanguage":"it-IT","@id":"https:\/\/lavocedelpaese.info\/#\/schema\/logo\/image\/","url":"https:\/\/lavocedelpaese.info\/wp-content\/uploads\/2023\/01\/cropped-logo-150-127.png","contentUrl":"https:\/\/lavocedelpaese.info\/wp-content\/uploads\/2023\/01\/cropped-logo-150-127.png","width":137,"height":119,"caption":"La Voce del Paese"},"image":{"@id":"https:\/\/lavocedelpaese.info\/#\/schema\/logo\/image\/"},"sameAs":["https:\/\/www.facebook.com\/lavocedelpaese.info"]},{"@type":"Person","@id":"https:\/\/lavocedelpaese.info\/#\/schema\/person\/ec151d321306bd7591f7a061abf72d88","name":"admin","image":{"@type":"ImageObject","inLanguage":"it-IT","@id":"https:\/\/secure.gravatar.com\/avatar\/af8f2caf0663124588de48a9380e07cbc95a74ef15b8062d0d39106c32fe3023?s=96&d=mm&r=g","url":"https:\/\/secure.gravatar.com\/avatar\/af8f2caf0663124588de48a9380e07cbc95a74ef15b8062d0d39106c32fe3023?s=96&d=mm&r=g","contentUrl":"https:\/\/secure.gravatar.com\/avatar\/af8f2caf0663124588de48a9380e07cbc95a74ef15b8062d0d39106c32fe3023?s=96&d=mm&r=g","caption":"admin"},"sameAs":["https:\/\/lavocedelpaese.info"],"url":"https:\/\/lavocedelpaese.info\/index.php\/author\/admin\/"}]}},"_links":{"self":[{"href":"https:\/\/lavocedelpaese.info\/index.php\/wp-json\/wp\/v2\/posts\/2319","targetHints":{"allow":["GET"]}}],"collection":[{"href":"https:\/\/lavocedelpaese.info\/index.php\/wp-json\/wp\/v2\/posts"}],"about":[{"href":"https:\/\/lavocedelpaese.info\/index.php\/wp-json\/wp\/v2\/types\/post"}],"author":[{"embeddable":true,"href":"https:\/\/lavocedelpaese.info\/index.php\/wp-json\/wp\/v2\/users\/6"}],"replies":[{"embeddable":true,"href":"https:\/\/lavocedelpaese.info\/index.php\/wp-json\/wp\/v2\/comments?post=2319"}],"version-history":[{"count":1,"href":"https:\/\/lavocedelpaese.info\/index.php\/wp-json\/wp\/v2\/posts\/2319\/revisions"}],"predecessor-version":[{"id":2321,"href":"https:\/\/lavocedelpaese.info\/index.php\/wp-json\/wp\/v2\/posts\/2319\/revisions\/2321"}],"wp:featuredmedia":[{"embeddable":true,"href":"https:\/\/lavocedelpaese.info\/index.php\/wp-json\/wp\/v2\/media\/2320"}],"wp:attachment":[{"href":"https:\/\/lavocedelpaese.info\/index.php\/wp-json\/wp\/v2\/media?parent=2319"}],"wp:term":[{"taxonomy":"category","embeddable":true,"href":"https:\/\/lavocedelpaese.info\/index.php\/wp-json\/wp\/v2\/categories?post=2319"},{"taxonomy":"post_tag","embeddable":true,"href":"https:\/\/lavocedelpaese.info\/index.php\/wp-json\/wp\/v2\/tags?post=2319"}],"curies":[{"name":"wp","href":"https:\/\/api.w.org\/{rel}","templated":true}]}}