{"id":2312,"date":"2024-06-14T04:30:49","date_gmt":"2024-06-14T04:30:49","guid":{"rendered":"https:\/\/lavocedelpaese.info\/?p=2312"},"modified":"2024-06-14T04:31:31","modified_gmt":"2024-06-14T04:31:31","slug":"marta-di-taranto-accoglie-i-leader-del-g7-con-un-video-di-pace-multilingue","status":"publish","type":"post","link":"https:\/\/lavocedelpaese.info\/index.php\/2024\/06\/14\/marta-di-taranto-accoglie-i-leader-del-g7-con-un-video-di-pace-multilingue\/","title":{"rendered":"MArTA di Taranto accoglie i leader del G7 con un video di pace multilingue"},"content":{"rendered":"\n<p>Il Museo Archeologico Nazionale di Taranto (MArTA) ha creato un video-saluto in tutte le lingue dei paesi partecipanti al G7 per accogliere i leader mondiali in Puglia. Il messaggio di benvenuto \u00e8 trasmesso attraverso la testa in marmo di Augusto capite velato, simbolo di pace e rinnovamento morale. Questa scultura, risalente al I secolo d.C. e trovata a Taranto nel 1943, \u00e8 stata riconosciuta dalla Federazione Italiana Club Unesco come &#8220;Monumento testimone di una cultura di pace&#8221;. La direttrice del MArTA, Stella Falzone, ha spiegato che Augusto \u00e8 stato scelto per il suo ruolo storico di promotore della pace e dell&#8217;ordine istituzionale, un messaggio che il museo desidera trasmettere ai leader del G7. Il video \u00e8 disponibile su tutte le piattaforme social del MArTA.<\/p>\n\n\n\n<p>Il Museo Archeologico Nazionale di Taranto (MArTA) ha creato un video-saluto multilingue per accogliere i leader del G7, utilizzando la testa in marmo di Augusto capite velato come simbolo di pace e rinnovamento morale. Questo gesto ha significative implicazioni culturali, politiche e sociali per Taranto e l&#8217;intera regione. In primo luogo, l&#8217;iniziativa del MArTA sottolinea l&#8217;importanza del patrimonio culturale come veicolo di messaggi universali. La scelta di utilizzare la testa di Augusto, riconosciuta dalla Federazione Italiana Club Unesco come &#8220;Monumento testimone di una cultura di pace&#8221;, non \u00e8 casuale: essa rappresenta un richiamo alla storia antica di Taranto e all&#8217;importanza della citt\u00e0 come crocevia di culture e civilt\u00e0. Questo non solo valorizza il museo e il suo patrimonio, ma anche la citt\u00e0 stessa, posizionandola come un luogo di rilevanza storica e culturale a livello internazionale.<\/p>\n\n\n\n<p>Dal punto di vista politico, l&#8217;iniziativa del MArTA pu\u00f2 essere vista come un modo per rafforzare i legami diplomatici e promuovere il dialogo interculturale. Il video, declinato in tutte le lingue degli Stati rappresentati al G7, dimostra l&#8217;impegno di Taranto e dell&#8217;Italia nel promuovere la pace e la cooperazione internazionale. Questo gesto di benvenuto ai leader del G7 \u00e8 un potente simbolo di amicizia e apertura, che pu\u00f2 contribuire a creare un&#8217;atmosfera positiva e collaborativa durante il vertice. Inoltre, mostra come la cultura possa essere utilizzata come strumento di soft power, capace di influenzare le relazioni internazionali in modo sottile ma efficace.<\/p>\n\n\n\n<p>Socialmente, l&#8217;iniziativa ha il potenziale di coinvolgere e unire la comunit\u00e0 locale. La diffusione del video sui social media del MArTA permette di raggiungere un vasto pubblico, sia locale che internazionale. Questo pu\u00f2 aumentare la consapevolezza e l&#8217;orgoglio dei cittadini di Taranto per il loro patrimonio culturale, rafforzando il senso di identit\u00e0 e appartenenza. Inoltre, pu\u00f2 stimolare un maggiore interesse per la storia e la cultura tra le nuove generazioni, promuovendo l&#8217;educazione e la partecipazione culturale.<\/p>\n\n\n\n<p>L&#8217;impatto economico dell&#8217;iniziativa non va sottovalutato. La visibilit\u00e0 internazionale ottenuta grazie al G7 e al video del MArTA pu\u00f2 attirare turisti e investitori a Taranto. Il turismo culturale \u00e8 una fonte significativa di reddito per molte citt\u00e0 storiche, e Taranto ha il potenziale per sviluppare ulteriormente questo settore. La promozione del patrimonio archeologico e culturale pu\u00f2 contribuire a diversificare l&#8217;economia locale, riducendo la dipendenza dalle industrie tradizionali e creando nuove opportunit\u00e0 di lavoro.<\/p>\n\n\n\n<p>L&#8217;iniziativa del MArTA pu\u00f2 anche stimolare il dialogo su temi pi\u00f9 ampi, come la conservazione del patrimonio culturale e la sua rilevanza nel mondo moderno. In un&#8217;epoca in cui molti siti storici sono minacciati da conflitti, cambiamenti climatici e sviluppo urbano, la valorizzazione del patrimonio culturale diventa sempre pi\u00f9 importante. Il video del MArTA non solo celebra la storia di Taranto, ma anche l&#8217;importanza di preservare e proteggere i tesori culturali per le future generazioni.<\/p>\n\n\n\n<p>Infine, l&#8217;uso di un simbolo come Augusto capite velato porta con s\u00e9 un messaggio di speranza e rinnovamento. Dopo anni di crisi economiche, ambientali e sociali, l&#8217;augurio di pace e prosperit\u00e0 contenuto nel video del MArTA risuona fortemente. Questo pu\u00f2 ispirare sia i leader del G7 che la popolazione generale a lavorare insieme per un futuro migliore, basato su valori di pace, cooperazione e rispetto reciproco.<\/p>\n\n\n\n<p>In conclusione, l&#8217;iniziativa del MArTA di accogliere i leader del G7 con un video-saluto multilingue ha molteplici implicazioni positive per Taranto. Rafforza il ruolo della citt\u00e0 come custode di un importante patrimonio culturale, promuove il dialogo internazionale e la cooperazione, unisce la comunit\u00e0 locale e ha il potenziale di stimolare l&#8217;economia e l&#8217;interesse turistico. Inoltre, porta un messaggio di speranza e rinnovamento, ricordando l&#8217;importanza della pace e della collaborazione nel costruire un futuro migliore per tutti.<\/p>\n","protected":false},"excerpt":{"rendered":"<p>Il Museo Archeologico Nazionale di Taranto (MArTA) ha creato un video-saluto in tutte le lingue dei paesi partecipanti al G7<\/p>\n","protected":false},"author":6,"featured_media":2313,"comment_status":"open","ping_status":"closed","sticky":false,"template":"","format":"standard","meta":{"colormag_page_container_layout":"default_layout","colormag_page_sidebar_layout":"default_layout","footnotes":""},"categories":[5,33],"tags":[],"class_list":["post-2312","post","type-post","status-publish","format-standard","has-post-thumbnail","hentry","category-cultura","category-network"],"yoast_head":"<!-- This site is optimized with the Yoast SEO plugin v27.5 - https:\/\/yoast.com\/product\/yoast-seo-wordpress\/ -->\n<title>MArTA di Taranto accoglie i leader del G7 con un video di pace multilingue - La Voce del Paese<\/title>\n<meta name=\"robots\" content=\"index, follow, max-snippet:-1, max-image-preview:large, max-video-preview:-1\" \/>\n<link rel=\"canonical\" href=\"https:\/\/lavocedelpaese.info\/index.php\/2024\/06\/14\/marta-di-taranto-accoglie-i-leader-del-g7-con-un-video-di-pace-multilingue\/\" \/>\n<meta property=\"og:locale\" content=\"it_IT\" \/>\n<meta property=\"og:type\" content=\"article\" \/>\n<meta property=\"og:title\" content=\"MArTA di Taranto accoglie i leader del G7 con un video di pace multilingue - La Voce del Paese\" \/>\n<meta property=\"og:description\" content=\"Il Museo Archeologico Nazionale di Taranto (MArTA) ha creato un video-saluto in tutte le lingue dei paesi partecipanti al G7\" \/>\n<meta property=\"og:url\" content=\"https:\/\/lavocedelpaese.info\/index.php\/2024\/06\/14\/marta-di-taranto-accoglie-i-leader-del-g7-con-un-video-di-pace-multilingue\/\" \/>\n<meta property=\"og:site_name\" content=\"La Voce del Paese\" \/>\n<meta property=\"article:publisher\" content=\"https:\/\/www.facebook.com\/lavocedelpaese.info\" \/>\n<meta property=\"article:published_time\" content=\"2024-06-14T04:30:49+00:00\" \/>\n<meta property=\"article:modified_time\" content=\"2024-06-14T04:31:31+00:00\" \/>\n<meta property=\"og:image\" content=\"https:\/\/lavocedelpaese.info\/wp-content\/uploads\/2024\/06\/MarTa-g7.jpg\" \/>\n\t<meta property=\"og:image:width\" content=\"1000\" \/>\n\t<meta property=\"og:image:height\" content=\"563\" \/>\n\t<meta property=\"og:image:type\" content=\"image\/jpeg\" \/>\n<meta name=\"author\" content=\"admin\" \/>\n<meta name=\"twitter:card\" content=\"summary_large_image\" \/>\n<meta name=\"twitter:label1\" content=\"Scritto da\" \/>\n\t<meta name=\"twitter:data1\" content=\"admin\" \/>\n\t<meta name=\"twitter:label2\" content=\"Tempo di lettura stimato\" \/>\n\t<meta name=\"twitter:data2\" content=\"5 minuti\" \/>\n<script type=\"application\/ld+json\" class=\"yoast-schema-graph\">{\"@context\":\"https:\\\/\\\/schema.org\",\"@graph\":[{\"@type\":\"Article\",\"@id\":\"https:\\\/\\\/lavocedelpaese.info\\\/index.php\\\/2024\\\/06\\\/14\\\/marta-di-taranto-accoglie-i-leader-del-g7-con-un-video-di-pace-multilingue\\\/#article\",\"isPartOf\":{\"@id\":\"https:\\\/\\\/lavocedelpaese.info\\\/index.php\\\/2024\\\/06\\\/14\\\/marta-di-taranto-accoglie-i-leader-del-g7-con-un-video-di-pace-multilingue\\\/\"},\"author\":{\"name\":\"admin\",\"@id\":\"https:\\\/\\\/lavocedelpaese.info\\\/#\\\/schema\\\/person\\\/ec151d321306bd7591f7a061abf72d88\"},\"headline\":\"MArTA di Taranto accoglie i leader del G7 con un video di pace multilingue\",\"datePublished\":\"2024-06-14T04:30:49+00:00\",\"dateModified\":\"2024-06-14T04:31:31+00:00\",\"mainEntityOfPage\":{\"@id\":\"https:\\\/\\\/lavocedelpaese.info\\\/index.php\\\/2024\\\/06\\\/14\\\/marta-di-taranto-accoglie-i-leader-del-g7-con-un-video-di-pace-multilingue\\\/\"},\"wordCount\":758,\"commentCount\":0,\"publisher\":{\"@id\":\"https:\\\/\\\/lavocedelpaese.info\\\/#organization\"},\"image\":{\"@id\":\"https:\\\/\\\/lavocedelpaese.info\\\/index.php\\\/2024\\\/06\\\/14\\\/marta-di-taranto-accoglie-i-leader-del-g7-con-un-video-di-pace-multilingue\\\/#primaryimage\"},\"thumbnailUrl\":\"https:\\\/\\\/lavocedelpaese.info\\\/wp-content\\\/uploads\\\/2024\\\/06\\\/MarTa-g7.jpg\",\"articleSection\":[\"Cultura\",\"network\"],\"inLanguage\":\"it-IT\",\"potentialAction\":[{\"@type\":\"CommentAction\",\"name\":\"Comment\",\"target\":[\"https:\\\/\\\/lavocedelpaese.info\\\/index.php\\\/2024\\\/06\\\/14\\\/marta-di-taranto-accoglie-i-leader-del-g7-con-un-video-di-pace-multilingue\\\/#respond\"]}]},{\"@type\":\"WebPage\",\"@id\":\"https:\\\/\\\/lavocedelpaese.info\\\/index.php\\\/2024\\\/06\\\/14\\\/marta-di-taranto-accoglie-i-leader-del-g7-con-un-video-di-pace-multilingue\\\/\",\"url\":\"https:\\\/\\\/lavocedelpaese.info\\\/index.php\\\/2024\\\/06\\\/14\\\/marta-di-taranto-accoglie-i-leader-del-g7-con-un-video-di-pace-multilingue\\\/\",\"name\":\"MArTA di Taranto accoglie i leader del G7 con un video di pace multilingue - La Voce del Paese\",\"isPartOf\":{\"@id\":\"https:\\\/\\\/lavocedelpaese.info\\\/#website\"},\"primaryImageOfPage\":{\"@id\":\"https:\\\/\\\/lavocedelpaese.info\\\/index.php\\\/2024\\\/06\\\/14\\\/marta-di-taranto-accoglie-i-leader-del-g7-con-un-video-di-pace-multilingue\\\/#primaryimage\"},\"image\":{\"@id\":\"https:\\\/\\\/lavocedelpaese.info\\\/index.php\\\/2024\\\/06\\\/14\\\/marta-di-taranto-accoglie-i-leader-del-g7-con-un-video-di-pace-multilingue\\\/#primaryimage\"},\"thumbnailUrl\":\"https:\\\/\\\/lavocedelpaese.info\\\/wp-content\\\/uploads\\\/2024\\\/06\\\/MarTa-g7.jpg\",\"datePublished\":\"2024-06-14T04:30:49+00:00\",\"dateModified\":\"2024-06-14T04:31:31+00:00\",\"breadcrumb\":{\"@id\":\"https:\\\/\\\/lavocedelpaese.info\\\/index.php\\\/2024\\\/06\\\/14\\\/marta-di-taranto-accoglie-i-leader-del-g7-con-un-video-di-pace-multilingue\\\/#breadcrumb\"},\"inLanguage\":\"it-IT\",\"potentialAction\":[{\"@type\":\"ReadAction\",\"target\":[\"https:\\\/\\\/lavocedelpaese.info\\\/index.php\\\/2024\\\/06\\\/14\\\/marta-di-taranto-accoglie-i-leader-del-g7-con-un-video-di-pace-multilingue\\\/\"]}]},{\"@type\":\"ImageObject\",\"inLanguage\":\"it-IT\",\"@id\":\"https:\\\/\\\/lavocedelpaese.info\\\/index.php\\\/2024\\\/06\\\/14\\\/marta-di-taranto-accoglie-i-leader-del-g7-con-un-video-di-pace-multilingue\\\/#primaryimage\",\"url\":\"https:\\\/\\\/lavocedelpaese.info\\\/wp-content\\\/uploads\\\/2024\\\/06\\\/MarTa-g7.jpg\",\"contentUrl\":\"https:\\\/\\\/lavocedelpaese.info\\\/wp-content\\\/uploads\\\/2024\\\/06\\\/MarTa-g7.jpg\",\"width\":1000,\"height\":563},{\"@type\":\"BreadcrumbList\",\"@id\":\"https:\\\/\\\/lavocedelpaese.info\\\/index.php\\\/2024\\\/06\\\/14\\\/marta-di-taranto-accoglie-i-leader-del-g7-con-un-video-di-pace-multilingue\\\/#breadcrumb\",\"itemListElement\":[{\"@type\":\"ListItem\",\"position\":1,\"name\":\"Home\",\"item\":\"https:\\\/\\\/lavocedelpaese.info\\\/\"},{\"@type\":\"ListItem\",\"position\":2,\"name\":\"MArTA di Taranto accoglie i leader del G7 con un video di pace multilingue\"}]},{\"@type\":\"WebSite\",\"@id\":\"https:\\\/\\\/lavocedelpaese.info\\\/#website\",\"url\":\"https:\\\/\\\/lavocedelpaese.info\\\/\",\"name\":\"La Voce del Paese\",\"description\":\"Un network di idee\",\"publisher\":{\"@id\":\"https:\\\/\\\/lavocedelpaese.info\\\/#organization\"},\"potentialAction\":[{\"@type\":\"SearchAction\",\"target\":{\"@type\":\"EntryPoint\",\"urlTemplate\":\"https:\\\/\\\/lavocedelpaese.info\\\/?s={search_term_string}\"},\"query-input\":{\"@type\":\"PropertyValueSpecification\",\"valueRequired\":true,\"valueName\":\"search_term_string\"}}],\"inLanguage\":\"it-IT\"},{\"@type\":\"Organization\",\"@id\":\"https:\\\/\\\/lavocedelpaese.info\\\/#organization\",\"name\":\"La Voce del Paese\",\"url\":\"https:\\\/\\\/lavocedelpaese.info\\\/\",\"logo\":{\"@type\":\"ImageObject\",\"inLanguage\":\"it-IT\",\"@id\":\"https:\\\/\\\/lavocedelpaese.info\\\/#\\\/schema\\\/logo\\\/image\\\/\",\"url\":\"https:\\\/\\\/lavocedelpaese.info\\\/wp-content\\\/uploads\\\/2023\\\/01\\\/cropped-logo-150-127.png\",\"contentUrl\":\"https:\\\/\\\/lavocedelpaese.info\\\/wp-content\\\/uploads\\\/2023\\\/01\\\/cropped-logo-150-127.png\",\"width\":137,\"height\":119,\"caption\":\"La Voce del Paese\"},\"image\":{\"@id\":\"https:\\\/\\\/lavocedelpaese.info\\\/#\\\/schema\\\/logo\\\/image\\\/\"},\"sameAs\":[\"https:\\\/\\\/www.facebook.com\\\/lavocedelpaese.info\"]},{\"@type\":\"Person\",\"@id\":\"https:\\\/\\\/lavocedelpaese.info\\\/#\\\/schema\\\/person\\\/ec151d321306bd7591f7a061abf72d88\",\"name\":\"admin\",\"image\":{\"@type\":\"ImageObject\",\"inLanguage\":\"it-IT\",\"@id\":\"https:\\\/\\\/secure.gravatar.com\\\/avatar\\\/af8f2caf0663124588de48a9380e07cbc95a74ef15b8062d0d39106c32fe3023?s=96&d=mm&r=g\",\"url\":\"https:\\\/\\\/secure.gravatar.com\\\/avatar\\\/af8f2caf0663124588de48a9380e07cbc95a74ef15b8062d0d39106c32fe3023?s=96&d=mm&r=g\",\"contentUrl\":\"https:\\\/\\\/secure.gravatar.com\\\/avatar\\\/af8f2caf0663124588de48a9380e07cbc95a74ef15b8062d0d39106c32fe3023?s=96&d=mm&r=g\",\"caption\":\"admin\"},\"sameAs\":[\"https:\\\/\\\/lavocedelpaese.info\"],\"url\":\"https:\\\/\\\/lavocedelpaese.info\\\/index.php\\\/author\\\/admin\\\/\"}]}<\/script>\n<!-- \/ Yoast SEO plugin. -->","yoast_head_json":{"title":"MArTA di Taranto accoglie i leader del G7 con un video di pace multilingue - La Voce del Paese","robots":{"index":"index","follow":"follow","max-snippet":"max-snippet:-1","max-image-preview":"max-image-preview:large","max-video-preview":"max-video-preview:-1"},"canonical":"https:\/\/lavocedelpaese.info\/index.php\/2024\/06\/14\/marta-di-taranto-accoglie-i-leader-del-g7-con-un-video-di-pace-multilingue\/","og_locale":"it_IT","og_type":"article","og_title":"MArTA di Taranto accoglie i leader del G7 con un video di pace multilingue - La Voce del Paese","og_description":"Il Museo Archeologico Nazionale di Taranto (MArTA) ha creato un video-saluto in tutte le lingue dei paesi partecipanti al G7","og_url":"https:\/\/lavocedelpaese.info\/index.php\/2024\/06\/14\/marta-di-taranto-accoglie-i-leader-del-g7-con-un-video-di-pace-multilingue\/","og_site_name":"La Voce del Paese","article_publisher":"https:\/\/www.facebook.com\/lavocedelpaese.info","article_published_time":"2024-06-14T04:30:49+00:00","article_modified_time":"2024-06-14T04:31:31+00:00","og_image":[{"width":1000,"height":563,"url":"https:\/\/lavocedelpaese.info\/wp-content\/uploads\/2024\/06\/MarTa-g7.jpg","type":"image\/jpeg"}],"author":"admin","twitter_card":"summary_large_image","twitter_misc":{"Scritto da":"admin","Tempo di lettura stimato":"5 minuti"},"schema":{"@context":"https:\/\/schema.org","@graph":[{"@type":"Article","@id":"https:\/\/lavocedelpaese.info\/index.php\/2024\/06\/14\/marta-di-taranto-accoglie-i-leader-del-g7-con-un-video-di-pace-multilingue\/#article","isPartOf":{"@id":"https:\/\/lavocedelpaese.info\/index.php\/2024\/06\/14\/marta-di-taranto-accoglie-i-leader-del-g7-con-un-video-di-pace-multilingue\/"},"author":{"name":"admin","@id":"https:\/\/lavocedelpaese.info\/#\/schema\/person\/ec151d321306bd7591f7a061abf72d88"},"headline":"MArTA di Taranto accoglie i leader del G7 con un video di pace multilingue","datePublished":"2024-06-14T04:30:49+00:00","dateModified":"2024-06-14T04:31:31+00:00","mainEntityOfPage":{"@id":"https:\/\/lavocedelpaese.info\/index.php\/2024\/06\/14\/marta-di-taranto-accoglie-i-leader-del-g7-con-un-video-di-pace-multilingue\/"},"wordCount":758,"commentCount":0,"publisher":{"@id":"https:\/\/lavocedelpaese.info\/#organization"},"image":{"@id":"https:\/\/lavocedelpaese.info\/index.php\/2024\/06\/14\/marta-di-taranto-accoglie-i-leader-del-g7-con-un-video-di-pace-multilingue\/#primaryimage"},"thumbnailUrl":"https:\/\/lavocedelpaese.info\/wp-content\/uploads\/2024\/06\/MarTa-g7.jpg","articleSection":["Cultura","network"],"inLanguage":"it-IT","potentialAction":[{"@type":"CommentAction","name":"Comment","target":["https:\/\/lavocedelpaese.info\/index.php\/2024\/06\/14\/marta-di-taranto-accoglie-i-leader-del-g7-con-un-video-di-pace-multilingue\/#respond"]}]},{"@type":"WebPage","@id":"https:\/\/lavocedelpaese.info\/index.php\/2024\/06\/14\/marta-di-taranto-accoglie-i-leader-del-g7-con-un-video-di-pace-multilingue\/","url":"https:\/\/lavocedelpaese.info\/index.php\/2024\/06\/14\/marta-di-taranto-accoglie-i-leader-del-g7-con-un-video-di-pace-multilingue\/","name":"MArTA di Taranto accoglie i leader del G7 con un video di pace multilingue - La Voce del Paese","isPartOf":{"@id":"https:\/\/lavocedelpaese.info\/#website"},"primaryImageOfPage":{"@id":"https:\/\/lavocedelpaese.info\/index.php\/2024\/06\/14\/marta-di-taranto-accoglie-i-leader-del-g7-con-un-video-di-pace-multilingue\/#primaryimage"},"image":{"@id":"https:\/\/lavocedelpaese.info\/index.php\/2024\/06\/14\/marta-di-taranto-accoglie-i-leader-del-g7-con-un-video-di-pace-multilingue\/#primaryimage"},"thumbnailUrl":"https:\/\/lavocedelpaese.info\/wp-content\/uploads\/2024\/06\/MarTa-g7.jpg","datePublished":"2024-06-14T04:30:49+00:00","dateModified":"2024-06-14T04:31:31+00:00","breadcrumb":{"@id":"https:\/\/lavocedelpaese.info\/index.php\/2024\/06\/14\/marta-di-taranto-accoglie-i-leader-del-g7-con-un-video-di-pace-multilingue\/#breadcrumb"},"inLanguage":"it-IT","potentialAction":[{"@type":"ReadAction","target":["https:\/\/lavocedelpaese.info\/index.php\/2024\/06\/14\/marta-di-taranto-accoglie-i-leader-del-g7-con-un-video-di-pace-multilingue\/"]}]},{"@type":"ImageObject","inLanguage":"it-IT","@id":"https:\/\/lavocedelpaese.info\/index.php\/2024\/06\/14\/marta-di-taranto-accoglie-i-leader-del-g7-con-un-video-di-pace-multilingue\/#primaryimage","url":"https:\/\/lavocedelpaese.info\/wp-content\/uploads\/2024\/06\/MarTa-g7.jpg","contentUrl":"https:\/\/lavocedelpaese.info\/wp-content\/uploads\/2024\/06\/MarTa-g7.jpg","width":1000,"height":563},{"@type":"BreadcrumbList","@id":"https:\/\/lavocedelpaese.info\/index.php\/2024\/06\/14\/marta-di-taranto-accoglie-i-leader-del-g7-con-un-video-di-pace-multilingue\/#breadcrumb","itemListElement":[{"@type":"ListItem","position":1,"name":"Home","item":"https:\/\/lavocedelpaese.info\/"},{"@type":"ListItem","position":2,"name":"MArTA di Taranto accoglie i leader del G7 con un video di pace multilingue"}]},{"@type":"WebSite","@id":"https:\/\/lavocedelpaese.info\/#website","url":"https:\/\/lavocedelpaese.info\/","name":"La Voce del Paese","description":"Un network di idee","publisher":{"@id":"https:\/\/lavocedelpaese.info\/#organization"},"potentialAction":[{"@type":"SearchAction","target":{"@type":"EntryPoint","urlTemplate":"https:\/\/lavocedelpaese.info\/?s={search_term_string}"},"query-input":{"@type":"PropertyValueSpecification","valueRequired":true,"valueName":"search_term_string"}}],"inLanguage":"it-IT"},{"@type":"Organization","@id":"https:\/\/lavocedelpaese.info\/#organization","name":"La Voce del Paese","url":"https:\/\/lavocedelpaese.info\/","logo":{"@type":"ImageObject","inLanguage":"it-IT","@id":"https:\/\/lavocedelpaese.info\/#\/schema\/logo\/image\/","url":"https:\/\/lavocedelpaese.info\/wp-content\/uploads\/2023\/01\/cropped-logo-150-127.png","contentUrl":"https:\/\/lavocedelpaese.info\/wp-content\/uploads\/2023\/01\/cropped-logo-150-127.png","width":137,"height":119,"caption":"La Voce del Paese"},"image":{"@id":"https:\/\/lavocedelpaese.info\/#\/schema\/logo\/image\/"},"sameAs":["https:\/\/www.facebook.com\/lavocedelpaese.info"]},{"@type":"Person","@id":"https:\/\/lavocedelpaese.info\/#\/schema\/person\/ec151d321306bd7591f7a061abf72d88","name":"admin","image":{"@type":"ImageObject","inLanguage":"it-IT","@id":"https:\/\/secure.gravatar.com\/avatar\/af8f2caf0663124588de48a9380e07cbc95a74ef15b8062d0d39106c32fe3023?s=96&d=mm&r=g","url":"https:\/\/secure.gravatar.com\/avatar\/af8f2caf0663124588de48a9380e07cbc95a74ef15b8062d0d39106c32fe3023?s=96&d=mm&r=g","contentUrl":"https:\/\/secure.gravatar.com\/avatar\/af8f2caf0663124588de48a9380e07cbc95a74ef15b8062d0d39106c32fe3023?s=96&d=mm&r=g","caption":"admin"},"sameAs":["https:\/\/lavocedelpaese.info"],"url":"https:\/\/lavocedelpaese.info\/index.php\/author\/admin\/"}]}},"_links":{"self":[{"href":"https:\/\/lavocedelpaese.info\/index.php\/wp-json\/wp\/v2\/posts\/2312","targetHints":{"allow":["GET"]}}],"collection":[{"href":"https:\/\/lavocedelpaese.info\/index.php\/wp-json\/wp\/v2\/posts"}],"about":[{"href":"https:\/\/lavocedelpaese.info\/index.php\/wp-json\/wp\/v2\/types\/post"}],"author":[{"embeddable":true,"href":"https:\/\/lavocedelpaese.info\/index.php\/wp-json\/wp\/v2\/users\/6"}],"replies":[{"embeddable":true,"href":"https:\/\/lavocedelpaese.info\/index.php\/wp-json\/wp\/v2\/comments?post=2312"}],"version-history":[{"count":1,"href":"https:\/\/lavocedelpaese.info\/index.php\/wp-json\/wp\/v2\/posts\/2312\/revisions"}],"predecessor-version":[{"id":2314,"href":"https:\/\/lavocedelpaese.info\/index.php\/wp-json\/wp\/v2\/posts\/2312\/revisions\/2314"}],"wp:featuredmedia":[{"embeddable":true,"href":"https:\/\/lavocedelpaese.info\/index.php\/wp-json\/wp\/v2\/media\/2313"}],"wp:attachment":[{"href":"https:\/\/lavocedelpaese.info\/index.php\/wp-json\/wp\/v2\/media?parent=2312"}],"wp:term":[{"taxonomy":"category","embeddable":true,"href":"https:\/\/lavocedelpaese.info\/index.php\/wp-json\/wp\/v2\/categories?post=2312"},{"taxonomy":"post_tag","embeddable":true,"href":"https:\/\/lavocedelpaese.info\/index.php\/wp-json\/wp\/v2\/tags?post=2312"}],"curies":[{"name":"wp","href":"https:\/\/api.w.org\/{rel}","templated":true}]}}