{"id":2309,"date":"2024-06-14T04:27:53","date_gmt":"2024-06-14T04:27:53","guid":{"rendered":"https:\/\/lavocedelpaese.info\/?p=2309"},"modified":"2024-06-14T04:27:56","modified_gmt":"2024-06-14T04:27:56","slug":"sequestrata-nave-a-brindisi-per-criticita-igieniche-impatto-sulla-sicurezza-del-g7","status":"publish","type":"post","link":"https:\/\/lavocedelpaese.info\/index.php\/2024\/06\/14\/sequestrata-nave-a-brindisi-per-criticita-igieniche-impatto-sulla-sicurezza-del-g7\/","title":{"rendered":"Sequestrata nave a Brindisi per criticit\u00e0 igieniche: impatto sulla sicurezza del G7"},"content":{"rendered":"\n<p>La nave Mykonos Magic, ribattezzata Goddess of the Night, \u00e8 stata sequestrata dalla polizia a Brindisi per gravi criticit\u00e0 igienico-sanitarie e carenze alloggiative, configurando il reato di frode nelle pubbliche forniture. La nave avrebbe dovuto ospitare oltre duemila agenti e ufficiali di polizia giudiziaria per i servizi di ordine e sicurezza del G7. La Procura di Brindisi ha disposto il sequestro a seguito di una denuncia dei sindacati di categoria. Le indagini, condotte dalla polizia di Stato con il supporto della Capitaneria di Porto e dei carabinieri del NAS, hanno portato al trasferimento del personale sulla nave-traghetto Gnv Azzurra e in altre strutture ricettive locali.<\/p>\n\n\n\n<p>Il sequestro della nave Mykonos Magic a Brindisi, ribattezzata Goddess of the Night, ha sollevato serie preoccupazioni politiche e di sicurezza, soprattutto alla vigilia del G7. La nave, destinata a ospitare oltre duemila agenti e ufficiali di polizia giudiziaria incaricati di garantire l&#8217;ordine e la sicurezza durante l&#8217;evento, \u00e8 stata bloccata a causa di gravi criticit\u00e0 igienico-sanitarie e carenze alloggiative. Questo episodio non solo evidenzia una significativa falla nel sistema di gestione delle forniture pubbliche, ma sottolinea anche le potenziali vulnerabilit\u00e0 logistiche in contesti di alta sicurezza.<\/p>\n\n\n\n<p>Politicamente, l&#8217;incidente rappresenta un imbarazzo per le autorit\u00e0 locali e nazionali. Il fatto che una nave destinata a ospitare forze di polizia presenti condizioni cos\u00ec inadeguate pone interrogativi sull&#8217;efficacia dei controlli e delle verifiche preliminari. Inoltre, la frode nelle pubbliche forniture di cui \u00e8 accusata la societ\u00e0 proprietaria della nave, Mykonos Magica Inc, mette in luce problemi sistemici nella gestione e nell&#8217;affidamento degli appalti pubblici. Questo potrebbe portare a una perdita di fiducia nelle istituzioni e nei processi di approvvigionamento, richiedendo una revisione delle procedure e un rafforzamento dei controlli per evitare simili incidenti in futuro.<\/p>\n\n\n\n<p>Dal punto di vista della sicurezza, il sequestro ha implicazioni immediate e potenzialmente gravi. La necessit\u00e0 di trasferire rapidamente un gran numero di agenti e ufficiali su altre strutture ricettive comporta una riorganizzazione logistica complessa e tempestiva. Questo pu\u00f2 distogliere risorse e attenzione dai compiti di sicurezza primari, aumentando il rischio di falle nella copertura di sicurezza durante il G7. La presenza di agenti inadeguatamente alloggiati o insoddisfatti delle loro condizioni potrebbe influire negativamente sul morale e sull&#8217;efficacia operativa delle forze dell&#8217;ordine, compromettendo la loro capacit\u00e0 di garantire la sicurezza dell&#8217;evento.<\/p>\n\n\n\n<p>Il sequestro della nave ha anche messo in luce la necessit\u00e0 di una migliore coordinazione tra le varie agenzie e forze dell&#8217;ordine. La collaborazione tra la polizia di Stato, la Capitaneria di Porto e i carabinieri del NAS \u00e8 stata essenziale per identificare e gestire le criticit\u00e0 della nave. Tuttavia, la tempestivit\u00e0 e l&#8217;efficacia di questa risposta saranno oggetto di scrutinio. L&#8217;incidente evidenzia l&#8217;importanza di avere piani di contingenza robusti e ben coordinati per affrontare situazioni di emergenza logistica, soprattutto in eventi di alta rilevanza internazionale come il G7.<\/p>\n\n\n\n<p>Inoltre, questo evento potrebbe avere ripercussioni pi\u00f9 ampie sulle relazioni internazionali. Il G7 \u00e8 una piattaforma di grande importanza diplomatica, e ogni segnale di inefficienza o disorganizzazione da parte del paese ospitante pu\u00f2 influire sulla percezione e sulla fiducia dei partner internazionali. L&#8217;Italia dovr\u00e0 dimostrare di essere in grado di gestire efficacemente la sicurezza e la logistica di un evento di questa portata per mantenere la sua reputazione a livello internazionale.<\/p>\n\n\n\n<p>Il trasferimento del personale delle forze dell&#8217;ordine sulla nave-traghetto Gnv Azzurra e in altre strutture ricettive del territorio \u00e8 una soluzione di emergenza che, sebbene necessaria, deve essere gestita con attenzione per garantire che tutte le condizioni di sicurezza e comfort siano soddisfatte. Questo richiede una rapida mobilitazione di risorse e una stretta supervisione per assicurarsi che gli standard adeguati siano mantenuti.<\/p>\n\n\n\n<p>In conclusione, il sequestro della Mykonos Magic a Brindisi mette in luce una serie di criticit\u00e0 politiche e di sicurezza che devono essere affrontate con urgenza e seriet\u00e0. Le autorit\u00e0 italiane devono intraprendere azioni decisive per garantire che simili incidenti non si ripetano e per ristabilire la fiducia nei processi di approvvigionamento pubblico. Inoltre, \u00e8 essenziale che le forze dell&#8217;ordine ricevano tutto il supporto necessario per svolgere i loro compiti in modo efficace, garantendo la sicurezza e il successo del G7. Questo evento deve servire come lezione per migliorare la pianificazione e la gestione di eventi internazionali di alta rilevanza, assicurando che tutte le misure di sicurezza siano rigorosamente rispettate e che le risorse siano utilizzate in modo efficiente e trasparente.<\/p>\n","protected":false},"excerpt":{"rendered":"<p>La nave Mykonos Magic, ribattezzata Goddess of the Night, \u00e8 stata sequestrata dalla polizia a Brindisi per gravi criticit\u00e0 igienico-sanitarie<\/p>\n","protected":false},"author":6,"featured_media":2310,"comment_status":"open","ping_status":"closed","sticky":false,"template":"","format":"standard","meta":{"colormag_page_container_layout":"default_layout","colormag_page_sidebar_layout":"default_layout","footnotes":""},"categories":[29],"tags":[],"class_list":["post-2309","post","type-post","status-publish","format-standard","has-post-thumbnail","hentry","category-cronaca"],"yoast_head":"<!-- This site is optimized with the Yoast SEO plugin v27.5 - https:\/\/yoast.com\/product\/yoast-seo-wordpress\/ -->\n<title>Sequestrata nave a Brindisi per criticit\u00e0 igieniche: impatto sulla sicurezza del G7 - La Voce del Paese<\/title>\n<meta name=\"robots\" content=\"index, follow, max-snippet:-1, max-image-preview:large, max-video-preview:-1\" \/>\n<link rel=\"canonical\" href=\"https:\/\/lavocedelpaese.info\/index.php\/2024\/06\/14\/sequestrata-nave-a-brindisi-per-criticita-igieniche-impatto-sulla-sicurezza-del-g7\/\" \/>\n<meta property=\"og:locale\" content=\"it_IT\" \/>\n<meta property=\"og:type\" content=\"article\" \/>\n<meta property=\"og:title\" content=\"Sequestrata nave a Brindisi per criticit\u00e0 igieniche: impatto sulla sicurezza del G7 - La Voce del Paese\" \/>\n<meta property=\"og:description\" content=\"La nave Mykonos Magic, ribattezzata Goddess of the Night, \u00e8 stata sequestrata dalla polizia a Brindisi per gravi criticit\u00e0 igienico-sanitarie\" \/>\n<meta property=\"og:url\" content=\"https:\/\/lavocedelpaese.info\/index.php\/2024\/06\/14\/sequestrata-nave-a-brindisi-per-criticita-igieniche-impatto-sulla-sicurezza-del-g7\/\" \/>\n<meta property=\"og:site_name\" content=\"La Voce del Paese\" \/>\n<meta property=\"article:publisher\" content=\"https:\/\/www.facebook.com\/lavocedelpaese.info\" \/>\n<meta property=\"article:published_time\" content=\"2024-06-14T04:27:53+00:00\" \/>\n<meta property=\"article:modified_time\" content=\"2024-06-14T04:27:56+00:00\" \/>\n<meta property=\"og:image\" content=\"https:\/\/lavocedelpaese.info\/wp-content\/uploads\/2024\/06\/nave-taranto.jpg\" \/>\n\t<meta property=\"og:image:width\" content=\"700\" \/>\n\t<meta property=\"og:image:height\" content=\"467\" \/>\n\t<meta property=\"og:image:type\" content=\"image\/jpeg\" \/>\n<meta name=\"author\" content=\"admin\" \/>\n<meta name=\"twitter:card\" content=\"summary_large_image\" \/>\n<meta name=\"twitter:label1\" content=\"Scritto da\" \/>\n\t<meta name=\"twitter:data1\" content=\"admin\" \/>\n\t<meta name=\"twitter:label2\" content=\"Tempo di lettura stimato\" \/>\n\t<meta name=\"twitter:data2\" content=\"5 minuti\" \/>\n<script type=\"application\/ld+json\" class=\"yoast-schema-graph\">{\"@context\":\"https:\\\/\\\/schema.org\",\"@graph\":[{\"@type\":\"Article\",\"@id\":\"https:\\\/\\\/lavocedelpaese.info\\\/index.php\\\/2024\\\/06\\\/14\\\/sequestrata-nave-a-brindisi-per-criticita-igieniche-impatto-sulla-sicurezza-del-g7\\\/#article\",\"isPartOf\":{\"@id\":\"https:\\\/\\\/lavocedelpaese.info\\\/index.php\\\/2024\\\/06\\\/14\\\/sequestrata-nave-a-brindisi-per-criticita-igieniche-impatto-sulla-sicurezza-del-g7\\\/\"},\"author\":{\"name\":\"admin\",\"@id\":\"https:\\\/\\\/lavocedelpaese.info\\\/#\\\/schema\\\/person\\\/ec151d321306bd7591f7a061abf72d88\"},\"headline\":\"Sequestrata nave a Brindisi per criticit\u00e0 igieniche: impatto sulla sicurezza del G7\",\"datePublished\":\"2024-06-14T04:27:53+00:00\",\"dateModified\":\"2024-06-14T04:27:56+00:00\",\"mainEntityOfPage\":{\"@id\":\"https:\\\/\\\/lavocedelpaese.info\\\/index.php\\\/2024\\\/06\\\/14\\\/sequestrata-nave-a-brindisi-per-criticita-igieniche-impatto-sulla-sicurezza-del-g7\\\/\"},\"wordCount\":742,\"commentCount\":0,\"publisher\":{\"@id\":\"https:\\\/\\\/lavocedelpaese.info\\\/#organization\"},\"image\":{\"@id\":\"https:\\\/\\\/lavocedelpaese.info\\\/index.php\\\/2024\\\/06\\\/14\\\/sequestrata-nave-a-brindisi-per-criticita-igieniche-impatto-sulla-sicurezza-del-g7\\\/#primaryimage\"},\"thumbnailUrl\":\"https:\\\/\\\/lavocedelpaese.info\\\/wp-content\\\/uploads\\\/2024\\\/06\\\/nave-taranto.jpg\",\"articleSection\":[\"Cronaca\"],\"inLanguage\":\"it-IT\",\"potentialAction\":[{\"@type\":\"CommentAction\",\"name\":\"Comment\",\"target\":[\"https:\\\/\\\/lavocedelpaese.info\\\/index.php\\\/2024\\\/06\\\/14\\\/sequestrata-nave-a-brindisi-per-criticita-igieniche-impatto-sulla-sicurezza-del-g7\\\/#respond\"]}]},{\"@type\":\"WebPage\",\"@id\":\"https:\\\/\\\/lavocedelpaese.info\\\/index.php\\\/2024\\\/06\\\/14\\\/sequestrata-nave-a-brindisi-per-criticita-igieniche-impatto-sulla-sicurezza-del-g7\\\/\",\"url\":\"https:\\\/\\\/lavocedelpaese.info\\\/index.php\\\/2024\\\/06\\\/14\\\/sequestrata-nave-a-brindisi-per-criticita-igieniche-impatto-sulla-sicurezza-del-g7\\\/\",\"name\":\"Sequestrata nave a Brindisi per criticit\u00e0 igieniche: impatto sulla sicurezza del G7 - La Voce del Paese\",\"isPartOf\":{\"@id\":\"https:\\\/\\\/lavocedelpaese.info\\\/#website\"},\"primaryImageOfPage\":{\"@id\":\"https:\\\/\\\/lavocedelpaese.info\\\/index.php\\\/2024\\\/06\\\/14\\\/sequestrata-nave-a-brindisi-per-criticita-igieniche-impatto-sulla-sicurezza-del-g7\\\/#primaryimage\"},\"image\":{\"@id\":\"https:\\\/\\\/lavocedelpaese.info\\\/index.php\\\/2024\\\/06\\\/14\\\/sequestrata-nave-a-brindisi-per-criticita-igieniche-impatto-sulla-sicurezza-del-g7\\\/#primaryimage\"},\"thumbnailUrl\":\"https:\\\/\\\/lavocedelpaese.info\\\/wp-content\\\/uploads\\\/2024\\\/06\\\/nave-taranto.jpg\",\"datePublished\":\"2024-06-14T04:27:53+00:00\",\"dateModified\":\"2024-06-14T04:27:56+00:00\",\"breadcrumb\":{\"@id\":\"https:\\\/\\\/lavocedelpaese.info\\\/index.php\\\/2024\\\/06\\\/14\\\/sequestrata-nave-a-brindisi-per-criticita-igieniche-impatto-sulla-sicurezza-del-g7\\\/#breadcrumb\"},\"inLanguage\":\"it-IT\",\"potentialAction\":[{\"@type\":\"ReadAction\",\"target\":[\"https:\\\/\\\/lavocedelpaese.info\\\/index.php\\\/2024\\\/06\\\/14\\\/sequestrata-nave-a-brindisi-per-criticita-igieniche-impatto-sulla-sicurezza-del-g7\\\/\"]}]},{\"@type\":\"ImageObject\",\"inLanguage\":\"it-IT\",\"@id\":\"https:\\\/\\\/lavocedelpaese.info\\\/index.php\\\/2024\\\/06\\\/14\\\/sequestrata-nave-a-brindisi-per-criticita-igieniche-impatto-sulla-sicurezza-del-g7\\\/#primaryimage\",\"url\":\"https:\\\/\\\/lavocedelpaese.info\\\/wp-content\\\/uploads\\\/2024\\\/06\\\/nave-taranto.jpg\",\"contentUrl\":\"https:\\\/\\\/lavocedelpaese.info\\\/wp-content\\\/uploads\\\/2024\\\/06\\\/nave-taranto.jpg\",\"width\":700,\"height\":467,\"caption\":\"The GNV Azzurra ferry has arrived in the port of Brindisi and will host around 600 law enforcement operators involved in security services for the G7, scheduled from tomorrow to Saturday in Borgo Egnazia on the Fasano coast in Puglia region. Italy, Brindisi, 12 June 2024 ANSA\\\/DONATO FASANO\"},{\"@type\":\"BreadcrumbList\",\"@id\":\"https:\\\/\\\/lavocedelpaese.info\\\/index.php\\\/2024\\\/06\\\/14\\\/sequestrata-nave-a-brindisi-per-criticita-igieniche-impatto-sulla-sicurezza-del-g7\\\/#breadcrumb\",\"itemListElement\":[{\"@type\":\"ListItem\",\"position\":1,\"name\":\"Home\",\"item\":\"https:\\\/\\\/lavocedelpaese.info\\\/\"},{\"@type\":\"ListItem\",\"position\":2,\"name\":\"Sequestrata nave a Brindisi per criticit\u00e0 igieniche: impatto sulla sicurezza del G7\"}]},{\"@type\":\"WebSite\",\"@id\":\"https:\\\/\\\/lavocedelpaese.info\\\/#website\",\"url\":\"https:\\\/\\\/lavocedelpaese.info\\\/\",\"name\":\"La Voce del Paese\",\"description\":\"Un network di idee\",\"publisher\":{\"@id\":\"https:\\\/\\\/lavocedelpaese.info\\\/#organization\"},\"potentialAction\":[{\"@type\":\"SearchAction\",\"target\":{\"@type\":\"EntryPoint\",\"urlTemplate\":\"https:\\\/\\\/lavocedelpaese.info\\\/?s={search_term_string}\"},\"query-input\":{\"@type\":\"PropertyValueSpecification\",\"valueRequired\":true,\"valueName\":\"search_term_string\"}}],\"inLanguage\":\"it-IT\"},{\"@type\":\"Organization\",\"@id\":\"https:\\\/\\\/lavocedelpaese.info\\\/#organization\",\"name\":\"La Voce del Paese\",\"url\":\"https:\\\/\\\/lavocedelpaese.info\\\/\",\"logo\":{\"@type\":\"ImageObject\",\"inLanguage\":\"it-IT\",\"@id\":\"https:\\\/\\\/lavocedelpaese.info\\\/#\\\/schema\\\/logo\\\/image\\\/\",\"url\":\"https:\\\/\\\/lavocedelpaese.info\\\/wp-content\\\/uploads\\\/2023\\\/01\\\/cropped-logo-150-127.png\",\"contentUrl\":\"https:\\\/\\\/lavocedelpaese.info\\\/wp-content\\\/uploads\\\/2023\\\/01\\\/cropped-logo-150-127.png\",\"width\":137,\"height\":119,\"caption\":\"La Voce del Paese\"},\"image\":{\"@id\":\"https:\\\/\\\/lavocedelpaese.info\\\/#\\\/schema\\\/logo\\\/image\\\/\"},\"sameAs\":[\"https:\\\/\\\/www.facebook.com\\\/lavocedelpaese.info\"]},{\"@type\":\"Person\",\"@id\":\"https:\\\/\\\/lavocedelpaese.info\\\/#\\\/schema\\\/person\\\/ec151d321306bd7591f7a061abf72d88\",\"name\":\"admin\",\"image\":{\"@type\":\"ImageObject\",\"inLanguage\":\"it-IT\",\"@id\":\"https:\\\/\\\/secure.gravatar.com\\\/avatar\\\/af8f2caf0663124588de48a9380e07cbc95a74ef15b8062d0d39106c32fe3023?s=96&d=mm&r=g\",\"url\":\"https:\\\/\\\/secure.gravatar.com\\\/avatar\\\/af8f2caf0663124588de48a9380e07cbc95a74ef15b8062d0d39106c32fe3023?s=96&d=mm&r=g\",\"contentUrl\":\"https:\\\/\\\/secure.gravatar.com\\\/avatar\\\/af8f2caf0663124588de48a9380e07cbc95a74ef15b8062d0d39106c32fe3023?s=96&d=mm&r=g\",\"caption\":\"admin\"},\"sameAs\":[\"https:\\\/\\\/lavocedelpaese.info\"],\"url\":\"https:\\\/\\\/lavocedelpaese.info\\\/index.php\\\/author\\\/admin\\\/\"}]}<\/script>\n<!-- \/ Yoast SEO plugin. -->","yoast_head_json":{"title":"Sequestrata nave a Brindisi per criticit\u00e0 igieniche: impatto sulla sicurezza del G7 - La Voce del Paese","robots":{"index":"index","follow":"follow","max-snippet":"max-snippet:-1","max-image-preview":"max-image-preview:large","max-video-preview":"max-video-preview:-1"},"canonical":"https:\/\/lavocedelpaese.info\/index.php\/2024\/06\/14\/sequestrata-nave-a-brindisi-per-criticita-igieniche-impatto-sulla-sicurezza-del-g7\/","og_locale":"it_IT","og_type":"article","og_title":"Sequestrata nave a Brindisi per criticit\u00e0 igieniche: impatto sulla sicurezza del G7 - La Voce del Paese","og_description":"La nave Mykonos Magic, ribattezzata Goddess of the Night, \u00e8 stata sequestrata dalla polizia a Brindisi per gravi criticit\u00e0 igienico-sanitarie","og_url":"https:\/\/lavocedelpaese.info\/index.php\/2024\/06\/14\/sequestrata-nave-a-brindisi-per-criticita-igieniche-impatto-sulla-sicurezza-del-g7\/","og_site_name":"La Voce del Paese","article_publisher":"https:\/\/www.facebook.com\/lavocedelpaese.info","article_published_time":"2024-06-14T04:27:53+00:00","article_modified_time":"2024-06-14T04:27:56+00:00","og_image":[{"width":700,"height":467,"url":"https:\/\/lavocedelpaese.info\/wp-content\/uploads\/2024\/06\/nave-taranto.jpg","type":"image\/jpeg"}],"author":"admin","twitter_card":"summary_large_image","twitter_misc":{"Scritto da":"admin","Tempo di lettura stimato":"5 minuti"},"schema":{"@context":"https:\/\/schema.org","@graph":[{"@type":"Article","@id":"https:\/\/lavocedelpaese.info\/index.php\/2024\/06\/14\/sequestrata-nave-a-brindisi-per-criticita-igieniche-impatto-sulla-sicurezza-del-g7\/#article","isPartOf":{"@id":"https:\/\/lavocedelpaese.info\/index.php\/2024\/06\/14\/sequestrata-nave-a-brindisi-per-criticita-igieniche-impatto-sulla-sicurezza-del-g7\/"},"author":{"name":"admin","@id":"https:\/\/lavocedelpaese.info\/#\/schema\/person\/ec151d321306bd7591f7a061abf72d88"},"headline":"Sequestrata nave a Brindisi per criticit\u00e0 igieniche: impatto sulla sicurezza del G7","datePublished":"2024-06-14T04:27:53+00:00","dateModified":"2024-06-14T04:27:56+00:00","mainEntityOfPage":{"@id":"https:\/\/lavocedelpaese.info\/index.php\/2024\/06\/14\/sequestrata-nave-a-brindisi-per-criticita-igieniche-impatto-sulla-sicurezza-del-g7\/"},"wordCount":742,"commentCount":0,"publisher":{"@id":"https:\/\/lavocedelpaese.info\/#organization"},"image":{"@id":"https:\/\/lavocedelpaese.info\/index.php\/2024\/06\/14\/sequestrata-nave-a-brindisi-per-criticita-igieniche-impatto-sulla-sicurezza-del-g7\/#primaryimage"},"thumbnailUrl":"https:\/\/lavocedelpaese.info\/wp-content\/uploads\/2024\/06\/nave-taranto.jpg","articleSection":["Cronaca"],"inLanguage":"it-IT","potentialAction":[{"@type":"CommentAction","name":"Comment","target":["https:\/\/lavocedelpaese.info\/index.php\/2024\/06\/14\/sequestrata-nave-a-brindisi-per-criticita-igieniche-impatto-sulla-sicurezza-del-g7\/#respond"]}]},{"@type":"WebPage","@id":"https:\/\/lavocedelpaese.info\/index.php\/2024\/06\/14\/sequestrata-nave-a-brindisi-per-criticita-igieniche-impatto-sulla-sicurezza-del-g7\/","url":"https:\/\/lavocedelpaese.info\/index.php\/2024\/06\/14\/sequestrata-nave-a-brindisi-per-criticita-igieniche-impatto-sulla-sicurezza-del-g7\/","name":"Sequestrata nave a Brindisi per criticit\u00e0 igieniche: impatto sulla sicurezza del G7 - La Voce del Paese","isPartOf":{"@id":"https:\/\/lavocedelpaese.info\/#website"},"primaryImageOfPage":{"@id":"https:\/\/lavocedelpaese.info\/index.php\/2024\/06\/14\/sequestrata-nave-a-brindisi-per-criticita-igieniche-impatto-sulla-sicurezza-del-g7\/#primaryimage"},"image":{"@id":"https:\/\/lavocedelpaese.info\/index.php\/2024\/06\/14\/sequestrata-nave-a-brindisi-per-criticita-igieniche-impatto-sulla-sicurezza-del-g7\/#primaryimage"},"thumbnailUrl":"https:\/\/lavocedelpaese.info\/wp-content\/uploads\/2024\/06\/nave-taranto.jpg","datePublished":"2024-06-14T04:27:53+00:00","dateModified":"2024-06-14T04:27:56+00:00","breadcrumb":{"@id":"https:\/\/lavocedelpaese.info\/index.php\/2024\/06\/14\/sequestrata-nave-a-brindisi-per-criticita-igieniche-impatto-sulla-sicurezza-del-g7\/#breadcrumb"},"inLanguage":"it-IT","potentialAction":[{"@type":"ReadAction","target":["https:\/\/lavocedelpaese.info\/index.php\/2024\/06\/14\/sequestrata-nave-a-brindisi-per-criticita-igieniche-impatto-sulla-sicurezza-del-g7\/"]}]},{"@type":"ImageObject","inLanguage":"it-IT","@id":"https:\/\/lavocedelpaese.info\/index.php\/2024\/06\/14\/sequestrata-nave-a-brindisi-per-criticita-igieniche-impatto-sulla-sicurezza-del-g7\/#primaryimage","url":"https:\/\/lavocedelpaese.info\/wp-content\/uploads\/2024\/06\/nave-taranto.jpg","contentUrl":"https:\/\/lavocedelpaese.info\/wp-content\/uploads\/2024\/06\/nave-taranto.jpg","width":700,"height":467,"caption":"The GNV Azzurra ferry has arrived in the port of Brindisi and will host around 600 law enforcement operators involved in security services for the G7, scheduled from tomorrow to Saturday in Borgo Egnazia on the Fasano coast in Puglia region. Italy, Brindisi, 12 June 2024 ANSA\/DONATO FASANO"},{"@type":"BreadcrumbList","@id":"https:\/\/lavocedelpaese.info\/index.php\/2024\/06\/14\/sequestrata-nave-a-brindisi-per-criticita-igieniche-impatto-sulla-sicurezza-del-g7\/#breadcrumb","itemListElement":[{"@type":"ListItem","position":1,"name":"Home","item":"https:\/\/lavocedelpaese.info\/"},{"@type":"ListItem","position":2,"name":"Sequestrata nave a Brindisi per criticit\u00e0 igieniche: impatto sulla sicurezza del G7"}]},{"@type":"WebSite","@id":"https:\/\/lavocedelpaese.info\/#website","url":"https:\/\/lavocedelpaese.info\/","name":"La Voce del Paese","description":"Un network di idee","publisher":{"@id":"https:\/\/lavocedelpaese.info\/#organization"},"potentialAction":[{"@type":"SearchAction","target":{"@type":"EntryPoint","urlTemplate":"https:\/\/lavocedelpaese.info\/?s={search_term_string}"},"query-input":{"@type":"PropertyValueSpecification","valueRequired":true,"valueName":"search_term_string"}}],"inLanguage":"it-IT"},{"@type":"Organization","@id":"https:\/\/lavocedelpaese.info\/#organization","name":"La Voce del Paese","url":"https:\/\/lavocedelpaese.info\/","logo":{"@type":"ImageObject","inLanguage":"it-IT","@id":"https:\/\/lavocedelpaese.info\/#\/schema\/logo\/image\/","url":"https:\/\/lavocedelpaese.info\/wp-content\/uploads\/2023\/01\/cropped-logo-150-127.png","contentUrl":"https:\/\/lavocedelpaese.info\/wp-content\/uploads\/2023\/01\/cropped-logo-150-127.png","width":137,"height":119,"caption":"La Voce del Paese"},"image":{"@id":"https:\/\/lavocedelpaese.info\/#\/schema\/logo\/image\/"},"sameAs":["https:\/\/www.facebook.com\/lavocedelpaese.info"]},{"@type":"Person","@id":"https:\/\/lavocedelpaese.info\/#\/schema\/person\/ec151d321306bd7591f7a061abf72d88","name":"admin","image":{"@type":"ImageObject","inLanguage":"it-IT","@id":"https:\/\/secure.gravatar.com\/avatar\/af8f2caf0663124588de48a9380e07cbc95a74ef15b8062d0d39106c32fe3023?s=96&d=mm&r=g","url":"https:\/\/secure.gravatar.com\/avatar\/af8f2caf0663124588de48a9380e07cbc95a74ef15b8062d0d39106c32fe3023?s=96&d=mm&r=g","contentUrl":"https:\/\/secure.gravatar.com\/avatar\/af8f2caf0663124588de48a9380e07cbc95a74ef15b8062d0d39106c32fe3023?s=96&d=mm&r=g","caption":"admin"},"sameAs":["https:\/\/lavocedelpaese.info"],"url":"https:\/\/lavocedelpaese.info\/index.php\/author\/admin\/"}]}},"_links":{"self":[{"href":"https:\/\/lavocedelpaese.info\/index.php\/wp-json\/wp\/v2\/posts\/2309","targetHints":{"allow":["GET"]}}],"collection":[{"href":"https:\/\/lavocedelpaese.info\/index.php\/wp-json\/wp\/v2\/posts"}],"about":[{"href":"https:\/\/lavocedelpaese.info\/index.php\/wp-json\/wp\/v2\/types\/post"}],"author":[{"embeddable":true,"href":"https:\/\/lavocedelpaese.info\/index.php\/wp-json\/wp\/v2\/users\/6"}],"replies":[{"embeddable":true,"href":"https:\/\/lavocedelpaese.info\/index.php\/wp-json\/wp\/v2\/comments?post=2309"}],"version-history":[{"count":1,"href":"https:\/\/lavocedelpaese.info\/index.php\/wp-json\/wp\/v2\/posts\/2309\/revisions"}],"predecessor-version":[{"id":2311,"href":"https:\/\/lavocedelpaese.info\/index.php\/wp-json\/wp\/v2\/posts\/2309\/revisions\/2311"}],"wp:featuredmedia":[{"embeddable":true,"href":"https:\/\/lavocedelpaese.info\/index.php\/wp-json\/wp\/v2\/media\/2310"}],"wp:attachment":[{"href":"https:\/\/lavocedelpaese.info\/index.php\/wp-json\/wp\/v2\/media?parent=2309"}],"wp:term":[{"taxonomy":"category","embeddable":true,"href":"https:\/\/lavocedelpaese.info\/index.php\/wp-json\/wp\/v2\/categories?post=2309"},{"taxonomy":"post_tag","embeddable":true,"href":"https:\/\/lavocedelpaese.info\/index.php\/wp-json\/wp\/v2\/tags?post=2309"}],"curies":[{"name":"wp","href":"https:\/\/api.w.org\/{rel}","templated":true}]}}