{"id":2306,"date":"2024-06-14T04:25:57","date_gmt":"2024-06-14T04:25:57","guid":{"rendered":"https:\/\/lavocedelpaese.info\/?p=2306"},"modified":"2024-06-14T04:25:58","modified_gmt":"2024-06-14T04:25:58","slug":"taranto-di-fronte-a-una-nuova-crisi-occupazionale","status":"publish","type":"post","link":"https:\/\/lavocedelpaese.info\/index.php\/2024\/06\/14\/taranto-di-fronte-a-una-nuova-crisi-occupazionale\/","title":{"rendered":"Taranto di fronte a una nuova crisi occupazionale"},"content":{"rendered":"\n<p><strong>Le implicazioni delle modifiche alla tratta ferroviaria<\/strong><\/p>\n\n\n\n<p>L&#8217;intervento di Ubaldo Pagano, deputato pugliese del Partito Democratico, evidenzia le gravi implicazioni politiche delle recenti decisioni riguardanti i trasporti ferroviari a Taranto, che potrebbero portare a una nuova crisi occupazionale nella citt\u00e0. La decisione di modificare la tratta dell&#8217;intercity Taranto-Reggio Calabria, estendendola fino a Bari e Lecce senza aumentare le corse e mantenendo Taranto come capolinea, rischia di creare disagi significativi per i residenti e, pi\u00f9 preoccupante ancora, potrebbe comportare la perdita di importanti commesse relative ai servizi di pulizia dei vagoni, attualmente svolti a Taranto.<\/p>\n\n\n\n<p>Pagano sottolinea come questa decisione rappresenti un ennesimo colpo per una citt\u00e0 gi\u00e0 duramente colpita da molteplici crisi occupazionali e industriali. Taranto, storicamente nota per il suo polo siderurgico e per le sue industrie pesanti, ha gi\u00e0 subito numerosi contraccolpi economici negli ultimi decenni, culminando in una situazione occupazionale precaria e in continua evoluzione. Le modifiche alla tratta ferroviaria minacciano di aggravare ulteriormente questa situazione, spostando i servizi di pulizia dei vagoni ad altre localit\u00e0 e sottraendo cos\u00ec posti di lavoro preziosi alla citt\u00e0.<\/p>\n\n\n\n<p>Questa situazione mette in evidenza diverse problematiche politiche. In primo luogo, la centralizzazione delle decisioni sui trasporti a livello regionale e nazionale spesso non tiene conto delle specificit\u00e0 e delle esigenze locali. La decisione di estendere la tratta fino a Bari e Lecce potrebbe essere stata presa con l&#8217;obiettivo di migliorare la connettivit\u00e0 regionale, ma ha trascurato l&#8217;impatto negativo su Taranto. Questa disconnessione tra il livello decisionale e le realt\u00e0 locali crea un senso di abbandono e marginalizzazione tra i cittadini tarantini, che vedono le loro esigenze ignorate a favore di interessi percepiti come pi\u00f9 importanti altrove.<\/p>\n\n\n\n<p>Inoltre, la questione sollevata da Pagano evidenzia la necessit\u00e0 di una maggiore partecipazione e rappresentanza delle comunit\u00e0 locali nei processi decisionali. La mancanza di un dialogo efficace tra le autorit\u00e0 locali, i rappresentanti dei lavoratori e le istituzioni nazionali ha portato a decisioni che non riflettono le realt\u00e0 sul campo. Pagano ha quindi presentato un&#8217;interrogazione parlamentare a Matteo Salvini, Ministro delle Infrastrutture e dei Trasporti, chiedendo che vengano prese misure per evitare questa nuova crisi occupazionale. Questo passo dimostra la volont\u00e0 di portare la questione all&#8217;attenzione nazionale, ma anche la necessit\u00e0 di un intervento pi\u00f9 strutturale e sistemico per risolvere le problematiche occupazionali di Taranto.<\/p>\n\n\n\n<p>Un altro aspetto politico importante riguarda la giustizia sociale e l&#8217;equit\u00e0 territoriale. Taranto, gi\u00e0 afflitta da numerosi problemi ambientali e sanitari legati all&#8217;industria siderurgica, si trova ora di fronte all&#8217;ennesima minaccia alla sua stabilit\u00e0 economica. Questo solleva interrogativi sull&#8217;equit\u00e0 delle politiche di sviluppo regionale e sulla necessit\u00e0 di adottare misure che non solo promuovano lo sviluppo economico nelle aree pi\u00f9 prospere, ma che tengano anche conto delle necessit\u00e0 delle aree pi\u00f9 svantaggiate. La perdita di posti di lavoro legati ai servizi ferroviari rappresenta un duro colpo per una citt\u00e0 che ha gi\u00e0 subito troppo.<\/p>\n\n\n\n<p>La questione dei trasporti \u00e8 cruciale anche per lo sviluppo economico e turistico di Taranto. La citt\u00e0, con le sue bellezze naturali e il patrimonio storico, ha un potenziale turistico significativo che potrebbe essere ulteriormente sviluppato con una rete di trasporti efficiente. Le modifiche alla tratta ferroviaria rischiano di ridurre l&#8217;accessibilit\u00e0 di Taranto, scoraggiando i visitatori e limitando le opportunit\u00e0 di crescita economica legate al turismo. Questo richiede una visione integrata dello sviluppo urbano e regionale, che consideri l&#8217;importanza dei trasporti come catalizzatore di crescita economica.<\/p>\n\n\n\n<p>Il problema sollevato da Pagano richiede quindi una risposta articolata che coinvolga diversi livelli di governo e una variet\u00e0 di attori. \u00c8 essenziale che il governo nazionale, le autorit\u00e0 regionali e locali, i rappresentanti dei lavoratori e la societ\u00e0 civile collaborino per trovare soluzioni che garantiscano la sostenibilit\u00e0 economica e sociale di Taranto. Questo potrebbe includere investimenti in infrastrutture locali, programmi di formazione e riqualificazione per i lavoratori colpiti e strategie di sviluppo economico che valorizzino le specificit\u00e0 e le potenzialit\u00e0 della citt\u00e0.<\/p>\n\n\n\n<p>Infine, la situazione di Taranto pu\u00f2 essere vista come un caso emblematico delle sfide pi\u00f9 ampie affrontate da molte citt\u00e0 industriali in Europa e nel mondo. La transizione verso economie pi\u00f9 sostenibili e diversificate richiede un approccio olistico e inclusivo che tenga conto delle esigenze delle comunit\u00e0 locali. Le politiche di sviluppo devono essere progettate per essere inclusive e per promuovere l&#8217;equit\u00e0 territoriale, garantendo che nessuna comunit\u00e0 venga lasciata indietro.<\/p>\n\n\n\n<p>In conclusione, l&#8217;intervento di Ubaldo Pagano mette in luce le profonde implicazioni politiche delle modifiche alla tratta ferroviaria intercity Taranto-Reggio Calabria. Questa decisione rischia di aggravare la gi\u00e0 precaria situazione occupazionale di Taranto, sollevando questioni di giustizia sociale, equit\u00e0 territoriale e rappresentanza politica. La risposta a questa sfida richiede un impegno concertato da parte di tutte le parti interessate per sviluppare soluzioni sostenibili che garantiscano il futuro economico e sociale della citt\u00e0. Solo attraverso un approccio integrato e inclusivo sar\u00e0 possibile trasformare questa crisi in un&#8217;opportunit\u00e0 di crescita e sviluppo per Taranto.<\/p>\n","protected":false},"excerpt":{"rendered":"<p>Le implicazioni delle modifiche alla tratta ferroviaria L&#8217;intervento di Ubaldo Pagano, deputato pugliese del Partito Democratico, evidenzia le gravi implicazioni<\/p>\n","protected":false},"author":6,"featured_media":2307,"comment_status":"open","ping_status":"closed","sticky":false,"template":"","format":"standard","meta":{"colormag_page_container_layout":"default_layout","colormag_page_sidebar_layout":"default_layout","footnotes":""},"categories":[33,3],"tags":[],"class_list":["post-2306","post","type-post","status-publish","format-standard","has-post-thumbnail","hentry","category-network","category-politica"],"yoast_head":"<!-- This site is optimized with the Yoast SEO plugin v27.5 - https:\/\/yoast.com\/product\/yoast-seo-wordpress\/ -->\n<title>Taranto di fronte a una nuova crisi occupazionale - La Voce del Paese<\/title>\n<meta name=\"robots\" content=\"index, follow, max-snippet:-1, max-image-preview:large, max-video-preview:-1\" \/>\n<link rel=\"canonical\" href=\"https:\/\/lavocedelpaese.info\/index.php\/2024\/06\/14\/taranto-di-fronte-a-una-nuova-crisi-occupazionale\/\" \/>\n<meta property=\"og:locale\" content=\"it_IT\" \/>\n<meta property=\"og:type\" content=\"article\" \/>\n<meta property=\"og:title\" content=\"Taranto di fronte a una nuova crisi occupazionale - La Voce del Paese\" \/>\n<meta property=\"og:description\" content=\"Le implicazioni delle modifiche alla tratta ferroviaria L&#8217;intervento di Ubaldo Pagano, deputato pugliese del Partito Democratico, evidenzia le gravi implicazioni\" \/>\n<meta property=\"og:url\" content=\"https:\/\/lavocedelpaese.info\/index.php\/2024\/06\/14\/taranto-di-fronte-a-una-nuova-crisi-occupazionale\/\" \/>\n<meta property=\"og:site_name\" content=\"La Voce del Paese\" \/>\n<meta property=\"article:publisher\" content=\"https:\/\/www.facebook.com\/lavocedelpaese.info\" \/>\n<meta property=\"article:published_time\" content=\"2024-06-14T04:25:57+00:00\" \/>\n<meta property=\"article:modified_time\" content=\"2024-06-14T04:25:58+00:00\" \/>\n<meta property=\"og:image\" content=\"https:\/\/lavocedelpaese.info\/wp-content\/uploads\/2024\/06\/ubaldo-pagano.jpg\" \/>\n\t<meta property=\"og:image:width\" content=\"700\" \/>\n\t<meta property=\"og:image:height\" content=\"467\" \/>\n\t<meta property=\"og:image:type\" content=\"image\/jpeg\" \/>\n<meta name=\"author\" content=\"admin\" \/>\n<meta name=\"twitter:card\" content=\"summary_large_image\" \/>\n<meta name=\"twitter:label1\" content=\"Scritto da\" \/>\n\t<meta name=\"twitter:data1\" content=\"admin\" \/>\n\t<meta name=\"twitter:label2\" content=\"Tempo di lettura stimato\" \/>\n\t<meta name=\"twitter:data2\" content=\"5 minuti\" \/>\n<script type=\"application\/ld+json\" class=\"yoast-schema-graph\">{\"@context\":\"https:\\\/\\\/schema.org\",\"@graph\":[{\"@type\":\"Article\",\"@id\":\"https:\\\/\\\/lavocedelpaese.info\\\/index.php\\\/2024\\\/06\\\/14\\\/taranto-di-fronte-a-una-nuova-crisi-occupazionale\\\/#article\",\"isPartOf\":{\"@id\":\"https:\\\/\\\/lavocedelpaese.info\\\/index.php\\\/2024\\\/06\\\/14\\\/taranto-di-fronte-a-una-nuova-crisi-occupazionale\\\/\"},\"author\":{\"name\":\"admin\",\"@id\":\"https:\\\/\\\/lavocedelpaese.info\\\/#\\\/schema\\\/person\\\/ec151d321306bd7591f7a061abf72d88\"},\"headline\":\"Taranto di fronte a una nuova crisi occupazionale\",\"datePublished\":\"2024-06-14T04:25:57+00:00\",\"dateModified\":\"2024-06-14T04:25:58+00:00\",\"mainEntityOfPage\":{\"@id\":\"https:\\\/\\\/lavocedelpaese.info\\\/index.php\\\/2024\\\/06\\\/14\\\/taranto-di-fronte-a-una-nuova-crisi-occupazionale\\\/\"},\"wordCount\":826,\"commentCount\":0,\"publisher\":{\"@id\":\"https:\\\/\\\/lavocedelpaese.info\\\/#organization\"},\"image\":{\"@id\":\"https:\\\/\\\/lavocedelpaese.info\\\/index.php\\\/2024\\\/06\\\/14\\\/taranto-di-fronte-a-una-nuova-crisi-occupazionale\\\/#primaryimage\"},\"thumbnailUrl\":\"https:\\\/\\\/lavocedelpaese.info\\\/wp-content\\\/uploads\\\/2024\\\/06\\\/ubaldo-pagano.jpg\",\"articleSection\":[\"network\",\"Politica\"],\"inLanguage\":\"it-IT\",\"potentialAction\":[{\"@type\":\"CommentAction\",\"name\":\"Comment\",\"target\":[\"https:\\\/\\\/lavocedelpaese.info\\\/index.php\\\/2024\\\/06\\\/14\\\/taranto-di-fronte-a-una-nuova-crisi-occupazionale\\\/#respond\"]}]},{\"@type\":\"WebPage\",\"@id\":\"https:\\\/\\\/lavocedelpaese.info\\\/index.php\\\/2024\\\/06\\\/14\\\/taranto-di-fronte-a-una-nuova-crisi-occupazionale\\\/\",\"url\":\"https:\\\/\\\/lavocedelpaese.info\\\/index.php\\\/2024\\\/06\\\/14\\\/taranto-di-fronte-a-una-nuova-crisi-occupazionale\\\/\",\"name\":\"Taranto di fronte a una nuova crisi occupazionale - La Voce del Paese\",\"isPartOf\":{\"@id\":\"https:\\\/\\\/lavocedelpaese.info\\\/#website\"},\"primaryImageOfPage\":{\"@id\":\"https:\\\/\\\/lavocedelpaese.info\\\/index.php\\\/2024\\\/06\\\/14\\\/taranto-di-fronte-a-una-nuova-crisi-occupazionale\\\/#primaryimage\"},\"image\":{\"@id\":\"https:\\\/\\\/lavocedelpaese.info\\\/index.php\\\/2024\\\/06\\\/14\\\/taranto-di-fronte-a-una-nuova-crisi-occupazionale\\\/#primaryimage\"},\"thumbnailUrl\":\"https:\\\/\\\/lavocedelpaese.info\\\/wp-content\\\/uploads\\\/2024\\\/06\\\/ubaldo-pagano.jpg\",\"datePublished\":\"2024-06-14T04:25:57+00:00\",\"dateModified\":\"2024-06-14T04:25:58+00:00\",\"breadcrumb\":{\"@id\":\"https:\\\/\\\/lavocedelpaese.info\\\/index.php\\\/2024\\\/06\\\/14\\\/taranto-di-fronte-a-una-nuova-crisi-occupazionale\\\/#breadcrumb\"},\"inLanguage\":\"it-IT\",\"potentialAction\":[{\"@type\":\"ReadAction\",\"target\":[\"https:\\\/\\\/lavocedelpaese.info\\\/index.php\\\/2024\\\/06\\\/14\\\/taranto-di-fronte-a-una-nuova-crisi-occupazionale\\\/\"]}]},{\"@type\":\"ImageObject\",\"inLanguage\":\"it-IT\",\"@id\":\"https:\\\/\\\/lavocedelpaese.info\\\/index.php\\\/2024\\\/06\\\/14\\\/taranto-di-fronte-a-una-nuova-crisi-occupazionale\\\/#primaryimage\",\"url\":\"https:\\\/\\\/lavocedelpaese.info\\\/wp-content\\\/uploads\\\/2024\\\/06\\\/ubaldo-pagano.jpg\",\"contentUrl\":\"https:\\\/\\\/lavocedelpaese.info\\\/wp-content\\\/uploads\\\/2024\\\/06\\\/ubaldo-pagano.jpg\",\"width\":700,\"height\":467,\"caption\":\"Il capogruppo Pd alla Camera, Ubaldo Pagano, nel corso della conferenza stampa in vista dell'approdo al Senato della Manovra, Roma 20 dicembre 2023. ANSA\\\/MAURIZIO BRAMBATTI\"},{\"@type\":\"BreadcrumbList\",\"@id\":\"https:\\\/\\\/lavocedelpaese.info\\\/index.php\\\/2024\\\/06\\\/14\\\/taranto-di-fronte-a-una-nuova-crisi-occupazionale\\\/#breadcrumb\",\"itemListElement\":[{\"@type\":\"ListItem\",\"position\":1,\"name\":\"Home\",\"item\":\"https:\\\/\\\/lavocedelpaese.info\\\/\"},{\"@type\":\"ListItem\",\"position\":2,\"name\":\"Taranto di fronte a una nuova crisi occupazionale\"}]},{\"@type\":\"WebSite\",\"@id\":\"https:\\\/\\\/lavocedelpaese.info\\\/#website\",\"url\":\"https:\\\/\\\/lavocedelpaese.info\\\/\",\"name\":\"La Voce del Paese\",\"description\":\"Un network di idee\",\"publisher\":{\"@id\":\"https:\\\/\\\/lavocedelpaese.info\\\/#organization\"},\"potentialAction\":[{\"@type\":\"SearchAction\",\"target\":{\"@type\":\"EntryPoint\",\"urlTemplate\":\"https:\\\/\\\/lavocedelpaese.info\\\/?s={search_term_string}\"},\"query-input\":{\"@type\":\"PropertyValueSpecification\",\"valueRequired\":true,\"valueName\":\"search_term_string\"}}],\"inLanguage\":\"it-IT\"},{\"@type\":\"Organization\",\"@id\":\"https:\\\/\\\/lavocedelpaese.info\\\/#organization\",\"name\":\"La Voce del Paese\",\"url\":\"https:\\\/\\\/lavocedelpaese.info\\\/\",\"logo\":{\"@type\":\"ImageObject\",\"inLanguage\":\"it-IT\",\"@id\":\"https:\\\/\\\/lavocedelpaese.info\\\/#\\\/schema\\\/logo\\\/image\\\/\",\"url\":\"https:\\\/\\\/lavocedelpaese.info\\\/wp-content\\\/uploads\\\/2023\\\/01\\\/cropped-logo-150-127.png\",\"contentUrl\":\"https:\\\/\\\/lavocedelpaese.info\\\/wp-content\\\/uploads\\\/2023\\\/01\\\/cropped-logo-150-127.png\",\"width\":137,\"height\":119,\"caption\":\"La Voce del Paese\"},\"image\":{\"@id\":\"https:\\\/\\\/lavocedelpaese.info\\\/#\\\/schema\\\/logo\\\/image\\\/\"},\"sameAs\":[\"https:\\\/\\\/www.facebook.com\\\/lavocedelpaese.info\"]},{\"@type\":\"Person\",\"@id\":\"https:\\\/\\\/lavocedelpaese.info\\\/#\\\/schema\\\/person\\\/ec151d321306bd7591f7a061abf72d88\",\"name\":\"admin\",\"image\":{\"@type\":\"ImageObject\",\"inLanguage\":\"it-IT\",\"@id\":\"https:\\\/\\\/secure.gravatar.com\\\/avatar\\\/af8f2caf0663124588de48a9380e07cbc95a74ef15b8062d0d39106c32fe3023?s=96&d=mm&r=g\",\"url\":\"https:\\\/\\\/secure.gravatar.com\\\/avatar\\\/af8f2caf0663124588de48a9380e07cbc95a74ef15b8062d0d39106c32fe3023?s=96&d=mm&r=g\",\"contentUrl\":\"https:\\\/\\\/secure.gravatar.com\\\/avatar\\\/af8f2caf0663124588de48a9380e07cbc95a74ef15b8062d0d39106c32fe3023?s=96&d=mm&r=g\",\"caption\":\"admin\"},\"sameAs\":[\"https:\\\/\\\/lavocedelpaese.info\"],\"url\":\"https:\\\/\\\/lavocedelpaese.info\\\/index.php\\\/author\\\/admin\\\/\"}]}<\/script>\n<!-- \/ Yoast SEO plugin. -->","yoast_head_json":{"title":"Taranto di fronte a una nuova crisi occupazionale - La Voce del Paese","robots":{"index":"index","follow":"follow","max-snippet":"max-snippet:-1","max-image-preview":"max-image-preview:large","max-video-preview":"max-video-preview:-1"},"canonical":"https:\/\/lavocedelpaese.info\/index.php\/2024\/06\/14\/taranto-di-fronte-a-una-nuova-crisi-occupazionale\/","og_locale":"it_IT","og_type":"article","og_title":"Taranto di fronte a una nuova crisi occupazionale - La Voce del Paese","og_description":"Le implicazioni delle modifiche alla tratta ferroviaria L&#8217;intervento di Ubaldo Pagano, deputato pugliese del Partito Democratico, evidenzia le gravi implicazioni","og_url":"https:\/\/lavocedelpaese.info\/index.php\/2024\/06\/14\/taranto-di-fronte-a-una-nuova-crisi-occupazionale\/","og_site_name":"La Voce del Paese","article_publisher":"https:\/\/www.facebook.com\/lavocedelpaese.info","article_published_time":"2024-06-14T04:25:57+00:00","article_modified_time":"2024-06-14T04:25:58+00:00","og_image":[{"width":700,"height":467,"url":"https:\/\/lavocedelpaese.info\/wp-content\/uploads\/2024\/06\/ubaldo-pagano.jpg","type":"image\/jpeg"}],"author":"admin","twitter_card":"summary_large_image","twitter_misc":{"Scritto da":"admin","Tempo di lettura stimato":"5 minuti"},"schema":{"@context":"https:\/\/schema.org","@graph":[{"@type":"Article","@id":"https:\/\/lavocedelpaese.info\/index.php\/2024\/06\/14\/taranto-di-fronte-a-una-nuova-crisi-occupazionale\/#article","isPartOf":{"@id":"https:\/\/lavocedelpaese.info\/index.php\/2024\/06\/14\/taranto-di-fronte-a-una-nuova-crisi-occupazionale\/"},"author":{"name":"admin","@id":"https:\/\/lavocedelpaese.info\/#\/schema\/person\/ec151d321306bd7591f7a061abf72d88"},"headline":"Taranto di fronte a una nuova crisi occupazionale","datePublished":"2024-06-14T04:25:57+00:00","dateModified":"2024-06-14T04:25:58+00:00","mainEntityOfPage":{"@id":"https:\/\/lavocedelpaese.info\/index.php\/2024\/06\/14\/taranto-di-fronte-a-una-nuova-crisi-occupazionale\/"},"wordCount":826,"commentCount":0,"publisher":{"@id":"https:\/\/lavocedelpaese.info\/#organization"},"image":{"@id":"https:\/\/lavocedelpaese.info\/index.php\/2024\/06\/14\/taranto-di-fronte-a-una-nuova-crisi-occupazionale\/#primaryimage"},"thumbnailUrl":"https:\/\/lavocedelpaese.info\/wp-content\/uploads\/2024\/06\/ubaldo-pagano.jpg","articleSection":["network","Politica"],"inLanguage":"it-IT","potentialAction":[{"@type":"CommentAction","name":"Comment","target":["https:\/\/lavocedelpaese.info\/index.php\/2024\/06\/14\/taranto-di-fronte-a-una-nuova-crisi-occupazionale\/#respond"]}]},{"@type":"WebPage","@id":"https:\/\/lavocedelpaese.info\/index.php\/2024\/06\/14\/taranto-di-fronte-a-una-nuova-crisi-occupazionale\/","url":"https:\/\/lavocedelpaese.info\/index.php\/2024\/06\/14\/taranto-di-fronte-a-una-nuova-crisi-occupazionale\/","name":"Taranto di fronte a una nuova crisi occupazionale - La Voce del Paese","isPartOf":{"@id":"https:\/\/lavocedelpaese.info\/#website"},"primaryImageOfPage":{"@id":"https:\/\/lavocedelpaese.info\/index.php\/2024\/06\/14\/taranto-di-fronte-a-una-nuova-crisi-occupazionale\/#primaryimage"},"image":{"@id":"https:\/\/lavocedelpaese.info\/index.php\/2024\/06\/14\/taranto-di-fronte-a-una-nuova-crisi-occupazionale\/#primaryimage"},"thumbnailUrl":"https:\/\/lavocedelpaese.info\/wp-content\/uploads\/2024\/06\/ubaldo-pagano.jpg","datePublished":"2024-06-14T04:25:57+00:00","dateModified":"2024-06-14T04:25:58+00:00","breadcrumb":{"@id":"https:\/\/lavocedelpaese.info\/index.php\/2024\/06\/14\/taranto-di-fronte-a-una-nuova-crisi-occupazionale\/#breadcrumb"},"inLanguage":"it-IT","potentialAction":[{"@type":"ReadAction","target":["https:\/\/lavocedelpaese.info\/index.php\/2024\/06\/14\/taranto-di-fronte-a-una-nuova-crisi-occupazionale\/"]}]},{"@type":"ImageObject","inLanguage":"it-IT","@id":"https:\/\/lavocedelpaese.info\/index.php\/2024\/06\/14\/taranto-di-fronte-a-una-nuova-crisi-occupazionale\/#primaryimage","url":"https:\/\/lavocedelpaese.info\/wp-content\/uploads\/2024\/06\/ubaldo-pagano.jpg","contentUrl":"https:\/\/lavocedelpaese.info\/wp-content\/uploads\/2024\/06\/ubaldo-pagano.jpg","width":700,"height":467,"caption":"Il capogruppo Pd alla Camera, Ubaldo Pagano, nel corso della conferenza stampa in vista dell'approdo al Senato della Manovra, Roma 20 dicembre 2023. ANSA\/MAURIZIO BRAMBATTI"},{"@type":"BreadcrumbList","@id":"https:\/\/lavocedelpaese.info\/index.php\/2024\/06\/14\/taranto-di-fronte-a-una-nuova-crisi-occupazionale\/#breadcrumb","itemListElement":[{"@type":"ListItem","position":1,"name":"Home","item":"https:\/\/lavocedelpaese.info\/"},{"@type":"ListItem","position":2,"name":"Taranto di fronte a una nuova crisi occupazionale"}]},{"@type":"WebSite","@id":"https:\/\/lavocedelpaese.info\/#website","url":"https:\/\/lavocedelpaese.info\/","name":"La Voce del Paese","description":"Un network di idee","publisher":{"@id":"https:\/\/lavocedelpaese.info\/#organization"},"potentialAction":[{"@type":"SearchAction","target":{"@type":"EntryPoint","urlTemplate":"https:\/\/lavocedelpaese.info\/?s={search_term_string}"},"query-input":{"@type":"PropertyValueSpecification","valueRequired":true,"valueName":"search_term_string"}}],"inLanguage":"it-IT"},{"@type":"Organization","@id":"https:\/\/lavocedelpaese.info\/#organization","name":"La Voce del Paese","url":"https:\/\/lavocedelpaese.info\/","logo":{"@type":"ImageObject","inLanguage":"it-IT","@id":"https:\/\/lavocedelpaese.info\/#\/schema\/logo\/image\/","url":"https:\/\/lavocedelpaese.info\/wp-content\/uploads\/2023\/01\/cropped-logo-150-127.png","contentUrl":"https:\/\/lavocedelpaese.info\/wp-content\/uploads\/2023\/01\/cropped-logo-150-127.png","width":137,"height":119,"caption":"La Voce del Paese"},"image":{"@id":"https:\/\/lavocedelpaese.info\/#\/schema\/logo\/image\/"},"sameAs":["https:\/\/www.facebook.com\/lavocedelpaese.info"]},{"@type":"Person","@id":"https:\/\/lavocedelpaese.info\/#\/schema\/person\/ec151d321306bd7591f7a061abf72d88","name":"admin","image":{"@type":"ImageObject","inLanguage":"it-IT","@id":"https:\/\/secure.gravatar.com\/avatar\/af8f2caf0663124588de48a9380e07cbc95a74ef15b8062d0d39106c32fe3023?s=96&d=mm&r=g","url":"https:\/\/secure.gravatar.com\/avatar\/af8f2caf0663124588de48a9380e07cbc95a74ef15b8062d0d39106c32fe3023?s=96&d=mm&r=g","contentUrl":"https:\/\/secure.gravatar.com\/avatar\/af8f2caf0663124588de48a9380e07cbc95a74ef15b8062d0d39106c32fe3023?s=96&d=mm&r=g","caption":"admin"},"sameAs":["https:\/\/lavocedelpaese.info"],"url":"https:\/\/lavocedelpaese.info\/index.php\/author\/admin\/"}]}},"_links":{"self":[{"href":"https:\/\/lavocedelpaese.info\/index.php\/wp-json\/wp\/v2\/posts\/2306","targetHints":{"allow":["GET"]}}],"collection":[{"href":"https:\/\/lavocedelpaese.info\/index.php\/wp-json\/wp\/v2\/posts"}],"about":[{"href":"https:\/\/lavocedelpaese.info\/index.php\/wp-json\/wp\/v2\/types\/post"}],"author":[{"embeddable":true,"href":"https:\/\/lavocedelpaese.info\/index.php\/wp-json\/wp\/v2\/users\/6"}],"replies":[{"embeddable":true,"href":"https:\/\/lavocedelpaese.info\/index.php\/wp-json\/wp\/v2\/comments?post=2306"}],"version-history":[{"count":1,"href":"https:\/\/lavocedelpaese.info\/index.php\/wp-json\/wp\/v2\/posts\/2306\/revisions"}],"predecessor-version":[{"id":2308,"href":"https:\/\/lavocedelpaese.info\/index.php\/wp-json\/wp\/v2\/posts\/2306\/revisions\/2308"}],"wp:featuredmedia":[{"embeddable":true,"href":"https:\/\/lavocedelpaese.info\/index.php\/wp-json\/wp\/v2\/media\/2307"}],"wp:attachment":[{"href":"https:\/\/lavocedelpaese.info\/index.php\/wp-json\/wp\/v2\/media?parent=2306"}],"wp:term":[{"taxonomy":"category","embeddable":true,"href":"https:\/\/lavocedelpaese.info\/index.php\/wp-json\/wp\/v2\/categories?post=2306"},{"taxonomy":"post_tag","embeddable":true,"href":"https:\/\/lavocedelpaese.info\/index.php\/wp-json\/wp\/v2\/tags?post=2306"}],"curies":[{"name":"wp","href":"https:\/\/api.w.org\/{rel}","templated":true}]}}