{"id":2303,"date":"2024-06-12T22:58:26","date_gmt":"2024-06-12T22:58:26","guid":{"rendered":"https:\/\/lavocedelpaese.info\/?p=2303"},"modified":"2024-06-12T22:58:27","modified_gmt":"2024-06-12T22:58:27","slug":"la-puglia-a-napolicittalibro-2024","status":"publish","type":"post","link":"https:\/\/lavocedelpaese.info\/index.php\/2024\/06\/12\/la-puglia-a-napolicittalibro-2024\/","title":{"rendered":"La Puglia a \u201cNapoliCitt\u00e0Libro 2024\u201d"},"content":{"rendered":"\n<h4 class=\"wp-block-heading\"><strong>Dal 14 al 16 giugno, promozione del sistema editoriale regionale<\/strong><\/h4>\n\n\n\n<p>Dal 14 al 16 giugno, la Regione Puglia e il Teatro Pubblico Pugliese partecipano al NapoliCitt\u00e0Libro, Salone del Libro e dell\u2019Editoria, con uno stand istituzionale per promuovere l&#8217;editoria pugliese. L\u2019iniziativa fa parte del progetto &#8220;Puglia, parole a sistema&#8221;, mirato a valorizzare il settore editoriale regionale. Lo stand, realizzato in collaborazione con l&#8217;Associazione Pugliese Editori (APE), ospita 11 case editrici pugliesi selezionate tramite una call pubblica: Besa Muci, Kurumuny, Pensa MultiMedia, Sfera Edizioni, Edizioni Dedalo, Edipuglia, Schena Editore, Adda Editore, SECOP edizioni e Edizioni dal Sud. La fiera, con il tema &#8220;Ri-generazioni&#8221;, si svolge alla Stazione Marittima di Napoli e offre un ricco programma di incontri, eventi e dibattiti.<\/p>\n\n\n\n<p>La partecipazione della Regione Puglia e del Teatro Pubblico Pugliese al NapoliCitt\u00e0Libro 2024, con la presenza di 11 case editrici regionali, rappresenta un significativo impulso per il settore dell&#8217;editoria pugliese. Questa iniziativa, parte del progetto &#8220;Puglia, parole a sistema&#8221;, mira a valorizzare e promuovere il sistema editoriale regionale, offrendo una vetrina di prestigio alle case editrici locali in un contesto nazionale di rilievo. La scelta di NapoliCitt\u00e0Libro, un evento con un tema attuale come &#8220;Ri-generazioni&#8221;, sottolinea l&#8217;impegno della Puglia nel rinnovare e rigenerare il proprio tessuto culturale ed editoriale. La partecipazione delle case editrici Besa Muci, Kurumuny, Pensa MultiMedia, Sfera Edizioni, Edizioni Dedalo, Edipuglia, Schena Editore, Adda Editore, SECOP edizioni e Edizioni dal Sud non solo mette in mostra la diversit\u00e0 e la ricchezza del panorama editoriale pugliese, ma facilita anche l&#8217;incontro con nuovi potenziali lettori, autori e partner commerciali.<\/p>\n\n\n\n<p>Il coinvolgimento delle case editrici in un evento cos\u00ec importante offre numerose opportunit\u00e0 per l&#8217;espansione del mercato editoriale pugliese. La visibilit\u00e0 ottenuta attraverso lo stand istituzionale consente alle case editrici di presentare le proprie opere e autori a un pubblico pi\u00f9 vasto, potenziando la distribuzione e la vendita dei libri. Inoltre, la partecipazione a NapoliCitt\u00e0Libro favorisce lo scambio di idee e best practice tra editori, autori e professionisti del settore, stimolando l&#8217;innovazione e la crescita qualitativa delle pubblicazioni pugliesi. La fiera offre anche un&#8217;opportunit\u00e0 di networking con altri editori, agenti letterari e distributori, che pu\u00f2 portare a nuove collaborazioni e accordi commerciali, ampliando cos\u00ec il raggio d&#8217;azione delle case editrici pugliesi oltre i confini regionali.<\/p>\n\n\n\n<p>Un&#8217;altra implicazione significativa riguarda l&#8217;attrazione di talenti. La partecipazione a NapoliCitt\u00e0Libro pu\u00f2 attirare nuovi autori e giovani talenti che vedono nelle case editrici pugliesi un&#8217;opportunit\u00e0 per pubblicare le proprie opere. Questo non solo arricchisce il catalogo delle case editrici con nuove voci e prospettive, ma contribuisce anche a rafforzare la posizione della Puglia come un centro vibrante di produzione culturale e letteraria. La presenza in una fiera del libro di tale portata pu\u00f2 anche ispirare e incoraggiare aspiranti autori locali, creando un circolo virtuoso di produzione letteraria e creativa nella regione.<\/p>\n\n\n\n<p>La collaborazione con l&#8217;Associazione Pugliese Editori (APE) \u00e8 un altro elemento chiave che amplifica l&#8217;impatto di questa iniziativa. L&#8217;APE, infatti, rappresenta un importante punto di riferimento per il settore editoriale pugliese, e la sua partecipazione garantisce un supporto organizzativo e promozionale che valorizza ulteriormente la presenza delle case editrici alla fiera. Questo tipo di collaborazione rafforza il senso di comunit\u00e0 e solidariet\u00e0 tra gli editori pugliesi, favorendo la condivisione di risorse e competenze per affrontare le sfide comuni del mercato editoriale.<\/p>\n\n\n\n<p>Il tema della fiera, &#8220;Ri-generazioni&#8221;, risuona particolarmente con gli obiettivi del progetto &#8220;Puglia, parole a sistema&#8221;. Esso richiama l&#8217;idea di rigenerazione culturale e di innovazione, principi che sono al centro delle politiche regionali per la cultura e l&#8217;editoria. La partecipazione a NapoliCitt\u00e0Libro diventa cos\u00ec non solo una vetrina promozionale, ma anche un momento di riflessione e confronto sulle strategie per rinnovare il settore editoriale pugliese, rendendolo pi\u00f9 dinamico, inclusivo e sostenibile.<\/p>\n\n\n\n<p>Infine, l&#8217;impatto economico di questa iniziativa non va sottovalutato. Il rafforzamento del settore editoriale contribuisce alla creazione di posti di lavoro e all&#8217;aumento delle opportunit\u00e0 economiche per autori, editori, grafici, traduttori e tutti i professionisti legati al mondo del libro. Inoltre, una maggiore visibilit\u00e0 e riconoscibilit\u00e0 delle case editrici pugliesi pu\u00f2 attrarre investimenti e fondi, sia pubblici che privati, destinati a sostenere la crescita e lo sviluppo dell&#8217;industria editoriale regionale.<\/p>\n\n\n\n<p>In conclusione, la partecipazione della Regione Puglia e del Teatro Pubblico Pugliese al NapoliCitt\u00e0Libro 2024 rappresenta una potente leva per il rilancio e la promozione del sistema editoriale pugliese. Essa offre alle case editrici locali una preziosa opportunit\u00e0 di visibilit\u00e0 e crescita, facilita l&#8217;incontro con nuovi autori e talenti, stimola l&#8217;innovazione e la collaborazione, e contribuisce significativamente allo sviluppo economico e culturale della regione. La fiera diventa cos\u00ec non solo un evento di promozione, ma un vero e proprio catalizzatore di trasformazione e rigenerazione per l&#8217;editoria pugliese.<\/p>\n","protected":false},"excerpt":{"rendered":"<p>Dal 14 al 16 giugno, promozione del sistema editoriale regionale Dal 14 al 16 giugno, la Regione Puglia e il<\/p>\n","protected":false},"author":6,"featured_media":2304,"comment_status":"open","ping_status":"closed","sticky":false,"template":"","format":"standard","meta":{"colormag_page_container_layout":"default_layout","colormag_page_sidebar_layout":"default_layout","footnotes":""},"categories":[5,34],"tags":[],"class_list":["post-2303","post","type-post","status-publish","format-standard","has-post-thumbnail","hentry","category-cultura","category-box-laterali-blocco-1"],"yoast_head":"<!-- This site is optimized with the Yoast SEO plugin v27.5 - https:\/\/yoast.com\/product\/yoast-seo-wordpress\/ -->\n<title>La Puglia a \u201cNapoliCitt\u00e0Libro 2024\u201d - La Voce del Paese<\/title>\n<meta name=\"robots\" content=\"index, follow, max-snippet:-1, max-image-preview:large, max-video-preview:-1\" \/>\n<link rel=\"canonical\" href=\"https:\/\/lavocedelpaese.info\/index.php\/2024\/06\/12\/la-puglia-a-napolicittalibro-2024\/\" \/>\n<meta property=\"og:locale\" content=\"it_IT\" \/>\n<meta property=\"og:type\" content=\"article\" \/>\n<meta property=\"og:title\" content=\"La Puglia a \u201cNapoliCitt\u00e0Libro 2024\u201d - La Voce del Paese\" \/>\n<meta property=\"og:description\" content=\"Dal 14 al 16 giugno, promozione del sistema editoriale regionale Dal 14 al 16 giugno, la Regione Puglia e il\" \/>\n<meta property=\"og:url\" content=\"https:\/\/lavocedelpaese.info\/index.php\/2024\/06\/12\/la-puglia-a-napolicittalibro-2024\/\" \/>\n<meta property=\"og:site_name\" content=\"La Voce del Paese\" \/>\n<meta property=\"article:publisher\" content=\"https:\/\/www.facebook.com\/lavocedelpaese.info\" \/>\n<meta property=\"article:published_time\" content=\"2024-06-12T22:58:26+00:00\" \/>\n<meta property=\"article:modified_time\" content=\"2024-06-12T22:58:27+00:00\" \/>\n<meta property=\"og:image\" content=\"https:\/\/lavocedelpaese.info\/wp-content\/uploads\/2024\/06\/napoli-citta-del-libro.jpg\" \/>\n\t<meta property=\"og:image:width\" content=\"1000\" \/>\n\t<meta property=\"og:image:height\" content=\"622\" \/>\n\t<meta property=\"og:image:type\" content=\"image\/jpeg\" \/>\n<meta name=\"author\" content=\"admin\" \/>\n<meta name=\"twitter:card\" content=\"summary_large_image\" \/>\n<meta name=\"twitter:label1\" content=\"Scritto da\" \/>\n\t<meta name=\"twitter:data1\" content=\"admin\" \/>\n\t<meta name=\"twitter:label2\" content=\"Tempo di lettura stimato\" \/>\n\t<meta name=\"twitter:data2\" content=\"5 minuti\" \/>\n<script type=\"application\/ld+json\" class=\"yoast-schema-graph\">{\"@context\":\"https:\\\/\\\/schema.org\",\"@graph\":[{\"@type\":\"Article\",\"@id\":\"https:\\\/\\\/lavocedelpaese.info\\\/index.php\\\/2024\\\/06\\\/12\\\/la-puglia-a-napolicittalibro-2024\\\/#article\",\"isPartOf\":{\"@id\":\"https:\\\/\\\/lavocedelpaese.info\\\/index.php\\\/2024\\\/06\\\/12\\\/la-puglia-a-napolicittalibro-2024\\\/\"},\"author\":{\"name\":\"admin\",\"@id\":\"https:\\\/\\\/lavocedelpaese.info\\\/#\\\/schema\\\/person\\\/ec151d321306bd7591f7a061abf72d88\"},\"headline\":\"La Puglia a \u201cNapoliCitt\u00e0Libro 2024\u201d\",\"datePublished\":\"2024-06-12T22:58:26+00:00\",\"dateModified\":\"2024-06-12T22:58:27+00:00\",\"mainEntityOfPage\":{\"@id\":\"https:\\\/\\\/lavocedelpaese.info\\\/index.php\\\/2024\\\/06\\\/12\\\/la-puglia-a-napolicittalibro-2024\\\/\"},\"wordCount\":801,\"commentCount\":0,\"publisher\":{\"@id\":\"https:\\\/\\\/lavocedelpaese.info\\\/#organization\"},\"image\":{\"@id\":\"https:\\\/\\\/lavocedelpaese.info\\\/index.php\\\/2024\\\/06\\\/12\\\/la-puglia-a-napolicittalibro-2024\\\/#primaryimage\"},\"thumbnailUrl\":\"https:\\\/\\\/lavocedelpaese.info\\\/wp-content\\\/uploads\\\/2024\\\/06\\\/napoli-citta-del-libro.jpg\",\"articleSection\":[\"Cultura\",\"primo piano\"],\"inLanguage\":\"it-IT\",\"potentialAction\":[{\"@type\":\"CommentAction\",\"name\":\"Comment\",\"target\":[\"https:\\\/\\\/lavocedelpaese.info\\\/index.php\\\/2024\\\/06\\\/12\\\/la-puglia-a-napolicittalibro-2024\\\/#respond\"]}]},{\"@type\":\"WebPage\",\"@id\":\"https:\\\/\\\/lavocedelpaese.info\\\/index.php\\\/2024\\\/06\\\/12\\\/la-puglia-a-napolicittalibro-2024\\\/\",\"url\":\"https:\\\/\\\/lavocedelpaese.info\\\/index.php\\\/2024\\\/06\\\/12\\\/la-puglia-a-napolicittalibro-2024\\\/\",\"name\":\"La Puglia a \u201cNapoliCitt\u00e0Libro 2024\u201d - La Voce del Paese\",\"isPartOf\":{\"@id\":\"https:\\\/\\\/lavocedelpaese.info\\\/#website\"},\"primaryImageOfPage\":{\"@id\":\"https:\\\/\\\/lavocedelpaese.info\\\/index.php\\\/2024\\\/06\\\/12\\\/la-puglia-a-napolicittalibro-2024\\\/#primaryimage\"},\"image\":{\"@id\":\"https:\\\/\\\/lavocedelpaese.info\\\/index.php\\\/2024\\\/06\\\/12\\\/la-puglia-a-napolicittalibro-2024\\\/#primaryimage\"},\"thumbnailUrl\":\"https:\\\/\\\/lavocedelpaese.info\\\/wp-content\\\/uploads\\\/2024\\\/06\\\/napoli-citta-del-libro.jpg\",\"datePublished\":\"2024-06-12T22:58:26+00:00\",\"dateModified\":\"2024-06-12T22:58:27+00:00\",\"breadcrumb\":{\"@id\":\"https:\\\/\\\/lavocedelpaese.info\\\/index.php\\\/2024\\\/06\\\/12\\\/la-puglia-a-napolicittalibro-2024\\\/#breadcrumb\"},\"inLanguage\":\"it-IT\",\"potentialAction\":[{\"@type\":\"ReadAction\",\"target\":[\"https:\\\/\\\/lavocedelpaese.info\\\/index.php\\\/2024\\\/06\\\/12\\\/la-puglia-a-napolicittalibro-2024\\\/\"]}]},{\"@type\":\"ImageObject\",\"inLanguage\":\"it-IT\",\"@id\":\"https:\\\/\\\/lavocedelpaese.info\\\/index.php\\\/2024\\\/06\\\/12\\\/la-puglia-a-napolicittalibro-2024\\\/#primaryimage\",\"url\":\"https:\\\/\\\/lavocedelpaese.info\\\/wp-content\\\/uploads\\\/2024\\\/06\\\/napoli-citta-del-libro.jpg\",\"contentUrl\":\"https:\\\/\\\/lavocedelpaese.info\\\/wp-content\\\/uploads\\\/2024\\\/06\\\/napoli-citta-del-libro.jpg\",\"width\":1000,\"height\":622},{\"@type\":\"BreadcrumbList\",\"@id\":\"https:\\\/\\\/lavocedelpaese.info\\\/index.php\\\/2024\\\/06\\\/12\\\/la-puglia-a-napolicittalibro-2024\\\/#breadcrumb\",\"itemListElement\":[{\"@type\":\"ListItem\",\"position\":1,\"name\":\"Home\",\"item\":\"https:\\\/\\\/lavocedelpaese.info\\\/\"},{\"@type\":\"ListItem\",\"position\":2,\"name\":\"La Puglia a \u201cNapoliCitt\u00e0Libro 2024\u201d\"}]},{\"@type\":\"WebSite\",\"@id\":\"https:\\\/\\\/lavocedelpaese.info\\\/#website\",\"url\":\"https:\\\/\\\/lavocedelpaese.info\\\/\",\"name\":\"La Voce del Paese\",\"description\":\"Un network di idee\",\"publisher\":{\"@id\":\"https:\\\/\\\/lavocedelpaese.info\\\/#organization\"},\"potentialAction\":[{\"@type\":\"SearchAction\",\"target\":{\"@type\":\"EntryPoint\",\"urlTemplate\":\"https:\\\/\\\/lavocedelpaese.info\\\/?s={search_term_string}\"},\"query-input\":{\"@type\":\"PropertyValueSpecification\",\"valueRequired\":true,\"valueName\":\"search_term_string\"}}],\"inLanguage\":\"it-IT\"},{\"@type\":\"Organization\",\"@id\":\"https:\\\/\\\/lavocedelpaese.info\\\/#organization\",\"name\":\"La Voce del Paese\",\"url\":\"https:\\\/\\\/lavocedelpaese.info\\\/\",\"logo\":{\"@type\":\"ImageObject\",\"inLanguage\":\"it-IT\",\"@id\":\"https:\\\/\\\/lavocedelpaese.info\\\/#\\\/schema\\\/logo\\\/image\\\/\",\"url\":\"https:\\\/\\\/lavocedelpaese.info\\\/wp-content\\\/uploads\\\/2023\\\/01\\\/cropped-logo-150-127.png\",\"contentUrl\":\"https:\\\/\\\/lavocedelpaese.info\\\/wp-content\\\/uploads\\\/2023\\\/01\\\/cropped-logo-150-127.png\",\"width\":137,\"height\":119,\"caption\":\"La Voce del Paese\"},\"image\":{\"@id\":\"https:\\\/\\\/lavocedelpaese.info\\\/#\\\/schema\\\/logo\\\/image\\\/\"},\"sameAs\":[\"https:\\\/\\\/www.facebook.com\\\/lavocedelpaese.info\"]},{\"@type\":\"Person\",\"@id\":\"https:\\\/\\\/lavocedelpaese.info\\\/#\\\/schema\\\/person\\\/ec151d321306bd7591f7a061abf72d88\",\"name\":\"admin\",\"image\":{\"@type\":\"ImageObject\",\"inLanguage\":\"it-IT\",\"@id\":\"https:\\\/\\\/secure.gravatar.com\\\/avatar\\\/af8f2caf0663124588de48a9380e07cbc95a74ef15b8062d0d39106c32fe3023?s=96&d=mm&r=g\",\"url\":\"https:\\\/\\\/secure.gravatar.com\\\/avatar\\\/af8f2caf0663124588de48a9380e07cbc95a74ef15b8062d0d39106c32fe3023?s=96&d=mm&r=g\",\"contentUrl\":\"https:\\\/\\\/secure.gravatar.com\\\/avatar\\\/af8f2caf0663124588de48a9380e07cbc95a74ef15b8062d0d39106c32fe3023?s=96&d=mm&r=g\",\"caption\":\"admin\"},\"sameAs\":[\"https:\\\/\\\/lavocedelpaese.info\"],\"url\":\"https:\\\/\\\/lavocedelpaese.info\\\/index.php\\\/author\\\/admin\\\/\"}]}<\/script>\n<!-- \/ Yoast SEO plugin. -->","yoast_head_json":{"title":"La Puglia a \u201cNapoliCitt\u00e0Libro 2024\u201d - La Voce del Paese","robots":{"index":"index","follow":"follow","max-snippet":"max-snippet:-1","max-image-preview":"max-image-preview:large","max-video-preview":"max-video-preview:-1"},"canonical":"https:\/\/lavocedelpaese.info\/index.php\/2024\/06\/12\/la-puglia-a-napolicittalibro-2024\/","og_locale":"it_IT","og_type":"article","og_title":"La Puglia a \u201cNapoliCitt\u00e0Libro 2024\u201d - La Voce del Paese","og_description":"Dal 14 al 16 giugno, promozione del sistema editoriale regionale Dal 14 al 16 giugno, la Regione Puglia e il","og_url":"https:\/\/lavocedelpaese.info\/index.php\/2024\/06\/12\/la-puglia-a-napolicittalibro-2024\/","og_site_name":"La Voce del Paese","article_publisher":"https:\/\/www.facebook.com\/lavocedelpaese.info","article_published_time":"2024-06-12T22:58:26+00:00","article_modified_time":"2024-06-12T22:58:27+00:00","og_image":[{"width":1000,"height":622,"url":"https:\/\/lavocedelpaese.info\/wp-content\/uploads\/2024\/06\/napoli-citta-del-libro.jpg","type":"image\/jpeg"}],"author":"admin","twitter_card":"summary_large_image","twitter_misc":{"Scritto da":"admin","Tempo di lettura stimato":"5 minuti"},"schema":{"@context":"https:\/\/schema.org","@graph":[{"@type":"Article","@id":"https:\/\/lavocedelpaese.info\/index.php\/2024\/06\/12\/la-puglia-a-napolicittalibro-2024\/#article","isPartOf":{"@id":"https:\/\/lavocedelpaese.info\/index.php\/2024\/06\/12\/la-puglia-a-napolicittalibro-2024\/"},"author":{"name":"admin","@id":"https:\/\/lavocedelpaese.info\/#\/schema\/person\/ec151d321306bd7591f7a061abf72d88"},"headline":"La Puglia a \u201cNapoliCitt\u00e0Libro 2024\u201d","datePublished":"2024-06-12T22:58:26+00:00","dateModified":"2024-06-12T22:58:27+00:00","mainEntityOfPage":{"@id":"https:\/\/lavocedelpaese.info\/index.php\/2024\/06\/12\/la-puglia-a-napolicittalibro-2024\/"},"wordCount":801,"commentCount":0,"publisher":{"@id":"https:\/\/lavocedelpaese.info\/#organization"},"image":{"@id":"https:\/\/lavocedelpaese.info\/index.php\/2024\/06\/12\/la-puglia-a-napolicittalibro-2024\/#primaryimage"},"thumbnailUrl":"https:\/\/lavocedelpaese.info\/wp-content\/uploads\/2024\/06\/napoli-citta-del-libro.jpg","articleSection":["Cultura","primo piano"],"inLanguage":"it-IT","potentialAction":[{"@type":"CommentAction","name":"Comment","target":["https:\/\/lavocedelpaese.info\/index.php\/2024\/06\/12\/la-puglia-a-napolicittalibro-2024\/#respond"]}]},{"@type":"WebPage","@id":"https:\/\/lavocedelpaese.info\/index.php\/2024\/06\/12\/la-puglia-a-napolicittalibro-2024\/","url":"https:\/\/lavocedelpaese.info\/index.php\/2024\/06\/12\/la-puglia-a-napolicittalibro-2024\/","name":"La Puglia a \u201cNapoliCitt\u00e0Libro 2024\u201d - La Voce del Paese","isPartOf":{"@id":"https:\/\/lavocedelpaese.info\/#website"},"primaryImageOfPage":{"@id":"https:\/\/lavocedelpaese.info\/index.php\/2024\/06\/12\/la-puglia-a-napolicittalibro-2024\/#primaryimage"},"image":{"@id":"https:\/\/lavocedelpaese.info\/index.php\/2024\/06\/12\/la-puglia-a-napolicittalibro-2024\/#primaryimage"},"thumbnailUrl":"https:\/\/lavocedelpaese.info\/wp-content\/uploads\/2024\/06\/napoli-citta-del-libro.jpg","datePublished":"2024-06-12T22:58:26+00:00","dateModified":"2024-06-12T22:58:27+00:00","breadcrumb":{"@id":"https:\/\/lavocedelpaese.info\/index.php\/2024\/06\/12\/la-puglia-a-napolicittalibro-2024\/#breadcrumb"},"inLanguage":"it-IT","potentialAction":[{"@type":"ReadAction","target":["https:\/\/lavocedelpaese.info\/index.php\/2024\/06\/12\/la-puglia-a-napolicittalibro-2024\/"]}]},{"@type":"ImageObject","inLanguage":"it-IT","@id":"https:\/\/lavocedelpaese.info\/index.php\/2024\/06\/12\/la-puglia-a-napolicittalibro-2024\/#primaryimage","url":"https:\/\/lavocedelpaese.info\/wp-content\/uploads\/2024\/06\/napoli-citta-del-libro.jpg","contentUrl":"https:\/\/lavocedelpaese.info\/wp-content\/uploads\/2024\/06\/napoli-citta-del-libro.jpg","width":1000,"height":622},{"@type":"BreadcrumbList","@id":"https:\/\/lavocedelpaese.info\/index.php\/2024\/06\/12\/la-puglia-a-napolicittalibro-2024\/#breadcrumb","itemListElement":[{"@type":"ListItem","position":1,"name":"Home","item":"https:\/\/lavocedelpaese.info\/"},{"@type":"ListItem","position":2,"name":"La Puglia a \u201cNapoliCitt\u00e0Libro 2024\u201d"}]},{"@type":"WebSite","@id":"https:\/\/lavocedelpaese.info\/#website","url":"https:\/\/lavocedelpaese.info\/","name":"La Voce del Paese","description":"Un network di idee","publisher":{"@id":"https:\/\/lavocedelpaese.info\/#organization"},"potentialAction":[{"@type":"SearchAction","target":{"@type":"EntryPoint","urlTemplate":"https:\/\/lavocedelpaese.info\/?s={search_term_string}"},"query-input":{"@type":"PropertyValueSpecification","valueRequired":true,"valueName":"search_term_string"}}],"inLanguage":"it-IT"},{"@type":"Organization","@id":"https:\/\/lavocedelpaese.info\/#organization","name":"La Voce del Paese","url":"https:\/\/lavocedelpaese.info\/","logo":{"@type":"ImageObject","inLanguage":"it-IT","@id":"https:\/\/lavocedelpaese.info\/#\/schema\/logo\/image\/","url":"https:\/\/lavocedelpaese.info\/wp-content\/uploads\/2023\/01\/cropped-logo-150-127.png","contentUrl":"https:\/\/lavocedelpaese.info\/wp-content\/uploads\/2023\/01\/cropped-logo-150-127.png","width":137,"height":119,"caption":"La Voce del Paese"},"image":{"@id":"https:\/\/lavocedelpaese.info\/#\/schema\/logo\/image\/"},"sameAs":["https:\/\/www.facebook.com\/lavocedelpaese.info"]},{"@type":"Person","@id":"https:\/\/lavocedelpaese.info\/#\/schema\/person\/ec151d321306bd7591f7a061abf72d88","name":"admin","image":{"@type":"ImageObject","inLanguage":"it-IT","@id":"https:\/\/secure.gravatar.com\/avatar\/af8f2caf0663124588de48a9380e07cbc95a74ef15b8062d0d39106c32fe3023?s=96&d=mm&r=g","url":"https:\/\/secure.gravatar.com\/avatar\/af8f2caf0663124588de48a9380e07cbc95a74ef15b8062d0d39106c32fe3023?s=96&d=mm&r=g","contentUrl":"https:\/\/secure.gravatar.com\/avatar\/af8f2caf0663124588de48a9380e07cbc95a74ef15b8062d0d39106c32fe3023?s=96&d=mm&r=g","caption":"admin"},"sameAs":["https:\/\/lavocedelpaese.info"],"url":"https:\/\/lavocedelpaese.info\/index.php\/author\/admin\/"}]}},"_links":{"self":[{"href":"https:\/\/lavocedelpaese.info\/index.php\/wp-json\/wp\/v2\/posts\/2303","targetHints":{"allow":["GET"]}}],"collection":[{"href":"https:\/\/lavocedelpaese.info\/index.php\/wp-json\/wp\/v2\/posts"}],"about":[{"href":"https:\/\/lavocedelpaese.info\/index.php\/wp-json\/wp\/v2\/types\/post"}],"author":[{"embeddable":true,"href":"https:\/\/lavocedelpaese.info\/index.php\/wp-json\/wp\/v2\/users\/6"}],"replies":[{"embeddable":true,"href":"https:\/\/lavocedelpaese.info\/index.php\/wp-json\/wp\/v2\/comments?post=2303"}],"version-history":[{"count":1,"href":"https:\/\/lavocedelpaese.info\/index.php\/wp-json\/wp\/v2\/posts\/2303\/revisions"}],"predecessor-version":[{"id":2305,"href":"https:\/\/lavocedelpaese.info\/index.php\/wp-json\/wp\/v2\/posts\/2303\/revisions\/2305"}],"wp:featuredmedia":[{"embeddable":true,"href":"https:\/\/lavocedelpaese.info\/index.php\/wp-json\/wp\/v2\/media\/2304"}],"wp:attachment":[{"href":"https:\/\/lavocedelpaese.info\/index.php\/wp-json\/wp\/v2\/media?parent=2303"}],"wp:term":[{"taxonomy":"category","embeddable":true,"href":"https:\/\/lavocedelpaese.info\/index.php\/wp-json\/wp\/v2\/categories?post=2303"},{"taxonomy":"post_tag","embeddable":true,"href":"https:\/\/lavocedelpaese.info\/index.php\/wp-json\/wp\/v2\/tags?post=2303"}],"curies":[{"name":"wp","href":"https:\/\/api.w.org\/{rel}","templated":true}]}}