{"id":2300,"date":"2024-06-12T22:55:13","date_gmt":"2024-06-12T22:55:13","guid":{"rendered":"https:\/\/lavocedelpaese.info\/?p=2300"},"modified":"2024-06-12T22:55:14","modified_gmt":"2024-06-12T22:55:14","slug":"preoccupazione-per-i-crediti-delle-aziende-dellindotto-ex-ilva","status":"publish","type":"post","link":"https:\/\/lavocedelpaese.info\/index.php\/2024\/06\/12\/preoccupazione-per-i-crediti-delle-aziende-dellindotto-ex-ilva\/","title":{"rendered":"Preoccupazione per i crediti delle aziende dell&#8217;indotto Ex Ilva"},"content":{"rendered":"\n<p>L&#8217;Associazione delle aziende dell&#8217;indotto ex Ilva (Aigi) esprime preoccupazione per i crediti non saldati verso Acciaierie d&#8217;Italia, precedentemente ex Ilva. Nonostante il riconoscimento della prededucibilit\u00e0 dei crediti, che certifica la loro importanza strategica, ci\u00f2 non garantisce pagamenti immediati. Molte aziende, gi\u00e0 riconosciute prededucibili nel 2015, non hanno ancora ricevuto i pagamenti, aggravando la loro situazione finanziaria. Sebbene il &#8220;decreto salva indotto&#8221; offra garanzie per l&#8217;accesso al credito, le regole bancarie limitano l&#8217;effettivo sostegno finanziario. L&#8217;Aigi chiede protocolli di intesa con il sistema bancario e i Commissari delle procedure di amministrazione straordinaria per evitare la chiusura delle aziende e un impatto negativo su Taranto.<\/p>\n\n\n\n<p>La preoccupazione espressa dall&#8217;Associazione delle aziende dell&#8217;indotto ex Ilva (Aigi) riguardo alla mancanza di pagamento dei crediti vantati verso Acciaierie d&#8217;Italia (ex Ilva) ha profonde implicazioni per le imprese e l&#8217;indotto industriale di Taranto. La questione dei crediti non saldati \u00e8 particolarmente critica, poich\u00e9 molte delle aziende coinvolte sono state riconosciute prededucibili gi\u00e0 nel 2015, ma non hanno ancora ricevuto i pagamenti dovuti. Questo ritardo ha portato a una situazione finanziaria estremamente precaria per molte imprese dell&#8217;indotto, aggravata ulteriormente dalle vicende degli ultimi mesi. La prededucibilit\u00e0, pur certificando l&#8217;importanza strategica di queste imprese, non si traduce automaticamente in liquidit\u00e0 immediata, creando un divario tra il riconoscimento legale dei crediti e la loro realizzazione effettiva.<\/p>\n\n\n\n<p>Le implicazioni per le imprese dell&#8217;indotto sono significative e multidimensionali. In primo luogo, la mancanza di pagamenti influisce direttamente sulla capacit\u00e0 delle aziende di sostenere le proprie operazioni quotidiane. Le imprese si trovano a dover fronteggiare difficolt\u00e0 nel pagare stipendi, tasse, contributi e fornitori, mettendo a rischio la loro stessa sopravvivenza. Questo porta a un circolo vizioso in cui l&#8217;assenza di liquidit\u00e0 limita la capacit\u00e0 di produzione, compromettendo ulteriormente la possibilit\u00e0 di generare entrate. In assenza di una soluzione rapida e concreta, molte aziende potrebbero essere costrette a ridurre il personale, con conseguente perdita di posti di lavoro e impoverimento del tessuto economico locale.<\/p>\n\n\n\n<p>Le difficolt\u00e0 finanziarie delle imprese dell&#8217;indotto hanno anche un impatto negativo sulla loro bancabilit\u00e0. Nonostante le garanzie offerte dal decreto &#8220;salva indotto&#8221; attraverso il Fondo di Garanzia per le PMI, le regole bancarie tendono a considerare queste imprese ad alto rischio a causa dell&#8217;incertezza legata ai pagamenti dei crediti. Questo rende difficile per le aziende accedere a nuovi finanziamenti, necessari per mantenere la continuit\u00e0 operativa e investire in innovazioni e miglioramenti. Senza accesso al credito, le aziende non possono sostenere la crescita n\u00e9 reagire adeguatamente alle sfide del mercato, rimanendo bloccate in una situazione di stallo che ne mina la competitivit\u00e0.<\/p>\n\n\n\n<p>L&#8217;incertezza legata ai pagamenti e la difficolt\u00e0 di accesso al credito influiscono negativamente anche sulle relazioni economiche e sociali nel territorio. La fiducia tra le imprese dell&#8217;indotto, i fornitori e i clienti si erode, rendendo pi\u00f9 complessa la gestione delle relazioni commerciali. Le imprese potrebbero trovarsi isolate e senza il supporto necessario per superare le difficolt\u00e0. Inoltre, la crisi dell&#8217;indotto ex Ilva ha un effetto a cascata sull&#8217;intero ecosistema industriale di Taranto, compromettendo la stabilit\u00e0 economica della regione. La chiusura delle imprese dell&#8217;indotto potrebbe portare a una perdita significativa di competenze e know-how, rendendo difficile il rilancio del settore industriale in futuro.<\/p>\n\n\n\n<p>La situazione delle aziende dell&#8217;indotto ex Ilva riflette anche le sfide pi\u00f9 ampie legate alla gestione della transizione industriale in Italia. La crisi dell&#8217;Ilva e la sua trasformazione in Acciaierie d&#8217;Italia evidenziano la necessit\u00e0 di politiche industriali pi\u00f9 efficaci e di una maggiore attenzione alla sostenibilit\u00e0 finanziaria delle imprese coinvolte in queste transizioni. Le aziende dell&#8217;indotto, che hanno storicamente sostenuto le operazioni dell&#8217;Ilva, meritano un supporto concreto che vada oltre il semplice riconoscimento legale dei loro crediti. \u00c8 essenziale che le politiche pubbliche tengano conto delle esigenze specifiche di queste imprese, fornendo strumenti finanziari adeguati e garantendo un ambiente regolamentare favorevole.<\/p>\n\n\n\n<p>Un altro aspetto critico \u00e8 l&#8217;importanza del dialogo e della collaborazione tra le varie parti interessate. L&#8217;Aigi ha sottolineato la necessit\u00e0 di protocolli di intesa con il sistema bancario, la MCC (Mediocredito Centrale) e la SACE (Servizi Assicurativi del Commercio Estero), nonch\u00e9 con i Commissari delle procedure di amministrazione straordinaria. Questa collaborazione \u00e8 essenziale per ripristinare la fiducia nel sistema economico locale e per fornire alle imprese dell&#8217;indotto le risorse necessarie per superare la crisi. Senza una risposta coordinata e concertata, il rischio \u00e8 che le imprese dell&#8217;indotto scivolino verso la chiusura e la liquidazione giudiziale, con conseguenze devastanti per l&#8217;occupazione e l&#8217;economia locale.<\/p>\n\n\n\n<p>La situazione richiede anche un ripensamento delle strategie di sviluppo industriale per il futuro. La crisi dell&#8217;ex Ilva e le difficolt\u00e0 delle imprese dell&#8217;indotto evidenziano la necessit\u00e0 di diversificare l&#8217;economia locale e di ridurre la dipendenza da un singolo settore industriale. Investire in nuove tecnologie, promuovere l&#8217;innovazione e sostenere la crescita di settori emergenti possono aiutare a creare un&#8217;economia pi\u00f9 resiliente e meno vulnerabile alle crisi settoriali. Questo richiede un impegno a lungo termine da parte delle autorit\u00e0 locali, regionali e nazionali, nonch\u00e9 il coinvolgimento attivo delle imprese e delle comunit\u00e0 locali.<\/p>\n\n\n\n<p>In conclusione, la mancanza di pagamento dei crediti vantati dalle aziende dell&#8217;indotto ex Ilva ha implicazioni profonde per le imprese e l&#8217;indotto industriale di Taranto. Le difficolt\u00e0 finanziarie, la mancanza di liquidit\u00e0 e l&#8217;incertezza sull&#8217;accesso al credito minano la sostenibilit\u00e0 operativa delle imprese, con rischi significativi per l&#8217;occupazione e la stabilit\u00e0 economica della regione. \u00c8 essenziale che le politiche pubbliche forniscano un supporto concreto e che ci sia una collaborazione efficace tra le varie parti interessate per superare la crisi. Solo attraverso un approccio coordinato e integrato sar\u00e0 possibile garantire la continuit\u00e0 delle imprese dell&#8217;indotto, proteggere i posti di lavoro e promuovere una crescita sostenibile per il futuro.<\/p>\n","protected":false},"excerpt":{"rendered":"<p>L&#8217;Associazione delle aziende dell&#8217;indotto ex Ilva (Aigi) esprime preoccupazione per i crediti non saldati verso Acciaierie d&#8217;Italia, precedentemente ex Ilva.<\/p>\n","protected":false},"author":6,"featured_media":2301,"comment_status":"open","ping_status":"closed","sticky":false,"template":"","format":"standard","meta":{"colormag_page_container_layout":"default_layout","colormag_page_sidebar_layout":"default_layout","footnotes":""},"categories":[2],"tags":[],"class_list":["post-2300","post","type-post","status-publish","format-standard","has-post-thumbnail","hentry","category-attualita"],"yoast_head":"<!-- This site is optimized with the Yoast SEO plugin v27.5 - https:\/\/yoast.com\/product\/yoast-seo-wordpress\/ -->\n<title>Preoccupazione per i crediti delle aziende dell&#039;indotto Ex Ilva - La Voce del Paese<\/title>\n<meta name=\"robots\" content=\"index, follow, max-snippet:-1, max-image-preview:large, max-video-preview:-1\" \/>\n<link rel=\"canonical\" href=\"https:\/\/lavocedelpaese.info\/index.php\/2024\/06\/12\/preoccupazione-per-i-crediti-delle-aziende-dellindotto-ex-ilva\/\" \/>\n<meta property=\"og:locale\" content=\"it_IT\" \/>\n<meta property=\"og:type\" content=\"article\" \/>\n<meta property=\"og:title\" content=\"Preoccupazione per i crediti delle aziende dell&#039;indotto Ex Ilva - La Voce del Paese\" \/>\n<meta property=\"og:description\" content=\"L&#8217;Associazione delle aziende dell&#8217;indotto ex Ilva (Aigi) esprime preoccupazione per i crediti non saldati verso Acciaierie d&#8217;Italia, precedentemente ex Ilva.\" \/>\n<meta property=\"og:url\" content=\"https:\/\/lavocedelpaese.info\/index.php\/2024\/06\/12\/preoccupazione-per-i-crediti-delle-aziende-dellindotto-ex-ilva\/\" \/>\n<meta property=\"og:site_name\" content=\"La Voce del Paese\" \/>\n<meta property=\"article:publisher\" content=\"https:\/\/www.facebook.com\/lavocedelpaese.info\" \/>\n<meta property=\"article:published_time\" content=\"2024-06-12T22:55:13+00:00\" \/>\n<meta property=\"article:modified_time\" content=\"2024-06-12T22:55:14+00:00\" \/>\n<meta property=\"og:image\" content=\"https:\/\/lavocedelpaese.info\/wp-content\/uploads\/2024\/06\/ilva.jpg\" \/>\n\t<meta property=\"og:image:width\" content=\"1000\" \/>\n\t<meta property=\"og:image:height\" content=\"563\" \/>\n\t<meta property=\"og:image:type\" content=\"image\/jpeg\" \/>\n<meta name=\"author\" content=\"admin\" \/>\n<meta name=\"twitter:card\" content=\"summary_large_image\" \/>\n<meta name=\"twitter:label1\" content=\"Scritto da\" \/>\n\t<meta name=\"twitter:data1\" content=\"admin\" \/>\n\t<meta name=\"twitter:label2\" content=\"Tempo di lettura stimato\" \/>\n\t<meta name=\"twitter:data2\" content=\"6 minuti\" \/>\n<script type=\"application\/ld+json\" class=\"yoast-schema-graph\">{\"@context\":\"https:\\\/\\\/schema.org\",\"@graph\":[{\"@type\":\"Article\",\"@id\":\"https:\\\/\\\/lavocedelpaese.info\\\/index.php\\\/2024\\\/06\\\/12\\\/preoccupazione-per-i-crediti-delle-aziende-dellindotto-ex-ilva\\\/#article\",\"isPartOf\":{\"@id\":\"https:\\\/\\\/lavocedelpaese.info\\\/index.php\\\/2024\\\/06\\\/12\\\/preoccupazione-per-i-crediti-delle-aziende-dellindotto-ex-ilva\\\/\"},\"author\":{\"name\":\"admin\",\"@id\":\"https:\\\/\\\/lavocedelpaese.info\\\/#\\\/schema\\\/person\\\/ec151d321306bd7591f7a061abf72d88\"},\"headline\":\"Preoccupazione per i crediti delle aziende dell&#8217;indotto Ex Ilva\",\"datePublished\":\"2024-06-12T22:55:13+00:00\",\"dateModified\":\"2024-06-12T22:55:14+00:00\",\"mainEntityOfPage\":{\"@id\":\"https:\\\/\\\/lavocedelpaese.info\\\/index.php\\\/2024\\\/06\\\/12\\\/preoccupazione-per-i-crediti-delle-aziende-dellindotto-ex-ilva\\\/\"},\"wordCount\":974,\"commentCount\":0,\"publisher\":{\"@id\":\"https:\\\/\\\/lavocedelpaese.info\\\/#organization\"},\"image\":{\"@id\":\"https:\\\/\\\/lavocedelpaese.info\\\/index.php\\\/2024\\\/06\\\/12\\\/preoccupazione-per-i-crediti-delle-aziende-dellindotto-ex-ilva\\\/#primaryimage\"},\"thumbnailUrl\":\"https:\\\/\\\/lavocedelpaese.info\\\/wp-content\\\/uploads\\\/2024\\\/06\\\/ilva.jpg\",\"articleSection\":[\"Attualit\u00e0\"],\"inLanguage\":\"it-IT\",\"potentialAction\":[{\"@type\":\"CommentAction\",\"name\":\"Comment\",\"target\":[\"https:\\\/\\\/lavocedelpaese.info\\\/index.php\\\/2024\\\/06\\\/12\\\/preoccupazione-per-i-crediti-delle-aziende-dellindotto-ex-ilva\\\/#respond\"]}]},{\"@type\":\"WebPage\",\"@id\":\"https:\\\/\\\/lavocedelpaese.info\\\/index.php\\\/2024\\\/06\\\/12\\\/preoccupazione-per-i-crediti-delle-aziende-dellindotto-ex-ilva\\\/\",\"url\":\"https:\\\/\\\/lavocedelpaese.info\\\/index.php\\\/2024\\\/06\\\/12\\\/preoccupazione-per-i-crediti-delle-aziende-dellindotto-ex-ilva\\\/\",\"name\":\"Preoccupazione per i crediti delle aziende dell'indotto Ex Ilva - La Voce del Paese\",\"isPartOf\":{\"@id\":\"https:\\\/\\\/lavocedelpaese.info\\\/#website\"},\"primaryImageOfPage\":{\"@id\":\"https:\\\/\\\/lavocedelpaese.info\\\/index.php\\\/2024\\\/06\\\/12\\\/preoccupazione-per-i-crediti-delle-aziende-dellindotto-ex-ilva\\\/#primaryimage\"},\"image\":{\"@id\":\"https:\\\/\\\/lavocedelpaese.info\\\/index.php\\\/2024\\\/06\\\/12\\\/preoccupazione-per-i-crediti-delle-aziende-dellindotto-ex-ilva\\\/#primaryimage\"},\"thumbnailUrl\":\"https:\\\/\\\/lavocedelpaese.info\\\/wp-content\\\/uploads\\\/2024\\\/06\\\/ilva.jpg\",\"datePublished\":\"2024-06-12T22:55:13+00:00\",\"dateModified\":\"2024-06-12T22:55:14+00:00\",\"breadcrumb\":{\"@id\":\"https:\\\/\\\/lavocedelpaese.info\\\/index.php\\\/2024\\\/06\\\/12\\\/preoccupazione-per-i-crediti-delle-aziende-dellindotto-ex-ilva\\\/#breadcrumb\"},\"inLanguage\":\"it-IT\",\"potentialAction\":[{\"@type\":\"ReadAction\",\"target\":[\"https:\\\/\\\/lavocedelpaese.info\\\/index.php\\\/2024\\\/06\\\/12\\\/preoccupazione-per-i-crediti-delle-aziende-dellindotto-ex-ilva\\\/\"]}]},{\"@type\":\"ImageObject\",\"inLanguage\":\"it-IT\",\"@id\":\"https:\\\/\\\/lavocedelpaese.info\\\/index.php\\\/2024\\\/06\\\/12\\\/preoccupazione-per-i-crediti-delle-aziende-dellindotto-ex-ilva\\\/#primaryimage\",\"url\":\"https:\\\/\\\/lavocedelpaese.info\\\/wp-content\\\/uploads\\\/2024\\\/06\\\/ilva.jpg\",\"contentUrl\":\"https:\\\/\\\/lavocedelpaese.info\\\/wp-content\\\/uploads\\\/2024\\\/06\\\/ilva.jpg\",\"width\":1000,\"height\":563},{\"@type\":\"BreadcrumbList\",\"@id\":\"https:\\\/\\\/lavocedelpaese.info\\\/index.php\\\/2024\\\/06\\\/12\\\/preoccupazione-per-i-crediti-delle-aziende-dellindotto-ex-ilva\\\/#breadcrumb\",\"itemListElement\":[{\"@type\":\"ListItem\",\"position\":1,\"name\":\"Home\",\"item\":\"https:\\\/\\\/lavocedelpaese.info\\\/\"},{\"@type\":\"ListItem\",\"position\":2,\"name\":\"Preoccupazione per i crediti delle aziende dell&#8217;indotto Ex Ilva\"}]},{\"@type\":\"WebSite\",\"@id\":\"https:\\\/\\\/lavocedelpaese.info\\\/#website\",\"url\":\"https:\\\/\\\/lavocedelpaese.info\\\/\",\"name\":\"La Voce del Paese\",\"description\":\"Un network di idee\",\"publisher\":{\"@id\":\"https:\\\/\\\/lavocedelpaese.info\\\/#organization\"},\"potentialAction\":[{\"@type\":\"SearchAction\",\"target\":{\"@type\":\"EntryPoint\",\"urlTemplate\":\"https:\\\/\\\/lavocedelpaese.info\\\/?s={search_term_string}\"},\"query-input\":{\"@type\":\"PropertyValueSpecification\",\"valueRequired\":true,\"valueName\":\"search_term_string\"}}],\"inLanguage\":\"it-IT\"},{\"@type\":\"Organization\",\"@id\":\"https:\\\/\\\/lavocedelpaese.info\\\/#organization\",\"name\":\"La Voce del Paese\",\"url\":\"https:\\\/\\\/lavocedelpaese.info\\\/\",\"logo\":{\"@type\":\"ImageObject\",\"inLanguage\":\"it-IT\",\"@id\":\"https:\\\/\\\/lavocedelpaese.info\\\/#\\\/schema\\\/logo\\\/image\\\/\",\"url\":\"https:\\\/\\\/lavocedelpaese.info\\\/wp-content\\\/uploads\\\/2023\\\/01\\\/cropped-logo-150-127.png\",\"contentUrl\":\"https:\\\/\\\/lavocedelpaese.info\\\/wp-content\\\/uploads\\\/2023\\\/01\\\/cropped-logo-150-127.png\",\"width\":137,\"height\":119,\"caption\":\"La Voce del Paese\"},\"image\":{\"@id\":\"https:\\\/\\\/lavocedelpaese.info\\\/#\\\/schema\\\/logo\\\/image\\\/\"},\"sameAs\":[\"https:\\\/\\\/www.facebook.com\\\/lavocedelpaese.info\"]},{\"@type\":\"Person\",\"@id\":\"https:\\\/\\\/lavocedelpaese.info\\\/#\\\/schema\\\/person\\\/ec151d321306bd7591f7a061abf72d88\",\"name\":\"admin\",\"image\":{\"@type\":\"ImageObject\",\"inLanguage\":\"it-IT\",\"@id\":\"https:\\\/\\\/secure.gravatar.com\\\/avatar\\\/af8f2caf0663124588de48a9380e07cbc95a74ef15b8062d0d39106c32fe3023?s=96&d=mm&r=g\",\"url\":\"https:\\\/\\\/secure.gravatar.com\\\/avatar\\\/af8f2caf0663124588de48a9380e07cbc95a74ef15b8062d0d39106c32fe3023?s=96&d=mm&r=g\",\"contentUrl\":\"https:\\\/\\\/secure.gravatar.com\\\/avatar\\\/af8f2caf0663124588de48a9380e07cbc95a74ef15b8062d0d39106c32fe3023?s=96&d=mm&r=g\",\"caption\":\"admin\"},\"sameAs\":[\"https:\\\/\\\/lavocedelpaese.info\"],\"url\":\"https:\\\/\\\/lavocedelpaese.info\\\/index.php\\\/author\\\/admin\\\/\"}]}<\/script>\n<!-- \/ Yoast SEO plugin. -->","yoast_head_json":{"title":"Preoccupazione per i crediti delle aziende dell'indotto Ex Ilva - La Voce del Paese","robots":{"index":"index","follow":"follow","max-snippet":"max-snippet:-1","max-image-preview":"max-image-preview:large","max-video-preview":"max-video-preview:-1"},"canonical":"https:\/\/lavocedelpaese.info\/index.php\/2024\/06\/12\/preoccupazione-per-i-crediti-delle-aziende-dellindotto-ex-ilva\/","og_locale":"it_IT","og_type":"article","og_title":"Preoccupazione per i crediti delle aziende dell'indotto Ex Ilva - La Voce del Paese","og_description":"L&#8217;Associazione delle aziende dell&#8217;indotto ex Ilva (Aigi) esprime preoccupazione per i crediti non saldati verso Acciaierie d&#8217;Italia, precedentemente ex Ilva.","og_url":"https:\/\/lavocedelpaese.info\/index.php\/2024\/06\/12\/preoccupazione-per-i-crediti-delle-aziende-dellindotto-ex-ilva\/","og_site_name":"La Voce del Paese","article_publisher":"https:\/\/www.facebook.com\/lavocedelpaese.info","article_published_time":"2024-06-12T22:55:13+00:00","article_modified_time":"2024-06-12T22:55:14+00:00","og_image":[{"width":1000,"height":563,"url":"https:\/\/lavocedelpaese.info\/wp-content\/uploads\/2024\/06\/ilva.jpg","type":"image\/jpeg"}],"author":"admin","twitter_card":"summary_large_image","twitter_misc":{"Scritto da":"admin","Tempo di lettura stimato":"6 minuti"},"schema":{"@context":"https:\/\/schema.org","@graph":[{"@type":"Article","@id":"https:\/\/lavocedelpaese.info\/index.php\/2024\/06\/12\/preoccupazione-per-i-crediti-delle-aziende-dellindotto-ex-ilva\/#article","isPartOf":{"@id":"https:\/\/lavocedelpaese.info\/index.php\/2024\/06\/12\/preoccupazione-per-i-crediti-delle-aziende-dellindotto-ex-ilva\/"},"author":{"name":"admin","@id":"https:\/\/lavocedelpaese.info\/#\/schema\/person\/ec151d321306bd7591f7a061abf72d88"},"headline":"Preoccupazione per i crediti delle aziende dell&#8217;indotto Ex Ilva","datePublished":"2024-06-12T22:55:13+00:00","dateModified":"2024-06-12T22:55:14+00:00","mainEntityOfPage":{"@id":"https:\/\/lavocedelpaese.info\/index.php\/2024\/06\/12\/preoccupazione-per-i-crediti-delle-aziende-dellindotto-ex-ilva\/"},"wordCount":974,"commentCount":0,"publisher":{"@id":"https:\/\/lavocedelpaese.info\/#organization"},"image":{"@id":"https:\/\/lavocedelpaese.info\/index.php\/2024\/06\/12\/preoccupazione-per-i-crediti-delle-aziende-dellindotto-ex-ilva\/#primaryimage"},"thumbnailUrl":"https:\/\/lavocedelpaese.info\/wp-content\/uploads\/2024\/06\/ilva.jpg","articleSection":["Attualit\u00e0"],"inLanguage":"it-IT","potentialAction":[{"@type":"CommentAction","name":"Comment","target":["https:\/\/lavocedelpaese.info\/index.php\/2024\/06\/12\/preoccupazione-per-i-crediti-delle-aziende-dellindotto-ex-ilva\/#respond"]}]},{"@type":"WebPage","@id":"https:\/\/lavocedelpaese.info\/index.php\/2024\/06\/12\/preoccupazione-per-i-crediti-delle-aziende-dellindotto-ex-ilva\/","url":"https:\/\/lavocedelpaese.info\/index.php\/2024\/06\/12\/preoccupazione-per-i-crediti-delle-aziende-dellindotto-ex-ilva\/","name":"Preoccupazione per i crediti delle aziende dell'indotto Ex Ilva - La Voce del Paese","isPartOf":{"@id":"https:\/\/lavocedelpaese.info\/#website"},"primaryImageOfPage":{"@id":"https:\/\/lavocedelpaese.info\/index.php\/2024\/06\/12\/preoccupazione-per-i-crediti-delle-aziende-dellindotto-ex-ilva\/#primaryimage"},"image":{"@id":"https:\/\/lavocedelpaese.info\/index.php\/2024\/06\/12\/preoccupazione-per-i-crediti-delle-aziende-dellindotto-ex-ilva\/#primaryimage"},"thumbnailUrl":"https:\/\/lavocedelpaese.info\/wp-content\/uploads\/2024\/06\/ilva.jpg","datePublished":"2024-06-12T22:55:13+00:00","dateModified":"2024-06-12T22:55:14+00:00","breadcrumb":{"@id":"https:\/\/lavocedelpaese.info\/index.php\/2024\/06\/12\/preoccupazione-per-i-crediti-delle-aziende-dellindotto-ex-ilva\/#breadcrumb"},"inLanguage":"it-IT","potentialAction":[{"@type":"ReadAction","target":["https:\/\/lavocedelpaese.info\/index.php\/2024\/06\/12\/preoccupazione-per-i-crediti-delle-aziende-dellindotto-ex-ilva\/"]}]},{"@type":"ImageObject","inLanguage":"it-IT","@id":"https:\/\/lavocedelpaese.info\/index.php\/2024\/06\/12\/preoccupazione-per-i-crediti-delle-aziende-dellindotto-ex-ilva\/#primaryimage","url":"https:\/\/lavocedelpaese.info\/wp-content\/uploads\/2024\/06\/ilva.jpg","contentUrl":"https:\/\/lavocedelpaese.info\/wp-content\/uploads\/2024\/06\/ilva.jpg","width":1000,"height":563},{"@type":"BreadcrumbList","@id":"https:\/\/lavocedelpaese.info\/index.php\/2024\/06\/12\/preoccupazione-per-i-crediti-delle-aziende-dellindotto-ex-ilva\/#breadcrumb","itemListElement":[{"@type":"ListItem","position":1,"name":"Home","item":"https:\/\/lavocedelpaese.info\/"},{"@type":"ListItem","position":2,"name":"Preoccupazione per i crediti delle aziende dell&#8217;indotto Ex Ilva"}]},{"@type":"WebSite","@id":"https:\/\/lavocedelpaese.info\/#website","url":"https:\/\/lavocedelpaese.info\/","name":"La Voce del Paese","description":"Un network di idee","publisher":{"@id":"https:\/\/lavocedelpaese.info\/#organization"},"potentialAction":[{"@type":"SearchAction","target":{"@type":"EntryPoint","urlTemplate":"https:\/\/lavocedelpaese.info\/?s={search_term_string}"},"query-input":{"@type":"PropertyValueSpecification","valueRequired":true,"valueName":"search_term_string"}}],"inLanguage":"it-IT"},{"@type":"Organization","@id":"https:\/\/lavocedelpaese.info\/#organization","name":"La Voce del Paese","url":"https:\/\/lavocedelpaese.info\/","logo":{"@type":"ImageObject","inLanguage":"it-IT","@id":"https:\/\/lavocedelpaese.info\/#\/schema\/logo\/image\/","url":"https:\/\/lavocedelpaese.info\/wp-content\/uploads\/2023\/01\/cropped-logo-150-127.png","contentUrl":"https:\/\/lavocedelpaese.info\/wp-content\/uploads\/2023\/01\/cropped-logo-150-127.png","width":137,"height":119,"caption":"La Voce del Paese"},"image":{"@id":"https:\/\/lavocedelpaese.info\/#\/schema\/logo\/image\/"},"sameAs":["https:\/\/www.facebook.com\/lavocedelpaese.info"]},{"@type":"Person","@id":"https:\/\/lavocedelpaese.info\/#\/schema\/person\/ec151d321306bd7591f7a061abf72d88","name":"admin","image":{"@type":"ImageObject","inLanguage":"it-IT","@id":"https:\/\/secure.gravatar.com\/avatar\/af8f2caf0663124588de48a9380e07cbc95a74ef15b8062d0d39106c32fe3023?s=96&d=mm&r=g","url":"https:\/\/secure.gravatar.com\/avatar\/af8f2caf0663124588de48a9380e07cbc95a74ef15b8062d0d39106c32fe3023?s=96&d=mm&r=g","contentUrl":"https:\/\/secure.gravatar.com\/avatar\/af8f2caf0663124588de48a9380e07cbc95a74ef15b8062d0d39106c32fe3023?s=96&d=mm&r=g","caption":"admin"},"sameAs":["https:\/\/lavocedelpaese.info"],"url":"https:\/\/lavocedelpaese.info\/index.php\/author\/admin\/"}]}},"_links":{"self":[{"href":"https:\/\/lavocedelpaese.info\/index.php\/wp-json\/wp\/v2\/posts\/2300","targetHints":{"allow":["GET"]}}],"collection":[{"href":"https:\/\/lavocedelpaese.info\/index.php\/wp-json\/wp\/v2\/posts"}],"about":[{"href":"https:\/\/lavocedelpaese.info\/index.php\/wp-json\/wp\/v2\/types\/post"}],"author":[{"embeddable":true,"href":"https:\/\/lavocedelpaese.info\/index.php\/wp-json\/wp\/v2\/users\/6"}],"replies":[{"embeddable":true,"href":"https:\/\/lavocedelpaese.info\/index.php\/wp-json\/wp\/v2\/comments?post=2300"}],"version-history":[{"count":1,"href":"https:\/\/lavocedelpaese.info\/index.php\/wp-json\/wp\/v2\/posts\/2300\/revisions"}],"predecessor-version":[{"id":2302,"href":"https:\/\/lavocedelpaese.info\/index.php\/wp-json\/wp\/v2\/posts\/2300\/revisions\/2302"}],"wp:featuredmedia":[{"embeddable":true,"href":"https:\/\/lavocedelpaese.info\/index.php\/wp-json\/wp\/v2\/media\/2301"}],"wp:attachment":[{"href":"https:\/\/lavocedelpaese.info\/index.php\/wp-json\/wp\/v2\/media?parent=2300"}],"wp:term":[{"taxonomy":"category","embeddable":true,"href":"https:\/\/lavocedelpaese.info\/index.php\/wp-json\/wp\/v2\/categories?post=2300"},{"taxonomy":"post_tag","embeddable":true,"href":"https:\/\/lavocedelpaese.info\/index.php\/wp-json\/wp\/v2\/tags?post=2300"}],"curies":[{"name":"wp","href":"https:\/\/api.w.org\/{rel}","templated":true}]}}