{"id":2294,"date":"2024-06-12T22:50:41","date_gmt":"2024-06-12T22:50:41","guid":{"rendered":"https:\/\/lavocedelpaese.info\/?p=2294"},"modified":"2024-06-12T22:50:43","modified_gmt":"2024-06-12T22:50:43","slug":"antonio-decaro-il-piu-votato-nelle-elezioni-europee-2024-in-provincia-di-foggia","status":"publish","type":"post","link":"https:\/\/lavocedelpaese.info\/index.php\/2024\/06\/12\/antonio-decaro-il-piu-votato-nelle-elezioni-europee-2024-in-provincia-di-foggia\/","title":{"rendered":"Antonio Decaro il pi\u00f9 votato nelle Elezioni Europee 2024 in provincia di Foggia"},"content":{"rendered":"\n<p>Antonio Decaro, sindaco di Bari e candidato del Partito Democratico, \u00e8 stato il pi\u00f9 votato nelle elezioni europee nella provincia di Foggia, ricevendo 29.940 preferenze. In tutta la Circoscrizione Meridionale ha ottenuto quasi 500.000 voti, appena sotto la premier Giorgia Meloni. Decaro ha promesso di continuare il suo impegno come &#8220;sindaco&#8221; di una comunit\u00e0 pi\u00f9 ampia. La comunit\u00e0 Dem di Capitanata ha celebrato il successo dopo una campagna elettorale capillare. Meloni si \u00e8 piazzata al secondo posto con 22.807 voti, seguita dall&#8217;europarlamentare uscente del M5S Mario Furore con 16.025 preferenze. Tra gli altri candidati, Lucia Annunziata del PD ha ricevuto 10.166 voti, Paolo Dell\u2019Erba di Forza Italia 7.756, Pina Picierno del PD 5.742 e Francesco Ventola di Fratelli d\u2019Italia 5.406. Roberto Vannacci della Lega ha ottenuto 3.438 voti. Nella citt\u00e0 di Foggia, Furore \u00e8 stato il pi\u00f9 votato con 7.365 preferenze, seguito da Decaro e Meloni. Decaro \u00e8 stato il pi\u00f9 votato anche a Cerignola, Manfredonia e San Severo.<\/p>\n\n\n\n<p>La schiacciante vittoria di Antonio Decaro nelle elezioni europee del 2024 nella provincia di Foggia, con 29.940 preferenze, rappresenta un fenomeno politico di grande rilievo, con implicazioni significative sia a livello locale che nazionale. Decaro, sindaco di Bari e candidato nella lista del Partito Democratico (PD), ha ottenuto quasi 500.000 voti in tutta la Circoscrizione Meridionale, superato solo dalla premier Giorgia Meloni. Questo risultato non solo rafforza la posizione del PD nel sud Italia, ma suggerisce anche un cambiamento nelle dinamiche politiche locali e regionali. Il successo di Decaro, che ha promesso di continuare ad essere \u201cil sindaco\u201d di una comunit\u00e0 pi\u00f9 allargata, riflette la sua capacit\u00e0 di attrarre consensi al di l\u00e0 dei confini della sua citt\u00e0 natale, Bari, e di consolidare una base elettorale ampia e diversificata.<\/p>\n\n\n\n<p>A livello locale, la vittoria di Decaro ha diverse implicazioni. Innanzitutto, rafforza la presenza del PD nella provincia di Foggia, una regione storicamente complessa dal punto di vista politico. Questo successo potrebbe tradursi in una maggiore capacit\u00e0 di influenzare le decisioni amministrative e politiche locali, favorendo un&#8217;agenda progressista incentrata su temi come lo sviluppo economico, l&#8217;inclusione sociale e la sostenibilit\u00e0 ambientale. Inoltre, il fatto che la comunit\u00e0 Dem di Capitanata abbia festeggiato il successo con entusiasmo, evidenzia l&#8217;efficacia di una campagna elettorale condotta con grande impegno, casa per casa e strada per strada. Questo approccio capillare e diretto ha probabilmente contribuito a rafforzare il legame tra i candidati e gli elettori, favorendo un senso di comunit\u00e0 e appartenenza che potrebbe rivelarsi cruciale per il futuro politico del PD nella regione.<\/p>\n\n\n\n<p>A livello nazionale, il successo di Decaro ha implicazioni altrettanto rilevanti. Innanzitutto, consolida la posizione del PD come forza politica dominante nel sud Italia, contrastando l&#8217;ascesa di altri movimenti politici, come il Movimento 5 Stelle (M5S) e Fratelli d\u2019Italia (FdI). Questo risultato potrebbe influenzare le strategie elettorali del PD a livello nazionale, incoraggiando una maggiore attenzione verso le regioni meridionali e una focalizzazione su temi e politiche che rispondano alle esigenze specifiche di queste aree. Inoltre, la vicinanza di Decaro alla premier Meloni in termini di preferenze ottenute nella Circoscrizione Meridionale, suggerisce una competizione serrata tra le principali forze politiche del paese, con il PD che si posiziona come un&#8217;alternativa credibile e competitiva al governo in carica.<\/p>\n\n\n\n<p>L&#8217;esito delle elezioni europee a Foggia e nella Circoscrizione Meridionale riflette anche le dinamiche interne al PD. La capacit\u00e0 di Decaro di ottenere un cos\u00ec alto numero di preferenze indica un forte sostegno interno e una leadership consolidata. Questo potrebbe avere ripercussioni sulle dinamiche di potere all&#8217;interno del partito, rafforzando la posizione di Decaro e dei suoi sostenitori. Inoltre, il successo di altri candidati del PD, come Lucia Annunziata e Pina Picierno, seppur con numeri inferiori, contribuisce a consolidare una squadra di rappresentanti competenti e rispettati, in grado di portare avanti l&#8217;agenda del partito a livello europeo.<\/p>\n\n\n\n<p>Le implicazioni politiche del risultato elettorale si estendono anche agli altri partiti. Giorgia Meloni, che ha ottenuto il secondo posto con 22.807 voti, continua a dimostrare una forte presenza nella regione, ma il fatto che sia stata superata da Decaro suggerisce che Fratelli d\u2019Italia potrebbe dover rivedere le sue strategie per consolidare e aumentare il suo consenso nel sud Italia. Mario Furore del M5S, che ha ottenuto 16.025 preferenze, mostra un solido supporto, ma il distacco rispetto a Decaro indica che il movimento deve affrontare delle sfide per riconquistare terreno.<\/p>\n\n\n\n<p>Anche la performance di altri candidati offre spunti di riflessione. Il consigliere regionale di Forza Italia, Paolo Dell\u2019Erba, con 7.756 voti, e Francesco Ventola di Fratelli d\u2019Italia, con 5.406 voti, mostrano che c&#8217;\u00e8 ancora una significativa base elettorale per i partiti di centro-destra, anche se non sufficientemente forte da competere con il PD in questa occasione. La Lega, rappresentata da Roberto Vannacci con 3.438 voti, non riesce a sfondare nella provincia di Foggia, evidenziando una difficolt\u00e0 del partito a radicarsi in modo significativo nelle regioni meridionali.<\/p>\n\n\n\n<p>Le implicazioni politiche del risultato elettorale a livello europeo sono altrettanto importanti. La forte performance di Decaro potrebbe tradursi in un maggiore peso politico per il PD nelle istituzioni europee, permettendo al partito di influenzare pi\u00f9 efficacemente le politiche dell&#8217;Unione Europea in settori chiave come lo sviluppo regionale, la coesione sociale e le politiche migratorie. La capacit\u00e0 di attrarre voti in una regione come la provincia di Foggia, storicamente sfidata da problemi economici e sociali, fornisce al PD una piattaforma solida per promuovere politiche europee che rispondano alle esigenze delle regioni meno sviluppate.<\/p>\n\n\n\n<p>In conclusione, la vittoria di Antonio Decaro nelle elezioni europee nella provincia di Foggia rappresenta un evento significativo con implicazioni politiche profonde. Rafforza la posizione del PD a livello locale e nazionale, suggerisce un cambiamento nelle dinamiche politiche regionali e offre un modello di campagna elettorale efficace basata sul contatto diretto con gli elettori. A livello nazionale, consolida la posizione del PD come forza politica dominante nel sud Italia e suggerisce strategie future per il partito. A livello europeo, aumenta il peso politico del PD, permettendo al partito di influenzare le politiche dell&#8217;UE in modo pi\u00f9 efficace. Questo successo rappresenta non solo una vittoria elettorale, ma anche un&#8217;opportunit\u00e0 per il PD di rafforzare la sua posizione e promuovere un&#8217;agenda progressista e inclusiva.<\/p>\n","protected":false},"excerpt":{"rendered":"<p>Antonio Decaro, sindaco di Bari e candidato del Partito Democratico, \u00e8 stato il pi\u00f9 votato nelle elezioni europee nella provincia<\/p>\n","protected":false},"author":6,"featured_media":2295,"comment_status":"open","ping_status":"closed","sticky":false,"template":"","format":"standard","meta":{"colormag_page_container_layout":"default_layout","colormag_page_sidebar_layout":"default_layout","footnotes":""},"categories":[33,3],"tags":[],"class_list":["post-2294","post","type-post","status-publish","format-standard","has-post-thumbnail","hentry","category-network","category-politica"],"yoast_head":"<!-- This site is optimized with the Yoast SEO plugin v27.5 - https:\/\/yoast.com\/product\/yoast-seo-wordpress\/ -->\n<title>Antonio Decaro il pi\u00f9 votato nelle Elezioni Europee 2024 in provincia di Foggia - La Voce del Paese<\/title>\n<meta name=\"robots\" content=\"index, follow, max-snippet:-1, max-image-preview:large, max-video-preview:-1\" \/>\n<link rel=\"canonical\" href=\"https:\/\/lavocedelpaese.info\/index.php\/2024\/06\/12\/antonio-decaro-il-piu-votato-nelle-elezioni-europee-2024-in-provincia-di-foggia\/\" \/>\n<meta property=\"og:locale\" content=\"it_IT\" \/>\n<meta property=\"og:type\" content=\"article\" \/>\n<meta property=\"og:title\" content=\"Antonio Decaro il pi\u00f9 votato nelle Elezioni Europee 2024 in provincia di Foggia - La Voce del Paese\" \/>\n<meta property=\"og:description\" content=\"Antonio Decaro, sindaco di Bari e candidato del Partito Democratico, \u00e8 stato il pi\u00f9 votato nelle elezioni europee nella provincia\" \/>\n<meta property=\"og:url\" content=\"https:\/\/lavocedelpaese.info\/index.php\/2024\/06\/12\/antonio-decaro-il-piu-votato-nelle-elezioni-europee-2024-in-provincia-di-foggia\/\" \/>\n<meta property=\"og:site_name\" content=\"La Voce del Paese\" \/>\n<meta property=\"article:publisher\" content=\"https:\/\/www.facebook.com\/lavocedelpaese.info\" \/>\n<meta property=\"article:published_time\" content=\"2024-06-12T22:50:41+00:00\" \/>\n<meta property=\"article:modified_time\" content=\"2024-06-12T22:50:43+00:00\" \/>\n<meta property=\"og:image\" content=\"https:\/\/lavocedelpaese.info\/wp-content\/uploads\/2024\/06\/decaro.jpg\" \/>\n\t<meta property=\"og:image:width\" content=\"1000\" \/>\n\t<meta property=\"og:image:height\" content=\"563\" \/>\n\t<meta property=\"og:image:type\" content=\"image\/jpeg\" \/>\n<meta name=\"author\" content=\"admin\" \/>\n<meta name=\"twitter:card\" content=\"summary_large_image\" \/>\n<meta name=\"twitter:label1\" content=\"Scritto da\" \/>\n\t<meta name=\"twitter:data1\" content=\"admin\" \/>\n\t<meta name=\"twitter:label2\" content=\"Tempo di lettura stimato\" \/>\n\t<meta name=\"twitter:data2\" content=\"6 minuti\" \/>\n<script type=\"application\/ld+json\" class=\"yoast-schema-graph\">{\"@context\":\"https:\\\/\\\/schema.org\",\"@graph\":[{\"@type\":\"Article\",\"@id\":\"https:\\\/\\\/lavocedelpaese.info\\\/index.php\\\/2024\\\/06\\\/12\\\/antonio-decaro-il-piu-votato-nelle-elezioni-europee-2024-in-provincia-di-foggia\\\/#article\",\"isPartOf\":{\"@id\":\"https:\\\/\\\/lavocedelpaese.info\\\/index.php\\\/2024\\\/06\\\/12\\\/antonio-decaro-il-piu-votato-nelle-elezioni-europee-2024-in-provincia-di-foggia\\\/\"},\"author\":{\"name\":\"admin\",\"@id\":\"https:\\\/\\\/lavocedelpaese.info\\\/#\\\/schema\\\/person\\\/ec151d321306bd7591f7a061abf72d88\"},\"headline\":\"Antonio Decaro il pi\u00f9 votato nelle Elezioni Europee 2024 in provincia di Foggia\",\"datePublished\":\"2024-06-12T22:50:41+00:00\",\"dateModified\":\"2024-06-12T22:50:43+00:00\",\"mainEntityOfPage\":{\"@id\":\"https:\\\/\\\/lavocedelpaese.info\\\/index.php\\\/2024\\\/06\\\/12\\\/antonio-decaro-il-piu-votato-nelle-elezioni-europee-2024-in-provincia-di-foggia\\\/\"},\"wordCount\":1034,\"commentCount\":0,\"publisher\":{\"@id\":\"https:\\\/\\\/lavocedelpaese.info\\\/#organization\"},\"image\":{\"@id\":\"https:\\\/\\\/lavocedelpaese.info\\\/index.php\\\/2024\\\/06\\\/12\\\/antonio-decaro-il-piu-votato-nelle-elezioni-europee-2024-in-provincia-di-foggia\\\/#primaryimage\"},\"thumbnailUrl\":\"https:\\\/\\\/lavocedelpaese.info\\\/wp-content\\\/uploads\\\/2024\\\/06\\\/decaro.jpg\",\"articleSection\":[\"network\",\"Politica\"],\"inLanguage\":\"it-IT\",\"potentialAction\":[{\"@type\":\"CommentAction\",\"name\":\"Comment\",\"target\":[\"https:\\\/\\\/lavocedelpaese.info\\\/index.php\\\/2024\\\/06\\\/12\\\/antonio-decaro-il-piu-votato-nelle-elezioni-europee-2024-in-provincia-di-foggia\\\/#respond\"]}]},{\"@type\":\"WebPage\",\"@id\":\"https:\\\/\\\/lavocedelpaese.info\\\/index.php\\\/2024\\\/06\\\/12\\\/antonio-decaro-il-piu-votato-nelle-elezioni-europee-2024-in-provincia-di-foggia\\\/\",\"url\":\"https:\\\/\\\/lavocedelpaese.info\\\/index.php\\\/2024\\\/06\\\/12\\\/antonio-decaro-il-piu-votato-nelle-elezioni-europee-2024-in-provincia-di-foggia\\\/\",\"name\":\"Antonio Decaro il pi\u00f9 votato nelle Elezioni Europee 2024 in provincia di Foggia - La Voce del Paese\",\"isPartOf\":{\"@id\":\"https:\\\/\\\/lavocedelpaese.info\\\/#website\"},\"primaryImageOfPage\":{\"@id\":\"https:\\\/\\\/lavocedelpaese.info\\\/index.php\\\/2024\\\/06\\\/12\\\/antonio-decaro-il-piu-votato-nelle-elezioni-europee-2024-in-provincia-di-foggia\\\/#primaryimage\"},\"image\":{\"@id\":\"https:\\\/\\\/lavocedelpaese.info\\\/index.php\\\/2024\\\/06\\\/12\\\/antonio-decaro-il-piu-votato-nelle-elezioni-europee-2024-in-provincia-di-foggia\\\/#primaryimage\"},\"thumbnailUrl\":\"https:\\\/\\\/lavocedelpaese.info\\\/wp-content\\\/uploads\\\/2024\\\/06\\\/decaro.jpg\",\"datePublished\":\"2024-06-12T22:50:41+00:00\",\"dateModified\":\"2024-06-12T22:50:43+00:00\",\"breadcrumb\":{\"@id\":\"https:\\\/\\\/lavocedelpaese.info\\\/index.php\\\/2024\\\/06\\\/12\\\/antonio-decaro-il-piu-votato-nelle-elezioni-europee-2024-in-provincia-di-foggia\\\/#breadcrumb\"},\"inLanguage\":\"it-IT\",\"potentialAction\":[{\"@type\":\"ReadAction\",\"target\":[\"https:\\\/\\\/lavocedelpaese.info\\\/index.php\\\/2024\\\/06\\\/12\\\/antonio-decaro-il-piu-votato-nelle-elezioni-europee-2024-in-provincia-di-foggia\\\/\"]}]},{\"@type\":\"ImageObject\",\"inLanguage\":\"it-IT\",\"@id\":\"https:\\\/\\\/lavocedelpaese.info\\\/index.php\\\/2024\\\/06\\\/12\\\/antonio-decaro-il-piu-votato-nelle-elezioni-europee-2024-in-provincia-di-foggia\\\/#primaryimage\",\"url\":\"https:\\\/\\\/lavocedelpaese.info\\\/wp-content\\\/uploads\\\/2024\\\/06\\\/decaro.jpg\",\"contentUrl\":\"https:\\\/\\\/lavocedelpaese.info\\\/wp-content\\\/uploads\\\/2024\\\/06\\\/decaro.jpg\",\"width\":1000,\"height\":563},{\"@type\":\"BreadcrumbList\",\"@id\":\"https:\\\/\\\/lavocedelpaese.info\\\/index.php\\\/2024\\\/06\\\/12\\\/antonio-decaro-il-piu-votato-nelle-elezioni-europee-2024-in-provincia-di-foggia\\\/#breadcrumb\",\"itemListElement\":[{\"@type\":\"ListItem\",\"position\":1,\"name\":\"Home\",\"item\":\"https:\\\/\\\/lavocedelpaese.info\\\/\"},{\"@type\":\"ListItem\",\"position\":2,\"name\":\"Antonio Decaro il pi\u00f9 votato nelle Elezioni Europee 2024 in provincia di Foggia\"}]},{\"@type\":\"WebSite\",\"@id\":\"https:\\\/\\\/lavocedelpaese.info\\\/#website\",\"url\":\"https:\\\/\\\/lavocedelpaese.info\\\/\",\"name\":\"La Voce del Paese\",\"description\":\"Un network di idee\",\"publisher\":{\"@id\":\"https:\\\/\\\/lavocedelpaese.info\\\/#organization\"},\"potentialAction\":[{\"@type\":\"SearchAction\",\"target\":{\"@type\":\"EntryPoint\",\"urlTemplate\":\"https:\\\/\\\/lavocedelpaese.info\\\/?s={search_term_string}\"},\"query-input\":{\"@type\":\"PropertyValueSpecification\",\"valueRequired\":true,\"valueName\":\"search_term_string\"}}],\"inLanguage\":\"it-IT\"},{\"@type\":\"Organization\",\"@id\":\"https:\\\/\\\/lavocedelpaese.info\\\/#organization\",\"name\":\"La Voce del Paese\",\"url\":\"https:\\\/\\\/lavocedelpaese.info\\\/\",\"logo\":{\"@type\":\"ImageObject\",\"inLanguage\":\"it-IT\",\"@id\":\"https:\\\/\\\/lavocedelpaese.info\\\/#\\\/schema\\\/logo\\\/image\\\/\",\"url\":\"https:\\\/\\\/lavocedelpaese.info\\\/wp-content\\\/uploads\\\/2023\\\/01\\\/cropped-logo-150-127.png\",\"contentUrl\":\"https:\\\/\\\/lavocedelpaese.info\\\/wp-content\\\/uploads\\\/2023\\\/01\\\/cropped-logo-150-127.png\",\"width\":137,\"height\":119,\"caption\":\"La Voce del Paese\"},\"image\":{\"@id\":\"https:\\\/\\\/lavocedelpaese.info\\\/#\\\/schema\\\/logo\\\/image\\\/\"},\"sameAs\":[\"https:\\\/\\\/www.facebook.com\\\/lavocedelpaese.info\"]},{\"@type\":\"Person\",\"@id\":\"https:\\\/\\\/lavocedelpaese.info\\\/#\\\/schema\\\/person\\\/ec151d321306bd7591f7a061abf72d88\",\"name\":\"admin\",\"image\":{\"@type\":\"ImageObject\",\"inLanguage\":\"it-IT\",\"@id\":\"https:\\\/\\\/secure.gravatar.com\\\/avatar\\\/af8f2caf0663124588de48a9380e07cbc95a74ef15b8062d0d39106c32fe3023?s=96&d=mm&r=g\",\"url\":\"https:\\\/\\\/secure.gravatar.com\\\/avatar\\\/af8f2caf0663124588de48a9380e07cbc95a74ef15b8062d0d39106c32fe3023?s=96&d=mm&r=g\",\"contentUrl\":\"https:\\\/\\\/secure.gravatar.com\\\/avatar\\\/af8f2caf0663124588de48a9380e07cbc95a74ef15b8062d0d39106c32fe3023?s=96&d=mm&r=g\",\"caption\":\"admin\"},\"sameAs\":[\"https:\\\/\\\/lavocedelpaese.info\"],\"url\":\"https:\\\/\\\/lavocedelpaese.info\\\/index.php\\\/author\\\/admin\\\/\"}]}<\/script>\n<!-- \/ Yoast SEO plugin. -->","yoast_head_json":{"title":"Antonio Decaro il pi\u00f9 votato nelle Elezioni Europee 2024 in provincia di Foggia - La Voce del Paese","robots":{"index":"index","follow":"follow","max-snippet":"max-snippet:-1","max-image-preview":"max-image-preview:large","max-video-preview":"max-video-preview:-1"},"canonical":"https:\/\/lavocedelpaese.info\/index.php\/2024\/06\/12\/antonio-decaro-il-piu-votato-nelle-elezioni-europee-2024-in-provincia-di-foggia\/","og_locale":"it_IT","og_type":"article","og_title":"Antonio Decaro il pi\u00f9 votato nelle Elezioni Europee 2024 in provincia di Foggia - La Voce del Paese","og_description":"Antonio Decaro, sindaco di Bari e candidato del Partito Democratico, \u00e8 stato il pi\u00f9 votato nelle elezioni europee nella provincia","og_url":"https:\/\/lavocedelpaese.info\/index.php\/2024\/06\/12\/antonio-decaro-il-piu-votato-nelle-elezioni-europee-2024-in-provincia-di-foggia\/","og_site_name":"La Voce del Paese","article_publisher":"https:\/\/www.facebook.com\/lavocedelpaese.info","article_published_time":"2024-06-12T22:50:41+00:00","article_modified_time":"2024-06-12T22:50:43+00:00","og_image":[{"width":1000,"height":563,"url":"https:\/\/lavocedelpaese.info\/wp-content\/uploads\/2024\/06\/decaro.jpg","type":"image\/jpeg"}],"author":"admin","twitter_card":"summary_large_image","twitter_misc":{"Scritto da":"admin","Tempo di lettura stimato":"6 minuti"},"schema":{"@context":"https:\/\/schema.org","@graph":[{"@type":"Article","@id":"https:\/\/lavocedelpaese.info\/index.php\/2024\/06\/12\/antonio-decaro-il-piu-votato-nelle-elezioni-europee-2024-in-provincia-di-foggia\/#article","isPartOf":{"@id":"https:\/\/lavocedelpaese.info\/index.php\/2024\/06\/12\/antonio-decaro-il-piu-votato-nelle-elezioni-europee-2024-in-provincia-di-foggia\/"},"author":{"name":"admin","@id":"https:\/\/lavocedelpaese.info\/#\/schema\/person\/ec151d321306bd7591f7a061abf72d88"},"headline":"Antonio Decaro il pi\u00f9 votato nelle Elezioni Europee 2024 in provincia di Foggia","datePublished":"2024-06-12T22:50:41+00:00","dateModified":"2024-06-12T22:50:43+00:00","mainEntityOfPage":{"@id":"https:\/\/lavocedelpaese.info\/index.php\/2024\/06\/12\/antonio-decaro-il-piu-votato-nelle-elezioni-europee-2024-in-provincia-di-foggia\/"},"wordCount":1034,"commentCount":0,"publisher":{"@id":"https:\/\/lavocedelpaese.info\/#organization"},"image":{"@id":"https:\/\/lavocedelpaese.info\/index.php\/2024\/06\/12\/antonio-decaro-il-piu-votato-nelle-elezioni-europee-2024-in-provincia-di-foggia\/#primaryimage"},"thumbnailUrl":"https:\/\/lavocedelpaese.info\/wp-content\/uploads\/2024\/06\/decaro.jpg","articleSection":["network","Politica"],"inLanguage":"it-IT","potentialAction":[{"@type":"CommentAction","name":"Comment","target":["https:\/\/lavocedelpaese.info\/index.php\/2024\/06\/12\/antonio-decaro-il-piu-votato-nelle-elezioni-europee-2024-in-provincia-di-foggia\/#respond"]}]},{"@type":"WebPage","@id":"https:\/\/lavocedelpaese.info\/index.php\/2024\/06\/12\/antonio-decaro-il-piu-votato-nelle-elezioni-europee-2024-in-provincia-di-foggia\/","url":"https:\/\/lavocedelpaese.info\/index.php\/2024\/06\/12\/antonio-decaro-il-piu-votato-nelle-elezioni-europee-2024-in-provincia-di-foggia\/","name":"Antonio Decaro il pi\u00f9 votato nelle Elezioni Europee 2024 in provincia di Foggia - La Voce del Paese","isPartOf":{"@id":"https:\/\/lavocedelpaese.info\/#website"},"primaryImageOfPage":{"@id":"https:\/\/lavocedelpaese.info\/index.php\/2024\/06\/12\/antonio-decaro-il-piu-votato-nelle-elezioni-europee-2024-in-provincia-di-foggia\/#primaryimage"},"image":{"@id":"https:\/\/lavocedelpaese.info\/index.php\/2024\/06\/12\/antonio-decaro-il-piu-votato-nelle-elezioni-europee-2024-in-provincia-di-foggia\/#primaryimage"},"thumbnailUrl":"https:\/\/lavocedelpaese.info\/wp-content\/uploads\/2024\/06\/decaro.jpg","datePublished":"2024-06-12T22:50:41+00:00","dateModified":"2024-06-12T22:50:43+00:00","breadcrumb":{"@id":"https:\/\/lavocedelpaese.info\/index.php\/2024\/06\/12\/antonio-decaro-il-piu-votato-nelle-elezioni-europee-2024-in-provincia-di-foggia\/#breadcrumb"},"inLanguage":"it-IT","potentialAction":[{"@type":"ReadAction","target":["https:\/\/lavocedelpaese.info\/index.php\/2024\/06\/12\/antonio-decaro-il-piu-votato-nelle-elezioni-europee-2024-in-provincia-di-foggia\/"]}]},{"@type":"ImageObject","inLanguage":"it-IT","@id":"https:\/\/lavocedelpaese.info\/index.php\/2024\/06\/12\/antonio-decaro-il-piu-votato-nelle-elezioni-europee-2024-in-provincia-di-foggia\/#primaryimage","url":"https:\/\/lavocedelpaese.info\/wp-content\/uploads\/2024\/06\/decaro.jpg","contentUrl":"https:\/\/lavocedelpaese.info\/wp-content\/uploads\/2024\/06\/decaro.jpg","width":1000,"height":563},{"@type":"BreadcrumbList","@id":"https:\/\/lavocedelpaese.info\/index.php\/2024\/06\/12\/antonio-decaro-il-piu-votato-nelle-elezioni-europee-2024-in-provincia-di-foggia\/#breadcrumb","itemListElement":[{"@type":"ListItem","position":1,"name":"Home","item":"https:\/\/lavocedelpaese.info\/"},{"@type":"ListItem","position":2,"name":"Antonio Decaro il pi\u00f9 votato nelle Elezioni Europee 2024 in provincia di Foggia"}]},{"@type":"WebSite","@id":"https:\/\/lavocedelpaese.info\/#website","url":"https:\/\/lavocedelpaese.info\/","name":"La Voce del Paese","description":"Un network di idee","publisher":{"@id":"https:\/\/lavocedelpaese.info\/#organization"},"potentialAction":[{"@type":"SearchAction","target":{"@type":"EntryPoint","urlTemplate":"https:\/\/lavocedelpaese.info\/?s={search_term_string}"},"query-input":{"@type":"PropertyValueSpecification","valueRequired":true,"valueName":"search_term_string"}}],"inLanguage":"it-IT"},{"@type":"Organization","@id":"https:\/\/lavocedelpaese.info\/#organization","name":"La Voce del Paese","url":"https:\/\/lavocedelpaese.info\/","logo":{"@type":"ImageObject","inLanguage":"it-IT","@id":"https:\/\/lavocedelpaese.info\/#\/schema\/logo\/image\/","url":"https:\/\/lavocedelpaese.info\/wp-content\/uploads\/2023\/01\/cropped-logo-150-127.png","contentUrl":"https:\/\/lavocedelpaese.info\/wp-content\/uploads\/2023\/01\/cropped-logo-150-127.png","width":137,"height":119,"caption":"La Voce del Paese"},"image":{"@id":"https:\/\/lavocedelpaese.info\/#\/schema\/logo\/image\/"},"sameAs":["https:\/\/www.facebook.com\/lavocedelpaese.info"]},{"@type":"Person","@id":"https:\/\/lavocedelpaese.info\/#\/schema\/person\/ec151d321306bd7591f7a061abf72d88","name":"admin","image":{"@type":"ImageObject","inLanguage":"it-IT","@id":"https:\/\/secure.gravatar.com\/avatar\/af8f2caf0663124588de48a9380e07cbc95a74ef15b8062d0d39106c32fe3023?s=96&d=mm&r=g","url":"https:\/\/secure.gravatar.com\/avatar\/af8f2caf0663124588de48a9380e07cbc95a74ef15b8062d0d39106c32fe3023?s=96&d=mm&r=g","contentUrl":"https:\/\/secure.gravatar.com\/avatar\/af8f2caf0663124588de48a9380e07cbc95a74ef15b8062d0d39106c32fe3023?s=96&d=mm&r=g","caption":"admin"},"sameAs":["https:\/\/lavocedelpaese.info"],"url":"https:\/\/lavocedelpaese.info\/index.php\/author\/admin\/"}]}},"_links":{"self":[{"href":"https:\/\/lavocedelpaese.info\/index.php\/wp-json\/wp\/v2\/posts\/2294","targetHints":{"allow":["GET"]}}],"collection":[{"href":"https:\/\/lavocedelpaese.info\/index.php\/wp-json\/wp\/v2\/posts"}],"about":[{"href":"https:\/\/lavocedelpaese.info\/index.php\/wp-json\/wp\/v2\/types\/post"}],"author":[{"embeddable":true,"href":"https:\/\/lavocedelpaese.info\/index.php\/wp-json\/wp\/v2\/users\/6"}],"replies":[{"embeddable":true,"href":"https:\/\/lavocedelpaese.info\/index.php\/wp-json\/wp\/v2\/comments?post=2294"}],"version-history":[{"count":1,"href":"https:\/\/lavocedelpaese.info\/index.php\/wp-json\/wp\/v2\/posts\/2294\/revisions"}],"predecessor-version":[{"id":2296,"href":"https:\/\/lavocedelpaese.info\/index.php\/wp-json\/wp\/v2\/posts\/2294\/revisions\/2296"}],"wp:featuredmedia":[{"embeddable":true,"href":"https:\/\/lavocedelpaese.info\/index.php\/wp-json\/wp\/v2\/media\/2295"}],"wp:attachment":[{"href":"https:\/\/lavocedelpaese.info\/index.php\/wp-json\/wp\/v2\/media?parent=2294"}],"wp:term":[{"taxonomy":"category","embeddable":true,"href":"https:\/\/lavocedelpaese.info\/index.php\/wp-json\/wp\/v2\/categories?post=2294"},{"taxonomy":"post_tag","embeddable":true,"href":"https:\/\/lavocedelpaese.info\/index.php\/wp-json\/wp\/v2\/tags?post=2294"}],"curies":[{"name":"wp","href":"https:\/\/api.w.org\/{rel}","templated":true}]}}