{"id":2288,"date":"2024-06-12T22:40:31","date_gmt":"2024-06-12T22:40:31","guid":{"rendered":"https:\/\/lavocedelpaese.info\/?p=2288"},"modified":"2024-06-12T22:40:32","modified_gmt":"2024-06-12T22:40:32","slug":"il-consiglio-comunale-di-foggia-si-riunisce","status":"publish","type":"post","link":"https:\/\/lavocedelpaese.info\/index.php\/2024\/06\/12\/il-consiglio-comunale-di-foggia-si-riunisce\/","title":{"rendered":"Il Consiglio Comunale di Foggia si riunisce"},"content":{"rendered":"\n<h4 class=\"wp-block-heading\"><strong>All&#8217;ordine del giorno mozioni su Europa, trasporti e legalit\u00e0<\/strong><\/h4>\n\n\n\n<p>Il Consiglio Comunale di Foggia si riunir\u00e0 domani, mercoled\u00ec 12 giugno alle 9:30 in prima convocazione e gioved\u00ec 13 giugno alle 11:00 in seconda convocazione. All&#8217;ordine del giorno ci sono diverse mozioni, interpellanze e interrogazioni, tra cui l&#8217;istituzione di uno Sportello Europa, l&#8217;estensione delle esenzioni per il trasporto pubblico agli studenti, la creazione di un elenco per la mobilit\u00e0 negli alloggi di edilizia residenziale pubblica, la promozione della mobilit\u00e0 tra gli assegnatari di alloggi ERP, l&#8217;iniziativa &#8220;Foggia Citt\u00e0 30&#8221;, e l&#8217;istituzione di una Commissione permanente antimafia, legalit\u00e0 e trasparenza. Inoltre, verranno discusse interrogazioni relative al centro sociale per diversamente abili, la gestione della sosta tariffata, la creazione di sportelli per l&#8217;assistenza ai caregiver familiari, l&#8217;installazione di radiofari per ipovedenti e non vedenti, e la realizzazione di una velostazione e la riqualificazione di Piazza Marconi.<\/p>\n\n\n\n<p>La riunione del Consiglio Comunale di Foggia prevista per il 12 e 13 giugno 2024, con un ordine del giorno ricco di mozioni, interpellanze e interrogazioni, rappresenta un momento significativo per la vita politica e sociale della citt\u00e0. Ogni punto all\u2019ordine del giorno porta con s\u00e9 implicazioni rilevanti per i cittadini e per la gestione della citt\u00e0, evidenziando le priorit\u00e0 dell\u2019amministrazione comunale e i temi pi\u00f9 urgenti che richiedono attenzione.<\/p>\n\n\n\n<p>L&#8217;istituzione di uno Sportello Europa \u00e8 una delle mozioni pi\u00f9 rilevanti, poich\u00e9 mira a facilitare l&#8217;accesso ai fondi europei per progetti locali. Questo sportello pu\u00f2 avere un impatto positivo enorme sulla capacit\u00e0 della citt\u00e0 di attrarre finanziamenti per lo sviluppo urbano, la sostenibilit\u00e0 ambientale, l&#8217;innovazione tecnologica e il sostegno alle piccole e medie imprese. I fondi europei sono spesso complessi da ottenere a causa delle numerose normative e procedure burocratiche, e uno sportello dedicato potrebbe semplificare questo processo, rendendo Foggia pi\u00f9 competitiva e meglio attrezzata per sfruttare le opportunit\u00e0 offerte dall&#8217;Unione Europea.<\/p>\n\n\n\n<p>La mozione sull&#8217;estensione delle esenzioni per il trasporto pubblico agli studenti rappresenta un passo importante verso una maggiore equit\u00e0 e inclusione sociale. I costi del trasporto possono essere una barriera significativa per molte famiglie, e garantire esenzioni o riduzioni per gli studenti pu\u00f2 facilitare l&#8217;accesso all&#8217;istruzione e ridurre il tasso di abbandono scolastico. Questa misura non solo allevierebbe il peso finanziario sulle famiglie, ma potrebbe anche incentivare l&#8217;uso del trasporto pubblico, contribuendo alla riduzione del traffico e delle emissioni di CO2, migliorando cos\u00ec la qualit\u00e0 dell&#8217;aria in citt\u00e0.<\/p>\n\n\n\n<p>Le mozioni relative alla mobilit\u00e0 negli alloggi di edilizia residenziale pubblica (ERP) e la promozione della mobilit\u00e0 tra gli assegnatari di alloggi ERP riflettono un impegno verso una gestione pi\u00f9 efficiente e equa delle risorse abitative. La creazione di un elenco per gli scambi consensuali potrebbe facilitare il processo di trasferimento per le famiglie che necessitano di spazi diversi a causa di cambiamenti nelle loro condizioni di vita, come l\u2019aumento del numero di componenti del nucleo familiare o la necessit\u00e0 di abitazioni accessibili per persone con disabilit\u00e0. Una gestione pi\u00f9 dinamica e flessibile del patrimonio ERP pu\u00f2 contribuire a risolvere il problema della sotto-occupazione o sovra-occupazione degli alloggi, migliorando la qualit\u00e0 della vita dei residenti.<\/p>\n\n\n\n<p>La proposta &#8220;Foggia Citt\u00e0 30&#8221;, che prevede la riduzione del limite di velocit\u00e0 a 30 km\/h in alcune aree della citt\u00e0, potrebbe avere implicazioni significative sulla sicurezza stradale e sulla qualit\u00e0 della vita. Ridurre la velocit\u00e0 del traffico nelle zone residenziali pu\u00f2 diminuire il numero e la gravit\u00e0 degli incidenti stradali, rendendo le strade pi\u00f9 sicure per pedoni e ciclisti. Inoltre, una circolazione pi\u00f9 lenta pu\u00f2 contribuire a ridurre l&#8217;inquinamento acustico e atmosferico, creando un ambiente urbano pi\u00f9 vivibile. Tuttavia, questa misura richiede un\u2019attenta pianificazione e una campagna di sensibilizzazione per assicurare l\u2019adesione e la collaborazione dei cittadini.<\/p>\n\n\n\n<p>L&#8217;istituzione di una Commissione permanente antimafia, legalit\u00e0 e trasparenza \u00e8 cruciale in una citt\u00e0 come Foggia, che ha affrontato significativi problemi di criminalit\u00e0 organizzata. Questa commissione potrebbe svolgere un ruolo fondamentale nel monitorare e combattere la corruzione, promuovendo la trasparenza nelle operazioni comunali e migliorando la fiducia dei cittadini nelle istituzioni. La presenza di una commissione dedicata alla legalit\u00e0 potrebbe anche facilitare la collaborazione con le forze dell\u2019ordine e le organizzazioni della societ\u00e0 civile, creando un fronte comune contro l\u2019illegalit\u00e0 e la criminalit\u00e0.<\/p>\n\n\n\n<p>Le interrogazioni riguardanti il centro sociale polivalente per diversamente abili, la gestione della sosta tariffata e la creazione di sportelli per l\u2019assistenza ai caregiver familiari riflettono una sensibilit\u00e0 particolare verso le esigenze delle categorie pi\u00f9 vulnerabili della popolazione. Il centro sociale per diversamente abili \u00e8 fondamentale per offrire supporto e integrazione a persone con disabilit\u00e0, mentre la gestione della sosta tariffata deve bilanciare l\u2019esigenza di generare entrate per il Comune con la necessit\u00e0 di non penalizzare eccessivamente i residenti e i visitatori. Gli sportelli di assistenza ai caregiver rappresentano un riconoscimento del ruolo cruciale che questi individui svolgono nel supporto a familiari non autosufficienti, offrendo loro il supporto necessario per svolgere al meglio le loro funzioni.<\/p>\n\n\n\n<p>L\u2019interpellanza sui radiofari per ipovedenti e non vedenti \u00e8 un esempio di come la tecnologia possa essere utilizzata per migliorare l\u2019accessibilit\u00e0 urbana. Installare radiofari nei punti strategici della citt\u00e0 pu\u00f2 facilitare la mobilit\u00e0 delle persone con disabilit\u00e0 visive, rendendo la citt\u00e0 pi\u00f9 inclusiva e accessibile. Infine, la realizzazione di una velostazione e la riqualificazione di Piazza Marconi mostrano l&#8217;impegno verso una mobilit\u00e0 sostenibile e la valorizzazione degli spazi pubblici. Promuovere l\u2019uso della bicicletta attraverso infrastrutture adeguate pu\u00f2 ridurre il traffico e l\u2019inquinamento, mentre la riqualificazione di piazze e spazi pubblici pu\u00f2 migliorare la qualit\u00e0 della vita urbana, offrendo luoghi di incontro e socializzazione per i cittadini.<\/p>\n\n\n\n<p>In conclusione, la riunione del Consiglio Comunale di Foggia del 12 e 13 giugno rappresenta un momento cruciale per discutere e decidere su una serie di temi che possono avere un impatto profondo sulla citt\u00e0 e sui suoi abitanti. Le mozioni e le interpellanze all\u2019ordine del giorno affrontano questioni di grande rilevanza, dalla gestione delle risorse abitative e dei trasporti pubblici, alla promozione della legalit\u00e0 e della sicurezza, fino all\u2019inclusione sociale e alla sostenibilit\u00e0 ambientale. Ogni decisione presa in questa sede avr\u00e0 ripercussioni significative sulla vita quotidiana dei cittadini, richiedendo un approccio attento e ponderato da parte dei rappresentanti comunali per garantire il miglioramento continuo della citt\u00e0 di Foggia.<\/p>\n","protected":false},"excerpt":{"rendered":"<p>All&#8217;ordine del giorno mozioni su Europa, trasporti e legalit\u00e0 Il Consiglio Comunale di Foggia si riunir\u00e0 domani, mercoled\u00ec 12 giugno<\/p>\n","protected":false},"author":6,"featured_media":2289,"comment_status":"open","ping_status":"closed","sticky":false,"template":"","format":"standard","meta":{"colormag_page_container_layout":"default_layout","colormag_page_sidebar_layout":"default_layout","footnotes":""},"categories":[3],"tags":[],"class_list":["post-2288","post","type-post","status-publish","format-standard","has-post-thumbnail","hentry","category-politica"],"yoast_head":"<!-- This site is optimized with the Yoast SEO plugin v27.5 - https:\/\/yoast.com\/product\/yoast-seo-wordpress\/ -->\n<title>Il Consiglio Comunale di Foggia si riunisce - La Voce del Paese<\/title>\n<meta name=\"robots\" content=\"index, follow, max-snippet:-1, max-image-preview:large, max-video-preview:-1\" \/>\n<link rel=\"canonical\" href=\"https:\/\/lavocedelpaese.info\/index.php\/2024\/06\/12\/il-consiglio-comunale-di-foggia-si-riunisce\/\" \/>\n<meta property=\"og:locale\" content=\"it_IT\" \/>\n<meta property=\"og:type\" content=\"article\" \/>\n<meta property=\"og:title\" content=\"Il Consiglio Comunale di Foggia si riunisce - La Voce del Paese\" \/>\n<meta property=\"og:description\" content=\"All&#8217;ordine del giorno mozioni su Europa, trasporti e legalit\u00e0 Il Consiglio Comunale di Foggia si riunir\u00e0 domani, mercoled\u00ec 12 giugno\" \/>\n<meta property=\"og:url\" content=\"https:\/\/lavocedelpaese.info\/index.php\/2024\/06\/12\/il-consiglio-comunale-di-foggia-si-riunisce\/\" \/>\n<meta property=\"og:site_name\" content=\"La Voce del Paese\" \/>\n<meta property=\"article:publisher\" content=\"https:\/\/www.facebook.com\/lavocedelpaese.info\" \/>\n<meta property=\"article:published_time\" content=\"2024-06-12T22:40:31+00:00\" \/>\n<meta property=\"article:modified_time\" content=\"2024-06-12T22:40:32+00:00\" \/>\n<meta property=\"og:image\" content=\"https:\/\/lavocedelpaese.info\/wp-content\/uploads\/2024\/06\/comune-di-foggia.jpg\" \/>\n\t<meta property=\"og:image:width\" content=\"768\" \/>\n\t<meta property=\"og:image:height\" content=\"439\" \/>\n\t<meta property=\"og:image:type\" content=\"image\/jpeg\" \/>\n<meta name=\"author\" content=\"admin\" \/>\n<meta name=\"twitter:card\" content=\"summary_large_image\" \/>\n<meta name=\"twitter:label1\" content=\"Scritto da\" \/>\n\t<meta name=\"twitter:data1\" content=\"admin\" \/>\n\t<meta name=\"twitter:label2\" content=\"Tempo di lettura stimato\" \/>\n\t<meta name=\"twitter:data2\" content=\"6 minuti\" \/>\n<script type=\"application\/ld+json\" class=\"yoast-schema-graph\">{\"@context\":\"https:\\\/\\\/schema.org\",\"@graph\":[{\"@type\":\"Article\",\"@id\":\"https:\\\/\\\/lavocedelpaese.info\\\/index.php\\\/2024\\\/06\\\/12\\\/il-consiglio-comunale-di-foggia-si-riunisce\\\/#article\",\"isPartOf\":{\"@id\":\"https:\\\/\\\/lavocedelpaese.info\\\/index.php\\\/2024\\\/06\\\/12\\\/il-consiglio-comunale-di-foggia-si-riunisce\\\/\"},\"author\":{\"name\":\"admin\",\"@id\":\"https:\\\/\\\/lavocedelpaese.info\\\/#\\\/schema\\\/person\\\/ec151d321306bd7591f7a061abf72d88\"},\"headline\":\"Il Consiglio Comunale di Foggia si riunisce\",\"datePublished\":\"2024-06-12T22:40:31+00:00\",\"dateModified\":\"2024-06-12T22:40:32+00:00\",\"mainEntityOfPage\":{\"@id\":\"https:\\\/\\\/lavocedelpaese.info\\\/index.php\\\/2024\\\/06\\\/12\\\/il-consiglio-comunale-di-foggia-si-riunisce\\\/\"},\"wordCount\":1047,\"commentCount\":0,\"publisher\":{\"@id\":\"https:\\\/\\\/lavocedelpaese.info\\\/#organization\"},\"image\":{\"@id\":\"https:\\\/\\\/lavocedelpaese.info\\\/index.php\\\/2024\\\/06\\\/12\\\/il-consiglio-comunale-di-foggia-si-riunisce\\\/#primaryimage\"},\"thumbnailUrl\":\"https:\\\/\\\/lavocedelpaese.info\\\/wp-content\\\/uploads\\\/2024\\\/06\\\/comune-di-foggia.jpg\",\"articleSection\":[\"Politica\"],\"inLanguage\":\"it-IT\",\"potentialAction\":[{\"@type\":\"CommentAction\",\"name\":\"Comment\",\"target\":[\"https:\\\/\\\/lavocedelpaese.info\\\/index.php\\\/2024\\\/06\\\/12\\\/il-consiglio-comunale-di-foggia-si-riunisce\\\/#respond\"]}]},{\"@type\":\"WebPage\",\"@id\":\"https:\\\/\\\/lavocedelpaese.info\\\/index.php\\\/2024\\\/06\\\/12\\\/il-consiglio-comunale-di-foggia-si-riunisce\\\/\",\"url\":\"https:\\\/\\\/lavocedelpaese.info\\\/index.php\\\/2024\\\/06\\\/12\\\/il-consiglio-comunale-di-foggia-si-riunisce\\\/\",\"name\":\"Il Consiglio Comunale di Foggia si riunisce - La Voce del Paese\",\"isPartOf\":{\"@id\":\"https:\\\/\\\/lavocedelpaese.info\\\/#website\"},\"primaryImageOfPage\":{\"@id\":\"https:\\\/\\\/lavocedelpaese.info\\\/index.php\\\/2024\\\/06\\\/12\\\/il-consiglio-comunale-di-foggia-si-riunisce\\\/#primaryimage\"},\"image\":{\"@id\":\"https:\\\/\\\/lavocedelpaese.info\\\/index.php\\\/2024\\\/06\\\/12\\\/il-consiglio-comunale-di-foggia-si-riunisce\\\/#primaryimage\"},\"thumbnailUrl\":\"https:\\\/\\\/lavocedelpaese.info\\\/wp-content\\\/uploads\\\/2024\\\/06\\\/comune-di-foggia.jpg\",\"datePublished\":\"2024-06-12T22:40:31+00:00\",\"dateModified\":\"2024-06-12T22:40:32+00:00\",\"breadcrumb\":{\"@id\":\"https:\\\/\\\/lavocedelpaese.info\\\/index.php\\\/2024\\\/06\\\/12\\\/il-consiglio-comunale-di-foggia-si-riunisce\\\/#breadcrumb\"},\"inLanguage\":\"it-IT\",\"potentialAction\":[{\"@type\":\"ReadAction\",\"target\":[\"https:\\\/\\\/lavocedelpaese.info\\\/index.php\\\/2024\\\/06\\\/12\\\/il-consiglio-comunale-di-foggia-si-riunisce\\\/\"]}]},{\"@type\":\"ImageObject\",\"inLanguage\":\"it-IT\",\"@id\":\"https:\\\/\\\/lavocedelpaese.info\\\/index.php\\\/2024\\\/06\\\/12\\\/il-consiglio-comunale-di-foggia-si-riunisce\\\/#primaryimage\",\"url\":\"https:\\\/\\\/lavocedelpaese.info\\\/wp-content\\\/uploads\\\/2024\\\/06\\\/comune-di-foggia.jpg\",\"contentUrl\":\"https:\\\/\\\/lavocedelpaese.info\\\/wp-content\\\/uploads\\\/2024\\\/06\\\/comune-di-foggia.jpg\",\"width\":768,\"height\":439},{\"@type\":\"BreadcrumbList\",\"@id\":\"https:\\\/\\\/lavocedelpaese.info\\\/index.php\\\/2024\\\/06\\\/12\\\/il-consiglio-comunale-di-foggia-si-riunisce\\\/#breadcrumb\",\"itemListElement\":[{\"@type\":\"ListItem\",\"position\":1,\"name\":\"Home\",\"item\":\"https:\\\/\\\/lavocedelpaese.info\\\/\"},{\"@type\":\"ListItem\",\"position\":2,\"name\":\"Il Consiglio Comunale di Foggia si riunisce\"}]},{\"@type\":\"WebSite\",\"@id\":\"https:\\\/\\\/lavocedelpaese.info\\\/#website\",\"url\":\"https:\\\/\\\/lavocedelpaese.info\\\/\",\"name\":\"La Voce del Paese\",\"description\":\"Un network di idee\",\"publisher\":{\"@id\":\"https:\\\/\\\/lavocedelpaese.info\\\/#organization\"},\"potentialAction\":[{\"@type\":\"SearchAction\",\"target\":{\"@type\":\"EntryPoint\",\"urlTemplate\":\"https:\\\/\\\/lavocedelpaese.info\\\/?s={search_term_string}\"},\"query-input\":{\"@type\":\"PropertyValueSpecification\",\"valueRequired\":true,\"valueName\":\"search_term_string\"}}],\"inLanguage\":\"it-IT\"},{\"@type\":\"Organization\",\"@id\":\"https:\\\/\\\/lavocedelpaese.info\\\/#organization\",\"name\":\"La Voce del Paese\",\"url\":\"https:\\\/\\\/lavocedelpaese.info\\\/\",\"logo\":{\"@type\":\"ImageObject\",\"inLanguage\":\"it-IT\",\"@id\":\"https:\\\/\\\/lavocedelpaese.info\\\/#\\\/schema\\\/logo\\\/image\\\/\",\"url\":\"https:\\\/\\\/lavocedelpaese.info\\\/wp-content\\\/uploads\\\/2023\\\/01\\\/cropped-logo-150-127.png\",\"contentUrl\":\"https:\\\/\\\/lavocedelpaese.info\\\/wp-content\\\/uploads\\\/2023\\\/01\\\/cropped-logo-150-127.png\",\"width\":137,\"height\":119,\"caption\":\"La Voce del Paese\"},\"image\":{\"@id\":\"https:\\\/\\\/lavocedelpaese.info\\\/#\\\/schema\\\/logo\\\/image\\\/\"},\"sameAs\":[\"https:\\\/\\\/www.facebook.com\\\/lavocedelpaese.info\"]},{\"@type\":\"Person\",\"@id\":\"https:\\\/\\\/lavocedelpaese.info\\\/#\\\/schema\\\/person\\\/ec151d321306bd7591f7a061abf72d88\",\"name\":\"admin\",\"image\":{\"@type\":\"ImageObject\",\"inLanguage\":\"it-IT\",\"@id\":\"https:\\\/\\\/secure.gravatar.com\\\/avatar\\\/af8f2caf0663124588de48a9380e07cbc95a74ef15b8062d0d39106c32fe3023?s=96&d=mm&r=g\",\"url\":\"https:\\\/\\\/secure.gravatar.com\\\/avatar\\\/af8f2caf0663124588de48a9380e07cbc95a74ef15b8062d0d39106c32fe3023?s=96&d=mm&r=g\",\"contentUrl\":\"https:\\\/\\\/secure.gravatar.com\\\/avatar\\\/af8f2caf0663124588de48a9380e07cbc95a74ef15b8062d0d39106c32fe3023?s=96&d=mm&r=g\",\"caption\":\"admin\"},\"sameAs\":[\"https:\\\/\\\/lavocedelpaese.info\"],\"url\":\"https:\\\/\\\/lavocedelpaese.info\\\/index.php\\\/author\\\/admin\\\/\"}]}<\/script>\n<!-- \/ Yoast SEO plugin. -->","yoast_head_json":{"title":"Il Consiglio Comunale di Foggia si riunisce - La Voce del Paese","robots":{"index":"index","follow":"follow","max-snippet":"max-snippet:-1","max-image-preview":"max-image-preview:large","max-video-preview":"max-video-preview:-1"},"canonical":"https:\/\/lavocedelpaese.info\/index.php\/2024\/06\/12\/il-consiglio-comunale-di-foggia-si-riunisce\/","og_locale":"it_IT","og_type":"article","og_title":"Il Consiglio Comunale di Foggia si riunisce - La Voce del Paese","og_description":"All&#8217;ordine del giorno mozioni su Europa, trasporti e legalit\u00e0 Il Consiglio Comunale di Foggia si riunir\u00e0 domani, mercoled\u00ec 12 giugno","og_url":"https:\/\/lavocedelpaese.info\/index.php\/2024\/06\/12\/il-consiglio-comunale-di-foggia-si-riunisce\/","og_site_name":"La Voce del Paese","article_publisher":"https:\/\/www.facebook.com\/lavocedelpaese.info","article_published_time":"2024-06-12T22:40:31+00:00","article_modified_time":"2024-06-12T22:40:32+00:00","og_image":[{"width":768,"height":439,"url":"https:\/\/lavocedelpaese.info\/wp-content\/uploads\/2024\/06\/comune-di-foggia.jpg","type":"image\/jpeg"}],"author":"admin","twitter_card":"summary_large_image","twitter_misc":{"Scritto da":"admin","Tempo di lettura stimato":"6 minuti"},"schema":{"@context":"https:\/\/schema.org","@graph":[{"@type":"Article","@id":"https:\/\/lavocedelpaese.info\/index.php\/2024\/06\/12\/il-consiglio-comunale-di-foggia-si-riunisce\/#article","isPartOf":{"@id":"https:\/\/lavocedelpaese.info\/index.php\/2024\/06\/12\/il-consiglio-comunale-di-foggia-si-riunisce\/"},"author":{"name":"admin","@id":"https:\/\/lavocedelpaese.info\/#\/schema\/person\/ec151d321306bd7591f7a061abf72d88"},"headline":"Il Consiglio Comunale di Foggia si riunisce","datePublished":"2024-06-12T22:40:31+00:00","dateModified":"2024-06-12T22:40:32+00:00","mainEntityOfPage":{"@id":"https:\/\/lavocedelpaese.info\/index.php\/2024\/06\/12\/il-consiglio-comunale-di-foggia-si-riunisce\/"},"wordCount":1047,"commentCount":0,"publisher":{"@id":"https:\/\/lavocedelpaese.info\/#organization"},"image":{"@id":"https:\/\/lavocedelpaese.info\/index.php\/2024\/06\/12\/il-consiglio-comunale-di-foggia-si-riunisce\/#primaryimage"},"thumbnailUrl":"https:\/\/lavocedelpaese.info\/wp-content\/uploads\/2024\/06\/comune-di-foggia.jpg","articleSection":["Politica"],"inLanguage":"it-IT","potentialAction":[{"@type":"CommentAction","name":"Comment","target":["https:\/\/lavocedelpaese.info\/index.php\/2024\/06\/12\/il-consiglio-comunale-di-foggia-si-riunisce\/#respond"]}]},{"@type":"WebPage","@id":"https:\/\/lavocedelpaese.info\/index.php\/2024\/06\/12\/il-consiglio-comunale-di-foggia-si-riunisce\/","url":"https:\/\/lavocedelpaese.info\/index.php\/2024\/06\/12\/il-consiglio-comunale-di-foggia-si-riunisce\/","name":"Il Consiglio Comunale di Foggia si riunisce - La Voce del Paese","isPartOf":{"@id":"https:\/\/lavocedelpaese.info\/#website"},"primaryImageOfPage":{"@id":"https:\/\/lavocedelpaese.info\/index.php\/2024\/06\/12\/il-consiglio-comunale-di-foggia-si-riunisce\/#primaryimage"},"image":{"@id":"https:\/\/lavocedelpaese.info\/index.php\/2024\/06\/12\/il-consiglio-comunale-di-foggia-si-riunisce\/#primaryimage"},"thumbnailUrl":"https:\/\/lavocedelpaese.info\/wp-content\/uploads\/2024\/06\/comune-di-foggia.jpg","datePublished":"2024-06-12T22:40:31+00:00","dateModified":"2024-06-12T22:40:32+00:00","breadcrumb":{"@id":"https:\/\/lavocedelpaese.info\/index.php\/2024\/06\/12\/il-consiglio-comunale-di-foggia-si-riunisce\/#breadcrumb"},"inLanguage":"it-IT","potentialAction":[{"@type":"ReadAction","target":["https:\/\/lavocedelpaese.info\/index.php\/2024\/06\/12\/il-consiglio-comunale-di-foggia-si-riunisce\/"]}]},{"@type":"ImageObject","inLanguage":"it-IT","@id":"https:\/\/lavocedelpaese.info\/index.php\/2024\/06\/12\/il-consiglio-comunale-di-foggia-si-riunisce\/#primaryimage","url":"https:\/\/lavocedelpaese.info\/wp-content\/uploads\/2024\/06\/comune-di-foggia.jpg","contentUrl":"https:\/\/lavocedelpaese.info\/wp-content\/uploads\/2024\/06\/comune-di-foggia.jpg","width":768,"height":439},{"@type":"BreadcrumbList","@id":"https:\/\/lavocedelpaese.info\/index.php\/2024\/06\/12\/il-consiglio-comunale-di-foggia-si-riunisce\/#breadcrumb","itemListElement":[{"@type":"ListItem","position":1,"name":"Home","item":"https:\/\/lavocedelpaese.info\/"},{"@type":"ListItem","position":2,"name":"Il Consiglio Comunale di Foggia si riunisce"}]},{"@type":"WebSite","@id":"https:\/\/lavocedelpaese.info\/#website","url":"https:\/\/lavocedelpaese.info\/","name":"La Voce del Paese","description":"Un network di idee","publisher":{"@id":"https:\/\/lavocedelpaese.info\/#organization"},"potentialAction":[{"@type":"SearchAction","target":{"@type":"EntryPoint","urlTemplate":"https:\/\/lavocedelpaese.info\/?s={search_term_string}"},"query-input":{"@type":"PropertyValueSpecification","valueRequired":true,"valueName":"search_term_string"}}],"inLanguage":"it-IT"},{"@type":"Organization","@id":"https:\/\/lavocedelpaese.info\/#organization","name":"La Voce del Paese","url":"https:\/\/lavocedelpaese.info\/","logo":{"@type":"ImageObject","inLanguage":"it-IT","@id":"https:\/\/lavocedelpaese.info\/#\/schema\/logo\/image\/","url":"https:\/\/lavocedelpaese.info\/wp-content\/uploads\/2023\/01\/cropped-logo-150-127.png","contentUrl":"https:\/\/lavocedelpaese.info\/wp-content\/uploads\/2023\/01\/cropped-logo-150-127.png","width":137,"height":119,"caption":"La Voce del Paese"},"image":{"@id":"https:\/\/lavocedelpaese.info\/#\/schema\/logo\/image\/"},"sameAs":["https:\/\/www.facebook.com\/lavocedelpaese.info"]},{"@type":"Person","@id":"https:\/\/lavocedelpaese.info\/#\/schema\/person\/ec151d321306bd7591f7a061abf72d88","name":"admin","image":{"@type":"ImageObject","inLanguage":"it-IT","@id":"https:\/\/secure.gravatar.com\/avatar\/af8f2caf0663124588de48a9380e07cbc95a74ef15b8062d0d39106c32fe3023?s=96&d=mm&r=g","url":"https:\/\/secure.gravatar.com\/avatar\/af8f2caf0663124588de48a9380e07cbc95a74ef15b8062d0d39106c32fe3023?s=96&d=mm&r=g","contentUrl":"https:\/\/secure.gravatar.com\/avatar\/af8f2caf0663124588de48a9380e07cbc95a74ef15b8062d0d39106c32fe3023?s=96&d=mm&r=g","caption":"admin"},"sameAs":["https:\/\/lavocedelpaese.info"],"url":"https:\/\/lavocedelpaese.info\/index.php\/author\/admin\/"}]}},"_links":{"self":[{"href":"https:\/\/lavocedelpaese.info\/index.php\/wp-json\/wp\/v2\/posts\/2288","targetHints":{"allow":["GET"]}}],"collection":[{"href":"https:\/\/lavocedelpaese.info\/index.php\/wp-json\/wp\/v2\/posts"}],"about":[{"href":"https:\/\/lavocedelpaese.info\/index.php\/wp-json\/wp\/v2\/types\/post"}],"author":[{"embeddable":true,"href":"https:\/\/lavocedelpaese.info\/index.php\/wp-json\/wp\/v2\/users\/6"}],"replies":[{"embeddable":true,"href":"https:\/\/lavocedelpaese.info\/index.php\/wp-json\/wp\/v2\/comments?post=2288"}],"version-history":[{"count":1,"href":"https:\/\/lavocedelpaese.info\/index.php\/wp-json\/wp\/v2\/posts\/2288\/revisions"}],"predecessor-version":[{"id":2290,"href":"https:\/\/lavocedelpaese.info\/index.php\/wp-json\/wp\/v2\/posts\/2288\/revisions\/2290"}],"wp:featuredmedia":[{"embeddable":true,"href":"https:\/\/lavocedelpaese.info\/index.php\/wp-json\/wp\/v2\/media\/2289"}],"wp:attachment":[{"href":"https:\/\/lavocedelpaese.info\/index.php\/wp-json\/wp\/v2\/media?parent=2288"}],"wp:term":[{"taxonomy":"category","embeddable":true,"href":"https:\/\/lavocedelpaese.info\/index.php\/wp-json\/wp\/v2\/categories?post=2288"},{"taxonomy":"post_tag","embeddable":true,"href":"https:\/\/lavocedelpaese.info\/index.php\/wp-json\/wp\/v2\/tags?post=2288"}],"curies":[{"name":"wp","href":"https:\/\/api.w.org\/{rel}","templated":true}]}}