{"id":2285,"date":"2024-06-12T22:38:34","date_gmt":"2024-06-12T22:38:34","guid":{"rendered":"https:\/\/lavocedelpaese.info\/?p=2285"},"modified":"2024-06-12T22:38:35","modified_gmt":"2024-06-12T22:38:35","slug":"furore-rieletto-a-foggia","status":"publish","type":"post","link":"https:\/\/lavocedelpaese.info\/index.php\/2024\/06\/12\/furore-rieletto-a-foggia\/","title":{"rendered":"Furore rieletto a Foggia"},"content":{"rendered":"\n<h4 class=\"wp-block-heading\"><strong>Impegno per Connettere la citt\u00e0 all&#8217;Europa e sostegno a Conte<\/strong><\/h4>\n\n\n\n<p>Mario Furore ha celebrato la sua rielezione incontrando i suoi sostenitori a Foggia, una delle cinque citt\u00e0 italiane con la maggior percentuale di voti per il Movimento 5 Stelle. Furore ha ringraziato Giuseppe Conte a Roma e ha dichiarato che impedir\u00e0 le sue dimissioni. Ha sottolineato l&#8217;importanza di lavorare sui cambiamenti nei rapporti di forza nella Giunta Episcopo e ha annunciato report semestrali per ogni assessore. Furore ha ricevuto supporto da vari elettori influenti, tra cui amici, professionisti e dirigenti locali, dichiarando il suo impegno a connettere la citt\u00e0, l&#8217;universit\u00e0 e la Camera di Commercio con l&#8217;Europa.<\/p>\n\n\n\n<p>La rielezione di Mario Furore a Foggia e l&#8217;elevata percentuale di voti per il Movimento 5 Stelle (M5S) in questa citt\u00e0 rappresentano un evento di grande rilievo nel panorama politico italiano, con implicazioni profonde e ramificate sia a livello locale che nazionale. Foggia, essendo tra le cinque citt\u00e0 d&#8217;Italia con la maggior percentuale di voti per il M5S, diventa un punto focale per l&#8217;analisi delle dinamiche politiche che caratterizzano il movimento e la sua influenza.<\/p>\n\n\n\n<p>A livello locale, la rielezione di Furore rafforza la posizione del M5S, consolidando il suo ruolo nel governo cittadino e nella Giunta Episcopo. Questo successo elettorale permette al movimento di esercitare una maggiore influenza sulle decisioni politiche e amministrative della citt\u00e0. Furore ha gi\u00e0 annunciato l&#8217;intenzione di lavorare intensamente sui cambiamenti nei rapporti di forza all&#8217;interno della giunta, suggerendo una riorganizzazione delle alleanze e delle priorit\u00e0. L&#8217;annuncio di report semestrali per ciascun assessore su ci\u00f2 che si \u00e8 realizzato rappresenta un impegno verso una maggiore trasparenza e responsabilit\u00e0 amministrativa. Questo potrebbe portare a un miglioramento dell&#8217;efficienza e della trasparenza nella gestione delle risorse pubbliche e nell&#8217;implementazione delle politiche locali.<\/p>\n\n\n\n<p>La rielezione di Furore, inoltre, sottolinea l&#8217;importanza del supporto elettorale ricevuto da figure influenti della comunit\u00e0 locale, come Fabio Romano, Micky de\u2019 Finis, Lucio Fares, Lorenzo Lo Muzio, Pino Di Carlo e Marco Insalata. Questo network di sostegno composto da amici, professionisti, dirigenti ospedalieri, accademici e imprenditori, fornisce una solida base di legittimit\u00e0 e risorse al movimento. La capacit\u00e0 di Furore di connettere la citt\u00e0, l&#8217;universit\u00e0 e la Camera di Commercio con l&#8217;Europa dimostra un&#8217;attenzione particolare allo sviluppo economico e alle opportunit\u00e0 di cooperazione internazionale, che possono portare benefici significativi alla comunit\u00e0 locale in termini di investimenti, innovazione e crescita economica.<\/p>\n\n\n\n<p>A livello nazionale, la rielezione di Furore e il successo del M5S a Foggia hanno implicazioni importanti per la stabilit\u00e0 e la strategia del movimento. Il ringraziamento pubblico a Giuseppe Conte da parte di Furore e la sua dichiarazione di voler impedire le dimissioni di Conte evidenziano la centralit\u00e0 di quest&#8217;ultimo nella leadership e nella strategia futura del movimento. Conte, figura chiave e carismatica del M5S, rappresenta un punto di riferimento per molti elettori e la sua eventuale dimissione potrebbe destabilizzare il movimento. La dichiarazione di Furore suggerisce una strategia di consolidamento interno, mirata a mantenere l&#8217;unit\u00e0 e la coesione del movimento attorno alla leadership di Conte, al fine di affrontare le sfide politiche e elettorali future.<\/p>\n\n\n\n<p>La rilevanza politica di Foggia per il M5S pu\u00f2 inoltre influenzare le dinamiche politiche a livello regionale e nazionale. Un forte sostegno locale pu\u00f2 tradursi in un maggiore peso politico nei negoziati con altre forze politiche e nelle decisioni strategiche del movimento. Inoltre, il successo del M5S a Foggia potrebbe fungere da modello per altre citt\u00e0 e regioni, indicando la capacit\u00e0 del movimento di attrarre consensi attraverso politiche orientate alla trasparenza, alla partecipazione e allo sviluppo economico.<\/p>\n\n\n\n<p>Dal punto di vista politico pi\u00f9 ampio, la rielezione di Furore riflette un&#8217;adesione significativa da parte degli elettori alle politiche e ai valori del M5S, come la lotta contro la corruzione, la promozione della partecipazione democratica e la ricerca di nuove opportunit\u00e0 di sviluppo economico. Questo successo potrebbe stimolare un&#8217;ulteriore crescita del movimento, sia in termini di consensi elettorali che di capacit\u00e0 organizzativa. La capacit\u00e0 di connettere la citt\u00e0 e le istituzioni locali con l&#8217;Europa rappresenta una strategia chiave per attrarre risorse e investimenti, favorendo cos\u00ec un circolo virtuoso di sviluppo e benessere per la comunit\u00e0 locale.<\/p>\n\n\n\n<p>In sintesi, la rielezione di Mario Furore a Foggia e l&#8217;alta percentuale di voti per il M5S hanno implicazioni politiche profonde a livello locale e nazionale. A livello locale, rafforzano la posizione del movimento e promuovono una maggiore trasparenza e responsabilit\u00e0 amministrativa. A livello nazionale, evidenziano l&#8217;importanza della leadership di Giuseppe Conte e suggeriscono una strategia di consolidamento interno per affrontare le sfide future. Inoltre, il successo del M5S a Foggia pu\u00f2 influenzare le dinamiche politiche regionali e nazionali, offrendo un modello di gestione orientato allo sviluppo economico e alla cooperazione internazionale. Questo evento rappresenta quindi un punto di svolta significativo per il Movimento 5 Stelle, con potenziali effetti duraturi sulla sua strategia e sulla sua capacit\u00e0 di attrarre consensi e governare efficacemente.<\/p>\n","protected":false},"excerpt":{"rendered":"<p>Impegno per Connettere la citt\u00e0 all&#8217;Europa e sostegno a Conte Mario Furore ha celebrato la sua rielezione incontrando i suoi<\/p>\n","protected":false},"author":6,"featured_media":2286,"comment_status":"open","ping_status":"closed","sticky":false,"template":"","format":"standard","meta":{"colormag_page_container_layout":"default_layout","colormag_page_sidebar_layout":"default_layout","footnotes":""},"categories":[3],"tags":[],"class_list":["post-2285","post","type-post","status-publish","format-standard","has-post-thumbnail","hentry","category-politica"],"yoast_head":"<!-- This site is optimized with the Yoast SEO plugin v27.5 - https:\/\/yoast.com\/product\/yoast-seo-wordpress\/ -->\n<title>Furore rieletto a Foggia - La Voce del Paese<\/title>\n<meta name=\"robots\" content=\"index, follow, max-snippet:-1, max-image-preview:large, max-video-preview:-1\" \/>\n<link rel=\"canonical\" href=\"https:\/\/lavocedelpaese.info\/index.php\/2024\/06\/12\/furore-rieletto-a-foggia\/\" \/>\n<meta property=\"og:locale\" content=\"it_IT\" \/>\n<meta property=\"og:type\" content=\"article\" \/>\n<meta property=\"og:title\" content=\"Furore rieletto a Foggia - La Voce del Paese\" \/>\n<meta property=\"og:description\" content=\"Impegno per Connettere la citt\u00e0 all&#8217;Europa e sostegno a Conte Mario Furore ha celebrato la sua rielezione incontrando i suoi\" \/>\n<meta property=\"og:url\" content=\"https:\/\/lavocedelpaese.info\/index.php\/2024\/06\/12\/furore-rieletto-a-foggia\/\" \/>\n<meta property=\"og:site_name\" content=\"La Voce del Paese\" \/>\n<meta property=\"article:publisher\" content=\"https:\/\/www.facebook.com\/lavocedelpaese.info\" \/>\n<meta property=\"article:published_time\" content=\"2024-06-12T22:38:34+00:00\" \/>\n<meta property=\"article:modified_time\" content=\"2024-06-12T22:38:35+00:00\" \/>\n<meta property=\"og:image\" content=\"https:\/\/lavocedelpaese.info\/wp-content\/uploads\/2024\/06\/mario-furore-foggia.jpg\" \/>\n\t<meta property=\"og:image:width\" content=\"1000\" \/>\n\t<meta property=\"og:image:height\" content=\"667\" \/>\n\t<meta property=\"og:image:type\" content=\"image\/jpeg\" \/>\n<meta name=\"author\" content=\"admin\" \/>\n<meta name=\"twitter:card\" content=\"summary_large_image\" \/>\n<meta name=\"twitter:label1\" content=\"Scritto da\" \/>\n\t<meta name=\"twitter:data1\" content=\"admin\" \/>\n\t<meta name=\"twitter:label2\" content=\"Tempo di lettura stimato\" \/>\n\t<meta name=\"twitter:data2\" content=\"5 minuti\" \/>\n<script type=\"application\/ld+json\" class=\"yoast-schema-graph\">{\"@context\":\"https:\\\/\\\/schema.org\",\"@graph\":[{\"@type\":\"Article\",\"@id\":\"https:\\\/\\\/lavocedelpaese.info\\\/index.php\\\/2024\\\/06\\\/12\\\/furore-rieletto-a-foggia\\\/#article\",\"isPartOf\":{\"@id\":\"https:\\\/\\\/lavocedelpaese.info\\\/index.php\\\/2024\\\/06\\\/12\\\/furore-rieletto-a-foggia\\\/\"},\"author\":{\"name\":\"admin\",\"@id\":\"https:\\\/\\\/lavocedelpaese.info\\\/#\\\/schema\\\/person\\\/ec151d321306bd7591f7a061abf72d88\"},\"headline\":\"Furore rieletto a Foggia\",\"datePublished\":\"2024-06-12T22:38:34+00:00\",\"dateModified\":\"2024-06-12T22:38:35+00:00\",\"mainEntityOfPage\":{\"@id\":\"https:\\\/\\\/lavocedelpaese.info\\\/index.php\\\/2024\\\/06\\\/12\\\/furore-rieletto-a-foggia\\\/\"},\"wordCount\":839,\"commentCount\":0,\"publisher\":{\"@id\":\"https:\\\/\\\/lavocedelpaese.info\\\/#organization\"},\"image\":{\"@id\":\"https:\\\/\\\/lavocedelpaese.info\\\/index.php\\\/2024\\\/06\\\/12\\\/furore-rieletto-a-foggia\\\/#primaryimage\"},\"thumbnailUrl\":\"https:\\\/\\\/lavocedelpaese.info\\\/wp-content\\\/uploads\\\/2024\\\/06\\\/mario-furore-foggia.jpg\",\"articleSection\":[\"Politica\"],\"inLanguage\":\"it-IT\",\"potentialAction\":[{\"@type\":\"CommentAction\",\"name\":\"Comment\",\"target\":[\"https:\\\/\\\/lavocedelpaese.info\\\/index.php\\\/2024\\\/06\\\/12\\\/furore-rieletto-a-foggia\\\/#respond\"]}]},{\"@type\":\"WebPage\",\"@id\":\"https:\\\/\\\/lavocedelpaese.info\\\/index.php\\\/2024\\\/06\\\/12\\\/furore-rieletto-a-foggia\\\/\",\"url\":\"https:\\\/\\\/lavocedelpaese.info\\\/index.php\\\/2024\\\/06\\\/12\\\/furore-rieletto-a-foggia\\\/\",\"name\":\"Furore rieletto a Foggia - La Voce del Paese\",\"isPartOf\":{\"@id\":\"https:\\\/\\\/lavocedelpaese.info\\\/#website\"},\"primaryImageOfPage\":{\"@id\":\"https:\\\/\\\/lavocedelpaese.info\\\/index.php\\\/2024\\\/06\\\/12\\\/furore-rieletto-a-foggia\\\/#primaryimage\"},\"image\":{\"@id\":\"https:\\\/\\\/lavocedelpaese.info\\\/index.php\\\/2024\\\/06\\\/12\\\/furore-rieletto-a-foggia\\\/#primaryimage\"},\"thumbnailUrl\":\"https:\\\/\\\/lavocedelpaese.info\\\/wp-content\\\/uploads\\\/2024\\\/06\\\/mario-furore-foggia.jpg\",\"datePublished\":\"2024-06-12T22:38:34+00:00\",\"dateModified\":\"2024-06-12T22:38:35+00:00\",\"breadcrumb\":{\"@id\":\"https:\\\/\\\/lavocedelpaese.info\\\/index.php\\\/2024\\\/06\\\/12\\\/furore-rieletto-a-foggia\\\/#breadcrumb\"},\"inLanguage\":\"it-IT\",\"potentialAction\":[{\"@type\":\"ReadAction\",\"target\":[\"https:\\\/\\\/lavocedelpaese.info\\\/index.php\\\/2024\\\/06\\\/12\\\/furore-rieletto-a-foggia\\\/\"]}]},{\"@type\":\"ImageObject\",\"inLanguage\":\"it-IT\",\"@id\":\"https:\\\/\\\/lavocedelpaese.info\\\/index.php\\\/2024\\\/06\\\/12\\\/furore-rieletto-a-foggia\\\/#primaryimage\",\"url\":\"https:\\\/\\\/lavocedelpaese.info\\\/wp-content\\\/uploads\\\/2024\\\/06\\\/mario-furore-foggia.jpg\",\"contentUrl\":\"https:\\\/\\\/lavocedelpaese.info\\\/wp-content\\\/uploads\\\/2024\\\/06\\\/mario-furore-foggia.jpg\",\"width\":1000,\"height\":667},{\"@type\":\"BreadcrumbList\",\"@id\":\"https:\\\/\\\/lavocedelpaese.info\\\/index.php\\\/2024\\\/06\\\/12\\\/furore-rieletto-a-foggia\\\/#breadcrumb\",\"itemListElement\":[{\"@type\":\"ListItem\",\"position\":1,\"name\":\"Home\",\"item\":\"https:\\\/\\\/lavocedelpaese.info\\\/\"},{\"@type\":\"ListItem\",\"position\":2,\"name\":\"Furore rieletto a Foggia\"}]},{\"@type\":\"WebSite\",\"@id\":\"https:\\\/\\\/lavocedelpaese.info\\\/#website\",\"url\":\"https:\\\/\\\/lavocedelpaese.info\\\/\",\"name\":\"La Voce del Paese\",\"description\":\"Un network di idee\",\"publisher\":{\"@id\":\"https:\\\/\\\/lavocedelpaese.info\\\/#organization\"},\"potentialAction\":[{\"@type\":\"SearchAction\",\"target\":{\"@type\":\"EntryPoint\",\"urlTemplate\":\"https:\\\/\\\/lavocedelpaese.info\\\/?s={search_term_string}\"},\"query-input\":{\"@type\":\"PropertyValueSpecification\",\"valueRequired\":true,\"valueName\":\"search_term_string\"}}],\"inLanguage\":\"it-IT\"},{\"@type\":\"Organization\",\"@id\":\"https:\\\/\\\/lavocedelpaese.info\\\/#organization\",\"name\":\"La Voce del Paese\",\"url\":\"https:\\\/\\\/lavocedelpaese.info\\\/\",\"logo\":{\"@type\":\"ImageObject\",\"inLanguage\":\"it-IT\",\"@id\":\"https:\\\/\\\/lavocedelpaese.info\\\/#\\\/schema\\\/logo\\\/image\\\/\",\"url\":\"https:\\\/\\\/lavocedelpaese.info\\\/wp-content\\\/uploads\\\/2023\\\/01\\\/cropped-logo-150-127.png\",\"contentUrl\":\"https:\\\/\\\/lavocedelpaese.info\\\/wp-content\\\/uploads\\\/2023\\\/01\\\/cropped-logo-150-127.png\",\"width\":137,\"height\":119,\"caption\":\"La Voce del Paese\"},\"image\":{\"@id\":\"https:\\\/\\\/lavocedelpaese.info\\\/#\\\/schema\\\/logo\\\/image\\\/\"},\"sameAs\":[\"https:\\\/\\\/www.facebook.com\\\/lavocedelpaese.info\"]},{\"@type\":\"Person\",\"@id\":\"https:\\\/\\\/lavocedelpaese.info\\\/#\\\/schema\\\/person\\\/ec151d321306bd7591f7a061abf72d88\",\"name\":\"admin\",\"image\":{\"@type\":\"ImageObject\",\"inLanguage\":\"it-IT\",\"@id\":\"https:\\\/\\\/secure.gravatar.com\\\/avatar\\\/af8f2caf0663124588de48a9380e07cbc95a74ef15b8062d0d39106c32fe3023?s=96&d=mm&r=g\",\"url\":\"https:\\\/\\\/secure.gravatar.com\\\/avatar\\\/af8f2caf0663124588de48a9380e07cbc95a74ef15b8062d0d39106c32fe3023?s=96&d=mm&r=g\",\"contentUrl\":\"https:\\\/\\\/secure.gravatar.com\\\/avatar\\\/af8f2caf0663124588de48a9380e07cbc95a74ef15b8062d0d39106c32fe3023?s=96&d=mm&r=g\",\"caption\":\"admin\"},\"sameAs\":[\"https:\\\/\\\/lavocedelpaese.info\"],\"url\":\"https:\\\/\\\/lavocedelpaese.info\\\/index.php\\\/author\\\/admin\\\/\"}]}<\/script>\n<!-- \/ Yoast SEO plugin. -->","yoast_head_json":{"title":"Furore rieletto a Foggia - La Voce del Paese","robots":{"index":"index","follow":"follow","max-snippet":"max-snippet:-1","max-image-preview":"max-image-preview:large","max-video-preview":"max-video-preview:-1"},"canonical":"https:\/\/lavocedelpaese.info\/index.php\/2024\/06\/12\/furore-rieletto-a-foggia\/","og_locale":"it_IT","og_type":"article","og_title":"Furore rieletto a Foggia - La Voce del Paese","og_description":"Impegno per Connettere la citt\u00e0 all&#8217;Europa e sostegno a Conte Mario Furore ha celebrato la sua rielezione incontrando i suoi","og_url":"https:\/\/lavocedelpaese.info\/index.php\/2024\/06\/12\/furore-rieletto-a-foggia\/","og_site_name":"La Voce del Paese","article_publisher":"https:\/\/www.facebook.com\/lavocedelpaese.info","article_published_time":"2024-06-12T22:38:34+00:00","article_modified_time":"2024-06-12T22:38:35+00:00","og_image":[{"width":1000,"height":667,"url":"https:\/\/lavocedelpaese.info\/wp-content\/uploads\/2024\/06\/mario-furore-foggia.jpg","type":"image\/jpeg"}],"author":"admin","twitter_card":"summary_large_image","twitter_misc":{"Scritto da":"admin","Tempo di lettura stimato":"5 minuti"},"schema":{"@context":"https:\/\/schema.org","@graph":[{"@type":"Article","@id":"https:\/\/lavocedelpaese.info\/index.php\/2024\/06\/12\/furore-rieletto-a-foggia\/#article","isPartOf":{"@id":"https:\/\/lavocedelpaese.info\/index.php\/2024\/06\/12\/furore-rieletto-a-foggia\/"},"author":{"name":"admin","@id":"https:\/\/lavocedelpaese.info\/#\/schema\/person\/ec151d321306bd7591f7a061abf72d88"},"headline":"Furore rieletto a Foggia","datePublished":"2024-06-12T22:38:34+00:00","dateModified":"2024-06-12T22:38:35+00:00","mainEntityOfPage":{"@id":"https:\/\/lavocedelpaese.info\/index.php\/2024\/06\/12\/furore-rieletto-a-foggia\/"},"wordCount":839,"commentCount":0,"publisher":{"@id":"https:\/\/lavocedelpaese.info\/#organization"},"image":{"@id":"https:\/\/lavocedelpaese.info\/index.php\/2024\/06\/12\/furore-rieletto-a-foggia\/#primaryimage"},"thumbnailUrl":"https:\/\/lavocedelpaese.info\/wp-content\/uploads\/2024\/06\/mario-furore-foggia.jpg","articleSection":["Politica"],"inLanguage":"it-IT","potentialAction":[{"@type":"CommentAction","name":"Comment","target":["https:\/\/lavocedelpaese.info\/index.php\/2024\/06\/12\/furore-rieletto-a-foggia\/#respond"]}]},{"@type":"WebPage","@id":"https:\/\/lavocedelpaese.info\/index.php\/2024\/06\/12\/furore-rieletto-a-foggia\/","url":"https:\/\/lavocedelpaese.info\/index.php\/2024\/06\/12\/furore-rieletto-a-foggia\/","name":"Furore rieletto a Foggia - La Voce del Paese","isPartOf":{"@id":"https:\/\/lavocedelpaese.info\/#website"},"primaryImageOfPage":{"@id":"https:\/\/lavocedelpaese.info\/index.php\/2024\/06\/12\/furore-rieletto-a-foggia\/#primaryimage"},"image":{"@id":"https:\/\/lavocedelpaese.info\/index.php\/2024\/06\/12\/furore-rieletto-a-foggia\/#primaryimage"},"thumbnailUrl":"https:\/\/lavocedelpaese.info\/wp-content\/uploads\/2024\/06\/mario-furore-foggia.jpg","datePublished":"2024-06-12T22:38:34+00:00","dateModified":"2024-06-12T22:38:35+00:00","breadcrumb":{"@id":"https:\/\/lavocedelpaese.info\/index.php\/2024\/06\/12\/furore-rieletto-a-foggia\/#breadcrumb"},"inLanguage":"it-IT","potentialAction":[{"@type":"ReadAction","target":["https:\/\/lavocedelpaese.info\/index.php\/2024\/06\/12\/furore-rieletto-a-foggia\/"]}]},{"@type":"ImageObject","inLanguage":"it-IT","@id":"https:\/\/lavocedelpaese.info\/index.php\/2024\/06\/12\/furore-rieletto-a-foggia\/#primaryimage","url":"https:\/\/lavocedelpaese.info\/wp-content\/uploads\/2024\/06\/mario-furore-foggia.jpg","contentUrl":"https:\/\/lavocedelpaese.info\/wp-content\/uploads\/2024\/06\/mario-furore-foggia.jpg","width":1000,"height":667},{"@type":"BreadcrumbList","@id":"https:\/\/lavocedelpaese.info\/index.php\/2024\/06\/12\/furore-rieletto-a-foggia\/#breadcrumb","itemListElement":[{"@type":"ListItem","position":1,"name":"Home","item":"https:\/\/lavocedelpaese.info\/"},{"@type":"ListItem","position":2,"name":"Furore rieletto a Foggia"}]},{"@type":"WebSite","@id":"https:\/\/lavocedelpaese.info\/#website","url":"https:\/\/lavocedelpaese.info\/","name":"La Voce del Paese","description":"Un network di idee","publisher":{"@id":"https:\/\/lavocedelpaese.info\/#organization"},"potentialAction":[{"@type":"SearchAction","target":{"@type":"EntryPoint","urlTemplate":"https:\/\/lavocedelpaese.info\/?s={search_term_string}"},"query-input":{"@type":"PropertyValueSpecification","valueRequired":true,"valueName":"search_term_string"}}],"inLanguage":"it-IT"},{"@type":"Organization","@id":"https:\/\/lavocedelpaese.info\/#organization","name":"La Voce del Paese","url":"https:\/\/lavocedelpaese.info\/","logo":{"@type":"ImageObject","inLanguage":"it-IT","@id":"https:\/\/lavocedelpaese.info\/#\/schema\/logo\/image\/","url":"https:\/\/lavocedelpaese.info\/wp-content\/uploads\/2023\/01\/cropped-logo-150-127.png","contentUrl":"https:\/\/lavocedelpaese.info\/wp-content\/uploads\/2023\/01\/cropped-logo-150-127.png","width":137,"height":119,"caption":"La Voce del Paese"},"image":{"@id":"https:\/\/lavocedelpaese.info\/#\/schema\/logo\/image\/"},"sameAs":["https:\/\/www.facebook.com\/lavocedelpaese.info"]},{"@type":"Person","@id":"https:\/\/lavocedelpaese.info\/#\/schema\/person\/ec151d321306bd7591f7a061abf72d88","name":"admin","image":{"@type":"ImageObject","inLanguage":"it-IT","@id":"https:\/\/secure.gravatar.com\/avatar\/af8f2caf0663124588de48a9380e07cbc95a74ef15b8062d0d39106c32fe3023?s=96&d=mm&r=g","url":"https:\/\/secure.gravatar.com\/avatar\/af8f2caf0663124588de48a9380e07cbc95a74ef15b8062d0d39106c32fe3023?s=96&d=mm&r=g","contentUrl":"https:\/\/secure.gravatar.com\/avatar\/af8f2caf0663124588de48a9380e07cbc95a74ef15b8062d0d39106c32fe3023?s=96&d=mm&r=g","caption":"admin"},"sameAs":["https:\/\/lavocedelpaese.info"],"url":"https:\/\/lavocedelpaese.info\/index.php\/author\/admin\/"}]}},"_links":{"self":[{"href":"https:\/\/lavocedelpaese.info\/index.php\/wp-json\/wp\/v2\/posts\/2285","targetHints":{"allow":["GET"]}}],"collection":[{"href":"https:\/\/lavocedelpaese.info\/index.php\/wp-json\/wp\/v2\/posts"}],"about":[{"href":"https:\/\/lavocedelpaese.info\/index.php\/wp-json\/wp\/v2\/types\/post"}],"author":[{"embeddable":true,"href":"https:\/\/lavocedelpaese.info\/index.php\/wp-json\/wp\/v2\/users\/6"}],"replies":[{"embeddable":true,"href":"https:\/\/lavocedelpaese.info\/index.php\/wp-json\/wp\/v2\/comments?post=2285"}],"version-history":[{"count":1,"href":"https:\/\/lavocedelpaese.info\/index.php\/wp-json\/wp\/v2\/posts\/2285\/revisions"}],"predecessor-version":[{"id":2287,"href":"https:\/\/lavocedelpaese.info\/index.php\/wp-json\/wp\/v2\/posts\/2285\/revisions\/2287"}],"wp:featuredmedia":[{"embeddable":true,"href":"https:\/\/lavocedelpaese.info\/index.php\/wp-json\/wp\/v2\/media\/2286"}],"wp:attachment":[{"href":"https:\/\/lavocedelpaese.info\/index.php\/wp-json\/wp\/v2\/media?parent=2285"}],"wp:term":[{"taxonomy":"category","embeddable":true,"href":"https:\/\/lavocedelpaese.info\/index.php\/wp-json\/wp\/v2\/categories?post=2285"},{"taxonomy":"post_tag","embeddable":true,"href":"https:\/\/lavocedelpaese.info\/index.php\/wp-json\/wp\/v2\/tags?post=2285"}],"curies":[{"name":"wp","href":"https:\/\/api.w.org\/{rel}","templated":true}]}}