{"id":2282,"date":"2024-06-12T22:59:30","date_gmt":"2024-06-12T22:59:30","guid":{"rendered":"https:\/\/lavocedelpaese.info\/?p=2282"},"modified":"2024-06-12T22:59:30","modified_gmt":"2024-06-12T22:59:30","slug":"foggia-onora-alessandro-nunziante-e-i-giovani-atleti-locali","status":"publish","type":"post","link":"https:\/\/lavocedelpaese.info\/index.php\/2024\/06\/12\/foggia-onora-alessandro-nunziante-e-i-giovani-atleti-locali\/","title":{"rendered":"Foggia onora Alessandro Nunziante e i giovani atleti locali"},"content":{"rendered":"\n<p>La Commissione Cultura del Comune di Foggia ha reso omaggio ad Alessandro Nunziante, giovane portiere della nazionale italiana di calcio under 17, recentemente laureatosi campione d\u2019Europa. La Commissione ha elogiato Nunziante e altri giovani atleti locali per il loro impegno e dedizione, sottolineando come essi possano fungere da modelli positivi e aiutare a superare i pregiudizi sulla comunit\u00e0 foggiana. L&#8217;iniziativa \u00e8 vista come un passo verso la creazione di una nuova immagine per Foggia in Italia, promuovendo l&#8217;unit\u00e0 e la collaborazione tra i cittadini.<\/p>\n\n\n\n<p>La decisione della Commissione Cultura del Comune di Foggia di omaggiare Alessandro Nunziante, il giovane portiere della nazionale under 17 campione d\u2019Europa, insieme ad altri giovani atleti locali, ha profonde implicazioni politiche che riflettono un approccio strategico verso il miglioramento dell&#8217;immagine della citt\u00e0 e il rafforzamento del senso di comunit\u00e0. Questo atto di riconoscimento pubblico non solo celebra i successi individuali, ma rappresenta anche un tentativo deliberato di sfidare e trasformare le percezioni negative spesso associate a Foggia, utilizzando lo sport come veicolo di inclusione, coesione sociale e promozione del talento giovanile.<\/p>\n\n\n\n<p>In primo luogo, l&#8217;omaggio a Nunziante e agli altri atleti locali evidenzia la volont\u00e0 del Comune di Foggia di investire nel capitale umano, in particolare nei giovani, riconoscendo il loro potenziale come ambasciatori della citt\u00e0. Questa strategia si inserisce in un contesto pi\u00f9 ampio di politiche giovanili orientate a offrire opportunit\u00e0 concrete di crescita personale e professionale, sostenendo l&#8217;accesso allo sport, all&#8217;educazione e alla formazione. Promuovere figure come Nunziante serve a mostrare che i giovani di Foggia possono eccellere e diventare modelli di riferimento, contribuendo cos\u00ec a creare una narrativa positiva che contrasta i pregiudizi e le rappresentazioni negative della citt\u00e0.<\/p>\n\n\n\n<p>Dal punto di vista politico, questo gesto ha il potenziale di rafforzare il legame tra le istituzioni locali e la cittadinanza, specialmente tra i giovani. In un periodo in cui la fiducia nelle istituzioni \u00e8 spesso scarsa, dimostrare un supporto tangibile e visibile per i successi dei giovani pu\u00f2 aiutare a ricostruire la fiducia e il senso di appartenenza alla comunit\u00e0. Inoltre, questa iniziativa pu\u00f2 fungere da catalizzatore per ulteriori investimenti nel settore sportivo e culturale, attirando risorse e attenzione verso programmi e infrastrutture che possono migliorare la qualit\u00e0 della vita nella citt\u00e0.<\/p>\n\n\n\n<p>L&#8217;omaggio a Nunziante si inserisce anche in una pi\u00f9 ampia strategia di marketing territoriale. Riconoscere e promuovere i successi sportivi locali pu\u00f2 essere visto come un tentativo di ridefinire l&#8217;identit\u00e0 di Foggia, posizionandola come una citt\u00e0 che valorizza e investe nei suoi talenti. Questo pu\u00f2 avere un effetto positivo non solo sull&#8217;immagine interna, ma anche sulla percezione esterna, influenzando positivamente l&#8217;attrattivit\u00e0 della citt\u00e0 per investitori, turisti e nuovi residenti. In un&#8217;epoca in cui le citt\u00e0 competono per attrarre risorse e capitali umani, mostrare una comunit\u00e0 vibrante e di successo pu\u00f2 fare la differenza.<\/p>\n\n\n\n<p>Un altro aspetto politico rilevante riguarda la capacit\u00e0 di tale iniziativa di promuovere l&#8217;inclusione sociale e la coesione comunitaria. Il riconoscimento dei giovani atleti pu\u00f2 servire a unire diverse componenti della comunit\u00e0 attorno a valori condivisi di impegno, dedizione e successo. In questo modo, lo sport diventa un mezzo per superare le divisioni sociali ed economiche, promuovendo un senso di unit\u00e0 e appartenenza. Inoltre, il successo di atleti provenienti da diverse realt\u00e0 sociali pu\u00f2 dimostrare che il talento e il duro lavoro possono portare al successo indipendentemente dalle origini, contribuendo a ridurre le disuguaglianze e a promuovere l&#8217;uguaglianza di opportunit\u00e0.<\/p>\n\n\n\n<p>Le implicazioni politiche di questo omaggio si estendono anche alla dimensione educativa. Promuovere figure di successo come Nunziante pu\u00f2 ispirare altri giovani a perseguire i propri sogni e a impegnarsi nello sport e nello studio. Questo pu\u00f2 avere effetti positivi sulla motivazione e sulle ambizioni dei giovani, contribuendo a ridurre fenomeni di dispersione scolastica e devianza giovanile. Le istituzioni locali, riconoscendo e valorizzando questi successi, possono inoltre rafforzare la loro collaborazione con scuole e associazioni sportive, creando un ecosistema favorevole alla crescita e allo sviluppo dei giovani.<\/p>\n\n\n\n<p>Infine, la decisione della Commissione Cultura di omaggiare i giovani atleti locali pu\u00f2 avere implicazioni significative in termini di politiche sportive. L&#8217;investimento nello sport non solo come attivit\u00e0 ricreativa ma come strumento di formazione e sviluppo personale pu\u00f2 portare a una maggiore attenzione verso la creazione e il mantenimento di infrastrutture sportive adeguate, il supporto a societ\u00e0 sportive locali e la promozione di eventi sportivi. Questo pu\u00f2 avere un impatto positivo sulla salute pubblica, sulla coesione sociale e sul benessere generale della comunit\u00e0.<\/p>\n\n\n\n<p>In sintesi, l&#8217;omaggio della Commissione Cultura del Comune di Foggia ad Alessandro Nunziante e agli altri giovani atleti locali ha profonde implicazioni politiche. Questo gesto non solo celebra i successi individuali, ma riflette una strategia pi\u00f9 ampia per migliorare l&#8217;immagine della citt\u00e0, promuovere l&#8217;inclusione sociale, rafforzare il legame tra istituzioni e cittadini e investire nel capitale umano. Utilizzando lo sport come veicolo per promuovere valori positivi e unit\u00e0 comunitaria, Foggia pu\u00f2 costruire una narrativa di successo e coesione, contrastando i pregiudizi e le rappresentazioni negative, e creando un futuro pi\u00f9 promettente per i suoi giovani.<\/p>\n","protected":false},"excerpt":{"rendered":"<p>La Commissione Cultura del Comune di Foggia ha reso omaggio ad Alessandro Nunziante, giovane portiere della nazionale italiana di calcio<\/p>\n","protected":false},"author":6,"featured_media":2283,"comment_status":"open","ping_status":"closed","sticky":false,"template":"","format":"standard","meta":{"colormag_page_container_layout":"default_layout","colormag_page_sidebar_layout":"default_layout","footnotes":""},"categories":[33,15],"tags":[],"class_list":["post-2282","post","type-post","status-publish","format-standard","has-post-thumbnail","hentry","category-network","category-sport"],"yoast_head":"<!-- This site is optimized with the Yoast SEO plugin v27.5 - https:\/\/yoast.com\/product\/yoast-seo-wordpress\/ -->\n<title>Foggia onora Alessandro Nunziante e i giovani atleti locali - La Voce del Paese<\/title>\n<meta name=\"robots\" content=\"index, follow, max-snippet:-1, max-image-preview:large, max-video-preview:-1\" \/>\n<link rel=\"canonical\" href=\"https:\/\/lavocedelpaese.info\/index.php\/2024\/06\/12\/foggia-onora-alessandro-nunziante-e-i-giovani-atleti-locali\/\" \/>\n<meta property=\"og:locale\" content=\"it_IT\" \/>\n<meta property=\"og:type\" content=\"article\" \/>\n<meta property=\"og:title\" content=\"Foggia onora Alessandro Nunziante e i giovani atleti locali - La Voce del Paese\" \/>\n<meta property=\"og:description\" content=\"La Commissione Cultura del Comune di Foggia ha reso omaggio ad Alessandro Nunziante, giovane portiere della nazionale italiana di calcio\" \/>\n<meta property=\"og:url\" content=\"https:\/\/lavocedelpaese.info\/index.php\/2024\/06\/12\/foggia-onora-alessandro-nunziante-e-i-giovani-atleti-locali\/\" \/>\n<meta property=\"og:site_name\" content=\"La Voce del Paese\" \/>\n<meta property=\"article:publisher\" content=\"https:\/\/www.facebook.com\/lavocedelpaese.info\" \/>\n<meta property=\"article:published_time\" content=\"2024-06-12T22:59:30+00:00\" \/>\n<meta property=\"og:image\" content=\"https:\/\/lavocedelpaese.info\/wp-content\/uploads\/2024\/06\/Alex-Nunziante.jpg\" \/>\n\t<meta property=\"og:image:width\" content=\"1440\" \/>\n\t<meta property=\"og:image:height\" content=\"864\" \/>\n\t<meta property=\"og:image:type\" content=\"image\/jpeg\" \/>\n<meta name=\"author\" content=\"admin\" \/>\n<meta name=\"twitter:card\" content=\"summary_large_image\" \/>\n<meta name=\"twitter:label1\" content=\"Scritto da\" \/>\n\t<meta name=\"twitter:data1\" content=\"admin\" \/>\n\t<meta name=\"twitter:label2\" content=\"Tempo di lettura stimato\" \/>\n\t<meta name=\"twitter:data2\" content=\"5 minuti\" \/>\n<script type=\"application\/ld+json\" class=\"yoast-schema-graph\">{\"@context\":\"https:\\\/\\\/schema.org\",\"@graph\":[{\"@type\":\"Article\",\"@id\":\"https:\\\/\\\/lavocedelpaese.info\\\/index.php\\\/2024\\\/06\\\/12\\\/foggia-onora-alessandro-nunziante-e-i-giovani-atleti-locali\\\/#article\",\"isPartOf\":{\"@id\":\"https:\\\/\\\/lavocedelpaese.info\\\/index.php\\\/2024\\\/06\\\/12\\\/foggia-onora-alessandro-nunziante-e-i-giovani-atleti-locali\\\/\"},\"author\":{\"name\":\"admin\",\"@id\":\"https:\\\/\\\/lavocedelpaese.info\\\/#\\\/schema\\\/person\\\/ec151d321306bd7591f7a061abf72d88\"},\"headline\":\"Foggia onora Alessandro Nunziante e i giovani atleti locali\",\"datePublished\":\"2024-06-12T22:59:30+00:00\",\"mainEntityOfPage\":{\"@id\":\"https:\\\/\\\/lavocedelpaese.info\\\/index.php\\\/2024\\\/06\\\/12\\\/foggia-onora-alessandro-nunziante-e-i-giovani-atleti-locali\\\/\"},\"wordCount\":852,\"commentCount\":0,\"publisher\":{\"@id\":\"https:\\\/\\\/lavocedelpaese.info\\\/#organization\"},\"image\":{\"@id\":\"https:\\\/\\\/lavocedelpaese.info\\\/index.php\\\/2024\\\/06\\\/12\\\/foggia-onora-alessandro-nunziante-e-i-giovani-atleti-locali\\\/#primaryimage\"},\"thumbnailUrl\":\"https:\\\/\\\/lavocedelpaese.info\\\/wp-content\\\/uploads\\\/2024\\\/06\\\/Alex-Nunziante.jpg\",\"articleSection\":[\"network\",\"Sport\"],\"inLanguage\":\"it-IT\",\"potentialAction\":[{\"@type\":\"CommentAction\",\"name\":\"Comment\",\"target\":[\"https:\\\/\\\/lavocedelpaese.info\\\/index.php\\\/2024\\\/06\\\/12\\\/foggia-onora-alessandro-nunziante-e-i-giovani-atleti-locali\\\/#respond\"]}]},{\"@type\":\"WebPage\",\"@id\":\"https:\\\/\\\/lavocedelpaese.info\\\/index.php\\\/2024\\\/06\\\/12\\\/foggia-onora-alessandro-nunziante-e-i-giovani-atleti-locali\\\/\",\"url\":\"https:\\\/\\\/lavocedelpaese.info\\\/index.php\\\/2024\\\/06\\\/12\\\/foggia-onora-alessandro-nunziante-e-i-giovani-atleti-locali\\\/\",\"name\":\"Foggia onora Alessandro Nunziante e i giovani atleti locali - La Voce del Paese\",\"isPartOf\":{\"@id\":\"https:\\\/\\\/lavocedelpaese.info\\\/#website\"},\"primaryImageOfPage\":{\"@id\":\"https:\\\/\\\/lavocedelpaese.info\\\/index.php\\\/2024\\\/06\\\/12\\\/foggia-onora-alessandro-nunziante-e-i-giovani-atleti-locali\\\/#primaryimage\"},\"image\":{\"@id\":\"https:\\\/\\\/lavocedelpaese.info\\\/index.php\\\/2024\\\/06\\\/12\\\/foggia-onora-alessandro-nunziante-e-i-giovani-atleti-locali\\\/#primaryimage\"},\"thumbnailUrl\":\"https:\\\/\\\/lavocedelpaese.info\\\/wp-content\\\/uploads\\\/2024\\\/06\\\/Alex-Nunziante.jpg\",\"datePublished\":\"2024-06-12T22:59:30+00:00\",\"breadcrumb\":{\"@id\":\"https:\\\/\\\/lavocedelpaese.info\\\/index.php\\\/2024\\\/06\\\/12\\\/foggia-onora-alessandro-nunziante-e-i-giovani-atleti-locali\\\/#breadcrumb\"},\"inLanguage\":\"it-IT\",\"potentialAction\":[{\"@type\":\"ReadAction\",\"target\":[\"https:\\\/\\\/lavocedelpaese.info\\\/index.php\\\/2024\\\/06\\\/12\\\/foggia-onora-alessandro-nunziante-e-i-giovani-atleti-locali\\\/\"]}]},{\"@type\":\"ImageObject\",\"inLanguage\":\"it-IT\",\"@id\":\"https:\\\/\\\/lavocedelpaese.info\\\/index.php\\\/2024\\\/06\\\/12\\\/foggia-onora-alessandro-nunziante-e-i-giovani-atleti-locali\\\/#primaryimage\",\"url\":\"https:\\\/\\\/lavocedelpaese.info\\\/wp-content\\\/uploads\\\/2024\\\/06\\\/Alex-Nunziante.jpg\",\"contentUrl\":\"https:\\\/\\\/lavocedelpaese.info\\\/wp-content\\\/uploads\\\/2024\\\/06\\\/Alex-Nunziante.jpg\",\"width\":1440,\"height\":864},{\"@type\":\"BreadcrumbList\",\"@id\":\"https:\\\/\\\/lavocedelpaese.info\\\/index.php\\\/2024\\\/06\\\/12\\\/foggia-onora-alessandro-nunziante-e-i-giovani-atleti-locali\\\/#breadcrumb\",\"itemListElement\":[{\"@type\":\"ListItem\",\"position\":1,\"name\":\"Home\",\"item\":\"https:\\\/\\\/lavocedelpaese.info\\\/\"},{\"@type\":\"ListItem\",\"position\":2,\"name\":\"Foggia onora Alessandro Nunziante e i giovani atleti locali\"}]},{\"@type\":\"WebSite\",\"@id\":\"https:\\\/\\\/lavocedelpaese.info\\\/#website\",\"url\":\"https:\\\/\\\/lavocedelpaese.info\\\/\",\"name\":\"La Voce del Paese\",\"description\":\"Un network di idee\",\"publisher\":{\"@id\":\"https:\\\/\\\/lavocedelpaese.info\\\/#organization\"},\"potentialAction\":[{\"@type\":\"SearchAction\",\"target\":{\"@type\":\"EntryPoint\",\"urlTemplate\":\"https:\\\/\\\/lavocedelpaese.info\\\/?s={search_term_string}\"},\"query-input\":{\"@type\":\"PropertyValueSpecification\",\"valueRequired\":true,\"valueName\":\"search_term_string\"}}],\"inLanguage\":\"it-IT\"},{\"@type\":\"Organization\",\"@id\":\"https:\\\/\\\/lavocedelpaese.info\\\/#organization\",\"name\":\"La Voce del Paese\",\"url\":\"https:\\\/\\\/lavocedelpaese.info\\\/\",\"logo\":{\"@type\":\"ImageObject\",\"inLanguage\":\"it-IT\",\"@id\":\"https:\\\/\\\/lavocedelpaese.info\\\/#\\\/schema\\\/logo\\\/image\\\/\",\"url\":\"https:\\\/\\\/lavocedelpaese.info\\\/wp-content\\\/uploads\\\/2023\\\/01\\\/cropped-logo-150-127.png\",\"contentUrl\":\"https:\\\/\\\/lavocedelpaese.info\\\/wp-content\\\/uploads\\\/2023\\\/01\\\/cropped-logo-150-127.png\",\"width\":137,\"height\":119,\"caption\":\"La Voce del Paese\"},\"image\":{\"@id\":\"https:\\\/\\\/lavocedelpaese.info\\\/#\\\/schema\\\/logo\\\/image\\\/\"},\"sameAs\":[\"https:\\\/\\\/www.facebook.com\\\/lavocedelpaese.info\"]},{\"@type\":\"Person\",\"@id\":\"https:\\\/\\\/lavocedelpaese.info\\\/#\\\/schema\\\/person\\\/ec151d321306bd7591f7a061abf72d88\",\"name\":\"admin\",\"image\":{\"@type\":\"ImageObject\",\"inLanguage\":\"it-IT\",\"@id\":\"https:\\\/\\\/secure.gravatar.com\\\/avatar\\\/af8f2caf0663124588de48a9380e07cbc95a74ef15b8062d0d39106c32fe3023?s=96&d=mm&r=g\",\"url\":\"https:\\\/\\\/secure.gravatar.com\\\/avatar\\\/af8f2caf0663124588de48a9380e07cbc95a74ef15b8062d0d39106c32fe3023?s=96&d=mm&r=g\",\"contentUrl\":\"https:\\\/\\\/secure.gravatar.com\\\/avatar\\\/af8f2caf0663124588de48a9380e07cbc95a74ef15b8062d0d39106c32fe3023?s=96&d=mm&r=g\",\"caption\":\"admin\"},\"sameAs\":[\"https:\\\/\\\/lavocedelpaese.info\"],\"url\":\"https:\\\/\\\/lavocedelpaese.info\\\/index.php\\\/author\\\/admin\\\/\"}]}<\/script>\n<!-- \/ Yoast SEO plugin. -->","yoast_head_json":{"title":"Foggia onora Alessandro Nunziante e i giovani atleti locali - La Voce del Paese","robots":{"index":"index","follow":"follow","max-snippet":"max-snippet:-1","max-image-preview":"max-image-preview:large","max-video-preview":"max-video-preview:-1"},"canonical":"https:\/\/lavocedelpaese.info\/index.php\/2024\/06\/12\/foggia-onora-alessandro-nunziante-e-i-giovani-atleti-locali\/","og_locale":"it_IT","og_type":"article","og_title":"Foggia onora Alessandro Nunziante e i giovani atleti locali - La Voce del Paese","og_description":"La Commissione Cultura del Comune di Foggia ha reso omaggio ad Alessandro Nunziante, giovane portiere della nazionale italiana di calcio","og_url":"https:\/\/lavocedelpaese.info\/index.php\/2024\/06\/12\/foggia-onora-alessandro-nunziante-e-i-giovani-atleti-locali\/","og_site_name":"La Voce del Paese","article_publisher":"https:\/\/www.facebook.com\/lavocedelpaese.info","article_published_time":"2024-06-12T22:59:30+00:00","og_image":[{"width":1440,"height":864,"url":"https:\/\/lavocedelpaese.info\/wp-content\/uploads\/2024\/06\/Alex-Nunziante.jpg","type":"image\/jpeg"}],"author":"admin","twitter_card":"summary_large_image","twitter_misc":{"Scritto da":"admin","Tempo di lettura stimato":"5 minuti"},"schema":{"@context":"https:\/\/schema.org","@graph":[{"@type":"Article","@id":"https:\/\/lavocedelpaese.info\/index.php\/2024\/06\/12\/foggia-onora-alessandro-nunziante-e-i-giovani-atleti-locali\/#article","isPartOf":{"@id":"https:\/\/lavocedelpaese.info\/index.php\/2024\/06\/12\/foggia-onora-alessandro-nunziante-e-i-giovani-atleti-locali\/"},"author":{"name":"admin","@id":"https:\/\/lavocedelpaese.info\/#\/schema\/person\/ec151d321306bd7591f7a061abf72d88"},"headline":"Foggia onora Alessandro Nunziante e i giovani atleti locali","datePublished":"2024-06-12T22:59:30+00:00","mainEntityOfPage":{"@id":"https:\/\/lavocedelpaese.info\/index.php\/2024\/06\/12\/foggia-onora-alessandro-nunziante-e-i-giovani-atleti-locali\/"},"wordCount":852,"commentCount":0,"publisher":{"@id":"https:\/\/lavocedelpaese.info\/#organization"},"image":{"@id":"https:\/\/lavocedelpaese.info\/index.php\/2024\/06\/12\/foggia-onora-alessandro-nunziante-e-i-giovani-atleti-locali\/#primaryimage"},"thumbnailUrl":"https:\/\/lavocedelpaese.info\/wp-content\/uploads\/2024\/06\/Alex-Nunziante.jpg","articleSection":["network","Sport"],"inLanguage":"it-IT","potentialAction":[{"@type":"CommentAction","name":"Comment","target":["https:\/\/lavocedelpaese.info\/index.php\/2024\/06\/12\/foggia-onora-alessandro-nunziante-e-i-giovani-atleti-locali\/#respond"]}]},{"@type":"WebPage","@id":"https:\/\/lavocedelpaese.info\/index.php\/2024\/06\/12\/foggia-onora-alessandro-nunziante-e-i-giovani-atleti-locali\/","url":"https:\/\/lavocedelpaese.info\/index.php\/2024\/06\/12\/foggia-onora-alessandro-nunziante-e-i-giovani-atleti-locali\/","name":"Foggia onora Alessandro Nunziante e i giovani atleti locali - La Voce del Paese","isPartOf":{"@id":"https:\/\/lavocedelpaese.info\/#website"},"primaryImageOfPage":{"@id":"https:\/\/lavocedelpaese.info\/index.php\/2024\/06\/12\/foggia-onora-alessandro-nunziante-e-i-giovani-atleti-locali\/#primaryimage"},"image":{"@id":"https:\/\/lavocedelpaese.info\/index.php\/2024\/06\/12\/foggia-onora-alessandro-nunziante-e-i-giovani-atleti-locali\/#primaryimage"},"thumbnailUrl":"https:\/\/lavocedelpaese.info\/wp-content\/uploads\/2024\/06\/Alex-Nunziante.jpg","datePublished":"2024-06-12T22:59:30+00:00","breadcrumb":{"@id":"https:\/\/lavocedelpaese.info\/index.php\/2024\/06\/12\/foggia-onora-alessandro-nunziante-e-i-giovani-atleti-locali\/#breadcrumb"},"inLanguage":"it-IT","potentialAction":[{"@type":"ReadAction","target":["https:\/\/lavocedelpaese.info\/index.php\/2024\/06\/12\/foggia-onora-alessandro-nunziante-e-i-giovani-atleti-locali\/"]}]},{"@type":"ImageObject","inLanguage":"it-IT","@id":"https:\/\/lavocedelpaese.info\/index.php\/2024\/06\/12\/foggia-onora-alessandro-nunziante-e-i-giovani-atleti-locali\/#primaryimage","url":"https:\/\/lavocedelpaese.info\/wp-content\/uploads\/2024\/06\/Alex-Nunziante.jpg","contentUrl":"https:\/\/lavocedelpaese.info\/wp-content\/uploads\/2024\/06\/Alex-Nunziante.jpg","width":1440,"height":864},{"@type":"BreadcrumbList","@id":"https:\/\/lavocedelpaese.info\/index.php\/2024\/06\/12\/foggia-onora-alessandro-nunziante-e-i-giovani-atleti-locali\/#breadcrumb","itemListElement":[{"@type":"ListItem","position":1,"name":"Home","item":"https:\/\/lavocedelpaese.info\/"},{"@type":"ListItem","position":2,"name":"Foggia onora Alessandro Nunziante e i giovani atleti locali"}]},{"@type":"WebSite","@id":"https:\/\/lavocedelpaese.info\/#website","url":"https:\/\/lavocedelpaese.info\/","name":"La Voce del Paese","description":"Un network di idee","publisher":{"@id":"https:\/\/lavocedelpaese.info\/#organization"},"potentialAction":[{"@type":"SearchAction","target":{"@type":"EntryPoint","urlTemplate":"https:\/\/lavocedelpaese.info\/?s={search_term_string}"},"query-input":{"@type":"PropertyValueSpecification","valueRequired":true,"valueName":"search_term_string"}}],"inLanguage":"it-IT"},{"@type":"Organization","@id":"https:\/\/lavocedelpaese.info\/#organization","name":"La Voce del Paese","url":"https:\/\/lavocedelpaese.info\/","logo":{"@type":"ImageObject","inLanguage":"it-IT","@id":"https:\/\/lavocedelpaese.info\/#\/schema\/logo\/image\/","url":"https:\/\/lavocedelpaese.info\/wp-content\/uploads\/2023\/01\/cropped-logo-150-127.png","contentUrl":"https:\/\/lavocedelpaese.info\/wp-content\/uploads\/2023\/01\/cropped-logo-150-127.png","width":137,"height":119,"caption":"La Voce del Paese"},"image":{"@id":"https:\/\/lavocedelpaese.info\/#\/schema\/logo\/image\/"},"sameAs":["https:\/\/www.facebook.com\/lavocedelpaese.info"]},{"@type":"Person","@id":"https:\/\/lavocedelpaese.info\/#\/schema\/person\/ec151d321306bd7591f7a061abf72d88","name":"admin","image":{"@type":"ImageObject","inLanguage":"it-IT","@id":"https:\/\/secure.gravatar.com\/avatar\/af8f2caf0663124588de48a9380e07cbc95a74ef15b8062d0d39106c32fe3023?s=96&d=mm&r=g","url":"https:\/\/secure.gravatar.com\/avatar\/af8f2caf0663124588de48a9380e07cbc95a74ef15b8062d0d39106c32fe3023?s=96&d=mm&r=g","contentUrl":"https:\/\/secure.gravatar.com\/avatar\/af8f2caf0663124588de48a9380e07cbc95a74ef15b8062d0d39106c32fe3023?s=96&d=mm&r=g","caption":"admin"},"sameAs":["https:\/\/lavocedelpaese.info"],"url":"https:\/\/lavocedelpaese.info\/index.php\/author\/admin\/"}]}},"_links":{"self":[{"href":"https:\/\/lavocedelpaese.info\/index.php\/wp-json\/wp\/v2\/posts\/2282","targetHints":{"allow":["GET"]}}],"collection":[{"href":"https:\/\/lavocedelpaese.info\/index.php\/wp-json\/wp\/v2\/posts"}],"about":[{"href":"https:\/\/lavocedelpaese.info\/index.php\/wp-json\/wp\/v2\/types\/post"}],"author":[{"embeddable":true,"href":"https:\/\/lavocedelpaese.info\/index.php\/wp-json\/wp\/v2\/users\/6"}],"replies":[{"embeddable":true,"href":"https:\/\/lavocedelpaese.info\/index.php\/wp-json\/wp\/v2\/comments?post=2282"}],"version-history":[{"count":1,"href":"https:\/\/lavocedelpaese.info\/index.php\/wp-json\/wp\/v2\/posts\/2282\/revisions"}],"predecessor-version":[{"id":2284,"href":"https:\/\/lavocedelpaese.info\/index.php\/wp-json\/wp\/v2\/posts\/2282\/revisions\/2284"}],"wp:featuredmedia":[{"embeddable":true,"href":"https:\/\/lavocedelpaese.info\/index.php\/wp-json\/wp\/v2\/media\/2283"}],"wp:attachment":[{"href":"https:\/\/lavocedelpaese.info\/index.php\/wp-json\/wp\/v2\/media?parent=2282"}],"wp:term":[{"taxonomy":"category","embeddable":true,"href":"https:\/\/lavocedelpaese.info\/index.php\/wp-json\/wp\/v2\/categories?post=2282"},{"taxonomy":"post_tag","embeddable":true,"href":"https:\/\/lavocedelpaese.info\/index.php\/wp-json\/wp\/v2\/tags?post=2282"}],"curies":[{"name":"wp","href":"https:\/\/api.w.org\/{rel}","templated":true}]}}