{"id":2276,"date":"2024-06-12T22:32:11","date_gmt":"2024-06-12T22:32:11","guid":{"rendered":"https:\/\/lavocedelpaese.info\/?p=2276"},"modified":"2024-06-12T22:32:13","modified_gmt":"2024-06-12T22:32:13","slug":"sopralluogo-di-enac-e-adp-allaeroporto-di-grottaglie-in-vista-del-g7","status":"publish","type":"post","link":"https:\/\/lavocedelpaese.info\/index.php\/2024\/06\/12\/sopralluogo-di-enac-e-adp-allaeroporto-di-grottaglie-in-vista-del-g7\/","title":{"rendered":"Sopralluogo di Enac e Adp all&#8217;Aeroporto di Grottaglie in vista del G7"},"content":{"rendered":"\n<p>In preparazione del vertice G7 che si terr\u00e0 in Puglia dal 13 al 15 giugno, il Presidente di Enac Pierluigi Di Palma e il Presidente di Aeroporti di Puglia Antonio Maria Vasile hanno effettuato un sopralluogo negli aeroporti pugliesi, tra cui Brindisi e Grottaglie. Di Palma ha sottolineato che gli aeroporti pugliesi sono pronti a garantire servizi di alta qualit\u00e0 e sicurezza per accogliere leader internazionali. Vasile ha aggiunto che la preparazione \u00e8 in corso da mesi, grazie al lavoro di squadra degli operatori aeroportuali e al supporto della Regione Puglia. Ha invitato i passeggeri a collaborare, anticipando l&#8217;arrivo in aeroporto e preferendo i mezzi pubblici, per assicurare il successo dell&#8217;evento, che rappresenta una grande opportunit\u00e0 per la regione.<\/p>\n\n\n\n<p>Il sopralluogo di Enac e AdP agli aeroporti di Grottaglie e Brindisi in vista del G7 ha significative implicazioni per le politiche di sicurezza, richiedendo un approccio integrato e multifaceted per garantire la protezione dei leader mondiali e la gestione efficiente delle operazioni aeroportuali. La preparazione per il vertice implica una serie di misure di sicurezza avanzate che coinvolgono una cooperazione tra diverse agenzie e istituzioni, comprese le forze dell&#8217;ordine locali, nazionali e internazionali, i servizi di sicurezza aeroportuali e le autorit\u00e0 governative.<\/p>\n\n\n\n<p>In primo luogo, la presenza di leader mondiali richiede l&#8217;implementazione di misure di sicurezza straordinarie per prevenire qualsiasi tipo di minaccia. Questo include il rafforzamento della sicurezza perimetrale degli aeroporti, con un aumento del personale di sicurezza, l&#8217;installazione di barriere fisiche aggiuntive e l&#8217;uso di tecnologie avanzate come scanner biometrici e sistemi di rilevamento esplosivi. La sicurezza cibernetica diventa altrettanto cruciale, con la necessit\u00e0 di proteggere le comunicazioni e i dati sensibili delle delegazioni attraverso sistemi di crittografia avanzati e monitoraggio continuo delle reti informatiche.<\/p>\n\n\n\n<p>La complessit\u00e0 di un evento come il G7 richiede una stretta coordinazione tra le varie agenzie di sicurezza. Le forze di polizia locali lavoreranno a stretto contatto con i servizi di sicurezza nazionali e internazionali per condividere informazioni e coordinare le operazioni. Questo potrebbe includere la creazione di un centro di comando congiunto per facilitare la comunicazione e la risposta rapida a qualsiasi incidente. Inoltre, le esercitazioni di sicurezza simulate potrebbero essere condotte per preparare il personale a scenari di emergenza, garantendo una risposta efficiente e coordinata.<\/p>\n\n\n\n<p>La protezione dei leader mondiali implica operazioni di sicurezza altamente specializzate. Gli agenti di sicurezza personali delle delegazioni lavoreranno con le forze di sicurezza locali per garantire la protezione durante gli spostamenti da e verso gli aeroporti e le sedi degli incontri. Questo include l&#8217;uso di convogli blindati, la sorveglianza aerea con elicotteri e droni, e l&#8217;impiego di unit\u00e0 tattiche pronte a intervenire in caso di emergenza. Le rotte di viaggio saranno pianificate con attenzione per minimizzare i rischi, e saranno implementati piani di evacuazione di emergenza.<\/p>\n\n\n\n<p>La sicurezza intensificata avr\u00e0 un impatto significativo sulle operazioni quotidiane degli aeroporti. I passeggeri dovranno affrontare controlli di sicurezza pi\u00f9 rigidi e tempi di attesa pi\u00f9 lunghi. \u00c8 fondamentale che le autorit\u00e0 aeroportuali gestiscano questi aspetti con efficienza per ridurre al minimo i disagi. Comunicazioni chiare e tempestive ai passeggeri su eventuali modifiche ai voli e ai protocolli di sicurezza saranno essenziali. Le autorit\u00e0 potrebbero anche consigliare ai passeggeri di arrivare in aeroporto con largo anticipo e di utilizzare i mezzi pubblici per evitare congestionamenti.<\/p>\n\n\n\n<p>Coinvolgere le comunit\u00e0 locali \u00e8 cruciale per garantire una sicurezza efficace. Le autorit\u00e0 dovranno comunicare chiaramente con i residenti locali, informandoli delle misure di sicurezza e delle possibili interruzioni. La collaborazione con le imprese locali, in particolare quelle che operano nei settori del trasporto e della logistica, sar\u00e0 essenziale per garantire che i flussi di persone e merci siano gestiti in modo sicuro e senza intoppi. Eventuali manifestazioni o proteste dovranno essere monitorate attentamente per prevenire disordini e garantire la sicurezza di tutti i partecipanti.<\/p>\n\n\n\n<p>Data l&#8217;alta visibilit\u00e0 del G7, la prevenzione di minacce terroristiche diventa una priorit\u00e0 assoluta. Questo richiede un monitoraggio continuo delle minacce potenziali attraverso l&#8217;analisi delle informazioni di intelligence. Le forze di sicurezza utilizzeranno una variet\u00e0 di strumenti, tra cui sorveglianza elettronica, operazioni sotto copertura e collaborazioni internazionali per identificare e neutralizzare eventuali minacce prima che possano concretizzarsi. L&#8217;addestramento specializzato per il personale di sicurezza sar\u00e0 fondamentale per garantire che siano pronti a rispondere efficacemente a qualsiasi tipo di attacco.<\/p>\n\n\n\n<p>La protezione delle infrastrutture critiche, come le reti di trasporto e comunicazione, \u00e8 essenziale durante un evento di questa portata. Le misure di sicurezza dovranno includere il monitoraggio e la protezione delle infrastrutture energetiche, idriche e delle telecomunicazioni per prevenire sabotaggi. La resilienza delle infrastrutture sar\u00e0 testata attraverso simulazioni e stress test per garantire che possano continuare a funzionare anche in caso di attacco o di emergenza.<\/p>\n\n\n\n<p>L&#8217;evento G7 offre anche l&#8217;opportunit\u00e0 di rafforzare la collaborazione internazionale in materia di sicurezza. Le forze di sicurezza italiane collaboreranno con le agenzie di sicurezza dei paesi partecipanti per scambiare informazioni e migliori pratiche. Questa cooperazione rafforza i legami internazionali e migliora la capacit\u00e0 collettiva di affrontare minacce comuni. L&#8217;esperienza acquisita dalle operazioni di sicurezza durante il G7 pu\u00f2 essere utilizzata per migliorare le politiche di sicurezza future e le capacit\u00e0 operative.<\/p>\n\n\n\n<p>Dopo il vertice, una valutazione completa delle operazioni di sicurezza sar\u00e0 necessaria per identificare le aree di successo e quelle che richiedono miglioramenti. Le lezioni apprese saranno fondamentali per sviluppare strategie di sicurezza pi\u00f9 efficaci per eventi futuri. Questa valutazione dovrebbe includere input da tutte le parti coinvolte, comprese le agenzie di sicurezza, le autorit\u00e0 aeroportuali, i rappresentanti delle delegazioni e la comunit\u00e0 locale.<\/p>\n\n\n\n<p>Il sopralluogo di Enac e AdP agli aeroporti di Grottaglie e Brindisi in vista del G7 evidenzia l&#8217;importanza di politiche di sicurezza ben pianificate e coordinate per garantire la protezione dei leader mondiali e la gestione efficiente delle operazioni aeroportuali. Attraverso misure di sicurezza avanzate, cooperazione interagenzia, protezione delle personalit\u00e0, gestione delle operazioni aeroportuali, collaborazione con le comunit\u00e0 locali, prevenzione di minacce terroristiche, protezione delle infrastrutture critiche e rafforzamento della collaborazione internazionale, le autorit\u00e0 italiane possono garantire la sicurezza durante il vertice e trarre lezioni preziose per il futuro.<\/p>\n","protected":false},"excerpt":{"rendered":"<p>In preparazione del vertice G7 che si terr\u00e0 in Puglia dal 13 al 15 giugno, il Presidente di Enac Pierluigi<\/p>\n","protected":false},"author":6,"featured_media":2277,"comment_status":"open","ping_status":"closed","sticky":false,"template":"","format":"standard","meta":{"colormag_page_container_layout":"default_layout","colormag_page_sidebar_layout":"default_layout","footnotes":""},"categories":[2],"tags":[],"class_list":["post-2276","post","type-post","status-publish","format-standard","has-post-thumbnail","hentry","category-attualita"],"yoast_head":"<!-- This site is optimized with the Yoast SEO plugin v27.5 - https:\/\/yoast.com\/product\/yoast-seo-wordpress\/ -->\n<title>Sopralluogo di Enac e Adp all&#039;Aeroporto di Grottaglie in vista del G7 - La Voce del Paese<\/title>\n<meta name=\"robots\" content=\"index, follow, max-snippet:-1, max-image-preview:large, max-video-preview:-1\" \/>\n<link rel=\"canonical\" href=\"https:\/\/lavocedelpaese.info\/index.php\/2024\/06\/12\/sopralluogo-di-enac-e-adp-allaeroporto-di-grottaglie-in-vista-del-g7\/\" \/>\n<meta property=\"og:locale\" content=\"it_IT\" \/>\n<meta property=\"og:type\" content=\"article\" \/>\n<meta property=\"og:title\" content=\"Sopralluogo di Enac e Adp all&#039;Aeroporto di Grottaglie in vista del G7 - La Voce del Paese\" \/>\n<meta property=\"og:description\" content=\"In preparazione del vertice G7 che si terr\u00e0 in Puglia dal 13 al 15 giugno, il Presidente di Enac Pierluigi\" \/>\n<meta property=\"og:url\" content=\"https:\/\/lavocedelpaese.info\/index.php\/2024\/06\/12\/sopralluogo-di-enac-e-adp-allaeroporto-di-grottaglie-in-vista-del-g7\/\" \/>\n<meta property=\"og:site_name\" content=\"La Voce del Paese\" \/>\n<meta property=\"article:publisher\" content=\"https:\/\/www.facebook.com\/lavocedelpaese.info\" \/>\n<meta property=\"article:published_time\" content=\"2024-06-12T22:32:11+00:00\" \/>\n<meta property=\"article:modified_time\" content=\"2024-06-12T22:32:13+00:00\" \/>\n<meta property=\"og:image\" content=\"https:\/\/lavocedelpaese.info\/wp-content\/uploads\/2024\/06\/enac-e-adp.webp\" \/>\n\t<meta property=\"og:image:width\" content=\"1200\" \/>\n\t<meta property=\"og:image:height\" content=\"596\" \/>\n\t<meta property=\"og:image:type\" content=\"image\/webp\" \/>\n<meta name=\"author\" content=\"admin\" \/>\n<meta name=\"twitter:card\" content=\"summary_large_image\" \/>\n<meta name=\"twitter:label1\" content=\"Scritto da\" \/>\n\t<meta name=\"twitter:data1\" content=\"admin\" \/>\n\t<meta name=\"twitter:label2\" content=\"Tempo di lettura stimato\" \/>\n\t<meta name=\"twitter:data2\" content=\"6 minuti\" \/>\n<script type=\"application\/ld+json\" class=\"yoast-schema-graph\">{\"@context\":\"https:\\\/\\\/schema.org\",\"@graph\":[{\"@type\":\"Article\",\"@id\":\"https:\\\/\\\/lavocedelpaese.info\\\/index.php\\\/2024\\\/06\\\/12\\\/sopralluogo-di-enac-e-adp-allaeroporto-di-grottaglie-in-vista-del-g7\\\/#article\",\"isPartOf\":{\"@id\":\"https:\\\/\\\/lavocedelpaese.info\\\/index.php\\\/2024\\\/06\\\/12\\\/sopralluogo-di-enac-e-adp-allaeroporto-di-grottaglie-in-vista-del-g7\\\/\"},\"author\":{\"name\":\"admin\",\"@id\":\"https:\\\/\\\/lavocedelpaese.info\\\/#\\\/schema\\\/person\\\/ec151d321306bd7591f7a061abf72d88\"},\"headline\":\"Sopralluogo di Enac e Adp all&#8217;Aeroporto di Grottaglie in vista del G7\",\"datePublished\":\"2024-06-12T22:32:11+00:00\",\"dateModified\":\"2024-06-12T22:32:13+00:00\",\"mainEntityOfPage\":{\"@id\":\"https:\\\/\\\/lavocedelpaese.info\\\/index.php\\\/2024\\\/06\\\/12\\\/sopralluogo-di-enac-e-adp-allaeroporto-di-grottaglie-in-vista-del-g7\\\/\"},\"wordCount\":1024,\"commentCount\":0,\"publisher\":{\"@id\":\"https:\\\/\\\/lavocedelpaese.info\\\/#organization\"},\"image\":{\"@id\":\"https:\\\/\\\/lavocedelpaese.info\\\/index.php\\\/2024\\\/06\\\/12\\\/sopralluogo-di-enac-e-adp-allaeroporto-di-grottaglie-in-vista-del-g7\\\/#primaryimage\"},\"thumbnailUrl\":\"https:\\\/\\\/lavocedelpaese.info\\\/wp-content\\\/uploads\\\/2024\\\/06\\\/enac-e-adp.webp\",\"articleSection\":[\"Attualit\u00e0\"],\"inLanguage\":\"it-IT\",\"potentialAction\":[{\"@type\":\"CommentAction\",\"name\":\"Comment\",\"target\":[\"https:\\\/\\\/lavocedelpaese.info\\\/index.php\\\/2024\\\/06\\\/12\\\/sopralluogo-di-enac-e-adp-allaeroporto-di-grottaglie-in-vista-del-g7\\\/#respond\"]}]},{\"@type\":\"WebPage\",\"@id\":\"https:\\\/\\\/lavocedelpaese.info\\\/index.php\\\/2024\\\/06\\\/12\\\/sopralluogo-di-enac-e-adp-allaeroporto-di-grottaglie-in-vista-del-g7\\\/\",\"url\":\"https:\\\/\\\/lavocedelpaese.info\\\/index.php\\\/2024\\\/06\\\/12\\\/sopralluogo-di-enac-e-adp-allaeroporto-di-grottaglie-in-vista-del-g7\\\/\",\"name\":\"Sopralluogo di Enac e Adp all'Aeroporto di Grottaglie in vista del G7 - La Voce del Paese\",\"isPartOf\":{\"@id\":\"https:\\\/\\\/lavocedelpaese.info\\\/#website\"},\"primaryImageOfPage\":{\"@id\":\"https:\\\/\\\/lavocedelpaese.info\\\/index.php\\\/2024\\\/06\\\/12\\\/sopralluogo-di-enac-e-adp-allaeroporto-di-grottaglie-in-vista-del-g7\\\/#primaryimage\"},\"image\":{\"@id\":\"https:\\\/\\\/lavocedelpaese.info\\\/index.php\\\/2024\\\/06\\\/12\\\/sopralluogo-di-enac-e-adp-allaeroporto-di-grottaglie-in-vista-del-g7\\\/#primaryimage\"},\"thumbnailUrl\":\"https:\\\/\\\/lavocedelpaese.info\\\/wp-content\\\/uploads\\\/2024\\\/06\\\/enac-e-adp.webp\",\"datePublished\":\"2024-06-12T22:32:11+00:00\",\"dateModified\":\"2024-06-12T22:32:13+00:00\",\"breadcrumb\":{\"@id\":\"https:\\\/\\\/lavocedelpaese.info\\\/index.php\\\/2024\\\/06\\\/12\\\/sopralluogo-di-enac-e-adp-allaeroporto-di-grottaglie-in-vista-del-g7\\\/#breadcrumb\"},\"inLanguage\":\"it-IT\",\"potentialAction\":[{\"@type\":\"ReadAction\",\"target\":[\"https:\\\/\\\/lavocedelpaese.info\\\/index.php\\\/2024\\\/06\\\/12\\\/sopralluogo-di-enac-e-adp-allaeroporto-di-grottaglie-in-vista-del-g7\\\/\"]}]},{\"@type\":\"ImageObject\",\"inLanguage\":\"it-IT\",\"@id\":\"https:\\\/\\\/lavocedelpaese.info\\\/index.php\\\/2024\\\/06\\\/12\\\/sopralluogo-di-enac-e-adp-allaeroporto-di-grottaglie-in-vista-del-g7\\\/#primaryimage\",\"url\":\"https:\\\/\\\/lavocedelpaese.info\\\/wp-content\\\/uploads\\\/2024\\\/06\\\/enac-e-adp.webp\",\"contentUrl\":\"https:\\\/\\\/lavocedelpaese.info\\\/wp-content\\\/uploads\\\/2024\\\/06\\\/enac-e-adp.webp\",\"width\":1200,\"height\":596},{\"@type\":\"BreadcrumbList\",\"@id\":\"https:\\\/\\\/lavocedelpaese.info\\\/index.php\\\/2024\\\/06\\\/12\\\/sopralluogo-di-enac-e-adp-allaeroporto-di-grottaglie-in-vista-del-g7\\\/#breadcrumb\",\"itemListElement\":[{\"@type\":\"ListItem\",\"position\":1,\"name\":\"Home\",\"item\":\"https:\\\/\\\/lavocedelpaese.info\\\/\"},{\"@type\":\"ListItem\",\"position\":2,\"name\":\"Sopralluogo di Enac e Adp all&#8217;Aeroporto di Grottaglie in vista del G7\"}]},{\"@type\":\"WebSite\",\"@id\":\"https:\\\/\\\/lavocedelpaese.info\\\/#website\",\"url\":\"https:\\\/\\\/lavocedelpaese.info\\\/\",\"name\":\"La Voce del Paese\",\"description\":\"Un network di idee\",\"publisher\":{\"@id\":\"https:\\\/\\\/lavocedelpaese.info\\\/#organization\"},\"potentialAction\":[{\"@type\":\"SearchAction\",\"target\":{\"@type\":\"EntryPoint\",\"urlTemplate\":\"https:\\\/\\\/lavocedelpaese.info\\\/?s={search_term_string}\"},\"query-input\":{\"@type\":\"PropertyValueSpecification\",\"valueRequired\":true,\"valueName\":\"search_term_string\"}}],\"inLanguage\":\"it-IT\"},{\"@type\":\"Organization\",\"@id\":\"https:\\\/\\\/lavocedelpaese.info\\\/#organization\",\"name\":\"La Voce del Paese\",\"url\":\"https:\\\/\\\/lavocedelpaese.info\\\/\",\"logo\":{\"@type\":\"ImageObject\",\"inLanguage\":\"it-IT\",\"@id\":\"https:\\\/\\\/lavocedelpaese.info\\\/#\\\/schema\\\/logo\\\/image\\\/\",\"url\":\"https:\\\/\\\/lavocedelpaese.info\\\/wp-content\\\/uploads\\\/2023\\\/01\\\/cropped-logo-150-127.png\",\"contentUrl\":\"https:\\\/\\\/lavocedelpaese.info\\\/wp-content\\\/uploads\\\/2023\\\/01\\\/cropped-logo-150-127.png\",\"width\":137,\"height\":119,\"caption\":\"La Voce del Paese\"},\"image\":{\"@id\":\"https:\\\/\\\/lavocedelpaese.info\\\/#\\\/schema\\\/logo\\\/image\\\/\"},\"sameAs\":[\"https:\\\/\\\/www.facebook.com\\\/lavocedelpaese.info\"]},{\"@type\":\"Person\",\"@id\":\"https:\\\/\\\/lavocedelpaese.info\\\/#\\\/schema\\\/person\\\/ec151d321306bd7591f7a061abf72d88\",\"name\":\"admin\",\"image\":{\"@type\":\"ImageObject\",\"inLanguage\":\"it-IT\",\"@id\":\"https:\\\/\\\/secure.gravatar.com\\\/avatar\\\/af8f2caf0663124588de48a9380e07cbc95a74ef15b8062d0d39106c32fe3023?s=96&d=mm&r=g\",\"url\":\"https:\\\/\\\/secure.gravatar.com\\\/avatar\\\/af8f2caf0663124588de48a9380e07cbc95a74ef15b8062d0d39106c32fe3023?s=96&d=mm&r=g\",\"contentUrl\":\"https:\\\/\\\/secure.gravatar.com\\\/avatar\\\/af8f2caf0663124588de48a9380e07cbc95a74ef15b8062d0d39106c32fe3023?s=96&d=mm&r=g\",\"caption\":\"admin\"},\"sameAs\":[\"https:\\\/\\\/lavocedelpaese.info\"],\"url\":\"https:\\\/\\\/lavocedelpaese.info\\\/index.php\\\/author\\\/admin\\\/\"}]}<\/script>\n<!-- \/ Yoast SEO plugin. -->","yoast_head_json":{"title":"Sopralluogo di Enac e Adp all'Aeroporto di Grottaglie in vista del G7 - La Voce del Paese","robots":{"index":"index","follow":"follow","max-snippet":"max-snippet:-1","max-image-preview":"max-image-preview:large","max-video-preview":"max-video-preview:-1"},"canonical":"https:\/\/lavocedelpaese.info\/index.php\/2024\/06\/12\/sopralluogo-di-enac-e-adp-allaeroporto-di-grottaglie-in-vista-del-g7\/","og_locale":"it_IT","og_type":"article","og_title":"Sopralluogo di Enac e Adp all'Aeroporto di Grottaglie in vista del G7 - La Voce del Paese","og_description":"In preparazione del vertice G7 che si terr\u00e0 in Puglia dal 13 al 15 giugno, il Presidente di Enac Pierluigi","og_url":"https:\/\/lavocedelpaese.info\/index.php\/2024\/06\/12\/sopralluogo-di-enac-e-adp-allaeroporto-di-grottaglie-in-vista-del-g7\/","og_site_name":"La Voce del Paese","article_publisher":"https:\/\/www.facebook.com\/lavocedelpaese.info","article_published_time":"2024-06-12T22:32:11+00:00","article_modified_time":"2024-06-12T22:32:13+00:00","og_image":[{"width":1200,"height":596,"url":"https:\/\/lavocedelpaese.info\/wp-content\/uploads\/2024\/06\/enac-e-adp.webp","type":"image\/webp"}],"author":"admin","twitter_card":"summary_large_image","twitter_misc":{"Scritto da":"admin","Tempo di lettura stimato":"6 minuti"},"schema":{"@context":"https:\/\/schema.org","@graph":[{"@type":"Article","@id":"https:\/\/lavocedelpaese.info\/index.php\/2024\/06\/12\/sopralluogo-di-enac-e-adp-allaeroporto-di-grottaglie-in-vista-del-g7\/#article","isPartOf":{"@id":"https:\/\/lavocedelpaese.info\/index.php\/2024\/06\/12\/sopralluogo-di-enac-e-adp-allaeroporto-di-grottaglie-in-vista-del-g7\/"},"author":{"name":"admin","@id":"https:\/\/lavocedelpaese.info\/#\/schema\/person\/ec151d321306bd7591f7a061abf72d88"},"headline":"Sopralluogo di Enac e Adp all&#8217;Aeroporto di Grottaglie in vista del G7","datePublished":"2024-06-12T22:32:11+00:00","dateModified":"2024-06-12T22:32:13+00:00","mainEntityOfPage":{"@id":"https:\/\/lavocedelpaese.info\/index.php\/2024\/06\/12\/sopralluogo-di-enac-e-adp-allaeroporto-di-grottaglie-in-vista-del-g7\/"},"wordCount":1024,"commentCount":0,"publisher":{"@id":"https:\/\/lavocedelpaese.info\/#organization"},"image":{"@id":"https:\/\/lavocedelpaese.info\/index.php\/2024\/06\/12\/sopralluogo-di-enac-e-adp-allaeroporto-di-grottaglie-in-vista-del-g7\/#primaryimage"},"thumbnailUrl":"https:\/\/lavocedelpaese.info\/wp-content\/uploads\/2024\/06\/enac-e-adp.webp","articleSection":["Attualit\u00e0"],"inLanguage":"it-IT","potentialAction":[{"@type":"CommentAction","name":"Comment","target":["https:\/\/lavocedelpaese.info\/index.php\/2024\/06\/12\/sopralluogo-di-enac-e-adp-allaeroporto-di-grottaglie-in-vista-del-g7\/#respond"]}]},{"@type":"WebPage","@id":"https:\/\/lavocedelpaese.info\/index.php\/2024\/06\/12\/sopralluogo-di-enac-e-adp-allaeroporto-di-grottaglie-in-vista-del-g7\/","url":"https:\/\/lavocedelpaese.info\/index.php\/2024\/06\/12\/sopralluogo-di-enac-e-adp-allaeroporto-di-grottaglie-in-vista-del-g7\/","name":"Sopralluogo di Enac e Adp all'Aeroporto di Grottaglie in vista del G7 - La Voce del Paese","isPartOf":{"@id":"https:\/\/lavocedelpaese.info\/#website"},"primaryImageOfPage":{"@id":"https:\/\/lavocedelpaese.info\/index.php\/2024\/06\/12\/sopralluogo-di-enac-e-adp-allaeroporto-di-grottaglie-in-vista-del-g7\/#primaryimage"},"image":{"@id":"https:\/\/lavocedelpaese.info\/index.php\/2024\/06\/12\/sopralluogo-di-enac-e-adp-allaeroporto-di-grottaglie-in-vista-del-g7\/#primaryimage"},"thumbnailUrl":"https:\/\/lavocedelpaese.info\/wp-content\/uploads\/2024\/06\/enac-e-adp.webp","datePublished":"2024-06-12T22:32:11+00:00","dateModified":"2024-06-12T22:32:13+00:00","breadcrumb":{"@id":"https:\/\/lavocedelpaese.info\/index.php\/2024\/06\/12\/sopralluogo-di-enac-e-adp-allaeroporto-di-grottaglie-in-vista-del-g7\/#breadcrumb"},"inLanguage":"it-IT","potentialAction":[{"@type":"ReadAction","target":["https:\/\/lavocedelpaese.info\/index.php\/2024\/06\/12\/sopralluogo-di-enac-e-adp-allaeroporto-di-grottaglie-in-vista-del-g7\/"]}]},{"@type":"ImageObject","inLanguage":"it-IT","@id":"https:\/\/lavocedelpaese.info\/index.php\/2024\/06\/12\/sopralluogo-di-enac-e-adp-allaeroporto-di-grottaglie-in-vista-del-g7\/#primaryimage","url":"https:\/\/lavocedelpaese.info\/wp-content\/uploads\/2024\/06\/enac-e-adp.webp","contentUrl":"https:\/\/lavocedelpaese.info\/wp-content\/uploads\/2024\/06\/enac-e-adp.webp","width":1200,"height":596},{"@type":"BreadcrumbList","@id":"https:\/\/lavocedelpaese.info\/index.php\/2024\/06\/12\/sopralluogo-di-enac-e-adp-allaeroporto-di-grottaglie-in-vista-del-g7\/#breadcrumb","itemListElement":[{"@type":"ListItem","position":1,"name":"Home","item":"https:\/\/lavocedelpaese.info\/"},{"@type":"ListItem","position":2,"name":"Sopralluogo di Enac e Adp all&#8217;Aeroporto di Grottaglie in vista del G7"}]},{"@type":"WebSite","@id":"https:\/\/lavocedelpaese.info\/#website","url":"https:\/\/lavocedelpaese.info\/","name":"La Voce del Paese","description":"Un network di idee","publisher":{"@id":"https:\/\/lavocedelpaese.info\/#organization"},"potentialAction":[{"@type":"SearchAction","target":{"@type":"EntryPoint","urlTemplate":"https:\/\/lavocedelpaese.info\/?s={search_term_string}"},"query-input":{"@type":"PropertyValueSpecification","valueRequired":true,"valueName":"search_term_string"}}],"inLanguage":"it-IT"},{"@type":"Organization","@id":"https:\/\/lavocedelpaese.info\/#organization","name":"La Voce del Paese","url":"https:\/\/lavocedelpaese.info\/","logo":{"@type":"ImageObject","inLanguage":"it-IT","@id":"https:\/\/lavocedelpaese.info\/#\/schema\/logo\/image\/","url":"https:\/\/lavocedelpaese.info\/wp-content\/uploads\/2023\/01\/cropped-logo-150-127.png","contentUrl":"https:\/\/lavocedelpaese.info\/wp-content\/uploads\/2023\/01\/cropped-logo-150-127.png","width":137,"height":119,"caption":"La Voce del Paese"},"image":{"@id":"https:\/\/lavocedelpaese.info\/#\/schema\/logo\/image\/"},"sameAs":["https:\/\/www.facebook.com\/lavocedelpaese.info"]},{"@type":"Person","@id":"https:\/\/lavocedelpaese.info\/#\/schema\/person\/ec151d321306bd7591f7a061abf72d88","name":"admin","image":{"@type":"ImageObject","inLanguage":"it-IT","@id":"https:\/\/secure.gravatar.com\/avatar\/af8f2caf0663124588de48a9380e07cbc95a74ef15b8062d0d39106c32fe3023?s=96&d=mm&r=g","url":"https:\/\/secure.gravatar.com\/avatar\/af8f2caf0663124588de48a9380e07cbc95a74ef15b8062d0d39106c32fe3023?s=96&d=mm&r=g","contentUrl":"https:\/\/secure.gravatar.com\/avatar\/af8f2caf0663124588de48a9380e07cbc95a74ef15b8062d0d39106c32fe3023?s=96&d=mm&r=g","caption":"admin"},"sameAs":["https:\/\/lavocedelpaese.info"],"url":"https:\/\/lavocedelpaese.info\/index.php\/author\/admin\/"}]}},"_links":{"self":[{"href":"https:\/\/lavocedelpaese.info\/index.php\/wp-json\/wp\/v2\/posts\/2276","targetHints":{"allow":["GET"]}}],"collection":[{"href":"https:\/\/lavocedelpaese.info\/index.php\/wp-json\/wp\/v2\/posts"}],"about":[{"href":"https:\/\/lavocedelpaese.info\/index.php\/wp-json\/wp\/v2\/types\/post"}],"author":[{"embeddable":true,"href":"https:\/\/lavocedelpaese.info\/index.php\/wp-json\/wp\/v2\/users\/6"}],"replies":[{"embeddable":true,"href":"https:\/\/lavocedelpaese.info\/index.php\/wp-json\/wp\/v2\/comments?post=2276"}],"version-history":[{"count":1,"href":"https:\/\/lavocedelpaese.info\/index.php\/wp-json\/wp\/v2\/posts\/2276\/revisions"}],"predecessor-version":[{"id":2278,"href":"https:\/\/lavocedelpaese.info\/index.php\/wp-json\/wp\/v2\/posts\/2276\/revisions\/2278"}],"wp:featuredmedia":[{"embeddable":true,"href":"https:\/\/lavocedelpaese.info\/index.php\/wp-json\/wp\/v2\/media\/2277"}],"wp:attachment":[{"href":"https:\/\/lavocedelpaese.info\/index.php\/wp-json\/wp\/v2\/media?parent=2276"}],"wp:term":[{"taxonomy":"category","embeddable":true,"href":"https:\/\/lavocedelpaese.info\/index.php\/wp-json\/wp\/v2\/categories?post=2276"},{"taxonomy":"post_tag","embeddable":true,"href":"https:\/\/lavocedelpaese.info\/index.php\/wp-json\/wp\/v2\/tags?post=2276"}],"curies":[{"name":"wp","href":"https:\/\/api.w.org\/{rel}","templated":true}]}}