{"id":2272,"date":"2024-06-12T22:28:06","date_gmt":"2024-06-12T22:28:06","guid":{"rendered":"https:\/\/lavocedelpaese.info\/?p=2272"},"modified":"2024-06-12T22:28:07","modified_gmt":"2024-06-12T22:28:07","slug":"la-puglia-si-prepara-al-g7-allestito-il-media-center-per-giornalisti-a-bari","status":"publish","type":"post","link":"https:\/\/lavocedelpaese.info\/index.php\/2024\/06\/12\/la-puglia-si-prepara-al-g7-allestito-il-media-center-per-giornalisti-a-bari\/","title":{"rendered":"La Puglia si prepara al G7: allestito il media center per giornalisti a Bari"},"content":{"rendered":"\n<p>In vista del G7 che si terr\u00e0 a Borgo Egnazia, la Puglia si prepara ad accogliere circa 1.500 giornalisti accreditati provenienti da tutto il mondo. La Fiera del Levante di Bari ospiter\u00e0 il media center dedicato a questi professionisti, mentre Savelletri si prepara per l&#8217;arrivo dei leader mondiali, con la premier Giorgia Meloni gi\u00e0 sul posto per gli ultimi preparativi. Bari ha implementato misure di sicurezza rigorose, incluse restrizioni alla viabilit\u00e0 e divieti di fermata attorno al quartiere fieristico e al grande albergo delle Nazioni. Il G7 affronter\u00e0 temi come Africa, cambiamento climatico, Medio Oriente, Ucraina, migrazioni, Indo-Pacifico e sicurezza economica. Un incontro significativo tra Papa Francesco e il presidente americano Joe Biden \u00e8 previsto durante la sessione dedicata all&#8217;intelligenza artificiale.<\/p>\n\n\n\n<p>L&#8217;organizzazione del G7 a Borgo Egnazia e l&#8217;allestimento del media center alla Fiera del Levante di Bari rappresentano un evento di enorme portata per la Puglia, con implicazioni che spaziano dalla politica internazionale alla sicurezza, dall&#8217;economia locale al turismo e all&#8217;immagine della regione.<\/p>\n\n\n\n<p>Innanzitutto, ospitare il G7 posiziona la Puglia come un centro di rilevanza globale, attirando l&#8217;attenzione dei leader mondiali, delle principali testate giornalistiche internazionali e di numerose organizzazioni internazionali. Questo evento consente alla regione di svolgere un ruolo cruciale nei dibattiti su temi globali come il cambiamento climatico, lo sviluppo in Africa, la situazione in Medio Oriente e in Ucraina, le migrazioni, la sicurezza economica e l&#8217;intelligenza artificiale. La presenza di figure di spicco come Papa Francesco e il presidente americano Joe Biden sottolinea l&#8217;importanza del summit e amplifica la visibilit\u00e0 della Puglia sulla scena internazionale.<\/p>\n\n\n\n<p>L&#8217;implementazione di misure di sicurezza rigorose, come il divieto di fermata intorno al quartiere fieristico di Bari e al grande albergo delle Nazioni, evidenzia la complessit\u00e0 logistica e organizzativa necessaria per garantire la sicurezza dei partecipanti e la riuscita dell&#8217;evento. La coordinazione tra le forze di sicurezza locali, nazionali e internazionali rappresenta una sfida significativa ma anche un&#8217;opportunit\u00e0 per dimostrare l&#8217;efficienza e la capacit\u00e0 organizzativa della regione. Queste misure, se ben gestite, possono migliorare la percezione di sicurezza della Puglia, rendendola una destinazione affidabile per futuri eventi internazionali.<\/p>\n\n\n\n<p>L&#8217;afflusso di circa 1.500 giornalisti, insieme ai leader mondiali e alle loro delegazioni, avr\u00e0 un impatto economico immediato e tangibile sull&#8217;economia locale. Alberghi, ristoranti, servizi di trasporto e altre attivit\u00e0 commerciali beneficeranno direttamente dell&#8217;incremento di visitatori. Inoltre, l&#8217;evento pu\u00f2 stimolare l&#8217;economia locale a lungo termine, rafforzando l&#8217;immagine della Puglia come destinazione turistica e di affari. La visibilit\u00e0 internazionale pu\u00f2 attrarre nuovi investimenti e promuovere il turismo, soprattutto se l&#8217;evento si svolger\u00e0 senza intoppi e sar\u00e0 ben accolto dai partecipanti.<\/p>\n\n\n\n<p>Il G7 rappresenta anche un&#8217;opportunit\u00e0 unica per promuovere le bellezze naturali e culturali della Puglia. Borgo Egnazia, con la sua combinazione di lusso e autenticit\u00e0 locale, sar\u00e0 sotto i riflettori internazionali, potenziando l&#8217;attrattiva turistica della regione. La copertura mediatica globale permetter\u00e0 di mostrare la Puglia a milioni di spettatori, potenzialmente trasformando la regione in una meta desiderata per viaggiatori di alto profilo. Eventi collaterali e tour organizzati per i giornalisti e le delegazioni possono ulteriormente promuovere le attrazioni locali, generando un interesse duraturo.<\/p>\n\n\n\n<p>Ospitare un evento di questa portata pu\u00f2 avere anche un impatto sociale significativo. La popolazione locale potrebbe trarre vantaggio dall&#8217;incremento delle opportunit\u00e0 economiche, ma potrebbe anche affrontare disagi temporanei legati alle misure di sicurezza e alle restrizioni di viabilit\u00e0. \u00c8 importante che le autorit\u00e0 locali comunichino chiaramente con i residenti, spiegando i benefici a lungo termine dell&#8217;evento e le misure temporanee adottate per garantire la sicurezza. Coinvolgere la comunit\u00e0 locale in eventi culturali e informativi legati al G7 pu\u00f2 aiutare a creare un senso di orgoglio e partecipazione.<\/p>\n\n\n\n<p>Il focus su temi come il cambiamento climatico, la sicurezza economica e l&#8217;intelligenza artificiale durante il G7 pu\u00f2 stimolare discussioni e iniziative locali su innovazione e sostenibilit\u00e0. La Puglia potrebbe sfruttare l&#8217;evento per lanciare nuove politiche e progetti in questi settori, posizionandosi come una regione all&#8217;avanguardia nelle tecnologie sostenibili e nelle pratiche economiche innovative. La collaborazione con organizzazioni internazionali e altri paesi partecipanti pu\u00f2 portare a scambi di idee e best practices, beneficiando ulteriormente la regione.<\/p>\n\n\n\n<p>Sul fronte politico, l&#8217;organizzazione del G7 pu\u00f2 rafforzare la posizione dei leader locali e nazionali, dimostrando la loro capacit\u00e0 di gestire eventi complessi e di rilevanza globale. Per la premier Giorgia Meloni, la riuscita dell&#8217;evento rappresenta un&#8217;opportunit\u00e0 per consolidare la sua leadership e promuovere le politiche del suo governo su una piattaforma internazionale. Per le autorit\u00e0 regionali, il successo del G7 pu\u00f2 tradursi in maggiore influenza e risorse per progetti futuri.<\/p>\n\n\n\n<p>In conclusione, l&#8217;organizzazione del G7 a Borgo Egnazia e l&#8217;allestimento del media center a Bari hanno implicazioni di vasta portata per la Puglia. Dalla politica internazionale alla sicurezza, dall&#8217;economia locale al turismo, questo evento rappresenta un&#8217;opportunit\u00e0 unica per la regione di posizionarsi come un attore chiave sulla scena globale. La gestione efficace dell&#8217;evento pu\u00f2 portare benefici duraturi, rafforzando l&#8217;economia, migliorando l&#8217;immagine della regione e stimolando l&#8217;innovazione e la sostenibilit\u00e0. Tuttavia, \u00e8 cruciale che le autorit\u00e0 locali e nazionali affrontino le sfide logistiche e di sicurezza con competenza, garantendo che l&#8217;evento si svolga senza intoppi e che i benefici siano percepiti e apprezzati dalla comunit\u00e0 locale.<\/p>\n","protected":false},"excerpt":{"rendered":"<p>In vista del G7 che si terr\u00e0 a Borgo Egnazia, la Puglia si prepara ad accogliere circa 1.500 giornalisti accreditati<\/p>\n","protected":false},"author":6,"featured_media":2274,"comment_status":"open","ping_status":"closed","sticky":false,"template":"","format":"standard","meta":{"colormag_page_container_layout":"default_layout","colormag_page_sidebar_layout":"default_layout","footnotes":""},"categories":[2,33],"tags":[],"class_list":["post-2272","post","type-post","status-publish","format-standard","has-post-thumbnail","hentry","category-attualita","category-network"],"yoast_head":"<!-- This site is optimized with the Yoast SEO plugin v27.5 - https:\/\/yoast.com\/product\/yoast-seo-wordpress\/ -->\n<title>La Puglia si prepara al G7: allestito il media center per giornalisti a Bari - La Voce del Paese<\/title>\n<meta name=\"robots\" content=\"index, follow, max-snippet:-1, max-image-preview:large, max-video-preview:-1\" \/>\n<link rel=\"canonical\" href=\"https:\/\/lavocedelpaese.info\/index.php\/2024\/06\/12\/la-puglia-si-prepara-al-g7-allestito-il-media-center-per-giornalisti-a-bari\/\" \/>\n<meta property=\"og:locale\" content=\"it_IT\" \/>\n<meta property=\"og:type\" content=\"article\" \/>\n<meta property=\"og:title\" content=\"La Puglia si prepara al G7: allestito il media center per giornalisti a Bari - La Voce del Paese\" \/>\n<meta property=\"og:description\" content=\"In vista del G7 che si terr\u00e0 a Borgo Egnazia, la Puglia si prepara ad accogliere circa 1.500 giornalisti accreditati\" \/>\n<meta property=\"og:url\" content=\"https:\/\/lavocedelpaese.info\/index.php\/2024\/06\/12\/la-puglia-si-prepara-al-g7-allestito-il-media-center-per-giornalisti-a-bari\/\" \/>\n<meta property=\"og:site_name\" content=\"La Voce del Paese\" \/>\n<meta property=\"article:publisher\" content=\"https:\/\/www.facebook.com\/lavocedelpaese.info\" \/>\n<meta property=\"article:published_time\" content=\"2024-06-12T22:28:06+00:00\" \/>\n<meta property=\"article:modified_time\" content=\"2024-06-12T22:28:07+00:00\" \/>\n<meta property=\"og:image\" content=\"https:\/\/lavocedelpaese.info\/wp-content\/uploads\/2024\/06\/g7-italia-2024.jpg\" \/>\n\t<meta property=\"og:image:width\" content=\"1000\" \/>\n\t<meta property=\"og:image:height\" content=\"626\" \/>\n\t<meta property=\"og:image:type\" content=\"image\/jpeg\" \/>\n<meta name=\"author\" content=\"admin\" \/>\n<meta name=\"twitter:card\" content=\"summary_large_image\" \/>\n<meta name=\"twitter:label1\" content=\"Scritto da\" \/>\n\t<meta name=\"twitter:data1\" content=\"admin\" \/>\n\t<meta name=\"twitter:label2\" content=\"Tempo di lettura stimato\" \/>\n\t<meta name=\"twitter:data2\" content=\"5 minuti\" \/>\n<script type=\"application\/ld+json\" class=\"yoast-schema-graph\">{\"@context\":\"https:\\\/\\\/schema.org\",\"@graph\":[{\"@type\":\"Article\",\"@id\":\"https:\\\/\\\/lavocedelpaese.info\\\/index.php\\\/2024\\\/06\\\/12\\\/la-puglia-si-prepara-al-g7-allestito-il-media-center-per-giornalisti-a-bari\\\/#article\",\"isPartOf\":{\"@id\":\"https:\\\/\\\/lavocedelpaese.info\\\/index.php\\\/2024\\\/06\\\/12\\\/la-puglia-si-prepara-al-g7-allestito-il-media-center-per-giornalisti-a-bari\\\/\"},\"author\":{\"name\":\"admin\",\"@id\":\"https:\\\/\\\/lavocedelpaese.info\\\/#\\\/schema\\\/person\\\/ec151d321306bd7591f7a061abf72d88\"},\"headline\":\"La Puglia si prepara al G7: allestito il media center per giornalisti a Bari\",\"datePublished\":\"2024-06-12T22:28:06+00:00\",\"dateModified\":\"2024-06-12T22:28:07+00:00\",\"mainEntityOfPage\":{\"@id\":\"https:\\\/\\\/lavocedelpaese.info\\\/index.php\\\/2024\\\/06\\\/12\\\/la-puglia-si-prepara-al-g7-allestito-il-media-center-per-giornalisti-a-bari\\\/\"},\"wordCount\":897,\"commentCount\":0,\"publisher\":{\"@id\":\"https:\\\/\\\/lavocedelpaese.info\\\/#organization\"},\"image\":{\"@id\":\"https:\\\/\\\/lavocedelpaese.info\\\/index.php\\\/2024\\\/06\\\/12\\\/la-puglia-si-prepara-al-g7-allestito-il-media-center-per-giornalisti-a-bari\\\/#primaryimage\"},\"thumbnailUrl\":\"https:\\\/\\\/lavocedelpaese.info\\\/wp-content\\\/uploads\\\/2024\\\/06\\\/g7-italia-2024.jpg\",\"articleSection\":[\"Attualit\u00e0\",\"network\"],\"inLanguage\":\"it-IT\",\"potentialAction\":[{\"@type\":\"CommentAction\",\"name\":\"Comment\",\"target\":[\"https:\\\/\\\/lavocedelpaese.info\\\/index.php\\\/2024\\\/06\\\/12\\\/la-puglia-si-prepara-al-g7-allestito-il-media-center-per-giornalisti-a-bari\\\/#respond\"]}]},{\"@type\":\"WebPage\",\"@id\":\"https:\\\/\\\/lavocedelpaese.info\\\/index.php\\\/2024\\\/06\\\/12\\\/la-puglia-si-prepara-al-g7-allestito-il-media-center-per-giornalisti-a-bari\\\/\",\"url\":\"https:\\\/\\\/lavocedelpaese.info\\\/index.php\\\/2024\\\/06\\\/12\\\/la-puglia-si-prepara-al-g7-allestito-il-media-center-per-giornalisti-a-bari\\\/\",\"name\":\"La Puglia si prepara al G7: allestito il media center per giornalisti a Bari - La Voce del Paese\",\"isPartOf\":{\"@id\":\"https:\\\/\\\/lavocedelpaese.info\\\/#website\"},\"primaryImageOfPage\":{\"@id\":\"https:\\\/\\\/lavocedelpaese.info\\\/index.php\\\/2024\\\/06\\\/12\\\/la-puglia-si-prepara-al-g7-allestito-il-media-center-per-giornalisti-a-bari\\\/#primaryimage\"},\"image\":{\"@id\":\"https:\\\/\\\/lavocedelpaese.info\\\/index.php\\\/2024\\\/06\\\/12\\\/la-puglia-si-prepara-al-g7-allestito-il-media-center-per-giornalisti-a-bari\\\/#primaryimage\"},\"thumbnailUrl\":\"https:\\\/\\\/lavocedelpaese.info\\\/wp-content\\\/uploads\\\/2024\\\/06\\\/g7-italia-2024.jpg\",\"datePublished\":\"2024-06-12T22:28:06+00:00\",\"dateModified\":\"2024-06-12T22:28:07+00:00\",\"breadcrumb\":{\"@id\":\"https:\\\/\\\/lavocedelpaese.info\\\/index.php\\\/2024\\\/06\\\/12\\\/la-puglia-si-prepara-al-g7-allestito-il-media-center-per-giornalisti-a-bari\\\/#breadcrumb\"},\"inLanguage\":\"it-IT\",\"potentialAction\":[{\"@type\":\"ReadAction\",\"target\":[\"https:\\\/\\\/lavocedelpaese.info\\\/index.php\\\/2024\\\/06\\\/12\\\/la-puglia-si-prepara-al-g7-allestito-il-media-center-per-giornalisti-a-bari\\\/\"]}]},{\"@type\":\"ImageObject\",\"inLanguage\":\"it-IT\",\"@id\":\"https:\\\/\\\/lavocedelpaese.info\\\/index.php\\\/2024\\\/06\\\/12\\\/la-puglia-si-prepara-al-g7-allestito-il-media-center-per-giornalisti-a-bari\\\/#primaryimage\",\"url\":\"https:\\\/\\\/lavocedelpaese.info\\\/wp-content\\\/uploads\\\/2024\\\/06\\\/g7-italia-2024.jpg\",\"contentUrl\":\"https:\\\/\\\/lavocedelpaese.info\\\/wp-content\\\/uploads\\\/2024\\\/06\\\/g7-italia-2024.jpg\",\"width\":1000,\"height\":626},{\"@type\":\"BreadcrumbList\",\"@id\":\"https:\\\/\\\/lavocedelpaese.info\\\/index.php\\\/2024\\\/06\\\/12\\\/la-puglia-si-prepara-al-g7-allestito-il-media-center-per-giornalisti-a-bari\\\/#breadcrumb\",\"itemListElement\":[{\"@type\":\"ListItem\",\"position\":1,\"name\":\"Home\",\"item\":\"https:\\\/\\\/lavocedelpaese.info\\\/\"},{\"@type\":\"ListItem\",\"position\":2,\"name\":\"La Puglia si prepara al G7: allestito il media center per giornalisti a Bari\"}]},{\"@type\":\"WebSite\",\"@id\":\"https:\\\/\\\/lavocedelpaese.info\\\/#website\",\"url\":\"https:\\\/\\\/lavocedelpaese.info\\\/\",\"name\":\"La Voce del Paese\",\"description\":\"Un network di idee\",\"publisher\":{\"@id\":\"https:\\\/\\\/lavocedelpaese.info\\\/#organization\"},\"potentialAction\":[{\"@type\":\"SearchAction\",\"target\":{\"@type\":\"EntryPoint\",\"urlTemplate\":\"https:\\\/\\\/lavocedelpaese.info\\\/?s={search_term_string}\"},\"query-input\":{\"@type\":\"PropertyValueSpecification\",\"valueRequired\":true,\"valueName\":\"search_term_string\"}}],\"inLanguage\":\"it-IT\"},{\"@type\":\"Organization\",\"@id\":\"https:\\\/\\\/lavocedelpaese.info\\\/#organization\",\"name\":\"La Voce del Paese\",\"url\":\"https:\\\/\\\/lavocedelpaese.info\\\/\",\"logo\":{\"@type\":\"ImageObject\",\"inLanguage\":\"it-IT\",\"@id\":\"https:\\\/\\\/lavocedelpaese.info\\\/#\\\/schema\\\/logo\\\/image\\\/\",\"url\":\"https:\\\/\\\/lavocedelpaese.info\\\/wp-content\\\/uploads\\\/2023\\\/01\\\/cropped-logo-150-127.png\",\"contentUrl\":\"https:\\\/\\\/lavocedelpaese.info\\\/wp-content\\\/uploads\\\/2023\\\/01\\\/cropped-logo-150-127.png\",\"width\":137,\"height\":119,\"caption\":\"La Voce del Paese\"},\"image\":{\"@id\":\"https:\\\/\\\/lavocedelpaese.info\\\/#\\\/schema\\\/logo\\\/image\\\/\"},\"sameAs\":[\"https:\\\/\\\/www.facebook.com\\\/lavocedelpaese.info\"]},{\"@type\":\"Person\",\"@id\":\"https:\\\/\\\/lavocedelpaese.info\\\/#\\\/schema\\\/person\\\/ec151d321306bd7591f7a061abf72d88\",\"name\":\"admin\",\"image\":{\"@type\":\"ImageObject\",\"inLanguage\":\"it-IT\",\"@id\":\"https:\\\/\\\/secure.gravatar.com\\\/avatar\\\/af8f2caf0663124588de48a9380e07cbc95a74ef15b8062d0d39106c32fe3023?s=96&d=mm&r=g\",\"url\":\"https:\\\/\\\/secure.gravatar.com\\\/avatar\\\/af8f2caf0663124588de48a9380e07cbc95a74ef15b8062d0d39106c32fe3023?s=96&d=mm&r=g\",\"contentUrl\":\"https:\\\/\\\/secure.gravatar.com\\\/avatar\\\/af8f2caf0663124588de48a9380e07cbc95a74ef15b8062d0d39106c32fe3023?s=96&d=mm&r=g\",\"caption\":\"admin\"},\"sameAs\":[\"https:\\\/\\\/lavocedelpaese.info\"],\"url\":\"https:\\\/\\\/lavocedelpaese.info\\\/index.php\\\/author\\\/admin\\\/\"}]}<\/script>\n<!-- \/ Yoast SEO plugin. -->","yoast_head_json":{"title":"La Puglia si prepara al G7: allestito il media center per giornalisti a Bari - La Voce del Paese","robots":{"index":"index","follow":"follow","max-snippet":"max-snippet:-1","max-image-preview":"max-image-preview:large","max-video-preview":"max-video-preview:-1"},"canonical":"https:\/\/lavocedelpaese.info\/index.php\/2024\/06\/12\/la-puglia-si-prepara-al-g7-allestito-il-media-center-per-giornalisti-a-bari\/","og_locale":"it_IT","og_type":"article","og_title":"La Puglia si prepara al G7: allestito il media center per giornalisti a Bari - La Voce del Paese","og_description":"In vista del G7 che si terr\u00e0 a Borgo Egnazia, la Puglia si prepara ad accogliere circa 1.500 giornalisti accreditati","og_url":"https:\/\/lavocedelpaese.info\/index.php\/2024\/06\/12\/la-puglia-si-prepara-al-g7-allestito-il-media-center-per-giornalisti-a-bari\/","og_site_name":"La Voce del Paese","article_publisher":"https:\/\/www.facebook.com\/lavocedelpaese.info","article_published_time":"2024-06-12T22:28:06+00:00","article_modified_time":"2024-06-12T22:28:07+00:00","og_image":[{"width":1000,"height":626,"url":"https:\/\/lavocedelpaese.info\/wp-content\/uploads\/2024\/06\/g7-italia-2024.jpg","type":"image\/jpeg"}],"author":"admin","twitter_card":"summary_large_image","twitter_misc":{"Scritto da":"admin","Tempo di lettura stimato":"5 minuti"},"schema":{"@context":"https:\/\/schema.org","@graph":[{"@type":"Article","@id":"https:\/\/lavocedelpaese.info\/index.php\/2024\/06\/12\/la-puglia-si-prepara-al-g7-allestito-il-media-center-per-giornalisti-a-bari\/#article","isPartOf":{"@id":"https:\/\/lavocedelpaese.info\/index.php\/2024\/06\/12\/la-puglia-si-prepara-al-g7-allestito-il-media-center-per-giornalisti-a-bari\/"},"author":{"name":"admin","@id":"https:\/\/lavocedelpaese.info\/#\/schema\/person\/ec151d321306bd7591f7a061abf72d88"},"headline":"La Puglia si prepara al G7: allestito il media center per giornalisti a Bari","datePublished":"2024-06-12T22:28:06+00:00","dateModified":"2024-06-12T22:28:07+00:00","mainEntityOfPage":{"@id":"https:\/\/lavocedelpaese.info\/index.php\/2024\/06\/12\/la-puglia-si-prepara-al-g7-allestito-il-media-center-per-giornalisti-a-bari\/"},"wordCount":897,"commentCount":0,"publisher":{"@id":"https:\/\/lavocedelpaese.info\/#organization"},"image":{"@id":"https:\/\/lavocedelpaese.info\/index.php\/2024\/06\/12\/la-puglia-si-prepara-al-g7-allestito-il-media-center-per-giornalisti-a-bari\/#primaryimage"},"thumbnailUrl":"https:\/\/lavocedelpaese.info\/wp-content\/uploads\/2024\/06\/g7-italia-2024.jpg","articleSection":["Attualit\u00e0","network"],"inLanguage":"it-IT","potentialAction":[{"@type":"CommentAction","name":"Comment","target":["https:\/\/lavocedelpaese.info\/index.php\/2024\/06\/12\/la-puglia-si-prepara-al-g7-allestito-il-media-center-per-giornalisti-a-bari\/#respond"]}]},{"@type":"WebPage","@id":"https:\/\/lavocedelpaese.info\/index.php\/2024\/06\/12\/la-puglia-si-prepara-al-g7-allestito-il-media-center-per-giornalisti-a-bari\/","url":"https:\/\/lavocedelpaese.info\/index.php\/2024\/06\/12\/la-puglia-si-prepara-al-g7-allestito-il-media-center-per-giornalisti-a-bari\/","name":"La Puglia si prepara al G7: allestito il media center per giornalisti a Bari - La Voce del Paese","isPartOf":{"@id":"https:\/\/lavocedelpaese.info\/#website"},"primaryImageOfPage":{"@id":"https:\/\/lavocedelpaese.info\/index.php\/2024\/06\/12\/la-puglia-si-prepara-al-g7-allestito-il-media-center-per-giornalisti-a-bari\/#primaryimage"},"image":{"@id":"https:\/\/lavocedelpaese.info\/index.php\/2024\/06\/12\/la-puglia-si-prepara-al-g7-allestito-il-media-center-per-giornalisti-a-bari\/#primaryimage"},"thumbnailUrl":"https:\/\/lavocedelpaese.info\/wp-content\/uploads\/2024\/06\/g7-italia-2024.jpg","datePublished":"2024-06-12T22:28:06+00:00","dateModified":"2024-06-12T22:28:07+00:00","breadcrumb":{"@id":"https:\/\/lavocedelpaese.info\/index.php\/2024\/06\/12\/la-puglia-si-prepara-al-g7-allestito-il-media-center-per-giornalisti-a-bari\/#breadcrumb"},"inLanguage":"it-IT","potentialAction":[{"@type":"ReadAction","target":["https:\/\/lavocedelpaese.info\/index.php\/2024\/06\/12\/la-puglia-si-prepara-al-g7-allestito-il-media-center-per-giornalisti-a-bari\/"]}]},{"@type":"ImageObject","inLanguage":"it-IT","@id":"https:\/\/lavocedelpaese.info\/index.php\/2024\/06\/12\/la-puglia-si-prepara-al-g7-allestito-il-media-center-per-giornalisti-a-bari\/#primaryimage","url":"https:\/\/lavocedelpaese.info\/wp-content\/uploads\/2024\/06\/g7-italia-2024.jpg","contentUrl":"https:\/\/lavocedelpaese.info\/wp-content\/uploads\/2024\/06\/g7-italia-2024.jpg","width":1000,"height":626},{"@type":"BreadcrumbList","@id":"https:\/\/lavocedelpaese.info\/index.php\/2024\/06\/12\/la-puglia-si-prepara-al-g7-allestito-il-media-center-per-giornalisti-a-bari\/#breadcrumb","itemListElement":[{"@type":"ListItem","position":1,"name":"Home","item":"https:\/\/lavocedelpaese.info\/"},{"@type":"ListItem","position":2,"name":"La Puglia si prepara al G7: allestito il media center per giornalisti a Bari"}]},{"@type":"WebSite","@id":"https:\/\/lavocedelpaese.info\/#website","url":"https:\/\/lavocedelpaese.info\/","name":"La Voce del Paese","description":"Un network di idee","publisher":{"@id":"https:\/\/lavocedelpaese.info\/#organization"},"potentialAction":[{"@type":"SearchAction","target":{"@type":"EntryPoint","urlTemplate":"https:\/\/lavocedelpaese.info\/?s={search_term_string}"},"query-input":{"@type":"PropertyValueSpecification","valueRequired":true,"valueName":"search_term_string"}}],"inLanguage":"it-IT"},{"@type":"Organization","@id":"https:\/\/lavocedelpaese.info\/#organization","name":"La Voce del Paese","url":"https:\/\/lavocedelpaese.info\/","logo":{"@type":"ImageObject","inLanguage":"it-IT","@id":"https:\/\/lavocedelpaese.info\/#\/schema\/logo\/image\/","url":"https:\/\/lavocedelpaese.info\/wp-content\/uploads\/2023\/01\/cropped-logo-150-127.png","contentUrl":"https:\/\/lavocedelpaese.info\/wp-content\/uploads\/2023\/01\/cropped-logo-150-127.png","width":137,"height":119,"caption":"La Voce del Paese"},"image":{"@id":"https:\/\/lavocedelpaese.info\/#\/schema\/logo\/image\/"},"sameAs":["https:\/\/www.facebook.com\/lavocedelpaese.info"]},{"@type":"Person","@id":"https:\/\/lavocedelpaese.info\/#\/schema\/person\/ec151d321306bd7591f7a061abf72d88","name":"admin","image":{"@type":"ImageObject","inLanguage":"it-IT","@id":"https:\/\/secure.gravatar.com\/avatar\/af8f2caf0663124588de48a9380e07cbc95a74ef15b8062d0d39106c32fe3023?s=96&d=mm&r=g","url":"https:\/\/secure.gravatar.com\/avatar\/af8f2caf0663124588de48a9380e07cbc95a74ef15b8062d0d39106c32fe3023?s=96&d=mm&r=g","contentUrl":"https:\/\/secure.gravatar.com\/avatar\/af8f2caf0663124588de48a9380e07cbc95a74ef15b8062d0d39106c32fe3023?s=96&d=mm&r=g","caption":"admin"},"sameAs":["https:\/\/lavocedelpaese.info"],"url":"https:\/\/lavocedelpaese.info\/index.php\/author\/admin\/"}]}},"_links":{"self":[{"href":"https:\/\/lavocedelpaese.info\/index.php\/wp-json\/wp\/v2\/posts\/2272","targetHints":{"allow":["GET"]}}],"collection":[{"href":"https:\/\/lavocedelpaese.info\/index.php\/wp-json\/wp\/v2\/posts"}],"about":[{"href":"https:\/\/lavocedelpaese.info\/index.php\/wp-json\/wp\/v2\/types\/post"}],"author":[{"embeddable":true,"href":"https:\/\/lavocedelpaese.info\/index.php\/wp-json\/wp\/v2\/users\/6"}],"replies":[{"embeddable":true,"href":"https:\/\/lavocedelpaese.info\/index.php\/wp-json\/wp\/v2\/comments?post=2272"}],"version-history":[{"count":1,"href":"https:\/\/lavocedelpaese.info\/index.php\/wp-json\/wp\/v2\/posts\/2272\/revisions"}],"predecessor-version":[{"id":2275,"href":"https:\/\/lavocedelpaese.info\/index.php\/wp-json\/wp\/v2\/posts\/2272\/revisions\/2275"}],"wp:featuredmedia":[{"embeddable":true,"href":"https:\/\/lavocedelpaese.info\/index.php\/wp-json\/wp\/v2\/media\/2274"}],"wp:attachment":[{"href":"https:\/\/lavocedelpaese.info\/index.php\/wp-json\/wp\/v2\/media?parent=2272"}],"wp:term":[{"taxonomy":"category","embeddable":true,"href":"https:\/\/lavocedelpaese.info\/index.php\/wp-json\/wp\/v2\/categories?post=2272"},{"taxonomy":"post_tag","embeddable":true,"href":"https:\/\/lavocedelpaese.info\/index.php\/wp-json\/wp\/v2\/tags?post=2272"}],"curies":[{"name":"wp","href":"https:\/\/api.w.org\/{rel}","templated":true}]}}