{"id":2263,"date":"2024-06-12T22:28:51","date_gmt":"2024-06-12T22:28:51","guid":{"rendered":"https:\/\/lavocedelpaese.info\/?p=2263"},"modified":"2024-06-12T22:28:51","modified_gmt":"2024-06-12T22:28:51","slug":"processo-ferrazzano-attesa-per-i-testimoni-oculari-nel-caso-di-suicidio-a-foggia","status":"publish","type":"post","link":"https:\/\/lavocedelpaese.info\/index.php\/2024\/06\/12\/processo-ferrazzano-attesa-per-i-testimoni-oculari-nel-caso-di-suicidio-a-foggia\/","title":{"rendered":"Processo Ferrazzano: attesa per i testimoni oculari nel caso di suicidio a Foggia"},"content":{"rendered":"\n<p>Il processo sulla morte di Marco Ferrazzano, il giovane di Foggia che si \u00e8 suicidato nel 2021, continua con l&#8217;attesa per la testimonianza di quattro testimoni oculari. Nella recente udienza, sono stati ascoltati il commissario di polizia che ha condotto le indagini e la dottoressa che aveva in cura Marco. Il caso ha rivelato che Ferrazzano era vittima di bullismo e umiliazioni, con video diffusi su social media. Cinque persone sono imputate, mentre un sesto ha patteggiato una condanna. Tra gli imputati figurano Antonio Bernardo e Antonio Pio Tufo, accusati anche di una rapina durante la quale fu ucciso il titolare di un bar.<\/p>\n\n\n\n<p>Il processo in corso sulla tragica morte di Marco Ferrazzano, un giovane di Foggia che si \u00e8 suicidato all&#8217;et\u00e0 di 29 anni, ha implicazioni significative sia a livello sociale che giuridico, evidenziando le gravi conseguenze del bullismo e la necessit\u00e0 di una risposta efficace da parte delle istituzioni. Marco, vittima di derisioni e umiliazioni per un lungo periodo, era stato oggetto di video diffusi sui social media che documentavano le sue sofferenze, contribuendo al suo stato di disperazione. Il caso, che vede cinque imputati accusati di aver tormentato Marco e un sesto che ha patteggiato una condanna, solleva domande cruciali riguardo alla responsabilit\u00e0 sociale e legale in casi di bullismo estremo e alle misure necessarie per prevenire simili tragedie in futuro.<\/p>\n\n\n\n<p>In primo luogo, il processo mette in luce la necessit\u00e0 urgente di rafforzare le leggi contro il bullismo e il cyberbullismo. Le umiliazioni subite da Marco, amplificate dalla diffusione di video sulle piattaforme social, dimostrano come il bullismo possa evolvere in forme ancora pi\u00f9 pervasivi e devastanti nell&#8217;era digitale. Le attuali normative potrebbero non essere sufficientemente stringenti o efficaci per dissuadere tali comportamenti o per fornire adeguata protezione alle vittime. \u00c8 quindi fondamentale che i legislatori considerino l&#8217;implementazione di leggi pi\u00f9 severe e la creazione di strumenti legali pi\u00f9 robusti per combattere il cyberbullismo, inclusa la responsabilit\u00e0 penale per coloro che partecipano attivamente alla diffusione di contenuti umilianti.<\/p>\n\n\n\n<p>Dal punto di vista della giustizia, il processo Ferrazzano evidenzia l&#8217;importanza di un sistema giudiziario che sia in grado di rispondere tempestivamente e con efficacia alle denunce di bullismo. La presenza di testimoni oculari, il commissario di polizia che ha condotto le indagini e la dottoressa che aveva in cura Marco sottolineano la complessit\u00e0 del caso e la necessit\u00e0 di una raccolta accurata delle prove per garantire che i responsabili siano adeguatamente perseguiti. Il fatto che un testimone oculare non sia stato reperibile e che sar\u00e0 riconvocato pi\u00f9 avanti evidenzia le sfide nel mantenere l&#8217;integrit\u00e0 delle testimonianze e la continuit\u00e0 del processo. Questo caso potrebbe fungere da catalizzatore per riforme procedurali che assicurino una maggiore efficienza e protezione delle vittime durante le indagini e i procedimenti giudiziari.<\/p>\n\n\n\n<p>Un altro aspetto cruciale sollevato dal caso Ferrazzano riguarda il ruolo dei social media nella diffusione del bullismo. Le piattaforme di social media devono essere chiamate a rispondere per il loro ruolo nella facilit\u00e0 con cui i contenuti offensivi e umilianti possono essere condivisi e visualizzati da un ampio pubblico. La chiusura della pagina \u201cComiche foggiane\u201d, dove erano stati pubblicati i video di Marco, \u00e8 un passo nella giusta direzione, ma non basta. Le piattaforme devono implementare meccanismi pi\u00f9 rigorosi per monitorare e rimuovere rapidamente i contenuti dannosi e cooperare attivamente con le forze dell&#8217;ordine nelle indagini relative a casi di cyberbullismo. Inoltre, la societ\u00e0 civile e le organizzazioni non governative devono intensificare gli sforzi di sensibilizzazione e educazione, aiutando i giovani a comprendere le conseguenze delle loro azioni online e promuovendo un uso responsabile dei social media.<\/p>\n\n\n\n<p>Il caso Ferrazzano solleva anche questioni critiche riguardo alla salute mentale e al supporto psicologico per le vittime di bullismo. Marco era in cura presso il Sert, ma evidentemente il supporto ricevuto non \u00e8 stato sufficiente a prevenire la sua tragica decisione di togliersi la vita. Questo mette in luce la necessit\u00e0 di migliorare l&#8217;accesso a servizi di salute mentale e di assicurare che le vittime di bullismo ricevano un supporto completo e integrato. Le istituzioni sanitarie devono essere dotate di risorse adeguate per affrontare i problemi di salute mentale legati al bullismo e devono collaborare strettamente con scuole, famiglie e comunit\u00e0 per creare reti di supporto efficaci. Inoltre, deve essere promossa una cultura di comprensione e empatia, che riduca lo stigma associato alla ricerca di aiuto psicologico e incoraggi le vittime a parlare apertamente delle loro esperienze.<\/p>\n\n\n\n<p>Le implicazioni di questo caso si estendono anche al sistema educativo. Le scuole devono svolgere un ruolo fondamentale nella prevenzione del bullismo, implementando programmi educativi che promuovano il rispetto, l&#8217;inclusione e la gestione dei conflitti. Gli insegnanti e il personale scolastico devono essere formati per riconoscere i segnali di bullismo e intervenire prontamente per proteggere le vittime. Inoltre, le scuole devono collaborare con le famiglie per affrontare il problema del bullismo in modo coordinato, assicurando che i genitori siano coinvolti e supportati nel monitorare e gestire il comportamento dei loro figli.<\/p>\n\n\n\n<p>Infine, il processo Ferrazzano ha anche implicazioni per la politica pubblica e la governance locale. Le autorit\u00e0 locali devono prendere un ruolo attivo nel creare comunit\u00e0 sicure e supportive, implementando politiche e programmi che affrontino le radici del bullismo e promuovano il benessere dei giovani. Questo potrebbe includere l&#8217;istituzione di centri di supporto per le vittime di bullismo, l&#8217;organizzazione di campagne di sensibilizzazione a livello comunitario e la promozione di iniziative che incoraggino la partecipazione attiva dei giovani nella costruzione di comunit\u00e0 pi\u00f9 inclusive e rispettose.<\/p>\n\n\n\n<p>In conclusione, il processo sulla morte di Marco Ferrazzano \u00e8 emblematico delle gravi sfide che il bullismo e il cyberbullismo pongono alla societ\u00e0. Le implicazioni di questo caso sono molteplici e richiedono un approccio integrato che coinvolga legislatori, sistema giudiziario, social media, istituzioni sanitarie, scuole, famiglie e comunit\u00e0 locali. Solo attraverso un impegno collettivo e coordinato si pu\u00f2 sperare di prevenire simili tragedie in futuro e costruire una societ\u00e0 in cui ogni individuo possa vivere con dignit\u00e0 e rispetto.<\/p>\n","protected":false},"excerpt":{"rendered":"<p>Il processo sulla morte di Marco Ferrazzano, il giovane di Foggia che si \u00e8 suicidato nel 2021, continua con l&#8217;attesa<\/p>\n","protected":false},"author":6,"featured_media":2264,"comment_status":"open","ping_status":"closed","sticky":false,"template":"","format":"standard","meta":{"colormag_page_container_layout":"default_layout","colormag_page_sidebar_layout":"default_layout","footnotes":""},"categories":[29],"tags":[],"class_list":["post-2263","post","type-post","status-publish","format-standard","has-post-thumbnail","hentry","category-cronaca"],"yoast_head":"<!-- This site is optimized with the Yoast SEO plugin v27.5 - https:\/\/yoast.com\/product\/yoast-seo-wordpress\/ -->\n<title>Processo Ferrazzano: attesa per i testimoni oculari nel caso di suicidio a Foggia - La Voce del Paese<\/title>\n<meta name=\"robots\" content=\"index, follow, max-snippet:-1, max-image-preview:large, max-video-preview:-1\" \/>\n<link rel=\"canonical\" href=\"https:\/\/lavocedelpaese.info\/index.php\/2024\/06\/12\/processo-ferrazzano-attesa-per-i-testimoni-oculari-nel-caso-di-suicidio-a-foggia\/\" \/>\n<meta property=\"og:locale\" content=\"it_IT\" \/>\n<meta property=\"og:type\" content=\"article\" \/>\n<meta property=\"og:title\" content=\"Processo Ferrazzano: attesa per i testimoni oculari nel caso di suicidio a Foggia - La Voce del Paese\" \/>\n<meta property=\"og:description\" content=\"Il processo sulla morte di Marco Ferrazzano, il giovane di Foggia che si \u00e8 suicidato nel 2021, continua con l&#8217;attesa\" \/>\n<meta property=\"og:url\" content=\"https:\/\/lavocedelpaese.info\/index.php\/2024\/06\/12\/processo-ferrazzano-attesa-per-i-testimoni-oculari-nel-caso-di-suicidio-a-foggia\/\" \/>\n<meta property=\"og:site_name\" content=\"La Voce del Paese\" \/>\n<meta property=\"article:publisher\" content=\"https:\/\/www.facebook.com\/lavocedelpaese.info\" \/>\n<meta property=\"article:published_time\" content=\"2024-06-12T22:28:51+00:00\" \/>\n<meta property=\"og:image\" content=\"https:\/\/lavocedelpaese.info\/wp-content\/uploads\/2024\/06\/tribunale.jpg\" \/>\n\t<meta property=\"og:image:width\" content=\"658\" \/>\n\t<meta property=\"og:image:height\" content=\"370\" \/>\n\t<meta property=\"og:image:type\" content=\"image\/jpeg\" \/>\n<meta name=\"author\" content=\"admin\" \/>\n<meta name=\"twitter:card\" content=\"summary_large_image\" \/>\n<meta name=\"twitter:label1\" content=\"Scritto da\" \/>\n\t<meta name=\"twitter:data1\" content=\"admin\" \/>\n\t<meta name=\"twitter:label2\" content=\"Tempo di lettura stimato\" \/>\n\t<meta name=\"twitter:data2\" content=\"6 minuti\" \/>\n<script type=\"application\/ld+json\" class=\"yoast-schema-graph\">{\"@context\":\"https:\\\/\\\/schema.org\",\"@graph\":[{\"@type\":\"Article\",\"@id\":\"https:\\\/\\\/lavocedelpaese.info\\\/index.php\\\/2024\\\/06\\\/12\\\/processo-ferrazzano-attesa-per-i-testimoni-oculari-nel-caso-di-suicidio-a-foggia\\\/#article\",\"isPartOf\":{\"@id\":\"https:\\\/\\\/lavocedelpaese.info\\\/index.php\\\/2024\\\/06\\\/12\\\/processo-ferrazzano-attesa-per-i-testimoni-oculari-nel-caso-di-suicidio-a-foggia\\\/\"},\"author\":{\"name\":\"admin\",\"@id\":\"https:\\\/\\\/lavocedelpaese.info\\\/#\\\/schema\\\/person\\\/ec151d321306bd7591f7a061abf72d88\"},\"headline\":\"Processo Ferrazzano: attesa per i testimoni oculari nel caso di suicidio a Foggia\",\"datePublished\":\"2024-06-12T22:28:51+00:00\",\"mainEntityOfPage\":{\"@id\":\"https:\\\/\\\/lavocedelpaese.info\\\/index.php\\\/2024\\\/06\\\/12\\\/processo-ferrazzano-attesa-per-i-testimoni-oculari-nel-caso-di-suicidio-a-foggia\\\/\"},\"wordCount\":1008,\"commentCount\":0,\"publisher\":{\"@id\":\"https:\\\/\\\/lavocedelpaese.info\\\/#organization\"},\"image\":{\"@id\":\"https:\\\/\\\/lavocedelpaese.info\\\/index.php\\\/2024\\\/06\\\/12\\\/processo-ferrazzano-attesa-per-i-testimoni-oculari-nel-caso-di-suicidio-a-foggia\\\/#primaryimage\"},\"thumbnailUrl\":\"https:\\\/\\\/lavocedelpaese.info\\\/wp-content\\\/uploads\\\/2024\\\/06\\\/tribunale.jpg\",\"articleSection\":[\"Cronaca\"],\"inLanguage\":\"it-IT\",\"potentialAction\":[{\"@type\":\"CommentAction\",\"name\":\"Comment\",\"target\":[\"https:\\\/\\\/lavocedelpaese.info\\\/index.php\\\/2024\\\/06\\\/12\\\/processo-ferrazzano-attesa-per-i-testimoni-oculari-nel-caso-di-suicidio-a-foggia\\\/#respond\"]}]},{\"@type\":\"WebPage\",\"@id\":\"https:\\\/\\\/lavocedelpaese.info\\\/index.php\\\/2024\\\/06\\\/12\\\/processo-ferrazzano-attesa-per-i-testimoni-oculari-nel-caso-di-suicidio-a-foggia\\\/\",\"url\":\"https:\\\/\\\/lavocedelpaese.info\\\/index.php\\\/2024\\\/06\\\/12\\\/processo-ferrazzano-attesa-per-i-testimoni-oculari-nel-caso-di-suicidio-a-foggia\\\/\",\"name\":\"Processo Ferrazzano: attesa per i testimoni oculari nel caso di suicidio a Foggia - La Voce del Paese\",\"isPartOf\":{\"@id\":\"https:\\\/\\\/lavocedelpaese.info\\\/#website\"},\"primaryImageOfPage\":{\"@id\":\"https:\\\/\\\/lavocedelpaese.info\\\/index.php\\\/2024\\\/06\\\/12\\\/processo-ferrazzano-attesa-per-i-testimoni-oculari-nel-caso-di-suicidio-a-foggia\\\/#primaryimage\"},\"image\":{\"@id\":\"https:\\\/\\\/lavocedelpaese.info\\\/index.php\\\/2024\\\/06\\\/12\\\/processo-ferrazzano-attesa-per-i-testimoni-oculari-nel-caso-di-suicidio-a-foggia\\\/#primaryimage\"},\"thumbnailUrl\":\"https:\\\/\\\/lavocedelpaese.info\\\/wp-content\\\/uploads\\\/2024\\\/06\\\/tribunale.jpg\",\"datePublished\":\"2024-06-12T22:28:51+00:00\",\"breadcrumb\":{\"@id\":\"https:\\\/\\\/lavocedelpaese.info\\\/index.php\\\/2024\\\/06\\\/12\\\/processo-ferrazzano-attesa-per-i-testimoni-oculari-nel-caso-di-suicidio-a-foggia\\\/#breadcrumb\"},\"inLanguage\":\"it-IT\",\"potentialAction\":[{\"@type\":\"ReadAction\",\"target\":[\"https:\\\/\\\/lavocedelpaese.info\\\/index.php\\\/2024\\\/06\\\/12\\\/processo-ferrazzano-attesa-per-i-testimoni-oculari-nel-caso-di-suicidio-a-foggia\\\/\"]}]},{\"@type\":\"ImageObject\",\"inLanguage\":\"it-IT\",\"@id\":\"https:\\\/\\\/lavocedelpaese.info\\\/index.php\\\/2024\\\/06\\\/12\\\/processo-ferrazzano-attesa-per-i-testimoni-oculari-nel-caso-di-suicidio-a-foggia\\\/#primaryimage\",\"url\":\"https:\\\/\\\/lavocedelpaese.info\\\/wp-content\\\/uploads\\\/2024\\\/06\\\/tribunale.jpg\",\"contentUrl\":\"https:\\\/\\\/lavocedelpaese.info\\\/wp-content\\\/uploads\\\/2024\\\/06\\\/tribunale.jpg\",\"width\":658,\"height\":370},{\"@type\":\"BreadcrumbList\",\"@id\":\"https:\\\/\\\/lavocedelpaese.info\\\/index.php\\\/2024\\\/06\\\/12\\\/processo-ferrazzano-attesa-per-i-testimoni-oculari-nel-caso-di-suicidio-a-foggia\\\/#breadcrumb\",\"itemListElement\":[{\"@type\":\"ListItem\",\"position\":1,\"name\":\"Home\",\"item\":\"https:\\\/\\\/lavocedelpaese.info\\\/\"},{\"@type\":\"ListItem\",\"position\":2,\"name\":\"Processo Ferrazzano: attesa per i testimoni oculari nel caso di suicidio a Foggia\"}]},{\"@type\":\"WebSite\",\"@id\":\"https:\\\/\\\/lavocedelpaese.info\\\/#website\",\"url\":\"https:\\\/\\\/lavocedelpaese.info\\\/\",\"name\":\"La Voce del Paese\",\"description\":\"Un network di idee\",\"publisher\":{\"@id\":\"https:\\\/\\\/lavocedelpaese.info\\\/#organization\"},\"potentialAction\":[{\"@type\":\"SearchAction\",\"target\":{\"@type\":\"EntryPoint\",\"urlTemplate\":\"https:\\\/\\\/lavocedelpaese.info\\\/?s={search_term_string}\"},\"query-input\":{\"@type\":\"PropertyValueSpecification\",\"valueRequired\":true,\"valueName\":\"search_term_string\"}}],\"inLanguage\":\"it-IT\"},{\"@type\":\"Organization\",\"@id\":\"https:\\\/\\\/lavocedelpaese.info\\\/#organization\",\"name\":\"La Voce del Paese\",\"url\":\"https:\\\/\\\/lavocedelpaese.info\\\/\",\"logo\":{\"@type\":\"ImageObject\",\"inLanguage\":\"it-IT\",\"@id\":\"https:\\\/\\\/lavocedelpaese.info\\\/#\\\/schema\\\/logo\\\/image\\\/\",\"url\":\"https:\\\/\\\/lavocedelpaese.info\\\/wp-content\\\/uploads\\\/2023\\\/01\\\/cropped-logo-150-127.png\",\"contentUrl\":\"https:\\\/\\\/lavocedelpaese.info\\\/wp-content\\\/uploads\\\/2023\\\/01\\\/cropped-logo-150-127.png\",\"width\":137,\"height\":119,\"caption\":\"La Voce del Paese\"},\"image\":{\"@id\":\"https:\\\/\\\/lavocedelpaese.info\\\/#\\\/schema\\\/logo\\\/image\\\/\"},\"sameAs\":[\"https:\\\/\\\/www.facebook.com\\\/lavocedelpaese.info\"]},{\"@type\":\"Person\",\"@id\":\"https:\\\/\\\/lavocedelpaese.info\\\/#\\\/schema\\\/person\\\/ec151d321306bd7591f7a061abf72d88\",\"name\":\"admin\",\"image\":{\"@type\":\"ImageObject\",\"inLanguage\":\"it-IT\",\"@id\":\"https:\\\/\\\/secure.gravatar.com\\\/avatar\\\/af8f2caf0663124588de48a9380e07cbc95a74ef15b8062d0d39106c32fe3023?s=96&d=mm&r=g\",\"url\":\"https:\\\/\\\/secure.gravatar.com\\\/avatar\\\/af8f2caf0663124588de48a9380e07cbc95a74ef15b8062d0d39106c32fe3023?s=96&d=mm&r=g\",\"contentUrl\":\"https:\\\/\\\/secure.gravatar.com\\\/avatar\\\/af8f2caf0663124588de48a9380e07cbc95a74ef15b8062d0d39106c32fe3023?s=96&d=mm&r=g\",\"caption\":\"admin\"},\"sameAs\":[\"https:\\\/\\\/lavocedelpaese.info\"],\"url\":\"https:\\\/\\\/lavocedelpaese.info\\\/index.php\\\/author\\\/admin\\\/\"}]}<\/script>\n<!-- \/ Yoast SEO plugin. -->","yoast_head_json":{"title":"Processo Ferrazzano: attesa per i testimoni oculari nel caso di suicidio a Foggia - La Voce del Paese","robots":{"index":"index","follow":"follow","max-snippet":"max-snippet:-1","max-image-preview":"max-image-preview:large","max-video-preview":"max-video-preview:-1"},"canonical":"https:\/\/lavocedelpaese.info\/index.php\/2024\/06\/12\/processo-ferrazzano-attesa-per-i-testimoni-oculari-nel-caso-di-suicidio-a-foggia\/","og_locale":"it_IT","og_type":"article","og_title":"Processo Ferrazzano: attesa per i testimoni oculari nel caso di suicidio a Foggia - La Voce del Paese","og_description":"Il processo sulla morte di Marco Ferrazzano, il giovane di Foggia che si \u00e8 suicidato nel 2021, continua con l&#8217;attesa","og_url":"https:\/\/lavocedelpaese.info\/index.php\/2024\/06\/12\/processo-ferrazzano-attesa-per-i-testimoni-oculari-nel-caso-di-suicidio-a-foggia\/","og_site_name":"La Voce del Paese","article_publisher":"https:\/\/www.facebook.com\/lavocedelpaese.info","article_published_time":"2024-06-12T22:28:51+00:00","og_image":[{"width":658,"height":370,"url":"https:\/\/lavocedelpaese.info\/wp-content\/uploads\/2024\/06\/tribunale.jpg","type":"image\/jpeg"}],"author":"admin","twitter_card":"summary_large_image","twitter_misc":{"Scritto da":"admin","Tempo di lettura stimato":"6 minuti"},"schema":{"@context":"https:\/\/schema.org","@graph":[{"@type":"Article","@id":"https:\/\/lavocedelpaese.info\/index.php\/2024\/06\/12\/processo-ferrazzano-attesa-per-i-testimoni-oculari-nel-caso-di-suicidio-a-foggia\/#article","isPartOf":{"@id":"https:\/\/lavocedelpaese.info\/index.php\/2024\/06\/12\/processo-ferrazzano-attesa-per-i-testimoni-oculari-nel-caso-di-suicidio-a-foggia\/"},"author":{"name":"admin","@id":"https:\/\/lavocedelpaese.info\/#\/schema\/person\/ec151d321306bd7591f7a061abf72d88"},"headline":"Processo Ferrazzano: attesa per i testimoni oculari nel caso di suicidio a Foggia","datePublished":"2024-06-12T22:28:51+00:00","mainEntityOfPage":{"@id":"https:\/\/lavocedelpaese.info\/index.php\/2024\/06\/12\/processo-ferrazzano-attesa-per-i-testimoni-oculari-nel-caso-di-suicidio-a-foggia\/"},"wordCount":1008,"commentCount":0,"publisher":{"@id":"https:\/\/lavocedelpaese.info\/#organization"},"image":{"@id":"https:\/\/lavocedelpaese.info\/index.php\/2024\/06\/12\/processo-ferrazzano-attesa-per-i-testimoni-oculari-nel-caso-di-suicidio-a-foggia\/#primaryimage"},"thumbnailUrl":"https:\/\/lavocedelpaese.info\/wp-content\/uploads\/2024\/06\/tribunale.jpg","articleSection":["Cronaca"],"inLanguage":"it-IT","potentialAction":[{"@type":"CommentAction","name":"Comment","target":["https:\/\/lavocedelpaese.info\/index.php\/2024\/06\/12\/processo-ferrazzano-attesa-per-i-testimoni-oculari-nel-caso-di-suicidio-a-foggia\/#respond"]}]},{"@type":"WebPage","@id":"https:\/\/lavocedelpaese.info\/index.php\/2024\/06\/12\/processo-ferrazzano-attesa-per-i-testimoni-oculari-nel-caso-di-suicidio-a-foggia\/","url":"https:\/\/lavocedelpaese.info\/index.php\/2024\/06\/12\/processo-ferrazzano-attesa-per-i-testimoni-oculari-nel-caso-di-suicidio-a-foggia\/","name":"Processo Ferrazzano: attesa per i testimoni oculari nel caso di suicidio a Foggia - La Voce del Paese","isPartOf":{"@id":"https:\/\/lavocedelpaese.info\/#website"},"primaryImageOfPage":{"@id":"https:\/\/lavocedelpaese.info\/index.php\/2024\/06\/12\/processo-ferrazzano-attesa-per-i-testimoni-oculari-nel-caso-di-suicidio-a-foggia\/#primaryimage"},"image":{"@id":"https:\/\/lavocedelpaese.info\/index.php\/2024\/06\/12\/processo-ferrazzano-attesa-per-i-testimoni-oculari-nel-caso-di-suicidio-a-foggia\/#primaryimage"},"thumbnailUrl":"https:\/\/lavocedelpaese.info\/wp-content\/uploads\/2024\/06\/tribunale.jpg","datePublished":"2024-06-12T22:28:51+00:00","breadcrumb":{"@id":"https:\/\/lavocedelpaese.info\/index.php\/2024\/06\/12\/processo-ferrazzano-attesa-per-i-testimoni-oculari-nel-caso-di-suicidio-a-foggia\/#breadcrumb"},"inLanguage":"it-IT","potentialAction":[{"@type":"ReadAction","target":["https:\/\/lavocedelpaese.info\/index.php\/2024\/06\/12\/processo-ferrazzano-attesa-per-i-testimoni-oculari-nel-caso-di-suicidio-a-foggia\/"]}]},{"@type":"ImageObject","inLanguage":"it-IT","@id":"https:\/\/lavocedelpaese.info\/index.php\/2024\/06\/12\/processo-ferrazzano-attesa-per-i-testimoni-oculari-nel-caso-di-suicidio-a-foggia\/#primaryimage","url":"https:\/\/lavocedelpaese.info\/wp-content\/uploads\/2024\/06\/tribunale.jpg","contentUrl":"https:\/\/lavocedelpaese.info\/wp-content\/uploads\/2024\/06\/tribunale.jpg","width":658,"height":370},{"@type":"BreadcrumbList","@id":"https:\/\/lavocedelpaese.info\/index.php\/2024\/06\/12\/processo-ferrazzano-attesa-per-i-testimoni-oculari-nel-caso-di-suicidio-a-foggia\/#breadcrumb","itemListElement":[{"@type":"ListItem","position":1,"name":"Home","item":"https:\/\/lavocedelpaese.info\/"},{"@type":"ListItem","position":2,"name":"Processo Ferrazzano: attesa per i testimoni oculari nel caso di suicidio a Foggia"}]},{"@type":"WebSite","@id":"https:\/\/lavocedelpaese.info\/#website","url":"https:\/\/lavocedelpaese.info\/","name":"La Voce del Paese","description":"Un network di idee","publisher":{"@id":"https:\/\/lavocedelpaese.info\/#organization"},"potentialAction":[{"@type":"SearchAction","target":{"@type":"EntryPoint","urlTemplate":"https:\/\/lavocedelpaese.info\/?s={search_term_string}"},"query-input":{"@type":"PropertyValueSpecification","valueRequired":true,"valueName":"search_term_string"}}],"inLanguage":"it-IT"},{"@type":"Organization","@id":"https:\/\/lavocedelpaese.info\/#organization","name":"La Voce del Paese","url":"https:\/\/lavocedelpaese.info\/","logo":{"@type":"ImageObject","inLanguage":"it-IT","@id":"https:\/\/lavocedelpaese.info\/#\/schema\/logo\/image\/","url":"https:\/\/lavocedelpaese.info\/wp-content\/uploads\/2023\/01\/cropped-logo-150-127.png","contentUrl":"https:\/\/lavocedelpaese.info\/wp-content\/uploads\/2023\/01\/cropped-logo-150-127.png","width":137,"height":119,"caption":"La Voce del Paese"},"image":{"@id":"https:\/\/lavocedelpaese.info\/#\/schema\/logo\/image\/"},"sameAs":["https:\/\/www.facebook.com\/lavocedelpaese.info"]},{"@type":"Person","@id":"https:\/\/lavocedelpaese.info\/#\/schema\/person\/ec151d321306bd7591f7a061abf72d88","name":"admin","image":{"@type":"ImageObject","inLanguage":"it-IT","@id":"https:\/\/secure.gravatar.com\/avatar\/af8f2caf0663124588de48a9380e07cbc95a74ef15b8062d0d39106c32fe3023?s=96&d=mm&r=g","url":"https:\/\/secure.gravatar.com\/avatar\/af8f2caf0663124588de48a9380e07cbc95a74ef15b8062d0d39106c32fe3023?s=96&d=mm&r=g","contentUrl":"https:\/\/secure.gravatar.com\/avatar\/af8f2caf0663124588de48a9380e07cbc95a74ef15b8062d0d39106c32fe3023?s=96&d=mm&r=g","caption":"admin"},"sameAs":["https:\/\/lavocedelpaese.info"],"url":"https:\/\/lavocedelpaese.info\/index.php\/author\/admin\/"}]}},"_links":{"self":[{"href":"https:\/\/lavocedelpaese.info\/index.php\/wp-json\/wp\/v2\/posts\/2263","targetHints":{"allow":["GET"]}}],"collection":[{"href":"https:\/\/lavocedelpaese.info\/index.php\/wp-json\/wp\/v2\/posts"}],"about":[{"href":"https:\/\/lavocedelpaese.info\/index.php\/wp-json\/wp\/v2\/types\/post"}],"author":[{"embeddable":true,"href":"https:\/\/lavocedelpaese.info\/index.php\/wp-json\/wp\/v2\/users\/6"}],"replies":[{"embeddable":true,"href":"https:\/\/lavocedelpaese.info\/index.php\/wp-json\/wp\/v2\/comments?post=2263"}],"version-history":[{"count":1,"href":"https:\/\/lavocedelpaese.info\/index.php\/wp-json\/wp\/v2\/posts\/2263\/revisions"}],"predecessor-version":[{"id":2265,"href":"https:\/\/lavocedelpaese.info\/index.php\/wp-json\/wp\/v2\/posts\/2263\/revisions\/2265"}],"wp:featuredmedia":[{"embeddable":true,"href":"https:\/\/lavocedelpaese.info\/index.php\/wp-json\/wp\/v2\/media\/2264"}],"wp:attachment":[{"href":"https:\/\/lavocedelpaese.info\/index.php\/wp-json\/wp\/v2\/media?parent=2263"}],"wp:term":[{"taxonomy":"category","embeddable":true,"href":"https:\/\/lavocedelpaese.info\/index.php\/wp-json\/wp\/v2\/categories?post=2263"},{"taxonomy":"post_tag","embeddable":true,"href":"https:\/\/lavocedelpaese.info\/index.php\/wp-json\/wp\/v2\/tags?post=2263"}],"curies":[{"name":"wp","href":"https:\/\/api.w.org\/{rel}","templated":true}]}}