{"id":2257,"date":"2024-06-12T22:15:24","date_gmt":"2024-06-12T22:15:24","guid":{"rendered":"https:\/\/lavocedelpaese.info\/?p=2257"},"modified":"2024-06-12T22:15:25","modified_gmt":"2024-06-12T22:15:25","slug":"foggia-celebra-la-giornata-mondiale-del-rifugiato","status":"publish","type":"post","link":"https:\/\/lavocedelpaese.info\/index.php\/2024\/06\/12\/foggia-celebra-la-giornata-mondiale-del-rifugiato\/","title":{"rendered":"Foggia celebra la Giornata Mondiale del Rifugiato"},"content":{"rendered":"\n<p>Il 14 e 19 giugno Foggia ospiter\u00e0 eventi in occasione della &#8220;Giornata Mondiale del Rifugiato&#8221;, organizzati da vari enti locali e patrocinati dal Comune e dalla Provincia di Foggia. Le attivit\u00e0 includeranno seminari, feste e tornei per promuovere l&#8217;inclusione dei rifugiati. Tra le storie presentate ci sono quelle di Rafael Landaverde, che ha lasciato El Salvador per sfuggire alla mafia, e Iyare Florence dalla Nigeria, ora integrati in Italia grazie ai progetti SAI. L&#8217;iniziativa mira a sensibilizzare la comunit\u00e0 sulle esperienze dei rifugiati attraverso incontri, spettacoli e degustazioni. L&#8217;evento culminer\u00e0 il 19 giugno con una festa pubblica su Viale XXIV Maggio.<\/p>\n\n\n\n<p>La celebrazione della &#8220;Giornata Mondiale del Rifugiato&#8221; a Foggia, con un calendario ricco di eventi mirati a promuovere l&#8217;inclusione e l&#8217;integrazione dei rifugiati, rappresenta un esempio illuminante di come le politiche locali possano influenzare positivamente la politica dell&#8217;immigrazione in Italia. La serie di iniziative, organizzate da vari enti e patrocinata dal Comune e dalla Provincia di Foggia, evidenzia l&#8217;importanza della collaborazione tra istituzioni pubbliche e organizzazioni della societ\u00e0 civile nel gestire e supportare i rifugiati e i richiedenti asilo. Il focus su storie personali, come quella di Rafael Landaverde, Iyare Florence e Sadiqi Omid, mette in luce non solo le difficolt\u00e0 affrontate dai rifugiati nei loro paesi d&#8217;origine ma anche i successi ottenuti grazie ai programmi di accoglienza ed integrazione come il Sistema di Accoglienza ed Integrazione (SAI).<\/p>\n\n\n\n<p>Le implicazioni politiche di questi eventi sono molteplici. Innanzitutto, dimostrano come l&#8217;approccio basato sull&#8217;integrazione possa essere efficace nel creare una societ\u00e0 pi\u00f9 inclusiva e coesa. I rifugiati non sono solo beneficiari di assistenza, ma diventano membri attivi delle comunit\u00e0 locali, contribuendo economicamente e socialmente. Le storie di successo di persone come Landaverde, che ha trovato una nuova vita a Poggio Imperiale, e Florence, che ora lavora in un ristorante a Foggia, illustrano l&#8217;importanza di fornire opportunit\u00e0 di lavoro e di integrazione sociale. Questi esempi possono influenzare le politiche a livello nazionale, evidenziando la necessit\u00e0 di investire in programmi di accoglienza che vadano oltre la semplice assistenza emergenziale e che promuovano una vera integrazione socio-economica.<\/p>\n\n\n\n<p>La celebrazione della &#8220;Giornata Mondiale del Rifugiato&#8221; a Foggia, inoltre, sottolinea l&#8217;importanza della sensibilizzazione e dell&#8217;educazione della comunit\u00e0 locale. Eventi come il seminario \u201cSe lo SAI accogli. Storie di integrazione\u201d e le attivit\u00e0 pubbliche su Viale XXIV Maggio, che includono spettacoli, giochi per bambini, e stand delle culture, sono fondamentali per abbattere i pregiudizi e promuovere la comprensione interculturale. Questo tipo di approccio pu\u00f2 ridurre la xenofobia e aumentare l&#8217;accettazione dei rifugiati, creando un ambiente pi\u00f9 favorevole per le politiche di integrazione. Il coinvolgimento diretto della comunit\u00e0 locale in questi eventi pu\u00f2 anche portare a un maggiore sostegno per le politiche di immigrazione inclusiva a livello nazionale.<\/p>\n\n\n\n<p>Dal punto di vista delle politiche di immigrazione, gli eventi di Foggia mettono in luce l&#8217;efficacia del modello SAI, che combina accoglienza e integrazione. Questo modello, che \u00e8 stato implementato con successo in vari comuni della provincia di Foggia, potrebbe essere preso come esempio per altre regioni italiane e anche per altri paesi europei. Il sistema SAI dimostra che con il giusto supporto e le risorse adeguate, i rifugiati possono diventare parte integrante e produttiva della societ\u00e0. Il successo di questo modello potrebbe incoraggiare il governo italiano a espandere e migliorare tali programmi, garantendo un supporto pi\u00f9 stabile e continuativo per i rifugiati e richiedenti asilo.<\/p>\n\n\n\n<p>Un altro aspetto importante evidenziato dagli eventi \u00e8 il ruolo cruciale delle reti di supporto locali e delle organizzazioni della societ\u00e0 civile. La collaborazione tra enti come Medtraining, Arci Comitato Provinciale di Foggia, e molte altre organizzazioni, mostra come una rete solida possa fornire un supporto integrato e efficace ai rifugiati. Questo tipo di collaborazione dovrebbe essere incoraggiato e sostenuto a livello nazionale, fornendo risorse e riconoscimento alle organizzazioni che lavorano sul campo. Il successo delle iniziative a Foggia potrebbe spingere le politiche nazionali a favorire una maggiore decentralizzazione delle politiche di accoglienza, riconoscendo il valore aggiunto delle iniziative locali e della partecipazione della comunit\u00e0.<\/p>\n\n\n\n<p>Le implicazioni di questi eventi si estendono anche al livello europeo. L&#8217;Italia, come uno dei principali paesi di ingresso per i rifugiati in Europa, pu\u00f2 utilizzare esempi di successo come quello di Foggia per influenzare le politiche europee sull&#8217;immigrazione e l&#8217;asilo. Dimostrare che l&#8217;integrazione \u00e8 possibile e che i rifugiati possono diventare parte attiva delle comunit\u00e0 locali pu\u00f2 rafforzare la posizione dell&#8217;Italia nelle negoziazioni europee, promuovendo politiche che supportano una distribuzione pi\u00f9 equa dei rifugiati tra i paesi membri e maggiori investimenti nei programmi di integrazione.<\/p>\n\n\n\n<p>La partecipazione di figure istituzionali di rilievo, come Ludovico Vaccaro, procuratore capo della Procura della Repubblica di Foggia, e Viviana Matrangola, assessora alle Politiche Migratorie della Regione Puglia, sottolinea l&#8217;impegno delle istituzioni a vari livelli nel supportare queste iniziative. Questo impegno istituzionale \u00e8 fondamentale per garantire la sostenibilit\u00e0 e l&#8217;efficacia delle politiche di integrazione. La presenza di rappresentanti istituzionali agli eventi non solo legittima l&#8217;importanza di tali iniziative, ma pu\u00f2 anche facilitare il dialogo tra diversi livelli di governo e le organizzazioni della societ\u00e0 civile, promuovendo un approccio pi\u00f9 coordinato e integrato alle politiche di immigrazione.<\/p>\n\n\n\n<p>In conclusione, la celebrazione della &#8220;Giornata Mondiale del Rifugiato&#8221; a Foggia non \u00e8 solo una serie di eventi culturali e sociali, ma rappresenta un modello di come le politiche di immigrazione e integrazione possono essere implementate con successo a livello locale. Le storie di rifugiati integrati, il coinvolgimento della comunit\u00e0 locale e il supporto istituzionale sono tutti elementi che dimostrano l&#8217;efficacia di un approccio basato sull&#8217;integrazione. Le implicazioni di questi eventi sono significative per la politica dell&#8217;immigrazione in Italia, suggerendo la necessit\u00e0 di investire in programmi di accoglienza che promuovano l&#8217;integrazione socio-economica, la collaborazione tra enti locali e organizzazioni della societ\u00e0 civile, e una maggiore sensibilizzazione della comunit\u00e0. Questo modello potrebbe influenzare positivamente le politiche nazionali e europee, promuovendo un approccio pi\u00f9 umano e inclusivo all&#8217;immigrazione.<\/p>\n","protected":false},"excerpt":{"rendered":"<p>Il 14 e 19 giugno Foggia ospiter\u00e0 eventi in occasione della &#8220;Giornata Mondiale del Rifugiato&#8221;, organizzati da vari enti locali<\/p>\n","protected":false},"author":6,"featured_media":2258,"comment_status":"open","ping_status":"closed","sticky":false,"template":"","format":"standard","meta":{"colormag_page_container_layout":"default_layout","colormag_page_sidebar_layout":"default_layout","footnotes":""},"categories":[2],"tags":[],"class_list":["post-2257","post","type-post","status-publish","format-standard","has-post-thumbnail","hentry","category-attualita"],"yoast_head":"<!-- This site is optimized with the Yoast SEO plugin v27.5 - https:\/\/yoast.com\/product\/yoast-seo-wordpress\/ -->\n<title>Foggia celebra la Giornata Mondiale del Rifugiato - La Voce del Paese<\/title>\n<meta name=\"robots\" content=\"index, follow, max-snippet:-1, max-image-preview:large, max-video-preview:-1\" \/>\n<link rel=\"canonical\" href=\"https:\/\/lavocedelpaese.info\/index.php\/2024\/06\/12\/foggia-celebra-la-giornata-mondiale-del-rifugiato\/\" \/>\n<meta property=\"og:locale\" content=\"it_IT\" \/>\n<meta property=\"og:type\" content=\"article\" \/>\n<meta property=\"og:title\" content=\"Foggia celebra la Giornata Mondiale del Rifugiato - La Voce del Paese\" \/>\n<meta property=\"og:description\" content=\"Il 14 e 19 giugno Foggia ospiter\u00e0 eventi in occasione della &#8220;Giornata Mondiale del Rifugiato&#8221;, organizzati da vari enti locali\" \/>\n<meta property=\"og:url\" content=\"https:\/\/lavocedelpaese.info\/index.php\/2024\/06\/12\/foggia-celebra-la-giornata-mondiale-del-rifugiato\/\" \/>\n<meta property=\"og:site_name\" content=\"La Voce del Paese\" \/>\n<meta property=\"article:publisher\" content=\"https:\/\/www.facebook.com\/lavocedelpaese.info\" \/>\n<meta property=\"article:published_time\" content=\"2024-06-12T22:15:24+00:00\" \/>\n<meta property=\"article:modified_time\" content=\"2024-06-12T22:15:25+00:00\" \/>\n<meta property=\"og:image\" content=\"https:\/\/lavocedelpaese.info\/wp-content\/uploads\/2024\/06\/inclusione-generica.jpg\" \/>\n\t<meta property=\"og:image:width\" content=\"991\" \/>\n\t<meta property=\"og:image:height\" content=\"556\" \/>\n\t<meta property=\"og:image:type\" content=\"image\/jpeg\" \/>\n<meta name=\"author\" content=\"admin\" \/>\n<meta name=\"twitter:card\" content=\"summary_large_image\" \/>\n<meta name=\"twitter:label1\" content=\"Scritto da\" \/>\n\t<meta name=\"twitter:data1\" content=\"admin\" \/>\n\t<meta name=\"twitter:label2\" content=\"Tempo di lettura stimato\" \/>\n\t<meta name=\"twitter:data2\" content=\"6 minuti\" \/>\n<script type=\"application\/ld+json\" class=\"yoast-schema-graph\">{\"@context\":\"https:\\\/\\\/schema.org\",\"@graph\":[{\"@type\":\"Article\",\"@id\":\"https:\\\/\\\/lavocedelpaese.info\\\/index.php\\\/2024\\\/06\\\/12\\\/foggia-celebra-la-giornata-mondiale-del-rifugiato\\\/#article\",\"isPartOf\":{\"@id\":\"https:\\\/\\\/lavocedelpaese.info\\\/index.php\\\/2024\\\/06\\\/12\\\/foggia-celebra-la-giornata-mondiale-del-rifugiato\\\/\"},\"author\":{\"name\":\"admin\",\"@id\":\"https:\\\/\\\/lavocedelpaese.info\\\/#\\\/schema\\\/person\\\/ec151d321306bd7591f7a061abf72d88\"},\"headline\":\"Foggia celebra la Giornata Mondiale del Rifugiato\",\"datePublished\":\"2024-06-12T22:15:24+00:00\",\"dateModified\":\"2024-06-12T22:15:25+00:00\",\"mainEntityOfPage\":{\"@id\":\"https:\\\/\\\/lavocedelpaese.info\\\/index.php\\\/2024\\\/06\\\/12\\\/foggia-celebra-la-giornata-mondiale-del-rifugiato\\\/\"},\"wordCount\":996,\"commentCount\":0,\"publisher\":{\"@id\":\"https:\\\/\\\/lavocedelpaese.info\\\/#organization\"},\"image\":{\"@id\":\"https:\\\/\\\/lavocedelpaese.info\\\/index.php\\\/2024\\\/06\\\/12\\\/foggia-celebra-la-giornata-mondiale-del-rifugiato\\\/#primaryimage\"},\"thumbnailUrl\":\"https:\\\/\\\/lavocedelpaese.info\\\/wp-content\\\/uploads\\\/2024\\\/06\\\/inclusione-generica.jpg\",\"articleSection\":[\"Attualit\u00e0\"],\"inLanguage\":\"it-IT\",\"potentialAction\":[{\"@type\":\"CommentAction\",\"name\":\"Comment\",\"target\":[\"https:\\\/\\\/lavocedelpaese.info\\\/index.php\\\/2024\\\/06\\\/12\\\/foggia-celebra-la-giornata-mondiale-del-rifugiato\\\/#respond\"]}]},{\"@type\":\"WebPage\",\"@id\":\"https:\\\/\\\/lavocedelpaese.info\\\/index.php\\\/2024\\\/06\\\/12\\\/foggia-celebra-la-giornata-mondiale-del-rifugiato\\\/\",\"url\":\"https:\\\/\\\/lavocedelpaese.info\\\/index.php\\\/2024\\\/06\\\/12\\\/foggia-celebra-la-giornata-mondiale-del-rifugiato\\\/\",\"name\":\"Foggia celebra la Giornata Mondiale del Rifugiato - La Voce del Paese\",\"isPartOf\":{\"@id\":\"https:\\\/\\\/lavocedelpaese.info\\\/#website\"},\"primaryImageOfPage\":{\"@id\":\"https:\\\/\\\/lavocedelpaese.info\\\/index.php\\\/2024\\\/06\\\/12\\\/foggia-celebra-la-giornata-mondiale-del-rifugiato\\\/#primaryimage\"},\"image\":{\"@id\":\"https:\\\/\\\/lavocedelpaese.info\\\/index.php\\\/2024\\\/06\\\/12\\\/foggia-celebra-la-giornata-mondiale-del-rifugiato\\\/#primaryimage\"},\"thumbnailUrl\":\"https:\\\/\\\/lavocedelpaese.info\\\/wp-content\\\/uploads\\\/2024\\\/06\\\/inclusione-generica.jpg\",\"datePublished\":\"2024-06-12T22:15:24+00:00\",\"dateModified\":\"2024-06-12T22:15:25+00:00\",\"breadcrumb\":{\"@id\":\"https:\\\/\\\/lavocedelpaese.info\\\/index.php\\\/2024\\\/06\\\/12\\\/foggia-celebra-la-giornata-mondiale-del-rifugiato\\\/#breadcrumb\"},\"inLanguage\":\"it-IT\",\"potentialAction\":[{\"@type\":\"ReadAction\",\"target\":[\"https:\\\/\\\/lavocedelpaese.info\\\/index.php\\\/2024\\\/06\\\/12\\\/foggia-celebra-la-giornata-mondiale-del-rifugiato\\\/\"]}]},{\"@type\":\"ImageObject\",\"inLanguage\":\"it-IT\",\"@id\":\"https:\\\/\\\/lavocedelpaese.info\\\/index.php\\\/2024\\\/06\\\/12\\\/foggia-celebra-la-giornata-mondiale-del-rifugiato\\\/#primaryimage\",\"url\":\"https:\\\/\\\/lavocedelpaese.info\\\/wp-content\\\/uploads\\\/2024\\\/06\\\/inclusione-generica.jpg\",\"contentUrl\":\"https:\\\/\\\/lavocedelpaese.info\\\/wp-content\\\/uploads\\\/2024\\\/06\\\/inclusione-generica.jpg\",\"width\":991,\"height\":556},{\"@type\":\"BreadcrumbList\",\"@id\":\"https:\\\/\\\/lavocedelpaese.info\\\/index.php\\\/2024\\\/06\\\/12\\\/foggia-celebra-la-giornata-mondiale-del-rifugiato\\\/#breadcrumb\",\"itemListElement\":[{\"@type\":\"ListItem\",\"position\":1,\"name\":\"Home\",\"item\":\"https:\\\/\\\/lavocedelpaese.info\\\/\"},{\"@type\":\"ListItem\",\"position\":2,\"name\":\"Foggia celebra la Giornata Mondiale del Rifugiato\"}]},{\"@type\":\"WebSite\",\"@id\":\"https:\\\/\\\/lavocedelpaese.info\\\/#website\",\"url\":\"https:\\\/\\\/lavocedelpaese.info\\\/\",\"name\":\"La Voce del Paese\",\"description\":\"Un network di idee\",\"publisher\":{\"@id\":\"https:\\\/\\\/lavocedelpaese.info\\\/#organization\"},\"potentialAction\":[{\"@type\":\"SearchAction\",\"target\":{\"@type\":\"EntryPoint\",\"urlTemplate\":\"https:\\\/\\\/lavocedelpaese.info\\\/?s={search_term_string}\"},\"query-input\":{\"@type\":\"PropertyValueSpecification\",\"valueRequired\":true,\"valueName\":\"search_term_string\"}}],\"inLanguage\":\"it-IT\"},{\"@type\":\"Organization\",\"@id\":\"https:\\\/\\\/lavocedelpaese.info\\\/#organization\",\"name\":\"La Voce del Paese\",\"url\":\"https:\\\/\\\/lavocedelpaese.info\\\/\",\"logo\":{\"@type\":\"ImageObject\",\"inLanguage\":\"it-IT\",\"@id\":\"https:\\\/\\\/lavocedelpaese.info\\\/#\\\/schema\\\/logo\\\/image\\\/\",\"url\":\"https:\\\/\\\/lavocedelpaese.info\\\/wp-content\\\/uploads\\\/2023\\\/01\\\/cropped-logo-150-127.png\",\"contentUrl\":\"https:\\\/\\\/lavocedelpaese.info\\\/wp-content\\\/uploads\\\/2023\\\/01\\\/cropped-logo-150-127.png\",\"width\":137,\"height\":119,\"caption\":\"La Voce del Paese\"},\"image\":{\"@id\":\"https:\\\/\\\/lavocedelpaese.info\\\/#\\\/schema\\\/logo\\\/image\\\/\"},\"sameAs\":[\"https:\\\/\\\/www.facebook.com\\\/lavocedelpaese.info\"]},{\"@type\":\"Person\",\"@id\":\"https:\\\/\\\/lavocedelpaese.info\\\/#\\\/schema\\\/person\\\/ec151d321306bd7591f7a061abf72d88\",\"name\":\"admin\",\"image\":{\"@type\":\"ImageObject\",\"inLanguage\":\"it-IT\",\"@id\":\"https:\\\/\\\/secure.gravatar.com\\\/avatar\\\/af8f2caf0663124588de48a9380e07cbc95a74ef15b8062d0d39106c32fe3023?s=96&d=mm&r=g\",\"url\":\"https:\\\/\\\/secure.gravatar.com\\\/avatar\\\/af8f2caf0663124588de48a9380e07cbc95a74ef15b8062d0d39106c32fe3023?s=96&d=mm&r=g\",\"contentUrl\":\"https:\\\/\\\/secure.gravatar.com\\\/avatar\\\/af8f2caf0663124588de48a9380e07cbc95a74ef15b8062d0d39106c32fe3023?s=96&d=mm&r=g\",\"caption\":\"admin\"},\"sameAs\":[\"https:\\\/\\\/lavocedelpaese.info\"],\"url\":\"https:\\\/\\\/lavocedelpaese.info\\\/index.php\\\/author\\\/admin\\\/\"}]}<\/script>\n<!-- \/ Yoast SEO plugin. -->","yoast_head_json":{"title":"Foggia celebra la Giornata Mondiale del Rifugiato - La Voce del Paese","robots":{"index":"index","follow":"follow","max-snippet":"max-snippet:-1","max-image-preview":"max-image-preview:large","max-video-preview":"max-video-preview:-1"},"canonical":"https:\/\/lavocedelpaese.info\/index.php\/2024\/06\/12\/foggia-celebra-la-giornata-mondiale-del-rifugiato\/","og_locale":"it_IT","og_type":"article","og_title":"Foggia celebra la Giornata Mondiale del Rifugiato - La Voce del Paese","og_description":"Il 14 e 19 giugno Foggia ospiter\u00e0 eventi in occasione della &#8220;Giornata Mondiale del Rifugiato&#8221;, organizzati da vari enti locali","og_url":"https:\/\/lavocedelpaese.info\/index.php\/2024\/06\/12\/foggia-celebra-la-giornata-mondiale-del-rifugiato\/","og_site_name":"La Voce del Paese","article_publisher":"https:\/\/www.facebook.com\/lavocedelpaese.info","article_published_time":"2024-06-12T22:15:24+00:00","article_modified_time":"2024-06-12T22:15:25+00:00","og_image":[{"width":991,"height":556,"url":"https:\/\/lavocedelpaese.info\/wp-content\/uploads\/2024\/06\/inclusione-generica.jpg","type":"image\/jpeg"}],"author":"admin","twitter_card":"summary_large_image","twitter_misc":{"Scritto da":"admin","Tempo di lettura stimato":"6 minuti"},"schema":{"@context":"https:\/\/schema.org","@graph":[{"@type":"Article","@id":"https:\/\/lavocedelpaese.info\/index.php\/2024\/06\/12\/foggia-celebra-la-giornata-mondiale-del-rifugiato\/#article","isPartOf":{"@id":"https:\/\/lavocedelpaese.info\/index.php\/2024\/06\/12\/foggia-celebra-la-giornata-mondiale-del-rifugiato\/"},"author":{"name":"admin","@id":"https:\/\/lavocedelpaese.info\/#\/schema\/person\/ec151d321306bd7591f7a061abf72d88"},"headline":"Foggia celebra la Giornata Mondiale del Rifugiato","datePublished":"2024-06-12T22:15:24+00:00","dateModified":"2024-06-12T22:15:25+00:00","mainEntityOfPage":{"@id":"https:\/\/lavocedelpaese.info\/index.php\/2024\/06\/12\/foggia-celebra-la-giornata-mondiale-del-rifugiato\/"},"wordCount":996,"commentCount":0,"publisher":{"@id":"https:\/\/lavocedelpaese.info\/#organization"},"image":{"@id":"https:\/\/lavocedelpaese.info\/index.php\/2024\/06\/12\/foggia-celebra-la-giornata-mondiale-del-rifugiato\/#primaryimage"},"thumbnailUrl":"https:\/\/lavocedelpaese.info\/wp-content\/uploads\/2024\/06\/inclusione-generica.jpg","articleSection":["Attualit\u00e0"],"inLanguage":"it-IT","potentialAction":[{"@type":"CommentAction","name":"Comment","target":["https:\/\/lavocedelpaese.info\/index.php\/2024\/06\/12\/foggia-celebra-la-giornata-mondiale-del-rifugiato\/#respond"]}]},{"@type":"WebPage","@id":"https:\/\/lavocedelpaese.info\/index.php\/2024\/06\/12\/foggia-celebra-la-giornata-mondiale-del-rifugiato\/","url":"https:\/\/lavocedelpaese.info\/index.php\/2024\/06\/12\/foggia-celebra-la-giornata-mondiale-del-rifugiato\/","name":"Foggia celebra la Giornata Mondiale del Rifugiato - La Voce del Paese","isPartOf":{"@id":"https:\/\/lavocedelpaese.info\/#website"},"primaryImageOfPage":{"@id":"https:\/\/lavocedelpaese.info\/index.php\/2024\/06\/12\/foggia-celebra-la-giornata-mondiale-del-rifugiato\/#primaryimage"},"image":{"@id":"https:\/\/lavocedelpaese.info\/index.php\/2024\/06\/12\/foggia-celebra-la-giornata-mondiale-del-rifugiato\/#primaryimage"},"thumbnailUrl":"https:\/\/lavocedelpaese.info\/wp-content\/uploads\/2024\/06\/inclusione-generica.jpg","datePublished":"2024-06-12T22:15:24+00:00","dateModified":"2024-06-12T22:15:25+00:00","breadcrumb":{"@id":"https:\/\/lavocedelpaese.info\/index.php\/2024\/06\/12\/foggia-celebra-la-giornata-mondiale-del-rifugiato\/#breadcrumb"},"inLanguage":"it-IT","potentialAction":[{"@type":"ReadAction","target":["https:\/\/lavocedelpaese.info\/index.php\/2024\/06\/12\/foggia-celebra-la-giornata-mondiale-del-rifugiato\/"]}]},{"@type":"ImageObject","inLanguage":"it-IT","@id":"https:\/\/lavocedelpaese.info\/index.php\/2024\/06\/12\/foggia-celebra-la-giornata-mondiale-del-rifugiato\/#primaryimage","url":"https:\/\/lavocedelpaese.info\/wp-content\/uploads\/2024\/06\/inclusione-generica.jpg","contentUrl":"https:\/\/lavocedelpaese.info\/wp-content\/uploads\/2024\/06\/inclusione-generica.jpg","width":991,"height":556},{"@type":"BreadcrumbList","@id":"https:\/\/lavocedelpaese.info\/index.php\/2024\/06\/12\/foggia-celebra-la-giornata-mondiale-del-rifugiato\/#breadcrumb","itemListElement":[{"@type":"ListItem","position":1,"name":"Home","item":"https:\/\/lavocedelpaese.info\/"},{"@type":"ListItem","position":2,"name":"Foggia celebra la Giornata Mondiale del Rifugiato"}]},{"@type":"WebSite","@id":"https:\/\/lavocedelpaese.info\/#website","url":"https:\/\/lavocedelpaese.info\/","name":"La Voce del Paese","description":"Un network di idee","publisher":{"@id":"https:\/\/lavocedelpaese.info\/#organization"},"potentialAction":[{"@type":"SearchAction","target":{"@type":"EntryPoint","urlTemplate":"https:\/\/lavocedelpaese.info\/?s={search_term_string}"},"query-input":{"@type":"PropertyValueSpecification","valueRequired":true,"valueName":"search_term_string"}}],"inLanguage":"it-IT"},{"@type":"Organization","@id":"https:\/\/lavocedelpaese.info\/#organization","name":"La Voce del Paese","url":"https:\/\/lavocedelpaese.info\/","logo":{"@type":"ImageObject","inLanguage":"it-IT","@id":"https:\/\/lavocedelpaese.info\/#\/schema\/logo\/image\/","url":"https:\/\/lavocedelpaese.info\/wp-content\/uploads\/2023\/01\/cropped-logo-150-127.png","contentUrl":"https:\/\/lavocedelpaese.info\/wp-content\/uploads\/2023\/01\/cropped-logo-150-127.png","width":137,"height":119,"caption":"La Voce del Paese"},"image":{"@id":"https:\/\/lavocedelpaese.info\/#\/schema\/logo\/image\/"},"sameAs":["https:\/\/www.facebook.com\/lavocedelpaese.info"]},{"@type":"Person","@id":"https:\/\/lavocedelpaese.info\/#\/schema\/person\/ec151d321306bd7591f7a061abf72d88","name":"admin","image":{"@type":"ImageObject","inLanguage":"it-IT","@id":"https:\/\/secure.gravatar.com\/avatar\/af8f2caf0663124588de48a9380e07cbc95a74ef15b8062d0d39106c32fe3023?s=96&d=mm&r=g","url":"https:\/\/secure.gravatar.com\/avatar\/af8f2caf0663124588de48a9380e07cbc95a74ef15b8062d0d39106c32fe3023?s=96&d=mm&r=g","contentUrl":"https:\/\/secure.gravatar.com\/avatar\/af8f2caf0663124588de48a9380e07cbc95a74ef15b8062d0d39106c32fe3023?s=96&d=mm&r=g","caption":"admin"},"sameAs":["https:\/\/lavocedelpaese.info"],"url":"https:\/\/lavocedelpaese.info\/index.php\/author\/admin\/"}]}},"_links":{"self":[{"href":"https:\/\/lavocedelpaese.info\/index.php\/wp-json\/wp\/v2\/posts\/2257","targetHints":{"allow":["GET"]}}],"collection":[{"href":"https:\/\/lavocedelpaese.info\/index.php\/wp-json\/wp\/v2\/posts"}],"about":[{"href":"https:\/\/lavocedelpaese.info\/index.php\/wp-json\/wp\/v2\/types\/post"}],"author":[{"embeddable":true,"href":"https:\/\/lavocedelpaese.info\/index.php\/wp-json\/wp\/v2\/users\/6"}],"replies":[{"embeddable":true,"href":"https:\/\/lavocedelpaese.info\/index.php\/wp-json\/wp\/v2\/comments?post=2257"}],"version-history":[{"count":1,"href":"https:\/\/lavocedelpaese.info\/index.php\/wp-json\/wp\/v2\/posts\/2257\/revisions"}],"predecessor-version":[{"id":2259,"href":"https:\/\/lavocedelpaese.info\/index.php\/wp-json\/wp\/v2\/posts\/2257\/revisions\/2259"}],"wp:featuredmedia":[{"embeddable":true,"href":"https:\/\/lavocedelpaese.info\/index.php\/wp-json\/wp\/v2\/media\/2258"}],"wp:attachment":[{"href":"https:\/\/lavocedelpaese.info\/index.php\/wp-json\/wp\/v2\/media?parent=2257"}],"wp:term":[{"taxonomy":"category","embeddable":true,"href":"https:\/\/lavocedelpaese.info\/index.php\/wp-json\/wp\/v2\/categories?post=2257"},{"taxonomy":"post_tag","embeddable":true,"href":"https:\/\/lavocedelpaese.info\/index.php\/wp-json\/wp\/v2\/tags?post=2257"}],"curies":[{"name":"wp","href":"https:\/\/api.w.org\/{rel}","templated":true}]}}