{"id":2246,"date":"2024-06-11T23:05:06","date_gmt":"2024-06-11T23:05:06","guid":{"rendered":"https:\/\/lavocedelpaese.info\/?p=2246"},"modified":"2024-06-11T23:05:07","modified_gmt":"2024-06-11T23:05:07","slug":"monte-santangelo-capitale-della-cultura-di-puglia-2024","status":"publish","type":"post","link":"https:\/\/lavocedelpaese.info\/index.php\/2024\/06\/11\/monte-santangelo-capitale-della-cultura-di-puglia-2024\/","title":{"rendered":"Monte Sant\u2019Angelo: Capitale della Cultura di Puglia 2024"},"content":{"rendered":"\n<p>Monte Sant\u2019Angelo, designata Capitale della Cultura di Puglia 2024, si prepara a celebrare con una serie di eventi culturali di rilievo. Tra i grandi ospiti ci saranno Michelangelo Pistoletto, Daniele Silvestri, Mecna e Nino Frassica, che animeranno la citt\u00e0 garganica con concerti e spettacoli.<\/p>\n\n\n\n<p>In particolare, Monte Sant\u2019Angelo festegger\u00e0 i suoi due riconoscimenti UNESCO: il Santuario di San Michele Arcangelo e le faggete vetuste della Foresta Umbra. Dal 22 al 25 giugno, la citt\u00e0 celebrer\u00e0 il Santuario con &#8220;La Notte bianca del patrimonio culturale&#8221; e il &#8220;Gal\u00e0 della Cultura&#8221;. A luglio, eventi come &#8220;Una notte in Foresta&#8221; e il &#8220;Cammino dei due Siti UNESCO&#8221; segneranno le celebrazioni per le faggete.<\/p>\n\n\n\n<p>Oltre agli eventi dedicati ai riconoscimenti UNESCO, Monte Sant\u2019Angelo ospiter\u00e0 varie residenze culturali coinvolgendo artisti di teatro, cinema, letteratura e poesia. Michelangelo Pistoletto presenter\u00e0 il suo progetto &#8220;Terzo Paradiso&#8221; in estate. Il programma prevede anche concerti di Mecna il 25 luglio e di Daniele Silvestri il 6 agosto, mentre Nino Frassica chiuder\u00e0 la serie di eventi speciali il 28 settembre con uno show musicale.<\/p>\n\n\n\n<p>Il cartellone culturale include anche il Festival Michael, FestambienteSud, il Raduno dei suonatori di tarantella, Bollicine di Puglia, il Corteo storico delle apparizioni di San Michele, il Festival M\u00f2nde, l&#8217;Assemblea europea delle Vie Francigena e diversi eventi sportivi.<\/p>\n\n\n\n<p>Le residenze culturali mirano a trasformare Monte Sant\u2019Angelo in un laboratorio culturale permanente, coinvolgendo studenti, associazioni locali e cittadini in attivit\u00e0 creative e formative. Tra gli eventi delle residenze ci saranno laboratori teatrali e spettacoli itineranti, proiezioni cinematografiche e incontri con poeti e scrittori.<\/p>\n\n\n\n<p>Monte Sant\u2019Angelo, conosciuta per i suoi siti storici e naturali, utilizzer\u00e0 questo anno speciale per promuovere ulteriormente il suo patrimonio culturale e naturale, attirando turisti e appassionati di cultura da tutto il mondo.<\/p>\n\n\n\n<p>La designazione di Monte Sant\u2019Angelo come Capitale della Cultura di Puglia 2024 ha profonde implicazioni per le politiche culturali della regione. Questo riconoscimento non solo valorizza il patrimonio culturale e naturale di Monte Sant\u2019Angelo, ma fornisce anche un\u2019opportunit\u00e0 per ridefinire e rafforzare le strategie culturali a livello regionale.<\/p>\n\n\n\n<p>La celebrazione dei riconoscimenti UNESCO di Monte Sant\u2019Angelo, come il Santuario di San Michele Arcangelo e le faggete vetuste della Foresta Umbra, pone un forte accento sulla conservazione e promozione del patrimonio culturale e naturale. Questo approccio stimola le politiche culturali a integrare maggiormente la tutela del patrimonio con attivit\u00e0 culturali e turistiche, promuovendo un modello di sviluppo sostenibile. Gli eventi programmati, come &#8220;La Notte bianca del patrimonio culturale&#8221; e &#8220;Una notte in Foresta&#8221;, mostrano come la valorizzazione del patrimonio possa essere combinata con esperienze culturali coinvolgenti, attirando sia turisti che locali.<\/p>\n\n\n\n<p>L\u2019organizzazione di eventi con artisti di rilievo come Michelangelo Pistoletto, Daniele Silvestri, Mecna e Nino Frassica sottolinea l\u2019importanza di investire nelle arti e nella cultura come strumenti di attrazione e inclusione sociale. Questi eventi speciali non solo aumentano la visibilit\u00e0 di Monte Sant\u2019Angelo, ma contribuiscono anche a creare un senso di comunit\u00e0 e appartenenza tra i residenti. La promozione delle arti attraverso concerti, spettacoli teatrali, residenze artistiche e laboratori favorisce un ambiente creativo e dinamico, stimolando la partecipazione culturale e l\u2019innovazione artistica.<\/p>\n\n\n\n<p>Le residenze culturali rappresentano un elemento chiave delle politiche culturali di Monte Sant\u2019Angelo. Coinvolgendo artisti, studenti, associazioni locali e cittadini, queste residenze creano un laboratorio culturale permanente che promuove l\u2019educazione e la partecipazione culturale. La residenza teatrale, ad esempio, offre laboratori e spettacoli itineranti, mentre la residenza cinematografica propone visioni di film e workshop per giovani videomaker. Queste attivit\u00e0 non solo arricchiscono l\u2019offerta culturale, ma contribuiscono anche alla formazione di nuove generazioni di creativi, rafforzando il tessuto culturale locale.<\/p>\n\n\n\n<p>Il titolo di Capitale della Cultura di Puglia 2024 ha un impatto significativo sullo sviluppo economico e turistico della regione. Gli eventi e le attivit\u00e0 culturali programmati attirano visitatori da tutta Italia e dall\u2019estero, contribuendo all\u2019aumento delle entrate turistiche e alla promozione del territorio. Le politiche culturali devono quindi concentrarsi sulla creazione di infrastrutture adeguate e servizi turistici di qualit\u00e0 per sostenere questo afflusso di visitatori. Inoltre, la promozione del patrimonio culturale e naturale come attrazione turistica favorisce un modello di turismo sostenibile, che rispetta e valorizza le risorse locali.<\/p>\n\n\n\n<p>La collaborazione tra enti locali, regionali e nazionali, come il Comune di Monte Sant\u2019Angelo, il Dipartimento turismo, economia della cultura e valorizzazione del territorio della Regione Puglia e il Consorzio Teatro Pubblico Pugliese, \u00e8 fondamentale per il successo delle politiche culturali. Queste sinergie facilitano la realizzazione di progetti culturali ambiziosi e complessi, ottimizzando le risorse e promuovendo una visione condivisa di sviluppo culturale. La partecipazione di artisti, studiosi e attivisti in eventi culturali contribuisce anche a creare reti di collaborazione e scambio di conoscenze, arricchendo il panorama culturale regionale.<\/p>\n\n\n\n<p>Infine, le politiche culturali devono promuovere l\u2019inclusione e la partecipazione di tutti i cittadini. Gli eventi e le residenze culturali offrono opportunit\u00e0 di coinvolgimento attivo per diverse fasce della popolazione, contribuendo a creare una comunit\u00e0 coesa e partecipativa. L\u2019inclusione di giovani, anziani, studenti e artisti locali nelle attivit\u00e0 culturali favorisce un senso di appartenenza e responsabilit\u00e0 condivisa, essenziale per la crescita culturale e sociale della regione.<\/p>\n\n\n\n<p>In sintesi, la nomina di Monte Sant\u2019Angelo come Capitale della Cultura di Puglia 2024 rappresenta un\u2019opportunit\u00e0 unica per rafforzare le politiche culturali regionali, promuovendo la valorizzazione del patrimonio, lo sviluppo economico, l\u2019inclusione sociale e la partecipazione attiva dei cittadini.<\/p>\n","protected":false},"excerpt":{"rendered":"<p>Monte Sant\u2019Angelo, designata Capitale della Cultura di Puglia 2024, si prepara a celebrare con una serie di eventi culturali di<\/p>\n","protected":false},"author":6,"featured_media":2247,"comment_status":"open","ping_status":"closed","sticky":false,"template":"","format":"standard","meta":{"colormag_page_container_layout":"default_layout","colormag_page_sidebar_layout":"default_layout","footnotes":""},"categories":[5],"tags":[],"class_list":["post-2246","post","type-post","status-publish","format-standard","has-post-thumbnail","hentry","category-cultura"],"yoast_head":"<!-- This site is optimized with the Yoast SEO plugin v27.5 - https:\/\/yoast.com\/product\/yoast-seo-wordpress\/ -->\n<title>Monte Sant\u2019Angelo: Capitale della Cultura di Puglia 2024 - La Voce del Paese<\/title>\n<meta name=\"robots\" content=\"index, follow, max-snippet:-1, max-image-preview:large, max-video-preview:-1\" \/>\n<link rel=\"canonical\" href=\"https:\/\/lavocedelpaese.info\/index.php\/2024\/06\/11\/monte-santangelo-capitale-della-cultura-di-puglia-2024\/\" \/>\n<meta property=\"og:locale\" content=\"it_IT\" \/>\n<meta property=\"og:type\" content=\"article\" \/>\n<meta property=\"og:title\" content=\"Monte Sant\u2019Angelo: Capitale della Cultura di Puglia 2024 - La Voce del Paese\" \/>\n<meta property=\"og:description\" content=\"Monte Sant\u2019Angelo, designata Capitale della Cultura di Puglia 2024, si prepara a celebrare con una serie di eventi culturali di\" \/>\n<meta property=\"og:url\" content=\"https:\/\/lavocedelpaese.info\/index.php\/2024\/06\/11\/monte-santangelo-capitale-della-cultura-di-puglia-2024\/\" \/>\n<meta property=\"og:site_name\" content=\"La Voce del Paese\" \/>\n<meta property=\"article:publisher\" content=\"https:\/\/www.facebook.com\/lavocedelpaese.info\" \/>\n<meta property=\"article:published_time\" content=\"2024-06-11T23:05:06+00:00\" \/>\n<meta property=\"article:modified_time\" content=\"2024-06-11T23:05:07+00:00\" \/>\n<meta property=\"og:image\" content=\"https:\/\/lavocedelpaese.info\/wp-content\/uploads\/2024\/06\/Monte-SantAngelo.jpg\" \/>\n\t<meta property=\"og:image:width\" content=\"1000\" \/>\n\t<meta property=\"og:image:height\" content=\"555\" \/>\n\t<meta property=\"og:image:type\" content=\"image\/jpeg\" \/>\n<meta name=\"author\" content=\"admin\" \/>\n<meta name=\"twitter:card\" content=\"summary_large_image\" \/>\n<meta name=\"twitter:label1\" content=\"Scritto da\" \/>\n\t<meta name=\"twitter:data1\" content=\"admin\" \/>\n\t<meta name=\"twitter:label2\" content=\"Tempo di lettura stimato\" \/>\n\t<meta name=\"twitter:data2\" content=\"5 minuti\" \/>\n<script type=\"application\/ld+json\" class=\"yoast-schema-graph\">{\"@context\":\"https:\\\/\\\/schema.org\",\"@graph\":[{\"@type\":\"Article\",\"@id\":\"https:\\\/\\\/lavocedelpaese.info\\\/index.php\\\/2024\\\/06\\\/11\\\/monte-santangelo-capitale-della-cultura-di-puglia-2024\\\/#article\",\"isPartOf\":{\"@id\":\"https:\\\/\\\/lavocedelpaese.info\\\/index.php\\\/2024\\\/06\\\/11\\\/monte-santangelo-capitale-della-cultura-di-puglia-2024\\\/\"},\"author\":{\"name\":\"admin\",\"@id\":\"https:\\\/\\\/lavocedelpaese.info\\\/#\\\/schema\\\/person\\\/ec151d321306bd7591f7a061abf72d88\"},\"headline\":\"Monte Sant\u2019Angelo: Capitale della Cultura di Puglia 2024\",\"datePublished\":\"2024-06-11T23:05:06+00:00\",\"dateModified\":\"2024-06-11T23:05:07+00:00\",\"mainEntityOfPage\":{\"@id\":\"https:\\\/\\\/lavocedelpaese.info\\\/index.php\\\/2024\\\/06\\\/11\\\/monte-santangelo-capitale-della-cultura-di-puglia-2024\\\/\"},\"wordCount\":898,\"commentCount\":0,\"publisher\":{\"@id\":\"https:\\\/\\\/lavocedelpaese.info\\\/#organization\"},\"image\":{\"@id\":\"https:\\\/\\\/lavocedelpaese.info\\\/index.php\\\/2024\\\/06\\\/11\\\/monte-santangelo-capitale-della-cultura-di-puglia-2024\\\/#primaryimage\"},\"thumbnailUrl\":\"https:\\\/\\\/lavocedelpaese.info\\\/wp-content\\\/uploads\\\/2024\\\/06\\\/Monte-SantAngelo.jpg\",\"articleSection\":[\"Cultura\"],\"inLanguage\":\"it-IT\",\"potentialAction\":[{\"@type\":\"CommentAction\",\"name\":\"Comment\",\"target\":[\"https:\\\/\\\/lavocedelpaese.info\\\/index.php\\\/2024\\\/06\\\/11\\\/monte-santangelo-capitale-della-cultura-di-puglia-2024\\\/#respond\"]}]},{\"@type\":\"WebPage\",\"@id\":\"https:\\\/\\\/lavocedelpaese.info\\\/index.php\\\/2024\\\/06\\\/11\\\/monte-santangelo-capitale-della-cultura-di-puglia-2024\\\/\",\"url\":\"https:\\\/\\\/lavocedelpaese.info\\\/index.php\\\/2024\\\/06\\\/11\\\/monte-santangelo-capitale-della-cultura-di-puglia-2024\\\/\",\"name\":\"Monte Sant\u2019Angelo: Capitale della Cultura di Puglia 2024 - La Voce del Paese\",\"isPartOf\":{\"@id\":\"https:\\\/\\\/lavocedelpaese.info\\\/#website\"},\"primaryImageOfPage\":{\"@id\":\"https:\\\/\\\/lavocedelpaese.info\\\/index.php\\\/2024\\\/06\\\/11\\\/monte-santangelo-capitale-della-cultura-di-puglia-2024\\\/#primaryimage\"},\"image\":{\"@id\":\"https:\\\/\\\/lavocedelpaese.info\\\/index.php\\\/2024\\\/06\\\/11\\\/monte-santangelo-capitale-della-cultura-di-puglia-2024\\\/#primaryimage\"},\"thumbnailUrl\":\"https:\\\/\\\/lavocedelpaese.info\\\/wp-content\\\/uploads\\\/2024\\\/06\\\/Monte-SantAngelo.jpg\",\"datePublished\":\"2024-06-11T23:05:06+00:00\",\"dateModified\":\"2024-06-11T23:05:07+00:00\",\"breadcrumb\":{\"@id\":\"https:\\\/\\\/lavocedelpaese.info\\\/index.php\\\/2024\\\/06\\\/11\\\/monte-santangelo-capitale-della-cultura-di-puglia-2024\\\/#breadcrumb\"},\"inLanguage\":\"it-IT\",\"potentialAction\":[{\"@type\":\"ReadAction\",\"target\":[\"https:\\\/\\\/lavocedelpaese.info\\\/index.php\\\/2024\\\/06\\\/11\\\/monte-santangelo-capitale-della-cultura-di-puglia-2024\\\/\"]}]},{\"@type\":\"ImageObject\",\"inLanguage\":\"it-IT\",\"@id\":\"https:\\\/\\\/lavocedelpaese.info\\\/index.php\\\/2024\\\/06\\\/11\\\/monte-santangelo-capitale-della-cultura-di-puglia-2024\\\/#primaryimage\",\"url\":\"https:\\\/\\\/lavocedelpaese.info\\\/wp-content\\\/uploads\\\/2024\\\/06\\\/Monte-SantAngelo.jpg\",\"contentUrl\":\"https:\\\/\\\/lavocedelpaese.info\\\/wp-content\\\/uploads\\\/2024\\\/06\\\/Monte-SantAngelo.jpg\",\"width\":1000,\"height\":555},{\"@type\":\"BreadcrumbList\",\"@id\":\"https:\\\/\\\/lavocedelpaese.info\\\/index.php\\\/2024\\\/06\\\/11\\\/monte-santangelo-capitale-della-cultura-di-puglia-2024\\\/#breadcrumb\",\"itemListElement\":[{\"@type\":\"ListItem\",\"position\":1,\"name\":\"Home\",\"item\":\"https:\\\/\\\/lavocedelpaese.info\\\/\"},{\"@type\":\"ListItem\",\"position\":2,\"name\":\"Monte Sant\u2019Angelo: Capitale della Cultura di Puglia 2024\"}]},{\"@type\":\"WebSite\",\"@id\":\"https:\\\/\\\/lavocedelpaese.info\\\/#website\",\"url\":\"https:\\\/\\\/lavocedelpaese.info\\\/\",\"name\":\"La Voce del Paese\",\"description\":\"Un network di idee\",\"publisher\":{\"@id\":\"https:\\\/\\\/lavocedelpaese.info\\\/#organization\"},\"potentialAction\":[{\"@type\":\"SearchAction\",\"target\":{\"@type\":\"EntryPoint\",\"urlTemplate\":\"https:\\\/\\\/lavocedelpaese.info\\\/?s={search_term_string}\"},\"query-input\":{\"@type\":\"PropertyValueSpecification\",\"valueRequired\":true,\"valueName\":\"search_term_string\"}}],\"inLanguage\":\"it-IT\"},{\"@type\":\"Organization\",\"@id\":\"https:\\\/\\\/lavocedelpaese.info\\\/#organization\",\"name\":\"La Voce del Paese\",\"url\":\"https:\\\/\\\/lavocedelpaese.info\\\/\",\"logo\":{\"@type\":\"ImageObject\",\"inLanguage\":\"it-IT\",\"@id\":\"https:\\\/\\\/lavocedelpaese.info\\\/#\\\/schema\\\/logo\\\/image\\\/\",\"url\":\"https:\\\/\\\/lavocedelpaese.info\\\/wp-content\\\/uploads\\\/2023\\\/01\\\/cropped-logo-150-127.png\",\"contentUrl\":\"https:\\\/\\\/lavocedelpaese.info\\\/wp-content\\\/uploads\\\/2023\\\/01\\\/cropped-logo-150-127.png\",\"width\":137,\"height\":119,\"caption\":\"La Voce del Paese\"},\"image\":{\"@id\":\"https:\\\/\\\/lavocedelpaese.info\\\/#\\\/schema\\\/logo\\\/image\\\/\"},\"sameAs\":[\"https:\\\/\\\/www.facebook.com\\\/lavocedelpaese.info\"]},{\"@type\":\"Person\",\"@id\":\"https:\\\/\\\/lavocedelpaese.info\\\/#\\\/schema\\\/person\\\/ec151d321306bd7591f7a061abf72d88\",\"name\":\"admin\",\"image\":{\"@type\":\"ImageObject\",\"inLanguage\":\"it-IT\",\"@id\":\"https:\\\/\\\/secure.gravatar.com\\\/avatar\\\/af8f2caf0663124588de48a9380e07cbc95a74ef15b8062d0d39106c32fe3023?s=96&d=mm&r=g\",\"url\":\"https:\\\/\\\/secure.gravatar.com\\\/avatar\\\/af8f2caf0663124588de48a9380e07cbc95a74ef15b8062d0d39106c32fe3023?s=96&d=mm&r=g\",\"contentUrl\":\"https:\\\/\\\/secure.gravatar.com\\\/avatar\\\/af8f2caf0663124588de48a9380e07cbc95a74ef15b8062d0d39106c32fe3023?s=96&d=mm&r=g\",\"caption\":\"admin\"},\"sameAs\":[\"https:\\\/\\\/lavocedelpaese.info\"],\"url\":\"https:\\\/\\\/lavocedelpaese.info\\\/index.php\\\/author\\\/admin\\\/\"}]}<\/script>\n<!-- \/ Yoast SEO plugin. -->","yoast_head_json":{"title":"Monte Sant\u2019Angelo: Capitale della Cultura di Puglia 2024 - La Voce del Paese","robots":{"index":"index","follow":"follow","max-snippet":"max-snippet:-1","max-image-preview":"max-image-preview:large","max-video-preview":"max-video-preview:-1"},"canonical":"https:\/\/lavocedelpaese.info\/index.php\/2024\/06\/11\/monte-santangelo-capitale-della-cultura-di-puglia-2024\/","og_locale":"it_IT","og_type":"article","og_title":"Monte Sant\u2019Angelo: Capitale della Cultura di Puglia 2024 - La Voce del Paese","og_description":"Monte Sant\u2019Angelo, designata Capitale della Cultura di Puglia 2024, si prepara a celebrare con una serie di eventi culturali di","og_url":"https:\/\/lavocedelpaese.info\/index.php\/2024\/06\/11\/monte-santangelo-capitale-della-cultura-di-puglia-2024\/","og_site_name":"La Voce del Paese","article_publisher":"https:\/\/www.facebook.com\/lavocedelpaese.info","article_published_time":"2024-06-11T23:05:06+00:00","article_modified_time":"2024-06-11T23:05:07+00:00","og_image":[{"width":1000,"height":555,"url":"https:\/\/lavocedelpaese.info\/wp-content\/uploads\/2024\/06\/Monte-SantAngelo.jpg","type":"image\/jpeg"}],"author":"admin","twitter_card":"summary_large_image","twitter_misc":{"Scritto da":"admin","Tempo di lettura stimato":"5 minuti"},"schema":{"@context":"https:\/\/schema.org","@graph":[{"@type":"Article","@id":"https:\/\/lavocedelpaese.info\/index.php\/2024\/06\/11\/monte-santangelo-capitale-della-cultura-di-puglia-2024\/#article","isPartOf":{"@id":"https:\/\/lavocedelpaese.info\/index.php\/2024\/06\/11\/monte-santangelo-capitale-della-cultura-di-puglia-2024\/"},"author":{"name":"admin","@id":"https:\/\/lavocedelpaese.info\/#\/schema\/person\/ec151d321306bd7591f7a061abf72d88"},"headline":"Monte Sant\u2019Angelo: Capitale della Cultura di Puglia 2024","datePublished":"2024-06-11T23:05:06+00:00","dateModified":"2024-06-11T23:05:07+00:00","mainEntityOfPage":{"@id":"https:\/\/lavocedelpaese.info\/index.php\/2024\/06\/11\/monte-santangelo-capitale-della-cultura-di-puglia-2024\/"},"wordCount":898,"commentCount":0,"publisher":{"@id":"https:\/\/lavocedelpaese.info\/#organization"},"image":{"@id":"https:\/\/lavocedelpaese.info\/index.php\/2024\/06\/11\/monte-santangelo-capitale-della-cultura-di-puglia-2024\/#primaryimage"},"thumbnailUrl":"https:\/\/lavocedelpaese.info\/wp-content\/uploads\/2024\/06\/Monte-SantAngelo.jpg","articleSection":["Cultura"],"inLanguage":"it-IT","potentialAction":[{"@type":"CommentAction","name":"Comment","target":["https:\/\/lavocedelpaese.info\/index.php\/2024\/06\/11\/monte-santangelo-capitale-della-cultura-di-puglia-2024\/#respond"]}]},{"@type":"WebPage","@id":"https:\/\/lavocedelpaese.info\/index.php\/2024\/06\/11\/monte-santangelo-capitale-della-cultura-di-puglia-2024\/","url":"https:\/\/lavocedelpaese.info\/index.php\/2024\/06\/11\/monte-santangelo-capitale-della-cultura-di-puglia-2024\/","name":"Monte Sant\u2019Angelo: Capitale della Cultura di Puglia 2024 - La Voce del Paese","isPartOf":{"@id":"https:\/\/lavocedelpaese.info\/#website"},"primaryImageOfPage":{"@id":"https:\/\/lavocedelpaese.info\/index.php\/2024\/06\/11\/monte-santangelo-capitale-della-cultura-di-puglia-2024\/#primaryimage"},"image":{"@id":"https:\/\/lavocedelpaese.info\/index.php\/2024\/06\/11\/monte-santangelo-capitale-della-cultura-di-puglia-2024\/#primaryimage"},"thumbnailUrl":"https:\/\/lavocedelpaese.info\/wp-content\/uploads\/2024\/06\/Monte-SantAngelo.jpg","datePublished":"2024-06-11T23:05:06+00:00","dateModified":"2024-06-11T23:05:07+00:00","breadcrumb":{"@id":"https:\/\/lavocedelpaese.info\/index.php\/2024\/06\/11\/monte-santangelo-capitale-della-cultura-di-puglia-2024\/#breadcrumb"},"inLanguage":"it-IT","potentialAction":[{"@type":"ReadAction","target":["https:\/\/lavocedelpaese.info\/index.php\/2024\/06\/11\/monte-santangelo-capitale-della-cultura-di-puglia-2024\/"]}]},{"@type":"ImageObject","inLanguage":"it-IT","@id":"https:\/\/lavocedelpaese.info\/index.php\/2024\/06\/11\/monte-santangelo-capitale-della-cultura-di-puglia-2024\/#primaryimage","url":"https:\/\/lavocedelpaese.info\/wp-content\/uploads\/2024\/06\/Monte-SantAngelo.jpg","contentUrl":"https:\/\/lavocedelpaese.info\/wp-content\/uploads\/2024\/06\/Monte-SantAngelo.jpg","width":1000,"height":555},{"@type":"BreadcrumbList","@id":"https:\/\/lavocedelpaese.info\/index.php\/2024\/06\/11\/monte-santangelo-capitale-della-cultura-di-puglia-2024\/#breadcrumb","itemListElement":[{"@type":"ListItem","position":1,"name":"Home","item":"https:\/\/lavocedelpaese.info\/"},{"@type":"ListItem","position":2,"name":"Monte Sant\u2019Angelo: Capitale della Cultura di Puglia 2024"}]},{"@type":"WebSite","@id":"https:\/\/lavocedelpaese.info\/#website","url":"https:\/\/lavocedelpaese.info\/","name":"La Voce del Paese","description":"Un network di idee","publisher":{"@id":"https:\/\/lavocedelpaese.info\/#organization"},"potentialAction":[{"@type":"SearchAction","target":{"@type":"EntryPoint","urlTemplate":"https:\/\/lavocedelpaese.info\/?s={search_term_string}"},"query-input":{"@type":"PropertyValueSpecification","valueRequired":true,"valueName":"search_term_string"}}],"inLanguage":"it-IT"},{"@type":"Organization","@id":"https:\/\/lavocedelpaese.info\/#organization","name":"La Voce del Paese","url":"https:\/\/lavocedelpaese.info\/","logo":{"@type":"ImageObject","inLanguage":"it-IT","@id":"https:\/\/lavocedelpaese.info\/#\/schema\/logo\/image\/","url":"https:\/\/lavocedelpaese.info\/wp-content\/uploads\/2023\/01\/cropped-logo-150-127.png","contentUrl":"https:\/\/lavocedelpaese.info\/wp-content\/uploads\/2023\/01\/cropped-logo-150-127.png","width":137,"height":119,"caption":"La Voce del Paese"},"image":{"@id":"https:\/\/lavocedelpaese.info\/#\/schema\/logo\/image\/"},"sameAs":["https:\/\/www.facebook.com\/lavocedelpaese.info"]},{"@type":"Person","@id":"https:\/\/lavocedelpaese.info\/#\/schema\/person\/ec151d321306bd7591f7a061abf72d88","name":"admin","image":{"@type":"ImageObject","inLanguage":"it-IT","@id":"https:\/\/secure.gravatar.com\/avatar\/af8f2caf0663124588de48a9380e07cbc95a74ef15b8062d0d39106c32fe3023?s=96&d=mm&r=g","url":"https:\/\/secure.gravatar.com\/avatar\/af8f2caf0663124588de48a9380e07cbc95a74ef15b8062d0d39106c32fe3023?s=96&d=mm&r=g","contentUrl":"https:\/\/secure.gravatar.com\/avatar\/af8f2caf0663124588de48a9380e07cbc95a74ef15b8062d0d39106c32fe3023?s=96&d=mm&r=g","caption":"admin"},"sameAs":["https:\/\/lavocedelpaese.info"],"url":"https:\/\/lavocedelpaese.info\/index.php\/author\/admin\/"}]}},"_links":{"self":[{"href":"https:\/\/lavocedelpaese.info\/index.php\/wp-json\/wp\/v2\/posts\/2246","targetHints":{"allow":["GET"]}}],"collection":[{"href":"https:\/\/lavocedelpaese.info\/index.php\/wp-json\/wp\/v2\/posts"}],"about":[{"href":"https:\/\/lavocedelpaese.info\/index.php\/wp-json\/wp\/v2\/types\/post"}],"author":[{"embeddable":true,"href":"https:\/\/lavocedelpaese.info\/index.php\/wp-json\/wp\/v2\/users\/6"}],"replies":[{"embeddable":true,"href":"https:\/\/lavocedelpaese.info\/index.php\/wp-json\/wp\/v2\/comments?post=2246"}],"version-history":[{"count":1,"href":"https:\/\/lavocedelpaese.info\/index.php\/wp-json\/wp\/v2\/posts\/2246\/revisions"}],"predecessor-version":[{"id":2248,"href":"https:\/\/lavocedelpaese.info\/index.php\/wp-json\/wp\/v2\/posts\/2246\/revisions\/2248"}],"wp:featuredmedia":[{"embeddable":true,"href":"https:\/\/lavocedelpaese.info\/index.php\/wp-json\/wp\/v2\/media\/2247"}],"wp:attachment":[{"href":"https:\/\/lavocedelpaese.info\/index.php\/wp-json\/wp\/v2\/media?parent=2246"}],"wp:term":[{"taxonomy":"category","embeddable":true,"href":"https:\/\/lavocedelpaese.info\/index.php\/wp-json\/wp\/v2\/categories?post=2246"},{"taxonomy":"post_tag","embeddable":true,"href":"https:\/\/lavocedelpaese.info\/index.php\/wp-json\/wp\/v2\/tags?post=2246"}],"curies":[{"name":"wp","href":"https:\/\/api.w.org\/{rel}","templated":true}]}}