{"id":2223,"date":"2024-06-11T22:42:58","date_gmt":"2024-06-11T22:42:58","guid":{"rendered":"https:\/\/lavocedelpaese.info\/?p=2223"},"modified":"2024-06-11T22:42:59","modified_gmt":"2024-06-11T22:42:59","slug":"la-leggerezza-che-fa-bene-allanima-baricco-al-map-festival","status":"publish","type":"post","link":"https:\/\/lavocedelpaese.info\/index.php\/2024\/06\/11\/la-leggerezza-che-fa-bene-allanima-baricco-al-map-festival\/","title":{"rendered":"La leggerezza che fa bene all\u2019anima: Baricco al MAP Festival"},"content":{"rendered":"\n<p>Alessandro Baricco \u00e8 tornato a Taranto dopo dodici anni, partecipando al MAP Festival nella pineta del Parco Cimino. Durante l&#8217;evento, intervistato dal giornalista Oscar Iarussi, ha riflettuto sulla sua vita e carriera, esprimendo gratitudine per il pubblico che lo ha accompagnato nel suo percorso. Baricco ha parlato del suo rapporto con la scrittura, della musica che permea le sue opere e della sua visione della leggerezza come valore. Ha condiviso aneddoti personali e professionali, spiegando che ora \u00e8 in pace con se stesso e che ha finalmente capito che il suo posto nel mondo \u00e8 ovunque. Il suo intervento ha toccato anche temi come la superficialit\u00e0, rivalutata nel suo saggio &#8220;The Game&#8221;, e l&#8217;importanza di vivere con leggerezza, concetto che considera essenziale per una vita felice.<\/p>\n\n\n\n<p>La partecipazione di Alessandro Baricco al MAP Festival di Taranto ha implicazioni significative per le politiche culturali della citt\u00e0, evidenziando l&#8217;importanza di investire in eventi culturali di alto profilo per promuovere lo sviluppo sociale ed economico locale. La presenza di un autore di fama internazionale come Baricco non solo eleva lo status del festival, ma attira anche l&#8217;attenzione di media e pubblico, contribuendo a posizionare Taranto come un centro culturale vivace e dinamico. Questo tipo di eventi pu\u00f2 fungere da catalizzatore per ulteriori investimenti culturali, incoraggiando enti pubblici e privati a sostenere iniziative che arricchiscono la vita culturale della citt\u00e0.<\/p>\n\n\n\n<p>L&#8217;arrivo di Baricco e la sua partecipazione al MAP Festival mettono in luce il potenziale di Taranto come destinazione per il turismo culturale. Eventi di questo calibro attirano visitatori non solo dalla regione, ma anche da altre parti d&#8217;Italia e dall&#8217;estero. Il turismo culturale \u00e8 un settore in crescita che pu\u00f2 portare notevoli benefici economici, incentivando la spesa in alloggi, ristoranti, trasporti e altri servizi locali. Le politiche culturali dovrebbero quindi includere strategie di marketing mirate per promuovere Taranto come una meta culturale di rilievo, sfruttando eventi di prestigio per aumentare la visibilit\u00e0 e l&#8217;attrattiva della citt\u00e0.<\/p>\n\n\n\n<p>La presenza di Baricco al festival evidenzia la necessit\u00e0 di disporre di infrastrutture adeguate per ospitare eventi culturali di grande portata. Le politiche culturali devono prevedere investimenti nella creazione e nel miglioramento delle infrastrutture culturali, come teatri, musei, gallerie d&#8217;arte e spazi per eventi all&#8217;aperto. Un&#8217;infrastruttura culturale robusta non solo rende possibile l&#8217;organizzazione di eventi di alto profilo, ma contribuisce anche a creare un ambiente stimolante per gli artisti locali e per la comunit\u00e0, promuovendo l&#8217;accesso alla cultura per tutti i cittadini.<\/p>\n\n\n\n<p>Eventi come il MAP Festival offrono l&#8217;opportunit\u00e0 di coinvolgere attivamente la comunit\u00e0 locale, promuovendo la partecipazione e l&#8217;inclusione culturale. Le politiche culturali devono mirare a creare programmi che invitino i cittadini a partecipare attivamente, sia come spettatori che come partecipanti. Questo pu\u00f2 includere laboratori, incontri con gli autori, attivit\u00e0 per le scuole e collaborazioni con associazioni culturali locali. Il coinvolgimento della comunit\u00e0 contribuisce a rafforzare il tessuto sociale, promuovendo un senso di appartenenza e orgoglio per la propria citt\u00e0.<\/p>\n\n\n\n<p>La presenza di Baricco al MAP Festival sottolinea l&#8217;importanza di garantire la sostenibilit\u00e0 e la continuit\u00e0 degli eventi culturali. Le politiche culturali devono prevedere piani a lungo termine che assicurino il finanziamento e il supporto continuo per tali iniziative. Questo pu\u00f2 includere la creazione di partenariati pubblici-privati, l&#8217;accesso a fondi regionali, nazionali ed europei, e l&#8217;implementazione di modelli di finanziamento sostenibili. Garantire la continuit\u00e0 degli eventi culturali \u00e8 essenziale per mantenere viva l&#8217;attenzione e l&#8217;interesse del pubblico, nonch\u00e9 per attrarre nuovi visitatori e partecipanti nel tempo.<\/p>\n\n\n\n<p>Baricco ha parlato della musica e della leggerezza, temi che si intrecciano con la ricca tradizione culturale di Taranto. Le politiche culturali dovrebbero sfruttare questa connessione per valorizzare il patrimonio culturale locale, includendo nella programmazione eventi che mettano in risalto la storia, la musica, l&#8217;arte e le tradizioni di Taranto. Questo non solo arricchisce l&#8217;offerta culturale della citt\u00e0, ma promuove anche una maggiore consapevolezza e apprezzamento per il patrimonio locale, sia tra i residenti che tra i visitatori.<\/p>\n\n\n\n<p>La partecipazione di Baricco al festival pu\u00f2 anche servire da ispirazione per le politiche educative e di formazione culturale. \u00c8 fondamentale includere programmi di educazione artistica nelle scuole e promuovere opportunit\u00e0 di formazione continua per gli adulti. Iniziative come workshop di scrittura creativa, corsi di critica musicale e seminari di arte e cultura possono aiutare a coltivare talenti locali e a sviluppare nuove competenze. L&#8217;educazione culturale \u00e8 un investimento a lungo termine che contribuisce a formare cittadini pi\u00f9 consapevoli e partecipi, capaci di apprezzare e contribuire alla vita culturale della citt\u00e0.<\/p>\n\n\n\n<p>Le politiche culturali dovrebbero inoltre promuovere collaborazioni e sinergie tra diverse istituzioni culturali, artisti e comunit\u00e0. Il MAP Festival pu\u00f2 fungere da piattaforma per facilitare tali collaborazioni, creando opportunit\u00e0 per scambi culturali, co-produzioni artistiche e progetti interdisciplinari. La cooperazione tra enti pubblici, privati e il settore non profit pu\u00f2 generare nuove idee e risorse, amplificando l&#8217;impatto delle iniziative culturali.<\/p>\n\n\n\n<p>Infine, l&#8217;impatto economico e sociale di eventi culturali come il MAP Festival va oltre i benefici immediati. Investire nella cultura significa anche investire nella qualit\u00e0 della vita, nella coesione sociale e nello sviluppo economico sostenibile. Le politiche culturali devono quindi essere considerate come parte integrante delle strategie di sviluppo urbano e regionale, riconoscendo il ruolo cruciale della cultura nel promuovere l&#8217;innovazione, l&#8217;inclusione e la crescita economica.<\/p>\n\n\n\n<p>In conclusione, la partecipazione di Alessandro Baricco al MAP Festival di Taranto evidenzia l&#8217;importanza di eventi culturali di alto profilo per lo sviluppo economico e sociale della citt\u00e0. Le politiche culturali dovrebbero mirare a promuovere il turismo culturale, rafforzare le infrastrutture, coinvolgere la comunit\u00e0, garantire la sostenibilit\u00e0, valorizzare il patrimonio locale, promuovere l&#8217;educazione e la formazione, e facilitare collaborazioni e sinergie. Attraverso un approccio integrato e strategico, Taranto pu\u00f2 sfruttare il potere della cultura per stimolare il progresso e migliorare la qualit\u00e0 della vita dei suoi cittadini.<\/p>\n","protected":false},"excerpt":{"rendered":"<p>Alessandro Baricco \u00e8 tornato a Taranto dopo dodici anni, partecipando al MAP Festival nella pineta del Parco Cimino. Durante l&#8217;evento,<\/p>\n","protected":false},"author":6,"featured_media":2224,"comment_status":"open","ping_status":"closed","sticky":false,"template":"","format":"standard","meta":{"colormag_page_container_layout":"default_layout","colormag_page_sidebar_layout":"default_layout","footnotes":""},"categories":[5,30],"tags":[],"class_list":["post-2223","post","type-post","status-publish","format-standard","has-post-thumbnail","hentry","category-cultura","category-news"],"yoast_head":"<!-- This site is optimized with the Yoast SEO plugin v27.5 - https:\/\/yoast.com\/product\/yoast-seo-wordpress\/ -->\n<title>La leggerezza che fa bene all\u2019anima: Baricco al MAP Festival - La Voce del Paese<\/title>\n<meta name=\"robots\" content=\"index, follow, max-snippet:-1, max-image-preview:large, max-video-preview:-1\" \/>\n<link rel=\"canonical\" href=\"https:\/\/lavocedelpaese.info\/index.php\/2024\/06\/11\/la-leggerezza-che-fa-bene-allanima-baricco-al-map-festival\/\" \/>\n<meta property=\"og:locale\" content=\"it_IT\" \/>\n<meta property=\"og:type\" content=\"article\" \/>\n<meta property=\"og:title\" content=\"La leggerezza che fa bene all\u2019anima: Baricco al MAP Festival - La Voce del Paese\" \/>\n<meta property=\"og:description\" content=\"Alessandro Baricco \u00e8 tornato a Taranto dopo dodici anni, partecipando al MAP Festival nella pineta del Parco Cimino. Durante l&#8217;evento,\" \/>\n<meta property=\"og:url\" content=\"https:\/\/lavocedelpaese.info\/index.php\/2024\/06\/11\/la-leggerezza-che-fa-bene-allanima-baricco-al-map-festival\/\" \/>\n<meta property=\"og:site_name\" content=\"La Voce del Paese\" \/>\n<meta property=\"article:publisher\" content=\"https:\/\/www.facebook.com\/lavocedelpaese.info\" \/>\n<meta property=\"article:published_time\" content=\"2024-06-11T22:42:58+00:00\" \/>\n<meta property=\"article:modified_time\" content=\"2024-06-11T22:42:59+00:00\" \/>\n<meta property=\"og:image\" content=\"https:\/\/lavocedelpaese.info\/wp-content\/uploads\/2024\/06\/baricco.jpg\" \/>\n\t<meta property=\"og:image:width\" content=\"727\" \/>\n\t<meta property=\"og:image:height\" content=\"485\" \/>\n\t<meta property=\"og:image:type\" content=\"image\/jpeg\" \/>\n<meta name=\"author\" content=\"admin\" \/>\n<meta name=\"twitter:card\" content=\"summary_large_image\" \/>\n<meta name=\"twitter:label1\" content=\"Scritto da\" \/>\n\t<meta name=\"twitter:data1\" content=\"admin\" \/>\n\t<meta name=\"twitter:label2\" content=\"Tempo di lettura stimato\" \/>\n\t<meta name=\"twitter:data2\" content=\"6 minuti\" \/>\n<script type=\"application\/ld+json\" class=\"yoast-schema-graph\">{\"@context\":\"https:\\\/\\\/schema.org\",\"@graph\":[{\"@type\":\"Article\",\"@id\":\"https:\\\/\\\/lavocedelpaese.info\\\/index.php\\\/2024\\\/06\\\/11\\\/la-leggerezza-che-fa-bene-allanima-baricco-al-map-festival\\\/#article\",\"isPartOf\":{\"@id\":\"https:\\\/\\\/lavocedelpaese.info\\\/index.php\\\/2024\\\/06\\\/11\\\/la-leggerezza-che-fa-bene-allanima-baricco-al-map-festival\\\/\"},\"author\":{\"name\":\"admin\",\"@id\":\"https:\\\/\\\/lavocedelpaese.info\\\/#\\\/schema\\\/person\\\/ec151d321306bd7591f7a061abf72d88\"},\"headline\":\"La leggerezza che fa bene all\u2019anima: Baricco al MAP Festival\",\"datePublished\":\"2024-06-11T22:42:58+00:00\",\"dateModified\":\"2024-06-11T22:42:59+00:00\",\"mainEntityOfPage\":{\"@id\":\"https:\\\/\\\/lavocedelpaese.info\\\/index.php\\\/2024\\\/06\\\/11\\\/la-leggerezza-che-fa-bene-allanima-baricco-al-map-festival\\\/\"},\"wordCount\":984,\"commentCount\":0,\"publisher\":{\"@id\":\"https:\\\/\\\/lavocedelpaese.info\\\/#organization\"},\"image\":{\"@id\":\"https:\\\/\\\/lavocedelpaese.info\\\/index.php\\\/2024\\\/06\\\/11\\\/la-leggerezza-che-fa-bene-allanima-baricco-al-map-festival\\\/#primaryimage\"},\"thumbnailUrl\":\"https:\\\/\\\/lavocedelpaese.info\\\/wp-content\\\/uploads\\\/2024\\\/06\\\/baricco.jpg\",\"articleSection\":[\"Cultura\",\"News\"],\"inLanguage\":\"it-IT\",\"potentialAction\":[{\"@type\":\"CommentAction\",\"name\":\"Comment\",\"target\":[\"https:\\\/\\\/lavocedelpaese.info\\\/index.php\\\/2024\\\/06\\\/11\\\/la-leggerezza-che-fa-bene-allanima-baricco-al-map-festival\\\/#respond\"]}]},{\"@type\":\"WebPage\",\"@id\":\"https:\\\/\\\/lavocedelpaese.info\\\/index.php\\\/2024\\\/06\\\/11\\\/la-leggerezza-che-fa-bene-allanima-baricco-al-map-festival\\\/\",\"url\":\"https:\\\/\\\/lavocedelpaese.info\\\/index.php\\\/2024\\\/06\\\/11\\\/la-leggerezza-che-fa-bene-allanima-baricco-al-map-festival\\\/\",\"name\":\"La leggerezza che fa bene all\u2019anima: Baricco al MAP Festival - La Voce del Paese\",\"isPartOf\":{\"@id\":\"https:\\\/\\\/lavocedelpaese.info\\\/#website\"},\"primaryImageOfPage\":{\"@id\":\"https:\\\/\\\/lavocedelpaese.info\\\/index.php\\\/2024\\\/06\\\/11\\\/la-leggerezza-che-fa-bene-allanima-baricco-al-map-festival\\\/#primaryimage\"},\"image\":{\"@id\":\"https:\\\/\\\/lavocedelpaese.info\\\/index.php\\\/2024\\\/06\\\/11\\\/la-leggerezza-che-fa-bene-allanima-baricco-al-map-festival\\\/#primaryimage\"},\"thumbnailUrl\":\"https:\\\/\\\/lavocedelpaese.info\\\/wp-content\\\/uploads\\\/2024\\\/06\\\/baricco.jpg\",\"datePublished\":\"2024-06-11T22:42:58+00:00\",\"dateModified\":\"2024-06-11T22:42:59+00:00\",\"breadcrumb\":{\"@id\":\"https:\\\/\\\/lavocedelpaese.info\\\/index.php\\\/2024\\\/06\\\/11\\\/la-leggerezza-che-fa-bene-allanima-baricco-al-map-festival\\\/#breadcrumb\"},\"inLanguage\":\"it-IT\",\"potentialAction\":[{\"@type\":\"ReadAction\",\"target\":[\"https:\\\/\\\/lavocedelpaese.info\\\/index.php\\\/2024\\\/06\\\/11\\\/la-leggerezza-che-fa-bene-allanima-baricco-al-map-festival\\\/\"]}]},{\"@type\":\"ImageObject\",\"inLanguage\":\"it-IT\",\"@id\":\"https:\\\/\\\/lavocedelpaese.info\\\/index.php\\\/2024\\\/06\\\/11\\\/la-leggerezza-che-fa-bene-allanima-baricco-al-map-festival\\\/#primaryimage\",\"url\":\"https:\\\/\\\/lavocedelpaese.info\\\/wp-content\\\/uploads\\\/2024\\\/06\\\/baricco.jpg\",\"contentUrl\":\"https:\\\/\\\/lavocedelpaese.info\\\/wp-content\\\/uploads\\\/2024\\\/06\\\/baricco.jpg\",\"width\":727,\"height\":485},{\"@type\":\"BreadcrumbList\",\"@id\":\"https:\\\/\\\/lavocedelpaese.info\\\/index.php\\\/2024\\\/06\\\/11\\\/la-leggerezza-che-fa-bene-allanima-baricco-al-map-festival\\\/#breadcrumb\",\"itemListElement\":[{\"@type\":\"ListItem\",\"position\":1,\"name\":\"Home\",\"item\":\"https:\\\/\\\/lavocedelpaese.info\\\/\"},{\"@type\":\"ListItem\",\"position\":2,\"name\":\"La leggerezza che fa bene all\u2019anima: Baricco al MAP Festival\"}]},{\"@type\":\"WebSite\",\"@id\":\"https:\\\/\\\/lavocedelpaese.info\\\/#website\",\"url\":\"https:\\\/\\\/lavocedelpaese.info\\\/\",\"name\":\"La Voce del Paese\",\"description\":\"Un network di idee\",\"publisher\":{\"@id\":\"https:\\\/\\\/lavocedelpaese.info\\\/#organization\"},\"potentialAction\":[{\"@type\":\"SearchAction\",\"target\":{\"@type\":\"EntryPoint\",\"urlTemplate\":\"https:\\\/\\\/lavocedelpaese.info\\\/?s={search_term_string}\"},\"query-input\":{\"@type\":\"PropertyValueSpecification\",\"valueRequired\":true,\"valueName\":\"search_term_string\"}}],\"inLanguage\":\"it-IT\"},{\"@type\":\"Organization\",\"@id\":\"https:\\\/\\\/lavocedelpaese.info\\\/#organization\",\"name\":\"La Voce del Paese\",\"url\":\"https:\\\/\\\/lavocedelpaese.info\\\/\",\"logo\":{\"@type\":\"ImageObject\",\"inLanguage\":\"it-IT\",\"@id\":\"https:\\\/\\\/lavocedelpaese.info\\\/#\\\/schema\\\/logo\\\/image\\\/\",\"url\":\"https:\\\/\\\/lavocedelpaese.info\\\/wp-content\\\/uploads\\\/2023\\\/01\\\/cropped-logo-150-127.png\",\"contentUrl\":\"https:\\\/\\\/lavocedelpaese.info\\\/wp-content\\\/uploads\\\/2023\\\/01\\\/cropped-logo-150-127.png\",\"width\":137,\"height\":119,\"caption\":\"La Voce del Paese\"},\"image\":{\"@id\":\"https:\\\/\\\/lavocedelpaese.info\\\/#\\\/schema\\\/logo\\\/image\\\/\"},\"sameAs\":[\"https:\\\/\\\/www.facebook.com\\\/lavocedelpaese.info\"]},{\"@type\":\"Person\",\"@id\":\"https:\\\/\\\/lavocedelpaese.info\\\/#\\\/schema\\\/person\\\/ec151d321306bd7591f7a061abf72d88\",\"name\":\"admin\",\"image\":{\"@type\":\"ImageObject\",\"inLanguage\":\"it-IT\",\"@id\":\"https:\\\/\\\/secure.gravatar.com\\\/avatar\\\/af8f2caf0663124588de48a9380e07cbc95a74ef15b8062d0d39106c32fe3023?s=96&d=mm&r=g\",\"url\":\"https:\\\/\\\/secure.gravatar.com\\\/avatar\\\/af8f2caf0663124588de48a9380e07cbc95a74ef15b8062d0d39106c32fe3023?s=96&d=mm&r=g\",\"contentUrl\":\"https:\\\/\\\/secure.gravatar.com\\\/avatar\\\/af8f2caf0663124588de48a9380e07cbc95a74ef15b8062d0d39106c32fe3023?s=96&d=mm&r=g\",\"caption\":\"admin\"},\"sameAs\":[\"https:\\\/\\\/lavocedelpaese.info\"],\"url\":\"https:\\\/\\\/lavocedelpaese.info\\\/index.php\\\/author\\\/admin\\\/\"}]}<\/script>\n<!-- \/ Yoast SEO plugin. -->","yoast_head_json":{"title":"La leggerezza che fa bene all\u2019anima: Baricco al MAP Festival - La Voce del Paese","robots":{"index":"index","follow":"follow","max-snippet":"max-snippet:-1","max-image-preview":"max-image-preview:large","max-video-preview":"max-video-preview:-1"},"canonical":"https:\/\/lavocedelpaese.info\/index.php\/2024\/06\/11\/la-leggerezza-che-fa-bene-allanima-baricco-al-map-festival\/","og_locale":"it_IT","og_type":"article","og_title":"La leggerezza che fa bene all\u2019anima: Baricco al MAP Festival - La Voce del Paese","og_description":"Alessandro Baricco \u00e8 tornato a Taranto dopo dodici anni, partecipando al MAP Festival nella pineta del Parco Cimino. Durante l&#8217;evento,","og_url":"https:\/\/lavocedelpaese.info\/index.php\/2024\/06\/11\/la-leggerezza-che-fa-bene-allanima-baricco-al-map-festival\/","og_site_name":"La Voce del Paese","article_publisher":"https:\/\/www.facebook.com\/lavocedelpaese.info","article_published_time":"2024-06-11T22:42:58+00:00","article_modified_time":"2024-06-11T22:42:59+00:00","og_image":[{"width":727,"height":485,"url":"https:\/\/lavocedelpaese.info\/wp-content\/uploads\/2024\/06\/baricco.jpg","type":"image\/jpeg"}],"author":"admin","twitter_card":"summary_large_image","twitter_misc":{"Scritto da":"admin","Tempo di lettura stimato":"6 minuti"},"schema":{"@context":"https:\/\/schema.org","@graph":[{"@type":"Article","@id":"https:\/\/lavocedelpaese.info\/index.php\/2024\/06\/11\/la-leggerezza-che-fa-bene-allanima-baricco-al-map-festival\/#article","isPartOf":{"@id":"https:\/\/lavocedelpaese.info\/index.php\/2024\/06\/11\/la-leggerezza-che-fa-bene-allanima-baricco-al-map-festival\/"},"author":{"name":"admin","@id":"https:\/\/lavocedelpaese.info\/#\/schema\/person\/ec151d321306bd7591f7a061abf72d88"},"headline":"La leggerezza che fa bene all\u2019anima: Baricco al MAP Festival","datePublished":"2024-06-11T22:42:58+00:00","dateModified":"2024-06-11T22:42:59+00:00","mainEntityOfPage":{"@id":"https:\/\/lavocedelpaese.info\/index.php\/2024\/06\/11\/la-leggerezza-che-fa-bene-allanima-baricco-al-map-festival\/"},"wordCount":984,"commentCount":0,"publisher":{"@id":"https:\/\/lavocedelpaese.info\/#organization"},"image":{"@id":"https:\/\/lavocedelpaese.info\/index.php\/2024\/06\/11\/la-leggerezza-che-fa-bene-allanima-baricco-al-map-festival\/#primaryimage"},"thumbnailUrl":"https:\/\/lavocedelpaese.info\/wp-content\/uploads\/2024\/06\/baricco.jpg","articleSection":["Cultura","News"],"inLanguage":"it-IT","potentialAction":[{"@type":"CommentAction","name":"Comment","target":["https:\/\/lavocedelpaese.info\/index.php\/2024\/06\/11\/la-leggerezza-che-fa-bene-allanima-baricco-al-map-festival\/#respond"]}]},{"@type":"WebPage","@id":"https:\/\/lavocedelpaese.info\/index.php\/2024\/06\/11\/la-leggerezza-che-fa-bene-allanima-baricco-al-map-festival\/","url":"https:\/\/lavocedelpaese.info\/index.php\/2024\/06\/11\/la-leggerezza-che-fa-bene-allanima-baricco-al-map-festival\/","name":"La leggerezza che fa bene all\u2019anima: Baricco al MAP Festival - La Voce del Paese","isPartOf":{"@id":"https:\/\/lavocedelpaese.info\/#website"},"primaryImageOfPage":{"@id":"https:\/\/lavocedelpaese.info\/index.php\/2024\/06\/11\/la-leggerezza-che-fa-bene-allanima-baricco-al-map-festival\/#primaryimage"},"image":{"@id":"https:\/\/lavocedelpaese.info\/index.php\/2024\/06\/11\/la-leggerezza-che-fa-bene-allanima-baricco-al-map-festival\/#primaryimage"},"thumbnailUrl":"https:\/\/lavocedelpaese.info\/wp-content\/uploads\/2024\/06\/baricco.jpg","datePublished":"2024-06-11T22:42:58+00:00","dateModified":"2024-06-11T22:42:59+00:00","breadcrumb":{"@id":"https:\/\/lavocedelpaese.info\/index.php\/2024\/06\/11\/la-leggerezza-che-fa-bene-allanima-baricco-al-map-festival\/#breadcrumb"},"inLanguage":"it-IT","potentialAction":[{"@type":"ReadAction","target":["https:\/\/lavocedelpaese.info\/index.php\/2024\/06\/11\/la-leggerezza-che-fa-bene-allanima-baricco-al-map-festival\/"]}]},{"@type":"ImageObject","inLanguage":"it-IT","@id":"https:\/\/lavocedelpaese.info\/index.php\/2024\/06\/11\/la-leggerezza-che-fa-bene-allanima-baricco-al-map-festival\/#primaryimage","url":"https:\/\/lavocedelpaese.info\/wp-content\/uploads\/2024\/06\/baricco.jpg","contentUrl":"https:\/\/lavocedelpaese.info\/wp-content\/uploads\/2024\/06\/baricco.jpg","width":727,"height":485},{"@type":"BreadcrumbList","@id":"https:\/\/lavocedelpaese.info\/index.php\/2024\/06\/11\/la-leggerezza-che-fa-bene-allanima-baricco-al-map-festival\/#breadcrumb","itemListElement":[{"@type":"ListItem","position":1,"name":"Home","item":"https:\/\/lavocedelpaese.info\/"},{"@type":"ListItem","position":2,"name":"La leggerezza che fa bene all\u2019anima: Baricco al MAP Festival"}]},{"@type":"WebSite","@id":"https:\/\/lavocedelpaese.info\/#website","url":"https:\/\/lavocedelpaese.info\/","name":"La Voce del Paese","description":"Un network di idee","publisher":{"@id":"https:\/\/lavocedelpaese.info\/#organization"},"potentialAction":[{"@type":"SearchAction","target":{"@type":"EntryPoint","urlTemplate":"https:\/\/lavocedelpaese.info\/?s={search_term_string}"},"query-input":{"@type":"PropertyValueSpecification","valueRequired":true,"valueName":"search_term_string"}}],"inLanguage":"it-IT"},{"@type":"Organization","@id":"https:\/\/lavocedelpaese.info\/#organization","name":"La Voce del Paese","url":"https:\/\/lavocedelpaese.info\/","logo":{"@type":"ImageObject","inLanguage":"it-IT","@id":"https:\/\/lavocedelpaese.info\/#\/schema\/logo\/image\/","url":"https:\/\/lavocedelpaese.info\/wp-content\/uploads\/2023\/01\/cropped-logo-150-127.png","contentUrl":"https:\/\/lavocedelpaese.info\/wp-content\/uploads\/2023\/01\/cropped-logo-150-127.png","width":137,"height":119,"caption":"La Voce del Paese"},"image":{"@id":"https:\/\/lavocedelpaese.info\/#\/schema\/logo\/image\/"},"sameAs":["https:\/\/www.facebook.com\/lavocedelpaese.info"]},{"@type":"Person","@id":"https:\/\/lavocedelpaese.info\/#\/schema\/person\/ec151d321306bd7591f7a061abf72d88","name":"admin","image":{"@type":"ImageObject","inLanguage":"it-IT","@id":"https:\/\/secure.gravatar.com\/avatar\/af8f2caf0663124588de48a9380e07cbc95a74ef15b8062d0d39106c32fe3023?s=96&d=mm&r=g","url":"https:\/\/secure.gravatar.com\/avatar\/af8f2caf0663124588de48a9380e07cbc95a74ef15b8062d0d39106c32fe3023?s=96&d=mm&r=g","contentUrl":"https:\/\/secure.gravatar.com\/avatar\/af8f2caf0663124588de48a9380e07cbc95a74ef15b8062d0d39106c32fe3023?s=96&d=mm&r=g","caption":"admin"},"sameAs":["https:\/\/lavocedelpaese.info"],"url":"https:\/\/lavocedelpaese.info\/index.php\/author\/admin\/"}]}},"_links":{"self":[{"href":"https:\/\/lavocedelpaese.info\/index.php\/wp-json\/wp\/v2\/posts\/2223","targetHints":{"allow":["GET"]}}],"collection":[{"href":"https:\/\/lavocedelpaese.info\/index.php\/wp-json\/wp\/v2\/posts"}],"about":[{"href":"https:\/\/lavocedelpaese.info\/index.php\/wp-json\/wp\/v2\/types\/post"}],"author":[{"embeddable":true,"href":"https:\/\/lavocedelpaese.info\/index.php\/wp-json\/wp\/v2\/users\/6"}],"replies":[{"embeddable":true,"href":"https:\/\/lavocedelpaese.info\/index.php\/wp-json\/wp\/v2\/comments?post=2223"}],"version-history":[{"count":1,"href":"https:\/\/lavocedelpaese.info\/index.php\/wp-json\/wp\/v2\/posts\/2223\/revisions"}],"predecessor-version":[{"id":2225,"href":"https:\/\/lavocedelpaese.info\/index.php\/wp-json\/wp\/v2\/posts\/2223\/revisions\/2225"}],"wp:featuredmedia":[{"embeddable":true,"href":"https:\/\/lavocedelpaese.info\/index.php\/wp-json\/wp\/v2\/media\/2224"}],"wp:attachment":[{"href":"https:\/\/lavocedelpaese.info\/index.php\/wp-json\/wp\/v2\/media?parent=2223"}],"wp:term":[{"taxonomy":"category","embeddable":true,"href":"https:\/\/lavocedelpaese.info\/index.php\/wp-json\/wp\/v2\/categories?post=2223"},{"taxonomy":"post_tag","embeddable":true,"href":"https:\/\/lavocedelpaese.info\/index.php\/wp-json\/wp\/v2\/tags?post=2223"}],"curies":[{"name":"wp","href":"https:\/\/api.w.org\/{rel}","templated":true}]}}