{"id":2220,"date":"2024-06-11T22:40:18","date_gmt":"2024-06-11T22:40:18","guid":{"rendered":"https:\/\/lavocedelpaese.info\/?p=2220"},"modified":"2024-06-11T22:40:19","modified_gmt":"2024-06-11T22:40:19","slug":"antonella-palmisano-stella-deuropa","status":"publish","type":"post","link":"https:\/\/lavocedelpaese.info\/index.php\/2024\/06\/11\/antonella-palmisano-stella-deuropa\/","title":{"rendered":"Antonella Palmisano stella d&#8217;Europa"},"content":{"rendered":"\n<h4 class=\"wp-block-heading\"><strong>Vince la 20 km di marcia agli Europei di Roma<\/strong><\/h4>\n\n\n\n<p>La campionessa olimpionica Antonella Palmisano ha trionfato nella 20 chilometri di marcia agli Europei di atletica a Roma, conquistando la medaglia d&#8217;oro con un netto vantaggio di 28 secondi sull&#8217;altra azzurra Valentina Trapletti. Questo successo segue la vittoria alle Olimpiadi di Tokyo tre anni fa. Palmisano ha espresso gratitudine al marito e allenatore Lorenzo Dessi, alle Fiamme Gialle, e al suo team per il supporto costante. La marciatrice ha dichiarato di aver voluto prendere il controllo della gara fin dal primo metro, realizzando cos\u00ec il suo sogno di entrare trionfalmente nello stadio Olimpico.<\/p>\n\n\n\n<p>La vittoria di Antonella Palmisano nella 20 chilometri di marcia agli Europei di atletica a Roma ha significative implicazioni per lo sport italiano e pugliese. Questo trionfo non solo riafferma la posizione di Palmisano come una delle atlete di punta dell&#8217;Italia, ma anche come simbolo del successo sportivo pugliese, ispirando giovani atleti nella regione e in tutto il paese. A livello nazionale, la vittoria rafforza la reputazione dell&#8217;Italia come nazione di eccellenza nella marcia, un&#8217;area in cui il paese ha tradizionalmente avuto successo. Questo risultato aiuta a mantenere alta l&#8217;attenzione sullo sport di base, promuovendo l&#8217;importanza dell&#8217;atletica leggera nel panorama sportivo italiano. La presenza di atleti di successo come Palmisano pu\u00f2 incoraggiare un maggiore investimento nelle infrastrutture sportive e nei programmi di sviluppo giovanile, elementi cruciali per coltivare la prossima generazione di talenti.<\/p>\n\n\n\n<p>In Puglia, la vittoria di Palmisano ha un impatto ancora pi\u00f9 profondo. La regione, spesso meno celebrata rispetto ad altre aree italiane in termini di successi sportivi, pu\u00f2 trarre enorme beneficio dalla visibilit\u00e0 e dal prestigio derivanti da questo trionfo. Il successo di un&#8217;atleta di Mottola evidenzia il potenziale sportivo della regione e pu\u00f2 fungere da catalizzatore per maggiori investimenti nelle strutture sportive locali e nei programmi di allenamento. Le autorit\u00e0 locali e regionali potrebbero essere spinte a migliorare le infrastrutture esistenti, creando centri di eccellenza sportiva e aumentando il supporto per gli atleti emergenti. Inoltre, la presenza di una campionessa di tale calibro pu\u00f2 aumentare l&#8217;interesse e la partecipazione allo sport tra i giovani pugliesi, fornendo un modello di ruolo positivo e accessibile.<\/p>\n\n\n\n<p>La vittoria di Palmisano pu\u00f2 anche contribuire a promuovere una maggiore uguaglianza di genere nello sport. Come donna che ha raggiunto il vertice in una disciplina atletica, Palmisano rappresenta un potente esempio di ci\u00f2 che le donne possono realizzare nello sport, sfidando stereotipi e promuovendo l&#8217;inclusione. Questo pu\u00f2 incentivare le ragazze e le giovani donne a intraprendere attivit\u00e0 sportive, sapendo che esistono opportunit\u00e0 reali di successo e riconoscimento. Le scuole e le organizzazioni sportive locali possono utilizzare il successo di Palmisano per promuovere programmi specificamente rivolti alle ragazze, incoraggiandole a partecipare e a eccellere.<\/p>\n\n\n\n<p>In termini di politiche sportive, la vittoria pu\u00f2 influenzare positivamente le decisioni politiche a livello locale e nazionale. I successi internazionali tendono a focalizzare l&#8217;attenzione dei politici sullo sport, portando a un maggiore finanziamento e supporto per i programmi sportivi. In Puglia, le autorit\u00e0 possono essere ispirate a incrementare le risorse destinate allo sport, non solo per attrarre eventi sportivi di rilievo, ma anche per migliorare le condizioni per gli atleti locali. A livello nazionale, la Federazione Italiana di Atletica Leggera potrebbe utilizzare questo successo per ottenere maggiori risorse e promuovere ulteriori sviluppi nella marcia e in altre discipline dell&#8217;atletica leggera.<\/p>\n\n\n\n<p>Il successo di Palmisano ha anche un impatto culturale significativo. La marcia, spesso meno visibile rispetto ad altre discipline atletiche, riceve un&#8217;attenzione mediatica che pu\u00f2 tradursi in una maggiore popolarit\u00e0 e partecipazione a livello di base. I media possono giocare un ruolo cruciale nel raccontare le storie di successo come quella di Palmisano, ispirando una nuova generazione di marciatori e atleti. La copertura mediatica positiva non solo eleva il profilo dell&#8217;atleta, ma mette anche in luce i sacrifici e la dedizione necessari per raggiungere tali livelli di successo, promuovendo valori di perseveranza e impegno.<\/p>\n\n\n\n<p>Inoltre, la vittoria pu\u00f2 stimolare una maggiore collaborazione tra diversi enti sportivi e istituzioni educative. Le scuole possono essere incoraggiate a includere programmi di atletica leggera nei loro curricula, collaborando con club e associazioni sportive per fornire agli studenti opportunit\u00e0 di sviluppo atletico. Queste collaborazioni possono contribuire a creare un sistema sportivo integrato che supporti gli atleti fin dalla giovane et\u00e0, facilitando il loro progresso attraverso i vari livelli di competizione.<\/p>\n\n\n\n<p>Un altro aspetto importante riguarda il turismo sportivo. Il successo di Palmisano pu\u00f2 attirare l&#8217;attenzione sulla Puglia come destinazione per eventi sportivi, allenamenti e ritiri. Le strutture sportive regionali potrebbero vedere un aumento della domanda da parte di atleti e squadre in cerca di luoghi di allenamento di alta qualit\u00e0. Questo, a sua volta, pu\u00f2 avere un impatto economico positivo sulla regione, creando opportunit\u00e0 per l&#8217;industria dell&#8217;ospitalit\u00e0 e dei servizi correlati.<\/p>\n\n\n\n<p>La vittoria di Palmisano sottolinea anche l&#8217;importanza del supporto familiare e del team, come evidenziato dai suoi ringraziamenti al marito e allenatore Lorenzo Dessi. Questo mette in luce il ruolo cruciale che le reti di supporto giocano nel successo di un atleta, un aspetto che pu\u00f2 essere ulteriormente sviluppato attraverso politiche che incoraggiano il coinvolgimento della comunit\u00e0 e delle famiglie nello sport.<\/p>\n\n\n\n<p>Infine, il successo di Palmisano pu\u00f2 contribuire a una maggiore coesione sociale. Lo sport ha il potere di unire le persone e di promuovere un senso di orgoglio comunitario. La celebrazione del successo di un&#8217;atleta locale pu\u00f2 rafforzare l&#8217;identit\u00e0 regionale e nazionale, promuovendo l&#8217;unit\u00e0 e la solidariet\u00e0.<\/p>\n\n\n\n<p>In sintesi, la vittoria di Antonella Palmisano nella 20 chilometri di marcia agli Europei di Roma ha implicazioni profonde e multiformi per lo sport italiano e pugliese. Promuove l&#8217;accesso allo sport per i giovani, stimola investimenti nelle infrastrutture, favorisce l&#8217;uguaglianza di genere, influenza positivamente le politiche sportive, aumenta la popolarit\u00e0 della marcia, facilita collaborazioni educative, promuove il turismo sportivo, sottolinea l&#8217;importanza del supporto familiare e rafforza la coesione sociale. Questo trionfo non \u00e8 solo una vittoria individuale, ma un simbolo di crescita e potenziale per tutto il settore sportivo italiano e pugliese.<\/p>\n","protected":false},"excerpt":{"rendered":"<p>Vince la 20 km di marcia agli Europei di Roma La campionessa olimpionica Antonella Palmisano ha trionfato nella 20 chilometri<\/p>\n","protected":false},"author":6,"featured_media":2221,"comment_status":"open","ping_status":"closed","sticky":false,"template":"","format":"standard","meta":{"colormag_page_container_layout":"default_layout","colormag_page_sidebar_layout":"default_layout","footnotes":""},"categories":[34,15],"tags":[],"class_list":["post-2220","post","type-post","status-publish","format-standard","has-post-thumbnail","hentry","category-box-laterali-blocco-1","category-sport"],"yoast_head":"<!-- This site is optimized with the Yoast SEO plugin v27.5 - https:\/\/yoast.com\/product\/yoast-seo-wordpress\/ -->\n<title>Antonella Palmisano stella d&#039;Europa - La Voce del Paese<\/title>\n<meta name=\"robots\" content=\"index, follow, max-snippet:-1, max-image-preview:large, max-video-preview:-1\" \/>\n<link rel=\"canonical\" href=\"https:\/\/lavocedelpaese.info\/index.php\/2024\/06\/11\/antonella-palmisano-stella-deuropa\/\" \/>\n<meta property=\"og:locale\" content=\"it_IT\" \/>\n<meta property=\"og:type\" content=\"article\" \/>\n<meta property=\"og:title\" content=\"Antonella Palmisano stella d&#039;Europa - La Voce del Paese\" \/>\n<meta property=\"og:description\" content=\"Vince la 20 km di marcia agli Europei di Roma La campionessa olimpionica Antonella Palmisano ha trionfato nella 20 chilometri\" \/>\n<meta property=\"og:url\" content=\"https:\/\/lavocedelpaese.info\/index.php\/2024\/06\/11\/antonella-palmisano-stella-deuropa\/\" \/>\n<meta property=\"og:site_name\" content=\"La Voce del Paese\" \/>\n<meta property=\"article:publisher\" content=\"https:\/\/www.facebook.com\/lavocedelpaese.info\" \/>\n<meta property=\"article:published_time\" content=\"2024-06-11T22:40:18+00:00\" \/>\n<meta property=\"article:modified_time\" content=\"2024-06-11T22:40:19+00:00\" \/>\n<meta property=\"og:image\" content=\"https:\/\/lavocedelpaese.info\/wp-content\/uploads\/2024\/06\/antonella-palmisano.webp\" \/>\n\t<meta property=\"og:image:width\" content=\"1000\" \/>\n\t<meta property=\"og:image:height\" content=\"504\" \/>\n\t<meta property=\"og:image:type\" content=\"image\/webp\" \/>\n<meta name=\"author\" content=\"admin\" \/>\n<meta name=\"twitter:card\" content=\"summary_large_image\" \/>\n<meta name=\"twitter:label1\" content=\"Scritto da\" \/>\n\t<meta name=\"twitter:data1\" content=\"admin\" \/>\n\t<meta name=\"twitter:label2\" content=\"Tempo di lettura stimato\" \/>\n\t<meta name=\"twitter:data2\" content=\"6 minuti\" \/>\n<script type=\"application\/ld+json\" class=\"yoast-schema-graph\">{\"@context\":\"https:\\\/\\\/schema.org\",\"@graph\":[{\"@type\":\"Article\",\"@id\":\"https:\\\/\\\/lavocedelpaese.info\\\/index.php\\\/2024\\\/06\\\/11\\\/antonella-palmisano-stella-deuropa\\\/#article\",\"isPartOf\":{\"@id\":\"https:\\\/\\\/lavocedelpaese.info\\\/index.php\\\/2024\\\/06\\\/11\\\/antonella-palmisano-stella-deuropa\\\/\"},\"author\":{\"name\":\"admin\",\"@id\":\"https:\\\/\\\/lavocedelpaese.info\\\/#\\\/schema\\\/person\\\/ec151d321306bd7591f7a061abf72d88\"},\"headline\":\"Antonella Palmisano stella d&#8217;Europa\",\"datePublished\":\"2024-06-11T22:40:18+00:00\",\"dateModified\":\"2024-06-11T22:40:19+00:00\",\"mainEntityOfPage\":{\"@id\":\"https:\\\/\\\/lavocedelpaese.info\\\/index.php\\\/2024\\\/06\\\/11\\\/antonella-palmisano-stella-deuropa\\\/\"},\"wordCount\":1016,\"commentCount\":0,\"publisher\":{\"@id\":\"https:\\\/\\\/lavocedelpaese.info\\\/#organization\"},\"image\":{\"@id\":\"https:\\\/\\\/lavocedelpaese.info\\\/index.php\\\/2024\\\/06\\\/11\\\/antonella-palmisano-stella-deuropa\\\/#primaryimage\"},\"thumbnailUrl\":\"https:\\\/\\\/lavocedelpaese.info\\\/wp-content\\\/uploads\\\/2024\\\/06\\\/antonella-palmisano.webp\",\"articleSection\":[\"primo piano\",\"Sport\"],\"inLanguage\":\"it-IT\",\"potentialAction\":[{\"@type\":\"CommentAction\",\"name\":\"Comment\",\"target\":[\"https:\\\/\\\/lavocedelpaese.info\\\/index.php\\\/2024\\\/06\\\/11\\\/antonella-palmisano-stella-deuropa\\\/#respond\"]}]},{\"@type\":\"WebPage\",\"@id\":\"https:\\\/\\\/lavocedelpaese.info\\\/index.php\\\/2024\\\/06\\\/11\\\/antonella-palmisano-stella-deuropa\\\/\",\"url\":\"https:\\\/\\\/lavocedelpaese.info\\\/index.php\\\/2024\\\/06\\\/11\\\/antonella-palmisano-stella-deuropa\\\/\",\"name\":\"Antonella Palmisano stella d'Europa - La Voce del Paese\",\"isPartOf\":{\"@id\":\"https:\\\/\\\/lavocedelpaese.info\\\/#website\"},\"primaryImageOfPage\":{\"@id\":\"https:\\\/\\\/lavocedelpaese.info\\\/index.php\\\/2024\\\/06\\\/11\\\/antonella-palmisano-stella-deuropa\\\/#primaryimage\"},\"image\":{\"@id\":\"https:\\\/\\\/lavocedelpaese.info\\\/index.php\\\/2024\\\/06\\\/11\\\/antonella-palmisano-stella-deuropa\\\/#primaryimage\"},\"thumbnailUrl\":\"https:\\\/\\\/lavocedelpaese.info\\\/wp-content\\\/uploads\\\/2024\\\/06\\\/antonella-palmisano.webp\",\"datePublished\":\"2024-06-11T22:40:18+00:00\",\"dateModified\":\"2024-06-11T22:40:19+00:00\",\"breadcrumb\":{\"@id\":\"https:\\\/\\\/lavocedelpaese.info\\\/index.php\\\/2024\\\/06\\\/11\\\/antonella-palmisano-stella-deuropa\\\/#breadcrumb\"},\"inLanguage\":\"it-IT\",\"potentialAction\":[{\"@type\":\"ReadAction\",\"target\":[\"https:\\\/\\\/lavocedelpaese.info\\\/index.php\\\/2024\\\/06\\\/11\\\/antonella-palmisano-stella-deuropa\\\/\"]}]},{\"@type\":\"ImageObject\",\"inLanguage\":\"it-IT\",\"@id\":\"https:\\\/\\\/lavocedelpaese.info\\\/index.php\\\/2024\\\/06\\\/11\\\/antonella-palmisano-stella-deuropa\\\/#primaryimage\",\"url\":\"https:\\\/\\\/lavocedelpaese.info\\\/wp-content\\\/uploads\\\/2024\\\/06\\\/antonella-palmisano.webp\",\"contentUrl\":\"https:\\\/\\\/lavocedelpaese.info\\\/wp-content\\\/uploads\\\/2024\\\/06\\\/antonella-palmisano.webp\",\"width\":1000,\"height\":504},{\"@type\":\"BreadcrumbList\",\"@id\":\"https:\\\/\\\/lavocedelpaese.info\\\/index.php\\\/2024\\\/06\\\/11\\\/antonella-palmisano-stella-deuropa\\\/#breadcrumb\",\"itemListElement\":[{\"@type\":\"ListItem\",\"position\":1,\"name\":\"Home\",\"item\":\"https:\\\/\\\/lavocedelpaese.info\\\/\"},{\"@type\":\"ListItem\",\"position\":2,\"name\":\"Antonella Palmisano stella d&#8217;Europa\"}]},{\"@type\":\"WebSite\",\"@id\":\"https:\\\/\\\/lavocedelpaese.info\\\/#website\",\"url\":\"https:\\\/\\\/lavocedelpaese.info\\\/\",\"name\":\"La Voce del Paese\",\"description\":\"Un network di idee\",\"publisher\":{\"@id\":\"https:\\\/\\\/lavocedelpaese.info\\\/#organization\"},\"potentialAction\":[{\"@type\":\"SearchAction\",\"target\":{\"@type\":\"EntryPoint\",\"urlTemplate\":\"https:\\\/\\\/lavocedelpaese.info\\\/?s={search_term_string}\"},\"query-input\":{\"@type\":\"PropertyValueSpecification\",\"valueRequired\":true,\"valueName\":\"search_term_string\"}}],\"inLanguage\":\"it-IT\"},{\"@type\":\"Organization\",\"@id\":\"https:\\\/\\\/lavocedelpaese.info\\\/#organization\",\"name\":\"La Voce del Paese\",\"url\":\"https:\\\/\\\/lavocedelpaese.info\\\/\",\"logo\":{\"@type\":\"ImageObject\",\"inLanguage\":\"it-IT\",\"@id\":\"https:\\\/\\\/lavocedelpaese.info\\\/#\\\/schema\\\/logo\\\/image\\\/\",\"url\":\"https:\\\/\\\/lavocedelpaese.info\\\/wp-content\\\/uploads\\\/2023\\\/01\\\/cropped-logo-150-127.png\",\"contentUrl\":\"https:\\\/\\\/lavocedelpaese.info\\\/wp-content\\\/uploads\\\/2023\\\/01\\\/cropped-logo-150-127.png\",\"width\":137,\"height\":119,\"caption\":\"La Voce del Paese\"},\"image\":{\"@id\":\"https:\\\/\\\/lavocedelpaese.info\\\/#\\\/schema\\\/logo\\\/image\\\/\"},\"sameAs\":[\"https:\\\/\\\/www.facebook.com\\\/lavocedelpaese.info\"]},{\"@type\":\"Person\",\"@id\":\"https:\\\/\\\/lavocedelpaese.info\\\/#\\\/schema\\\/person\\\/ec151d321306bd7591f7a061abf72d88\",\"name\":\"admin\",\"image\":{\"@type\":\"ImageObject\",\"inLanguage\":\"it-IT\",\"@id\":\"https:\\\/\\\/secure.gravatar.com\\\/avatar\\\/af8f2caf0663124588de48a9380e07cbc95a74ef15b8062d0d39106c32fe3023?s=96&d=mm&r=g\",\"url\":\"https:\\\/\\\/secure.gravatar.com\\\/avatar\\\/af8f2caf0663124588de48a9380e07cbc95a74ef15b8062d0d39106c32fe3023?s=96&d=mm&r=g\",\"contentUrl\":\"https:\\\/\\\/secure.gravatar.com\\\/avatar\\\/af8f2caf0663124588de48a9380e07cbc95a74ef15b8062d0d39106c32fe3023?s=96&d=mm&r=g\",\"caption\":\"admin\"},\"sameAs\":[\"https:\\\/\\\/lavocedelpaese.info\"],\"url\":\"https:\\\/\\\/lavocedelpaese.info\\\/index.php\\\/author\\\/admin\\\/\"}]}<\/script>\n<!-- \/ Yoast SEO plugin. -->","yoast_head_json":{"title":"Antonella Palmisano stella d'Europa - La Voce del Paese","robots":{"index":"index","follow":"follow","max-snippet":"max-snippet:-1","max-image-preview":"max-image-preview:large","max-video-preview":"max-video-preview:-1"},"canonical":"https:\/\/lavocedelpaese.info\/index.php\/2024\/06\/11\/antonella-palmisano-stella-deuropa\/","og_locale":"it_IT","og_type":"article","og_title":"Antonella Palmisano stella d'Europa - La Voce del Paese","og_description":"Vince la 20 km di marcia agli Europei di Roma La campionessa olimpionica Antonella Palmisano ha trionfato nella 20 chilometri","og_url":"https:\/\/lavocedelpaese.info\/index.php\/2024\/06\/11\/antonella-palmisano-stella-deuropa\/","og_site_name":"La Voce del Paese","article_publisher":"https:\/\/www.facebook.com\/lavocedelpaese.info","article_published_time":"2024-06-11T22:40:18+00:00","article_modified_time":"2024-06-11T22:40:19+00:00","og_image":[{"width":1000,"height":504,"url":"https:\/\/lavocedelpaese.info\/wp-content\/uploads\/2024\/06\/antonella-palmisano.webp","type":"image\/webp"}],"author":"admin","twitter_card":"summary_large_image","twitter_misc":{"Scritto da":"admin","Tempo di lettura stimato":"6 minuti"},"schema":{"@context":"https:\/\/schema.org","@graph":[{"@type":"Article","@id":"https:\/\/lavocedelpaese.info\/index.php\/2024\/06\/11\/antonella-palmisano-stella-deuropa\/#article","isPartOf":{"@id":"https:\/\/lavocedelpaese.info\/index.php\/2024\/06\/11\/antonella-palmisano-stella-deuropa\/"},"author":{"name":"admin","@id":"https:\/\/lavocedelpaese.info\/#\/schema\/person\/ec151d321306bd7591f7a061abf72d88"},"headline":"Antonella Palmisano stella d&#8217;Europa","datePublished":"2024-06-11T22:40:18+00:00","dateModified":"2024-06-11T22:40:19+00:00","mainEntityOfPage":{"@id":"https:\/\/lavocedelpaese.info\/index.php\/2024\/06\/11\/antonella-palmisano-stella-deuropa\/"},"wordCount":1016,"commentCount":0,"publisher":{"@id":"https:\/\/lavocedelpaese.info\/#organization"},"image":{"@id":"https:\/\/lavocedelpaese.info\/index.php\/2024\/06\/11\/antonella-palmisano-stella-deuropa\/#primaryimage"},"thumbnailUrl":"https:\/\/lavocedelpaese.info\/wp-content\/uploads\/2024\/06\/antonella-palmisano.webp","articleSection":["primo piano","Sport"],"inLanguage":"it-IT","potentialAction":[{"@type":"CommentAction","name":"Comment","target":["https:\/\/lavocedelpaese.info\/index.php\/2024\/06\/11\/antonella-palmisano-stella-deuropa\/#respond"]}]},{"@type":"WebPage","@id":"https:\/\/lavocedelpaese.info\/index.php\/2024\/06\/11\/antonella-palmisano-stella-deuropa\/","url":"https:\/\/lavocedelpaese.info\/index.php\/2024\/06\/11\/antonella-palmisano-stella-deuropa\/","name":"Antonella Palmisano stella d'Europa - La Voce del Paese","isPartOf":{"@id":"https:\/\/lavocedelpaese.info\/#website"},"primaryImageOfPage":{"@id":"https:\/\/lavocedelpaese.info\/index.php\/2024\/06\/11\/antonella-palmisano-stella-deuropa\/#primaryimage"},"image":{"@id":"https:\/\/lavocedelpaese.info\/index.php\/2024\/06\/11\/antonella-palmisano-stella-deuropa\/#primaryimage"},"thumbnailUrl":"https:\/\/lavocedelpaese.info\/wp-content\/uploads\/2024\/06\/antonella-palmisano.webp","datePublished":"2024-06-11T22:40:18+00:00","dateModified":"2024-06-11T22:40:19+00:00","breadcrumb":{"@id":"https:\/\/lavocedelpaese.info\/index.php\/2024\/06\/11\/antonella-palmisano-stella-deuropa\/#breadcrumb"},"inLanguage":"it-IT","potentialAction":[{"@type":"ReadAction","target":["https:\/\/lavocedelpaese.info\/index.php\/2024\/06\/11\/antonella-palmisano-stella-deuropa\/"]}]},{"@type":"ImageObject","inLanguage":"it-IT","@id":"https:\/\/lavocedelpaese.info\/index.php\/2024\/06\/11\/antonella-palmisano-stella-deuropa\/#primaryimage","url":"https:\/\/lavocedelpaese.info\/wp-content\/uploads\/2024\/06\/antonella-palmisano.webp","contentUrl":"https:\/\/lavocedelpaese.info\/wp-content\/uploads\/2024\/06\/antonella-palmisano.webp","width":1000,"height":504},{"@type":"BreadcrumbList","@id":"https:\/\/lavocedelpaese.info\/index.php\/2024\/06\/11\/antonella-palmisano-stella-deuropa\/#breadcrumb","itemListElement":[{"@type":"ListItem","position":1,"name":"Home","item":"https:\/\/lavocedelpaese.info\/"},{"@type":"ListItem","position":2,"name":"Antonella Palmisano stella d&#8217;Europa"}]},{"@type":"WebSite","@id":"https:\/\/lavocedelpaese.info\/#website","url":"https:\/\/lavocedelpaese.info\/","name":"La Voce del Paese","description":"Un network di idee","publisher":{"@id":"https:\/\/lavocedelpaese.info\/#organization"},"potentialAction":[{"@type":"SearchAction","target":{"@type":"EntryPoint","urlTemplate":"https:\/\/lavocedelpaese.info\/?s={search_term_string}"},"query-input":{"@type":"PropertyValueSpecification","valueRequired":true,"valueName":"search_term_string"}}],"inLanguage":"it-IT"},{"@type":"Organization","@id":"https:\/\/lavocedelpaese.info\/#organization","name":"La Voce del Paese","url":"https:\/\/lavocedelpaese.info\/","logo":{"@type":"ImageObject","inLanguage":"it-IT","@id":"https:\/\/lavocedelpaese.info\/#\/schema\/logo\/image\/","url":"https:\/\/lavocedelpaese.info\/wp-content\/uploads\/2023\/01\/cropped-logo-150-127.png","contentUrl":"https:\/\/lavocedelpaese.info\/wp-content\/uploads\/2023\/01\/cropped-logo-150-127.png","width":137,"height":119,"caption":"La Voce del Paese"},"image":{"@id":"https:\/\/lavocedelpaese.info\/#\/schema\/logo\/image\/"},"sameAs":["https:\/\/www.facebook.com\/lavocedelpaese.info"]},{"@type":"Person","@id":"https:\/\/lavocedelpaese.info\/#\/schema\/person\/ec151d321306bd7591f7a061abf72d88","name":"admin","image":{"@type":"ImageObject","inLanguage":"it-IT","@id":"https:\/\/secure.gravatar.com\/avatar\/af8f2caf0663124588de48a9380e07cbc95a74ef15b8062d0d39106c32fe3023?s=96&d=mm&r=g","url":"https:\/\/secure.gravatar.com\/avatar\/af8f2caf0663124588de48a9380e07cbc95a74ef15b8062d0d39106c32fe3023?s=96&d=mm&r=g","contentUrl":"https:\/\/secure.gravatar.com\/avatar\/af8f2caf0663124588de48a9380e07cbc95a74ef15b8062d0d39106c32fe3023?s=96&d=mm&r=g","caption":"admin"},"sameAs":["https:\/\/lavocedelpaese.info"],"url":"https:\/\/lavocedelpaese.info\/index.php\/author\/admin\/"}]}},"_links":{"self":[{"href":"https:\/\/lavocedelpaese.info\/index.php\/wp-json\/wp\/v2\/posts\/2220","targetHints":{"allow":["GET"]}}],"collection":[{"href":"https:\/\/lavocedelpaese.info\/index.php\/wp-json\/wp\/v2\/posts"}],"about":[{"href":"https:\/\/lavocedelpaese.info\/index.php\/wp-json\/wp\/v2\/types\/post"}],"author":[{"embeddable":true,"href":"https:\/\/lavocedelpaese.info\/index.php\/wp-json\/wp\/v2\/users\/6"}],"replies":[{"embeddable":true,"href":"https:\/\/lavocedelpaese.info\/index.php\/wp-json\/wp\/v2\/comments?post=2220"}],"version-history":[{"count":1,"href":"https:\/\/lavocedelpaese.info\/index.php\/wp-json\/wp\/v2\/posts\/2220\/revisions"}],"predecessor-version":[{"id":2222,"href":"https:\/\/lavocedelpaese.info\/index.php\/wp-json\/wp\/v2\/posts\/2220\/revisions\/2222"}],"wp:featuredmedia":[{"embeddable":true,"href":"https:\/\/lavocedelpaese.info\/index.php\/wp-json\/wp\/v2\/media\/2221"}],"wp:attachment":[{"href":"https:\/\/lavocedelpaese.info\/index.php\/wp-json\/wp\/v2\/media?parent=2220"}],"wp:term":[{"taxonomy":"category","embeddable":true,"href":"https:\/\/lavocedelpaese.info\/index.php\/wp-json\/wp\/v2\/categories?post=2220"},{"taxonomy":"post_tag","embeddable":true,"href":"https:\/\/lavocedelpaese.info\/index.php\/wp-json\/wp\/v2\/tags?post=2220"}],"curies":[{"name":"wp","href":"https:\/\/api.w.org\/{rel}","templated":true}]}}