{"id":2212,"date":"2024-06-11T22:30:39","date_gmt":"2024-06-11T22:30:39","guid":{"rendered":"https:\/\/lavocedelpaese.info\/?p=2212"},"modified":"2024-06-11T22:30:40","modified_gmt":"2024-06-11T22:30:40","slug":"restauro-dellex-pretura-di-gallipoli-i-dettagli-del-progetto","status":"publish","type":"post","link":"https:\/\/lavocedelpaese.info\/index.php\/2024\/06\/11\/restauro-dellex-pretura-di-gallipoli-i-dettagli-del-progetto\/","title":{"rendered":"Restauro dell&#8217;Ex Pretura di Gallipoli, i dettagli del progetto"},"content":{"rendered":"\n<p>La Giunta comunale di Gallipoli ha recentemente approvato il progetto esecutivo per il restauro conservativo e la riqualificazione dell&#8217;edificio Ex Pretura, situato nel centro storico tra il Museo civico E. Barba e la Biblioteca comunale Ex Oratorio e Chiesa di Sant&#8217;Angelo. Il progetto, finanziato con oltre 2 milioni di euro dai fondi del PNRR, mira a trasformare l&#8217;ex Pretura nella \u201cCasa della Cultura\u201d, integrandola con i vicini spazi culturali. L&#8217;edificio, originariamente ricostruito nel 1690 e utilizzato come sede della Pretura fino al 1973, verr\u00e0 sottoposto a interventi su tutti i livelli, inclusi quelli architettonici, strutturali, impiantistici e di sicurezza. Le opere previste comprendono la bonifica e rimozione di vecchi arredi, la messa in sicurezza da piccoli crolli, il rifacimento della pavimentazione, il restauro delle superfici interne ed esterne, e l&#8217;installazione di un ascensore. Il sindaco Stefano Minerva ha sottolineato l&#8217;importanza del progetto per il valore aggiunto al centro storico e per l&#8217;espansione del sistema culturale della citt\u00e0. L&#8217;assessore ai Lavori Pubblici, Riccardo Cuppone, ha evidenziato il successo nel reperimento di fondi comunitari per lo sviluppo locale, con l&#8217;obiettivo di completare i lavori entro due anni. Anche il consigliere delegato al centro storico, Mino Nazaro, ha espresso entusiasmo per il progetto, che restituisce vita a un bene storico e amplifica gli spazi dedicati alla cultura.<\/p>\n\n\n\n<p>Il restauro conservativo e la riqualificazione dell&#8217;ex Pretura di Gallipoli, approvati recentemente, rappresentano un&#8217;opportunit\u00e0 significativa per l&#8217;economia del turismo della citt\u00e0. Questo progetto, finanziato con oltre 2 milioni di euro dai fondi del PNRR, mira a trasformare l&#8217;edificio storico in un centro culturale multifunzionale denominato &#8220;Casa della Cultura&#8221;. Questa trasformazione non solo valorizzer\u00e0 ulteriormente il patrimonio architettonico di Gallipoli, ma avr\u00e0 anche un impatto positivo sull&#8217;attrattivit\u00e0 turistica e sull&#8217;economia locale.<\/p>\n\n\n\n<p>Gallipoli, gi\u00e0 nota per le sue bellezze storiche e naturali, vedr\u00e0 un incremento dell&#8217;afflusso turistico grazie alla nuova &#8220;Casa della Cultura&#8221;. La possibilit\u00e0 di avere un ulteriore polo culturale, situato in una posizione strategica tra il Museo civico E. Barba e la Biblioteca comunale Ex Oratorio e Chiesa di Sant&#8217;Angelo, creer\u00e0 un itinerario culturale integrato che attirer\u00e0 visitatori interessati alla storia, all&#8217;arte e alla cultura. La diversificazione dell&#8217;offerta turistica con l&#8217;inclusione di un nuovo spazio dedicato a mostre, eventi culturali e attivit\u00e0 educative aumenter\u00e0 il tempo di permanenza dei turisti in citt\u00e0, incrementando cos\u00ec la spesa media per visitatore.<\/p>\n\n\n\n<p>L&#8217;intervento di restauro non solo valorizza un edificio storico, ma promuove anche la sostenibilit\u00e0 e l&#8217;accessibilit\u00e0. La riqualificazione prevede infatti il rifacimento della pavimentazione, il restauro delle superfici interne ed esterne e l&#8217;installazione di un ascensore, rendendo la struttura completamente accessibile a persone con disabilit\u00e0. Questo impegno verso l&#8217;inclusivit\u00e0 render\u00e0 Gallipoli una destinazione ancora pi\u00f9 attraente per un pubblico pi\u00f9 ampio, incluse le famiglie e le persone con mobilit\u00e0 ridotta, ampliando cos\u00ec la base dei potenziali visitatori.<\/p>\n\n\n\n<p>Dal punto di vista economico, il progetto di riqualificazione avr\u00e0 un effetto moltiplicatore sull&#8217;economia locale. L&#8217;aumento del flusso turistico stimoler\u00e0 la domanda per servizi locali, come ristoranti, bar, negozi, alberghi e altre strutture ricettive. Questo, a sua volta, creer\u00e0 nuove opportunit\u00e0 di lavoro e stimoler\u00e0 l&#8217;imprenditorialit\u00e0 locale, incentivando l&#8217;apertura di nuove attivit\u00e0 commerciali e migliorando quelle esistenti. Le piccole e medie imprese locali, che rappresentano una parte significativa dell&#8217;economia di Gallipoli, trarranno beneficio da un incremento della domanda di prodotti e servizi.<\/p>\n\n\n\n<p>Inoltre, l&#8217;investimento in infrastrutture culturali pu\u00f2 attirare ulteriori finanziamenti e progetti di sviluppo a lungo termine. La &#8220;Casa della Cultura&#8221; potrebbe diventare un centro di eccellenza per eventi culturali di portata regionale e nazionale, attirando artisti, studiosi e turisti da tutto il mondo. La notoriet\u00e0 derivante dall&#8217;organizzazione di mostre di rilievo, conferenze, workshop e festival culturali non solo aumenter\u00e0 la visibilit\u00e0 di Gallipoli, ma promuover\u00e0 anche la citt\u00e0 come una destinazione di riferimento per il turismo culturale. Questo posizionamento strategico contribuir\u00e0 a destagionalizzare il turismo, mitigando gli effetti della stagionalit\u00e0 e garantendo un flusso costante di visitatori durante tutto l&#8217;anno.<\/p>\n\n\n\n<p>Un&#8217;altra implicazione positiva riguarda la valorizzazione del patrimonio culturale e l&#8217;identit\u00e0 locale. La riqualificazione dell&#8217;ex Pretura e la sua integrazione con il museo civico e la biblioteca comunale rafforzeranno il senso di appartenenza della comunit\u00e0 locale, incentivando la partecipazione attiva dei cittadini alle iniziative culturali. Questo rafforzamento dell&#8217;identit\u00e0 culturale contribuir\u00e0 a creare un&#8217;immagine positiva e autentica di Gallipoli, attrattiva per i turisti in cerca di esperienze culturali genuine.<\/p>\n\n\n\n<p>Il coinvolgimento delle istituzioni educative locali in collaborazioni con la &#8220;Casa della Cultura&#8221; pu\u00f2 inoltre stimolare l&#8217;educazione e la formazione dei giovani, promuovendo la cultura e l&#8217;arte tra le nuove generazioni. Questo potr\u00e0 portare a una maggiore consapevolezza e apprezzamento del patrimonio culturale, formando futuri cittadini e professionisti che continueranno a valorizzare e promuovere Gallipoli come destinazione turistica.<\/p>\n\n\n\n<p>Infine, il successo di questo progetto potrebbe fungere da modello per altre citt\u00e0 della regione, stimolando ulteriori iniziative di riqualificazione e valorizzazione del patrimonio culturale nel Salento. L&#8217;adozione di pratiche sostenibili e la valorizzazione degli edifici storici possono diventare un esempio virtuoso, incoraggiando investimenti simili in altre aree con potenziale turistico.<\/p>\n\n\n\n<p>In conclusione, il progetto di restauro e riqualificazione dell&#8217;ex Pretura di Gallipoli ha il potenziale di generare significative ricadute positive sull&#8217;economia del turismo della citt\u00e0. L&#8217;incremento dell&#8217;attrattivit\u00e0 turistica, la valorizzazione del patrimonio culturale, l&#8217;inclusivit\u00e0, l&#8217;effetto moltiplicatore sull&#8217;economia locale e il rafforzamento dell&#8217;identit\u00e0 culturale sono tutti fattori che contribuiranno a un sviluppo sostenibile e duraturo del settore turistico di Gallipoli. La &#8220;Casa della Cultura&#8221; non sar\u00e0 solo un luogo di fruizione culturale, ma un volano per la crescita economica e sociale della comunit\u00e0, rendendo Gallipoli una destinazione sempre pi\u00f9 competitiva e attrattiva nel panorama turistico nazionale e internazionale.<\/p>\n","protected":false},"excerpt":{"rendered":"<p>La Giunta comunale di Gallipoli ha recentemente approvato il progetto esecutivo per il restauro conservativo e la riqualificazione dell&#8217;edificio Ex<\/p>\n","protected":false},"author":6,"featured_media":2213,"comment_status":"open","ping_status":"closed","sticky":false,"template":"","format":"standard","meta":{"colormag_page_container_layout":"default_layout","colormag_page_sidebar_layout":"default_layout","footnotes":""},"categories":[2],"tags":[],"class_list":["post-2212","post","type-post","status-publish","format-standard","has-post-thumbnail","hentry","category-attualita"],"yoast_head":"<!-- This site is optimized with the Yoast SEO plugin v27.5 - https:\/\/yoast.com\/product\/yoast-seo-wordpress\/ -->\n<title>Restauro dell&#039;Ex Pretura di Gallipoli, i dettagli del progetto - La Voce del Paese<\/title>\n<meta name=\"robots\" content=\"index, follow, max-snippet:-1, max-image-preview:large, max-video-preview:-1\" \/>\n<link rel=\"canonical\" href=\"https:\/\/lavocedelpaese.info\/index.php\/2024\/06\/11\/restauro-dellex-pretura-di-gallipoli-i-dettagli-del-progetto\/\" \/>\n<meta property=\"og:locale\" content=\"it_IT\" \/>\n<meta property=\"og:type\" content=\"article\" \/>\n<meta property=\"og:title\" content=\"Restauro dell&#039;Ex Pretura di Gallipoli, i dettagli del progetto - La Voce del Paese\" \/>\n<meta property=\"og:description\" content=\"La Giunta comunale di Gallipoli ha recentemente approvato il progetto esecutivo per il restauro conservativo e la riqualificazione dell&#8217;edificio Ex\" \/>\n<meta property=\"og:url\" content=\"https:\/\/lavocedelpaese.info\/index.php\/2024\/06\/11\/restauro-dellex-pretura-di-gallipoli-i-dettagli-del-progetto\/\" \/>\n<meta property=\"og:site_name\" content=\"La Voce del Paese\" \/>\n<meta property=\"article:publisher\" content=\"https:\/\/www.facebook.com\/lavocedelpaese.info\" \/>\n<meta property=\"article:published_time\" content=\"2024-06-11T22:30:39+00:00\" \/>\n<meta property=\"article:modified_time\" content=\"2024-06-11T22:30:40+00:00\" \/>\n<meta property=\"og:image\" content=\"https:\/\/lavocedelpaese.info\/wp-content\/uploads\/2024\/06\/Ex-Pretura-Lecce.jpeg\" \/>\n\t<meta property=\"og:image:width\" content=\"1000\" \/>\n\t<meta property=\"og:image:height\" content=\"563\" \/>\n\t<meta property=\"og:image:type\" content=\"image\/jpeg\" \/>\n<meta name=\"author\" content=\"admin\" \/>\n<meta name=\"twitter:card\" content=\"summary_large_image\" \/>\n<meta name=\"twitter:label1\" content=\"Scritto da\" \/>\n\t<meta name=\"twitter:data1\" content=\"admin\" \/>\n\t<meta name=\"twitter:label2\" content=\"Tempo di lettura stimato\" \/>\n\t<meta name=\"twitter:data2\" content=\"6 minuti\" \/>\n<script type=\"application\/ld+json\" class=\"yoast-schema-graph\">{\"@context\":\"https:\\\/\\\/schema.org\",\"@graph\":[{\"@type\":\"Article\",\"@id\":\"https:\\\/\\\/lavocedelpaese.info\\\/index.php\\\/2024\\\/06\\\/11\\\/restauro-dellex-pretura-di-gallipoli-i-dettagli-del-progetto\\\/#article\",\"isPartOf\":{\"@id\":\"https:\\\/\\\/lavocedelpaese.info\\\/index.php\\\/2024\\\/06\\\/11\\\/restauro-dellex-pretura-di-gallipoli-i-dettagli-del-progetto\\\/\"},\"author\":{\"name\":\"admin\",\"@id\":\"https:\\\/\\\/lavocedelpaese.info\\\/#\\\/schema\\\/person\\\/ec151d321306bd7591f7a061abf72d88\"},\"headline\":\"Restauro dell&#8217;Ex Pretura di Gallipoli, i dettagli del progetto\",\"datePublished\":\"2024-06-11T22:30:39+00:00\",\"dateModified\":\"2024-06-11T22:30:40+00:00\",\"mainEntityOfPage\":{\"@id\":\"https:\\\/\\\/lavocedelpaese.info\\\/index.php\\\/2024\\\/06\\\/11\\\/restauro-dellex-pretura-di-gallipoli-i-dettagli-del-progetto\\\/\"},\"wordCount\":970,\"commentCount\":0,\"publisher\":{\"@id\":\"https:\\\/\\\/lavocedelpaese.info\\\/#organization\"},\"image\":{\"@id\":\"https:\\\/\\\/lavocedelpaese.info\\\/index.php\\\/2024\\\/06\\\/11\\\/restauro-dellex-pretura-di-gallipoli-i-dettagli-del-progetto\\\/#primaryimage\"},\"thumbnailUrl\":\"https:\\\/\\\/lavocedelpaese.info\\\/wp-content\\\/uploads\\\/2024\\\/06\\\/Ex-Pretura-Lecce.jpeg\",\"articleSection\":[\"Attualit\u00e0\"],\"inLanguage\":\"it-IT\",\"potentialAction\":[{\"@type\":\"CommentAction\",\"name\":\"Comment\",\"target\":[\"https:\\\/\\\/lavocedelpaese.info\\\/index.php\\\/2024\\\/06\\\/11\\\/restauro-dellex-pretura-di-gallipoli-i-dettagli-del-progetto\\\/#respond\"]}]},{\"@type\":\"WebPage\",\"@id\":\"https:\\\/\\\/lavocedelpaese.info\\\/index.php\\\/2024\\\/06\\\/11\\\/restauro-dellex-pretura-di-gallipoli-i-dettagli-del-progetto\\\/\",\"url\":\"https:\\\/\\\/lavocedelpaese.info\\\/index.php\\\/2024\\\/06\\\/11\\\/restauro-dellex-pretura-di-gallipoli-i-dettagli-del-progetto\\\/\",\"name\":\"Restauro dell'Ex Pretura di Gallipoli, i dettagli del progetto - La Voce del Paese\",\"isPartOf\":{\"@id\":\"https:\\\/\\\/lavocedelpaese.info\\\/#website\"},\"primaryImageOfPage\":{\"@id\":\"https:\\\/\\\/lavocedelpaese.info\\\/index.php\\\/2024\\\/06\\\/11\\\/restauro-dellex-pretura-di-gallipoli-i-dettagli-del-progetto\\\/#primaryimage\"},\"image\":{\"@id\":\"https:\\\/\\\/lavocedelpaese.info\\\/index.php\\\/2024\\\/06\\\/11\\\/restauro-dellex-pretura-di-gallipoli-i-dettagli-del-progetto\\\/#primaryimage\"},\"thumbnailUrl\":\"https:\\\/\\\/lavocedelpaese.info\\\/wp-content\\\/uploads\\\/2024\\\/06\\\/Ex-Pretura-Lecce.jpeg\",\"datePublished\":\"2024-06-11T22:30:39+00:00\",\"dateModified\":\"2024-06-11T22:30:40+00:00\",\"breadcrumb\":{\"@id\":\"https:\\\/\\\/lavocedelpaese.info\\\/index.php\\\/2024\\\/06\\\/11\\\/restauro-dellex-pretura-di-gallipoli-i-dettagli-del-progetto\\\/#breadcrumb\"},\"inLanguage\":\"it-IT\",\"potentialAction\":[{\"@type\":\"ReadAction\",\"target\":[\"https:\\\/\\\/lavocedelpaese.info\\\/index.php\\\/2024\\\/06\\\/11\\\/restauro-dellex-pretura-di-gallipoli-i-dettagli-del-progetto\\\/\"]}]},{\"@type\":\"ImageObject\",\"inLanguage\":\"it-IT\",\"@id\":\"https:\\\/\\\/lavocedelpaese.info\\\/index.php\\\/2024\\\/06\\\/11\\\/restauro-dellex-pretura-di-gallipoli-i-dettagli-del-progetto\\\/#primaryimage\",\"url\":\"https:\\\/\\\/lavocedelpaese.info\\\/wp-content\\\/uploads\\\/2024\\\/06\\\/Ex-Pretura-Lecce.jpeg\",\"contentUrl\":\"https:\\\/\\\/lavocedelpaese.info\\\/wp-content\\\/uploads\\\/2024\\\/06\\\/Ex-Pretura-Lecce.jpeg\",\"width\":1000,\"height\":563},{\"@type\":\"BreadcrumbList\",\"@id\":\"https:\\\/\\\/lavocedelpaese.info\\\/index.php\\\/2024\\\/06\\\/11\\\/restauro-dellex-pretura-di-gallipoli-i-dettagli-del-progetto\\\/#breadcrumb\",\"itemListElement\":[{\"@type\":\"ListItem\",\"position\":1,\"name\":\"Home\",\"item\":\"https:\\\/\\\/lavocedelpaese.info\\\/\"},{\"@type\":\"ListItem\",\"position\":2,\"name\":\"Restauro dell&#8217;Ex Pretura di Gallipoli, i dettagli del progetto\"}]},{\"@type\":\"WebSite\",\"@id\":\"https:\\\/\\\/lavocedelpaese.info\\\/#website\",\"url\":\"https:\\\/\\\/lavocedelpaese.info\\\/\",\"name\":\"La Voce del Paese\",\"description\":\"Un network di idee\",\"publisher\":{\"@id\":\"https:\\\/\\\/lavocedelpaese.info\\\/#organization\"},\"potentialAction\":[{\"@type\":\"SearchAction\",\"target\":{\"@type\":\"EntryPoint\",\"urlTemplate\":\"https:\\\/\\\/lavocedelpaese.info\\\/?s={search_term_string}\"},\"query-input\":{\"@type\":\"PropertyValueSpecification\",\"valueRequired\":true,\"valueName\":\"search_term_string\"}}],\"inLanguage\":\"it-IT\"},{\"@type\":\"Organization\",\"@id\":\"https:\\\/\\\/lavocedelpaese.info\\\/#organization\",\"name\":\"La Voce del Paese\",\"url\":\"https:\\\/\\\/lavocedelpaese.info\\\/\",\"logo\":{\"@type\":\"ImageObject\",\"inLanguage\":\"it-IT\",\"@id\":\"https:\\\/\\\/lavocedelpaese.info\\\/#\\\/schema\\\/logo\\\/image\\\/\",\"url\":\"https:\\\/\\\/lavocedelpaese.info\\\/wp-content\\\/uploads\\\/2023\\\/01\\\/cropped-logo-150-127.png\",\"contentUrl\":\"https:\\\/\\\/lavocedelpaese.info\\\/wp-content\\\/uploads\\\/2023\\\/01\\\/cropped-logo-150-127.png\",\"width\":137,\"height\":119,\"caption\":\"La Voce del Paese\"},\"image\":{\"@id\":\"https:\\\/\\\/lavocedelpaese.info\\\/#\\\/schema\\\/logo\\\/image\\\/\"},\"sameAs\":[\"https:\\\/\\\/www.facebook.com\\\/lavocedelpaese.info\"]},{\"@type\":\"Person\",\"@id\":\"https:\\\/\\\/lavocedelpaese.info\\\/#\\\/schema\\\/person\\\/ec151d321306bd7591f7a061abf72d88\",\"name\":\"admin\",\"image\":{\"@type\":\"ImageObject\",\"inLanguage\":\"it-IT\",\"@id\":\"https:\\\/\\\/secure.gravatar.com\\\/avatar\\\/af8f2caf0663124588de48a9380e07cbc95a74ef15b8062d0d39106c32fe3023?s=96&d=mm&r=g\",\"url\":\"https:\\\/\\\/secure.gravatar.com\\\/avatar\\\/af8f2caf0663124588de48a9380e07cbc95a74ef15b8062d0d39106c32fe3023?s=96&d=mm&r=g\",\"contentUrl\":\"https:\\\/\\\/secure.gravatar.com\\\/avatar\\\/af8f2caf0663124588de48a9380e07cbc95a74ef15b8062d0d39106c32fe3023?s=96&d=mm&r=g\",\"caption\":\"admin\"},\"sameAs\":[\"https:\\\/\\\/lavocedelpaese.info\"],\"url\":\"https:\\\/\\\/lavocedelpaese.info\\\/index.php\\\/author\\\/admin\\\/\"}]}<\/script>\n<!-- \/ Yoast SEO plugin. -->","yoast_head_json":{"title":"Restauro dell'Ex Pretura di Gallipoli, i dettagli del progetto - La Voce del Paese","robots":{"index":"index","follow":"follow","max-snippet":"max-snippet:-1","max-image-preview":"max-image-preview:large","max-video-preview":"max-video-preview:-1"},"canonical":"https:\/\/lavocedelpaese.info\/index.php\/2024\/06\/11\/restauro-dellex-pretura-di-gallipoli-i-dettagli-del-progetto\/","og_locale":"it_IT","og_type":"article","og_title":"Restauro dell'Ex Pretura di Gallipoli, i dettagli del progetto - La Voce del Paese","og_description":"La Giunta comunale di Gallipoli ha recentemente approvato il progetto esecutivo per il restauro conservativo e la riqualificazione dell&#8217;edificio Ex","og_url":"https:\/\/lavocedelpaese.info\/index.php\/2024\/06\/11\/restauro-dellex-pretura-di-gallipoli-i-dettagli-del-progetto\/","og_site_name":"La Voce del Paese","article_publisher":"https:\/\/www.facebook.com\/lavocedelpaese.info","article_published_time":"2024-06-11T22:30:39+00:00","article_modified_time":"2024-06-11T22:30:40+00:00","og_image":[{"width":1000,"height":563,"url":"https:\/\/lavocedelpaese.info\/wp-content\/uploads\/2024\/06\/Ex-Pretura-Lecce.jpeg","type":"image\/jpeg"}],"author":"admin","twitter_card":"summary_large_image","twitter_misc":{"Scritto da":"admin","Tempo di lettura stimato":"6 minuti"},"schema":{"@context":"https:\/\/schema.org","@graph":[{"@type":"Article","@id":"https:\/\/lavocedelpaese.info\/index.php\/2024\/06\/11\/restauro-dellex-pretura-di-gallipoli-i-dettagli-del-progetto\/#article","isPartOf":{"@id":"https:\/\/lavocedelpaese.info\/index.php\/2024\/06\/11\/restauro-dellex-pretura-di-gallipoli-i-dettagli-del-progetto\/"},"author":{"name":"admin","@id":"https:\/\/lavocedelpaese.info\/#\/schema\/person\/ec151d321306bd7591f7a061abf72d88"},"headline":"Restauro dell&#8217;Ex Pretura di Gallipoli, i dettagli del progetto","datePublished":"2024-06-11T22:30:39+00:00","dateModified":"2024-06-11T22:30:40+00:00","mainEntityOfPage":{"@id":"https:\/\/lavocedelpaese.info\/index.php\/2024\/06\/11\/restauro-dellex-pretura-di-gallipoli-i-dettagli-del-progetto\/"},"wordCount":970,"commentCount":0,"publisher":{"@id":"https:\/\/lavocedelpaese.info\/#organization"},"image":{"@id":"https:\/\/lavocedelpaese.info\/index.php\/2024\/06\/11\/restauro-dellex-pretura-di-gallipoli-i-dettagli-del-progetto\/#primaryimage"},"thumbnailUrl":"https:\/\/lavocedelpaese.info\/wp-content\/uploads\/2024\/06\/Ex-Pretura-Lecce.jpeg","articleSection":["Attualit\u00e0"],"inLanguage":"it-IT","potentialAction":[{"@type":"CommentAction","name":"Comment","target":["https:\/\/lavocedelpaese.info\/index.php\/2024\/06\/11\/restauro-dellex-pretura-di-gallipoli-i-dettagli-del-progetto\/#respond"]}]},{"@type":"WebPage","@id":"https:\/\/lavocedelpaese.info\/index.php\/2024\/06\/11\/restauro-dellex-pretura-di-gallipoli-i-dettagli-del-progetto\/","url":"https:\/\/lavocedelpaese.info\/index.php\/2024\/06\/11\/restauro-dellex-pretura-di-gallipoli-i-dettagli-del-progetto\/","name":"Restauro dell'Ex Pretura di Gallipoli, i dettagli del progetto - La Voce del Paese","isPartOf":{"@id":"https:\/\/lavocedelpaese.info\/#website"},"primaryImageOfPage":{"@id":"https:\/\/lavocedelpaese.info\/index.php\/2024\/06\/11\/restauro-dellex-pretura-di-gallipoli-i-dettagli-del-progetto\/#primaryimage"},"image":{"@id":"https:\/\/lavocedelpaese.info\/index.php\/2024\/06\/11\/restauro-dellex-pretura-di-gallipoli-i-dettagli-del-progetto\/#primaryimage"},"thumbnailUrl":"https:\/\/lavocedelpaese.info\/wp-content\/uploads\/2024\/06\/Ex-Pretura-Lecce.jpeg","datePublished":"2024-06-11T22:30:39+00:00","dateModified":"2024-06-11T22:30:40+00:00","breadcrumb":{"@id":"https:\/\/lavocedelpaese.info\/index.php\/2024\/06\/11\/restauro-dellex-pretura-di-gallipoli-i-dettagli-del-progetto\/#breadcrumb"},"inLanguage":"it-IT","potentialAction":[{"@type":"ReadAction","target":["https:\/\/lavocedelpaese.info\/index.php\/2024\/06\/11\/restauro-dellex-pretura-di-gallipoli-i-dettagli-del-progetto\/"]}]},{"@type":"ImageObject","inLanguage":"it-IT","@id":"https:\/\/lavocedelpaese.info\/index.php\/2024\/06\/11\/restauro-dellex-pretura-di-gallipoli-i-dettagli-del-progetto\/#primaryimage","url":"https:\/\/lavocedelpaese.info\/wp-content\/uploads\/2024\/06\/Ex-Pretura-Lecce.jpeg","contentUrl":"https:\/\/lavocedelpaese.info\/wp-content\/uploads\/2024\/06\/Ex-Pretura-Lecce.jpeg","width":1000,"height":563},{"@type":"BreadcrumbList","@id":"https:\/\/lavocedelpaese.info\/index.php\/2024\/06\/11\/restauro-dellex-pretura-di-gallipoli-i-dettagli-del-progetto\/#breadcrumb","itemListElement":[{"@type":"ListItem","position":1,"name":"Home","item":"https:\/\/lavocedelpaese.info\/"},{"@type":"ListItem","position":2,"name":"Restauro dell&#8217;Ex Pretura di Gallipoli, i dettagli del progetto"}]},{"@type":"WebSite","@id":"https:\/\/lavocedelpaese.info\/#website","url":"https:\/\/lavocedelpaese.info\/","name":"La Voce del Paese","description":"Un network di idee","publisher":{"@id":"https:\/\/lavocedelpaese.info\/#organization"},"potentialAction":[{"@type":"SearchAction","target":{"@type":"EntryPoint","urlTemplate":"https:\/\/lavocedelpaese.info\/?s={search_term_string}"},"query-input":{"@type":"PropertyValueSpecification","valueRequired":true,"valueName":"search_term_string"}}],"inLanguage":"it-IT"},{"@type":"Organization","@id":"https:\/\/lavocedelpaese.info\/#organization","name":"La Voce del Paese","url":"https:\/\/lavocedelpaese.info\/","logo":{"@type":"ImageObject","inLanguage":"it-IT","@id":"https:\/\/lavocedelpaese.info\/#\/schema\/logo\/image\/","url":"https:\/\/lavocedelpaese.info\/wp-content\/uploads\/2023\/01\/cropped-logo-150-127.png","contentUrl":"https:\/\/lavocedelpaese.info\/wp-content\/uploads\/2023\/01\/cropped-logo-150-127.png","width":137,"height":119,"caption":"La Voce del Paese"},"image":{"@id":"https:\/\/lavocedelpaese.info\/#\/schema\/logo\/image\/"},"sameAs":["https:\/\/www.facebook.com\/lavocedelpaese.info"]},{"@type":"Person","@id":"https:\/\/lavocedelpaese.info\/#\/schema\/person\/ec151d321306bd7591f7a061abf72d88","name":"admin","image":{"@type":"ImageObject","inLanguage":"it-IT","@id":"https:\/\/secure.gravatar.com\/avatar\/af8f2caf0663124588de48a9380e07cbc95a74ef15b8062d0d39106c32fe3023?s=96&d=mm&r=g","url":"https:\/\/secure.gravatar.com\/avatar\/af8f2caf0663124588de48a9380e07cbc95a74ef15b8062d0d39106c32fe3023?s=96&d=mm&r=g","contentUrl":"https:\/\/secure.gravatar.com\/avatar\/af8f2caf0663124588de48a9380e07cbc95a74ef15b8062d0d39106c32fe3023?s=96&d=mm&r=g","caption":"admin"},"sameAs":["https:\/\/lavocedelpaese.info"],"url":"https:\/\/lavocedelpaese.info\/index.php\/author\/admin\/"}]}},"_links":{"self":[{"href":"https:\/\/lavocedelpaese.info\/index.php\/wp-json\/wp\/v2\/posts\/2212","targetHints":{"allow":["GET"]}}],"collection":[{"href":"https:\/\/lavocedelpaese.info\/index.php\/wp-json\/wp\/v2\/posts"}],"about":[{"href":"https:\/\/lavocedelpaese.info\/index.php\/wp-json\/wp\/v2\/types\/post"}],"author":[{"embeddable":true,"href":"https:\/\/lavocedelpaese.info\/index.php\/wp-json\/wp\/v2\/users\/6"}],"replies":[{"embeddable":true,"href":"https:\/\/lavocedelpaese.info\/index.php\/wp-json\/wp\/v2\/comments?post=2212"}],"version-history":[{"count":1,"href":"https:\/\/lavocedelpaese.info\/index.php\/wp-json\/wp\/v2\/posts\/2212\/revisions"}],"predecessor-version":[{"id":2214,"href":"https:\/\/lavocedelpaese.info\/index.php\/wp-json\/wp\/v2\/posts\/2212\/revisions\/2214"}],"wp:featuredmedia":[{"embeddable":true,"href":"https:\/\/lavocedelpaese.info\/index.php\/wp-json\/wp\/v2\/media\/2213"}],"wp:attachment":[{"href":"https:\/\/lavocedelpaese.info\/index.php\/wp-json\/wp\/v2\/media?parent=2212"}],"wp:term":[{"taxonomy":"category","embeddable":true,"href":"https:\/\/lavocedelpaese.info\/index.php\/wp-json\/wp\/v2\/categories?post=2212"},{"taxonomy":"post_tag","embeddable":true,"href":"https:\/\/lavocedelpaese.info\/index.php\/wp-json\/wp\/v2\/tags?post=2212"}],"curies":[{"name":"wp","href":"https:\/\/api.w.org\/{rel}","templated":true}]}}