{"id":2204,"date":"2024-06-11T22:24:50","date_gmt":"2024-06-11T22:24:50","guid":{"rendered":"https:\/\/lavocedelpaese.info\/?p=2204"},"modified":"2024-06-11T22:24:52","modified_gmt":"2024-06-11T22:24:52","slug":"vandalizzati-i-manifesti-elettorali-di-giorgia-meloni","status":"publish","type":"post","link":"https:\/\/lavocedelpaese.info\/index.php\/2024\/06\/11\/vandalizzati-i-manifesti-elettorali-di-giorgia-meloni\/","title":{"rendered":"Vandalizzati i manifesti elettorali di Giorgia Meloni"},"content":{"rendered":"\n<p>La recente vandalizzazione dei manifesti elettorali di Giorgia Meloni a Spongano, in cui il volto della premier \u00e8 stato lacerato, ha sollevato importanti riflessioni sulle implicazioni per la democrazia e la rappresentativit\u00e0 politica. Questo atto di vandalismo non solo rappresenta un attacco alla libert\u00e0 di espressione, ma solleva anche preoccupazioni pi\u00f9 ampie riguardo alla salute del dibattito politico e alla protezione dei diritti democratici fondamentali.<\/p>\n\n\n\n<p>La libert\u00e0 di espressione \u00e8 uno dei pilastri fondamentali di una democrazia funzionante. Gli atti di vandalismo contro i manifesti elettorali rappresentano una violazione di questo principio, in quanto mirano a silenziare o distorcere il messaggio politico di una parte. La distruzione dei manifesti elettorali non solo impedisce la comunicazione tra i candidati e gli elettori, ma mina anche il diritto dei cittadini di ricevere informazioni accurate e complete per fare scelte informate.<\/p>\n\n\n\n<p>Il vandalismo politico contribuisce all&#8217;erosione del dibattito politico civile. Invece di promuovere un confronto basato su idee e programmi, questi atti di violenza simbolica incitano a una cultura di intolleranza e aggressivit\u00e0. Il confronto sano e costruttivo \u00e8 essenziale per il funzionamento di una democrazia, poich\u00e9 permette agli elettori di valutare le diverse proposte e visioni politiche in modo razionale e informato.<\/p>\n\n\n\n<p>Quando i manifesti di un leader politico vengono vandalizzati, si mette in discussione anche la rappresentativit\u00e0 politica. Giorgia Meloni, in quanto premier, rappresenta una figura istituzionale eletta democraticamente. Attacchi contro di lei o il suo partito possono essere percepiti come un attacco contro le istituzioni democratiche stesse. Questo pu\u00f2 alimentare un clima di sfiducia e disillusione tra gli elettori, riducendo la partecipazione politica e indebolendo la legittimit\u00e0 delle elezioni.<\/p>\n\n\n\n<p>\u00c8 fondamentale che le istituzioni democratiche garantiscano la protezione dei diritti di tutti i partecipanti al processo elettorale. Questo include non solo i candidati e i partiti politici, ma anche gli elettori. Le autorit\u00e0 devono prendere misure adeguate per prevenire e punire atti di vandalismo politico, assicurando che tali gesti non rimangano impuniti. La giustizia rapida e visibile \u00e8 necessaria per dissuadere ulteriori atti di vandalismo e mantenere la fiducia nelle istituzioni democratiche.<\/p>\n\n\n\n<p>Gli atti di vandalismo possono avere un impatto negativo sulla partecipazione elettorale. Gli elettori possono sentirsi intimiditi o scoraggiati a partecipare al processo democratico quando vedono che le campagne elettorali sono bersaglio di violenza e vandalismo. Questo \u00e8 particolarmente preoccupante in comunit\u00e0 gi\u00e0 vulnerabili o polarizzate, dove la partecipazione politica \u00e8 cruciale per garantire una rappresentanza equa e inclusiva.<\/p>\n\n\n\n<p>I media e la societ\u00e0 civile hanno un ruolo cruciale nel condannare e contrastare il vandalismo politico. La copertura mediatica deve essere imparziale e obiettiva, riportando gli atti di vandalismo in modo che il pubblico sia informato e consapevole delle implicazioni per la democrazia. Allo stesso tempo, le organizzazioni della societ\u00e0 civile possono promuovere iniziative di educazione civica, sensibilizzando i cittadini sull&#8217;importanza del rispetto delle opinioni altrui e della tolleranza.<\/p>\n\n\n\n<p>Un aspetto fondamentale per contrastare il vandalismo politico \u00e8 l&#8217;educazione alla democrazia. Le scuole, le universit\u00e0 e le altre istituzioni educative devono incoraggiare una cultura del rispetto e del dialogo. Educare i giovani ai valori democratici e all&#8217;importanza del confronto civile pu\u00f2 contribuire a creare una societ\u00e0 pi\u00f9 tollerante e rispettosa, riducendo l&#8217;incidenza di atti di vandalismo e violenza politica.<\/p>\n\n\n\n<p>La risposta della comunit\u00e0 politica \u00e8 fondamentale per affrontare e risolvere gli atti di vandalismo. La locale sezione di Fratelli d&#8217;Italia a Spongano ha gi\u00e0 provveduto a ripristinare i manifesti vandalizzati, condannando l&#8217;atto come &#8220;incivile ed odioso&#8221;. Questa reazione dimostra una chiara presa di posizione contro il vandalismo e una volont\u00e0 di mantenere un dialogo politico rispettoso. Tuttavia, \u00e8 necessario che tutti i partiti politici si uniscano nella condanna di tali atti, indipendentemente dall&#8217;appartenenza politica, per mostrare un fronte unito a favore della democrazia e del rispetto reciproco.<\/p>\n\n\n\n<p>Gli atti di vandalismo politico possono avere implicazioni a lungo termine sulla cultura politica di una nazione. Se tali atti non vengono adeguatamente affrontati, possono diventare normalizzati, portando a un aumento della polarizzazione e della violenza politica. \u00c8 essenziale che le istituzioni democratiche, i partiti politici e la societ\u00e0 civile collaborino per creare un ambiente in cui il dibattito politico possa avvenire in modo pacifico e costruttivo.<\/p>\n\n\n\n<p>La vandalizzazione dei manifesti elettorali di Giorgia Meloni a Spongano rappresenta un serio attacco ai principi fondamentali della democrazia e della rappresentativit\u00e0 politica. Per contrastare questo fenomeno, \u00e8 necessario un impegno collettivo da parte delle autorit\u00e0, dei media, delle organizzazioni civiche e dei cittadini. Solo attraverso una condanna unanime e azioni concrete possiamo proteggere i diritti democratici e garantire un dibattito politico civile e rispettoso. La democrazia non pu\u00f2 prosperare senza il rispetto reciproco e la protezione dei diritti di tutti i partecipanti al processo politico.<\/p>\n","protected":false},"excerpt":{"rendered":"<p>La recente vandalizzazione dei manifesti elettorali di Giorgia Meloni a Spongano, in cui il volto della premier \u00e8 stato lacerato,<\/p>\n","protected":false},"author":6,"featured_media":2205,"comment_status":"open","ping_status":"closed","sticky":false,"template":"","format":"standard","meta":{"colormag_page_container_layout":"default_layout","colormag_page_sidebar_layout":"default_layout","footnotes":""},"categories":[29],"tags":[],"class_list":["post-2204","post","type-post","status-publish","format-standard","has-post-thumbnail","hentry","category-cronaca"],"yoast_head":"<!-- This site is optimized with the Yoast SEO plugin v27.5 - https:\/\/yoast.com\/product\/yoast-seo-wordpress\/ -->\n<title>Vandalizzati i manifesti elettorali di Giorgia Meloni - La Voce del Paese<\/title>\n<meta name=\"robots\" content=\"index, follow, max-snippet:-1, max-image-preview:large, max-video-preview:-1\" \/>\n<link rel=\"canonical\" href=\"https:\/\/lavocedelpaese.info\/index.php\/2024\/06\/11\/vandalizzati-i-manifesti-elettorali-di-giorgia-meloni\/\" \/>\n<meta property=\"og:locale\" content=\"it_IT\" \/>\n<meta property=\"og:type\" content=\"article\" \/>\n<meta property=\"og:title\" content=\"Vandalizzati i manifesti elettorali di Giorgia Meloni - La Voce del Paese\" \/>\n<meta property=\"og:description\" content=\"La recente vandalizzazione dei manifesti elettorali di Giorgia Meloni a Spongano, in cui il volto della premier \u00e8 stato lacerato,\" \/>\n<meta property=\"og:url\" content=\"https:\/\/lavocedelpaese.info\/index.php\/2024\/06\/11\/vandalizzati-i-manifesti-elettorali-di-giorgia-meloni\/\" \/>\n<meta property=\"og:site_name\" content=\"La Voce del Paese\" \/>\n<meta property=\"article:publisher\" content=\"https:\/\/www.facebook.com\/lavocedelpaese.info\" \/>\n<meta property=\"article:published_time\" content=\"2024-06-11T22:24:50+00:00\" \/>\n<meta property=\"article:modified_time\" content=\"2024-06-11T22:24:52+00:00\" \/>\n<meta property=\"og:image\" content=\"https:\/\/lavocedelpaese.info\/wp-content\/uploads\/2024\/06\/manifesti-elettorali-meloni.jpg\" \/>\n\t<meta property=\"og:image:width\" content=\"940\" \/>\n\t<meta property=\"og:image:height\" content=\"800\" \/>\n\t<meta property=\"og:image:type\" content=\"image\/jpeg\" \/>\n<meta name=\"author\" content=\"admin\" \/>\n<meta name=\"twitter:card\" content=\"summary_large_image\" \/>\n<meta name=\"twitter:label1\" content=\"Scritto da\" \/>\n\t<meta name=\"twitter:data1\" content=\"admin\" \/>\n\t<meta name=\"twitter:label2\" content=\"Tempo di lettura stimato\" \/>\n\t<meta name=\"twitter:data2\" content=\"5 minuti\" \/>\n<script type=\"application\/ld+json\" class=\"yoast-schema-graph\">{\"@context\":\"https:\\\/\\\/schema.org\",\"@graph\":[{\"@type\":\"Article\",\"@id\":\"https:\\\/\\\/lavocedelpaese.info\\\/index.php\\\/2024\\\/06\\\/11\\\/vandalizzati-i-manifesti-elettorali-di-giorgia-meloni\\\/#article\",\"isPartOf\":{\"@id\":\"https:\\\/\\\/lavocedelpaese.info\\\/index.php\\\/2024\\\/06\\\/11\\\/vandalizzati-i-manifesti-elettorali-di-giorgia-meloni\\\/\"},\"author\":{\"name\":\"admin\",\"@id\":\"https:\\\/\\\/lavocedelpaese.info\\\/#\\\/schema\\\/person\\\/ec151d321306bd7591f7a061abf72d88\"},\"headline\":\"Vandalizzati i manifesti elettorali di Giorgia Meloni\",\"datePublished\":\"2024-06-11T22:24:50+00:00\",\"dateModified\":\"2024-06-11T22:24:52+00:00\",\"mainEntityOfPage\":{\"@id\":\"https:\\\/\\\/lavocedelpaese.info\\\/index.php\\\/2024\\\/06\\\/11\\\/vandalizzati-i-manifesti-elettorali-di-giorgia-meloni\\\/\"},\"wordCount\":775,\"commentCount\":0,\"publisher\":{\"@id\":\"https:\\\/\\\/lavocedelpaese.info\\\/#organization\"},\"image\":{\"@id\":\"https:\\\/\\\/lavocedelpaese.info\\\/index.php\\\/2024\\\/06\\\/11\\\/vandalizzati-i-manifesti-elettorali-di-giorgia-meloni\\\/#primaryimage\"},\"thumbnailUrl\":\"https:\\\/\\\/lavocedelpaese.info\\\/wp-content\\\/uploads\\\/2024\\\/06\\\/manifesti-elettorali-meloni.jpg\",\"articleSection\":[\"Cronaca\"],\"inLanguage\":\"it-IT\",\"potentialAction\":[{\"@type\":\"CommentAction\",\"name\":\"Comment\",\"target\":[\"https:\\\/\\\/lavocedelpaese.info\\\/index.php\\\/2024\\\/06\\\/11\\\/vandalizzati-i-manifesti-elettorali-di-giorgia-meloni\\\/#respond\"]}]},{\"@type\":\"WebPage\",\"@id\":\"https:\\\/\\\/lavocedelpaese.info\\\/index.php\\\/2024\\\/06\\\/11\\\/vandalizzati-i-manifesti-elettorali-di-giorgia-meloni\\\/\",\"url\":\"https:\\\/\\\/lavocedelpaese.info\\\/index.php\\\/2024\\\/06\\\/11\\\/vandalizzati-i-manifesti-elettorali-di-giorgia-meloni\\\/\",\"name\":\"Vandalizzati i manifesti elettorali di Giorgia Meloni - La Voce del Paese\",\"isPartOf\":{\"@id\":\"https:\\\/\\\/lavocedelpaese.info\\\/#website\"},\"primaryImageOfPage\":{\"@id\":\"https:\\\/\\\/lavocedelpaese.info\\\/index.php\\\/2024\\\/06\\\/11\\\/vandalizzati-i-manifesti-elettorali-di-giorgia-meloni\\\/#primaryimage\"},\"image\":{\"@id\":\"https:\\\/\\\/lavocedelpaese.info\\\/index.php\\\/2024\\\/06\\\/11\\\/vandalizzati-i-manifesti-elettorali-di-giorgia-meloni\\\/#primaryimage\"},\"thumbnailUrl\":\"https:\\\/\\\/lavocedelpaese.info\\\/wp-content\\\/uploads\\\/2024\\\/06\\\/manifesti-elettorali-meloni.jpg\",\"datePublished\":\"2024-06-11T22:24:50+00:00\",\"dateModified\":\"2024-06-11T22:24:52+00:00\",\"breadcrumb\":{\"@id\":\"https:\\\/\\\/lavocedelpaese.info\\\/index.php\\\/2024\\\/06\\\/11\\\/vandalizzati-i-manifesti-elettorali-di-giorgia-meloni\\\/#breadcrumb\"},\"inLanguage\":\"it-IT\",\"potentialAction\":[{\"@type\":\"ReadAction\",\"target\":[\"https:\\\/\\\/lavocedelpaese.info\\\/index.php\\\/2024\\\/06\\\/11\\\/vandalizzati-i-manifesti-elettorali-di-giorgia-meloni\\\/\"]}]},{\"@type\":\"ImageObject\",\"inLanguage\":\"it-IT\",\"@id\":\"https:\\\/\\\/lavocedelpaese.info\\\/index.php\\\/2024\\\/06\\\/11\\\/vandalizzati-i-manifesti-elettorali-di-giorgia-meloni\\\/#primaryimage\",\"url\":\"https:\\\/\\\/lavocedelpaese.info\\\/wp-content\\\/uploads\\\/2024\\\/06\\\/manifesti-elettorali-meloni.jpg\",\"contentUrl\":\"https:\\\/\\\/lavocedelpaese.info\\\/wp-content\\\/uploads\\\/2024\\\/06\\\/manifesti-elettorali-meloni.jpg\",\"width\":940,\"height\":800},{\"@type\":\"BreadcrumbList\",\"@id\":\"https:\\\/\\\/lavocedelpaese.info\\\/index.php\\\/2024\\\/06\\\/11\\\/vandalizzati-i-manifesti-elettorali-di-giorgia-meloni\\\/#breadcrumb\",\"itemListElement\":[{\"@type\":\"ListItem\",\"position\":1,\"name\":\"Home\",\"item\":\"https:\\\/\\\/lavocedelpaese.info\\\/\"},{\"@type\":\"ListItem\",\"position\":2,\"name\":\"Vandalizzati i manifesti elettorali di Giorgia Meloni\"}]},{\"@type\":\"WebSite\",\"@id\":\"https:\\\/\\\/lavocedelpaese.info\\\/#website\",\"url\":\"https:\\\/\\\/lavocedelpaese.info\\\/\",\"name\":\"La Voce del Paese\",\"description\":\"Un network di idee\",\"publisher\":{\"@id\":\"https:\\\/\\\/lavocedelpaese.info\\\/#organization\"},\"potentialAction\":[{\"@type\":\"SearchAction\",\"target\":{\"@type\":\"EntryPoint\",\"urlTemplate\":\"https:\\\/\\\/lavocedelpaese.info\\\/?s={search_term_string}\"},\"query-input\":{\"@type\":\"PropertyValueSpecification\",\"valueRequired\":true,\"valueName\":\"search_term_string\"}}],\"inLanguage\":\"it-IT\"},{\"@type\":\"Organization\",\"@id\":\"https:\\\/\\\/lavocedelpaese.info\\\/#organization\",\"name\":\"La Voce del Paese\",\"url\":\"https:\\\/\\\/lavocedelpaese.info\\\/\",\"logo\":{\"@type\":\"ImageObject\",\"inLanguage\":\"it-IT\",\"@id\":\"https:\\\/\\\/lavocedelpaese.info\\\/#\\\/schema\\\/logo\\\/image\\\/\",\"url\":\"https:\\\/\\\/lavocedelpaese.info\\\/wp-content\\\/uploads\\\/2023\\\/01\\\/cropped-logo-150-127.png\",\"contentUrl\":\"https:\\\/\\\/lavocedelpaese.info\\\/wp-content\\\/uploads\\\/2023\\\/01\\\/cropped-logo-150-127.png\",\"width\":137,\"height\":119,\"caption\":\"La Voce del Paese\"},\"image\":{\"@id\":\"https:\\\/\\\/lavocedelpaese.info\\\/#\\\/schema\\\/logo\\\/image\\\/\"},\"sameAs\":[\"https:\\\/\\\/www.facebook.com\\\/lavocedelpaese.info\"]},{\"@type\":\"Person\",\"@id\":\"https:\\\/\\\/lavocedelpaese.info\\\/#\\\/schema\\\/person\\\/ec151d321306bd7591f7a061abf72d88\",\"name\":\"admin\",\"image\":{\"@type\":\"ImageObject\",\"inLanguage\":\"it-IT\",\"@id\":\"https:\\\/\\\/secure.gravatar.com\\\/avatar\\\/af8f2caf0663124588de48a9380e07cbc95a74ef15b8062d0d39106c32fe3023?s=96&d=mm&r=g\",\"url\":\"https:\\\/\\\/secure.gravatar.com\\\/avatar\\\/af8f2caf0663124588de48a9380e07cbc95a74ef15b8062d0d39106c32fe3023?s=96&d=mm&r=g\",\"contentUrl\":\"https:\\\/\\\/secure.gravatar.com\\\/avatar\\\/af8f2caf0663124588de48a9380e07cbc95a74ef15b8062d0d39106c32fe3023?s=96&d=mm&r=g\",\"caption\":\"admin\"},\"sameAs\":[\"https:\\\/\\\/lavocedelpaese.info\"],\"url\":\"https:\\\/\\\/lavocedelpaese.info\\\/index.php\\\/author\\\/admin\\\/\"}]}<\/script>\n<!-- \/ Yoast SEO plugin. -->","yoast_head_json":{"title":"Vandalizzati i manifesti elettorali di Giorgia Meloni - La Voce del Paese","robots":{"index":"index","follow":"follow","max-snippet":"max-snippet:-1","max-image-preview":"max-image-preview:large","max-video-preview":"max-video-preview:-1"},"canonical":"https:\/\/lavocedelpaese.info\/index.php\/2024\/06\/11\/vandalizzati-i-manifesti-elettorali-di-giorgia-meloni\/","og_locale":"it_IT","og_type":"article","og_title":"Vandalizzati i manifesti elettorali di Giorgia Meloni - La Voce del Paese","og_description":"La recente vandalizzazione dei manifesti elettorali di Giorgia Meloni a Spongano, in cui il volto della premier \u00e8 stato lacerato,","og_url":"https:\/\/lavocedelpaese.info\/index.php\/2024\/06\/11\/vandalizzati-i-manifesti-elettorali-di-giorgia-meloni\/","og_site_name":"La Voce del Paese","article_publisher":"https:\/\/www.facebook.com\/lavocedelpaese.info","article_published_time":"2024-06-11T22:24:50+00:00","article_modified_time":"2024-06-11T22:24:52+00:00","og_image":[{"width":940,"height":800,"url":"https:\/\/lavocedelpaese.info\/wp-content\/uploads\/2024\/06\/manifesti-elettorali-meloni.jpg","type":"image\/jpeg"}],"author":"admin","twitter_card":"summary_large_image","twitter_misc":{"Scritto da":"admin","Tempo di lettura stimato":"5 minuti"},"schema":{"@context":"https:\/\/schema.org","@graph":[{"@type":"Article","@id":"https:\/\/lavocedelpaese.info\/index.php\/2024\/06\/11\/vandalizzati-i-manifesti-elettorali-di-giorgia-meloni\/#article","isPartOf":{"@id":"https:\/\/lavocedelpaese.info\/index.php\/2024\/06\/11\/vandalizzati-i-manifesti-elettorali-di-giorgia-meloni\/"},"author":{"name":"admin","@id":"https:\/\/lavocedelpaese.info\/#\/schema\/person\/ec151d321306bd7591f7a061abf72d88"},"headline":"Vandalizzati i manifesti elettorali di Giorgia Meloni","datePublished":"2024-06-11T22:24:50+00:00","dateModified":"2024-06-11T22:24:52+00:00","mainEntityOfPage":{"@id":"https:\/\/lavocedelpaese.info\/index.php\/2024\/06\/11\/vandalizzati-i-manifesti-elettorali-di-giorgia-meloni\/"},"wordCount":775,"commentCount":0,"publisher":{"@id":"https:\/\/lavocedelpaese.info\/#organization"},"image":{"@id":"https:\/\/lavocedelpaese.info\/index.php\/2024\/06\/11\/vandalizzati-i-manifesti-elettorali-di-giorgia-meloni\/#primaryimage"},"thumbnailUrl":"https:\/\/lavocedelpaese.info\/wp-content\/uploads\/2024\/06\/manifesti-elettorali-meloni.jpg","articleSection":["Cronaca"],"inLanguage":"it-IT","potentialAction":[{"@type":"CommentAction","name":"Comment","target":["https:\/\/lavocedelpaese.info\/index.php\/2024\/06\/11\/vandalizzati-i-manifesti-elettorali-di-giorgia-meloni\/#respond"]}]},{"@type":"WebPage","@id":"https:\/\/lavocedelpaese.info\/index.php\/2024\/06\/11\/vandalizzati-i-manifesti-elettorali-di-giorgia-meloni\/","url":"https:\/\/lavocedelpaese.info\/index.php\/2024\/06\/11\/vandalizzati-i-manifesti-elettorali-di-giorgia-meloni\/","name":"Vandalizzati i manifesti elettorali di Giorgia Meloni - La Voce del Paese","isPartOf":{"@id":"https:\/\/lavocedelpaese.info\/#website"},"primaryImageOfPage":{"@id":"https:\/\/lavocedelpaese.info\/index.php\/2024\/06\/11\/vandalizzati-i-manifesti-elettorali-di-giorgia-meloni\/#primaryimage"},"image":{"@id":"https:\/\/lavocedelpaese.info\/index.php\/2024\/06\/11\/vandalizzati-i-manifesti-elettorali-di-giorgia-meloni\/#primaryimage"},"thumbnailUrl":"https:\/\/lavocedelpaese.info\/wp-content\/uploads\/2024\/06\/manifesti-elettorali-meloni.jpg","datePublished":"2024-06-11T22:24:50+00:00","dateModified":"2024-06-11T22:24:52+00:00","breadcrumb":{"@id":"https:\/\/lavocedelpaese.info\/index.php\/2024\/06\/11\/vandalizzati-i-manifesti-elettorali-di-giorgia-meloni\/#breadcrumb"},"inLanguage":"it-IT","potentialAction":[{"@type":"ReadAction","target":["https:\/\/lavocedelpaese.info\/index.php\/2024\/06\/11\/vandalizzati-i-manifesti-elettorali-di-giorgia-meloni\/"]}]},{"@type":"ImageObject","inLanguage":"it-IT","@id":"https:\/\/lavocedelpaese.info\/index.php\/2024\/06\/11\/vandalizzati-i-manifesti-elettorali-di-giorgia-meloni\/#primaryimage","url":"https:\/\/lavocedelpaese.info\/wp-content\/uploads\/2024\/06\/manifesti-elettorali-meloni.jpg","contentUrl":"https:\/\/lavocedelpaese.info\/wp-content\/uploads\/2024\/06\/manifesti-elettorali-meloni.jpg","width":940,"height":800},{"@type":"BreadcrumbList","@id":"https:\/\/lavocedelpaese.info\/index.php\/2024\/06\/11\/vandalizzati-i-manifesti-elettorali-di-giorgia-meloni\/#breadcrumb","itemListElement":[{"@type":"ListItem","position":1,"name":"Home","item":"https:\/\/lavocedelpaese.info\/"},{"@type":"ListItem","position":2,"name":"Vandalizzati i manifesti elettorali di Giorgia Meloni"}]},{"@type":"WebSite","@id":"https:\/\/lavocedelpaese.info\/#website","url":"https:\/\/lavocedelpaese.info\/","name":"La Voce del Paese","description":"Un network di idee","publisher":{"@id":"https:\/\/lavocedelpaese.info\/#organization"},"potentialAction":[{"@type":"SearchAction","target":{"@type":"EntryPoint","urlTemplate":"https:\/\/lavocedelpaese.info\/?s={search_term_string}"},"query-input":{"@type":"PropertyValueSpecification","valueRequired":true,"valueName":"search_term_string"}}],"inLanguage":"it-IT"},{"@type":"Organization","@id":"https:\/\/lavocedelpaese.info\/#organization","name":"La Voce del Paese","url":"https:\/\/lavocedelpaese.info\/","logo":{"@type":"ImageObject","inLanguage":"it-IT","@id":"https:\/\/lavocedelpaese.info\/#\/schema\/logo\/image\/","url":"https:\/\/lavocedelpaese.info\/wp-content\/uploads\/2023\/01\/cropped-logo-150-127.png","contentUrl":"https:\/\/lavocedelpaese.info\/wp-content\/uploads\/2023\/01\/cropped-logo-150-127.png","width":137,"height":119,"caption":"La Voce del Paese"},"image":{"@id":"https:\/\/lavocedelpaese.info\/#\/schema\/logo\/image\/"},"sameAs":["https:\/\/www.facebook.com\/lavocedelpaese.info"]},{"@type":"Person","@id":"https:\/\/lavocedelpaese.info\/#\/schema\/person\/ec151d321306bd7591f7a061abf72d88","name":"admin","image":{"@type":"ImageObject","inLanguage":"it-IT","@id":"https:\/\/secure.gravatar.com\/avatar\/af8f2caf0663124588de48a9380e07cbc95a74ef15b8062d0d39106c32fe3023?s=96&d=mm&r=g","url":"https:\/\/secure.gravatar.com\/avatar\/af8f2caf0663124588de48a9380e07cbc95a74ef15b8062d0d39106c32fe3023?s=96&d=mm&r=g","contentUrl":"https:\/\/secure.gravatar.com\/avatar\/af8f2caf0663124588de48a9380e07cbc95a74ef15b8062d0d39106c32fe3023?s=96&d=mm&r=g","caption":"admin"},"sameAs":["https:\/\/lavocedelpaese.info"],"url":"https:\/\/lavocedelpaese.info\/index.php\/author\/admin\/"}]}},"_links":{"self":[{"href":"https:\/\/lavocedelpaese.info\/index.php\/wp-json\/wp\/v2\/posts\/2204","targetHints":{"allow":["GET"]}}],"collection":[{"href":"https:\/\/lavocedelpaese.info\/index.php\/wp-json\/wp\/v2\/posts"}],"about":[{"href":"https:\/\/lavocedelpaese.info\/index.php\/wp-json\/wp\/v2\/types\/post"}],"author":[{"embeddable":true,"href":"https:\/\/lavocedelpaese.info\/index.php\/wp-json\/wp\/v2\/users\/6"}],"replies":[{"embeddable":true,"href":"https:\/\/lavocedelpaese.info\/index.php\/wp-json\/wp\/v2\/comments?post=2204"}],"version-history":[{"count":1,"href":"https:\/\/lavocedelpaese.info\/index.php\/wp-json\/wp\/v2\/posts\/2204\/revisions"}],"predecessor-version":[{"id":2206,"href":"https:\/\/lavocedelpaese.info\/index.php\/wp-json\/wp\/v2\/posts\/2204\/revisions\/2206"}],"wp:featuredmedia":[{"embeddable":true,"href":"https:\/\/lavocedelpaese.info\/index.php\/wp-json\/wp\/v2\/media\/2205"}],"wp:attachment":[{"href":"https:\/\/lavocedelpaese.info\/index.php\/wp-json\/wp\/v2\/media?parent=2204"}],"wp:term":[{"taxonomy":"category","embeddable":true,"href":"https:\/\/lavocedelpaese.info\/index.php\/wp-json\/wp\/v2\/categories?post=2204"},{"taxonomy":"post_tag","embeddable":true,"href":"https:\/\/lavocedelpaese.info\/index.php\/wp-json\/wp\/v2\/tags?post=2204"}],"curies":[{"name":"wp","href":"https:\/\/api.w.org\/{rel}","templated":true}]}}