{"id":2201,"date":"2024-06-11T22:20:29","date_gmt":"2024-06-11T22:20:29","guid":{"rendered":"https:\/\/lavocedelpaese.info\/?p=2201"},"modified":"2024-06-11T22:20:31","modified_gmt":"2024-06-11T22:20:31","slug":"lecce-nuovi-acquisti-di-corvino","status":"publish","type":"post","link":"https:\/\/lavocedelpaese.info\/index.php\/2024\/06\/11\/lecce-nuovi-acquisti-di-corvino\/","title":{"rendered":"Lecce: Nuovi Acquisti di Corvino"},"content":{"rendered":"\n<h4 class=\"wp-block-heading\"><strong>Dopo Pierret, arriva Tete Morente<\/strong><\/h4>\n\n\n\n<p>Lecce continua a rafforzarsi sul mercato. Dopo l&#8217;acquisto del 24enne Balthazar Pierret dal Quevilly-Rouen, il club ha messo a segno un altro colpo con l&#8217;ingaggio di Tete Morente, ala 27enne dell&#8217;Elche. Morente, cresciuto nell&#8217;Atletico Madrid, ha giocato tre stagioni in Liga con l&#8217;Elche e ha concluso l&#8217;ultima stagione in Segunda Division con 39 presenze, 8 gol e 2 assist. Con il contratto in scadenza il 30 giugno, Morente \u00e8 pronto a iniziare una nuova avventura nel Salento. Il Lecce valuta anche la posizione di Almqvist, in prestito dal Rostov, con possibili negoziati futuri.<\/p>\n\n\n\n<p>L&#8217;acquisto di Tete Morente e Balthazar Pierret rappresenta un passo significativo per la crescita sportiva del Lecce, portando una serie di benefici che potrebbero influenzare positivamente la squadra sotto diversi aspetti. Innanzitutto, l&#8217;arrivo di Tete Morente, un giocatore esperto che ha militato in club prestigiosi come Atletico Madrid, Gimnastic, Lugo, Malaga e, pi\u00f9 recentemente, Elche, dove ha giocato in Liga e Segunda Division, fornisce al Lecce un elemento di grande valore tecnico e tattico. La sua versatilit\u00e0 nel giocare su entrambe le fasce permette all&#8217;allenatore di sperimentare diverse soluzioni tattiche, migliorando cos\u00ec la dinamicit\u00e0 e l&#8217;imprevedibilit\u00e0 del gioco della squadra. Con 39 presenze, 8 gol e 2 assist nell&#8217;ultima stagione, Morente aggiunge una notevole capacit\u00e0 offensiva, migliorando l&#8217;efficacia della squadra negli ultimi metri del campo.<\/p>\n\n\n\n<p>Il Lecce, gi\u00e0 noto per la sua filosofia di giocare d&#8217;anticipo sul mercato, dimostra ancora una volta una strategia oculata nell&#8217;acquisire talenti a parametro zero. Morente, con la sua esperienza internazionale e la capacit\u00e0 di adattarsi rapidamente a nuovi contesti, si prospetta come un rinforzo di immediato impatto. Il suo arrivo riduce la dipendenza da giocatori come Sansone e Pierotti, offrendo alternative valide e potenzialmente pi\u00f9 efficaci in zona gol rispetto ai gi\u00e0 presenti Banda, Dorgu e Oudin, noti per il loro contributo meno incisivo.<\/p>\n\n\n\n<p>Balthazar Pierret, d&#8217;altro canto, \u00e8 un giovane di 24 anni proveniente dal Quevilly-Rouen, dove ha avuto una stagione notevole che gli ha valso un posto nella Top 11 dell&#8217;ultima Ligue 2. La sua inclusione nella squadra di Lecce non solo aggiunge freschezza e dinamismo al centrocampo, ma porta anche una mentalit\u00e0 vincente e una voglia di emergere. Essendo un mediano, Pierret pu\u00f2 fornire stabilit\u00e0 e robustezza al centrocampo, caratteristiche essenziali per bilanciare la squadra e offrire copertura difensiva, permettendo agli esterni come Morente di avanzare con maggiore libert\u00e0.<\/p>\n\n\n\n<p>L&#8217;inserimento di questi giocatori risponde anche alla necessit\u00e0 del Lecce di sostituire Almqvist, il cui futuro nel club \u00e8 incerto a causa del prestito in scadenza con il Rostov. L&#8217;apporto di Morente, in particolare, potrebbe colmare il vuoto lasciato da Almqvist, garantendo continuit\u00e0 e qualit\u00e0 sulle fasce. Se il Lecce non riuscir\u00e0 a trattenere Almqvist, la presenza di Morente offrir\u00e0 una soluzione affidabile, assicurando che la squadra non perda competitivit\u00e0.<\/p>\n\n\n\n<p>Dal punto di vista economico, le operazioni che coinvolgono giocatori a parametro zero rappresentano un notevole vantaggio. Permettono al club di allocare risorse finanziarie su altri fronti, come il miglioramento delle infrastrutture, lo sviluppo del settore giovanile o ulteriori rinforzi mirati. Questo tipo di strategia \u00e8 essenziale per club di medie dimensioni che devono competere con squadre pi\u00f9 ricche e blasonate.<\/p>\n\n\n\n<p>La presenza di giocatori esperti come Morente accanto a giovani promettenti come Pierret pu\u00f2 anche creare un ambiente di apprendimento e crescita all&#8217;interno della squadra. I giovani possono beneficiare dell&#8217;esperienza dei veterani, imparando non solo abilit\u00e0 tecniche, ma anche come gestire la pressione e la competizione a livelli pi\u00f9 alti. Questo mix di esperienza e giovent\u00f9 \u00e8 spesso la chiave per costruire squadre equilibrate e di successo.<\/p>\n\n\n\n<p>Inoltre, l&#8217;arrivo di questi giocatori pu\u00f2 avere un impatto positivo sul morale e sulla motivazione della squadra. Nuovi acquisti, soprattutto quelli che hanno avuto successo nelle loro precedenti esperienze, possono iniettare nuova energia e competitivit\u00e0 nello spogliatoio. Questo pu\u00f2 tradursi in un miglioramento delle prestazioni individuali e collettive, portando a risultati migliori sul campo.<\/p>\n\n\n\n<p>Le implicazioni per la crescita sportiva del Lecce non si limitano solo agli aspetti tecnici e tattici. L&#8217;acquisto di giocatori con un profilo internazionale come Morente pu\u00f2 aumentare la visibilit\u00e0 del club, attirando l&#8217;attenzione dei media e dei tifosi anche al di fuori dell&#8217;Italia. Questo pu\u00f2 tradursi in un aumento delle entrate da merchandising e sponsorizzazioni, contribuendo alla sostenibilit\u00e0 finanziaria del club a lungo termine.<\/p>\n\n\n\n<p>Infine, la capacit\u00e0 del Lecce di attrarre giocatori di qualit\u00e0 a parametro zero dimostra la solidit\u00e0 del progetto sportivo e la fiducia che il club ispira. I giocatori scelgono di unirsi a squadre che mostrano una chiara visione e ambizione. Questo pu\u00f2 facilitare ulteriori operazioni di mercato in futuro, poich\u00e9 il club costruisce una reputazione positiva tra i giocatori e gli agenti.<\/p>\n\n\n\n<p>In sintesi, gli acquisti di Tete Morente e Balthazar Pierret rappresentano un&#8217;importante opportunit\u00e0 di crescita per il Lecce, offrendo miglioramenti tecnici, tattici, economici e di visibilit\u00e0. La combinazione di esperienza e giovent\u00f9, insieme alla capacit\u00e0 di operare strategicamente sul mercato, pone le basi per una stagione promettente. Il Lecce, mantenendo questa filosofia di mercato e investendo saggiamente nelle risorse a disposizione, pu\u00f2 ambire non solo a consolidare la propria posizione nel campionato, ma anche a gettare le fondamenta per successi futuri.<\/p>\n","protected":false},"excerpt":{"rendered":"<p>Dopo Pierret, arriva Tete Morente Lecce continua a rafforzarsi sul mercato. Dopo l&#8217;acquisto del 24enne Balthazar Pierret dal Quevilly-Rouen, il<\/p>\n","protected":false},"author":6,"featured_media":2202,"comment_status":"open","ping_status":"closed","sticky":false,"template":"","format":"standard","meta":{"colormag_page_container_layout":"default_layout","colormag_page_sidebar_layout":"default_layout","footnotes":""},"categories":[15],"tags":[],"class_list":["post-2201","post","type-post","status-publish","format-standard","has-post-thumbnail","hentry","category-sport"],"yoast_head":"<!-- This site is optimized with the Yoast SEO plugin v27.5 - https:\/\/yoast.com\/product\/yoast-seo-wordpress\/ -->\n<title>Lecce: Nuovi Acquisti di Corvino - La Voce del Paese<\/title>\n<meta name=\"robots\" content=\"index, follow, max-snippet:-1, max-image-preview:large, max-video-preview:-1\" \/>\n<link rel=\"canonical\" href=\"https:\/\/lavocedelpaese.info\/index.php\/2024\/06\/11\/lecce-nuovi-acquisti-di-corvino\/\" \/>\n<meta property=\"og:locale\" content=\"it_IT\" \/>\n<meta property=\"og:type\" content=\"article\" \/>\n<meta property=\"og:title\" content=\"Lecce: Nuovi Acquisti di Corvino - La Voce del Paese\" \/>\n<meta property=\"og:description\" content=\"Dopo Pierret, arriva Tete Morente Lecce continua a rafforzarsi sul mercato. Dopo l&#8217;acquisto del 24enne Balthazar Pierret dal Quevilly-Rouen, il\" \/>\n<meta property=\"og:url\" content=\"https:\/\/lavocedelpaese.info\/index.php\/2024\/06\/11\/lecce-nuovi-acquisti-di-corvino\/\" \/>\n<meta property=\"og:site_name\" content=\"La Voce del Paese\" \/>\n<meta property=\"article:publisher\" content=\"https:\/\/www.facebook.com\/lavocedelpaese.info\" \/>\n<meta property=\"article:published_time\" content=\"2024-06-11T22:20:29+00:00\" \/>\n<meta property=\"article:modified_time\" content=\"2024-06-11T22:20:31+00:00\" \/>\n<meta property=\"og:image\" content=\"https:\/\/lavocedelpaese.info\/wp-content\/uploads\/2024\/06\/stadio-lecce.jpg\" \/>\n\t<meta property=\"og:image:width\" content=\"1000\" \/>\n\t<meta property=\"og:image:height\" content=\"775\" \/>\n\t<meta property=\"og:image:type\" content=\"image\/jpeg\" \/>\n<meta name=\"author\" content=\"admin\" \/>\n<meta name=\"twitter:card\" content=\"summary_large_image\" \/>\n<meta name=\"twitter:label1\" content=\"Scritto da\" \/>\n\t<meta name=\"twitter:data1\" content=\"admin\" \/>\n\t<meta name=\"twitter:label2\" content=\"Tempo di lettura stimato\" \/>\n\t<meta name=\"twitter:data2\" content=\"5 minuti\" \/>\n<script type=\"application\/ld+json\" class=\"yoast-schema-graph\">{\"@context\":\"https:\\\/\\\/schema.org\",\"@graph\":[{\"@type\":\"Article\",\"@id\":\"https:\\\/\\\/lavocedelpaese.info\\\/index.php\\\/2024\\\/06\\\/11\\\/lecce-nuovi-acquisti-di-corvino\\\/#article\",\"isPartOf\":{\"@id\":\"https:\\\/\\\/lavocedelpaese.info\\\/index.php\\\/2024\\\/06\\\/11\\\/lecce-nuovi-acquisti-di-corvino\\\/\"},\"author\":{\"name\":\"admin\",\"@id\":\"https:\\\/\\\/lavocedelpaese.info\\\/#\\\/schema\\\/person\\\/ec151d321306bd7591f7a061abf72d88\"},\"headline\":\"Lecce: Nuovi Acquisti di Corvino\",\"datePublished\":\"2024-06-11T22:20:29+00:00\",\"dateModified\":\"2024-06-11T22:20:31+00:00\",\"mainEntityOfPage\":{\"@id\":\"https:\\\/\\\/lavocedelpaese.info\\\/index.php\\\/2024\\\/06\\\/11\\\/lecce-nuovi-acquisti-di-corvino\\\/\"},\"wordCount\":871,\"commentCount\":0,\"publisher\":{\"@id\":\"https:\\\/\\\/lavocedelpaese.info\\\/#organization\"},\"image\":{\"@id\":\"https:\\\/\\\/lavocedelpaese.info\\\/index.php\\\/2024\\\/06\\\/11\\\/lecce-nuovi-acquisti-di-corvino\\\/#primaryimage\"},\"thumbnailUrl\":\"https:\\\/\\\/lavocedelpaese.info\\\/wp-content\\\/uploads\\\/2024\\\/06\\\/stadio-lecce.jpg\",\"articleSection\":[\"Sport\"],\"inLanguage\":\"it-IT\",\"potentialAction\":[{\"@type\":\"CommentAction\",\"name\":\"Comment\",\"target\":[\"https:\\\/\\\/lavocedelpaese.info\\\/index.php\\\/2024\\\/06\\\/11\\\/lecce-nuovi-acquisti-di-corvino\\\/#respond\"]}]},{\"@type\":\"WebPage\",\"@id\":\"https:\\\/\\\/lavocedelpaese.info\\\/index.php\\\/2024\\\/06\\\/11\\\/lecce-nuovi-acquisti-di-corvino\\\/\",\"url\":\"https:\\\/\\\/lavocedelpaese.info\\\/index.php\\\/2024\\\/06\\\/11\\\/lecce-nuovi-acquisti-di-corvino\\\/\",\"name\":\"Lecce: Nuovi Acquisti di Corvino - La Voce del Paese\",\"isPartOf\":{\"@id\":\"https:\\\/\\\/lavocedelpaese.info\\\/#website\"},\"primaryImageOfPage\":{\"@id\":\"https:\\\/\\\/lavocedelpaese.info\\\/index.php\\\/2024\\\/06\\\/11\\\/lecce-nuovi-acquisti-di-corvino\\\/#primaryimage\"},\"image\":{\"@id\":\"https:\\\/\\\/lavocedelpaese.info\\\/index.php\\\/2024\\\/06\\\/11\\\/lecce-nuovi-acquisti-di-corvino\\\/#primaryimage\"},\"thumbnailUrl\":\"https:\\\/\\\/lavocedelpaese.info\\\/wp-content\\\/uploads\\\/2024\\\/06\\\/stadio-lecce.jpg\",\"datePublished\":\"2024-06-11T22:20:29+00:00\",\"dateModified\":\"2024-06-11T22:20:31+00:00\",\"breadcrumb\":{\"@id\":\"https:\\\/\\\/lavocedelpaese.info\\\/index.php\\\/2024\\\/06\\\/11\\\/lecce-nuovi-acquisti-di-corvino\\\/#breadcrumb\"},\"inLanguage\":\"it-IT\",\"potentialAction\":[{\"@type\":\"ReadAction\",\"target\":[\"https:\\\/\\\/lavocedelpaese.info\\\/index.php\\\/2024\\\/06\\\/11\\\/lecce-nuovi-acquisti-di-corvino\\\/\"]}]},{\"@type\":\"ImageObject\",\"inLanguage\":\"it-IT\",\"@id\":\"https:\\\/\\\/lavocedelpaese.info\\\/index.php\\\/2024\\\/06\\\/11\\\/lecce-nuovi-acquisti-di-corvino\\\/#primaryimage\",\"url\":\"https:\\\/\\\/lavocedelpaese.info\\\/wp-content\\\/uploads\\\/2024\\\/06\\\/stadio-lecce.jpg\",\"contentUrl\":\"https:\\\/\\\/lavocedelpaese.info\\\/wp-content\\\/uploads\\\/2024\\\/06\\\/stadio-lecce.jpg\",\"width\":1000,\"height\":775},{\"@type\":\"BreadcrumbList\",\"@id\":\"https:\\\/\\\/lavocedelpaese.info\\\/index.php\\\/2024\\\/06\\\/11\\\/lecce-nuovi-acquisti-di-corvino\\\/#breadcrumb\",\"itemListElement\":[{\"@type\":\"ListItem\",\"position\":1,\"name\":\"Home\",\"item\":\"https:\\\/\\\/lavocedelpaese.info\\\/\"},{\"@type\":\"ListItem\",\"position\":2,\"name\":\"Lecce: Nuovi Acquisti di Corvino\"}]},{\"@type\":\"WebSite\",\"@id\":\"https:\\\/\\\/lavocedelpaese.info\\\/#website\",\"url\":\"https:\\\/\\\/lavocedelpaese.info\\\/\",\"name\":\"La Voce del Paese\",\"description\":\"Un network di idee\",\"publisher\":{\"@id\":\"https:\\\/\\\/lavocedelpaese.info\\\/#organization\"},\"potentialAction\":[{\"@type\":\"SearchAction\",\"target\":{\"@type\":\"EntryPoint\",\"urlTemplate\":\"https:\\\/\\\/lavocedelpaese.info\\\/?s={search_term_string}\"},\"query-input\":{\"@type\":\"PropertyValueSpecification\",\"valueRequired\":true,\"valueName\":\"search_term_string\"}}],\"inLanguage\":\"it-IT\"},{\"@type\":\"Organization\",\"@id\":\"https:\\\/\\\/lavocedelpaese.info\\\/#organization\",\"name\":\"La Voce del Paese\",\"url\":\"https:\\\/\\\/lavocedelpaese.info\\\/\",\"logo\":{\"@type\":\"ImageObject\",\"inLanguage\":\"it-IT\",\"@id\":\"https:\\\/\\\/lavocedelpaese.info\\\/#\\\/schema\\\/logo\\\/image\\\/\",\"url\":\"https:\\\/\\\/lavocedelpaese.info\\\/wp-content\\\/uploads\\\/2023\\\/01\\\/cropped-logo-150-127.png\",\"contentUrl\":\"https:\\\/\\\/lavocedelpaese.info\\\/wp-content\\\/uploads\\\/2023\\\/01\\\/cropped-logo-150-127.png\",\"width\":137,\"height\":119,\"caption\":\"La Voce del Paese\"},\"image\":{\"@id\":\"https:\\\/\\\/lavocedelpaese.info\\\/#\\\/schema\\\/logo\\\/image\\\/\"},\"sameAs\":[\"https:\\\/\\\/www.facebook.com\\\/lavocedelpaese.info\"]},{\"@type\":\"Person\",\"@id\":\"https:\\\/\\\/lavocedelpaese.info\\\/#\\\/schema\\\/person\\\/ec151d321306bd7591f7a061abf72d88\",\"name\":\"admin\",\"image\":{\"@type\":\"ImageObject\",\"inLanguage\":\"it-IT\",\"@id\":\"https:\\\/\\\/secure.gravatar.com\\\/avatar\\\/af8f2caf0663124588de48a9380e07cbc95a74ef15b8062d0d39106c32fe3023?s=96&d=mm&r=g\",\"url\":\"https:\\\/\\\/secure.gravatar.com\\\/avatar\\\/af8f2caf0663124588de48a9380e07cbc95a74ef15b8062d0d39106c32fe3023?s=96&d=mm&r=g\",\"contentUrl\":\"https:\\\/\\\/secure.gravatar.com\\\/avatar\\\/af8f2caf0663124588de48a9380e07cbc95a74ef15b8062d0d39106c32fe3023?s=96&d=mm&r=g\",\"caption\":\"admin\"},\"sameAs\":[\"https:\\\/\\\/lavocedelpaese.info\"],\"url\":\"https:\\\/\\\/lavocedelpaese.info\\\/index.php\\\/author\\\/admin\\\/\"}]}<\/script>\n<!-- \/ Yoast SEO plugin. -->","yoast_head_json":{"title":"Lecce: Nuovi Acquisti di Corvino - La Voce del Paese","robots":{"index":"index","follow":"follow","max-snippet":"max-snippet:-1","max-image-preview":"max-image-preview:large","max-video-preview":"max-video-preview:-1"},"canonical":"https:\/\/lavocedelpaese.info\/index.php\/2024\/06\/11\/lecce-nuovi-acquisti-di-corvino\/","og_locale":"it_IT","og_type":"article","og_title":"Lecce: Nuovi Acquisti di Corvino - La Voce del Paese","og_description":"Dopo Pierret, arriva Tete Morente Lecce continua a rafforzarsi sul mercato. Dopo l&#8217;acquisto del 24enne Balthazar Pierret dal Quevilly-Rouen, il","og_url":"https:\/\/lavocedelpaese.info\/index.php\/2024\/06\/11\/lecce-nuovi-acquisti-di-corvino\/","og_site_name":"La Voce del Paese","article_publisher":"https:\/\/www.facebook.com\/lavocedelpaese.info","article_published_time":"2024-06-11T22:20:29+00:00","article_modified_time":"2024-06-11T22:20:31+00:00","og_image":[{"width":1000,"height":775,"url":"https:\/\/lavocedelpaese.info\/wp-content\/uploads\/2024\/06\/stadio-lecce.jpg","type":"image\/jpeg"}],"author":"admin","twitter_card":"summary_large_image","twitter_misc":{"Scritto da":"admin","Tempo di lettura stimato":"5 minuti"},"schema":{"@context":"https:\/\/schema.org","@graph":[{"@type":"Article","@id":"https:\/\/lavocedelpaese.info\/index.php\/2024\/06\/11\/lecce-nuovi-acquisti-di-corvino\/#article","isPartOf":{"@id":"https:\/\/lavocedelpaese.info\/index.php\/2024\/06\/11\/lecce-nuovi-acquisti-di-corvino\/"},"author":{"name":"admin","@id":"https:\/\/lavocedelpaese.info\/#\/schema\/person\/ec151d321306bd7591f7a061abf72d88"},"headline":"Lecce: Nuovi Acquisti di Corvino","datePublished":"2024-06-11T22:20:29+00:00","dateModified":"2024-06-11T22:20:31+00:00","mainEntityOfPage":{"@id":"https:\/\/lavocedelpaese.info\/index.php\/2024\/06\/11\/lecce-nuovi-acquisti-di-corvino\/"},"wordCount":871,"commentCount":0,"publisher":{"@id":"https:\/\/lavocedelpaese.info\/#organization"},"image":{"@id":"https:\/\/lavocedelpaese.info\/index.php\/2024\/06\/11\/lecce-nuovi-acquisti-di-corvino\/#primaryimage"},"thumbnailUrl":"https:\/\/lavocedelpaese.info\/wp-content\/uploads\/2024\/06\/stadio-lecce.jpg","articleSection":["Sport"],"inLanguage":"it-IT","potentialAction":[{"@type":"CommentAction","name":"Comment","target":["https:\/\/lavocedelpaese.info\/index.php\/2024\/06\/11\/lecce-nuovi-acquisti-di-corvino\/#respond"]}]},{"@type":"WebPage","@id":"https:\/\/lavocedelpaese.info\/index.php\/2024\/06\/11\/lecce-nuovi-acquisti-di-corvino\/","url":"https:\/\/lavocedelpaese.info\/index.php\/2024\/06\/11\/lecce-nuovi-acquisti-di-corvino\/","name":"Lecce: Nuovi Acquisti di Corvino - La Voce del Paese","isPartOf":{"@id":"https:\/\/lavocedelpaese.info\/#website"},"primaryImageOfPage":{"@id":"https:\/\/lavocedelpaese.info\/index.php\/2024\/06\/11\/lecce-nuovi-acquisti-di-corvino\/#primaryimage"},"image":{"@id":"https:\/\/lavocedelpaese.info\/index.php\/2024\/06\/11\/lecce-nuovi-acquisti-di-corvino\/#primaryimage"},"thumbnailUrl":"https:\/\/lavocedelpaese.info\/wp-content\/uploads\/2024\/06\/stadio-lecce.jpg","datePublished":"2024-06-11T22:20:29+00:00","dateModified":"2024-06-11T22:20:31+00:00","breadcrumb":{"@id":"https:\/\/lavocedelpaese.info\/index.php\/2024\/06\/11\/lecce-nuovi-acquisti-di-corvino\/#breadcrumb"},"inLanguage":"it-IT","potentialAction":[{"@type":"ReadAction","target":["https:\/\/lavocedelpaese.info\/index.php\/2024\/06\/11\/lecce-nuovi-acquisti-di-corvino\/"]}]},{"@type":"ImageObject","inLanguage":"it-IT","@id":"https:\/\/lavocedelpaese.info\/index.php\/2024\/06\/11\/lecce-nuovi-acquisti-di-corvino\/#primaryimage","url":"https:\/\/lavocedelpaese.info\/wp-content\/uploads\/2024\/06\/stadio-lecce.jpg","contentUrl":"https:\/\/lavocedelpaese.info\/wp-content\/uploads\/2024\/06\/stadio-lecce.jpg","width":1000,"height":775},{"@type":"BreadcrumbList","@id":"https:\/\/lavocedelpaese.info\/index.php\/2024\/06\/11\/lecce-nuovi-acquisti-di-corvino\/#breadcrumb","itemListElement":[{"@type":"ListItem","position":1,"name":"Home","item":"https:\/\/lavocedelpaese.info\/"},{"@type":"ListItem","position":2,"name":"Lecce: Nuovi Acquisti di Corvino"}]},{"@type":"WebSite","@id":"https:\/\/lavocedelpaese.info\/#website","url":"https:\/\/lavocedelpaese.info\/","name":"La Voce del Paese","description":"Un network di idee","publisher":{"@id":"https:\/\/lavocedelpaese.info\/#organization"},"potentialAction":[{"@type":"SearchAction","target":{"@type":"EntryPoint","urlTemplate":"https:\/\/lavocedelpaese.info\/?s={search_term_string}"},"query-input":{"@type":"PropertyValueSpecification","valueRequired":true,"valueName":"search_term_string"}}],"inLanguage":"it-IT"},{"@type":"Organization","@id":"https:\/\/lavocedelpaese.info\/#organization","name":"La Voce del Paese","url":"https:\/\/lavocedelpaese.info\/","logo":{"@type":"ImageObject","inLanguage":"it-IT","@id":"https:\/\/lavocedelpaese.info\/#\/schema\/logo\/image\/","url":"https:\/\/lavocedelpaese.info\/wp-content\/uploads\/2023\/01\/cropped-logo-150-127.png","contentUrl":"https:\/\/lavocedelpaese.info\/wp-content\/uploads\/2023\/01\/cropped-logo-150-127.png","width":137,"height":119,"caption":"La Voce del Paese"},"image":{"@id":"https:\/\/lavocedelpaese.info\/#\/schema\/logo\/image\/"},"sameAs":["https:\/\/www.facebook.com\/lavocedelpaese.info"]},{"@type":"Person","@id":"https:\/\/lavocedelpaese.info\/#\/schema\/person\/ec151d321306bd7591f7a061abf72d88","name":"admin","image":{"@type":"ImageObject","inLanguage":"it-IT","@id":"https:\/\/secure.gravatar.com\/avatar\/af8f2caf0663124588de48a9380e07cbc95a74ef15b8062d0d39106c32fe3023?s=96&d=mm&r=g","url":"https:\/\/secure.gravatar.com\/avatar\/af8f2caf0663124588de48a9380e07cbc95a74ef15b8062d0d39106c32fe3023?s=96&d=mm&r=g","contentUrl":"https:\/\/secure.gravatar.com\/avatar\/af8f2caf0663124588de48a9380e07cbc95a74ef15b8062d0d39106c32fe3023?s=96&d=mm&r=g","caption":"admin"},"sameAs":["https:\/\/lavocedelpaese.info"],"url":"https:\/\/lavocedelpaese.info\/index.php\/author\/admin\/"}]}},"_links":{"self":[{"href":"https:\/\/lavocedelpaese.info\/index.php\/wp-json\/wp\/v2\/posts\/2201","targetHints":{"allow":["GET"]}}],"collection":[{"href":"https:\/\/lavocedelpaese.info\/index.php\/wp-json\/wp\/v2\/posts"}],"about":[{"href":"https:\/\/lavocedelpaese.info\/index.php\/wp-json\/wp\/v2\/types\/post"}],"author":[{"embeddable":true,"href":"https:\/\/lavocedelpaese.info\/index.php\/wp-json\/wp\/v2\/users\/6"}],"replies":[{"embeddable":true,"href":"https:\/\/lavocedelpaese.info\/index.php\/wp-json\/wp\/v2\/comments?post=2201"}],"version-history":[{"count":1,"href":"https:\/\/lavocedelpaese.info\/index.php\/wp-json\/wp\/v2\/posts\/2201\/revisions"}],"predecessor-version":[{"id":2203,"href":"https:\/\/lavocedelpaese.info\/index.php\/wp-json\/wp\/v2\/posts\/2201\/revisions\/2203"}],"wp:featuredmedia":[{"embeddable":true,"href":"https:\/\/lavocedelpaese.info\/index.php\/wp-json\/wp\/v2\/media\/2202"}],"wp:attachment":[{"href":"https:\/\/lavocedelpaese.info\/index.php\/wp-json\/wp\/v2\/media?parent=2201"}],"wp:term":[{"taxonomy":"category","embeddable":true,"href":"https:\/\/lavocedelpaese.info\/index.php\/wp-json\/wp\/v2\/categories?post=2201"},{"taxonomy":"post_tag","embeddable":true,"href":"https:\/\/lavocedelpaese.info\/index.php\/wp-json\/wp\/v2\/tags?post=2201"}],"curies":[{"name":"wp","href":"https:\/\/api.w.org\/{rel}","templated":true}]}}