{"id":2189,"date":"2024-06-11T22:06:36","date_gmt":"2024-06-11T22:06:36","guid":{"rendered":"https:\/\/lavocedelpaese.info\/?p=2189"},"modified":"2024-06-11T22:06:38","modified_gmt":"2024-06-11T22:06:38","slug":"brindisi-chiusura-di-una-palestra-per-gravi-irregolarita","status":"publish","type":"post","link":"https:\/\/lavocedelpaese.info\/index.php\/2024\/06\/11\/brindisi-chiusura-di-una-palestra-per-gravi-irregolarita\/","title":{"rendered":"Brindisi &#8211; Chiusura di una palestra per gravi irregolarit\u00e0"},"content":{"rendered":"\n<p>I Carabinieri del NAS di Taranto e del Nucleo Ispettorato del Lavoro di Brindisi hanno disposto l&#8217;immediata sospensione di un&#8217;attivit\u00e0 imprenditoriale di una palestra a Brindisi. Durante un&#8217;ispezione, condotta con il supporto del Dipartimento di Prevenzione dell&#8217;ASL di Brindisi, sono state rilevate gravi irregolarit\u00e0, tra cui criticit\u00e0 strutturali, vendita di alimenti e integratori senza la necessaria S.C.I.A. sanitaria, impiego di quattro lavoratori non regolarmente assunti, mancata sorveglianza sanitaria sui lavoratori, assenza di informazione e formazione per i lavoratori e mancata predisposizione del Documento di valutazione dei rischi (DVR). Le violazioni sono state segnalate alla locale Procura della Repubblica.<\/p>\n\n\n\n<p>La chiusura della palestra a Brindisi da parte dei Carabinieri del NAS di Taranto e del Nucleo Ispettorato del Lavoro di Brindisi a causa delle gravi irregolarit\u00e0 rilevate ha implicazioni profonde e multifaceted per la salute degli sportivi che frequentavano l&#8217;impianto. Questo episodio mette in evidenza non solo i rischi immediati per la sicurezza fisica degli utenti, ma anche le pi\u00f9 ampie conseguenze sulla loro salute generale, sia fisica che psicologica.<\/p>\n\n\n\n<p>Le criticit\u00e0 strutturali rilevate all&#8217;interno della palestra rappresentano un pericolo immediato e tangibile per tutti gli utenti. Strutture non adeguate possono cedere sotto pressione, provocando incidenti che vanno da lesioni lievi a gravi. Un crollo strutturale, anche parziale, pu\u00f2 avere conseguenze devastanti, inclusi traumi fisici significativi come fratture, contusioni o, nei casi peggiori, incidenti mortali. Inoltre, l&#8217;incertezza sulla sicurezza dell&#8217;ambiente pu\u00f2 generare un clima di paura e insicurezza tra gli utenti, che potrebbero essere riluttanti a continuare le loro attivit\u00e0 fisiche per timore di incidenti.<\/p>\n\n\n\n<p>La vendita di alimenti, bevande e integratori senza la prescritta S.C.I.A. sanitaria \u00e8 un altro aspetto cruciale che mette a rischio la salute degli sportivi. La mancanza di controlli sanitari adeguati pu\u00f2 portare alla distribuzione di prodotti contaminati o di bassa qualit\u00e0, che possono causare intossicazioni alimentari, allergie o altre reazioni avverse. Gli integratori alimentari, in particolare, se non controllati, possono contenere sostanze non dichiarate o in concentrazioni non sicure, con potenziali effetti dannosi sulla salute degli atleti. L&#8217;assunzione di integratori non regolamentati pu\u00f2 portare a problemi di salute a lungo termine, tra cui danni renali, epatici o problemi cardiovascolari, soprattutto se gli integratori contengono sostanze proibite o dopanti.<\/p>\n\n\n\n<p>L&#8217;impiego di lavoratori non regolarmente assunti e la mancanza di sorveglianza sanitaria su questi lavoratori influiscono negativamente non solo sulla loro salute ma anche sulla qualit\u00e0 del servizio offerto agli utenti. I lavoratori non regolarmente assunti potrebbero non avere le qualifiche adeguate o la formazione necessaria per garantire un ambiente sicuro e salutare per gli sportivi. Inoltre, senza sorveglianza sanitaria, i lavoratori potrebbero trasmettere malattie infettive agli utenti o non essere in grado di gestire situazioni di emergenza sanitaria in modo appropriato. Questo aumenta il rischio di incidenti e riduce la capacit\u00e0 della palestra di rispondere efficacemente a eventuali emergenze sanitarie.<\/p>\n\n\n\n<p>L&#8217;assenza di informazione e formazione adeguata per i lavoratori rappresenta un ulteriore rischio significativo. La formazione continua e l&#8217;aggiornamento sulle norme di sicurezza e sulle procedure di emergenza sono fondamentali per garantire che i lavoratori possano svolgere il loro ruolo in modo sicuro ed efficace. La mancanza di tale formazione pu\u00f2 portare a una gestione inadeguata delle attrezzature sportive, aumentare il rischio di incidenti e impedire una corretta risposta in caso di emergenze, mettendo a rischio la salute e la sicurezza degli sportivi.<\/p>\n\n\n\n<p>La mancata predisposizione del Documento di valutazione dei rischi (DVR) \u00e8 un grave inadempimento che espone gli utenti della palestra a vari rischi non identificati e non mitigati. Il DVR \u00e8 essenziale per l&#8217;individuazione, l&#8217;analisi e la gestione dei rischi presenti in un ambiente di lavoro, compresi quelli di una palestra. Senza un DVR adeguato, non si possono implementare misure preventive efficaci per proteggere la salute e la sicurezza degli sportivi. Questo pu\u00f2 portare a incidenti che potrebbero essere stati evitati con una corretta valutazione e gestione dei rischi, come scivolate, cadute, malfunzionamenti delle attrezzature e altre emergenze.<\/p>\n\n\n\n<p>Oltre ai rischi fisici, le irregolarit\u00e0 rilevate possono avere implicazioni psicologiche significative per gli sportivi. La chiusura improvvisa della palestra pu\u00f2 causare stress e ansia tra gli utenti abituali, che possono sentirsi disorientati dalla perdita del loro spazio di allenamento. Questo pu\u00f2 avere ripercussioni negative sulla loro motivazione e sul loro benessere psicologico, soprattutto per coloro che utilizzano l&#8217;attivit\u00e0 fisica come strumento per gestire lo stress e migliorare l&#8217;umore. Inoltre, la fiducia degli sportivi nelle istituzioni e nelle strutture sportive locali potrebbe essere compromessa, portando a una diminuzione della partecipazione alle attivit\u00e0 fisiche organizzate e a un potenziale isolamento sociale.<\/p>\n\n\n\n<p>Le conseguenze delle gravi irregolarit\u00e0 rilevate nella palestra non si limitano agli effetti immediati ma possono avere un impatto a lungo termine sulla salute degli sportivi. La mancanza di un ambiente sicuro e regolamentato pu\u00f2 portare a una diminuzione della frequenza delle attivit\u00e0 fisiche, con conseguenti effetti negativi sulla salute generale, inclusi aumento del rischio di malattie cardiovascolari, obesit\u00e0, diabete e problemi muscolo-scheletrici. Inoltre, la sospensione delle attivit\u00e0 fisiche regolari pu\u00f2 influire negativamente sulla salute mentale, aumentando il rischio di depressione, ansia e altre condizioni psicologiche.<\/p>\n\n\n\n<p>Questo incidente sottolinea l&#8217;importanza di mantenere standard rigorosi di sicurezza e salute nelle strutture sportive. Le autorit\u00e0 competenti devono intensificare i controlli e garantire che tutte le palestre e le strutture sportive rispettino le normative vigenti. \u00c8 essenziale che i gestori delle palestre comprendano l&#8217;importanza della conformit\u00e0 normativa e investano nelle infrastrutture necessarie per garantire un ambiente sicuro e salutare per tutti gli utenti.<\/p>\n\n\n\n<p>In sintesi, la chiusura della palestra a Brindisi a causa delle gravi irregolarit\u00e0 rilevate ha implicazioni significative e multifaceted per la salute degli sportivi. Dalla sicurezza strutturale alla qualit\u00e0 degli alimenti e degli integratori venduti, dalla formazione dei lavoratori alla valutazione dei rischi, ogni aspetto rilevato rappresenta un rischio per la salute fisica e psicologica degli utenti. Questo episodio evidenzia l&#8217;importanza di rigorosi controlli e della conformit\u00e0 alle normative per garantire la sicurezza e il benessere degli sportivi. Solo attraverso un impegno congiunto di autorit\u00e0, gestori e utenti si pu\u00f2 creare un ambiente sportivo sicuro e salutare che promuova la salute e il benessere di tutti i partecipanti.<\/p>\n","protected":false},"excerpt":{"rendered":"<p>I Carabinieri del NAS di Taranto e del Nucleo Ispettorato del Lavoro di Brindisi hanno disposto l&#8217;immediata sospensione di un&#8217;attivit\u00e0<\/p>\n","protected":false},"author":6,"featured_media":2190,"comment_status":"open","ping_status":"closed","sticky":false,"template":"","format":"standard","meta":{"colormag_page_container_layout":"default_layout","colormag_page_sidebar_layout":"default_layout","footnotes":""},"categories":[29],"tags":[],"class_list":["post-2189","post","type-post","status-publish","format-standard","has-post-thumbnail","hentry","category-cronaca"],"yoast_head":"<!-- This site is optimized with the Yoast SEO plugin v27.5 - https:\/\/yoast.com\/product\/yoast-seo-wordpress\/ -->\n<title>Brindisi - Chiusura di una palestra per gravi irregolarit\u00e0 - La Voce del Paese<\/title>\n<meta name=\"robots\" content=\"index, follow, max-snippet:-1, max-image-preview:large, max-video-preview:-1\" \/>\n<link rel=\"canonical\" href=\"https:\/\/lavocedelpaese.info\/index.php\/2024\/06\/11\/brindisi-chiusura-di-una-palestra-per-gravi-irregolarita\/\" \/>\n<meta property=\"og:locale\" content=\"it_IT\" \/>\n<meta property=\"og:type\" content=\"article\" \/>\n<meta property=\"og:title\" content=\"Brindisi - Chiusura di una palestra per gravi irregolarit\u00e0 - La Voce del Paese\" \/>\n<meta property=\"og:description\" content=\"I Carabinieri del NAS di Taranto e del Nucleo Ispettorato del Lavoro di Brindisi hanno disposto l&#8217;immediata sospensione di un&#8217;attivit\u00e0\" \/>\n<meta property=\"og:url\" content=\"https:\/\/lavocedelpaese.info\/index.php\/2024\/06\/11\/brindisi-chiusura-di-una-palestra-per-gravi-irregolarita\/\" \/>\n<meta property=\"og:site_name\" content=\"La Voce del Paese\" \/>\n<meta property=\"article:publisher\" content=\"https:\/\/www.facebook.com\/lavocedelpaese.info\" \/>\n<meta property=\"article:published_time\" content=\"2024-06-11T22:06:36+00:00\" \/>\n<meta property=\"article:modified_time\" content=\"2024-06-11T22:06:38+00:00\" \/>\n<meta property=\"og:image\" content=\"https:\/\/lavocedelpaese.info\/wp-content\/uploads\/2024\/06\/NAS-carabinieri.jpg\" \/>\n\t<meta property=\"og:image:width\" content=\"737\" \/>\n\t<meta property=\"og:image:height\" content=\"415\" \/>\n\t<meta property=\"og:image:type\" content=\"image\/jpeg\" \/>\n<meta name=\"author\" content=\"admin\" \/>\n<meta name=\"twitter:card\" content=\"summary_large_image\" \/>\n<meta name=\"twitter:label1\" content=\"Scritto da\" \/>\n\t<meta name=\"twitter:data1\" content=\"admin\" \/>\n\t<meta name=\"twitter:label2\" content=\"Tempo di lettura stimato\" \/>\n\t<meta name=\"twitter:data2\" content=\"6 minuti\" \/>\n<script type=\"application\/ld+json\" class=\"yoast-schema-graph\">{\"@context\":\"https:\\\/\\\/schema.org\",\"@graph\":[{\"@type\":\"Article\",\"@id\":\"https:\\\/\\\/lavocedelpaese.info\\\/index.php\\\/2024\\\/06\\\/11\\\/brindisi-chiusura-di-una-palestra-per-gravi-irregolarita\\\/#article\",\"isPartOf\":{\"@id\":\"https:\\\/\\\/lavocedelpaese.info\\\/index.php\\\/2024\\\/06\\\/11\\\/brindisi-chiusura-di-una-palestra-per-gravi-irregolarita\\\/\"},\"author\":{\"name\":\"admin\",\"@id\":\"https:\\\/\\\/lavocedelpaese.info\\\/#\\\/schema\\\/person\\\/ec151d321306bd7591f7a061abf72d88\"},\"headline\":\"Brindisi &#8211; Chiusura di una palestra per gravi irregolarit\u00e0\",\"datePublished\":\"2024-06-11T22:06:36+00:00\",\"dateModified\":\"2024-06-11T22:06:38+00:00\",\"mainEntityOfPage\":{\"@id\":\"https:\\\/\\\/lavocedelpaese.info\\\/index.php\\\/2024\\\/06\\\/11\\\/brindisi-chiusura-di-una-palestra-per-gravi-irregolarita\\\/\"},\"wordCount\":1033,\"commentCount\":0,\"publisher\":{\"@id\":\"https:\\\/\\\/lavocedelpaese.info\\\/#organization\"},\"image\":{\"@id\":\"https:\\\/\\\/lavocedelpaese.info\\\/index.php\\\/2024\\\/06\\\/11\\\/brindisi-chiusura-di-una-palestra-per-gravi-irregolarita\\\/#primaryimage\"},\"thumbnailUrl\":\"https:\\\/\\\/lavocedelpaese.info\\\/wp-content\\\/uploads\\\/2024\\\/06\\\/NAS-carabinieri.jpg\",\"articleSection\":[\"Cronaca\"],\"inLanguage\":\"it-IT\",\"potentialAction\":[{\"@type\":\"CommentAction\",\"name\":\"Comment\",\"target\":[\"https:\\\/\\\/lavocedelpaese.info\\\/index.php\\\/2024\\\/06\\\/11\\\/brindisi-chiusura-di-una-palestra-per-gravi-irregolarita\\\/#respond\"]}]},{\"@type\":\"WebPage\",\"@id\":\"https:\\\/\\\/lavocedelpaese.info\\\/index.php\\\/2024\\\/06\\\/11\\\/brindisi-chiusura-di-una-palestra-per-gravi-irregolarita\\\/\",\"url\":\"https:\\\/\\\/lavocedelpaese.info\\\/index.php\\\/2024\\\/06\\\/11\\\/brindisi-chiusura-di-una-palestra-per-gravi-irregolarita\\\/\",\"name\":\"Brindisi - Chiusura di una palestra per gravi irregolarit\u00e0 - La Voce del Paese\",\"isPartOf\":{\"@id\":\"https:\\\/\\\/lavocedelpaese.info\\\/#website\"},\"primaryImageOfPage\":{\"@id\":\"https:\\\/\\\/lavocedelpaese.info\\\/index.php\\\/2024\\\/06\\\/11\\\/brindisi-chiusura-di-una-palestra-per-gravi-irregolarita\\\/#primaryimage\"},\"image\":{\"@id\":\"https:\\\/\\\/lavocedelpaese.info\\\/index.php\\\/2024\\\/06\\\/11\\\/brindisi-chiusura-di-una-palestra-per-gravi-irregolarita\\\/#primaryimage\"},\"thumbnailUrl\":\"https:\\\/\\\/lavocedelpaese.info\\\/wp-content\\\/uploads\\\/2024\\\/06\\\/NAS-carabinieri.jpg\",\"datePublished\":\"2024-06-11T22:06:36+00:00\",\"dateModified\":\"2024-06-11T22:06:38+00:00\",\"breadcrumb\":{\"@id\":\"https:\\\/\\\/lavocedelpaese.info\\\/index.php\\\/2024\\\/06\\\/11\\\/brindisi-chiusura-di-una-palestra-per-gravi-irregolarita\\\/#breadcrumb\"},\"inLanguage\":\"it-IT\",\"potentialAction\":[{\"@type\":\"ReadAction\",\"target\":[\"https:\\\/\\\/lavocedelpaese.info\\\/index.php\\\/2024\\\/06\\\/11\\\/brindisi-chiusura-di-una-palestra-per-gravi-irregolarita\\\/\"]}]},{\"@type\":\"ImageObject\",\"inLanguage\":\"it-IT\",\"@id\":\"https:\\\/\\\/lavocedelpaese.info\\\/index.php\\\/2024\\\/06\\\/11\\\/brindisi-chiusura-di-una-palestra-per-gravi-irregolarita\\\/#primaryimage\",\"url\":\"https:\\\/\\\/lavocedelpaese.info\\\/wp-content\\\/uploads\\\/2024\\\/06\\\/NAS-carabinieri.jpg\",\"contentUrl\":\"https:\\\/\\\/lavocedelpaese.info\\\/wp-content\\\/uploads\\\/2024\\\/06\\\/NAS-carabinieri.jpg\",\"width\":737,\"height\":415},{\"@type\":\"BreadcrumbList\",\"@id\":\"https:\\\/\\\/lavocedelpaese.info\\\/index.php\\\/2024\\\/06\\\/11\\\/brindisi-chiusura-di-una-palestra-per-gravi-irregolarita\\\/#breadcrumb\",\"itemListElement\":[{\"@type\":\"ListItem\",\"position\":1,\"name\":\"Home\",\"item\":\"https:\\\/\\\/lavocedelpaese.info\\\/\"},{\"@type\":\"ListItem\",\"position\":2,\"name\":\"Brindisi &#8211; Chiusura di una palestra per gravi irregolarit\u00e0\"}]},{\"@type\":\"WebSite\",\"@id\":\"https:\\\/\\\/lavocedelpaese.info\\\/#website\",\"url\":\"https:\\\/\\\/lavocedelpaese.info\\\/\",\"name\":\"La Voce del Paese\",\"description\":\"Un network di idee\",\"publisher\":{\"@id\":\"https:\\\/\\\/lavocedelpaese.info\\\/#organization\"},\"potentialAction\":[{\"@type\":\"SearchAction\",\"target\":{\"@type\":\"EntryPoint\",\"urlTemplate\":\"https:\\\/\\\/lavocedelpaese.info\\\/?s={search_term_string}\"},\"query-input\":{\"@type\":\"PropertyValueSpecification\",\"valueRequired\":true,\"valueName\":\"search_term_string\"}}],\"inLanguage\":\"it-IT\"},{\"@type\":\"Organization\",\"@id\":\"https:\\\/\\\/lavocedelpaese.info\\\/#organization\",\"name\":\"La Voce del Paese\",\"url\":\"https:\\\/\\\/lavocedelpaese.info\\\/\",\"logo\":{\"@type\":\"ImageObject\",\"inLanguage\":\"it-IT\",\"@id\":\"https:\\\/\\\/lavocedelpaese.info\\\/#\\\/schema\\\/logo\\\/image\\\/\",\"url\":\"https:\\\/\\\/lavocedelpaese.info\\\/wp-content\\\/uploads\\\/2023\\\/01\\\/cropped-logo-150-127.png\",\"contentUrl\":\"https:\\\/\\\/lavocedelpaese.info\\\/wp-content\\\/uploads\\\/2023\\\/01\\\/cropped-logo-150-127.png\",\"width\":137,\"height\":119,\"caption\":\"La Voce del Paese\"},\"image\":{\"@id\":\"https:\\\/\\\/lavocedelpaese.info\\\/#\\\/schema\\\/logo\\\/image\\\/\"},\"sameAs\":[\"https:\\\/\\\/www.facebook.com\\\/lavocedelpaese.info\"]},{\"@type\":\"Person\",\"@id\":\"https:\\\/\\\/lavocedelpaese.info\\\/#\\\/schema\\\/person\\\/ec151d321306bd7591f7a061abf72d88\",\"name\":\"admin\",\"image\":{\"@type\":\"ImageObject\",\"inLanguage\":\"it-IT\",\"@id\":\"https:\\\/\\\/secure.gravatar.com\\\/avatar\\\/af8f2caf0663124588de48a9380e07cbc95a74ef15b8062d0d39106c32fe3023?s=96&d=mm&r=g\",\"url\":\"https:\\\/\\\/secure.gravatar.com\\\/avatar\\\/af8f2caf0663124588de48a9380e07cbc95a74ef15b8062d0d39106c32fe3023?s=96&d=mm&r=g\",\"contentUrl\":\"https:\\\/\\\/secure.gravatar.com\\\/avatar\\\/af8f2caf0663124588de48a9380e07cbc95a74ef15b8062d0d39106c32fe3023?s=96&d=mm&r=g\",\"caption\":\"admin\"},\"sameAs\":[\"https:\\\/\\\/lavocedelpaese.info\"],\"url\":\"https:\\\/\\\/lavocedelpaese.info\\\/index.php\\\/author\\\/admin\\\/\"}]}<\/script>\n<!-- \/ Yoast SEO plugin. -->","yoast_head_json":{"title":"Brindisi - Chiusura di una palestra per gravi irregolarit\u00e0 - La Voce del Paese","robots":{"index":"index","follow":"follow","max-snippet":"max-snippet:-1","max-image-preview":"max-image-preview:large","max-video-preview":"max-video-preview:-1"},"canonical":"https:\/\/lavocedelpaese.info\/index.php\/2024\/06\/11\/brindisi-chiusura-di-una-palestra-per-gravi-irregolarita\/","og_locale":"it_IT","og_type":"article","og_title":"Brindisi - Chiusura di una palestra per gravi irregolarit\u00e0 - La Voce del Paese","og_description":"I Carabinieri del NAS di Taranto e del Nucleo Ispettorato del Lavoro di Brindisi hanno disposto l&#8217;immediata sospensione di un&#8217;attivit\u00e0","og_url":"https:\/\/lavocedelpaese.info\/index.php\/2024\/06\/11\/brindisi-chiusura-di-una-palestra-per-gravi-irregolarita\/","og_site_name":"La Voce del Paese","article_publisher":"https:\/\/www.facebook.com\/lavocedelpaese.info","article_published_time":"2024-06-11T22:06:36+00:00","article_modified_time":"2024-06-11T22:06:38+00:00","og_image":[{"width":737,"height":415,"url":"https:\/\/lavocedelpaese.info\/wp-content\/uploads\/2024\/06\/NAS-carabinieri.jpg","type":"image\/jpeg"}],"author":"admin","twitter_card":"summary_large_image","twitter_misc":{"Scritto da":"admin","Tempo di lettura stimato":"6 minuti"},"schema":{"@context":"https:\/\/schema.org","@graph":[{"@type":"Article","@id":"https:\/\/lavocedelpaese.info\/index.php\/2024\/06\/11\/brindisi-chiusura-di-una-palestra-per-gravi-irregolarita\/#article","isPartOf":{"@id":"https:\/\/lavocedelpaese.info\/index.php\/2024\/06\/11\/brindisi-chiusura-di-una-palestra-per-gravi-irregolarita\/"},"author":{"name":"admin","@id":"https:\/\/lavocedelpaese.info\/#\/schema\/person\/ec151d321306bd7591f7a061abf72d88"},"headline":"Brindisi &#8211; Chiusura di una palestra per gravi irregolarit\u00e0","datePublished":"2024-06-11T22:06:36+00:00","dateModified":"2024-06-11T22:06:38+00:00","mainEntityOfPage":{"@id":"https:\/\/lavocedelpaese.info\/index.php\/2024\/06\/11\/brindisi-chiusura-di-una-palestra-per-gravi-irregolarita\/"},"wordCount":1033,"commentCount":0,"publisher":{"@id":"https:\/\/lavocedelpaese.info\/#organization"},"image":{"@id":"https:\/\/lavocedelpaese.info\/index.php\/2024\/06\/11\/brindisi-chiusura-di-una-palestra-per-gravi-irregolarita\/#primaryimage"},"thumbnailUrl":"https:\/\/lavocedelpaese.info\/wp-content\/uploads\/2024\/06\/NAS-carabinieri.jpg","articleSection":["Cronaca"],"inLanguage":"it-IT","potentialAction":[{"@type":"CommentAction","name":"Comment","target":["https:\/\/lavocedelpaese.info\/index.php\/2024\/06\/11\/brindisi-chiusura-di-una-palestra-per-gravi-irregolarita\/#respond"]}]},{"@type":"WebPage","@id":"https:\/\/lavocedelpaese.info\/index.php\/2024\/06\/11\/brindisi-chiusura-di-una-palestra-per-gravi-irregolarita\/","url":"https:\/\/lavocedelpaese.info\/index.php\/2024\/06\/11\/brindisi-chiusura-di-una-palestra-per-gravi-irregolarita\/","name":"Brindisi - Chiusura di una palestra per gravi irregolarit\u00e0 - La Voce del Paese","isPartOf":{"@id":"https:\/\/lavocedelpaese.info\/#website"},"primaryImageOfPage":{"@id":"https:\/\/lavocedelpaese.info\/index.php\/2024\/06\/11\/brindisi-chiusura-di-una-palestra-per-gravi-irregolarita\/#primaryimage"},"image":{"@id":"https:\/\/lavocedelpaese.info\/index.php\/2024\/06\/11\/brindisi-chiusura-di-una-palestra-per-gravi-irregolarita\/#primaryimage"},"thumbnailUrl":"https:\/\/lavocedelpaese.info\/wp-content\/uploads\/2024\/06\/NAS-carabinieri.jpg","datePublished":"2024-06-11T22:06:36+00:00","dateModified":"2024-06-11T22:06:38+00:00","breadcrumb":{"@id":"https:\/\/lavocedelpaese.info\/index.php\/2024\/06\/11\/brindisi-chiusura-di-una-palestra-per-gravi-irregolarita\/#breadcrumb"},"inLanguage":"it-IT","potentialAction":[{"@type":"ReadAction","target":["https:\/\/lavocedelpaese.info\/index.php\/2024\/06\/11\/brindisi-chiusura-di-una-palestra-per-gravi-irregolarita\/"]}]},{"@type":"ImageObject","inLanguage":"it-IT","@id":"https:\/\/lavocedelpaese.info\/index.php\/2024\/06\/11\/brindisi-chiusura-di-una-palestra-per-gravi-irregolarita\/#primaryimage","url":"https:\/\/lavocedelpaese.info\/wp-content\/uploads\/2024\/06\/NAS-carabinieri.jpg","contentUrl":"https:\/\/lavocedelpaese.info\/wp-content\/uploads\/2024\/06\/NAS-carabinieri.jpg","width":737,"height":415},{"@type":"BreadcrumbList","@id":"https:\/\/lavocedelpaese.info\/index.php\/2024\/06\/11\/brindisi-chiusura-di-una-palestra-per-gravi-irregolarita\/#breadcrumb","itemListElement":[{"@type":"ListItem","position":1,"name":"Home","item":"https:\/\/lavocedelpaese.info\/"},{"@type":"ListItem","position":2,"name":"Brindisi &#8211; Chiusura di una palestra per gravi irregolarit\u00e0"}]},{"@type":"WebSite","@id":"https:\/\/lavocedelpaese.info\/#website","url":"https:\/\/lavocedelpaese.info\/","name":"La Voce del Paese","description":"Un network di idee","publisher":{"@id":"https:\/\/lavocedelpaese.info\/#organization"},"potentialAction":[{"@type":"SearchAction","target":{"@type":"EntryPoint","urlTemplate":"https:\/\/lavocedelpaese.info\/?s={search_term_string}"},"query-input":{"@type":"PropertyValueSpecification","valueRequired":true,"valueName":"search_term_string"}}],"inLanguage":"it-IT"},{"@type":"Organization","@id":"https:\/\/lavocedelpaese.info\/#organization","name":"La Voce del Paese","url":"https:\/\/lavocedelpaese.info\/","logo":{"@type":"ImageObject","inLanguage":"it-IT","@id":"https:\/\/lavocedelpaese.info\/#\/schema\/logo\/image\/","url":"https:\/\/lavocedelpaese.info\/wp-content\/uploads\/2023\/01\/cropped-logo-150-127.png","contentUrl":"https:\/\/lavocedelpaese.info\/wp-content\/uploads\/2023\/01\/cropped-logo-150-127.png","width":137,"height":119,"caption":"La Voce del Paese"},"image":{"@id":"https:\/\/lavocedelpaese.info\/#\/schema\/logo\/image\/"},"sameAs":["https:\/\/www.facebook.com\/lavocedelpaese.info"]},{"@type":"Person","@id":"https:\/\/lavocedelpaese.info\/#\/schema\/person\/ec151d321306bd7591f7a061abf72d88","name":"admin","image":{"@type":"ImageObject","inLanguage":"it-IT","@id":"https:\/\/secure.gravatar.com\/avatar\/af8f2caf0663124588de48a9380e07cbc95a74ef15b8062d0d39106c32fe3023?s=96&d=mm&r=g","url":"https:\/\/secure.gravatar.com\/avatar\/af8f2caf0663124588de48a9380e07cbc95a74ef15b8062d0d39106c32fe3023?s=96&d=mm&r=g","contentUrl":"https:\/\/secure.gravatar.com\/avatar\/af8f2caf0663124588de48a9380e07cbc95a74ef15b8062d0d39106c32fe3023?s=96&d=mm&r=g","caption":"admin"},"sameAs":["https:\/\/lavocedelpaese.info"],"url":"https:\/\/lavocedelpaese.info\/index.php\/author\/admin\/"}]}},"_links":{"self":[{"href":"https:\/\/lavocedelpaese.info\/index.php\/wp-json\/wp\/v2\/posts\/2189","targetHints":{"allow":["GET"]}}],"collection":[{"href":"https:\/\/lavocedelpaese.info\/index.php\/wp-json\/wp\/v2\/posts"}],"about":[{"href":"https:\/\/lavocedelpaese.info\/index.php\/wp-json\/wp\/v2\/types\/post"}],"author":[{"embeddable":true,"href":"https:\/\/lavocedelpaese.info\/index.php\/wp-json\/wp\/v2\/users\/6"}],"replies":[{"embeddable":true,"href":"https:\/\/lavocedelpaese.info\/index.php\/wp-json\/wp\/v2\/comments?post=2189"}],"version-history":[{"count":1,"href":"https:\/\/lavocedelpaese.info\/index.php\/wp-json\/wp\/v2\/posts\/2189\/revisions"}],"predecessor-version":[{"id":2191,"href":"https:\/\/lavocedelpaese.info\/index.php\/wp-json\/wp\/v2\/posts\/2189\/revisions\/2191"}],"wp:featuredmedia":[{"embeddable":true,"href":"https:\/\/lavocedelpaese.info\/index.php\/wp-json\/wp\/v2\/media\/2190"}],"wp:attachment":[{"href":"https:\/\/lavocedelpaese.info\/index.php\/wp-json\/wp\/v2\/media?parent=2189"}],"wp:term":[{"taxonomy":"category","embeddable":true,"href":"https:\/\/lavocedelpaese.info\/index.php\/wp-json\/wp\/v2\/categories?post=2189"},{"taxonomy":"post_tag","embeddable":true,"href":"https:\/\/lavocedelpaese.info\/index.php\/wp-json\/wp\/v2\/tags?post=2189"}],"curies":[{"name":"wp","href":"https:\/\/api.w.org\/{rel}","templated":true}]}}