{"id":2177,"date":"2024-06-10T01:19:58","date_gmt":"2024-06-10T01:19:58","guid":{"rendered":"https:\/\/lavocedelpaese.info\/?p=2177"},"modified":"2024-06-10T01:19:59","modified_gmt":"2024-06-10T01:19:59","slug":"agricolonie-e-fattorie-didattiche-lofferta-estiva-in-crescita-per-bambini-e-ragazzi-in-puglia","status":"publish","type":"post","link":"https:\/\/lavocedelpaese.info\/index.php\/2024\/06\/10\/agricolonie-e-fattorie-didattiche-lofferta-estiva-in-crescita-per-bambini-e-ragazzi-in-puglia\/","title":{"rendered":"Agricolonie e Fattorie Didattiche: L&#8217;Offerta Estiva in Crescita per Bambini e Ragazzi in Puglia"},"content":{"rendered":"\n<p>In Puglia, la fine dell&#8217;anno scolastico segna l&#8217;inizio di una corsa frenetica per molte famiglie alla ricerca di centri estivi dove poter iscrivere i propri figli. Secondo le rilevazioni della Coldiretti Puglia, il 36% delle famiglie \u00e8 alla ricerca di soluzioni adeguate per impegnare il tempo libero dei bambini e dei ragazzi durante i mesi estivi. In risposta a questa crescente domanda, la regione ha visto un significativo aumento dell&#8217;offerta di &#8220;agricolonie&#8221; e fattorie didattiche. Attualmente, ci sono circa 300 masserie didattiche sparse sul territorio pugliese, pronte a offrire una vasta gamma di attivit\u00e0 educative e ricreative a stretto contatto con la natura. L&#8217;interesse per le agricolonie e le fattorie didattiche \u00e8 in parte una risposta al bisogno di esperienze pi\u00f9 autentiche e formative per i bambini. Queste strutture non si limitano a offrire un luogo dove trascorrere le giornate estive, ma propongono un vero e proprio percorso educativo che permette ai giovani di apprendere attraverso l&#8217;esperienza diretta. Tra le attivit\u00e0 pi\u00f9 popolari troviamo i laboratori di cucina, dove i bambini possono imparare a preparare piatti utilizzando ingredienti freschi e locali, e i laboratori artistici, che utilizzano materiali naturali o riciclati per stimolare la creativit\u00e0. Secondo una rilevazione Coldiretti\/Ix\u00e8, una parte consistente delle famiglie non sceglie i centri estivi per vari motivi. Circa il 28% di queste famiglie preferisce affidare i bambini a membri della famiglia, soprattutto ai nonni, mentre un 13% rinuncia per ragioni economiche. Un altro 5% non prende nemmeno in considerazione l&#8217;opzione dei centri estivi a causa della scarsit\u00e0 dell&#8217;offerta rispetto alle esigenze delle famiglie. Tuttavia, tra coloro che optano per i centri estivi, le colonie marine sono le pi\u00f9 gettonate, preferite dal 40% delle famiglie, seguite dalle attivit\u00e0 in campagna (19%), in citt\u00e0 e in montagna. Le fattorie didattiche rappresentano una delle risposte pi\u00f9 innovative e apprezzate a questa esigenza. Sul territorio nazionale, Coldiretti stima che ci siano circa 3000 fattorie didattiche, luoghi dove i bambini e i ragazzi possono immergersi nella vita agricola e apprendere attraverso il fare. Le attivit\u00e0 proposte sono molteplici e variegate: dalla semina e raccolta dei prodotti agricoli alla trasformazione degli stessi, passando per esperienze di manipolazione e creazione artistica. I laboratori di cucina permettono ai giovani partecipanti di scoprire le tecniche di preparazione dei cibi e l&#8217;importanza di un&#8217;alimentazione sana e sostenibile, mentre i laboratori artistici favoriscono lo sviluppo della creativit\u00e0 attraverso l&#8217;uso di materiali naturali. Il progetto di Educazione alla Campagna Amica, promosso da Coldiretti, ha giocato un ruolo fondamentale nell&#8217;avvicinare le giovani generazioni ai prodotti agricoli e alla vita rurale. In Puglia, questo progetto ha coinvolto negli ultimi dieci anni circa 200.000 bambini e 480 scuole, con una partecipazione particolarmente alta (70%) tra i bambini di et\u00e0 compresa tra i 4 e gli 11 anni. Gli studenti delle scuole materne e primarie hanno cos\u00ec l&#8217;opportunit\u00e0 di apprendere in un ambiente diverso e stimolante, mentre il restante 30% degli studenti coinvolti proviene dalle scuole medie e superiori. Le attivit\u00e0 delle fattorie didattiche sono progettate per essere educative e allo stesso tempo divertenti. Ad esempio, i bambini possono partecipare a laboratori di biopittura, dove imparano a creare colori naturali utilizzando foglie, fiori e ortaggi. Questi laboratori non solo stimolano la creativit\u00e0, ma insegnano anche l&#8217;importanza della sostenibilit\u00e0 e del rispetto per l&#8217;ambiente. I laboratori di cucina, invece, offrono ai giovani l&#8217;opportunit\u00e0 di diventare &#8220;baby chef&#8221;, imparando a preparare piatti semplici e sani, e a risparmiare risorse. Altri laboratori si concentrano sullo sviluppo dei sensi: i bambini possono allenare l&#8217;olfatto, il gusto, il tatto e la vista imparando a riconoscere le piante aromatiche o a distinguere i vari tipi di miele. Le fattorie didattiche offrono un supporto prezioso alle famiglie, in particolare alle madri, durante il periodo estivo, quando le scuole sono chiuse. Questi luoghi non solo forniscono un ambiente sicuro e stimolante per i bambini, ma contribuiscono anche al loro benessere psico-fisico. Le attivit\u00e0 all&#8217;aperto e a contatto con la natura aiutano i bambini a sviluppare una maggiore consapevolezza di s\u00e9 e del mondo che li circonda, promuovendo uno stile di vita sano e attivo.<\/p>\n\n\n\n<p>Coldiretti Puglia ha messo a disposizione delle autorit\u00e0 sanitarie, politiche e amministrative la sua rete di fattorie didattiche, offrendo competenze e spazi per sostenere i genitori e i bambini. Questa collaborazione mira a garantire che le famiglie possano accedere a servizi educativi di alta qualit\u00e0, capaci di rispondere alle diverse esigenze dei bambini e di favorire il loro sviluppo armonioso. In conclusione, le agricolonie e le fattorie didattiche rappresentano una risorsa preziosa per le famiglie pugliesi durante i mesi estivi. Offrono non solo un&#8217;alternativa ai tradizionali centri estivi, ma un&#8217;esperienza educativa che arricchisce i bambini dal punto di vista culturale, sociale ed emotivo. Attraverso il contatto diretto con la natura e le attivit\u00e0 pratiche, i bambini imparano valori importanti come la sostenibilit\u00e0, il rispetto per l&#8217;ambiente e l&#8217;importanza di un&#8217;alimentazione sana. Inoltre, queste esperienze contribuiscono a rafforzare il legame tra le giovani generazioni e il mondo agricolo, promuovendo una maggiore consapevolezza e apprezzamento per il lavoro degli agricoltori e per i prodotti della terra. Le famiglie pugliesi, quindi, possono contare su una vasta offerta di attivit\u00e0 estive che non solo divertono i bambini, ma li educano e li preparano a diventare cittadini consapevoli e responsabili.<\/p>\n","protected":false},"excerpt":{"rendered":"<p>In Puglia, la fine dell&#8217;anno scolastico segna l&#8217;inizio di una corsa frenetica per molte famiglie alla ricerca di centri estivi<\/p>\n","protected":false},"author":6,"featured_media":2179,"comment_status":"open","ping_status":"closed","sticky":false,"template":"","format":"standard","meta":{"colormag_page_container_layout":"default_layout","colormag_page_sidebar_layout":"default_layout","footnotes":""},"categories":[2,33],"tags":[],"class_list":["post-2177","post","type-post","status-publish","format-standard","has-post-thumbnail","hentry","category-attualita","category-network"],"yoast_head":"<!-- This site is optimized with the Yoast SEO plugin v27.5 - https:\/\/yoast.com\/product\/yoast-seo-wordpress\/ -->\n<title>Agricolonie e Fattorie Didattiche: L&#039;Offerta Estiva in Crescita per Bambini e Ragazzi in Puglia - La Voce del Paese<\/title>\n<meta name=\"robots\" content=\"index, follow, max-snippet:-1, max-image-preview:large, max-video-preview:-1\" \/>\n<link rel=\"canonical\" href=\"https:\/\/lavocedelpaese.info\/index.php\/2024\/06\/10\/agricolonie-e-fattorie-didattiche-lofferta-estiva-in-crescita-per-bambini-e-ragazzi-in-puglia\/\" \/>\n<meta property=\"og:locale\" content=\"it_IT\" \/>\n<meta property=\"og:type\" content=\"article\" \/>\n<meta property=\"og:title\" content=\"Agricolonie e Fattorie Didattiche: L&#039;Offerta Estiva in Crescita per Bambini e Ragazzi in Puglia - La Voce del Paese\" \/>\n<meta property=\"og:description\" content=\"In Puglia, la fine dell&#8217;anno scolastico segna l&#8217;inizio di una corsa frenetica per molte famiglie alla ricerca di centri estivi\" \/>\n<meta property=\"og:url\" content=\"https:\/\/lavocedelpaese.info\/index.php\/2024\/06\/10\/agricolonie-e-fattorie-didattiche-lofferta-estiva-in-crescita-per-bambini-e-ragazzi-in-puglia\/\" \/>\n<meta property=\"og:site_name\" content=\"La Voce del Paese\" \/>\n<meta property=\"article:publisher\" content=\"https:\/\/www.facebook.com\/lavocedelpaese.info\" \/>\n<meta property=\"article:published_time\" content=\"2024-06-10T01:19:58+00:00\" \/>\n<meta property=\"article:modified_time\" content=\"2024-06-10T01:19:59+00:00\" \/>\n<meta property=\"og:image\" content=\"https:\/\/lavocedelpaese.info\/wp-content\/uploads\/2024\/06\/centri-estivi.jpg\" \/>\n\t<meta property=\"og:image:width\" content=\"737\" \/>\n\t<meta property=\"og:image:height\" content=\"442\" \/>\n\t<meta property=\"og:image:type\" content=\"image\/jpeg\" \/>\n<meta name=\"author\" content=\"admin\" \/>\n<meta name=\"twitter:card\" content=\"summary_large_image\" \/>\n<meta name=\"twitter:label1\" content=\"Scritto da\" \/>\n\t<meta name=\"twitter:data1\" content=\"admin\" \/>\n\t<meta name=\"twitter:label2\" content=\"Tempo di lettura stimato\" \/>\n\t<meta name=\"twitter:data2\" content=\"5 minuti\" \/>\n<script type=\"application\/ld+json\" class=\"yoast-schema-graph\">{\"@context\":\"https:\\\/\\\/schema.org\",\"@graph\":[{\"@type\":\"Article\",\"@id\":\"https:\\\/\\\/lavocedelpaese.info\\\/index.php\\\/2024\\\/06\\\/10\\\/agricolonie-e-fattorie-didattiche-lofferta-estiva-in-crescita-per-bambini-e-ragazzi-in-puglia\\\/#article\",\"isPartOf\":{\"@id\":\"https:\\\/\\\/lavocedelpaese.info\\\/index.php\\\/2024\\\/06\\\/10\\\/agricolonie-e-fattorie-didattiche-lofferta-estiva-in-crescita-per-bambini-e-ragazzi-in-puglia\\\/\"},\"author\":{\"name\":\"admin\",\"@id\":\"https:\\\/\\\/lavocedelpaese.info\\\/#\\\/schema\\\/person\\\/ec151d321306bd7591f7a061abf72d88\"},\"headline\":\"Agricolonie e Fattorie Didattiche: L&#8217;Offerta Estiva in Crescita per Bambini e Ragazzi in Puglia\",\"datePublished\":\"2024-06-10T01:19:58+00:00\",\"dateModified\":\"2024-06-10T01:19:59+00:00\",\"mainEntityOfPage\":{\"@id\":\"https:\\\/\\\/lavocedelpaese.info\\\/index.php\\\/2024\\\/06\\\/10\\\/agricolonie-e-fattorie-didattiche-lofferta-estiva-in-crescita-per-bambini-e-ragazzi-in-puglia\\\/\"},\"wordCount\":892,\"commentCount\":0,\"publisher\":{\"@id\":\"https:\\\/\\\/lavocedelpaese.info\\\/#organization\"},\"image\":{\"@id\":\"https:\\\/\\\/lavocedelpaese.info\\\/index.php\\\/2024\\\/06\\\/10\\\/agricolonie-e-fattorie-didattiche-lofferta-estiva-in-crescita-per-bambini-e-ragazzi-in-puglia\\\/#primaryimage\"},\"thumbnailUrl\":\"https:\\\/\\\/lavocedelpaese.info\\\/wp-content\\\/uploads\\\/2024\\\/06\\\/centri-estivi.jpg\",\"articleSection\":[\"Attualit\u00e0\",\"network\"],\"inLanguage\":\"it-IT\",\"potentialAction\":[{\"@type\":\"CommentAction\",\"name\":\"Comment\",\"target\":[\"https:\\\/\\\/lavocedelpaese.info\\\/index.php\\\/2024\\\/06\\\/10\\\/agricolonie-e-fattorie-didattiche-lofferta-estiva-in-crescita-per-bambini-e-ragazzi-in-puglia\\\/#respond\"]}]},{\"@type\":\"WebPage\",\"@id\":\"https:\\\/\\\/lavocedelpaese.info\\\/index.php\\\/2024\\\/06\\\/10\\\/agricolonie-e-fattorie-didattiche-lofferta-estiva-in-crescita-per-bambini-e-ragazzi-in-puglia\\\/\",\"url\":\"https:\\\/\\\/lavocedelpaese.info\\\/index.php\\\/2024\\\/06\\\/10\\\/agricolonie-e-fattorie-didattiche-lofferta-estiva-in-crescita-per-bambini-e-ragazzi-in-puglia\\\/\",\"name\":\"Agricolonie e Fattorie Didattiche: L'Offerta Estiva in Crescita per Bambini e Ragazzi in Puglia - La Voce del Paese\",\"isPartOf\":{\"@id\":\"https:\\\/\\\/lavocedelpaese.info\\\/#website\"},\"primaryImageOfPage\":{\"@id\":\"https:\\\/\\\/lavocedelpaese.info\\\/index.php\\\/2024\\\/06\\\/10\\\/agricolonie-e-fattorie-didattiche-lofferta-estiva-in-crescita-per-bambini-e-ragazzi-in-puglia\\\/#primaryimage\"},\"image\":{\"@id\":\"https:\\\/\\\/lavocedelpaese.info\\\/index.php\\\/2024\\\/06\\\/10\\\/agricolonie-e-fattorie-didattiche-lofferta-estiva-in-crescita-per-bambini-e-ragazzi-in-puglia\\\/#primaryimage\"},\"thumbnailUrl\":\"https:\\\/\\\/lavocedelpaese.info\\\/wp-content\\\/uploads\\\/2024\\\/06\\\/centri-estivi.jpg\",\"datePublished\":\"2024-06-10T01:19:58+00:00\",\"dateModified\":\"2024-06-10T01:19:59+00:00\",\"breadcrumb\":{\"@id\":\"https:\\\/\\\/lavocedelpaese.info\\\/index.php\\\/2024\\\/06\\\/10\\\/agricolonie-e-fattorie-didattiche-lofferta-estiva-in-crescita-per-bambini-e-ragazzi-in-puglia\\\/#breadcrumb\"},\"inLanguage\":\"it-IT\",\"potentialAction\":[{\"@type\":\"ReadAction\",\"target\":[\"https:\\\/\\\/lavocedelpaese.info\\\/index.php\\\/2024\\\/06\\\/10\\\/agricolonie-e-fattorie-didattiche-lofferta-estiva-in-crescita-per-bambini-e-ragazzi-in-puglia\\\/\"]}]},{\"@type\":\"ImageObject\",\"inLanguage\":\"it-IT\",\"@id\":\"https:\\\/\\\/lavocedelpaese.info\\\/index.php\\\/2024\\\/06\\\/10\\\/agricolonie-e-fattorie-didattiche-lofferta-estiva-in-crescita-per-bambini-e-ragazzi-in-puglia\\\/#primaryimage\",\"url\":\"https:\\\/\\\/lavocedelpaese.info\\\/wp-content\\\/uploads\\\/2024\\\/06\\\/centri-estivi.jpg\",\"contentUrl\":\"https:\\\/\\\/lavocedelpaese.info\\\/wp-content\\\/uploads\\\/2024\\\/06\\\/centri-estivi.jpg\",\"width\":737,\"height\":442},{\"@type\":\"BreadcrumbList\",\"@id\":\"https:\\\/\\\/lavocedelpaese.info\\\/index.php\\\/2024\\\/06\\\/10\\\/agricolonie-e-fattorie-didattiche-lofferta-estiva-in-crescita-per-bambini-e-ragazzi-in-puglia\\\/#breadcrumb\",\"itemListElement\":[{\"@type\":\"ListItem\",\"position\":1,\"name\":\"Home\",\"item\":\"https:\\\/\\\/lavocedelpaese.info\\\/\"},{\"@type\":\"ListItem\",\"position\":2,\"name\":\"Agricolonie e Fattorie Didattiche: L&#8217;Offerta Estiva in Crescita per Bambini e Ragazzi in Puglia\"}]},{\"@type\":\"WebSite\",\"@id\":\"https:\\\/\\\/lavocedelpaese.info\\\/#website\",\"url\":\"https:\\\/\\\/lavocedelpaese.info\\\/\",\"name\":\"La Voce del Paese\",\"description\":\"Un network di idee\",\"publisher\":{\"@id\":\"https:\\\/\\\/lavocedelpaese.info\\\/#organization\"},\"potentialAction\":[{\"@type\":\"SearchAction\",\"target\":{\"@type\":\"EntryPoint\",\"urlTemplate\":\"https:\\\/\\\/lavocedelpaese.info\\\/?s={search_term_string}\"},\"query-input\":{\"@type\":\"PropertyValueSpecification\",\"valueRequired\":true,\"valueName\":\"search_term_string\"}}],\"inLanguage\":\"it-IT\"},{\"@type\":\"Organization\",\"@id\":\"https:\\\/\\\/lavocedelpaese.info\\\/#organization\",\"name\":\"La Voce del Paese\",\"url\":\"https:\\\/\\\/lavocedelpaese.info\\\/\",\"logo\":{\"@type\":\"ImageObject\",\"inLanguage\":\"it-IT\",\"@id\":\"https:\\\/\\\/lavocedelpaese.info\\\/#\\\/schema\\\/logo\\\/image\\\/\",\"url\":\"https:\\\/\\\/lavocedelpaese.info\\\/wp-content\\\/uploads\\\/2023\\\/01\\\/cropped-logo-150-127.png\",\"contentUrl\":\"https:\\\/\\\/lavocedelpaese.info\\\/wp-content\\\/uploads\\\/2023\\\/01\\\/cropped-logo-150-127.png\",\"width\":137,\"height\":119,\"caption\":\"La Voce del Paese\"},\"image\":{\"@id\":\"https:\\\/\\\/lavocedelpaese.info\\\/#\\\/schema\\\/logo\\\/image\\\/\"},\"sameAs\":[\"https:\\\/\\\/www.facebook.com\\\/lavocedelpaese.info\"]},{\"@type\":\"Person\",\"@id\":\"https:\\\/\\\/lavocedelpaese.info\\\/#\\\/schema\\\/person\\\/ec151d321306bd7591f7a061abf72d88\",\"name\":\"admin\",\"image\":{\"@type\":\"ImageObject\",\"inLanguage\":\"it-IT\",\"@id\":\"https:\\\/\\\/secure.gravatar.com\\\/avatar\\\/af8f2caf0663124588de48a9380e07cbc95a74ef15b8062d0d39106c32fe3023?s=96&d=mm&r=g\",\"url\":\"https:\\\/\\\/secure.gravatar.com\\\/avatar\\\/af8f2caf0663124588de48a9380e07cbc95a74ef15b8062d0d39106c32fe3023?s=96&d=mm&r=g\",\"contentUrl\":\"https:\\\/\\\/secure.gravatar.com\\\/avatar\\\/af8f2caf0663124588de48a9380e07cbc95a74ef15b8062d0d39106c32fe3023?s=96&d=mm&r=g\",\"caption\":\"admin\"},\"sameAs\":[\"https:\\\/\\\/lavocedelpaese.info\"],\"url\":\"https:\\\/\\\/lavocedelpaese.info\\\/index.php\\\/author\\\/admin\\\/\"}]}<\/script>\n<!-- \/ Yoast SEO plugin. -->","yoast_head_json":{"title":"Agricolonie e Fattorie Didattiche: L'Offerta Estiva in Crescita per Bambini e Ragazzi in Puglia - La Voce del Paese","robots":{"index":"index","follow":"follow","max-snippet":"max-snippet:-1","max-image-preview":"max-image-preview:large","max-video-preview":"max-video-preview:-1"},"canonical":"https:\/\/lavocedelpaese.info\/index.php\/2024\/06\/10\/agricolonie-e-fattorie-didattiche-lofferta-estiva-in-crescita-per-bambini-e-ragazzi-in-puglia\/","og_locale":"it_IT","og_type":"article","og_title":"Agricolonie e Fattorie Didattiche: L'Offerta Estiva in Crescita per Bambini e Ragazzi in Puglia - La Voce del Paese","og_description":"In Puglia, la fine dell&#8217;anno scolastico segna l&#8217;inizio di una corsa frenetica per molte famiglie alla ricerca di centri estivi","og_url":"https:\/\/lavocedelpaese.info\/index.php\/2024\/06\/10\/agricolonie-e-fattorie-didattiche-lofferta-estiva-in-crescita-per-bambini-e-ragazzi-in-puglia\/","og_site_name":"La Voce del Paese","article_publisher":"https:\/\/www.facebook.com\/lavocedelpaese.info","article_published_time":"2024-06-10T01:19:58+00:00","article_modified_time":"2024-06-10T01:19:59+00:00","og_image":[{"width":737,"height":442,"url":"https:\/\/lavocedelpaese.info\/wp-content\/uploads\/2024\/06\/centri-estivi.jpg","type":"image\/jpeg"}],"author":"admin","twitter_card":"summary_large_image","twitter_misc":{"Scritto da":"admin","Tempo di lettura stimato":"5 minuti"},"schema":{"@context":"https:\/\/schema.org","@graph":[{"@type":"Article","@id":"https:\/\/lavocedelpaese.info\/index.php\/2024\/06\/10\/agricolonie-e-fattorie-didattiche-lofferta-estiva-in-crescita-per-bambini-e-ragazzi-in-puglia\/#article","isPartOf":{"@id":"https:\/\/lavocedelpaese.info\/index.php\/2024\/06\/10\/agricolonie-e-fattorie-didattiche-lofferta-estiva-in-crescita-per-bambini-e-ragazzi-in-puglia\/"},"author":{"name":"admin","@id":"https:\/\/lavocedelpaese.info\/#\/schema\/person\/ec151d321306bd7591f7a061abf72d88"},"headline":"Agricolonie e Fattorie Didattiche: L&#8217;Offerta Estiva in Crescita per Bambini e Ragazzi in Puglia","datePublished":"2024-06-10T01:19:58+00:00","dateModified":"2024-06-10T01:19:59+00:00","mainEntityOfPage":{"@id":"https:\/\/lavocedelpaese.info\/index.php\/2024\/06\/10\/agricolonie-e-fattorie-didattiche-lofferta-estiva-in-crescita-per-bambini-e-ragazzi-in-puglia\/"},"wordCount":892,"commentCount":0,"publisher":{"@id":"https:\/\/lavocedelpaese.info\/#organization"},"image":{"@id":"https:\/\/lavocedelpaese.info\/index.php\/2024\/06\/10\/agricolonie-e-fattorie-didattiche-lofferta-estiva-in-crescita-per-bambini-e-ragazzi-in-puglia\/#primaryimage"},"thumbnailUrl":"https:\/\/lavocedelpaese.info\/wp-content\/uploads\/2024\/06\/centri-estivi.jpg","articleSection":["Attualit\u00e0","network"],"inLanguage":"it-IT","potentialAction":[{"@type":"CommentAction","name":"Comment","target":["https:\/\/lavocedelpaese.info\/index.php\/2024\/06\/10\/agricolonie-e-fattorie-didattiche-lofferta-estiva-in-crescita-per-bambini-e-ragazzi-in-puglia\/#respond"]}]},{"@type":"WebPage","@id":"https:\/\/lavocedelpaese.info\/index.php\/2024\/06\/10\/agricolonie-e-fattorie-didattiche-lofferta-estiva-in-crescita-per-bambini-e-ragazzi-in-puglia\/","url":"https:\/\/lavocedelpaese.info\/index.php\/2024\/06\/10\/agricolonie-e-fattorie-didattiche-lofferta-estiva-in-crescita-per-bambini-e-ragazzi-in-puglia\/","name":"Agricolonie e Fattorie Didattiche: L'Offerta Estiva in Crescita per Bambini e Ragazzi in Puglia - La Voce del Paese","isPartOf":{"@id":"https:\/\/lavocedelpaese.info\/#website"},"primaryImageOfPage":{"@id":"https:\/\/lavocedelpaese.info\/index.php\/2024\/06\/10\/agricolonie-e-fattorie-didattiche-lofferta-estiva-in-crescita-per-bambini-e-ragazzi-in-puglia\/#primaryimage"},"image":{"@id":"https:\/\/lavocedelpaese.info\/index.php\/2024\/06\/10\/agricolonie-e-fattorie-didattiche-lofferta-estiva-in-crescita-per-bambini-e-ragazzi-in-puglia\/#primaryimage"},"thumbnailUrl":"https:\/\/lavocedelpaese.info\/wp-content\/uploads\/2024\/06\/centri-estivi.jpg","datePublished":"2024-06-10T01:19:58+00:00","dateModified":"2024-06-10T01:19:59+00:00","breadcrumb":{"@id":"https:\/\/lavocedelpaese.info\/index.php\/2024\/06\/10\/agricolonie-e-fattorie-didattiche-lofferta-estiva-in-crescita-per-bambini-e-ragazzi-in-puglia\/#breadcrumb"},"inLanguage":"it-IT","potentialAction":[{"@type":"ReadAction","target":["https:\/\/lavocedelpaese.info\/index.php\/2024\/06\/10\/agricolonie-e-fattorie-didattiche-lofferta-estiva-in-crescita-per-bambini-e-ragazzi-in-puglia\/"]}]},{"@type":"ImageObject","inLanguage":"it-IT","@id":"https:\/\/lavocedelpaese.info\/index.php\/2024\/06\/10\/agricolonie-e-fattorie-didattiche-lofferta-estiva-in-crescita-per-bambini-e-ragazzi-in-puglia\/#primaryimage","url":"https:\/\/lavocedelpaese.info\/wp-content\/uploads\/2024\/06\/centri-estivi.jpg","contentUrl":"https:\/\/lavocedelpaese.info\/wp-content\/uploads\/2024\/06\/centri-estivi.jpg","width":737,"height":442},{"@type":"BreadcrumbList","@id":"https:\/\/lavocedelpaese.info\/index.php\/2024\/06\/10\/agricolonie-e-fattorie-didattiche-lofferta-estiva-in-crescita-per-bambini-e-ragazzi-in-puglia\/#breadcrumb","itemListElement":[{"@type":"ListItem","position":1,"name":"Home","item":"https:\/\/lavocedelpaese.info\/"},{"@type":"ListItem","position":2,"name":"Agricolonie e Fattorie Didattiche: L&#8217;Offerta Estiva in Crescita per Bambini e Ragazzi in Puglia"}]},{"@type":"WebSite","@id":"https:\/\/lavocedelpaese.info\/#website","url":"https:\/\/lavocedelpaese.info\/","name":"La Voce del Paese","description":"Un network di idee","publisher":{"@id":"https:\/\/lavocedelpaese.info\/#organization"},"potentialAction":[{"@type":"SearchAction","target":{"@type":"EntryPoint","urlTemplate":"https:\/\/lavocedelpaese.info\/?s={search_term_string}"},"query-input":{"@type":"PropertyValueSpecification","valueRequired":true,"valueName":"search_term_string"}}],"inLanguage":"it-IT"},{"@type":"Organization","@id":"https:\/\/lavocedelpaese.info\/#organization","name":"La Voce del Paese","url":"https:\/\/lavocedelpaese.info\/","logo":{"@type":"ImageObject","inLanguage":"it-IT","@id":"https:\/\/lavocedelpaese.info\/#\/schema\/logo\/image\/","url":"https:\/\/lavocedelpaese.info\/wp-content\/uploads\/2023\/01\/cropped-logo-150-127.png","contentUrl":"https:\/\/lavocedelpaese.info\/wp-content\/uploads\/2023\/01\/cropped-logo-150-127.png","width":137,"height":119,"caption":"La Voce del Paese"},"image":{"@id":"https:\/\/lavocedelpaese.info\/#\/schema\/logo\/image\/"},"sameAs":["https:\/\/www.facebook.com\/lavocedelpaese.info"]},{"@type":"Person","@id":"https:\/\/lavocedelpaese.info\/#\/schema\/person\/ec151d321306bd7591f7a061abf72d88","name":"admin","image":{"@type":"ImageObject","inLanguage":"it-IT","@id":"https:\/\/secure.gravatar.com\/avatar\/af8f2caf0663124588de48a9380e07cbc95a74ef15b8062d0d39106c32fe3023?s=96&d=mm&r=g","url":"https:\/\/secure.gravatar.com\/avatar\/af8f2caf0663124588de48a9380e07cbc95a74ef15b8062d0d39106c32fe3023?s=96&d=mm&r=g","contentUrl":"https:\/\/secure.gravatar.com\/avatar\/af8f2caf0663124588de48a9380e07cbc95a74ef15b8062d0d39106c32fe3023?s=96&d=mm&r=g","caption":"admin"},"sameAs":["https:\/\/lavocedelpaese.info"],"url":"https:\/\/lavocedelpaese.info\/index.php\/author\/admin\/"}]}},"_links":{"self":[{"href":"https:\/\/lavocedelpaese.info\/index.php\/wp-json\/wp\/v2\/posts\/2177","targetHints":{"allow":["GET"]}}],"collection":[{"href":"https:\/\/lavocedelpaese.info\/index.php\/wp-json\/wp\/v2\/posts"}],"about":[{"href":"https:\/\/lavocedelpaese.info\/index.php\/wp-json\/wp\/v2\/types\/post"}],"author":[{"embeddable":true,"href":"https:\/\/lavocedelpaese.info\/index.php\/wp-json\/wp\/v2\/users\/6"}],"replies":[{"embeddable":true,"href":"https:\/\/lavocedelpaese.info\/index.php\/wp-json\/wp\/v2\/comments?post=2177"}],"version-history":[{"count":1,"href":"https:\/\/lavocedelpaese.info\/index.php\/wp-json\/wp\/v2\/posts\/2177\/revisions"}],"predecessor-version":[{"id":2178,"href":"https:\/\/lavocedelpaese.info\/index.php\/wp-json\/wp\/v2\/posts\/2177\/revisions\/2178"}],"wp:featuredmedia":[{"embeddable":true,"href":"https:\/\/lavocedelpaese.info\/index.php\/wp-json\/wp\/v2\/media\/2179"}],"wp:attachment":[{"href":"https:\/\/lavocedelpaese.info\/index.php\/wp-json\/wp\/v2\/media?parent=2177"}],"wp:term":[{"taxonomy":"category","embeddable":true,"href":"https:\/\/lavocedelpaese.info\/index.php\/wp-json\/wp\/v2\/categories?post=2177"},{"taxonomy":"post_tag","embeddable":true,"href":"https:\/\/lavocedelpaese.info\/index.php\/wp-json\/wp\/v2\/tags?post=2177"}],"curies":[{"name":"wp","href":"https:\/\/api.w.org\/{rel}","templated":true}]}}