{"id":2156,"date":"2024-06-10T00:55:11","date_gmt":"2024-06-10T00:55:11","guid":{"rendered":"https:\/\/lavocedelpaese.info\/?p=2156"},"modified":"2024-06-10T00:55:12","modified_gmt":"2024-06-10T00:55:12","slug":"bari-fumata-bianca-per-il-nuovo-direttore-sportivo","status":"publish","type":"post","link":"https:\/\/lavocedelpaese.info\/index.php\/2024\/06\/10\/bari-fumata-bianca-per-il-nuovo-direttore-sportivo\/","title":{"rendered":"Bari, Fumata Bianca per il Nuovo Direttore Sportivo"},"content":{"rendered":"\n<p><strong>Giuseppe Magalini Pronto a Guidare il Club verso un Nuovo Capitolo<\/strong><\/p>\n\n\n\n<p>Il nuovo corso della SSC Bari \u00e8 ormai imminente, con l&#8217;annuncio ufficiale dell&#8217;ingaggio di Giuseppe Magalini come nuovo direttore sportivo atteso a breve. Dopo una lunga trattativa, l&#8217;accordo tra il club biancorosso e Magalini sembra essere stato finalmente raggiunto, ponendo fine a settimane di speculazioni e ipotesi. Magalini, un dirigente esperto e rispettato, ha trascorso le ultime due stagioni lavorando per il Catanzaro, dove ha collaborato con l&#8217;ex biancorosso Vincenzo Vivarini. Durante il suo periodo a Catanzaro, Magalini ha ottenuto risultati notevoli, tra cui la promozione dalla Serie C e il raggiungimento della semifinale play-off di Serie B nella stagione appena conclusa. Questo successo ha attirato l&#8217;attenzione della dirigenza del Bari, guidata dai De Laurentiis, che ha visto in lui il candidato ideale per prendere il posto di Ciro Polito, esonerato il 4 giugno scorso dopo tre anni alla guida sportiva del club.<\/p>\n\n\n\n<p>Il nuovo direttore sportivo veronese, Giuseppe Magalini, ha dimostrato di essere un professionista capace di costruire squadre competitive e di raggiungere obiettivi ambiziosi. Il suo arrivo a Bari segna un cambio di rotta per la squadra pugliese, che punta a tornare ai vertici del calcio italiano. L&#8217;esperienza di Magalini sar\u00e0 cruciale per rafforzare la rosa e migliorare le prestazioni della squadra, con l&#8217;obiettivo di raggiungere la promozione in Serie B e, successivamente, ambire alla Serie A. La scelta di Magalini da parte della dirigenza del Bari riflette una strategia chiara e ambiziosa: costruire una squadra solida, basata su un mix di giovani talenti e giocatori esperti, in grado di competere ai massimi livelli.<\/p>\n\n\n\n<p>Nonostante le indiscrezioni riguardanti un possibile ritorno di Vincenzo Vivarini sulla panchina del Bari, questa ipotesi appare al momento difficile da realizzare. Il presidente del Catanzaro, Noto, \u00e8 determinato a far rispettare l&#8217;ultimo anno di contratto del tecnico abruzzese, che ha ancora legami forti con la squadra calabrese. Tuttavia, la collaborazione tra Magalini e Vivarini negli ultimi anni ha dimostrato di essere fruttuosa, e non \u00e8 escluso che in futuro possano tornare a lavorare insieme. Nel frattempo, Magalini dovr\u00e0 valutare altre opzioni per la guida tecnica del Bari, con nomi di rilievo come Roberto D&#8217;Aversa e Filippo Inzaghi che circolano come possibili candidati.<\/p>\n\n\n\n<p>Roberto D&#8217;Aversa, con una solida esperienza in Serie B e Serie A, potrebbe rappresentare una scelta ideale per il Bari. Il suo approccio tattico equilibrato e la capacit\u00e0 di lavorare con squadre in crescita lo rendono un candidato interessante. D&#8217;Aversa ha dimostrato di saper gestire gruppi di giocatori eterogenei, valorizzando i talenti giovani e sfruttando l&#8217;esperienza dei veterani. Un altro nome di rilievo \u00e8 quello di Filippo Inzaghi, ex attaccante di fama mondiale e allenatore con esperienze significative in Serie B. Inzaghi ha una visione offensiva del calcio e potrebbe portare entusiasmo e ambizione alla squadra biancorossa.<\/p>\n\n\n\n<p>Accanto a Magalini, \u00e8 previsto l&#8217;arrivo di Valerio Di Cesare come responsabile dell&#8217;area tecnica. Di Cesare, con una lunga carriera da calciatore professionista, \u00e8 ben conosciuto nell&#8217;ambiente calcistico per la sua competenza e dedizione. La sua presenza sar\u00e0 fondamentale per supportare Magalini nella gestione delle operazioni quotidiane e nella costruzione di una squadra competitiva. Di Cesare avr\u00e0 il compito di coordinare il lavoro dello staff tecnico, facilitare la comunicazione tra i giocatori e la dirigenza e contribuire a creare un ambiente positivo e motivante.<\/p>\n\n\n\n<p>L&#8217;annuncio dell&#8217;ingaggio di Magalini \u00e8 atteso con grande interesse dai tifosi del Bari, che vedono in questo cambiamento una possibilit\u00e0 di riscatto dopo anni di difficolt\u00e0. La squadra, che ha una storia gloriosa nel calcio italiano, \u00e8 pronta a intraprendere un nuovo capitolo, con l&#8217;obiettivo di tornare ai fasti di un tempo. La citt\u00e0 di Bari, appassionata e calorosa, \u00e8 pronta a sostenere la squadra in questo percorso, sperando di vedere presto i biancorossi competere ai massimi livelli.<\/p>\n\n\n\n<p>L&#8217;arrivo di un direttore sportivo esperto come Magalini rappresenta una mossa strategica per il futuro del Bari. La sua capacit\u00e0 di individuare talenti, costruire squadre competitive e gestire le dinamiche interne sar\u00e0 fondamentale per il successo del club. La dirigenza del Bari, guidata dai De Laurentiis, ha dimostrato di avere una visione chiara e ambiziosa, investendo in figure professionali di alto livello per riportare la squadra ai vertici del calcio italiano. L&#8217;attesa per l&#8217;annuncio ufficiale di Magalini \u00e8 carica di speranza e aspettative, con la convinzione che questo cambiamento possa segnare l&#8217;inizio di una nuova era per la SSC Bari. In conclusione, l&#8217;ingaggio di Giuseppe Magalini come nuovo direttore sportivo del Bari rappresenta un passo importante per il futuro della squadra. La sua esperienza e competenza saranno fondamentali per costruire una squadra competitiva e ambiziosa, capace di raggiungere gli obiettivi prefissati. Con l&#8217;ausilio di Valerio Di Cesare nell&#8217;area tecnica e la valutazione di allenatori di alto profilo come Roberto D&#8217;Aversa e Filippo Inzaghi, il Bari \u00e8 pronto a intraprendere un nuovo corso, con l&#8217;obiettivo di tornare ai vertici del calcio italiano. I tifosi attendono con ansia l&#8217;annuncio ufficiale, sperando che questo cambiamento possa portare finalmente la squadra alla ribalta. La citt\u00e0 di Bari, con la sua passione e il suo sostegno incondizionato, \u00e8 pronta a vivere questo nuovo capitolo con entusiasmo e determinazione, con la speranza di vedere presto i biancorossi competere ai massimi livelli.<\/p>\n","protected":false},"excerpt":{"rendered":"<p>Giuseppe Magalini Pronto a Guidare il Club verso un Nuovo Capitolo Il nuovo corso della SSC Bari \u00e8 ormai imminente,<\/p>\n","protected":false},"author":6,"featured_media":2157,"comment_status":"open","ping_status":"closed","sticky":false,"template":"","format":"standard","meta":{"colormag_page_container_layout":"default_layout","colormag_page_sidebar_layout":"default_layout","footnotes":""},"categories":[15],"tags":[],"class_list":["post-2156","post","type-post","status-publish","format-standard","has-post-thumbnail","hentry","category-sport"],"yoast_head":"<!-- This site is optimized with the Yoast SEO plugin v27.5 - https:\/\/yoast.com\/product\/yoast-seo-wordpress\/ -->\n<title>Bari, Fumata Bianca per il Nuovo Direttore Sportivo - La Voce del Paese<\/title>\n<meta name=\"robots\" content=\"index, follow, max-snippet:-1, max-image-preview:large, max-video-preview:-1\" \/>\n<link rel=\"canonical\" href=\"https:\/\/lavocedelpaese.info\/index.php\/2024\/06\/10\/bari-fumata-bianca-per-il-nuovo-direttore-sportivo\/\" \/>\n<meta property=\"og:locale\" content=\"it_IT\" \/>\n<meta property=\"og:type\" content=\"article\" \/>\n<meta property=\"og:title\" content=\"Bari, Fumata Bianca per il Nuovo Direttore Sportivo - La Voce del Paese\" \/>\n<meta property=\"og:description\" content=\"Giuseppe Magalini Pronto a Guidare il Club verso un Nuovo Capitolo Il nuovo corso della SSC Bari \u00e8 ormai imminente,\" \/>\n<meta property=\"og:url\" content=\"https:\/\/lavocedelpaese.info\/index.php\/2024\/06\/10\/bari-fumata-bianca-per-il-nuovo-direttore-sportivo\/\" \/>\n<meta property=\"og:site_name\" content=\"La Voce del Paese\" \/>\n<meta property=\"article:publisher\" content=\"https:\/\/www.facebook.com\/lavocedelpaese.info\" \/>\n<meta property=\"article:published_time\" content=\"2024-06-10T00:55:11+00:00\" \/>\n<meta property=\"article:modified_time\" content=\"2024-06-10T00:55:12+00:00\" \/>\n<meta property=\"og:image\" content=\"https:\/\/lavocedelpaese.info\/wp-content\/uploads\/2024\/06\/as-bari.jpg\" \/>\n\t<meta property=\"og:image:width\" content=\"311\" \/>\n\t<meta property=\"og:image:height\" content=\"162\" \/>\n\t<meta property=\"og:image:type\" content=\"image\/jpeg\" \/>\n<meta name=\"author\" content=\"admin\" \/>\n<meta name=\"twitter:card\" content=\"summary_large_image\" \/>\n<meta name=\"twitter:label1\" content=\"Scritto da\" \/>\n\t<meta name=\"twitter:data1\" content=\"admin\" \/>\n\t<meta name=\"twitter:label2\" content=\"Tempo di lettura stimato\" \/>\n\t<meta name=\"twitter:data2\" content=\"5 minuti\" \/>\n<script type=\"application\/ld+json\" class=\"yoast-schema-graph\">{\"@context\":\"https:\\\/\\\/schema.org\",\"@graph\":[{\"@type\":\"Article\",\"@id\":\"https:\\\/\\\/lavocedelpaese.info\\\/index.php\\\/2024\\\/06\\\/10\\\/bari-fumata-bianca-per-il-nuovo-direttore-sportivo\\\/#article\",\"isPartOf\":{\"@id\":\"https:\\\/\\\/lavocedelpaese.info\\\/index.php\\\/2024\\\/06\\\/10\\\/bari-fumata-bianca-per-il-nuovo-direttore-sportivo\\\/\"},\"author\":{\"name\":\"admin\",\"@id\":\"https:\\\/\\\/lavocedelpaese.info\\\/#\\\/schema\\\/person\\\/ec151d321306bd7591f7a061abf72d88\"},\"headline\":\"Bari, Fumata Bianca per il Nuovo Direttore Sportivo\",\"datePublished\":\"2024-06-10T00:55:11+00:00\",\"dateModified\":\"2024-06-10T00:55:12+00:00\",\"mainEntityOfPage\":{\"@id\":\"https:\\\/\\\/lavocedelpaese.info\\\/index.php\\\/2024\\\/06\\\/10\\\/bari-fumata-bianca-per-il-nuovo-direttore-sportivo\\\/\"},\"wordCount\":887,\"commentCount\":0,\"publisher\":{\"@id\":\"https:\\\/\\\/lavocedelpaese.info\\\/#organization\"},\"image\":{\"@id\":\"https:\\\/\\\/lavocedelpaese.info\\\/index.php\\\/2024\\\/06\\\/10\\\/bari-fumata-bianca-per-il-nuovo-direttore-sportivo\\\/#primaryimage\"},\"thumbnailUrl\":\"https:\\\/\\\/lavocedelpaese.info\\\/wp-content\\\/uploads\\\/2024\\\/06\\\/as-bari.jpg\",\"articleSection\":[\"Sport\"],\"inLanguage\":\"it-IT\",\"potentialAction\":[{\"@type\":\"CommentAction\",\"name\":\"Comment\",\"target\":[\"https:\\\/\\\/lavocedelpaese.info\\\/index.php\\\/2024\\\/06\\\/10\\\/bari-fumata-bianca-per-il-nuovo-direttore-sportivo\\\/#respond\"]}]},{\"@type\":\"WebPage\",\"@id\":\"https:\\\/\\\/lavocedelpaese.info\\\/index.php\\\/2024\\\/06\\\/10\\\/bari-fumata-bianca-per-il-nuovo-direttore-sportivo\\\/\",\"url\":\"https:\\\/\\\/lavocedelpaese.info\\\/index.php\\\/2024\\\/06\\\/10\\\/bari-fumata-bianca-per-il-nuovo-direttore-sportivo\\\/\",\"name\":\"Bari, Fumata Bianca per il Nuovo Direttore Sportivo - La Voce del Paese\",\"isPartOf\":{\"@id\":\"https:\\\/\\\/lavocedelpaese.info\\\/#website\"},\"primaryImageOfPage\":{\"@id\":\"https:\\\/\\\/lavocedelpaese.info\\\/index.php\\\/2024\\\/06\\\/10\\\/bari-fumata-bianca-per-il-nuovo-direttore-sportivo\\\/#primaryimage\"},\"image\":{\"@id\":\"https:\\\/\\\/lavocedelpaese.info\\\/index.php\\\/2024\\\/06\\\/10\\\/bari-fumata-bianca-per-il-nuovo-direttore-sportivo\\\/#primaryimage\"},\"thumbnailUrl\":\"https:\\\/\\\/lavocedelpaese.info\\\/wp-content\\\/uploads\\\/2024\\\/06\\\/as-bari.jpg\",\"datePublished\":\"2024-06-10T00:55:11+00:00\",\"dateModified\":\"2024-06-10T00:55:12+00:00\",\"breadcrumb\":{\"@id\":\"https:\\\/\\\/lavocedelpaese.info\\\/index.php\\\/2024\\\/06\\\/10\\\/bari-fumata-bianca-per-il-nuovo-direttore-sportivo\\\/#breadcrumb\"},\"inLanguage\":\"it-IT\",\"potentialAction\":[{\"@type\":\"ReadAction\",\"target\":[\"https:\\\/\\\/lavocedelpaese.info\\\/index.php\\\/2024\\\/06\\\/10\\\/bari-fumata-bianca-per-il-nuovo-direttore-sportivo\\\/\"]}]},{\"@type\":\"ImageObject\",\"inLanguage\":\"it-IT\",\"@id\":\"https:\\\/\\\/lavocedelpaese.info\\\/index.php\\\/2024\\\/06\\\/10\\\/bari-fumata-bianca-per-il-nuovo-direttore-sportivo\\\/#primaryimage\",\"url\":\"https:\\\/\\\/lavocedelpaese.info\\\/wp-content\\\/uploads\\\/2024\\\/06\\\/as-bari.jpg\",\"contentUrl\":\"https:\\\/\\\/lavocedelpaese.info\\\/wp-content\\\/uploads\\\/2024\\\/06\\\/as-bari.jpg\",\"width\":311,\"height\":162},{\"@type\":\"BreadcrumbList\",\"@id\":\"https:\\\/\\\/lavocedelpaese.info\\\/index.php\\\/2024\\\/06\\\/10\\\/bari-fumata-bianca-per-il-nuovo-direttore-sportivo\\\/#breadcrumb\",\"itemListElement\":[{\"@type\":\"ListItem\",\"position\":1,\"name\":\"Home\",\"item\":\"https:\\\/\\\/lavocedelpaese.info\\\/\"},{\"@type\":\"ListItem\",\"position\":2,\"name\":\"Bari, Fumata Bianca per il Nuovo Direttore Sportivo\"}]},{\"@type\":\"WebSite\",\"@id\":\"https:\\\/\\\/lavocedelpaese.info\\\/#website\",\"url\":\"https:\\\/\\\/lavocedelpaese.info\\\/\",\"name\":\"La Voce del Paese\",\"description\":\"Un network di idee\",\"publisher\":{\"@id\":\"https:\\\/\\\/lavocedelpaese.info\\\/#organization\"},\"potentialAction\":[{\"@type\":\"SearchAction\",\"target\":{\"@type\":\"EntryPoint\",\"urlTemplate\":\"https:\\\/\\\/lavocedelpaese.info\\\/?s={search_term_string}\"},\"query-input\":{\"@type\":\"PropertyValueSpecification\",\"valueRequired\":true,\"valueName\":\"search_term_string\"}}],\"inLanguage\":\"it-IT\"},{\"@type\":\"Organization\",\"@id\":\"https:\\\/\\\/lavocedelpaese.info\\\/#organization\",\"name\":\"La Voce del Paese\",\"url\":\"https:\\\/\\\/lavocedelpaese.info\\\/\",\"logo\":{\"@type\":\"ImageObject\",\"inLanguage\":\"it-IT\",\"@id\":\"https:\\\/\\\/lavocedelpaese.info\\\/#\\\/schema\\\/logo\\\/image\\\/\",\"url\":\"https:\\\/\\\/lavocedelpaese.info\\\/wp-content\\\/uploads\\\/2023\\\/01\\\/cropped-logo-150-127.png\",\"contentUrl\":\"https:\\\/\\\/lavocedelpaese.info\\\/wp-content\\\/uploads\\\/2023\\\/01\\\/cropped-logo-150-127.png\",\"width\":137,\"height\":119,\"caption\":\"La Voce del Paese\"},\"image\":{\"@id\":\"https:\\\/\\\/lavocedelpaese.info\\\/#\\\/schema\\\/logo\\\/image\\\/\"},\"sameAs\":[\"https:\\\/\\\/www.facebook.com\\\/lavocedelpaese.info\"]},{\"@type\":\"Person\",\"@id\":\"https:\\\/\\\/lavocedelpaese.info\\\/#\\\/schema\\\/person\\\/ec151d321306bd7591f7a061abf72d88\",\"name\":\"admin\",\"image\":{\"@type\":\"ImageObject\",\"inLanguage\":\"it-IT\",\"@id\":\"https:\\\/\\\/secure.gravatar.com\\\/avatar\\\/af8f2caf0663124588de48a9380e07cbc95a74ef15b8062d0d39106c32fe3023?s=96&d=mm&r=g\",\"url\":\"https:\\\/\\\/secure.gravatar.com\\\/avatar\\\/af8f2caf0663124588de48a9380e07cbc95a74ef15b8062d0d39106c32fe3023?s=96&d=mm&r=g\",\"contentUrl\":\"https:\\\/\\\/secure.gravatar.com\\\/avatar\\\/af8f2caf0663124588de48a9380e07cbc95a74ef15b8062d0d39106c32fe3023?s=96&d=mm&r=g\",\"caption\":\"admin\"},\"sameAs\":[\"https:\\\/\\\/lavocedelpaese.info\"],\"url\":\"https:\\\/\\\/lavocedelpaese.info\\\/index.php\\\/author\\\/admin\\\/\"}]}<\/script>\n<!-- \/ Yoast SEO plugin. -->","yoast_head_json":{"title":"Bari, Fumata Bianca per il Nuovo Direttore Sportivo - La Voce del Paese","robots":{"index":"index","follow":"follow","max-snippet":"max-snippet:-1","max-image-preview":"max-image-preview:large","max-video-preview":"max-video-preview:-1"},"canonical":"https:\/\/lavocedelpaese.info\/index.php\/2024\/06\/10\/bari-fumata-bianca-per-il-nuovo-direttore-sportivo\/","og_locale":"it_IT","og_type":"article","og_title":"Bari, Fumata Bianca per il Nuovo Direttore Sportivo - La Voce del Paese","og_description":"Giuseppe Magalini Pronto a Guidare il Club verso un Nuovo Capitolo Il nuovo corso della SSC Bari \u00e8 ormai imminente,","og_url":"https:\/\/lavocedelpaese.info\/index.php\/2024\/06\/10\/bari-fumata-bianca-per-il-nuovo-direttore-sportivo\/","og_site_name":"La Voce del Paese","article_publisher":"https:\/\/www.facebook.com\/lavocedelpaese.info","article_published_time":"2024-06-10T00:55:11+00:00","article_modified_time":"2024-06-10T00:55:12+00:00","og_image":[{"width":311,"height":162,"url":"https:\/\/lavocedelpaese.info\/wp-content\/uploads\/2024\/06\/as-bari.jpg","type":"image\/jpeg"}],"author":"admin","twitter_card":"summary_large_image","twitter_misc":{"Scritto da":"admin","Tempo di lettura stimato":"5 minuti"},"schema":{"@context":"https:\/\/schema.org","@graph":[{"@type":"Article","@id":"https:\/\/lavocedelpaese.info\/index.php\/2024\/06\/10\/bari-fumata-bianca-per-il-nuovo-direttore-sportivo\/#article","isPartOf":{"@id":"https:\/\/lavocedelpaese.info\/index.php\/2024\/06\/10\/bari-fumata-bianca-per-il-nuovo-direttore-sportivo\/"},"author":{"name":"admin","@id":"https:\/\/lavocedelpaese.info\/#\/schema\/person\/ec151d321306bd7591f7a061abf72d88"},"headline":"Bari, Fumata Bianca per il Nuovo Direttore Sportivo","datePublished":"2024-06-10T00:55:11+00:00","dateModified":"2024-06-10T00:55:12+00:00","mainEntityOfPage":{"@id":"https:\/\/lavocedelpaese.info\/index.php\/2024\/06\/10\/bari-fumata-bianca-per-il-nuovo-direttore-sportivo\/"},"wordCount":887,"commentCount":0,"publisher":{"@id":"https:\/\/lavocedelpaese.info\/#organization"},"image":{"@id":"https:\/\/lavocedelpaese.info\/index.php\/2024\/06\/10\/bari-fumata-bianca-per-il-nuovo-direttore-sportivo\/#primaryimage"},"thumbnailUrl":"https:\/\/lavocedelpaese.info\/wp-content\/uploads\/2024\/06\/as-bari.jpg","articleSection":["Sport"],"inLanguage":"it-IT","potentialAction":[{"@type":"CommentAction","name":"Comment","target":["https:\/\/lavocedelpaese.info\/index.php\/2024\/06\/10\/bari-fumata-bianca-per-il-nuovo-direttore-sportivo\/#respond"]}]},{"@type":"WebPage","@id":"https:\/\/lavocedelpaese.info\/index.php\/2024\/06\/10\/bari-fumata-bianca-per-il-nuovo-direttore-sportivo\/","url":"https:\/\/lavocedelpaese.info\/index.php\/2024\/06\/10\/bari-fumata-bianca-per-il-nuovo-direttore-sportivo\/","name":"Bari, Fumata Bianca per il Nuovo Direttore Sportivo - La Voce del Paese","isPartOf":{"@id":"https:\/\/lavocedelpaese.info\/#website"},"primaryImageOfPage":{"@id":"https:\/\/lavocedelpaese.info\/index.php\/2024\/06\/10\/bari-fumata-bianca-per-il-nuovo-direttore-sportivo\/#primaryimage"},"image":{"@id":"https:\/\/lavocedelpaese.info\/index.php\/2024\/06\/10\/bari-fumata-bianca-per-il-nuovo-direttore-sportivo\/#primaryimage"},"thumbnailUrl":"https:\/\/lavocedelpaese.info\/wp-content\/uploads\/2024\/06\/as-bari.jpg","datePublished":"2024-06-10T00:55:11+00:00","dateModified":"2024-06-10T00:55:12+00:00","breadcrumb":{"@id":"https:\/\/lavocedelpaese.info\/index.php\/2024\/06\/10\/bari-fumata-bianca-per-il-nuovo-direttore-sportivo\/#breadcrumb"},"inLanguage":"it-IT","potentialAction":[{"@type":"ReadAction","target":["https:\/\/lavocedelpaese.info\/index.php\/2024\/06\/10\/bari-fumata-bianca-per-il-nuovo-direttore-sportivo\/"]}]},{"@type":"ImageObject","inLanguage":"it-IT","@id":"https:\/\/lavocedelpaese.info\/index.php\/2024\/06\/10\/bari-fumata-bianca-per-il-nuovo-direttore-sportivo\/#primaryimage","url":"https:\/\/lavocedelpaese.info\/wp-content\/uploads\/2024\/06\/as-bari.jpg","contentUrl":"https:\/\/lavocedelpaese.info\/wp-content\/uploads\/2024\/06\/as-bari.jpg","width":311,"height":162},{"@type":"BreadcrumbList","@id":"https:\/\/lavocedelpaese.info\/index.php\/2024\/06\/10\/bari-fumata-bianca-per-il-nuovo-direttore-sportivo\/#breadcrumb","itemListElement":[{"@type":"ListItem","position":1,"name":"Home","item":"https:\/\/lavocedelpaese.info\/"},{"@type":"ListItem","position":2,"name":"Bari, Fumata Bianca per il Nuovo Direttore Sportivo"}]},{"@type":"WebSite","@id":"https:\/\/lavocedelpaese.info\/#website","url":"https:\/\/lavocedelpaese.info\/","name":"La Voce del Paese","description":"Un network di idee","publisher":{"@id":"https:\/\/lavocedelpaese.info\/#organization"},"potentialAction":[{"@type":"SearchAction","target":{"@type":"EntryPoint","urlTemplate":"https:\/\/lavocedelpaese.info\/?s={search_term_string}"},"query-input":{"@type":"PropertyValueSpecification","valueRequired":true,"valueName":"search_term_string"}}],"inLanguage":"it-IT"},{"@type":"Organization","@id":"https:\/\/lavocedelpaese.info\/#organization","name":"La Voce del Paese","url":"https:\/\/lavocedelpaese.info\/","logo":{"@type":"ImageObject","inLanguage":"it-IT","@id":"https:\/\/lavocedelpaese.info\/#\/schema\/logo\/image\/","url":"https:\/\/lavocedelpaese.info\/wp-content\/uploads\/2023\/01\/cropped-logo-150-127.png","contentUrl":"https:\/\/lavocedelpaese.info\/wp-content\/uploads\/2023\/01\/cropped-logo-150-127.png","width":137,"height":119,"caption":"La Voce del Paese"},"image":{"@id":"https:\/\/lavocedelpaese.info\/#\/schema\/logo\/image\/"},"sameAs":["https:\/\/www.facebook.com\/lavocedelpaese.info"]},{"@type":"Person","@id":"https:\/\/lavocedelpaese.info\/#\/schema\/person\/ec151d321306bd7591f7a061abf72d88","name":"admin","image":{"@type":"ImageObject","inLanguage":"it-IT","@id":"https:\/\/secure.gravatar.com\/avatar\/af8f2caf0663124588de48a9380e07cbc95a74ef15b8062d0d39106c32fe3023?s=96&d=mm&r=g","url":"https:\/\/secure.gravatar.com\/avatar\/af8f2caf0663124588de48a9380e07cbc95a74ef15b8062d0d39106c32fe3023?s=96&d=mm&r=g","contentUrl":"https:\/\/secure.gravatar.com\/avatar\/af8f2caf0663124588de48a9380e07cbc95a74ef15b8062d0d39106c32fe3023?s=96&d=mm&r=g","caption":"admin"},"sameAs":["https:\/\/lavocedelpaese.info"],"url":"https:\/\/lavocedelpaese.info\/index.php\/author\/admin\/"}]}},"_links":{"self":[{"href":"https:\/\/lavocedelpaese.info\/index.php\/wp-json\/wp\/v2\/posts\/2156","targetHints":{"allow":["GET"]}}],"collection":[{"href":"https:\/\/lavocedelpaese.info\/index.php\/wp-json\/wp\/v2\/posts"}],"about":[{"href":"https:\/\/lavocedelpaese.info\/index.php\/wp-json\/wp\/v2\/types\/post"}],"author":[{"embeddable":true,"href":"https:\/\/lavocedelpaese.info\/index.php\/wp-json\/wp\/v2\/users\/6"}],"replies":[{"embeddable":true,"href":"https:\/\/lavocedelpaese.info\/index.php\/wp-json\/wp\/v2\/comments?post=2156"}],"version-history":[{"count":1,"href":"https:\/\/lavocedelpaese.info\/index.php\/wp-json\/wp\/v2\/posts\/2156\/revisions"}],"predecessor-version":[{"id":2158,"href":"https:\/\/lavocedelpaese.info\/index.php\/wp-json\/wp\/v2\/posts\/2156\/revisions\/2158"}],"wp:featuredmedia":[{"embeddable":true,"href":"https:\/\/lavocedelpaese.info\/index.php\/wp-json\/wp\/v2\/media\/2157"}],"wp:attachment":[{"href":"https:\/\/lavocedelpaese.info\/index.php\/wp-json\/wp\/v2\/media?parent=2156"}],"wp:term":[{"taxonomy":"category","embeddable":true,"href":"https:\/\/lavocedelpaese.info\/index.php\/wp-json\/wp\/v2\/categories?post=2156"},{"taxonomy":"post_tag","embeddable":true,"href":"https:\/\/lavocedelpaese.info\/index.php\/wp-json\/wp\/v2\/tags?post=2156"}],"curies":[{"name":"wp","href":"https:\/\/api.w.org\/{rel}","templated":true}]}}