{"id":2141,"date":"2024-06-10T00:39:47","date_gmt":"2024-06-10T00:39:47","guid":{"rendered":"https:\/\/lavocedelpaese.info\/?p=2141"},"modified":"2024-06-10T00:39:48","modified_gmt":"2024-06-10T00:39:48","slug":"alla-luce-del-sole-grande-successo-per-levento-artistico-a-bari-vecchia","status":"publish","type":"post","link":"https:\/\/lavocedelpaese.info\/index.php\/2024\/06\/10\/alla-luce-del-sole-grande-successo-per-levento-artistico-a-bari-vecchia\/","title":{"rendered":"Alla luce del sole: Grande Successo per l&#8217;Evento Artistico a Bari Vecchia"},"content":{"rendered":"\n<p>L&#8217;evento &#8220;Alla luce del sole&#8221; ha riscosso un grande successo sabato 8 giugno 2024 a Bari Vecchia, animando piazza Santa Teresa dei Maschi con pittura en plein air, una performance teatrale itinerante e una mostra. L&#8217;iniziativa, promossa dal Dipartimento di Ricerca e Innovazione Umanistica dell&#8217;Universit\u00e0 di Bari e finanziata da Puglia Partecipa, ha coinvolto attivamente le Associazioni Federico II Eventi e Vallisa Cultura, oltre a collaborazioni con Aendor Studio e Imperfetta Project. L&#8217;evento ha attirato residenti, studenti, turisti e cittadini di tutte le et\u00e0, offrendo un\u2019occasione unica per immergersi nella storia e nell\u2019arte della citt\u00e0, inclusi i grandi maestri del XX e XXI secolo esposti nella chiesa di Santa Teresa. Michele Loiacono, in arte Miguel Gomez, presidente dell&#8217;associazione Federico II Eventi, ha sottolineato l\u2019importanza di animare le piazze con arte e cultura. Una turista brasiliana ha espresso il suo entusiasmo, definendo l&#8217;iniziativa artistica come &#8220;coinvolgente e suggestiva&#8221;. Il coinvolgimento del pubblico \u00e8 stato il punto centrale dell&#8217;evento, culminato nel pomeriggio con un itinerario performativo che ha toccato temi di inclusione sociale e di genere, simboleggiato da un filo rosso attraverso Bari Vecchia. L&#8217;organizzazione ha visto la collaborazione di Michela Frontino, Luciano Traversa, Rossana Trerotoli e Grazia Pia Attolini. L&#8217;evento proseguir\u00e0 con ulteriori appuntamenti, con aggiornamenti disponibili online. L&#8217;iniziativa &#8220;Alla luce del sole&#8221; rappresenta un&#8217;importante occasione di valorizzazione degli spazi comuni di Bari Vecchia attraverso l&#8217;arte e la cultura. Il coinvolgimento attivo dei cittadini e delle associazioni locali dimostra l&#8217;efficacia di progetti partecipativi nel promuovere la coesione sociale e la vivacit\u00e0 culturale della citt\u00e0. Questo successo potrebbe fungere da modello per future iniziative volte a riscoprire e valorizzare i luoghi storici e artistici della regione.<\/p>\n\n\n\n<p>L&#8217;evento &#8220;Alla luce del sole&#8221; tenutosi a Bari Vecchia il 9 giugno 2024, rappresenta un modello esemplare di come iniziative culturali ben organizzate possano influire positivamente sulle politiche del turismo. L&#8217;evento ha dimostrato che la promozione di attivit\u00e0 artistiche e culturali in aree storiche pu\u00f2 generare un forte richiamo per turisti e residenti, creando nuove opportunit\u00e0 per lo sviluppo turistico sostenibile e inclusivo. Di seguito, esploreremo le diverse implicazioni che eventi simili possono avere sulle politiche del turismo.<\/p>\n\n\n\n<p>L&#8217;evento ha messo in luce l&#8217;importanza di valorizzare il patrimonio culturale e storico di Bari Vecchia. Iniziative come queste non solo attraggono turisti, ma aiutano anche a rafforzare l&#8217;identit\u00e0 culturale locale. Le politiche del turismo possono trarre vantaggio da questi eventi incentivando la conservazione e la promozione dei siti storici e culturali. L&#8217;integrazione di percorsi turistici che includano performance artistiche, mostre e attivit\u00e0 culturali in location storiche pu\u00f2 aumentare l&#8217;appeal turistico della citt\u00e0, facendo leva sulla sua ricca storia e patrimonio artistico.<\/p>\n\n\n\n<p>Gli eventi culturali e artistici possono essere fondamentali per promuovere il turismo sostenibile. Il coinvolgimento delle comunit\u00e0 locali, come visto nell&#8217;evento &#8220;Alla luce del sole&#8221;, contribuisce a creare un turismo pi\u00f9 responsabile e rispettoso dell&#8217;ambiente e della cultura locale. Le politiche del turismo dovrebbero favorire la partecipazione attiva delle comunit\u00e0 locali nella progettazione e gestione delle attivit\u00e0 turistiche, assicurando che i benefici economici siano distribuiti equamente e che l&#8217;impatto ambientale sia minimizzato. Promuovere l&#8217;utilizzo di spazi pubblici esistenti per eventi culturali riduce la necessit\u00e0 di nuove costruzioni, contribuendo alla sostenibilit\u00e0 ambientale.<\/p>\n\n\n\n<p>Eventi come &#8220;Alla luce del sole&#8221; possono significativamente aumentare l&#8217;attrattivit\u00e0 turistica di una destinazione. La variet\u00e0 delle attivit\u00e0 offerte, dalla pittura en plein air alle performance teatrali itineranti, crea un\u2019esperienza unica e memorabile per i visitatori. Le politiche del turismo dovrebbero quindi incentivare l&#8217;organizzazione di eventi culturali e artistici regolari, che possano attrarre turisti durante tutto l&#8217;anno, evitando la stagionalit\u00e0 e promuovendo un flusso costante di visitatori. Questo approccio pu\u00f2 aiutare a destagionalizzare il turismo, rendendo la citt\u00e0 un luogo attrattivo in ogni periodo dell&#8217;anno.<\/p>\n\n\n\n<p>La riuscita dell&#8217;evento \u00e8 stata anche il risultato di una collaborazione efficace tra enti pubblici e privati, associazioni culturali e il mondo accademico. Le politiche del turismo dovrebbero incentivare queste collaborazioni, creando sinergie tra i vari stakeholder per sviluppare un\u2019offerta turistica integrata e coordinata. La cooperazione tra pubblico e privato pu\u00f2 portare alla creazione di pacchetti turistici che includano eventi culturali, visite guidate, esperienze enogastronomiche e altre attivit\u00e0 ricreative, aumentando il valore percepito della destinazione.<\/p>\n\n\n\n<p>Le tecnologie digitali possono svolgere un ruolo cruciale nel promuovere eventi culturali e migliorare l&#8217;esperienza turistica. L&#8217;evento &#8220;Alla luce del sole&#8221; pu\u00f2 essere ulteriormente valorizzato attraverso l&#8217;uso di piattaforme digitali per la promozione e la gestione dell\u2019evento. Le politiche del turismo dovrebbero sostenere l&#8217;uso di applicazioni mobili, realt\u00e0 aumentata e virtuale per offrire tour interattivi e informazioni in tempo reale ai visitatori. Questi strumenti possono anche facilitare la raccolta di feedback da parte dei turisti, consentendo agli organizzatori di migliorare continuamente l\u2019offerta turistica.<\/p>\n\n\n\n<p>L&#8217;iniziativa ha visto la partecipazione attiva di studenti e giovani, il che dimostra l\u2019importanza di coinvolgere le nuove generazioni nelle attivit\u00e0 culturali. Le politiche del turismo dovrebbero prevedere programmi di formazione e stage per i giovani nel settore del turismo e della cultura, incentivando il loro coinvolgimento attivo. Questo non solo contribuisce alla crescita professionale dei giovani, ma assicura anche un ricambio generazionale e l\u2019innovazione nel settore turistico.<\/p>\n\n\n\n<p>Il successo di eventi culturali locali pu\u00f2 essere utilizzato come leva per la promozione internazionale della destinazione. Le politiche del turismo dovrebbero includere strategie di marketing mirate a livello internazionale, utilizzando i media e le piattaforme digitali per promuovere Bari Vecchia come destinazione culturale di eccellenza. La collaborazione con enti turistici internazionali e la partecipazione a fiere ed eventi del settore pu\u00f2 aiutare a posizionare la citt\u00e0 tra le mete culturali pi\u00f9 ambite.<\/p>\n\n\n\n<p>Il successo di eventi di grande portata richiede un adeguato sviluppo delle infrastrutture turistiche. Le politiche del turismo dovrebbero prevedere investimenti in infrastrutture di trasporto, alloggi, servizi e strutture per accogliere un numero crescente di visitatori. Migliorare l&#8217;accessibilit\u00e0 dei siti storici e culturali, potenziare i servizi di informazione turistica e garantire un&#8217;accoglienza di qualit\u00e0 sono elementi essenziali per supportare il turismo culturale. In sintesi, l&#8217;evento &#8220;Alla luce del sole&#8221; ha dimostrato come la promozione di attivit\u00e0 artistiche e culturali possa avere un impatto significativo sulle politiche del turismo. Attraverso il rafforzamento dell&#8217;identit\u00e0 culturale, lo sviluppo del turismo sostenibile, l&#8217;incremento dell&#8217;attrattivit\u00e0 turistica, la promozione delle collaborazioni pubblico-privato, l&#8217;uso delle tecnologie digitali, la formazione dei giovani, la promozione internazionale e lo sviluppo delle infrastrutture, le politiche del turismo possono trarre grandi benefici da iniziative simili. Questo approccio integrato pu\u00f2 contribuire a trasformare Bari Vecchia in una destinazione turistica culturale di eccellenza, attrattiva tutto l&#8217;anno e capace di offrire esperienze uniche e coinvolgenti ai visitatori di tutto il mondo.<\/p>\n","protected":false},"excerpt":{"rendered":"<p>L&#8217;evento &#8220;Alla luce del sole&#8221; ha riscosso un grande successo sabato 8 giugno 2024 a Bari Vecchia, animando piazza Santa<\/p>\n","protected":false},"author":6,"featured_media":2142,"comment_status":"open","ping_status":"closed","sticky":false,"template":"","format":"standard","meta":{"colormag_page_container_layout":"default_layout","colormag_page_sidebar_layout":"default_layout","footnotes":""},"categories":[5,33],"tags":[],"class_list":["post-2141","post","type-post","status-publish","format-standard","has-post-thumbnail","hentry","category-cultura","category-network"],"yoast_head":"<!-- This site is optimized with the Yoast SEO plugin v27.5 - https:\/\/yoast.com\/product\/yoast-seo-wordpress\/ -->\n<title>Alla luce del sole: Grande Successo per l&#039;Evento Artistico a Bari Vecchia - La Voce del Paese<\/title>\n<meta name=\"robots\" content=\"index, follow, max-snippet:-1, max-image-preview:large, max-video-preview:-1\" \/>\n<link rel=\"canonical\" href=\"https:\/\/lavocedelpaese.info\/index.php\/2024\/06\/10\/alla-luce-del-sole-grande-successo-per-levento-artistico-a-bari-vecchia\/\" \/>\n<meta property=\"og:locale\" content=\"it_IT\" \/>\n<meta property=\"og:type\" content=\"article\" \/>\n<meta property=\"og:title\" content=\"Alla luce del sole: Grande Successo per l&#039;Evento Artistico a Bari Vecchia - La Voce del Paese\" \/>\n<meta property=\"og:description\" content=\"L&#8217;evento &#8220;Alla luce del sole&#8221; ha riscosso un grande successo sabato 8 giugno 2024 a Bari Vecchia, animando piazza Santa\" \/>\n<meta property=\"og:url\" content=\"https:\/\/lavocedelpaese.info\/index.php\/2024\/06\/10\/alla-luce-del-sole-grande-successo-per-levento-artistico-a-bari-vecchia\/\" \/>\n<meta property=\"og:site_name\" content=\"La Voce del Paese\" \/>\n<meta property=\"article:publisher\" content=\"https:\/\/www.facebook.com\/lavocedelpaese.info\" \/>\n<meta property=\"article:published_time\" content=\"2024-06-10T00:39:47+00:00\" \/>\n<meta property=\"article:modified_time\" content=\"2024-06-10T00:39:48+00:00\" \/>\n<meta property=\"og:image\" content=\"https:\/\/lavocedelpaese.info\/wp-content\/uploads\/2024\/06\/alla-luce-del-sole.jpg\" \/>\n\t<meta property=\"og:image:width\" content=\"987\" \/>\n\t<meta property=\"og:image:height\" content=\"800\" \/>\n\t<meta property=\"og:image:type\" content=\"image\/jpeg\" \/>\n<meta name=\"author\" content=\"admin\" \/>\n<meta name=\"twitter:card\" content=\"summary_large_image\" \/>\n<meta name=\"twitter:label1\" content=\"Scritto da\" \/>\n\t<meta name=\"twitter:data1\" content=\"admin\" \/>\n\t<meta name=\"twitter:label2\" content=\"Tempo di lettura stimato\" \/>\n\t<meta name=\"twitter:data2\" content=\"6 minuti\" \/>\n<script type=\"application\/ld+json\" class=\"yoast-schema-graph\">{\"@context\":\"https:\\\/\\\/schema.org\",\"@graph\":[{\"@type\":\"Article\",\"@id\":\"https:\\\/\\\/lavocedelpaese.info\\\/index.php\\\/2024\\\/06\\\/10\\\/alla-luce-del-sole-grande-successo-per-levento-artistico-a-bari-vecchia\\\/#article\",\"isPartOf\":{\"@id\":\"https:\\\/\\\/lavocedelpaese.info\\\/index.php\\\/2024\\\/06\\\/10\\\/alla-luce-del-sole-grande-successo-per-levento-artistico-a-bari-vecchia\\\/\"},\"author\":{\"name\":\"admin\",\"@id\":\"https:\\\/\\\/lavocedelpaese.info\\\/#\\\/schema\\\/person\\\/ec151d321306bd7591f7a061abf72d88\"},\"headline\":\"Alla luce del sole: Grande Successo per l&#8217;Evento Artistico a Bari Vecchia\",\"datePublished\":\"2024-06-10T00:39:47+00:00\",\"dateModified\":\"2024-06-10T00:39:48+00:00\",\"mainEntityOfPage\":{\"@id\":\"https:\\\/\\\/lavocedelpaese.info\\\/index.php\\\/2024\\\/06\\\/10\\\/alla-luce-del-sole-grande-successo-per-levento-artistico-a-bari-vecchia\\\/\"},\"wordCount\":1133,\"commentCount\":0,\"publisher\":{\"@id\":\"https:\\\/\\\/lavocedelpaese.info\\\/#organization\"},\"image\":{\"@id\":\"https:\\\/\\\/lavocedelpaese.info\\\/index.php\\\/2024\\\/06\\\/10\\\/alla-luce-del-sole-grande-successo-per-levento-artistico-a-bari-vecchia\\\/#primaryimage\"},\"thumbnailUrl\":\"https:\\\/\\\/lavocedelpaese.info\\\/wp-content\\\/uploads\\\/2024\\\/06\\\/alla-luce-del-sole.jpg\",\"articleSection\":[\"Cultura\",\"network\"],\"inLanguage\":\"it-IT\",\"potentialAction\":[{\"@type\":\"CommentAction\",\"name\":\"Comment\",\"target\":[\"https:\\\/\\\/lavocedelpaese.info\\\/index.php\\\/2024\\\/06\\\/10\\\/alla-luce-del-sole-grande-successo-per-levento-artistico-a-bari-vecchia\\\/#respond\"]}]},{\"@type\":\"WebPage\",\"@id\":\"https:\\\/\\\/lavocedelpaese.info\\\/index.php\\\/2024\\\/06\\\/10\\\/alla-luce-del-sole-grande-successo-per-levento-artistico-a-bari-vecchia\\\/\",\"url\":\"https:\\\/\\\/lavocedelpaese.info\\\/index.php\\\/2024\\\/06\\\/10\\\/alla-luce-del-sole-grande-successo-per-levento-artistico-a-bari-vecchia\\\/\",\"name\":\"Alla luce del sole: Grande Successo per l'Evento Artistico a Bari Vecchia - La Voce del Paese\",\"isPartOf\":{\"@id\":\"https:\\\/\\\/lavocedelpaese.info\\\/#website\"},\"primaryImageOfPage\":{\"@id\":\"https:\\\/\\\/lavocedelpaese.info\\\/index.php\\\/2024\\\/06\\\/10\\\/alla-luce-del-sole-grande-successo-per-levento-artistico-a-bari-vecchia\\\/#primaryimage\"},\"image\":{\"@id\":\"https:\\\/\\\/lavocedelpaese.info\\\/index.php\\\/2024\\\/06\\\/10\\\/alla-luce-del-sole-grande-successo-per-levento-artistico-a-bari-vecchia\\\/#primaryimage\"},\"thumbnailUrl\":\"https:\\\/\\\/lavocedelpaese.info\\\/wp-content\\\/uploads\\\/2024\\\/06\\\/alla-luce-del-sole.jpg\",\"datePublished\":\"2024-06-10T00:39:47+00:00\",\"dateModified\":\"2024-06-10T00:39:48+00:00\",\"breadcrumb\":{\"@id\":\"https:\\\/\\\/lavocedelpaese.info\\\/index.php\\\/2024\\\/06\\\/10\\\/alla-luce-del-sole-grande-successo-per-levento-artistico-a-bari-vecchia\\\/#breadcrumb\"},\"inLanguage\":\"it-IT\",\"potentialAction\":[{\"@type\":\"ReadAction\",\"target\":[\"https:\\\/\\\/lavocedelpaese.info\\\/index.php\\\/2024\\\/06\\\/10\\\/alla-luce-del-sole-grande-successo-per-levento-artistico-a-bari-vecchia\\\/\"]}]},{\"@type\":\"ImageObject\",\"inLanguage\":\"it-IT\",\"@id\":\"https:\\\/\\\/lavocedelpaese.info\\\/index.php\\\/2024\\\/06\\\/10\\\/alla-luce-del-sole-grande-successo-per-levento-artistico-a-bari-vecchia\\\/#primaryimage\",\"url\":\"https:\\\/\\\/lavocedelpaese.info\\\/wp-content\\\/uploads\\\/2024\\\/06\\\/alla-luce-del-sole.jpg\",\"contentUrl\":\"https:\\\/\\\/lavocedelpaese.info\\\/wp-content\\\/uploads\\\/2024\\\/06\\\/alla-luce-del-sole.jpg\",\"width\":987,\"height\":800},{\"@type\":\"BreadcrumbList\",\"@id\":\"https:\\\/\\\/lavocedelpaese.info\\\/index.php\\\/2024\\\/06\\\/10\\\/alla-luce-del-sole-grande-successo-per-levento-artistico-a-bari-vecchia\\\/#breadcrumb\",\"itemListElement\":[{\"@type\":\"ListItem\",\"position\":1,\"name\":\"Home\",\"item\":\"https:\\\/\\\/lavocedelpaese.info\\\/\"},{\"@type\":\"ListItem\",\"position\":2,\"name\":\"Alla luce del sole: Grande Successo per l&#8217;Evento Artistico a Bari Vecchia\"}]},{\"@type\":\"WebSite\",\"@id\":\"https:\\\/\\\/lavocedelpaese.info\\\/#website\",\"url\":\"https:\\\/\\\/lavocedelpaese.info\\\/\",\"name\":\"La Voce del Paese\",\"description\":\"Un network di idee\",\"publisher\":{\"@id\":\"https:\\\/\\\/lavocedelpaese.info\\\/#organization\"},\"potentialAction\":[{\"@type\":\"SearchAction\",\"target\":{\"@type\":\"EntryPoint\",\"urlTemplate\":\"https:\\\/\\\/lavocedelpaese.info\\\/?s={search_term_string}\"},\"query-input\":{\"@type\":\"PropertyValueSpecification\",\"valueRequired\":true,\"valueName\":\"search_term_string\"}}],\"inLanguage\":\"it-IT\"},{\"@type\":\"Organization\",\"@id\":\"https:\\\/\\\/lavocedelpaese.info\\\/#organization\",\"name\":\"La Voce del Paese\",\"url\":\"https:\\\/\\\/lavocedelpaese.info\\\/\",\"logo\":{\"@type\":\"ImageObject\",\"inLanguage\":\"it-IT\",\"@id\":\"https:\\\/\\\/lavocedelpaese.info\\\/#\\\/schema\\\/logo\\\/image\\\/\",\"url\":\"https:\\\/\\\/lavocedelpaese.info\\\/wp-content\\\/uploads\\\/2023\\\/01\\\/cropped-logo-150-127.png\",\"contentUrl\":\"https:\\\/\\\/lavocedelpaese.info\\\/wp-content\\\/uploads\\\/2023\\\/01\\\/cropped-logo-150-127.png\",\"width\":137,\"height\":119,\"caption\":\"La Voce del Paese\"},\"image\":{\"@id\":\"https:\\\/\\\/lavocedelpaese.info\\\/#\\\/schema\\\/logo\\\/image\\\/\"},\"sameAs\":[\"https:\\\/\\\/www.facebook.com\\\/lavocedelpaese.info\"]},{\"@type\":\"Person\",\"@id\":\"https:\\\/\\\/lavocedelpaese.info\\\/#\\\/schema\\\/person\\\/ec151d321306bd7591f7a061abf72d88\",\"name\":\"admin\",\"image\":{\"@type\":\"ImageObject\",\"inLanguage\":\"it-IT\",\"@id\":\"https:\\\/\\\/secure.gravatar.com\\\/avatar\\\/af8f2caf0663124588de48a9380e07cbc95a74ef15b8062d0d39106c32fe3023?s=96&d=mm&r=g\",\"url\":\"https:\\\/\\\/secure.gravatar.com\\\/avatar\\\/af8f2caf0663124588de48a9380e07cbc95a74ef15b8062d0d39106c32fe3023?s=96&d=mm&r=g\",\"contentUrl\":\"https:\\\/\\\/secure.gravatar.com\\\/avatar\\\/af8f2caf0663124588de48a9380e07cbc95a74ef15b8062d0d39106c32fe3023?s=96&d=mm&r=g\",\"caption\":\"admin\"},\"sameAs\":[\"https:\\\/\\\/lavocedelpaese.info\"],\"url\":\"https:\\\/\\\/lavocedelpaese.info\\\/index.php\\\/author\\\/admin\\\/\"}]}<\/script>\n<!-- \/ Yoast SEO plugin. -->","yoast_head_json":{"title":"Alla luce del sole: Grande Successo per l'Evento Artistico a Bari Vecchia - La Voce del Paese","robots":{"index":"index","follow":"follow","max-snippet":"max-snippet:-1","max-image-preview":"max-image-preview:large","max-video-preview":"max-video-preview:-1"},"canonical":"https:\/\/lavocedelpaese.info\/index.php\/2024\/06\/10\/alla-luce-del-sole-grande-successo-per-levento-artistico-a-bari-vecchia\/","og_locale":"it_IT","og_type":"article","og_title":"Alla luce del sole: Grande Successo per l'Evento Artistico a Bari Vecchia - La Voce del Paese","og_description":"L&#8217;evento &#8220;Alla luce del sole&#8221; ha riscosso un grande successo sabato 8 giugno 2024 a Bari Vecchia, animando piazza Santa","og_url":"https:\/\/lavocedelpaese.info\/index.php\/2024\/06\/10\/alla-luce-del-sole-grande-successo-per-levento-artistico-a-bari-vecchia\/","og_site_name":"La Voce del Paese","article_publisher":"https:\/\/www.facebook.com\/lavocedelpaese.info","article_published_time":"2024-06-10T00:39:47+00:00","article_modified_time":"2024-06-10T00:39:48+00:00","og_image":[{"width":987,"height":800,"url":"https:\/\/lavocedelpaese.info\/wp-content\/uploads\/2024\/06\/alla-luce-del-sole.jpg","type":"image\/jpeg"}],"author":"admin","twitter_card":"summary_large_image","twitter_misc":{"Scritto da":"admin","Tempo di lettura stimato":"6 minuti"},"schema":{"@context":"https:\/\/schema.org","@graph":[{"@type":"Article","@id":"https:\/\/lavocedelpaese.info\/index.php\/2024\/06\/10\/alla-luce-del-sole-grande-successo-per-levento-artistico-a-bari-vecchia\/#article","isPartOf":{"@id":"https:\/\/lavocedelpaese.info\/index.php\/2024\/06\/10\/alla-luce-del-sole-grande-successo-per-levento-artistico-a-bari-vecchia\/"},"author":{"name":"admin","@id":"https:\/\/lavocedelpaese.info\/#\/schema\/person\/ec151d321306bd7591f7a061abf72d88"},"headline":"Alla luce del sole: Grande Successo per l&#8217;Evento Artistico a Bari Vecchia","datePublished":"2024-06-10T00:39:47+00:00","dateModified":"2024-06-10T00:39:48+00:00","mainEntityOfPage":{"@id":"https:\/\/lavocedelpaese.info\/index.php\/2024\/06\/10\/alla-luce-del-sole-grande-successo-per-levento-artistico-a-bari-vecchia\/"},"wordCount":1133,"commentCount":0,"publisher":{"@id":"https:\/\/lavocedelpaese.info\/#organization"},"image":{"@id":"https:\/\/lavocedelpaese.info\/index.php\/2024\/06\/10\/alla-luce-del-sole-grande-successo-per-levento-artistico-a-bari-vecchia\/#primaryimage"},"thumbnailUrl":"https:\/\/lavocedelpaese.info\/wp-content\/uploads\/2024\/06\/alla-luce-del-sole.jpg","articleSection":["Cultura","network"],"inLanguage":"it-IT","potentialAction":[{"@type":"CommentAction","name":"Comment","target":["https:\/\/lavocedelpaese.info\/index.php\/2024\/06\/10\/alla-luce-del-sole-grande-successo-per-levento-artistico-a-bari-vecchia\/#respond"]}]},{"@type":"WebPage","@id":"https:\/\/lavocedelpaese.info\/index.php\/2024\/06\/10\/alla-luce-del-sole-grande-successo-per-levento-artistico-a-bari-vecchia\/","url":"https:\/\/lavocedelpaese.info\/index.php\/2024\/06\/10\/alla-luce-del-sole-grande-successo-per-levento-artistico-a-bari-vecchia\/","name":"Alla luce del sole: Grande Successo per l'Evento Artistico a Bari Vecchia - La Voce del Paese","isPartOf":{"@id":"https:\/\/lavocedelpaese.info\/#website"},"primaryImageOfPage":{"@id":"https:\/\/lavocedelpaese.info\/index.php\/2024\/06\/10\/alla-luce-del-sole-grande-successo-per-levento-artistico-a-bari-vecchia\/#primaryimage"},"image":{"@id":"https:\/\/lavocedelpaese.info\/index.php\/2024\/06\/10\/alla-luce-del-sole-grande-successo-per-levento-artistico-a-bari-vecchia\/#primaryimage"},"thumbnailUrl":"https:\/\/lavocedelpaese.info\/wp-content\/uploads\/2024\/06\/alla-luce-del-sole.jpg","datePublished":"2024-06-10T00:39:47+00:00","dateModified":"2024-06-10T00:39:48+00:00","breadcrumb":{"@id":"https:\/\/lavocedelpaese.info\/index.php\/2024\/06\/10\/alla-luce-del-sole-grande-successo-per-levento-artistico-a-bari-vecchia\/#breadcrumb"},"inLanguage":"it-IT","potentialAction":[{"@type":"ReadAction","target":["https:\/\/lavocedelpaese.info\/index.php\/2024\/06\/10\/alla-luce-del-sole-grande-successo-per-levento-artistico-a-bari-vecchia\/"]}]},{"@type":"ImageObject","inLanguage":"it-IT","@id":"https:\/\/lavocedelpaese.info\/index.php\/2024\/06\/10\/alla-luce-del-sole-grande-successo-per-levento-artistico-a-bari-vecchia\/#primaryimage","url":"https:\/\/lavocedelpaese.info\/wp-content\/uploads\/2024\/06\/alla-luce-del-sole.jpg","contentUrl":"https:\/\/lavocedelpaese.info\/wp-content\/uploads\/2024\/06\/alla-luce-del-sole.jpg","width":987,"height":800},{"@type":"BreadcrumbList","@id":"https:\/\/lavocedelpaese.info\/index.php\/2024\/06\/10\/alla-luce-del-sole-grande-successo-per-levento-artistico-a-bari-vecchia\/#breadcrumb","itemListElement":[{"@type":"ListItem","position":1,"name":"Home","item":"https:\/\/lavocedelpaese.info\/"},{"@type":"ListItem","position":2,"name":"Alla luce del sole: Grande Successo per l&#8217;Evento Artistico a Bari Vecchia"}]},{"@type":"WebSite","@id":"https:\/\/lavocedelpaese.info\/#website","url":"https:\/\/lavocedelpaese.info\/","name":"La Voce del Paese","description":"Un network di idee","publisher":{"@id":"https:\/\/lavocedelpaese.info\/#organization"},"potentialAction":[{"@type":"SearchAction","target":{"@type":"EntryPoint","urlTemplate":"https:\/\/lavocedelpaese.info\/?s={search_term_string}"},"query-input":{"@type":"PropertyValueSpecification","valueRequired":true,"valueName":"search_term_string"}}],"inLanguage":"it-IT"},{"@type":"Organization","@id":"https:\/\/lavocedelpaese.info\/#organization","name":"La Voce del Paese","url":"https:\/\/lavocedelpaese.info\/","logo":{"@type":"ImageObject","inLanguage":"it-IT","@id":"https:\/\/lavocedelpaese.info\/#\/schema\/logo\/image\/","url":"https:\/\/lavocedelpaese.info\/wp-content\/uploads\/2023\/01\/cropped-logo-150-127.png","contentUrl":"https:\/\/lavocedelpaese.info\/wp-content\/uploads\/2023\/01\/cropped-logo-150-127.png","width":137,"height":119,"caption":"La Voce del Paese"},"image":{"@id":"https:\/\/lavocedelpaese.info\/#\/schema\/logo\/image\/"},"sameAs":["https:\/\/www.facebook.com\/lavocedelpaese.info"]},{"@type":"Person","@id":"https:\/\/lavocedelpaese.info\/#\/schema\/person\/ec151d321306bd7591f7a061abf72d88","name":"admin","image":{"@type":"ImageObject","inLanguage":"it-IT","@id":"https:\/\/secure.gravatar.com\/avatar\/af8f2caf0663124588de48a9380e07cbc95a74ef15b8062d0d39106c32fe3023?s=96&d=mm&r=g","url":"https:\/\/secure.gravatar.com\/avatar\/af8f2caf0663124588de48a9380e07cbc95a74ef15b8062d0d39106c32fe3023?s=96&d=mm&r=g","contentUrl":"https:\/\/secure.gravatar.com\/avatar\/af8f2caf0663124588de48a9380e07cbc95a74ef15b8062d0d39106c32fe3023?s=96&d=mm&r=g","caption":"admin"},"sameAs":["https:\/\/lavocedelpaese.info"],"url":"https:\/\/lavocedelpaese.info\/index.php\/author\/admin\/"}]}},"_links":{"self":[{"href":"https:\/\/lavocedelpaese.info\/index.php\/wp-json\/wp\/v2\/posts\/2141","targetHints":{"allow":["GET"]}}],"collection":[{"href":"https:\/\/lavocedelpaese.info\/index.php\/wp-json\/wp\/v2\/posts"}],"about":[{"href":"https:\/\/lavocedelpaese.info\/index.php\/wp-json\/wp\/v2\/types\/post"}],"author":[{"embeddable":true,"href":"https:\/\/lavocedelpaese.info\/index.php\/wp-json\/wp\/v2\/users\/6"}],"replies":[{"embeddable":true,"href":"https:\/\/lavocedelpaese.info\/index.php\/wp-json\/wp\/v2\/comments?post=2141"}],"version-history":[{"count":1,"href":"https:\/\/lavocedelpaese.info\/index.php\/wp-json\/wp\/v2\/posts\/2141\/revisions"}],"predecessor-version":[{"id":2143,"href":"https:\/\/lavocedelpaese.info\/index.php\/wp-json\/wp\/v2\/posts\/2141\/revisions\/2143"}],"wp:featuredmedia":[{"embeddable":true,"href":"https:\/\/lavocedelpaese.info\/index.php\/wp-json\/wp\/v2\/media\/2142"}],"wp:attachment":[{"href":"https:\/\/lavocedelpaese.info\/index.php\/wp-json\/wp\/v2\/media?parent=2141"}],"wp:term":[{"taxonomy":"category","embeddable":true,"href":"https:\/\/lavocedelpaese.info\/index.php\/wp-json\/wp\/v2\/categories?post=2141"},{"taxonomy":"post_tag","embeddable":true,"href":"https:\/\/lavocedelpaese.info\/index.php\/wp-json\/wp\/v2\/tags?post=2141"}],"curies":[{"name":"wp","href":"https:\/\/api.w.org\/{rel}","templated":true}]}}