{"id":2069,"date":"2024-06-05T06:37:01","date_gmt":"2024-06-05T06:37:01","guid":{"rendered":"https:\/\/lavocedelpaese.info\/?p=2069"},"modified":"2024-06-05T06:37:02","modified_gmt":"2024-06-05T06:37:02","slug":"puglia-partecipa-camp-un-nuovo-approccio-alla-partecipazione-e-alla-mobilita-sostenibile","status":"publish","type":"post","link":"https:\/\/lavocedelpaese.info\/index.php\/2024\/06\/05\/puglia-partecipa-camp-un-nuovo-approccio-alla-partecipazione-e-alla-mobilita-sostenibile\/","title":{"rendered":"Puglia Partecipa Camp: Un Nuovo Approccio alla Partecipazione e alla Mobilit\u00e0 Sostenibile"},"content":{"rendered":"\n<p>Il 30 e 31 maggio, il Teatro Kursaal Santalucia di Bari si \u00e8 tenuto il &#8220;Puglia Partecipa Camp&#8221;, il primo meeting dedicato alla partecipazione in Puglia, a sette anni dall\u2019approvazione della Legge Regionale sulla Partecipazione. L\u2019evento, promosso dalla Regione Puglia e dall\u2019Ufficio della Partecipazione, riunir\u00e0 esperti, amministratori pubblici, stakeholder e cittadini per discutere l\u2019evoluzione e il futuro dei processi partecipativi. Le sessioni affronteranno temi come la sicurezza stradale, l\u2019uso dello spazio pubblico, le tecnologie per la mobilit\u00e0 e la riforma del settore dei call center. L\u2019obiettivo \u00e8 individuare nuove opportunit\u00e0 e diffondere modelli partecipativi a tutti i livelli istituzionali.<\/p>\n\n\n\n<p>La realizzazione del &#8220;Puglia Partecipa Camp&#8221; e l&#8217;attenzione alla partecipazione nelle politiche pubbliche della Regione Puglia avranno profonde conseguenze economiche e politiche per la regione. Questo evento, focalizzato sull&#8217;importanza della partecipazione e sulla condivisione di esperienze e strategie, rappresenta un punto di svolta per la governance locale e per l&#8217;interazione tra istituzioni e cittadini. Le politiche partecipative, promosse attraverso questo incontro, non solo mirano a migliorare la qualit\u00e0 delle decisioni pubbliche ma anche a coinvolgere attivamente la cittadinanza nel processo decisionale, creando un ambiente di maggiore trasparenza, responsabilit\u00e0 e fiducia nelle istituzioni.<\/p>\n\n\n\n<p>In primo luogo, una delle conseguenze pi\u00f9 significative di queste politiche partecipative \u00e8 l&#8217;ottimizzazione delle risorse pubbliche. Coinvolgere i cittadini nel processo decisionale permette di identificare con maggiore precisione le priorit\u00e0 e le necessit\u00e0 della comunit\u00e0. Questo porta a una pianificazione pi\u00f9 efficiente e mirata degli investimenti pubblici, riducendo lo spreco di risorse e aumentando l&#8217;efficacia delle politiche attuate. Ad esempio, nel settore dei trasporti, le decisioni condivise con i cittadini possono portare a infrastrutture che rispondono meglio alle esigenze quotidiane degli utenti, migliorando cos\u00ec la qualit\u00e0 del servizio e l&#8217;uso delle risorse disponibili.<\/p>\n\n\n\n<p>In secondo luogo, la partecipazione attiva dei cittadini pu\u00f2 stimolare l&#8217;innovazione e la crescita economica. Quando i cittadini sono coinvolti nella pianificazione e nella gestione delle politiche pubbliche, si creano opportunit\u00e0 per nuove idee e soluzioni creative. Questo \u00e8 particolarmente vero nei settori della mobilit\u00e0 sostenibile e dell&#8217;urbanistica, dove l&#8217;inclusione di diverse prospettive pu\u00f2 portare a soluzioni innovative che promuovono la sostenibilit\u00e0 e la vivibilit\u00e0 urbana. Le iniziative partecipative possono quindi contribuire a creare un ambiente favorevole all&#8217;innovazione, attirando investimenti e favorendo lo sviluppo di nuove imprese e start-up.<\/p>\n\n\n\n<p>Un altro aspetto rilevante riguarda l&#8217;impatto sociale delle politiche partecipative. Coinvolgere i cittadini nel processo decisionale rafforza il tessuto sociale e promuove una maggiore coesione comunitaria. Le persone si sentono parte attiva della comunit\u00e0 e sono pi\u00f9 propense a collaborare per il bene comune. Questo pu\u00f2 tradursi in una maggiore partecipazione civica, in una riduzione dei conflitti sociali e in una maggiore stabilit\u00e0 politica. Inoltre, politiche che rispondono meglio alle esigenze dei cittadini possono migliorare la qualit\u00e0 della vita e il benessere generale della popolazione, con effetti positivi sulla produttivit\u00e0 e sulla crescita economica.<\/p>\n\n\n\n<p>Dal punto di vista economico, le politiche partecipative possono anche influenzare positivamente il mercato del lavoro. Processi decisionali pi\u00f9 inclusivi possono portare a politiche del lavoro pi\u00f9 eque e a iniziative che supportano l&#8217;occupazione e la formazione. Ad esempio, la pianificazione partecipativa nel settore della formazione professionale pu\u00f2 aiutare a identificare le competenze pi\u00f9 richieste dal mercato del lavoro, migliorando l&#8217;allineamento tra l&#8217;offerta formativa e le esigenze delle imprese. Questo pu\u00f2 ridurre il mismatch delle competenze, aumentare l&#8217;occupabilit\u00e0 dei lavoratori e migliorare la competitivit\u00e0 dell&#8217;economia locale.<\/p>\n\n\n\n<p>Le politiche partecipative hanno anche un impatto significativo sulla sostenibilit\u00e0 ambientale. Coinvolgere i cittadini nella pianificazione urbana e nelle decisioni riguardanti l&#8217;uso del territorio pu\u00f2 portare a soluzioni pi\u00f9 sostenibili e rispettose dell&#8217;ambiente. Ad esempio, la partecipazione pu\u00f2 favorire l&#8217;adozione di pratiche di mobilit\u00e0 sostenibile, come l&#8217;uso della bicicletta e dei trasporti pubblici, e promuovere la creazione di spazi verdi urbani. Questo non solo migliora la qualit\u00e0 dell&#8217;ambiente urbano, ma pu\u00f2 anche ridurre i costi legati alla salute pubblica e all&#8217;inquinamento, generando benefici economici a lungo termine.<\/p>\n\n\n\n<p>Inoltre, le politiche partecipative possono contribuire a una maggiore equit\u00e0 sociale. Coinvolgendo diverse comunit\u00e0 e gruppi di interesse nel processo decisionale, \u00e8 possibile garantire che le politiche pubbliche siano pi\u00f9 inclusive e rispondano alle esigenze di tutti i cittadini, compresi quelli che tradizionalmente hanno meno voce in capitolo. Questo pu\u00f2 aiutare a ridurre le disuguaglianze sociali ed economiche, creando una societ\u00e0 pi\u00f9 equa e coesa.<\/p>\n\n\n\n<p>Le esperienze e le pratiche condivise durante il &#8220;Puglia Partecipa Camp&#8221; possono anche avere un effetto moltiplicatore, ispirando altre regioni e citt\u00e0 a implementare politiche simili. Questo pu\u00f2 portare a una diffusione pi\u00f9 ampia delle buone pratiche di governance partecipativa, con benefici a livello nazionale. La Puglia pu\u00f2 diventare un modello di riferimento per altre regioni, mostrando come la partecipazione possa migliorare la qualit\u00e0 delle politiche pubbliche e promuovere uno sviluppo sostenibile e inclusivo.<\/p>\n\n\n\n<p>Infine, la partecipazione attiva dei cittadini pu\u00f2 rafforzare la democrazia locale. Quando le persone si sentono coinvolte e ascoltate, aumenta la fiducia nelle istituzioni e nella politica. Questo pu\u00f2 portare a una maggiore legittimit\u00e0 delle decisioni pubbliche e a una riduzione del disincanto e dell&#8217;apatia politica. Una democrazia pi\u00f9 forte e partecipativa \u00e8 anche pi\u00f9 resistente alle crisi e pi\u00f9 capace di affrontare le sfide future.<\/p>\n\n\n\n<p>In sintesi, le conseguenze delle politiche partecipative promosse attraverso il &#8220;Puglia Partecipa Camp&#8221; sono ampie e profonde, con effetti positivi sull&#8217;efficienza delle risorse pubbliche, sull&#8217;innovazione, sulla coesione sociale, sul mercato del lavoro, sulla sostenibilit\u00e0 ambientale, sull&#8217;equit\u00e0 sociale, sulla governance e sulla democrazia. Queste politiche non solo migliorano la qualit\u00e0 della vita dei cittadini pugliesi, ma contribuiscono anche a creare un modello di sviluppo sostenibile e inclusivo che pu\u00f2 essere replicato in altre regioni e contesti. La partecipazione, quindi, non \u00e8 solo uno strumento di governance, ma un motore di crescita e sviluppo che pu\u00f2 trasformare positivamente l&#8217;economia e la societ\u00e0.<\/p>\n","protected":false},"excerpt":{"rendered":"<p>Il 30 e 31 maggio, il Teatro Kursaal Santalucia di Bari si \u00e8 tenuto il &#8220;Puglia Partecipa Camp&#8221;, il primo<\/p>\n","protected":false},"author":6,"featured_media":2070,"comment_status":"open","ping_status":"closed","sticky":false,"template":"","format":"standard","meta":{"colormag_page_container_layout":"default_layout","colormag_page_sidebar_layout":"default_layout","footnotes":""},"categories":[2,7],"tags":[],"class_list":["post-2069","post","type-post","status-publish","format-standard","has-post-thumbnail","hentry","category-attualita","category-regione"],"yoast_head":"<!-- This site is optimized with the Yoast SEO plugin v27.5 - https:\/\/yoast.com\/product\/yoast-seo-wordpress\/ -->\n<title>Puglia Partecipa Camp: Un Nuovo Approccio alla Partecipazione e alla Mobilit\u00e0 Sostenibile - La Voce del Paese<\/title>\n<meta name=\"robots\" content=\"index, follow, max-snippet:-1, max-image-preview:large, max-video-preview:-1\" \/>\n<link rel=\"canonical\" href=\"https:\/\/lavocedelpaese.info\/index.php\/2024\/06\/05\/puglia-partecipa-camp-un-nuovo-approccio-alla-partecipazione-e-alla-mobilita-sostenibile\/\" \/>\n<meta property=\"og:locale\" content=\"it_IT\" \/>\n<meta property=\"og:type\" content=\"article\" \/>\n<meta property=\"og:title\" content=\"Puglia Partecipa Camp: Un Nuovo Approccio alla Partecipazione e alla Mobilit\u00e0 Sostenibile - La Voce del Paese\" \/>\n<meta property=\"og:description\" content=\"Il 30 e 31 maggio, il Teatro Kursaal Santalucia di Bari si \u00e8 tenuto il &#8220;Puglia Partecipa Camp&#8221;, il primo\" \/>\n<meta property=\"og:url\" content=\"https:\/\/lavocedelpaese.info\/index.php\/2024\/06\/05\/puglia-partecipa-camp-un-nuovo-approccio-alla-partecipazione-e-alla-mobilita-sostenibile\/\" \/>\n<meta property=\"og:site_name\" content=\"La Voce del Paese\" \/>\n<meta property=\"article:publisher\" content=\"https:\/\/www.facebook.com\/lavocedelpaese.info\" \/>\n<meta property=\"article:published_time\" content=\"2024-06-05T06:37:01+00:00\" \/>\n<meta property=\"article:modified_time\" content=\"2024-06-05T06:37:02+00:00\" \/>\n<meta property=\"og:image\" content=\"https:\/\/lavocedelpaese.info\/wp-content\/uploads\/2024\/06\/puglia-camp.png\" \/>\n\t<meta property=\"og:image:width\" content=\"1098\" \/>\n\t<meta property=\"og:image:height\" content=\"606\" \/>\n\t<meta property=\"og:image:type\" content=\"image\/png\" \/>\n<meta name=\"author\" content=\"admin\" \/>\n<meta name=\"twitter:card\" content=\"summary_large_image\" \/>\n<meta name=\"twitter:label1\" content=\"Scritto da\" \/>\n\t<meta name=\"twitter:data1\" content=\"admin\" \/>\n\t<meta name=\"twitter:label2\" content=\"Tempo di lettura stimato\" \/>\n\t<meta name=\"twitter:data2\" content=\"5 minuti\" \/>\n<script type=\"application\/ld+json\" class=\"yoast-schema-graph\">{\"@context\":\"https:\\\/\\\/schema.org\",\"@graph\":[{\"@type\":\"Article\",\"@id\":\"https:\\\/\\\/lavocedelpaese.info\\\/index.php\\\/2024\\\/06\\\/05\\\/puglia-partecipa-camp-un-nuovo-approccio-alla-partecipazione-e-alla-mobilita-sostenibile\\\/#article\",\"isPartOf\":{\"@id\":\"https:\\\/\\\/lavocedelpaese.info\\\/index.php\\\/2024\\\/06\\\/05\\\/puglia-partecipa-camp-un-nuovo-approccio-alla-partecipazione-e-alla-mobilita-sostenibile\\\/\"},\"author\":{\"name\":\"admin\",\"@id\":\"https:\\\/\\\/lavocedelpaese.info\\\/#\\\/schema\\\/person\\\/ec151d321306bd7591f7a061abf72d88\"},\"headline\":\"Puglia Partecipa Camp: Un Nuovo Approccio alla Partecipazione e alla Mobilit\u00e0 Sostenibile\",\"datePublished\":\"2024-06-05T06:37:01+00:00\",\"dateModified\":\"2024-06-05T06:37:02+00:00\",\"mainEntityOfPage\":{\"@id\":\"https:\\\/\\\/lavocedelpaese.info\\\/index.php\\\/2024\\\/06\\\/05\\\/puglia-partecipa-camp-un-nuovo-approccio-alla-partecipazione-e-alla-mobilita-sostenibile\\\/\"},\"wordCount\":982,\"commentCount\":0,\"publisher\":{\"@id\":\"https:\\\/\\\/lavocedelpaese.info\\\/#organization\"},\"image\":{\"@id\":\"https:\\\/\\\/lavocedelpaese.info\\\/index.php\\\/2024\\\/06\\\/05\\\/puglia-partecipa-camp-un-nuovo-approccio-alla-partecipazione-e-alla-mobilita-sostenibile\\\/#primaryimage\"},\"thumbnailUrl\":\"https:\\\/\\\/lavocedelpaese.info\\\/wp-content\\\/uploads\\\/2024\\\/06\\\/puglia-camp.png\",\"articleSection\":[\"Attualit\u00e0\",\"Regione\"],\"inLanguage\":\"it-IT\",\"potentialAction\":[{\"@type\":\"CommentAction\",\"name\":\"Comment\",\"target\":[\"https:\\\/\\\/lavocedelpaese.info\\\/index.php\\\/2024\\\/06\\\/05\\\/puglia-partecipa-camp-un-nuovo-approccio-alla-partecipazione-e-alla-mobilita-sostenibile\\\/#respond\"]}]},{\"@type\":\"WebPage\",\"@id\":\"https:\\\/\\\/lavocedelpaese.info\\\/index.php\\\/2024\\\/06\\\/05\\\/puglia-partecipa-camp-un-nuovo-approccio-alla-partecipazione-e-alla-mobilita-sostenibile\\\/\",\"url\":\"https:\\\/\\\/lavocedelpaese.info\\\/index.php\\\/2024\\\/06\\\/05\\\/puglia-partecipa-camp-un-nuovo-approccio-alla-partecipazione-e-alla-mobilita-sostenibile\\\/\",\"name\":\"Puglia Partecipa Camp: Un Nuovo Approccio alla Partecipazione e alla Mobilit\u00e0 Sostenibile - La Voce del Paese\",\"isPartOf\":{\"@id\":\"https:\\\/\\\/lavocedelpaese.info\\\/#website\"},\"primaryImageOfPage\":{\"@id\":\"https:\\\/\\\/lavocedelpaese.info\\\/index.php\\\/2024\\\/06\\\/05\\\/puglia-partecipa-camp-un-nuovo-approccio-alla-partecipazione-e-alla-mobilita-sostenibile\\\/#primaryimage\"},\"image\":{\"@id\":\"https:\\\/\\\/lavocedelpaese.info\\\/index.php\\\/2024\\\/06\\\/05\\\/puglia-partecipa-camp-un-nuovo-approccio-alla-partecipazione-e-alla-mobilita-sostenibile\\\/#primaryimage\"},\"thumbnailUrl\":\"https:\\\/\\\/lavocedelpaese.info\\\/wp-content\\\/uploads\\\/2024\\\/06\\\/puglia-camp.png\",\"datePublished\":\"2024-06-05T06:37:01+00:00\",\"dateModified\":\"2024-06-05T06:37:02+00:00\",\"breadcrumb\":{\"@id\":\"https:\\\/\\\/lavocedelpaese.info\\\/index.php\\\/2024\\\/06\\\/05\\\/puglia-partecipa-camp-un-nuovo-approccio-alla-partecipazione-e-alla-mobilita-sostenibile\\\/#breadcrumb\"},\"inLanguage\":\"it-IT\",\"potentialAction\":[{\"@type\":\"ReadAction\",\"target\":[\"https:\\\/\\\/lavocedelpaese.info\\\/index.php\\\/2024\\\/06\\\/05\\\/puglia-partecipa-camp-un-nuovo-approccio-alla-partecipazione-e-alla-mobilita-sostenibile\\\/\"]}]},{\"@type\":\"ImageObject\",\"inLanguage\":\"it-IT\",\"@id\":\"https:\\\/\\\/lavocedelpaese.info\\\/index.php\\\/2024\\\/06\\\/05\\\/puglia-partecipa-camp-un-nuovo-approccio-alla-partecipazione-e-alla-mobilita-sostenibile\\\/#primaryimage\",\"url\":\"https:\\\/\\\/lavocedelpaese.info\\\/wp-content\\\/uploads\\\/2024\\\/06\\\/puglia-camp.png\",\"contentUrl\":\"https:\\\/\\\/lavocedelpaese.info\\\/wp-content\\\/uploads\\\/2024\\\/06\\\/puglia-camp.png\",\"width\":1098,\"height\":606},{\"@type\":\"BreadcrumbList\",\"@id\":\"https:\\\/\\\/lavocedelpaese.info\\\/index.php\\\/2024\\\/06\\\/05\\\/puglia-partecipa-camp-un-nuovo-approccio-alla-partecipazione-e-alla-mobilita-sostenibile\\\/#breadcrumb\",\"itemListElement\":[{\"@type\":\"ListItem\",\"position\":1,\"name\":\"Home\",\"item\":\"https:\\\/\\\/lavocedelpaese.info\\\/\"},{\"@type\":\"ListItem\",\"position\":2,\"name\":\"Puglia Partecipa Camp: Un Nuovo Approccio alla Partecipazione e alla Mobilit\u00e0 Sostenibile\"}]},{\"@type\":\"WebSite\",\"@id\":\"https:\\\/\\\/lavocedelpaese.info\\\/#website\",\"url\":\"https:\\\/\\\/lavocedelpaese.info\\\/\",\"name\":\"La Voce del Paese\",\"description\":\"Un network di idee\",\"publisher\":{\"@id\":\"https:\\\/\\\/lavocedelpaese.info\\\/#organization\"},\"potentialAction\":[{\"@type\":\"SearchAction\",\"target\":{\"@type\":\"EntryPoint\",\"urlTemplate\":\"https:\\\/\\\/lavocedelpaese.info\\\/?s={search_term_string}\"},\"query-input\":{\"@type\":\"PropertyValueSpecification\",\"valueRequired\":true,\"valueName\":\"search_term_string\"}}],\"inLanguage\":\"it-IT\"},{\"@type\":\"Organization\",\"@id\":\"https:\\\/\\\/lavocedelpaese.info\\\/#organization\",\"name\":\"La Voce del Paese\",\"url\":\"https:\\\/\\\/lavocedelpaese.info\\\/\",\"logo\":{\"@type\":\"ImageObject\",\"inLanguage\":\"it-IT\",\"@id\":\"https:\\\/\\\/lavocedelpaese.info\\\/#\\\/schema\\\/logo\\\/image\\\/\",\"url\":\"https:\\\/\\\/lavocedelpaese.info\\\/wp-content\\\/uploads\\\/2023\\\/01\\\/cropped-logo-150-127.png\",\"contentUrl\":\"https:\\\/\\\/lavocedelpaese.info\\\/wp-content\\\/uploads\\\/2023\\\/01\\\/cropped-logo-150-127.png\",\"width\":137,\"height\":119,\"caption\":\"La Voce del Paese\"},\"image\":{\"@id\":\"https:\\\/\\\/lavocedelpaese.info\\\/#\\\/schema\\\/logo\\\/image\\\/\"},\"sameAs\":[\"https:\\\/\\\/www.facebook.com\\\/lavocedelpaese.info\"]},{\"@type\":\"Person\",\"@id\":\"https:\\\/\\\/lavocedelpaese.info\\\/#\\\/schema\\\/person\\\/ec151d321306bd7591f7a061abf72d88\",\"name\":\"admin\",\"image\":{\"@type\":\"ImageObject\",\"inLanguage\":\"it-IT\",\"@id\":\"https:\\\/\\\/secure.gravatar.com\\\/avatar\\\/af8f2caf0663124588de48a9380e07cbc95a74ef15b8062d0d39106c32fe3023?s=96&d=mm&r=g\",\"url\":\"https:\\\/\\\/secure.gravatar.com\\\/avatar\\\/af8f2caf0663124588de48a9380e07cbc95a74ef15b8062d0d39106c32fe3023?s=96&d=mm&r=g\",\"contentUrl\":\"https:\\\/\\\/secure.gravatar.com\\\/avatar\\\/af8f2caf0663124588de48a9380e07cbc95a74ef15b8062d0d39106c32fe3023?s=96&d=mm&r=g\",\"caption\":\"admin\"},\"sameAs\":[\"https:\\\/\\\/lavocedelpaese.info\"],\"url\":\"https:\\\/\\\/lavocedelpaese.info\\\/index.php\\\/author\\\/admin\\\/\"}]}<\/script>\n<!-- \/ Yoast SEO plugin. -->","yoast_head_json":{"title":"Puglia Partecipa Camp: Un Nuovo Approccio alla Partecipazione e alla Mobilit\u00e0 Sostenibile - La Voce del Paese","robots":{"index":"index","follow":"follow","max-snippet":"max-snippet:-1","max-image-preview":"max-image-preview:large","max-video-preview":"max-video-preview:-1"},"canonical":"https:\/\/lavocedelpaese.info\/index.php\/2024\/06\/05\/puglia-partecipa-camp-un-nuovo-approccio-alla-partecipazione-e-alla-mobilita-sostenibile\/","og_locale":"it_IT","og_type":"article","og_title":"Puglia Partecipa Camp: Un Nuovo Approccio alla Partecipazione e alla Mobilit\u00e0 Sostenibile - La Voce del Paese","og_description":"Il 30 e 31 maggio, il Teatro Kursaal Santalucia di Bari si \u00e8 tenuto il &#8220;Puglia Partecipa Camp&#8221;, il primo","og_url":"https:\/\/lavocedelpaese.info\/index.php\/2024\/06\/05\/puglia-partecipa-camp-un-nuovo-approccio-alla-partecipazione-e-alla-mobilita-sostenibile\/","og_site_name":"La Voce del Paese","article_publisher":"https:\/\/www.facebook.com\/lavocedelpaese.info","article_published_time":"2024-06-05T06:37:01+00:00","article_modified_time":"2024-06-05T06:37:02+00:00","og_image":[{"width":1098,"height":606,"url":"https:\/\/lavocedelpaese.info\/wp-content\/uploads\/2024\/06\/puglia-camp.png","type":"image\/png"}],"author":"admin","twitter_card":"summary_large_image","twitter_misc":{"Scritto da":"admin","Tempo di lettura stimato":"5 minuti"},"schema":{"@context":"https:\/\/schema.org","@graph":[{"@type":"Article","@id":"https:\/\/lavocedelpaese.info\/index.php\/2024\/06\/05\/puglia-partecipa-camp-un-nuovo-approccio-alla-partecipazione-e-alla-mobilita-sostenibile\/#article","isPartOf":{"@id":"https:\/\/lavocedelpaese.info\/index.php\/2024\/06\/05\/puglia-partecipa-camp-un-nuovo-approccio-alla-partecipazione-e-alla-mobilita-sostenibile\/"},"author":{"name":"admin","@id":"https:\/\/lavocedelpaese.info\/#\/schema\/person\/ec151d321306bd7591f7a061abf72d88"},"headline":"Puglia Partecipa Camp: Un Nuovo Approccio alla Partecipazione e alla Mobilit\u00e0 Sostenibile","datePublished":"2024-06-05T06:37:01+00:00","dateModified":"2024-06-05T06:37:02+00:00","mainEntityOfPage":{"@id":"https:\/\/lavocedelpaese.info\/index.php\/2024\/06\/05\/puglia-partecipa-camp-un-nuovo-approccio-alla-partecipazione-e-alla-mobilita-sostenibile\/"},"wordCount":982,"commentCount":0,"publisher":{"@id":"https:\/\/lavocedelpaese.info\/#organization"},"image":{"@id":"https:\/\/lavocedelpaese.info\/index.php\/2024\/06\/05\/puglia-partecipa-camp-un-nuovo-approccio-alla-partecipazione-e-alla-mobilita-sostenibile\/#primaryimage"},"thumbnailUrl":"https:\/\/lavocedelpaese.info\/wp-content\/uploads\/2024\/06\/puglia-camp.png","articleSection":["Attualit\u00e0","Regione"],"inLanguage":"it-IT","potentialAction":[{"@type":"CommentAction","name":"Comment","target":["https:\/\/lavocedelpaese.info\/index.php\/2024\/06\/05\/puglia-partecipa-camp-un-nuovo-approccio-alla-partecipazione-e-alla-mobilita-sostenibile\/#respond"]}]},{"@type":"WebPage","@id":"https:\/\/lavocedelpaese.info\/index.php\/2024\/06\/05\/puglia-partecipa-camp-un-nuovo-approccio-alla-partecipazione-e-alla-mobilita-sostenibile\/","url":"https:\/\/lavocedelpaese.info\/index.php\/2024\/06\/05\/puglia-partecipa-camp-un-nuovo-approccio-alla-partecipazione-e-alla-mobilita-sostenibile\/","name":"Puglia Partecipa Camp: Un Nuovo Approccio alla Partecipazione e alla Mobilit\u00e0 Sostenibile - La Voce del Paese","isPartOf":{"@id":"https:\/\/lavocedelpaese.info\/#website"},"primaryImageOfPage":{"@id":"https:\/\/lavocedelpaese.info\/index.php\/2024\/06\/05\/puglia-partecipa-camp-un-nuovo-approccio-alla-partecipazione-e-alla-mobilita-sostenibile\/#primaryimage"},"image":{"@id":"https:\/\/lavocedelpaese.info\/index.php\/2024\/06\/05\/puglia-partecipa-camp-un-nuovo-approccio-alla-partecipazione-e-alla-mobilita-sostenibile\/#primaryimage"},"thumbnailUrl":"https:\/\/lavocedelpaese.info\/wp-content\/uploads\/2024\/06\/puglia-camp.png","datePublished":"2024-06-05T06:37:01+00:00","dateModified":"2024-06-05T06:37:02+00:00","breadcrumb":{"@id":"https:\/\/lavocedelpaese.info\/index.php\/2024\/06\/05\/puglia-partecipa-camp-un-nuovo-approccio-alla-partecipazione-e-alla-mobilita-sostenibile\/#breadcrumb"},"inLanguage":"it-IT","potentialAction":[{"@type":"ReadAction","target":["https:\/\/lavocedelpaese.info\/index.php\/2024\/06\/05\/puglia-partecipa-camp-un-nuovo-approccio-alla-partecipazione-e-alla-mobilita-sostenibile\/"]}]},{"@type":"ImageObject","inLanguage":"it-IT","@id":"https:\/\/lavocedelpaese.info\/index.php\/2024\/06\/05\/puglia-partecipa-camp-un-nuovo-approccio-alla-partecipazione-e-alla-mobilita-sostenibile\/#primaryimage","url":"https:\/\/lavocedelpaese.info\/wp-content\/uploads\/2024\/06\/puglia-camp.png","contentUrl":"https:\/\/lavocedelpaese.info\/wp-content\/uploads\/2024\/06\/puglia-camp.png","width":1098,"height":606},{"@type":"BreadcrumbList","@id":"https:\/\/lavocedelpaese.info\/index.php\/2024\/06\/05\/puglia-partecipa-camp-un-nuovo-approccio-alla-partecipazione-e-alla-mobilita-sostenibile\/#breadcrumb","itemListElement":[{"@type":"ListItem","position":1,"name":"Home","item":"https:\/\/lavocedelpaese.info\/"},{"@type":"ListItem","position":2,"name":"Puglia Partecipa Camp: Un Nuovo Approccio alla Partecipazione e alla Mobilit\u00e0 Sostenibile"}]},{"@type":"WebSite","@id":"https:\/\/lavocedelpaese.info\/#website","url":"https:\/\/lavocedelpaese.info\/","name":"La Voce del Paese","description":"Un network di idee","publisher":{"@id":"https:\/\/lavocedelpaese.info\/#organization"},"potentialAction":[{"@type":"SearchAction","target":{"@type":"EntryPoint","urlTemplate":"https:\/\/lavocedelpaese.info\/?s={search_term_string}"},"query-input":{"@type":"PropertyValueSpecification","valueRequired":true,"valueName":"search_term_string"}}],"inLanguage":"it-IT"},{"@type":"Organization","@id":"https:\/\/lavocedelpaese.info\/#organization","name":"La Voce del Paese","url":"https:\/\/lavocedelpaese.info\/","logo":{"@type":"ImageObject","inLanguage":"it-IT","@id":"https:\/\/lavocedelpaese.info\/#\/schema\/logo\/image\/","url":"https:\/\/lavocedelpaese.info\/wp-content\/uploads\/2023\/01\/cropped-logo-150-127.png","contentUrl":"https:\/\/lavocedelpaese.info\/wp-content\/uploads\/2023\/01\/cropped-logo-150-127.png","width":137,"height":119,"caption":"La Voce del Paese"},"image":{"@id":"https:\/\/lavocedelpaese.info\/#\/schema\/logo\/image\/"},"sameAs":["https:\/\/www.facebook.com\/lavocedelpaese.info"]},{"@type":"Person","@id":"https:\/\/lavocedelpaese.info\/#\/schema\/person\/ec151d321306bd7591f7a061abf72d88","name":"admin","image":{"@type":"ImageObject","inLanguage":"it-IT","@id":"https:\/\/secure.gravatar.com\/avatar\/af8f2caf0663124588de48a9380e07cbc95a74ef15b8062d0d39106c32fe3023?s=96&d=mm&r=g","url":"https:\/\/secure.gravatar.com\/avatar\/af8f2caf0663124588de48a9380e07cbc95a74ef15b8062d0d39106c32fe3023?s=96&d=mm&r=g","contentUrl":"https:\/\/secure.gravatar.com\/avatar\/af8f2caf0663124588de48a9380e07cbc95a74ef15b8062d0d39106c32fe3023?s=96&d=mm&r=g","caption":"admin"},"sameAs":["https:\/\/lavocedelpaese.info"],"url":"https:\/\/lavocedelpaese.info\/index.php\/author\/admin\/"}]}},"_links":{"self":[{"href":"https:\/\/lavocedelpaese.info\/index.php\/wp-json\/wp\/v2\/posts\/2069","targetHints":{"allow":["GET"]}}],"collection":[{"href":"https:\/\/lavocedelpaese.info\/index.php\/wp-json\/wp\/v2\/posts"}],"about":[{"href":"https:\/\/lavocedelpaese.info\/index.php\/wp-json\/wp\/v2\/types\/post"}],"author":[{"embeddable":true,"href":"https:\/\/lavocedelpaese.info\/index.php\/wp-json\/wp\/v2\/users\/6"}],"replies":[{"embeddable":true,"href":"https:\/\/lavocedelpaese.info\/index.php\/wp-json\/wp\/v2\/comments?post=2069"}],"version-history":[{"count":1,"href":"https:\/\/lavocedelpaese.info\/index.php\/wp-json\/wp\/v2\/posts\/2069\/revisions"}],"predecessor-version":[{"id":2071,"href":"https:\/\/lavocedelpaese.info\/index.php\/wp-json\/wp\/v2\/posts\/2069\/revisions\/2071"}],"wp:featuredmedia":[{"embeddable":true,"href":"https:\/\/lavocedelpaese.info\/index.php\/wp-json\/wp\/v2\/media\/2070"}],"wp:attachment":[{"href":"https:\/\/lavocedelpaese.info\/index.php\/wp-json\/wp\/v2\/media?parent=2069"}],"wp:term":[{"taxonomy":"category","embeddable":true,"href":"https:\/\/lavocedelpaese.info\/index.php\/wp-json\/wp\/v2\/categories?post=2069"},{"taxonomy":"post_tag","embeddable":true,"href":"https:\/\/lavocedelpaese.info\/index.php\/wp-json\/wp\/v2\/tags?post=2069"}],"curies":[{"name":"wp","href":"https:\/\/api.w.org\/{rel}","templated":true}]}}