{"id":2064,"date":"2024-06-05T06:33:42","date_gmt":"2024-06-05T06:33:42","guid":{"rendered":"https:\/\/lavocedelpaese.info\/?p=2064"},"modified":"2024-06-05T06:33:43","modified_gmt":"2024-06-05T06:33:43","slug":"servizi-domiciliari-e-diurni-per-disabili-e-anziani","status":"publish","type":"post","link":"https:\/\/lavocedelpaese.info\/index.php\/2024\/06\/05\/servizi-domiciliari-e-diurni-per-disabili-e-anziani\/","title":{"rendered":"Servizi Domiciliari e Diurni per Disabili e Anziani"},"content":{"rendered":"\n<p>\u00c8 stata aperta una finestra straordinaria per le Unit\u00e0 di offerta (UDO) di servizi domiciliari e a ciclo diurno per persone con disabilit\u00e0, anziani e non autosufficienti in Puglia. Questa decisione \u00e8 stata presa a seguito della mancata presentazione di istanze di permanenza o aggiornamento da parte di alcune UDO. Le nuove candidature saranno accettate fino al 31 maggio. In risposta all\u2019Avviso del 10 aprile 2024, sono state ammesse 530 unit\u00e0 di offerta per erogare servizi tramite il Buono Servizio. La riapertura dei termini mira a garantire una maggiore partecipazione dei cittadini al programma.<\/p>\n\n\n\n<p>L&#8217;apertura straordinaria per le Unit\u00e0 di Offerta (UDO) di servizi domiciliari e a ciclo diurno per persone con disabilit\u00e0, anziani e non autosufficienti in Puglia avr\u00e0 profonde e ampie conseguenze sulla politica sanitaria regionale e nazionale. In primo luogo, questa misura rappresenta un passo significativo verso il miglioramento dell&#8217;accessibilit\u00e0 e della qualit\u00e0 dei servizi sanitari e assistenziali per le fasce pi\u00f9 vulnerabili della popolazione. Estendere la possibilit\u00e0 di presentare candidature permette di includere pi\u00f9 unit\u00e0 di offerta nel sistema del Buono Servizio, aumentando cos\u00ec la disponibilit\u00e0 di servizi essenziali per chi ne ha pi\u00f9 bisogno. Ci\u00f2 risponde direttamente all&#8217;esigenza di colmare le lacune esistenti nella copertura dei servizi e garantire che tutte le aree della regione, comprese quelle pi\u00f9 remote o meno servite, possano beneficiare di un&#8217;assistenza adeguata.<\/p>\n\n\n\n<p>Questa iniziativa riflette una strategia di politica sanitaria che mira a decentralizzare e diversificare l&#8217;offerta di servizi, riducendo la pressione su ospedali e strutture sanitarie centralizzate. Promuovere i servizi domiciliari e diurni pu\u00f2 contribuire a un migliore utilizzo delle risorse sanitarie, prevenendo l&#8217;ospedalizzazione non necessaria e favorendo la gestione delle condizioni croniche direttamente nel contesto familiare o comunitario. Questo approccio non solo migliora la qualit\u00e0 della vita dei pazienti, consentendo loro di rimanere nel proprio ambiente domestico il pi\u00f9 a lungo possibile, ma pu\u00f2 anche portare a risparmi significativi per il sistema sanitario nel lungo termine. Riducendo le degenze ospedaliere e i costi associati, le risorse possono essere riallocate per migliorare ulteriormente i servizi di prevenzione e assistenza primaria.<\/p>\n\n\n\n<p>L&#8217;aumento delle UDO accreditate e la maggiore disponibilit\u00e0 di servizi grazie alla finestra straordinaria pu\u00f2 anche stimolare una competizione positiva tra i fornitori di servizi. Questa competizione pu\u00f2 incentivare le unit\u00e0 di offerta a migliorare continuamente la qualit\u00e0 delle prestazioni, adottando pratiche innovative e centrando maggiormente l&#8217;attenzione sulle esigenze dei pazienti. Le politiche sanitarie possono quindi beneficiare di un settore assistenziale pi\u00f9 dinamico e reattivo, capace di adattarsi rapidamente ai cambiamenti demografici e alle nuove sfide sanitarie.<\/p>\n\n\n\n<p>Inoltre, l&#8217;iniziativa ha il potenziale di influenzare positivamente la forza lavoro nel settore sanitario e assistenziale. L&#8217;aumento della domanda di servizi domiciliari e diurni creer\u00e0 nuove opportunit\u00e0 di impiego per assistenti domiciliari, infermieri, fisioterapisti e altri professionisti della salute. Le politiche sanitarie dovranno quindi considerare la necessit\u00e0 di formare e qualificare adeguatamente questi operatori, garantendo che possano fornire un&#8217;assistenza di alta qualit\u00e0. Programmi di formazione continua e incentivi per attrarre nuovi talenti nel settore saranno cruciali per sostenere l&#8217;espansione dei servizi.<\/p>\n\n\n\n<p>La decisione di riaprire i termini per le candidature pu\u00f2 anche rafforzare la collaborazione tra diversi attori del sistema sanitario. Le politiche sanitarie devono promuovere un approccio integrato e coordinato, dove ospedali, unit\u00e0 di offerta domiciliari e diurni, medici di base e servizi sociali lavorano insieme per fornire un&#8217;assistenza continua e olistica ai pazienti. Questo tipo di collaborazione pu\u00f2 migliorare significativamente l&#8217;efficacia dei trattamenti e la soddisfazione dei pazienti, riducendo al contempo le duplicazioni e gli sprechi di risorse.<\/p>\n\n\n\n<p>L&#8217;implementazione di questa iniziativa deve essere accompagnata da un monitoraggio rigoroso e da una valutazione continua delle prestazioni delle unit\u00e0 di offerta. Le politiche sanitarie dovrebbero includere meccanismi di controllo della qualit\u00e0 e strumenti di feedback per i pazienti e le loro famiglie. Questo permetter\u00e0 di identificare rapidamente eventuali problemi e di apportare le correzioni necessarie, garantendo che i servizi offerti soddisfino elevati standard di qualit\u00e0 e sicurezza.<\/p>\n\n\n\n<p>Un altro aspetto fondamentale riguarda l&#8217;equit\u00e0 nell&#8217;accesso ai servizi. La politica sanitaria deve assicurare che l&#8217;ampliamento dell&#8217;offerta di servizi non lasci indietro nessuna fascia della popolazione. \u00c8 essenziale che le unit\u00e0 di offerta siano distribuite in modo equo sul territorio regionale e che i servizi siano accessibili a tutti, indipendentemente dalla posizione geografica o dal livello socioeconomico. In questo contesto, l&#8217;uso di strumenti tecnologici e digitali pu\u00f2 giocare un ruolo cruciale nel superare le barriere geografiche e facilitare l&#8217;accesso ai servizi, specialmente nelle aree rurali o meno servite.<\/p>\n\n\n\n<p>La finestra straordinaria per le candidature pu\u00f2 anche avere implicazioni per il finanziamento del sistema sanitario. Le politiche sanitarie devono garantire che i fondi pubblici siano utilizzati in modo efficiente e trasparente. L&#8217;inclusione di nuove unit\u00e0 di offerta deve essere accompagnata da una gestione finanziaria rigorosa, che assicuri che le risorse siano allocate in base alle reali necessit\u00e0 della popolazione e che i servizi siano sostenibili nel lungo termine.<\/p>\n\n\n\n<p>Infine, questa iniziativa pu\u00f2 contribuire a promuovere una maggiore consapevolezza e partecipazione dei cittadini nella gestione della propria salute. Le politiche sanitarie dovrebbero incoraggiare un coinvolgimento attivo dei pazienti e delle loro famiglie, fornendo loro le informazioni e gli strumenti necessari per prendere decisioni informate riguardo alla propria assistenza. La promozione dell&#8217;educazione sanitaria e delle campagne di sensibilizzazione pu\u00f2 aiutare a costruire una cultura della prevenzione e del benessere, riducendo la domanda di interventi sanitari urgenti e costosi.<\/p>\n\n\n\n<p>In conclusione, l&#8217;apertura straordinaria per le Unit\u00e0 di Offerta (UDO) di servizi domiciliari e a ciclo diurno in Puglia rappresenta un&#8217;importante opportunit\u00e0 per migliorare la politica sanitaria regionale. Le conseguenze di questa iniziativa includono una maggiore accessibilit\u00e0 e qualit\u00e0 dei servizi, una migliore gestione delle risorse sanitarie, lo stimolo all&#8217;innovazione e alla competizione tra fornitori, la creazione di nuovi posti di lavoro, il rafforzamento della collaborazione tra diversi attori del sistema sanitario, un monitoraggio rigoroso delle prestazioni, l&#8217;assicurazione dell&#8217;equit\u00e0 nell&#8217;accesso ai servizi, una gestione finanziaria efficiente e la promozione della partecipazione dei cittadini. Questi elementi contribuiranno a costruire un sistema sanitario pi\u00f9 resiliente, inclusivo e sostenibile, capace di rispondere alle sfide presenti e future.<\/p>\n","protected":false},"excerpt":{"rendered":"<p>\u00c8 stata aperta una finestra straordinaria per le Unit\u00e0 di offerta (UDO) di servizi domiciliari e a ciclo diurno per<\/p>\n","protected":false},"author":6,"featured_media":2065,"comment_status":"open","ping_status":"closed","sticky":false,"template":"","format":"standard","meta":{"colormag_page_container_layout":"default_layout","colormag_page_sidebar_layout":"default_layout","footnotes":""},"categories":[2,34],"tags":[],"class_list":["post-2064","post","type-post","status-publish","format-standard","has-post-thumbnail","hentry","category-attualita","category-box-laterali-blocco-1"],"yoast_head":"<!-- This site is optimized with the Yoast SEO plugin v27.5 - https:\/\/yoast.com\/product\/yoast-seo-wordpress\/ -->\n<title>Servizi Domiciliari e Diurni per Disabili e Anziani - La Voce del Paese<\/title>\n<meta name=\"robots\" content=\"index, follow, max-snippet:-1, max-image-preview:large, max-video-preview:-1\" \/>\n<link rel=\"canonical\" href=\"https:\/\/lavocedelpaese.info\/index.php\/2024\/06\/05\/servizi-domiciliari-e-diurni-per-disabili-e-anziani\/\" \/>\n<meta property=\"og:locale\" content=\"it_IT\" \/>\n<meta property=\"og:type\" content=\"article\" \/>\n<meta property=\"og:title\" content=\"Servizi Domiciliari e Diurni per Disabili e Anziani - La Voce del Paese\" \/>\n<meta property=\"og:description\" content=\"\u00c8 stata aperta una finestra straordinaria per le Unit\u00e0 di offerta (UDO) di servizi domiciliari e a ciclo diurno per\" \/>\n<meta property=\"og:url\" content=\"https:\/\/lavocedelpaese.info\/index.php\/2024\/06\/05\/servizi-domiciliari-e-diurni-per-disabili-e-anziani\/\" \/>\n<meta property=\"og:site_name\" content=\"La Voce del Paese\" \/>\n<meta property=\"article:publisher\" content=\"https:\/\/www.facebook.com\/lavocedelpaese.info\" \/>\n<meta property=\"article:published_time\" content=\"2024-06-05T06:33:42+00:00\" \/>\n<meta property=\"article:modified_time\" content=\"2024-06-05T06:33:43+00:00\" \/>\n<meta property=\"og:image\" content=\"https:\/\/lavocedelpaese.info\/wp-content\/uploads\/2024\/06\/servizi-anziani.jpg\" \/>\n\t<meta property=\"og:image:width\" content=\"1000\" \/>\n\t<meta property=\"og:image:height\" content=\"700\" \/>\n\t<meta property=\"og:image:type\" content=\"image\/jpeg\" \/>\n<meta name=\"author\" content=\"admin\" \/>\n<meta name=\"twitter:card\" content=\"summary_large_image\" \/>\n<meta name=\"twitter:label1\" content=\"Scritto da\" \/>\n\t<meta name=\"twitter:data1\" content=\"admin\" \/>\n\t<meta name=\"twitter:label2\" content=\"Tempo di lettura stimato\" \/>\n\t<meta name=\"twitter:data2\" content=\"5 minuti\" \/>\n<script type=\"application\/ld+json\" class=\"yoast-schema-graph\">{\"@context\":\"https:\\\/\\\/schema.org\",\"@graph\":[{\"@type\":\"Article\",\"@id\":\"https:\\\/\\\/lavocedelpaese.info\\\/index.php\\\/2024\\\/06\\\/05\\\/servizi-domiciliari-e-diurni-per-disabili-e-anziani\\\/#article\",\"isPartOf\":{\"@id\":\"https:\\\/\\\/lavocedelpaese.info\\\/index.php\\\/2024\\\/06\\\/05\\\/servizi-domiciliari-e-diurni-per-disabili-e-anziani\\\/\"},\"author\":{\"name\":\"admin\",\"@id\":\"https:\\\/\\\/lavocedelpaese.info\\\/#\\\/schema\\\/person\\\/ec151d321306bd7591f7a061abf72d88\"},\"headline\":\"Servizi Domiciliari e Diurni per Disabili e Anziani\",\"datePublished\":\"2024-06-05T06:33:42+00:00\",\"dateModified\":\"2024-06-05T06:33:43+00:00\",\"mainEntityOfPage\":{\"@id\":\"https:\\\/\\\/lavocedelpaese.info\\\/index.php\\\/2024\\\/06\\\/05\\\/servizi-domiciliari-e-diurni-per-disabili-e-anziani\\\/\"},\"wordCount\":1026,\"commentCount\":0,\"publisher\":{\"@id\":\"https:\\\/\\\/lavocedelpaese.info\\\/#organization\"},\"image\":{\"@id\":\"https:\\\/\\\/lavocedelpaese.info\\\/index.php\\\/2024\\\/06\\\/05\\\/servizi-domiciliari-e-diurni-per-disabili-e-anziani\\\/#primaryimage\"},\"thumbnailUrl\":\"https:\\\/\\\/lavocedelpaese.info\\\/wp-content\\\/uploads\\\/2024\\\/06\\\/servizi-anziani.jpg\",\"articleSection\":[\"Attualit\u00e0\",\"primo piano\"],\"inLanguage\":\"it-IT\",\"potentialAction\":[{\"@type\":\"CommentAction\",\"name\":\"Comment\",\"target\":[\"https:\\\/\\\/lavocedelpaese.info\\\/index.php\\\/2024\\\/06\\\/05\\\/servizi-domiciliari-e-diurni-per-disabili-e-anziani\\\/#respond\"]}]},{\"@type\":\"WebPage\",\"@id\":\"https:\\\/\\\/lavocedelpaese.info\\\/index.php\\\/2024\\\/06\\\/05\\\/servizi-domiciliari-e-diurni-per-disabili-e-anziani\\\/\",\"url\":\"https:\\\/\\\/lavocedelpaese.info\\\/index.php\\\/2024\\\/06\\\/05\\\/servizi-domiciliari-e-diurni-per-disabili-e-anziani\\\/\",\"name\":\"Servizi Domiciliari e Diurni per Disabili e Anziani - La Voce del Paese\",\"isPartOf\":{\"@id\":\"https:\\\/\\\/lavocedelpaese.info\\\/#website\"},\"primaryImageOfPage\":{\"@id\":\"https:\\\/\\\/lavocedelpaese.info\\\/index.php\\\/2024\\\/06\\\/05\\\/servizi-domiciliari-e-diurni-per-disabili-e-anziani\\\/#primaryimage\"},\"image\":{\"@id\":\"https:\\\/\\\/lavocedelpaese.info\\\/index.php\\\/2024\\\/06\\\/05\\\/servizi-domiciliari-e-diurni-per-disabili-e-anziani\\\/#primaryimage\"},\"thumbnailUrl\":\"https:\\\/\\\/lavocedelpaese.info\\\/wp-content\\\/uploads\\\/2024\\\/06\\\/servizi-anziani.jpg\",\"datePublished\":\"2024-06-05T06:33:42+00:00\",\"dateModified\":\"2024-06-05T06:33:43+00:00\",\"breadcrumb\":{\"@id\":\"https:\\\/\\\/lavocedelpaese.info\\\/index.php\\\/2024\\\/06\\\/05\\\/servizi-domiciliari-e-diurni-per-disabili-e-anziani\\\/#breadcrumb\"},\"inLanguage\":\"it-IT\",\"potentialAction\":[{\"@type\":\"ReadAction\",\"target\":[\"https:\\\/\\\/lavocedelpaese.info\\\/index.php\\\/2024\\\/06\\\/05\\\/servizi-domiciliari-e-diurni-per-disabili-e-anziani\\\/\"]}]},{\"@type\":\"ImageObject\",\"inLanguage\":\"it-IT\",\"@id\":\"https:\\\/\\\/lavocedelpaese.info\\\/index.php\\\/2024\\\/06\\\/05\\\/servizi-domiciliari-e-diurni-per-disabili-e-anziani\\\/#primaryimage\",\"url\":\"https:\\\/\\\/lavocedelpaese.info\\\/wp-content\\\/uploads\\\/2024\\\/06\\\/servizi-anziani.jpg\",\"contentUrl\":\"https:\\\/\\\/lavocedelpaese.info\\\/wp-content\\\/uploads\\\/2024\\\/06\\\/servizi-anziani.jpg\",\"width\":1000,\"height\":700},{\"@type\":\"BreadcrumbList\",\"@id\":\"https:\\\/\\\/lavocedelpaese.info\\\/index.php\\\/2024\\\/06\\\/05\\\/servizi-domiciliari-e-diurni-per-disabili-e-anziani\\\/#breadcrumb\",\"itemListElement\":[{\"@type\":\"ListItem\",\"position\":1,\"name\":\"Home\",\"item\":\"https:\\\/\\\/lavocedelpaese.info\\\/\"},{\"@type\":\"ListItem\",\"position\":2,\"name\":\"Servizi Domiciliari e Diurni per Disabili e Anziani\"}]},{\"@type\":\"WebSite\",\"@id\":\"https:\\\/\\\/lavocedelpaese.info\\\/#website\",\"url\":\"https:\\\/\\\/lavocedelpaese.info\\\/\",\"name\":\"La Voce del Paese\",\"description\":\"Un network di idee\",\"publisher\":{\"@id\":\"https:\\\/\\\/lavocedelpaese.info\\\/#organization\"},\"potentialAction\":[{\"@type\":\"SearchAction\",\"target\":{\"@type\":\"EntryPoint\",\"urlTemplate\":\"https:\\\/\\\/lavocedelpaese.info\\\/?s={search_term_string}\"},\"query-input\":{\"@type\":\"PropertyValueSpecification\",\"valueRequired\":true,\"valueName\":\"search_term_string\"}}],\"inLanguage\":\"it-IT\"},{\"@type\":\"Organization\",\"@id\":\"https:\\\/\\\/lavocedelpaese.info\\\/#organization\",\"name\":\"La Voce del Paese\",\"url\":\"https:\\\/\\\/lavocedelpaese.info\\\/\",\"logo\":{\"@type\":\"ImageObject\",\"inLanguage\":\"it-IT\",\"@id\":\"https:\\\/\\\/lavocedelpaese.info\\\/#\\\/schema\\\/logo\\\/image\\\/\",\"url\":\"https:\\\/\\\/lavocedelpaese.info\\\/wp-content\\\/uploads\\\/2023\\\/01\\\/cropped-logo-150-127.png\",\"contentUrl\":\"https:\\\/\\\/lavocedelpaese.info\\\/wp-content\\\/uploads\\\/2023\\\/01\\\/cropped-logo-150-127.png\",\"width\":137,\"height\":119,\"caption\":\"La Voce del Paese\"},\"image\":{\"@id\":\"https:\\\/\\\/lavocedelpaese.info\\\/#\\\/schema\\\/logo\\\/image\\\/\"},\"sameAs\":[\"https:\\\/\\\/www.facebook.com\\\/lavocedelpaese.info\"]},{\"@type\":\"Person\",\"@id\":\"https:\\\/\\\/lavocedelpaese.info\\\/#\\\/schema\\\/person\\\/ec151d321306bd7591f7a061abf72d88\",\"name\":\"admin\",\"image\":{\"@type\":\"ImageObject\",\"inLanguage\":\"it-IT\",\"@id\":\"https:\\\/\\\/secure.gravatar.com\\\/avatar\\\/af8f2caf0663124588de48a9380e07cbc95a74ef15b8062d0d39106c32fe3023?s=96&d=mm&r=g\",\"url\":\"https:\\\/\\\/secure.gravatar.com\\\/avatar\\\/af8f2caf0663124588de48a9380e07cbc95a74ef15b8062d0d39106c32fe3023?s=96&d=mm&r=g\",\"contentUrl\":\"https:\\\/\\\/secure.gravatar.com\\\/avatar\\\/af8f2caf0663124588de48a9380e07cbc95a74ef15b8062d0d39106c32fe3023?s=96&d=mm&r=g\",\"caption\":\"admin\"},\"sameAs\":[\"https:\\\/\\\/lavocedelpaese.info\"],\"url\":\"https:\\\/\\\/lavocedelpaese.info\\\/index.php\\\/author\\\/admin\\\/\"}]}<\/script>\n<!-- \/ Yoast SEO plugin. -->","yoast_head_json":{"title":"Servizi Domiciliari e Diurni per Disabili e Anziani - La Voce del Paese","robots":{"index":"index","follow":"follow","max-snippet":"max-snippet:-1","max-image-preview":"max-image-preview:large","max-video-preview":"max-video-preview:-1"},"canonical":"https:\/\/lavocedelpaese.info\/index.php\/2024\/06\/05\/servizi-domiciliari-e-diurni-per-disabili-e-anziani\/","og_locale":"it_IT","og_type":"article","og_title":"Servizi Domiciliari e Diurni per Disabili e Anziani - La Voce del Paese","og_description":"\u00c8 stata aperta una finestra straordinaria per le Unit\u00e0 di offerta (UDO) di servizi domiciliari e a ciclo diurno per","og_url":"https:\/\/lavocedelpaese.info\/index.php\/2024\/06\/05\/servizi-domiciliari-e-diurni-per-disabili-e-anziani\/","og_site_name":"La Voce del Paese","article_publisher":"https:\/\/www.facebook.com\/lavocedelpaese.info","article_published_time":"2024-06-05T06:33:42+00:00","article_modified_time":"2024-06-05T06:33:43+00:00","og_image":[{"width":1000,"height":700,"url":"https:\/\/lavocedelpaese.info\/wp-content\/uploads\/2024\/06\/servizi-anziani.jpg","type":"image\/jpeg"}],"author":"admin","twitter_card":"summary_large_image","twitter_misc":{"Scritto da":"admin","Tempo di lettura stimato":"5 minuti"},"schema":{"@context":"https:\/\/schema.org","@graph":[{"@type":"Article","@id":"https:\/\/lavocedelpaese.info\/index.php\/2024\/06\/05\/servizi-domiciliari-e-diurni-per-disabili-e-anziani\/#article","isPartOf":{"@id":"https:\/\/lavocedelpaese.info\/index.php\/2024\/06\/05\/servizi-domiciliari-e-diurni-per-disabili-e-anziani\/"},"author":{"name":"admin","@id":"https:\/\/lavocedelpaese.info\/#\/schema\/person\/ec151d321306bd7591f7a061abf72d88"},"headline":"Servizi Domiciliari e Diurni per Disabili e Anziani","datePublished":"2024-06-05T06:33:42+00:00","dateModified":"2024-06-05T06:33:43+00:00","mainEntityOfPage":{"@id":"https:\/\/lavocedelpaese.info\/index.php\/2024\/06\/05\/servizi-domiciliari-e-diurni-per-disabili-e-anziani\/"},"wordCount":1026,"commentCount":0,"publisher":{"@id":"https:\/\/lavocedelpaese.info\/#organization"},"image":{"@id":"https:\/\/lavocedelpaese.info\/index.php\/2024\/06\/05\/servizi-domiciliari-e-diurni-per-disabili-e-anziani\/#primaryimage"},"thumbnailUrl":"https:\/\/lavocedelpaese.info\/wp-content\/uploads\/2024\/06\/servizi-anziani.jpg","articleSection":["Attualit\u00e0","primo piano"],"inLanguage":"it-IT","potentialAction":[{"@type":"CommentAction","name":"Comment","target":["https:\/\/lavocedelpaese.info\/index.php\/2024\/06\/05\/servizi-domiciliari-e-diurni-per-disabili-e-anziani\/#respond"]}]},{"@type":"WebPage","@id":"https:\/\/lavocedelpaese.info\/index.php\/2024\/06\/05\/servizi-domiciliari-e-diurni-per-disabili-e-anziani\/","url":"https:\/\/lavocedelpaese.info\/index.php\/2024\/06\/05\/servizi-domiciliari-e-diurni-per-disabili-e-anziani\/","name":"Servizi Domiciliari e Diurni per Disabili e Anziani - La Voce del Paese","isPartOf":{"@id":"https:\/\/lavocedelpaese.info\/#website"},"primaryImageOfPage":{"@id":"https:\/\/lavocedelpaese.info\/index.php\/2024\/06\/05\/servizi-domiciliari-e-diurni-per-disabili-e-anziani\/#primaryimage"},"image":{"@id":"https:\/\/lavocedelpaese.info\/index.php\/2024\/06\/05\/servizi-domiciliari-e-diurni-per-disabili-e-anziani\/#primaryimage"},"thumbnailUrl":"https:\/\/lavocedelpaese.info\/wp-content\/uploads\/2024\/06\/servizi-anziani.jpg","datePublished":"2024-06-05T06:33:42+00:00","dateModified":"2024-06-05T06:33:43+00:00","breadcrumb":{"@id":"https:\/\/lavocedelpaese.info\/index.php\/2024\/06\/05\/servizi-domiciliari-e-diurni-per-disabili-e-anziani\/#breadcrumb"},"inLanguage":"it-IT","potentialAction":[{"@type":"ReadAction","target":["https:\/\/lavocedelpaese.info\/index.php\/2024\/06\/05\/servizi-domiciliari-e-diurni-per-disabili-e-anziani\/"]}]},{"@type":"ImageObject","inLanguage":"it-IT","@id":"https:\/\/lavocedelpaese.info\/index.php\/2024\/06\/05\/servizi-domiciliari-e-diurni-per-disabili-e-anziani\/#primaryimage","url":"https:\/\/lavocedelpaese.info\/wp-content\/uploads\/2024\/06\/servizi-anziani.jpg","contentUrl":"https:\/\/lavocedelpaese.info\/wp-content\/uploads\/2024\/06\/servizi-anziani.jpg","width":1000,"height":700},{"@type":"BreadcrumbList","@id":"https:\/\/lavocedelpaese.info\/index.php\/2024\/06\/05\/servizi-domiciliari-e-diurni-per-disabili-e-anziani\/#breadcrumb","itemListElement":[{"@type":"ListItem","position":1,"name":"Home","item":"https:\/\/lavocedelpaese.info\/"},{"@type":"ListItem","position":2,"name":"Servizi Domiciliari e Diurni per Disabili e Anziani"}]},{"@type":"WebSite","@id":"https:\/\/lavocedelpaese.info\/#website","url":"https:\/\/lavocedelpaese.info\/","name":"La Voce del Paese","description":"Un network di idee","publisher":{"@id":"https:\/\/lavocedelpaese.info\/#organization"},"potentialAction":[{"@type":"SearchAction","target":{"@type":"EntryPoint","urlTemplate":"https:\/\/lavocedelpaese.info\/?s={search_term_string}"},"query-input":{"@type":"PropertyValueSpecification","valueRequired":true,"valueName":"search_term_string"}}],"inLanguage":"it-IT"},{"@type":"Organization","@id":"https:\/\/lavocedelpaese.info\/#organization","name":"La Voce del Paese","url":"https:\/\/lavocedelpaese.info\/","logo":{"@type":"ImageObject","inLanguage":"it-IT","@id":"https:\/\/lavocedelpaese.info\/#\/schema\/logo\/image\/","url":"https:\/\/lavocedelpaese.info\/wp-content\/uploads\/2023\/01\/cropped-logo-150-127.png","contentUrl":"https:\/\/lavocedelpaese.info\/wp-content\/uploads\/2023\/01\/cropped-logo-150-127.png","width":137,"height":119,"caption":"La Voce del Paese"},"image":{"@id":"https:\/\/lavocedelpaese.info\/#\/schema\/logo\/image\/"},"sameAs":["https:\/\/www.facebook.com\/lavocedelpaese.info"]},{"@type":"Person","@id":"https:\/\/lavocedelpaese.info\/#\/schema\/person\/ec151d321306bd7591f7a061abf72d88","name":"admin","image":{"@type":"ImageObject","inLanguage":"it-IT","@id":"https:\/\/secure.gravatar.com\/avatar\/af8f2caf0663124588de48a9380e07cbc95a74ef15b8062d0d39106c32fe3023?s=96&d=mm&r=g","url":"https:\/\/secure.gravatar.com\/avatar\/af8f2caf0663124588de48a9380e07cbc95a74ef15b8062d0d39106c32fe3023?s=96&d=mm&r=g","contentUrl":"https:\/\/secure.gravatar.com\/avatar\/af8f2caf0663124588de48a9380e07cbc95a74ef15b8062d0d39106c32fe3023?s=96&d=mm&r=g","caption":"admin"},"sameAs":["https:\/\/lavocedelpaese.info"],"url":"https:\/\/lavocedelpaese.info\/index.php\/author\/admin\/"}]}},"_links":{"self":[{"href":"https:\/\/lavocedelpaese.info\/index.php\/wp-json\/wp\/v2\/posts\/2064","targetHints":{"allow":["GET"]}}],"collection":[{"href":"https:\/\/lavocedelpaese.info\/index.php\/wp-json\/wp\/v2\/posts"}],"about":[{"href":"https:\/\/lavocedelpaese.info\/index.php\/wp-json\/wp\/v2\/types\/post"}],"author":[{"embeddable":true,"href":"https:\/\/lavocedelpaese.info\/index.php\/wp-json\/wp\/v2\/users\/6"}],"replies":[{"embeddable":true,"href":"https:\/\/lavocedelpaese.info\/index.php\/wp-json\/wp\/v2\/comments?post=2064"}],"version-history":[{"count":1,"href":"https:\/\/lavocedelpaese.info\/index.php\/wp-json\/wp\/v2\/posts\/2064\/revisions"}],"predecessor-version":[{"id":2066,"href":"https:\/\/lavocedelpaese.info\/index.php\/wp-json\/wp\/v2\/posts\/2064\/revisions\/2066"}],"wp:featuredmedia":[{"embeddable":true,"href":"https:\/\/lavocedelpaese.info\/index.php\/wp-json\/wp\/v2\/media\/2065"}],"wp:attachment":[{"href":"https:\/\/lavocedelpaese.info\/index.php\/wp-json\/wp\/v2\/media?parent=2064"}],"wp:term":[{"taxonomy":"category","embeddable":true,"href":"https:\/\/lavocedelpaese.info\/index.php\/wp-json\/wp\/v2\/categories?post=2064"},{"taxonomy":"post_tag","embeddable":true,"href":"https:\/\/lavocedelpaese.info\/index.php\/wp-json\/wp\/v2\/tags?post=2064"}],"curies":[{"name":"wp","href":"https:\/\/api.w.org\/{rel}","templated":true}]}}