{"id":2061,"date":"2024-06-05T06:30:47","date_gmt":"2024-06-05T06:30:47","guid":{"rendered":"https:\/\/lavocedelpaese.info\/?p=2061"},"modified":"2024-06-05T06:30:48","modified_gmt":"2024-06-05T06:30:48","slug":"nuova-comunicazione-digitale-per-le-residenze-artistiche","status":"publish","type":"post","link":"https:\/\/lavocedelpaese.info\/index.php\/2024\/06\/05\/nuova-comunicazione-digitale-per-le-residenze-artistiche\/","title":{"rendered":"Nuova Comunicazione Digitale per le Residenze Artistiche"},"content":{"rendered":"\n<h4 class=\"wp-block-heading\"><strong>Un Impulso all&#8217;Economia e alla Cultura in Puglia<\/strong><\/h4>\n\n\n\n<p>La Regione Puglia \u00e8 responsabile della comunicazione per il progetto nazionale delle Residenze Artistiche Italiane, con il supporto tecnico del Teatro Pubblico Pugliese. Questo progetto mira a innovare e arricchire il mondo dello spettacolo e il territorio ospitante tramite nuovi servizi digitali. Il portale www.residenzeartistiche.it \u00e8 stato creato per essere interattivo e ottimizzato per dispositivi mobili, fornendo informazioni aggiornate sulle attivit\u00e0 delle residenze. La strategia di gestione dei social media \u00e8 stata potenziata con un nuovo approccio per Facebook e l&#8217;introduzione di un canale Instagram.<\/p>\n\n\n\n<p>Le residenze artistiche hanno favorito lo sviluppo di progetti contemporanei, incontri professionali e scambi di idee tra artisti e curatori, consolidando accordi di programma interistituzionali tra Stato e Regioni. Attualmente, la Regione Puglia sostiene il Centro di Residenza TRAC &#8211; Teatri di Residenza Artistica Contemporanea, che coinvolge cinque compagnie teatrali distribuite lungo tutta la regione, connettendo le periferie e promuovendo il dialogo nazionale delle residenze artistiche.<\/p>\n\n\n\n<p>La nuova comunicazione digitale per le Residenze Artistiche Italiane, con la Regione Puglia come referente, avr\u00e0 conseguenze significative sulla politica economica regionale e nazionale, riflettendo un impatto multidimensionale su vari settori, tra cui cultura, turismo, tecnologia e sviluppo economico locale. Questo progetto, che introduce un portale interattivo e ottimizzato per dispositivi mobili, e potenzia la strategia di social media management, rappresenta una svolta nell&#8217;approccio alla promozione e gestione delle residenze artistiche. In primo luogo, migliorando la visibilit\u00e0 e l&#8217;accessibilit\u00e0 delle residenze artistiche attraverso strumenti digitali avanzati, il progetto potr\u00e0 attirare un pubblico pi\u00f9 vasto e diversificato. Questo aumento di visibilit\u00e0 non solo favorir\u00e0 la partecipazione culturale ma stimoler\u00e0 anche il turismo culturale. I visitatori attratti dagli eventi artistici e dalle residenze stesse contribuiranno all&#8217;economia locale, generando entrate per le attivit\u00e0 commerciali, i servizi di ospitalit\u00e0 e le infrastrutture turistiche.<\/p>\n\n\n\n<p>Inoltre, il potenziamento della comunicazione digitale rafforza il legame tra le residenze artistiche e le comunit\u00e0 locali, facilitando la partecipazione attiva dei cittadini. Questo coinvolgimento pu\u00f2 tradursi in un aumento del capitale sociale e della coesione comunitaria, elementi fondamentali per uno sviluppo economico sostenibile. Le comunit\u00e0 pi\u00f9 coese tendono a essere pi\u00f9 resilienti e capaci di collaborare efficacemente per raggiungere obiettivi comuni, inclusi quelli economici.<\/p>\n\n\n\n<p>Dal punto di vista delle politiche culturali, l&#8217;adozione di tecnologie digitali avanzate per la promozione delle residenze artistiche pone la Regione Puglia e il progetto delle Residenze Artistiche Italiane come pionieri nel campo della digitalizzazione culturale. Questo approccio innovativo pu\u00f2 servire da modello per altre regioni e paesi, promuovendo uno scambio di best practice e stimolando ulteriori investimenti nel settore culturale. L&#8217;aumento degli investimenti pu\u00f2 portare alla creazione di nuovi posti di lavoro, non solo nel settore culturale, ma anche in quelli legati alla tecnologia e alla gestione dei dati.<\/p>\n\n\n\n<p>Le residenze artistiche stesse fungono da incubatori per il talento creativo, offrendo spazi e risorse per lo sviluppo di nuovi progetti artistici. Questo ambiente stimolante pu\u00f2 attrarre artisti e creativi da tutto il mondo, arricchendo il panorama culturale locale e favorendo l&#8217;innovazione. La presenza di una comunit\u00e0 artistica vivace pu\u00f2 anche attrarre aziende e start-up del settore creativo, contribuendo alla diversificazione economica della regione. La sinergia tra artisti e imprese creative pu\u00f2 generare nuove opportunit\u00e0 economiche, promuovendo la crescita di un ecosistema culturale ed economico integrato.<\/p>\n\n\n\n<p>Inoltre, la collaborazione tra il settore pubblico e privato, facilitata attraverso le piattaforme digitali e la gestione delle residenze artistiche, pu\u00f2 favorire lo sviluppo di partenariati pubblico-privati. Questi partenariati sono essenziali per la sostenibilit\u00e0 a lungo termine delle iniziative culturali, poich\u00e9 combinano risorse pubbliche con investimenti privati, ottimizzando l&#8217;uso delle risorse disponibili. Le partnership possono anche portare a nuove forme di finanziamento per le residenze artistiche, riducendo la dipendenza dai fondi pubblici e aumentando la resilienza finanziaria delle istituzioni culturali.<\/p>\n\n\n\n<p>L&#8217;implementazione di strategie di comunicazione digitale avanzata offre anche l&#8217;opportunit\u00e0 di raccogliere e analizzare dati sul comportamento del pubblico e sugli impatti delle residenze artistiche. Questi dati possono informare le politiche culturali e le strategie di sviluppo economico, permettendo un approccio basato sull&#8217;evidenza. Le analisi dei dati possono rivelare tendenze e preferenze del pubblico, aiutando le residenze artistiche a adattare i loro programmi per soddisfare meglio le esigenze dei visitatori e massimizzare l&#8217;impatto economico e culturale.<\/p>\n\n\n\n<p>Dal punto di vista formativo, le residenze artistiche offrono opportunit\u00e0 di apprendimento e sviluppo professionale per giovani artisti e studenti. Collaborando con istituzioni educative, le residenze possono offrire programmi di tirocinio, workshop e corsi, contribuendo alla formazione di una nuova generazione di professionisti culturali. Questo investimento nel capitale umano \u00e8 essenziale per sostenere la crescita a lungo termine del settore culturale e creativo, fornendo alle imprese locali una forza lavoro qualificata e innovativa.<\/p>\n\n\n\n<p>Infine, l&#8217;integrazione di strumenti digitali nella gestione delle residenze artistiche pu\u00f2 aumentare l&#8217;efficienza operativa, riducendo i costi di gestione e migliorando l&#8217;esperienza utente. Le piattaforme digitali possono semplificare i processi amministrativi, facilitare la comunicazione tra le residenze e il pubblico, e offrire nuove modalit\u00e0 di interazione e coinvolgimento. Questo aumento dell&#8217;efficienza pu\u00f2 liberare risorse che possono essere reinvestite in programmi artistici e culturali, aumentando l&#8217;offerta culturale e l&#8217;attrattivit\u00e0 delle residenze.<\/p>\n\n\n\n<p>In conclusione, la nuova comunicazione digitale per le Residenze Artistiche Italiane, coordinata dalla Regione Puglia, avr\u00e0 un impatto positivo su vari aspetti della politica economica. Migliorer\u00e0 la visibilit\u00e0 e l&#8217;accessibilit\u00e0 delle residenze artistiche, stimoler\u00e0 il turismo culturale, rafforzer\u00e0 il legame con le comunit\u00e0 locali, promuover\u00e0 l&#8217;innovazione, favorir\u00e0 la creazione di nuovi posti di lavoro e partnership pubblico-private, e aumenter\u00e0 l&#8217;efficienza operativa. Questo approccio integrato e innovativo rappresenta un modello per lo sviluppo sostenibile del settore culturale e creativo, con benefici a lungo termine per l&#8217;economia regionale e nazionale.<\/p>\n","protected":false},"excerpt":{"rendered":"<p>Un Impulso all&#8217;Economia e alla Cultura in Puglia La Regione Puglia \u00e8 responsabile della comunicazione per il progetto nazionale delle<\/p>\n","protected":false},"author":6,"featured_media":2062,"comment_status":"open","ping_status":"closed","sticky":false,"template":"","format":"standard","meta":{"colormag_page_container_layout":"default_layout","colormag_page_sidebar_layout":"default_layout","footnotes":""},"categories":[2,33],"tags":[],"class_list":["post-2061","post","type-post","status-publish","format-standard","has-post-thumbnail","hentry","category-attualita","category-network"],"yoast_head":"<!-- This site is optimized with the Yoast SEO plugin v27.5 - https:\/\/yoast.com\/product\/yoast-seo-wordpress\/ -->\n<title>Nuova Comunicazione Digitale per le Residenze Artistiche - La Voce del Paese<\/title>\n<meta name=\"robots\" content=\"index, follow, max-snippet:-1, max-image-preview:large, max-video-preview:-1\" \/>\n<link rel=\"canonical\" href=\"https:\/\/lavocedelpaese.info\/index.php\/2024\/06\/05\/nuova-comunicazione-digitale-per-le-residenze-artistiche\/\" \/>\n<meta property=\"og:locale\" content=\"it_IT\" \/>\n<meta property=\"og:type\" content=\"article\" \/>\n<meta property=\"og:title\" content=\"Nuova Comunicazione Digitale per le Residenze Artistiche - La Voce del Paese\" \/>\n<meta property=\"og:description\" content=\"Un Impulso all&#8217;Economia e alla Cultura in Puglia La Regione Puglia \u00e8 responsabile della comunicazione per il progetto nazionale delle\" \/>\n<meta property=\"og:url\" content=\"https:\/\/lavocedelpaese.info\/index.php\/2024\/06\/05\/nuova-comunicazione-digitale-per-le-residenze-artistiche\/\" \/>\n<meta property=\"og:site_name\" content=\"La Voce del Paese\" \/>\n<meta property=\"article:publisher\" content=\"https:\/\/www.facebook.com\/lavocedelpaese.info\" \/>\n<meta property=\"article:published_time\" content=\"2024-06-05T06:30:47+00:00\" \/>\n<meta property=\"article:modified_time\" content=\"2024-06-05T06:30:48+00:00\" \/>\n<meta property=\"og:image\" content=\"https:\/\/lavocedelpaese.info\/wp-content\/uploads\/2024\/06\/comunicazione-digitale.jpg\" \/>\n\t<meta property=\"og:image:width\" content=\"1000\" \/>\n\t<meta property=\"og:image:height\" content=\"562\" \/>\n\t<meta property=\"og:image:type\" content=\"image\/jpeg\" \/>\n<meta name=\"author\" content=\"admin\" \/>\n<meta name=\"twitter:card\" content=\"summary_large_image\" \/>\n<meta name=\"twitter:label1\" content=\"Scritto da\" \/>\n\t<meta name=\"twitter:data1\" content=\"admin\" \/>\n\t<meta name=\"twitter:label2\" content=\"Tempo di lettura stimato\" \/>\n\t<meta name=\"twitter:data2\" content=\"5 minuti\" \/>\n<script type=\"application\/ld+json\" class=\"yoast-schema-graph\">{\"@context\":\"https:\\\/\\\/schema.org\",\"@graph\":[{\"@type\":\"Article\",\"@id\":\"https:\\\/\\\/lavocedelpaese.info\\\/index.php\\\/2024\\\/06\\\/05\\\/nuova-comunicazione-digitale-per-le-residenze-artistiche\\\/#article\",\"isPartOf\":{\"@id\":\"https:\\\/\\\/lavocedelpaese.info\\\/index.php\\\/2024\\\/06\\\/05\\\/nuova-comunicazione-digitale-per-le-residenze-artistiche\\\/\"},\"author\":{\"name\":\"admin\",\"@id\":\"https:\\\/\\\/lavocedelpaese.info\\\/#\\\/schema\\\/person\\\/ec151d321306bd7591f7a061abf72d88\"},\"headline\":\"Nuova Comunicazione Digitale per le Residenze Artistiche\",\"datePublished\":\"2024-06-05T06:30:47+00:00\",\"dateModified\":\"2024-06-05T06:30:48+00:00\",\"mainEntityOfPage\":{\"@id\":\"https:\\\/\\\/lavocedelpaese.info\\\/index.php\\\/2024\\\/06\\\/05\\\/nuova-comunicazione-digitale-per-le-residenze-artistiche\\\/\"},\"wordCount\":954,\"commentCount\":0,\"publisher\":{\"@id\":\"https:\\\/\\\/lavocedelpaese.info\\\/#organization\"},\"image\":{\"@id\":\"https:\\\/\\\/lavocedelpaese.info\\\/index.php\\\/2024\\\/06\\\/05\\\/nuova-comunicazione-digitale-per-le-residenze-artistiche\\\/#primaryimage\"},\"thumbnailUrl\":\"https:\\\/\\\/lavocedelpaese.info\\\/wp-content\\\/uploads\\\/2024\\\/06\\\/comunicazione-digitale.jpg\",\"articleSection\":[\"Attualit\u00e0\",\"network\"],\"inLanguage\":\"it-IT\",\"potentialAction\":[{\"@type\":\"CommentAction\",\"name\":\"Comment\",\"target\":[\"https:\\\/\\\/lavocedelpaese.info\\\/index.php\\\/2024\\\/06\\\/05\\\/nuova-comunicazione-digitale-per-le-residenze-artistiche\\\/#respond\"]}]},{\"@type\":\"WebPage\",\"@id\":\"https:\\\/\\\/lavocedelpaese.info\\\/index.php\\\/2024\\\/06\\\/05\\\/nuova-comunicazione-digitale-per-le-residenze-artistiche\\\/\",\"url\":\"https:\\\/\\\/lavocedelpaese.info\\\/index.php\\\/2024\\\/06\\\/05\\\/nuova-comunicazione-digitale-per-le-residenze-artistiche\\\/\",\"name\":\"Nuova Comunicazione Digitale per le Residenze Artistiche - La Voce del Paese\",\"isPartOf\":{\"@id\":\"https:\\\/\\\/lavocedelpaese.info\\\/#website\"},\"primaryImageOfPage\":{\"@id\":\"https:\\\/\\\/lavocedelpaese.info\\\/index.php\\\/2024\\\/06\\\/05\\\/nuova-comunicazione-digitale-per-le-residenze-artistiche\\\/#primaryimage\"},\"image\":{\"@id\":\"https:\\\/\\\/lavocedelpaese.info\\\/index.php\\\/2024\\\/06\\\/05\\\/nuova-comunicazione-digitale-per-le-residenze-artistiche\\\/#primaryimage\"},\"thumbnailUrl\":\"https:\\\/\\\/lavocedelpaese.info\\\/wp-content\\\/uploads\\\/2024\\\/06\\\/comunicazione-digitale.jpg\",\"datePublished\":\"2024-06-05T06:30:47+00:00\",\"dateModified\":\"2024-06-05T06:30:48+00:00\",\"breadcrumb\":{\"@id\":\"https:\\\/\\\/lavocedelpaese.info\\\/index.php\\\/2024\\\/06\\\/05\\\/nuova-comunicazione-digitale-per-le-residenze-artistiche\\\/#breadcrumb\"},\"inLanguage\":\"it-IT\",\"potentialAction\":[{\"@type\":\"ReadAction\",\"target\":[\"https:\\\/\\\/lavocedelpaese.info\\\/index.php\\\/2024\\\/06\\\/05\\\/nuova-comunicazione-digitale-per-le-residenze-artistiche\\\/\"]}]},{\"@type\":\"ImageObject\",\"inLanguage\":\"it-IT\",\"@id\":\"https:\\\/\\\/lavocedelpaese.info\\\/index.php\\\/2024\\\/06\\\/05\\\/nuova-comunicazione-digitale-per-le-residenze-artistiche\\\/#primaryimage\",\"url\":\"https:\\\/\\\/lavocedelpaese.info\\\/wp-content\\\/uploads\\\/2024\\\/06\\\/comunicazione-digitale.jpg\",\"contentUrl\":\"https:\\\/\\\/lavocedelpaese.info\\\/wp-content\\\/uploads\\\/2024\\\/06\\\/comunicazione-digitale.jpg\",\"width\":1000,\"height\":562},{\"@type\":\"BreadcrumbList\",\"@id\":\"https:\\\/\\\/lavocedelpaese.info\\\/index.php\\\/2024\\\/06\\\/05\\\/nuova-comunicazione-digitale-per-le-residenze-artistiche\\\/#breadcrumb\",\"itemListElement\":[{\"@type\":\"ListItem\",\"position\":1,\"name\":\"Home\",\"item\":\"https:\\\/\\\/lavocedelpaese.info\\\/\"},{\"@type\":\"ListItem\",\"position\":2,\"name\":\"Nuova Comunicazione Digitale per le Residenze Artistiche\"}]},{\"@type\":\"WebSite\",\"@id\":\"https:\\\/\\\/lavocedelpaese.info\\\/#website\",\"url\":\"https:\\\/\\\/lavocedelpaese.info\\\/\",\"name\":\"La Voce del Paese\",\"description\":\"Un network di idee\",\"publisher\":{\"@id\":\"https:\\\/\\\/lavocedelpaese.info\\\/#organization\"},\"potentialAction\":[{\"@type\":\"SearchAction\",\"target\":{\"@type\":\"EntryPoint\",\"urlTemplate\":\"https:\\\/\\\/lavocedelpaese.info\\\/?s={search_term_string}\"},\"query-input\":{\"@type\":\"PropertyValueSpecification\",\"valueRequired\":true,\"valueName\":\"search_term_string\"}}],\"inLanguage\":\"it-IT\"},{\"@type\":\"Organization\",\"@id\":\"https:\\\/\\\/lavocedelpaese.info\\\/#organization\",\"name\":\"La Voce del Paese\",\"url\":\"https:\\\/\\\/lavocedelpaese.info\\\/\",\"logo\":{\"@type\":\"ImageObject\",\"inLanguage\":\"it-IT\",\"@id\":\"https:\\\/\\\/lavocedelpaese.info\\\/#\\\/schema\\\/logo\\\/image\\\/\",\"url\":\"https:\\\/\\\/lavocedelpaese.info\\\/wp-content\\\/uploads\\\/2023\\\/01\\\/cropped-logo-150-127.png\",\"contentUrl\":\"https:\\\/\\\/lavocedelpaese.info\\\/wp-content\\\/uploads\\\/2023\\\/01\\\/cropped-logo-150-127.png\",\"width\":137,\"height\":119,\"caption\":\"La Voce del Paese\"},\"image\":{\"@id\":\"https:\\\/\\\/lavocedelpaese.info\\\/#\\\/schema\\\/logo\\\/image\\\/\"},\"sameAs\":[\"https:\\\/\\\/www.facebook.com\\\/lavocedelpaese.info\"]},{\"@type\":\"Person\",\"@id\":\"https:\\\/\\\/lavocedelpaese.info\\\/#\\\/schema\\\/person\\\/ec151d321306bd7591f7a061abf72d88\",\"name\":\"admin\",\"image\":{\"@type\":\"ImageObject\",\"inLanguage\":\"it-IT\",\"@id\":\"https:\\\/\\\/secure.gravatar.com\\\/avatar\\\/af8f2caf0663124588de48a9380e07cbc95a74ef15b8062d0d39106c32fe3023?s=96&d=mm&r=g\",\"url\":\"https:\\\/\\\/secure.gravatar.com\\\/avatar\\\/af8f2caf0663124588de48a9380e07cbc95a74ef15b8062d0d39106c32fe3023?s=96&d=mm&r=g\",\"contentUrl\":\"https:\\\/\\\/secure.gravatar.com\\\/avatar\\\/af8f2caf0663124588de48a9380e07cbc95a74ef15b8062d0d39106c32fe3023?s=96&d=mm&r=g\",\"caption\":\"admin\"},\"sameAs\":[\"https:\\\/\\\/lavocedelpaese.info\"],\"url\":\"https:\\\/\\\/lavocedelpaese.info\\\/index.php\\\/author\\\/admin\\\/\"}]}<\/script>\n<!-- \/ Yoast SEO plugin. -->","yoast_head_json":{"title":"Nuova Comunicazione Digitale per le Residenze Artistiche - La Voce del Paese","robots":{"index":"index","follow":"follow","max-snippet":"max-snippet:-1","max-image-preview":"max-image-preview:large","max-video-preview":"max-video-preview:-1"},"canonical":"https:\/\/lavocedelpaese.info\/index.php\/2024\/06\/05\/nuova-comunicazione-digitale-per-le-residenze-artistiche\/","og_locale":"it_IT","og_type":"article","og_title":"Nuova Comunicazione Digitale per le Residenze Artistiche - La Voce del Paese","og_description":"Un Impulso all&#8217;Economia e alla Cultura in Puglia La Regione Puglia \u00e8 responsabile della comunicazione per il progetto nazionale delle","og_url":"https:\/\/lavocedelpaese.info\/index.php\/2024\/06\/05\/nuova-comunicazione-digitale-per-le-residenze-artistiche\/","og_site_name":"La Voce del Paese","article_publisher":"https:\/\/www.facebook.com\/lavocedelpaese.info","article_published_time":"2024-06-05T06:30:47+00:00","article_modified_time":"2024-06-05T06:30:48+00:00","og_image":[{"width":1000,"height":562,"url":"https:\/\/lavocedelpaese.info\/wp-content\/uploads\/2024\/06\/comunicazione-digitale.jpg","type":"image\/jpeg"}],"author":"admin","twitter_card":"summary_large_image","twitter_misc":{"Scritto da":"admin","Tempo di lettura stimato":"5 minuti"},"schema":{"@context":"https:\/\/schema.org","@graph":[{"@type":"Article","@id":"https:\/\/lavocedelpaese.info\/index.php\/2024\/06\/05\/nuova-comunicazione-digitale-per-le-residenze-artistiche\/#article","isPartOf":{"@id":"https:\/\/lavocedelpaese.info\/index.php\/2024\/06\/05\/nuova-comunicazione-digitale-per-le-residenze-artistiche\/"},"author":{"name":"admin","@id":"https:\/\/lavocedelpaese.info\/#\/schema\/person\/ec151d321306bd7591f7a061abf72d88"},"headline":"Nuova Comunicazione Digitale per le Residenze Artistiche","datePublished":"2024-06-05T06:30:47+00:00","dateModified":"2024-06-05T06:30:48+00:00","mainEntityOfPage":{"@id":"https:\/\/lavocedelpaese.info\/index.php\/2024\/06\/05\/nuova-comunicazione-digitale-per-le-residenze-artistiche\/"},"wordCount":954,"commentCount":0,"publisher":{"@id":"https:\/\/lavocedelpaese.info\/#organization"},"image":{"@id":"https:\/\/lavocedelpaese.info\/index.php\/2024\/06\/05\/nuova-comunicazione-digitale-per-le-residenze-artistiche\/#primaryimage"},"thumbnailUrl":"https:\/\/lavocedelpaese.info\/wp-content\/uploads\/2024\/06\/comunicazione-digitale.jpg","articleSection":["Attualit\u00e0","network"],"inLanguage":"it-IT","potentialAction":[{"@type":"CommentAction","name":"Comment","target":["https:\/\/lavocedelpaese.info\/index.php\/2024\/06\/05\/nuova-comunicazione-digitale-per-le-residenze-artistiche\/#respond"]}]},{"@type":"WebPage","@id":"https:\/\/lavocedelpaese.info\/index.php\/2024\/06\/05\/nuova-comunicazione-digitale-per-le-residenze-artistiche\/","url":"https:\/\/lavocedelpaese.info\/index.php\/2024\/06\/05\/nuova-comunicazione-digitale-per-le-residenze-artistiche\/","name":"Nuova Comunicazione Digitale per le Residenze Artistiche - La Voce del Paese","isPartOf":{"@id":"https:\/\/lavocedelpaese.info\/#website"},"primaryImageOfPage":{"@id":"https:\/\/lavocedelpaese.info\/index.php\/2024\/06\/05\/nuova-comunicazione-digitale-per-le-residenze-artistiche\/#primaryimage"},"image":{"@id":"https:\/\/lavocedelpaese.info\/index.php\/2024\/06\/05\/nuova-comunicazione-digitale-per-le-residenze-artistiche\/#primaryimage"},"thumbnailUrl":"https:\/\/lavocedelpaese.info\/wp-content\/uploads\/2024\/06\/comunicazione-digitale.jpg","datePublished":"2024-06-05T06:30:47+00:00","dateModified":"2024-06-05T06:30:48+00:00","breadcrumb":{"@id":"https:\/\/lavocedelpaese.info\/index.php\/2024\/06\/05\/nuova-comunicazione-digitale-per-le-residenze-artistiche\/#breadcrumb"},"inLanguage":"it-IT","potentialAction":[{"@type":"ReadAction","target":["https:\/\/lavocedelpaese.info\/index.php\/2024\/06\/05\/nuova-comunicazione-digitale-per-le-residenze-artistiche\/"]}]},{"@type":"ImageObject","inLanguage":"it-IT","@id":"https:\/\/lavocedelpaese.info\/index.php\/2024\/06\/05\/nuova-comunicazione-digitale-per-le-residenze-artistiche\/#primaryimage","url":"https:\/\/lavocedelpaese.info\/wp-content\/uploads\/2024\/06\/comunicazione-digitale.jpg","contentUrl":"https:\/\/lavocedelpaese.info\/wp-content\/uploads\/2024\/06\/comunicazione-digitale.jpg","width":1000,"height":562},{"@type":"BreadcrumbList","@id":"https:\/\/lavocedelpaese.info\/index.php\/2024\/06\/05\/nuova-comunicazione-digitale-per-le-residenze-artistiche\/#breadcrumb","itemListElement":[{"@type":"ListItem","position":1,"name":"Home","item":"https:\/\/lavocedelpaese.info\/"},{"@type":"ListItem","position":2,"name":"Nuova Comunicazione Digitale per le Residenze Artistiche"}]},{"@type":"WebSite","@id":"https:\/\/lavocedelpaese.info\/#website","url":"https:\/\/lavocedelpaese.info\/","name":"La Voce del Paese","description":"Un network di idee","publisher":{"@id":"https:\/\/lavocedelpaese.info\/#organization"},"potentialAction":[{"@type":"SearchAction","target":{"@type":"EntryPoint","urlTemplate":"https:\/\/lavocedelpaese.info\/?s={search_term_string}"},"query-input":{"@type":"PropertyValueSpecification","valueRequired":true,"valueName":"search_term_string"}}],"inLanguage":"it-IT"},{"@type":"Organization","@id":"https:\/\/lavocedelpaese.info\/#organization","name":"La Voce del Paese","url":"https:\/\/lavocedelpaese.info\/","logo":{"@type":"ImageObject","inLanguage":"it-IT","@id":"https:\/\/lavocedelpaese.info\/#\/schema\/logo\/image\/","url":"https:\/\/lavocedelpaese.info\/wp-content\/uploads\/2023\/01\/cropped-logo-150-127.png","contentUrl":"https:\/\/lavocedelpaese.info\/wp-content\/uploads\/2023\/01\/cropped-logo-150-127.png","width":137,"height":119,"caption":"La Voce del Paese"},"image":{"@id":"https:\/\/lavocedelpaese.info\/#\/schema\/logo\/image\/"},"sameAs":["https:\/\/www.facebook.com\/lavocedelpaese.info"]},{"@type":"Person","@id":"https:\/\/lavocedelpaese.info\/#\/schema\/person\/ec151d321306bd7591f7a061abf72d88","name":"admin","image":{"@type":"ImageObject","inLanguage":"it-IT","@id":"https:\/\/secure.gravatar.com\/avatar\/af8f2caf0663124588de48a9380e07cbc95a74ef15b8062d0d39106c32fe3023?s=96&d=mm&r=g","url":"https:\/\/secure.gravatar.com\/avatar\/af8f2caf0663124588de48a9380e07cbc95a74ef15b8062d0d39106c32fe3023?s=96&d=mm&r=g","contentUrl":"https:\/\/secure.gravatar.com\/avatar\/af8f2caf0663124588de48a9380e07cbc95a74ef15b8062d0d39106c32fe3023?s=96&d=mm&r=g","caption":"admin"},"sameAs":["https:\/\/lavocedelpaese.info"],"url":"https:\/\/lavocedelpaese.info\/index.php\/author\/admin\/"}]}},"_links":{"self":[{"href":"https:\/\/lavocedelpaese.info\/index.php\/wp-json\/wp\/v2\/posts\/2061","targetHints":{"allow":["GET"]}}],"collection":[{"href":"https:\/\/lavocedelpaese.info\/index.php\/wp-json\/wp\/v2\/posts"}],"about":[{"href":"https:\/\/lavocedelpaese.info\/index.php\/wp-json\/wp\/v2\/types\/post"}],"author":[{"embeddable":true,"href":"https:\/\/lavocedelpaese.info\/index.php\/wp-json\/wp\/v2\/users\/6"}],"replies":[{"embeddable":true,"href":"https:\/\/lavocedelpaese.info\/index.php\/wp-json\/wp\/v2\/comments?post=2061"}],"version-history":[{"count":1,"href":"https:\/\/lavocedelpaese.info\/index.php\/wp-json\/wp\/v2\/posts\/2061\/revisions"}],"predecessor-version":[{"id":2063,"href":"https:\/\/lavocedelpaese.info\/index.php\/wp-json\/wp\/v2\/posts\/2061\/revisions\/2063"}],"wp:featuredmedia":[{"embeddable":true,"href":"https:\/\/lavocedelpaese.info\/index.php\/wp-json\/wp\/v2\/media\/2062"}],"wp:attachment":[{"href":"https:\/\/lavocedelpaese.info\/index.php\/wp-json\/wp\/v2\/media?parent=2061"}],"wp:term":[{"taxonomy":"category","embeddable":true,"href":"https:\/\/lavocedelpaese.info\/index.php\/wp-json\/wp\/v2\/categories?post=2061"},{"taxonomy":"post_tag","embeddable":true,"href":"https:\/\/lavocedelpaese.info\/index.php\/wp-json\/wp\/v2\/tags?post=2061"}],"curies":[{"name":"wp","href":"https:\/\/api.w.org\/{rel}","templated":true}]}}