{"id":2058,"date":"2024-06-05T06:26:32","date_gmt":"2024-06-05T06:26:32","guid":{"rendered":"https:\/\/lavocedelpaese.info\/?p=2058"},"modified":"2024-06-05T06:26:33","modified_gmt":"2024-06-05T06:26:33","slug":"numero-unico-di-emergenza-europeo-1-1-2-attivo-in-tutta-la-puglia-dal-28-maggio","status":"publish","type":"post","link":"https:\/\/lavocedelpaese.info\/index.php\/2024\/06\/05\/numero-unico-di-emergenza-europeo-1-1-2-attivo-in-tutta-la-puglia-dal-28-maggio\/","title":{"rendered":"Numero Unico di Emergenza Europeo 1-1-2 Attivo in Tutta la Puglia dal 28 Maggio"},"content":{"rendered":"\n<p>A partire dal 28 maggio, il Servizio NUE 1-1-2 sar\u00e0 attivo in tutta la Puglia, completando la migrazione delle chiamate di emergenza per i distretti telefonici di Andria, Manfredonia e Cerignola. Il Numero Unico di Emergenza Europeo 1-1-2, rispondente alla Centrale Unica di Risposta (CUR) NUE 1-1-2 del Dipartimento Protezione Civile della Regione Puglia, gestir\u00e0 le chiamate di soccorso 24\/7, garantendo gratuit\u00e0, accessibilit\u00e0 anche per utenti disabili, servizio multilingua e precisa localizzazione delle chiamate. \u00c8 possibile effettuare chiamate di soccorso tramite l&#8217;APP &#8220;WHERE ARE U&#8221;, che offre geolocalizzazione accurata e supporto per utenti sordi e chiamate mute. Rimangono attivi i numeri di emergenza tradizionali (112, 113, 115, 118, 1530), con le chiamate gestite dalla CUR 1-1-2.<\/p>\n\n\n\n<p>L&#8217;implementazione del Numero Unico di Emergenza Europeo (NUE) 1-1-2 in tutta la Puglia, attivo dal 28 maggio, avr\u00e0 rilevanti conseguenze economiche e politiche. Questo sistema, che centralizza le chiamate di emergenza attraverso una Centrale Unica di Risposta (CUR), rappresenta un passo avanti significativo nella gestione delle emergenze e nel miglioramento dei servizi pubblici. Di seguito sono illustrate le diverse implicazioni economiche e politiche di questa iniziativa.<\/p>\n\n\n\n<p><em>Efficienza e Riduzione dei Costi.<\/em> L&#8217;implementazione del NUE 1-1-2 migliorer\u00e0 l&#8217;efficienza dei servizi di emergenza. Centralizzare le chiamate in una singola centrale operativa permette di rispondere pi\u00f9 rapidamente e di assegnare le chiamate ai servizi competenti in modo pi\u00f9 efficace. Questo riduce i tempi di risposta e aumenta la probabilit\u00e0 di interventi tempestivi, salvando vite umane e riducendo i danni materiali. Dal punto di vista economico, una maggiore efficienza comporta una riduzione dei costi operativi. Riducendo le duplicazioni di interventi e migliorando la coordinazione tra i diversi servizi di emergenza, la spesa pubblica pu\u00f2 essere ottimizzata.<\/p>\n\n\n\n<p><em>Impatto sul Settore Tecnologico.<\/em> L&#8217;introduzione del NUE 1-1-2 implica l&#8217;adozione di nuove tecnologie avanzate, come sistemi di geolocalizzazione accurata e servizi multilingua. Questo stimoler\u00e0 il settore tecnologico regionale, promuovendo l&#8217;innovazione e l&#8217;adozione di soluzioni digitali avanzate. Le aziende tecnologiche locali potrebbero beneficiare di contratti per la fornitura di hardware e software necessari per il funzionamento del sistema, incentivando lo sviluppo del settore tecnologico nella regione. Inoltre, la manutenzione e l&#8217;aggiornamento continuo delle infrastrutture tecnologiche potrebbero creare nuovi posti di lavoro e opportunit\u00e0 di crescita per le imprese locali.<\/p>\n\n\n\n<p><em>Miglioramento della Sicurezza Pubblica<\/em>. L&#8217;efficacia del NUE 1-1-2 contribuir\u00e0 a migliorare la sicurezza pubblica, un elemento fondamentale per il benessere della comunit\u00e0 e per l&#8217;attrattivit\u00e0 economica della regione. Una maggiore sicurezza pu\u00f2 incentivare investimenti esterni, poich\u00e9 le aziende tendono a investire in aree dove i servizi pubblici sono efficienti e la sicurezza \u00e8 garantita. Questo potrebbe portare a una crescita economica attraverso nuovi investimenti in settori come il turismo, il commercio e l&#8217;industria.<\/p>\n\n\n\n<p><em>Inclusivit\u00e0 e Accessibilit\u00e0.<\/em> Il NUE 1-1-2 garantisce l&#8217;accessibilit\u00e0 delle chiamate di emergenza anche agli utenti disabili e non udenti, tramite servizi specifici e l&#8217;app &#8220;WHERE ARE U&#8221;. Questa inclusivit\u00e0 \u00e8 un passo importante verso l&#8217;equit\u00e0 sociale, assicurando che tutti i cittadini, indipendentemente dalle loro capacit\u00e0, possano accedere ai servizi di emergenza. L&#8217;inclusione sociale ha anche un impatto economico positivo, poich\u00e9 favorisce la partecipazione attiva di tutte le persone alla vita economica e sociale, aumentando il capitale umano disponibile e migliorando la coesione sociale.<\/p>\n\n\n\n<p><em>Formazione e Occupazione.<\/em> L&#8217;introduzione del NUE 1-1-2 richiede formazione specifica per gli operatori delle centrali di risposta. Questo comporta investimenti in programmi di formazione e sviluppo delle competenze, che a loro volta possono creare opportunit\u00e0 occupazionali. La necessit\u00e0 di formare personale qualificato per gestire il NUE pu\u00f2 stimolare l&#8217;occupazione nel settore della formazione professionale e aumentare il livello di competenze nella forza lavoro regionale.<\/p>\n\n\n\n<p><em>Sostenibilit\u00e0 Finanziaria.<\/em> L&#8217;implementazione del NUE 1-1-2 potrebbe comportare inizialmente costi significativi per l&#8217;installazione e la formazione del personale. Tuttavia, a lungo termine, la centralizzazione e l&#8217;efficienza operativa del sistema porteranno a una riduzione dei costi. L&#8217;ottimizzazione delle risorse e la riduzione delle duplicazioni di interventi generano risparmi che possono essere reinvestiti in altri servizi pubblici, migliorando ulteriormente la qualit\u00e0 della vita nella regione.<\/p>\n\n\n\n<p><em>Impatto sulla Politica Locale.<\/em> Dal punto di vista politico, l&#8217;introduzione del NUE 1-1-2 pu\u00f2 rafforzare la fiducia dei cittadini nelle istituzioni regionali. La capacit\u00e0 di fornire servizi di emergenza efficienti e accessibili dimostra l&#8217;impegno della Regione Puglia nel migliorare la sicurezza e il benessere dei suoi cittadini. Questo pu\u00f2 tradursi in un aumento del consenso per le autorit\u00e0 locali e una maggiore partecipazione civica. Inoltre, il successo del NUE 1-1-2 in Puglia potrebbe servire da modello per altre regioni italiane, posizionando la Puglia come leader nell&#8217;innovazione dei servizi pubblici.<\/p>\n\n\n\n<p><em>Collaborazione Interistituzionale.<\/em> La gestione del NUE 1-1-2 richiede una stretta collaborazione tra diverse istituzioni, tra cui la Protezione Civile, le forze dell&#8217;ordine, i servizi sanitari e i vigili del fuoco. Questa collaborazione interistituzionale pu\u00f2 portare a una maggiore integrazione e coordinazione tra i vari servizi pubblici, migliorando la capacit\u00e0 di risposta alle emergenze. Inoltre, pu\u00f2 creare sinergie che migliorano l&#8217;efficacia complessiva della governance regionale.<\/p>\n\n\n\n<p><em>Educazione e Sensibilizzazione.<\/em> La promozione del NUE 1-1-2 richiede campagne di sensibilizzazione per educare il pubblico sull&#8217;uso corretto del numero di emergenza. Queste campagne possono aumentare la consapevolezza dei cittadini riguardo alle procedure di emergenza, migliorando la loro capacit\u00e0 di reagire in situazioni critiche. L&#8217;educazione del pubblico non solo migliora la sicurezza, ma pu\u00f2 anche ridurre il numero di chiamate non urgenti, ottimizzando ulteriormente l&#8217;efficienza del sistema.<\/p>\n\n\n\n<p><em>Conclusione<\/em>. In conclusione, l&#8217;introduzione del Numero Unico di Emergenza Europeo 1-1-2 in Puglia avr\u00e0 profonde conseguenze economiche e politiche. Migliorando l&#8217;efficienza e l&#8217;efficacia dei servizi di emergenza, promuovendo l&#8217;innovazione tecnologica, aumentando la sicurezza pubblica, e favorendo l&#8217;inclusivit\u00e0 e l&#8217;accessibilit\u00e0, il NUE 1-1-2 rappresenta un significativo passo avanti per la Regione Puglia. Le implicazioni economiche positive, come l&#8217;ottimizzazione delle risorse, la crescita del settore tecnologico e la creazione di posti di lavoro, si combinano con i benefici politici di maggiore fiducia e partecipazione civica. Questo sistema non solo migliorer\u00e0 la risposta alle emergenze, ma contribuir\u00e0 anche a un sviluppo economico e sociale sostenibile nella regione.<\/p>\n","protected":false},"excerpt":{"rendered":"<p>A partire dal 28 maggio, il Servizio NUE 1-1-2 sar\u00e0 attivo in tutta la Puglia, completando la migrazione delle chiamate<\/p>\n","protected":false},"author":6,"featured_media":2059,"comment_status":"open","ping_status":"closed","sticky":false,"template":"","format":"standard","meta":{"colormag_page_container_layout":"default_layout","colormag_page_sidebar_layout":"default_layout","footnotes":""},"categories":[2,34],"tags":[],"class_list":["post-2058","post","type-post","status-publish","format-standard","has-post-thumbnail","hentry","category-attualita","category-box-laterali-blocco-1"],"yoast_head":"<!-- This site is optimized with the Yoast SEO plugin v27.5 - https:\/\/yoast.com\/product\/yoast-seo-wordpress\/ -->\n<title>Numero Unico di Emergenza Europeo 1-1-2 Attivo in Tutta la Puglia dal 28 Maggio - La Voce del Paese<\/title>\n<meta name=\"robots\" content=\"index, follow, max-snippet:-1, max-image-preview:large, max-video-preview:-1\" \/>\n<link rel=\"canonical\" href=\"https:\/\/lavocedelpaese.info\/index.php\/2024\/06\/05\/numero-unico-di-emergenza-europeo-1-1-2-attivo-in-tutta-la-puglia-dal-28-maggio\/\" \/>\n<meta property=\"og:locale\" content=\"it_IT\" \/>\n<meta property=\"og:type\" content=\"article\" \/>\n<meta property=\"og:title\" content=\"Numero Unico di Emergenza Europeo 1-1-2 Attivo in Tutta la Puglia dal 28 Maggio - La Voce del Paese\" \/>\n<meta property=\"og:description\" content=\"A partire dal 28 maggio, il Servizio NUE 1-1-2 sar\u00e0 attivo in tutta la Puglia, completando la migrazione delle chiamate\" \/>\n<meta property=\"og:url\" content=\"https:\/\/lavocedelpaese.info\/index.php\/2024\/06\/05\/numero-unico-di-emergenza-europeo-1-1-2-attivo-in-tutta-la-puglia-dal-28-maggio\/\" \/>\n<meta property=\"og:site_name\" content=\"La Voce del Paese\" \/>\n<meta property=\"article:publisher\" content=\"https:\/\/www.facebook.com\/lavocedelpaese.info\" \/>\n<meta property=\"article:published_time\" content=\"2024-06-05T06:26:32+00:00\" \/>\n<meta property=\"article:modified_time\" content=\"2024-06-05T06:26:33+00:00\" \/>\n<meta property=\"og:image\" content=\"https:\/\/lavocedelpaese.info\/wp-content\/uploads\/2024\/06\/112.jpg\" \/>\n\t<meta property=\"og:image:width\" content=\"700\" \/>\n\t<meta property=\"og:image:height\" content=\"390\" \/>\n\t<meta property=\"og:image:type\" content=\"image\/jpeg\" \/>\n<meta name=\"author\" content=\"admin\" \/>\n<meta name=\"twitter:card\" content=\"summary_large_image\" \/>\n<meta name=\"twitter:label1\" content=\"Scritto da\" \/>\n\t<meta name=\"twitter:data1\" content=\"admin\" \/>\n\t<meta name=\"twitter:label2\" content=\"Tempo di lettura stimato\" \/>\n\t<meta name=\"twitter:data2\" content=\"5 minuti\" \/>\n<script type=\"application\/ld+json\" class=\"yoast-schema-graph\">{\"@context\":\"https:\\\/\\\/schema.org\",\"@graph\":[{\"@type\":\"Article\",\"@id\":\"https:\\\/\\\/lavocedelpaese.info\\\/index.php\\\/2024\\\/06\\\/05\\\/numero-unico-di-emergenza-europeo-1-1-2-attivo-in-tutta-la-puglia-dal-28-maggio\\\/#article\",\"isPartOf\":{\"@id\":\"https:\\\/\\\/lavocedelpaese.info\\\/index.php\\\/2024\\\/06\\\/05\\\/numero-unico-di-emergenza-europeo-1-1-2-attivo-in-tutta-la-puglia-dal-28-maggio\\\/\"},\"author\":{\"name\":\"admin\",\"@id\":\"https:\\\/\\\/lavocedelpaese.info\\\/#\\\/schema\\\/person\\\/ec151d321306bd7591f7a061abf72d88\"},\"headline\":\"Numero Unico di Emergenza Europeo 1-1-2 Attivo in Tutta la Puglia dal 28 Maggio\",\"datePublished\":\"2024-06-05T06:26:32+00:00\",\"dateModified\":\"2024-06-05T06:26:33+00:00\",\"mainEntityOfPage\":{\"@id\":\"https:\\\/\\\/lavocedelpaese.info\\\/index.php\\\/2024\\\/06\\\/05\\\/numero-unico-di-emergenza-europeo-1-1-2-attivo-in-tutta-la-puglia-dal-28-maggio\\\/\"},\"wordCount\":1030,\"commentCount\":0,\"publisher\":{\"@id\":\"https:\\\/\\\/lavocedelpaese.info\\\/#organization\"},\"image\":{\"@id\":\"https:\\\/\\\/lavocedelpaese.info\\\/index.php\\\/2024\\\/06\\\/05\\\/numero-unico-di-emergenza-europeo-1-1-2-attivo-in-tutta-la-puglia-dal-28-maggio\\\/#primaryimage\"},\"thumbnailUrl\":\"https:\\\/\\\/lavocedelpaese.info\\\/wp-content\\\/uploads\\\/2024\\\/06\\\/112.jpg\",\"articleSection\":[\"Attualit\u00e0\",\"primo piano\"],\"inLanguage\":\"it-IT\",\"potentialAction\":[{\"@type\":\"CommentAction\",\"name\":\"Comment\",\"target\":[\"https:\\\/\\\/lavocedelpaese.info\\\/index.php\\\/2024\\\/06\\\/05\\\/numero-unico-di-emergenza-europeo-1-1-2-attivo-in-tutta-la-puglia-dal-28-maggio\\\/#respond\"]}]},{\"@type\":\"WebPage\",\"@id\":\"https:\\\/\\\/lavocedelpaese.info\\\/index.php\\\/2024\\\/06\\\/05\\\/numero-unico-di-emergenza-europeo-1-1-2-attivo-in-tutta-la-puglia-dal-28-maggio\\\/\",\"url\":\"https:\\\/\\\/lavocedelpaese.info\\\/index.php\\\/2024\\\/06\\\/05\\\/numero-unico-di-emergenza-europeo-1-1-2-attivo-in-tutta-la-puglia-dal-28-maggio\\\/\",\"name\":\"Numero Unico di Emergenza Europeo 1-1-2 Attivo in Tutta la Puglia dal 28 Maggio - La Voce del Paese\",\"isPartOf\":{\"@id\":\"https:\\\/\\\/lavocedelpaese.info\\\/#website\"},\"primaryImageOfPage\":{\"@id\":\"https:\\\/\\\/lavocedelpaese.info\\\/index.php\\\/2024\\\/06\\\/05\\\/numero-unico-di-emergenza-europeo-1-1-2-attivo-in-tutta-la-puglia-dal-28-maggio\\\/#primaryimage\"},\"image\":{\"@id\":\"https:\\\/\\\/lavocedelpaese.info\\\/index.php\\\/2024\\\/06\\\/05\\\/numero-unico-di-emergenza-europeo-1-1-2-attivo-in-tutta-la-puglia-dal-28-maggio\\\/#primaryimage\"},\"thumbnailUrl\":\"https:\\\/\\\/lavocedelpaese.info\\\/wp-content\\\/uploads\\\/2024\\\/06\\\/112.jpg\",\"datePublished\":\"2024-06-05T06:26:32+00:00\",\"dateModified\":\"2024-06-05T06:26:33+00:00\",\"breadcrumb\":{\"@id\":\"https:\\\/\\\/lavocedelpaese.info\\\/index.php\\\/2024\\\/06\\\/05\\\/numero-unico-di-emergenza-europeo-1-1-2-attivo-in-tutta-la-puglia-dal-28-maggio\\\/#breadcrumb\"},\"inLanguage\":\"it-IT\",\"potentialAction\":[{\"@type\":\"ReadAction\",\"target\":[\"https:\\\/\\\/lavocedelpaese.info\\\/index.php\\\/2024\\\/06\\\/05\\\/numero-unico-di-emergenza-europeo-1-1-2-attivo-in-tutta-la-puglia-dal-28-maggio\\\/\"]}]},{\"@type\":\"ImageObject\",\"inLanguage\":\"it-IT\",\"@id\":\"https:\\\/\\\/lavocedelpaese.info\\\/index.php\\\/2024\\\/06\\\/05\\\/numero-unico-di-emergenza-europeo-1-1-2-attivo-in-tutta-la-puglia-dal-28-maggio\\\/#primaryimage\",\"url\":\"https:\\\/\\\/lavocedelpaese.info\\\/wp-content\\\/uploads\\\/2024\\\/06\\\/112.jpg\",\"contentUrl\":\"https:\\\/\\\/lavocedelpaese.info\\\/wp-content\\\/uploads\\\/2024\\\/06\\\/112.jpg\",\"width\":700,\"height\":390},{\"@type\":\"BreadcrumbList\",\"@id\":\"https:\\\/\\\/lavocedelpaese.info\\\/index.php\\\/2024\\\/06\\\/05\\\/numero-unico-di-emergenza-europeo-1-1-2-attivo-in-tutta-la-puglia-dal-28-maggio\\\/#breadcrumb\",\"itemListElement\":[{\"@type\":\"ListItem\",\"position\":1,\"name\":\"Home\",\"item\":\"https:\\\/\\\/lavocedelpaese.info\\\/\"},{\"@type\":\"ListItem\",\"position\":2,\"name\":\"Numero Unico di Emergenza Europeo 1-1-2 Attivo in Tutta la Puglia dal 28 Maggio\"}]},{\"@type\":\"WebSite\",\"@id\":\"https:\\\/\\\/lavocedelpaese.info\\\/#website\",\"url\":\"https:\\\/\\\/lavocedelpaese.info\\\/\",\"name\":\"La Voce del Paese\",\"description\":\"Un network di idee\",\"publisher\":{\"@id\":\"https:\\\/\\\/lavocedelpaese.info\\\/#organization\"},\"potentialAction\":[{\"@type\":\"SearchAction\",\"target\":{\"@type\":\"EntryPoint\",\"urlTemplate\":\"https:\\\/\\\/lavocedelpaese.info\\\/?s={search_term_string}\"},\"query-input\":{\"@type\":\"PropertyValueSpecification\",\"valueRequired\":true,\"valueName\":\"search_term_string\"}}],\"inLanguage\":\"it-IT\"},{\"@type\":\"Organization\",\"@id\":\"https:\\\/\\\/lavocedelpaese.info\\\/#organization\",\"name\":\"La Voce del Paese\",\"url\":\"https:\\\/\\\/lavocedelpaese.info\\\/\",\"logo\":{\"@type\":\"ImageObject\",\"inLanguage\":\"it-IT\",\"@id\":\"https:\\\/\\\/lavocedelpaese.info\\\/#\\\/schema\\\/logo\\\/image\\\/\",\"url\":\"https:\\\/\\\/lavocedelpaese.info\\\/wp-content\\\/uploads\\\/2023\\\/01\\\/cropped-logo-150-127.png\",\"contentUrl\":\"https:\\\/\\\/lavocedelpaese.info\\\/wp-content\\\/uploads\\\/2023\\\/01\\\/cropped-logo-150-127.png\",\"width\":137,\"height\":119,\"caption\":\"La Voce del Paese\"},\"image\":{\"@id\":\"https:\\\/\\\/lavocedelpaese.info\\\/#\\\/schema\\\/logo\\\/image\\\/\"},\"sameAs\":[\"https:\\\/\\\/www.facebook.com\\\/lavocedelpaese.info\"]},{\"@type\":\"Person\",\"@id\":\"https:\\\/\\\/lavocedelpaese.info\\\/#\\\/schema\\\/person\\\/ec151d321306bd7591f7a061abf72d88\",\"name\":\"admin\",\"image\":{\"@type\":\"ImageObject\",\"inLanguage\":\"it-IT\",\"@id\":\"https:\\\/\\\/secure.gravatar.com\\\/avatar\\\/af8f2caf0663124588de48a9380e07cbc95a74ef15b8062d0d39106c32fe3023?s=96&d=mm&r=g\",\"url\":\"https:\\\/\\\/secure.gravatar.com\\\/avatar\\\/af8f2caf0663124588de48a9380e07cbc95a74ef15b8062d0d39106c32fe3023?s=96&d=mm&r=g\",\"contentUrl\":\"https:\\\/\\\/secure.gravatar.com\\\/avatar\\\/af8f2caf0663124588de48a9380e07cbc95a74ef15b8062d0d39106c32fe3023?s=96&d=mm&r=g\",\"caption\":\"admin\"},\"sameAs\":[\"https:\\\/\\\/lavocedelpaese.info\"],\"url\":\"https:\\\/\\\/lavocedelpaese.info\\\/index.php\\\/author\\\/admin\\\/\"}]}<\/script>\n<!-- \/ Yoast SEO plugin. -->","yoast_head_json":{"title":"Numero Unico di Emergenza Europeo 1-1-2 Attivo in Tutta la Puglia dal 28 Maggio - La Voce del Paese","robots":{"index":"index","follow":"follow","max-snippet":"max-snippet:-1","max-image-preview":"max-image-preview:large","max-video-preview":"max-video-preview:-1"},"canonical":"https:\/\/lavocedelpaese.info\/index.php\/2024\/06\/05\/numero-unico-di-emergenza-europeo-1-1-2-attivo-in-tutta-la-puglia-dal-28-maggio\/","og_locale":"it_IT","og_type":"article","og_title":"Numero Unico di Emergenza Europeo 1-1-2 Attivo in Tutta la Puglia dal 28 Maggio - La Voce del Paese","og_description":"A partire dal 28 maggio, il Servizio NUE 1-1-2 sar\u00e0 attivo in tutta la Puglia, completando la migrazione delle chiamate","og_url":"https:\/\/lavocedelpaese.info\/index.php\/2024\/06\/05\/numero-unico-di-emergenza-europeo-1-1-2-attivo-in-tutta-la-puglia-dal-28-maggio\/","og_site_name":"La Voce del Paese","article_publisher":"https:\/\/www.facebook.com\/lavocedelpaese.info","article_published_time":"2024-06-05T06:26:32+00:00","article_modified_time":"2024-06-05T06:26:33+00:00","og_image":[{"width":700,"height":390,"url":"https:\/\/lavocedelpaese.info\/wp-content\/uploads\/2024\/06\/112.jpg","type":"image\/jpeg"}],"author":"admin","twitter_card":"summary_large_image","twitter_misc":{"Scritto da":"admin","Tempo di lettura stimato":"5 minuti"},"schema":{"@context":"https:\/\/schema.org","@graph":[{"@type":"Article","@id":"https:\/\/lavocedelpaese.info\/index.php\/2024\/06\/05\/numero-unico-di-emergenza-europeo-1-1-2-attivo-in-tutta-la-puglia-dal-28-maggio\/#article","isPartOf":{"@id":"https:\/\/lavocedelpaese.info\/index.php\/2024\/06\/05\/numero-unico-di-emergenza-europeo-1-1-2-attivo-in-tutta-la-puglia-dal-28-maggio\/"},"author":{"name":"admin","@id":"https:\/\/lavocedelpaese.info\/#\/schema\/person\/ec151d321306bd7591f7a061abf72d88"},"headline":"Numero Unico di Emergenza Europeo 1-1-2 Attivo in Tutta la Puglia dal 28 Maggio","datePublished":"2024-06-05T06:26:32+00:00","dateModified":"2024-06-05T06:26:33+00:00","mainEntityOfPage":{"@id":"https:\/\/lavocedelpaese.info\/index.php\/2024\/06\/05\/numero-unico-di-emergenza-europeo-1-1-2-attivo-in-tutta-la-puglia-dal-28-maggio\/"},"wordCount":1030,"commentCount":0,"publisher":{"@id":"https:\/\/lavocedelpaese.info\/#organization"},"image":{"@id":"https:\/\/lavocedelpaese.info\/index.php\/2024\/06\/05\/numero-unico-di-emergenza-europeo-1-1-2-attivo-in-tutta-la-puglia-dal-28-maggio\/#primaryimage"},"thumbnailUrl":"https:\/\/lavocedelpaese.info\/wp-content\/uploads\/2024\/06\/112.jpg","articleSection":["Attualit\u00e0","primo piano"],"inLanguage":"it-IT","potentialAction":[{"@type":"CommentAction","name":"Comment","target":["https:\/\/lavocedelpaese.info\/index.php\/2024\/06\/05\/numero-unico-di-emergenza-europeo-1-1-2-attivo-in-tutta-la-puglia-dal-28-maggio\/#respond"]}]},{"@type":"WebPage","@id":"https:\/\/lavocedelpaese.info\/index.php\/2024\/06\/05\/numero-unico-di-emergenza-europeo-1-1-2-attivo-in-tutta-la-puglia-dal-28-maggio\/","url":"https:\/\/lavocedelpaese.info\/index.php\/2024\/06\/05\/numero-unico-di-emergenza-europeo-1-1-2-attivo-in-tutta-la-puglia-dal-28-maggio\/","name":"Numero Unico di Emergenza Europeo 1-1-2 Attivo in Tutta la Puglia dal 28 Maggio - La Voce del Paese","isPartOf":{"@id":"https:\/\/lavocedelpaese.info\/#website"},"primaryImageOfPage":{"@id":"https:\/\/lavocedelpaese.info\/index.php\/2024\/06\/05\/numero-unico-di-emergenza-europeo-1-1-2-attivo-in-tutta-la-puglia-dal-28-maggio\/#primaryimage"},"image":{"@id":"https:\/\/lavocedelpaese.info\/index.php\/2024\/06\/05\/numero-unico-di-emergenza-europeo-1-1-2-attivo-in-tutta-la-puglia-dal-28-maggio\/#primaryimage"},"thumbnailUrl":"https:\/\/lavocedelpaese.info\/wp-content\/uploads\/2024\/06\/112.jpg","datePublished":"2024-06-05T06:26:32+00:00","dateModified":"2024-06-05T06:26:33+00:00","breadcrumb":{"@id":"https:\/\/lavocedelpaese.info\/index.php\/2024\/06\/05\/numero-unico-di-emergenza-europeo-1-1-2-attivo-in-tutta-la-puglia-dal-28-maggio\/#breadcrumb"},"inLanguage":"it-IT","potentialAction":[{"@type":"ReadAction","target":["https:\/\/lavocedelpaese.info\/index.php\/2024\/06\/05\/numero-unico-di-emergenza-europeo-1-1-2-attivo-in-tutta-la-puglia-dal-28-maggio\/"]}]},{"@type":"ImageObject","inLanguage":"it-IT","@id":"https:\/\/lavocedelpaese.info\/index.php\/2024\/06\/05\/numero-unico-di-emergenza-europeo-1-1-2-attivo-in-tutta-la-puglia-dal-28-maggio\/#primaryimage","url":"https:\/\/lavocedelpaese.info\/wp-content\/uploads\/2024\/06\/112.jpg","contentUrl":"https:\/\/lavocedelpaese.info\/wp-content\/uploads\/2024\/06\/112.jpg","width":700,"height":390},{"@type":"BreadcrumbList","@id":"https:\/\/lavocedelpaese.info\/index.php\/2024\/06\/05\/numero-unico-di-emergenza-europeo-1-1-2-attivo-in-tutta-la-puglia-dal-28-maggio\/#breadcrumb","itemListElement":[{"@type":"ListItem","position":1,"name":"Home","item":"https:\/\/lavocedelpaese.info\/"},{"@type":"ListItem","position":2,"name":"Numero Unico di Emergenza Europeo 1-1-2 Attivo in Tutta la Puglia dal 28 Maggio"}]},{"@type":"WebSite","@id":"https:\/\/lavocedelpaese.info\/#website","url":"https:\/\/lavocedelpaese.info\/","name":"La Voce del Paese","description":"Un network di idee","publisher":{"@id":"https:\/\/lavocedelpaese.info\/#organization"},"potentialAction":[{"@type":"SearchAction","target":{"@type":"EntryPoint","urlTemplate":"https:\/\/lavocedelpaese.info\/?s={search_term_string}"},"query-input":{"@type":"PropertyValueSpecification","valueRequired":true,"valueName":"search_term_string"}}],"inLanguage":"it-IT"},{"@type":"Organization","@id":"https:\/\/lavocedelpaese.info\/#organization","name":"La Voce del Paese","url":"https:\/\/lavocedelpaese.info\/","logo":{"@type":"ImageObject","inLanguage":"it-IT","@id":"https:\/\/lavocedelpaese.info\/#\/schema\/logo\/image\/","url":"https:\/\/lavocedelpaese.info\/wp-content\/uploads\/2023\/01\/cropped-logo-150-127.png","contentUrl":"https:\/\/lavocedelpaese.info\/wp-content\/uploads\/2023\/01\/cropped-logo-150-127.png","width":137,"height":119,"caption":"La Voce del Paese"},"image":{"@id":"https:\/\/lavocedelpaese.info\/#\/schema\/logo\/image\/"},"sameAs":["https:\/\/www.facebook.com\/lavocedelpaese.info"]},{"@type":"Person","@id":"https:\/\/lavocedelpaese.info\/#\/schema\/person\/ec151d321306bd7591f7a061abf72d88","name":"admin","image":{"@type":"ImageObject","inLanguage":"it-IT","@id":"https:\/\/secure.gravatar.com\/avatar\/af8f2caf0663124588de48a9380e07cbc95a74ef15b8062d0d39106c32fe3023?s=96&d=mm&r=g","url":"https:\/\/secure.gravatar.com\/avatar\/af8f2caf0663124588de48a9380e07cbc95a74ef15b8062d0d39106c32fe3023?s=96&d=mm&r=g","contentUrl":"https:\/\/secure.gravatar.com\/avatar\/af8f2caf0663124588de48a9380e07cbc95a74ef15b8062d0d39106c32fe3023?s=96&d=mm&r=g","caption":"admin"},"sameAs":["https:\/\/lavocedelpaese.info"],"url":"https:\/\/lavocedelpaese.info\/index.php\/author\/admin\/"}]}},"_links":{"self":[{"href":"https:\/\/lavocedelpaese.info\/index.php\/wp-json\/wp\/v2\/posts\/2058","targetHints":{"allow":["GET"]}}],"collection":[{"href":"https:\/\/lavocedelpaese.info\/index.php\/wp-json\/wp\/v2\/posts"}],"about":[{"href":"https:\/\/lavocedelpaese.info\/index.php\/wp-json\/wp\/v2\/types\/post"}],"author":[{"embeddable":true,"href":"https:\/\/lavocedelpaese.info\/index.php\/wp-json\/wp\/v2\/users\/6"}],"replies":[{"embeddable":true,"href":"https:\/\/lavocedelpaese.info\/index.php\/wp-json\/wp\/v2\/comments?post=2058"}],"version-history":[{"count":1,"href":"https:\/\/lavocedelpaese.info\/index.php\/wp-json\/wp\/v2\/posts\/2058\/revisions"}],"predecessor-version":[{"id":2060,"href":"https:\/\/lavocedelpaese.info\/index.php\/wp-json\/wp\/v2\/posts\/2058\/revisions\/2060"}],"wp:featuredmedia":[{"embeddable":true,"href":"https:\/\/lavocedelpaese.info\/index.php\/wp-json\/wp\/v2\/media\/2059"}],"wp:attachment":[{"href":"https:\/\/lavocedelpaese.info\/index.php\/wp-json\/wp\/v2\/media?parent=2058"}],"wp:term":[{"taxonomy":"category","embeddable":true,"href":"https:\/\/lavocedelpaese.info\/index.php\/wp-json\/wp\/v2\/categories?post=2058"},{"taxonomy":"post_tag","embeddable":true,"href":"https:\/\/lavocedelpaese.info\/index.php\/wp-json\/wp\/v2\/tags?post=2058"}],"curies":[{"name":"wp","href":"https:\/\/api.w.org\/{rel}","templated":true}]}}