{"id":2051,"date":"2024-06-05T06:20:15","date_gmt":"2024-06-05T06:20:15","guid":{"rendered":"https:\/\/lavocedelpaese.info\/?p=2051"},"modified":"2024-06-05T06:20:17","modified_gmt":"2024-06-05T06:20:17","slug":"la-regione-puglia-partecipa-al-polis-leadership-summit-2024-per-promuovere-mobilita-sostenibile-e-sicura","status":"publish","type":"post","link":"https:\/\/lavocedelpaese.info\/index.php\/2024\/06\/05\/la-regione-puglia-partecipa-al-polis-leadership-summit-2024-per-promuovere-mobilita-sostenibile-e-sicura\/","title":{"rendered":"La Regione Puglia Partecipa al POLIS Leadership Summit 2024 per Promuovere Mobilit\u00e0 Sostenibile e Sicura"},"content":{"rendered":"\n<p>Una delegazione dell\u2019Assessorato ai Trasporti e alla Mobilit\u00e0 Sostenibile della Regione Puglia ha partecipato al POLIS Leadership Summit 2024 a Praga. L&#8217;evento, tenutosi il 30 e 31 maggio, ha riunito esperti di mobilit\u00e0 da Europa e Regno Unito per discutere strategie volte a rendere i sistemi di trasporto pi\u00f9 sostenibili, sicuri ed equi. Il summit ha evidenziato l&#8217;importanza di sfruttare al meglio la tecnologia, lo spazio pubblico, gli investimenti e la sicurezza stradale per migliorare la mobilit\u00e0 urbana. Migliorare la sicurezza delle strade \u00e8 cruciale per promuovere l&#8217;uso di forme di mobilit\u00e0 alternative, come camminare e andare in bicicletta, e richiede un ripensamento degli spazi pubblici. POLIS, una rete di citt\u00e0 e regioni europee fondata nel 1989, si impegna a sviluppare soluzioni innovative per il trasporto locale integrando aspetti economici, sociali e ambientali.<\/p>\n\n\n\n<p>La partecipazione della Regione Puglia al POLIS Leadership Summit 2024 a Praga avr\u00e0 significative conseguenze sulla politica dei trasporti regionale e, potenzialmente, su scala nazionale. Questo evento internazionale, che ha riunito esperti di mobilit\u00e0 da tutta Europa e Regno Unito, ha offerto una piattaforma per discutere strategie innovative volte a rendere i sistemi di trasporto pi\u00f9 sostenibili, sicuri ed equi. Le idee e le strategie emerse durante il summit avranno un impatto profondo sulla politica dei trasporti della Puglia, contribuendo a modellare il futuro della mobilit\u00e0 nella regione.<\/p>\n\n\n\n<p>In primo luogo, la partecipazione al summit evidenzia l&#8217;impegno della Regione Puglia verso la mobilit\u00e0 sostenibile. Il focus principale dell&#8217;evento era ottimizzare l&#8217;uso della tecnologia, dello spazio pubblico, degli investimenti e della sicurezza stradale. La regione pu\u00f2 ora integrare queste risorse chiave nelle sue politiche di trasporto, puntando a una mobilit\u00e0 urbana che non solo riduce le emissioni di carbonio ma migliora anche la qualit\u00e0 della vita dei cittadini. Questo comporta l&#8217;adozione di tecnologie avanzate come i sistemi di trasporto intelligente (ITS), che possono migliorare l&#8217;efficienza del traffico e ridurre l&#8217;impatto ambientale.<\/p>\n\n\n\n<p>L&#8217;accento posto sulla sicurezza stradale durante il summit avr\u00e0 ripercussioni significative sulle politiche locali. La sicurezza \u00e8 un prerequisito fondamentale per una mobilit\u00e0 sostenibile; senza strade sicure, i cittadini sono meno inclini a utilizzare forme di trasporto alternativo come la bicicletta o il camminare. La Regione Puglia dovr\u00e0 quindi investire in infrastrutture che migliorino la sicurezza, come piste ciclabili protette, attraversamenti pedonali ben segnalati e sistemi di illuminazione stradale efficienti. Questo non solo incoragger\u00e0 l&#8217;uso di modalit\u00e0 di trasporto pi\u00f9 sostenibili, ma contribuir\u00e0 anche a ridurre gli incidenti stradali.<\/p>\n\n\n\n<p>La partecipazione al summit ha anche sottolineato l&#8217;importanza di ripensare lo spazio pubblico. Per promuovere comportamenti virtuosi in termini di mobilit\u00e0 sostenibile, \u00e8 essenziale che le citt\u00e0 ridisegnino i loro spazi pubblici per renderli pi\u00f9 accessibili e accoglienti per i pedoni e i ciclisti. Questo potrebbe includere la creazione di zone a traffico limitato, aree pedonali e parchi urbani. La Regione Puglia, prendendo ispirazione dalle discussioni avvenute al summit, potrebbe avviare progetti pilota in alcune citt\u00e0 per testare queste nuove configurazioni dello spazio urbano, con l&#8217;obiettivo di estenderle a tutta la regione in caso di successo.<\/p>\n\n\n\n<p>Un altro aspetto cruciale emerso dal summit \u00e8 la necessit\u00e0 di politiche integrate che tengano conto degli aspetti economici, sociali e ambientali della mobilit\u00e0. La Regione Puglia deve quindi adottare un approccio olistico alla pianificazione dei trasporti, considerando l&#8217;impatto delle sue decisioni su tutti questi fronti. Questo significa collaborare strettamente con altri dipartimenti e stakeholders, inclusi i cittadini, le aziende di trasporto pubblico, le organizzazioni non governative e le istituzioni educative. La creazione di un forum permanente per la mobilit\u00e0 sostenibile potrebbe facilitare questo tipo di collaborazione, garantendo che tutte le voci siano ascoltate e che le soluzioni proposte siano inclusive e sostenibili.<\/p>\n\n\n\n<p>L&#8217;investimento in tecnologie innovative \u00e8 un altro punto chiave. La Regione Puglia pu\u00f2 sfruttare le tecnologie emergenti per migliorare l&#8217;efficienza e la sostenibilit\u00e0 dei suoi sistemi di trasporto. Ad esempio, l&#8217;uso di veicoli elettrici e ibridi, l&#8217;implementazione di reti di ricarica per veicoli elettrici, e l&#8217;integrazione di piattaforme digitali per la gestione del traffico possono contribuire a ridurre le emissioni e migliorare la qualit\u00e0 dell&#8217;aria. Inoltre, l&#8217;adozione di soluzioni di smart mobility, come le app per il car-sharing e il bike-sharing, pu\u00f2 rendere pi\u00f9 facile e conveniente per i cittadini scegliere opzioni di trasporto sostenibili.<\/p>\n\n\n\n<p>La partecipazione al summit potrebbe anche influenzare la politica dei trasporti a livello nazionale. Le buone pratiche e le soluzioni innovative adottate dalla Regione Puglia potrebbero servire da modello per altre regioni italiane, promuovendo un approccio coordinato e uniforme alla mobilit\u00e0 sostenibile in tutto il paese. Inoltre, la Puglia potrebbe giocare un ruolo di leadership nel sollecitare la creazione di tavoli nazionali interministeriali per discutere e implementare politiche di trasporto pi\u00f9 sostenibili a livello nazionale. Questo potrebbe includere la revisione delle normative sugli appalti pubblici per garantire che i contratti siano assegnati a operatori che rispettano standard elevati di sostenibilit\u00e0 e sicurezza.<\/p>\n\n\n\n<p>La promozione della mobilit\u00e0 sostenibile ha anche implicazioni economiche positive. Un sistema di trasporto pi\u00f9 efficiente e sostenibile pu\u00f2 stimolare la crescita economica, ridurre i costi sanitari associati all&#8217;inquinamento e agli incidenti stradali, e creare nuovi posti di lavoro nei settori delle tecnologie verdi e della gestione dei trasporti. La Regione Puglia pu\u00f2 attrarre investimenti e fondi europei per progetti di mobilit\u00e0 sostenibile, rafforzando cos\u00ec la sua economia locale.<\/p>\n\n\n\n<p>Infine, la partecipazione al POLIS Leadership Summit offre alla Regione Puglia l&#8217;opportunit\u00e0 di rafforzare le sue relazioni internazionali. Collaborare con altre citt\u00e0 e regioni europee su progetti di mobilit\u00e0 sostenibile pu\u00f2 portare a scambi di conoscenze, tecnologie e migliori pratiche, creando sinergie che beneficiano tutte le parti coinvolte. La Regione Puglia pu\u00f2 diventare un punto di riferimento per l&#8217;innovazione nei trasporti, contribuendo a formare una rete europea pi\u00f9 coesa e sostenibile.<\/p>\n\n\n\n<p>In conclusione, la partecipazione della Regione Puglia al POLIS Leadership Summit 2024 avr\u00e0 conseguenze significative per la politica dei trasporti regionale e oltre. La promozione della mobilit\u00e0 sostenibile, la sicurezza stradale, il ripensamento dello spazio pubblico, l&#8217;integrazione delle politiche e l&#8217;investimento in tecnologie innovative sono tutti aspetti cruciali che guideranno le future strategie della regione. Questi cambiamenti non solo miglioreranno la qualit\u00e0 della vita dei cittadini pugliesi, ma contribuiranno anche a creare un sistema di trasporto pi\u00f9 sostenibile, equo e efficiente. La Regione Puglia, attraverso un impegno costante e collaborativo, pu\u00f2 diventare un modello per altre regioni e citt\u00e0 in Italia e in Europa, dimostrando come la mobilit\u00e0 sostenibile possa essere una realt\u00e0 concreta e vantaggiosa per tutti.<\/p>\n","protected":false},"excerpt":{"rendered":"<p>Una delegazione dell\u2019Assessorato ai Trasporti e alla Mobilit\u00e0 Sostenibile della Regione Puglia ha partecipato al POLIS Leadership Summit 2024 a<\/p>\n","protected":false},"author":6,"featured_media":2052,"comment_status":"open","ping_status":"closed","sticky":false,"template":"","format":"standard","meta":{"colormag_page_container_layout":"default_layout","colormag_page_sidebar_layout":"default_layout","footnotes":""},"categories":[2,33],"tags":[],"class_list":["post-2051","post","type-post","status-publish","format-standard","has-post-thumbnail","hentry","category-attualita","category-network"],"yoast_head":"<!-- This site is optimized with the Yoast SEO plugin v27.5 - https:\/\/yoast.com\/product\/yoast-seo-wordpress\/ -->\n<title>La Regione Puglia Partecipa al POLIS Leadership Summit 2024 per Promuovere Mobilit\u00e0 Sostenibile e Sicura - La Voce del Paese<\/title>\n<meta name=\"robots\" content=\"index, follow, max-snippet:-1, max-image-preview:large, max-video-preview:-1\" \/>\n<link rel=\"canonical\" href=\"https:\/\/lavocedelpaese.info\/index.php\/2024\/06\/05\/la-regione-puglia-partecipa-al-polis-leadership-summit-2024-per-promuovere-mobilita-sostenibile-e-sicura\/\" \/>\n<meta property=\"og:locale\" content=\"it_IT\" \/>\n<meta property=\"og:type\" content=\"article\" \/>\n<meta property=\"og:title\" content=\"La Regione Puglia Partecipa al POLIS Leadership Summit 2024 per Promuovere Mobilit\u00e0 Sostenibile e Sicura - La Voce del Paese\" \/>\n<meta property=\"og:description\" content=\"Una delegazione dell\u2019Assessorato ai Trasporti e alla Mobilit\u00e0 Sostenibile della Regione Puglia ha partecipato al POLIS Leadership Summit 2024 a\" \/>\n<meta property=\"og:url\" content=\"https:\/\/lavocedelpaese.info\/index.php\/2024\/06\/05\/la-regione-puglia-partecipa-al-polis-leadership-summit-2024-per-promuovere-mobilita-sostenibile-e-sicura\/\" \/>\n<meta property=\"og:site_name\" content=\"La Voce del Paese\" \/>\n<meta property=\"article:publisher\" content=\"https:\/\/www.facebook.com\/lavocedelpaese.info\" \/>\n<meta property=\"article:published_time\" content=\"2024-06-05T06:20:15+00:00\" \/>\n<meta property=\"article:modified_time\" content=\"2024-06-05T06:20:17+00:00\" \/>\n<meta property=\"og:image\" content=\"https:\/\/lavocedelpaese.info\/wp-content\/uploads\/2024\/06\/mobilita.jpg\" \/>\n\t<meta property=\"og:image:width\" content=\"971\" \/>\n\t<meta property=\"og:image:height\" content=\"563\" \/>\n\t<meta property=\"og:image:type\" content=\"image\/jpeg\" \/>\n<meta name=\"author\" content=\"admin\" \/>\n<meta name=\"twitter:card\" content=\"summary_large_image\" \/>\n<meta name=\"twitter:label1\" content=\"Scritto da\" \/>\n\t<meta name=\"twitter:data1\" content=\"admin\" \/>\n\t<meta name=\"twitter:label2\" content=\"Tempo di lettura stimato\" \/>\n\t<meta name=\"twitter:data2\" content=\"5 minuti\" \/>\n<script type=\"application\/ld+json\" class=\"yoast-schema-graph\">{\"@context\":\"https:\\\/\\\/schema.org\",\"@graph\":[{\"@type\":\"Article\",\"@id\":\"https:\\\/\\\/lavocedelpaese.info\\\/index.php\\\/2024\\\/06\\\/05\\\/la-regione-puglia-partecipa-al-polis-leadership-summit-2024-per-promuovere-mobilita-sostenibile-e-sicura\\\/#article\",\"isPartOf\":{\"@id\":\"https:\\\/\\\/lavocedelpaese.info\\\/index.php\\\/2024\\\/06\\\/05\\\/la-regione-puglia-partecipa-al-polis-leadership-summit-2024-per-promuovere-mobilita-sostenibile-e-sicura\\\/\"},\"author\":{\"name\":\"admin\",\"@id\":\"https:\\\/\\\/lavocedelpaese.info\\\/#\\\/schema\\\/person\\\/ec151d321306bd7591f7a061abf72d88\"},\"headline\":\"La Regione Puglia Partecipa al POLIS Leadership Summit 2024 per Promuovere Mobilit\u00e0 Sostenibile e Sicura\",\"datePublished\":\"2024-06-05T06:20:15+00:00\",\"dateModified\":\"2024-06-05T06:20:17+00:00\",\"mainEntityOfPage\":{\"@id\":\"https:\\\/\\\/lavocedelpaese.info\\\/index.php\\\/2024\\\/06\\\/05\\\/la-regione-puglia-partecipa-al-polis-leadership-summit-2024-per-promuovere-mobilita-sostenibile-e-sicura\\\/\"},\"wordCount\":1086,\"commentCount\":0,\"publisher\":{\"@id\":\"https:\\\/\\\/lavocedelpaese.info\\\/#organization\"},\"image\":{\"@id\":\"https:\\\/\\\/lavocedelpaese.info\\\/index.php\\\/2024\\\/06\\\/05\\\/la-regione-puglia-partecipa-al-polis-leadership-summit-2024-per-promuovere-mobilita-sostenibile-e-sicura\\\/#primaryimage\"},\"thumbnailUrl\":\"https:\\\/\\\/lavocedelpaese.info\\\/wp-content\\\/uploads\\\/2024\\\/06\\\/mobilita.jpg\",\"articleSection\":[\"Attualit\u00e0\",\"network\"],\"inLanguage\":\"it-IT\",\"potentialAction\":[{\"@type\":\"CommentAction\",\"name\":\"Comment\",\"target\":[\"https:\\\/\\\/lavocedelpaese.info\\\/index.php\\\/2024\\\/06\\\/05\\\/la-regione-puglia-partecipa-al-polis-leadership-summit-2024-per-promuovere-mobilita-sostenibile-e-sicura\\\/#respond\"]}]},{\"@type\":\"WebPage\",\"@id\":\"https:\\\/\\\/lavocedelpaese.info\\\/index.php\\\/2024\\\/06\\\/05\\\/la-regione-puglia-partecipa-al-polis-leadership-summit-2024-per-promuovere-mobilita-sostenibile-e-sicura\\\/\",\"url\":\"https:\\\/\\\/lavocedelpaese.info\\\/index.php\\\/2024\\\/06\\\/05\\\/la-regione-puglia-partecipa-al-polis-leadership-summit-2024-per-promuovere-mobilita-sostenibile-e-sicura\\\/\",\"name\":\"La Regione Puglia Partecipa al POLIS Leadership Summit 2024 per Promuovere Mobilit\u00e0 Sostenibile e Sicura - La Voce del Paese\",\"isPartOf\":{\"@id\":\"https:\\\/\\\/lavocedelpaese.info\\\/#website\"},\"primaryImageOfPage\":{\"@id\":\"https:\\\/\\\/lavocedelpaese.info\\\/index.php\\\/2024\\\/06\\\/05\\\/la-regione-puglia-partecipa-al-polis-leadership-summit-2024-per-promuovere-mobilita-sostenibile-e-sicura\\\/#primaryimage\"},\"image\":{\"@id\":\"https:\\\/\\\/lavocedelpaese.info\\\/index.php\\\/2024\\\/06\\\/05\\\/la-regione-puglia-partecipa-al-polis-leadership-summit-2024-per-promuovere-mobilita-sostenibile-e-sicura\\\/#primaryimage\"},\"thumbnailUrl\":\"https:\\\/\\\/lavocedelpaese.info\\\/wp-content\\\/uploads\\\/2024\\\/06\\\/mobilita.jpg\",\"datePublished\":\"2024-06-05T06:20:15+00:00\",\"dateModified\":\"2024-06-05T06:20:17+00:00\",\"breadcrumb\":{\"@id\":\"https:\\\/\\\/lavocedelpaese.info\\\/index.php\\\/2024\\\/06\\\/05\\\/la-regione-puglia-partecipa-al-polis-leadership-summit-2024-per-promuovere-mobilita-sostenibile-e-sicura\\\/#breadcrumb\"},\"inLanguage\":\"it-IT\",\"potentialAction\":[{\"@type\":\"ReadAction\",\"target\":[\"https:\\\/\\\/lavocedelpaese.info\\\/index.php\\\/2024\\\/06\\\/05\\\/la-regione-puglia-partecipa-al-polis-leadership-summit-2024-per-promuovere-mobilita-sostenibile-e-sicura\\\/\"]}]},{\"@type\":\"ImageObject\",\"inLanguage\":\"it-IT\",\"@id\":\"https:\\\/\\\/lavocedelpaese.info\\\/index.php\\\/2024\\\/06\\\/05\\\/la-regione-puglia-partecipa-al-polis-leadership-summit-2024-per-promuovere-mobilita-sostenibile-e-sicura\\\/#primaryimage\",\"url\":\"https:\\\/\\\/lavocedelpaese.info\\\/wp-content\\\/uploads\\\/2024\\\/06\\\/mobilita.jpg\",\"contentUrl\":\"https:\\\/\\\/lavocedelpaese.info\\\/wp-content\\\/uploads\\\/2024\\\/06\\\/mobilita.jpg\",\"width\":971,\"height\":563},{\"@type\":\"BreadcrumbList\",\"@id\":\"https:\\\/\\\/lavocedelpaese.info\\\/index.php\\\/2024\\\/06\\\/05\\\/la-regione-puglia-partecipa-al-polis-leadership-summit-2024-per-promuovere-mobilita-sostenibile-e-sicura\\\/#breadcrumb\",\"itemListElement\":[{\"@type\":\"ListItem\",\"position\":1,\"name\":\"Home\",\"item\":\"https:\\\/\\\/lavocedelpaese.info\\\/\"},{\"@type\":\"ListItem\",\"position\":2,\"name\":\"La Regione Puglia Partecipa al POLIS Leadership Summit 2024 per Promuovere Mobilit\u00e0 Sostenibile e Sicura\"}]},{\"@type\":\"WebSite\",\"@id\":\"https:\\\/\\\/lavocedelpaese.info\\\/#website\",\"url\":\"https:\\\/\\\/lavocedelpaese.info\\\/\",\"name\":\"La Voce del Paese\",\"description\":\"Un network di idee\",\"publisher\":{\"@id\":\"https:\\\/\\\/lavocedelpaese.info\\\/#organization\"},\"potentialAction\":[{\"@type\":\"SearchAction\",\"target\":{\"@type\":\"EntryPoint\",\"urlTemplate\":\"https:\\\/\\\/lavocedelpaese.info\\\/?s={search_term_string}\"},\"query-input\":{\"@type\":\"PropertyValueSpecification\",\"valueRequired\":true,\"valueName\":\"search_term_string\"}}],\"inLanguage\":\"it-IT\"},{\"@type\":\"Organization\",\"@id\":\"https:\\\/\\\/lavocedelpaese.info\\\/#organization\",\"name\":\"La Voce del Paese\",\"url\":\"https:\\\/\\\/lavocedelpaese.info\\\/\",\"logo\":{\"@type\":\"ImageObject\",\"inLanguage\":\"it-IT\",\"@id\":\"https:\\\/\\\/lavocedelpaese.info\\\/#\\\/schema\\\/logo\\\/image\\\/\",\"url\":\"https:\\\/\\\/lavocedelpaese.info\\\/wp-content\\\/uploads\\\/2023\\\/01\\\/cropped-logo-150-127.png\",\"contentUrl\":\"https:\\\/\\\/lavocedelpaese.info\\\/wp-content\\\/uploads\\\/2023\\\/01\\\/cropped-logo-150-127.png\",\"width\":137,\"height\":119,\"caption\":\"La Voce del Paese\"},\"image\":{\"@id\":\"https:\\\/\\\/lavocedelpaese.info\\\/#\\\/schema\\\/logo\\\/image\\\/\"},\"sameAs\":[\"https:\\\/\\\/www.facebook.com\\\/lavocedelpaese.info\"]},{\"@type\":\"Person\",\"@id\":\"https:\\\/\\\/lavocedelpaese.info\\\/#\\\/schema\\\/person\\\/ec151d321306bd7591f7a061abf72d88\",\"name\":\"admin\",\"image\":{\"@type\":\"ImageObject\",\"inLanguage\":\"it-IT\",\"@id\":\"https:\\\/\\\/secure.gravatar.com\\\/avatar\\\/af8f2caf0663124588de48a9380e07cbc95a74ef15b8062d0d39106c32fe3023?s=96&d=mm&r=g\",\"url\":\"https:\\\/\\\/secure.gravatar.com\\\/avatar\\\/af8f2caf0663124588de48a9380e07cbc95a74ef15b8062d0d39106c32fe3023?s=96&d=mm&r=g\",\"contentUrl\":\"https:\\\/\\\/secure.gravatar.com\\\/avatar\\\/af8f2caf0663124588de48a9380e07cbc95a74ef15b8062d0d39106c32fe3023?s=96&d=mm&r=g\",\"caption\":\"admin\"},\"sameAs\":[\"https:\\\/\\\/lavocedelpaese.info\"],\"url\":\"https:\\\/\\\/lavocedelpaese.info\\\/index.php\\\/author\\\/admin\\\/\"}]}<\/script>\n<!-- \/ Yoast SEO plugin. -->","yoast_head_json":{"title":"La Regione Puglia Partecipa al POLIS Leadership Summit 2024 per Promuovere Mobilit\u00e0 Sostenibile e Sicura - La Voce del Paese","robots":{"index":"index","follow":"follow","max-snippet":"max-snippet:-1","max-image-preview":"max-image-preview:large","max-video-preview":"max-video-preview:-1"},"canonical":"https:\/\/lavocedelpaese.info\/index.php\/2024\/06\/05\/la-regione-puglia-partecipa-al-polis-leadership-summit-2024-per-promuovere-mobilita-sostenibile-e-sicura\/","og_locale":"it_IT","og_type":"article","og_title":"La Regione Puglia Partecipa al POLIS Leadership Summit 2024 per Promuovere Mobilit\u00e0 Sostenibile e Sicura - La Voce del Paese","og_description":"Una delegazione dell\u2019Assessorato ai Trasporti e alla Mobilit\u00e0 Sostenibile della Regione Puglia ha partecipato al POLIS Leadership Summit 2024 a","og_url":"https:\/\/lavocedelpaese.info\/index.php\/2024\/06\/05\/la-regione-puglia-partecipa-al-polis-leadership-summit-2024-per-promuovere-mobilita-sostenibile-e-sicura\/","og_site_name":"La Voce del Paese","article_publisher":"https:\/\/www.facebook.com\/lavocedelpaese.info","article_published_time":"2024-06-05T06:20:15+00:00","article_modified_time":"2024-06-05T06:20:17+00:00","og_image":[{"width":971,"height":563,"url":"https:\/\/lavocedelpaese.info\/wp-content\/uploads\/2024\/06\/mobilita.jpg","type":"image\/jpeg"}],"author":"admin","twitter_card":"summary_large_image","twitter_misc":{"Scritto da":"admin","Tempo di lettura stimato":"5 minuti"},"schema":{"@context":"https:\/\/schema.org","@graph":[{"@type":"Article","@id":"https:\/\/lavocedelpaese.info\/index.php\/2024\/06\/05\/la-regione-puglia-partecipa-al-polis-leadership-summit-2024-per-promuovere-mobilita-sostenibile-e-sicura\/#article","isPartOf":{"@id":"https:\/\/lavocedelpaese.info\/index.php\/2024\/06\/05\/la-regione-puglia-partecipa-al-polis-leadership-summit-2024-per-promuovere-mobilita-sostenibile-e-sicura\/"},"author":{"name":"admin","@id":"https:\/\/lavocedelpaese.info\/#\/schema\/person\/ec151d321306bd7591f7a061abf72d88"},"headline":"La Regione Puglia Partecipa al POLIS Leadership Summit 2024 per Promuovere Mobilit\u00e0 Sostenibile e Sicura","datePublished":"2024-06-05T06:20:15+00:00","dateModified":"2024-06-05T06:20:17+00:00","mainEntityOfPage":{"@id":"https:\/\/lavocedelpaese.info\/index.php\/2024\/06\/05\/la-regione-puglia-partecipa-al-polis-leadership-summit-2024-per-promuovere-mobilita-sostenibile-e-sicura\/"},"wordCount":1086,"commentCount":0,"publisher":{"@id":"https:\/\/lavocedelpaese.info\/#organization"},"image":{"@id":"https:\/\/lavocedelpaese.info\/index.php\/2024\/06\/05\/la-regione-puglia-partecipa-al-polis-leadership-summit-2024-per-promuovere-mobilita-sostenibile-e-sicura\/#primaryimage"},"thumbnailUrl":"https:\/\/lavocedelpaese.info\/wp-content\/uploads\/2024\/06\/mobilita.jpg","articleSection":["Attualit\u00e0","network"],"inLanguage":"it-IT","potentialAction":[{"@type":"CommentAction","name":"Comment","target":["https:\/\/lavocedelpaese.info\/index.php\/2024\/06\/05\/la-regione-puglia-partecipa-al-polis-leadership-summit-2024-per-promuovere-mobilita-sostenibile-e-sicura\/#respond"]}]},{"@type":"WebPage","@id":"https:\/\/lavocedelpaese.info\/index.php\/2024\/06\/05\/la-regione-puglia-partecipa-al-polis-leadership-summit-2024-per-promuovere-mobilita-sostenibile-e-sicura\/","url":"https:\/\/lavocedelpaese.info\/index.php\/2024\/06\/05\/la-regione-puglia-partecipa-al-polis-leadership-summit-2024-per-promuovere-mobilita-sostenibile-e-sicura\/","name":"La Regione Puglia Partecipa al POLIS Leadership Summit 2024 per Promuovere Mobilit\u00e0 Sostenibile e Sicura - La Voce del Paese","isPartOf":{"@id":"https:\/\/lavocedelpaese.info\/#website"},"primaryImageOfPage":{"@id":"https:\/\/lavocedelpaese.info\/index.php\/2024\/06\/05\/la-regione-puglia-partecipa-al-polis-leadership-summit-2024-per-promuovere-mobilita-sostenibile-e-sicura\/#primaryimage"},"image":{"@id":"https:\/\/lavocedelpaese.info\/index.php\/2024\/06\/05\/la-regione-puglia-partecipa-al-polis-leadership-summit-2024-per-promuovere-mobilita-sostenibile-e-sicura\/#primaryimage"},"thumbnailUrl":"https:\/\/lavocedelpaese.info\/wp-content\/uploads\/2024\/06\/mobilita.jpg","datePublished":"2024-06-05T06:20:15+00:00","dateModified":"2024-06-05T06:20:17+00:00","breadcrumb":{"@id":"https:\/\/lavocedelpaese.info\/index.php\/2024\/06\/05\/la-regione-puglia-partecipa-al-polis-leadership-summit-2024-per-promuovere-mobilita-sostenibile-e-sicura\/#breadcrumb"},"inLanguage":"it-IT","potentialAction":[{"@type":"ReadAction","target":["https:\/\/lavocedelpaese.info\/index.php\/2024\/06\/05\/la-regione-puglia-partecipa-al-polis-leadership-summit-2024-per-promuovere-mobilita-sostenibile-e-sicura\/"]}]},{"@type":"ImageObject","inLanguage":"it-IT","@id":"https:\/\/lavocedelpaese.info\/index.php\/2024\/06\/05\/la-regione-puglia-partecipa-al-polis-leadership-summit-2024-per-promuovere-mobilita-sostenibile-e-sicura\/#primaryimage","url":"https:\/\/lavocedelpaese.info\/wp-content\/uploads\/2024\/06\/mobilita.jpg","contentUrl":"https:\/\/lavocedelpaese.info\/wp-content\/uploads\/2024\/06\/mobilita.jpg","width":971,"height":563},{"@type":"BreadcrumbList","@id":"https:\/\/lavocedelpaese.info\/index.php\/2024\/06\/05\/la-regione-puglia-partecipa-al-polis-leadership-summit-2024-per-promuovere-mobilita-sostenibile-e-sicura\/#breadcrumb","itemListElement":[{"@type":"ListItem","position":1,"name":"Home","item":"https:\/\/lavocedelpaese.info\/"},{"@type":"ListItem","position":2,"name":"La Regione Puglia Partecipa al POLIS Leadership Summit 2024 per Promuovere Mobilit\u00e0 Sostenibile e Sicura"}]},{"@type":"WebSite","@id":"https:\/\/lavocedelpaese.info\/#website","url":"https:\/\/lavocedelpaese.info\/","name":"La Voce del Paese","description":"Un network di idee","publisher":{"@id":"https:\/\/lavocedelpaese.info\/#organization"},"potentialAction":[{"@type":"SearchAction","target":{"@type":"EntryPoint","urlTemplate":"https:\/\/lavocedelpaese.info\/?s={search_term_string}"},"query-input":{"@type":"PropertyValueSpecification","valueRequired":true,"valueName":"search_term_string"}}],"inLanguage":"it-IT"},{"@type":"Organization","@id":"https:\/\/lavocedelpaese.info\/#organization","name":"La Voce del Paese","url":"https:\/\/lavocedelpaese.info\/","logo":{"@type":"ImageObject","inLanguage":"it-IT","@id":"https:\/\/lavocedelpaese.info\/#\/schema\/logo\/image\/","url":"https:\/\/lavocedelpaese.info\/wp-content\/uploads\/2023\/01\/cropped-logo-150-127.png","contentUrl":"https:\/\/lavocedelpaese.info\/wp-content\/uploads\/2023\/01\/cropped-logo-150-127.png","width":137,"height":119,"caption":"La Voce del Paese"},"image":{"@id":"https:\/\/lavocedelpaese.info\/#\/schema\/logo\/image\/"},"sameAs":["https:\/\/www.facebook.com\/lavocedelpaese.info"]},{"@type":"Person","@id":"https:\/\/lavocedelpaese.info\/#\/schema\/person\/ec151d321306bd7591f7a061abf72d88","name":"admin","image":{"@type":"ImageObject","inLanguage":"it-IT","@id":"https:\/\/secure.gravatar.com\/avatar\/af8f2caf0663124588de48a9380e07cbc95a74ef15b8062d0d39106c32fe3023?s=96&d=mm&r=g","url":"https:\/\/secure.gravatar.com\/avatar\/af8f2caf0663124588de48a9380e07cbc95a74ef15b8062d0d39106c32fe3023?s=96&d=mm&r=g","contentUrl":"https:\/\/secure.gravatar.com\/avatar\/af8f2caf0663124588de48a9380e07cbc95a74ef15b8062d0d39106c32fe3023?s=96&d=mm&r=g","caption":"admin"},"sameAs":["https:\/\/lavocedelpaese.info"],"url":"https:\/\/lavocedelpaese.info\/index.php\/author\/admin\/"}]}},"_links":{"self":[{"href":"https:\/\/lavocedelpaese.info\/index.php\/wp-json\/wp\/v2\/posts\/2051","targetHints":{"allow":["GET"]}}],"collection":[{"href":"https:\/\/lavocedelpaese.info\/index.php\/wp-json\/wp\/v2\/posts"}],"about":[{"href":"https:\/\/lavocedelpaese.info\/index.php\/wp-json\/wp\/v2\/types\/post"}],"author":[{"embeddable":true,"href":"https:\/\/lavocedelpaese.info\/index.php\/wp-json\/wp\/v2\/users\/6"}],"replies":[{"embeddable":true,"href":"https:\/\/lavocedelpaese.info\/index.php\/wp-json\/wp\/v2\/comments?post=2051"}],"version-history":[{"count":1,"href":"https:\/\/lavocedelpaese.info\/index.php\/wp-json\/wp\/v2\/posts\/2051\/revisions"}],"predecessor-version":[{"id":2053,"href":"https:\/\/lavocedelpaese.info\/index.php\/wp-json\/wp\/v2\/posts\/2051\/revisions\/2053"}],"wp:featuredmedia":[{"embeddable":true,"href":"https:\/\/lavocedelpaese.info\/index.php\/wp-json\/wp\/v2\/media\/2052"}],"wp:attachment":[{"href":"https:\/\/lavocedelpaese.info\/index.php\/wp-json\/wp\/v2\/media?parent=2051"}],"wp:term":[{"taxonomy":"category","embeddable":true,"href":"https:\/\/lavocedelpaese.info\/index.php\/wp-json\/wp\/v2\/categories?post=2051"},{"taxonomy":"post_tag","embeddable":true,"href":"https:\/\/lavocedelpaese.info\/index.php\/wp-json\/wp\/v2\/tags?post=2051"}],"curies":[{"name":"wp","href":"https:\/\/api.w.org\/{rel}","templated":true}]}}